{"id":38597,"date":"2022-05-07T18:01:18","date_gmt":"2022-05-07T21:01:18","guid":{"rendered":"http:\/\/noticiasemdestaque.com\/cd\/?p=38597"},"modified":"2022-05-07T18:01:18","modified_gmt":"2022-05-07T21:01:18","slug":"parceria-do-presidente-da-camara-de-sume-possibilita-a-oferta-de-cursos-profissionalizantes","status":"publish","type":"post","link":"https:\/\/noticiasemdestaque.com\/cd\/?p=38597","title":{"rendered":"Parceria do presidente da C\u00e2mara de Sum\u00e9 possibilita a oferta de cursos profissionalizantes"},"content":{"rendered":"<p aria-level=\"1\">\n<p aria-level=\"1\"><span data-contrast=\"none\">Atrav\u00e9s da parceria do presidente da C\u00e2mara de Vereadores de Sum\u00e9, Ant\u00f4nio Carlos Sarmento, o munic\u00edpio mais uma vez ser\u00e1 contemplado com cursos profissionalizantes. <\/span><span data-ccp-props=\"{&quot;201341983&quot;:0,&quot;335559738&quot;:240,&quot;335559739&quot;:0,&quot;335559740&quot;:259}\">\u00a0<\/span><\/p>\n<p aria-level=\"1\"><a href=\"https:\/\/noticiasemdestaque.com\/cd\/wp-content\/uploads\/2022\/05\/AC-1.jpg\"><img fetchpriority=\"high\" decoding=\"async\" class=\"size-medium wp-image-38598 aligncenter\" src=\"https:\/\/noticiasemdestaque.com\/cd\/wp-content\/uploads\/2022\/05\/AC-1-300x300.jpg\" alt=\"\" width=\"300\" height=\"300\" srcset=\"https:\/\/noticiasemdestaque.com\/cd\/wp-content\/uploads\/2022\/05\/AC-1-300x300.jpg 300w, https:\/\/noticiasemdestaque.com\/cd\/wp-content\/uploads\/2022\/05\/AC-1-150x150.jpg 150w, https:\/\/noticiasemdestaque.com\/cd\/wp-content\/uploads\/2022\/05\/AC-1.jpg 720w\" sizes=\"(max-width: 300px) 100vw, 300px\" \/><\/a><\/p>\n<p aria-level=\"1\"><span data-contrast=\"none\">Como a primeira etapa foi um sucesso, Ant\u00f4nio Carlos refor\u00e7ou a parceria com o grupo CARAVELA, possibilitando mais oportunidades para a popula\u00e7\u00e3o. <\/span><span data-ccp-props=\"{&quot;201341983&quot;:0,&quot;335559738&quot;:240,&quot;335559739&quot;:0,&quot;335559740&quot;:259}\">\u00a0<\/span><\/p>\n<p aria-level=\"1\"><span data-contrast=\"none\">O vereador Ant\u00f4nio Carlos refor\u00e7ou seu compromisso com a educa\u00e7\u00e3o. \u201cSempre serei um grande incentivador da educa\u00e7\u00e3o e profissionaliza\u00e7\u00e3o dos jovens e adultos da nossa querida cidade\u201d, disse. <\/span><span data-ccp-props=\"{&quot;201341983&quot;:0,&quot;335559738&quot;:240,&quot;335559739&quot;:0,&quot;335559740&quot;:259}\">\u00a0<\/span><\/p>\n<p aria-level=\"1\"><span data-contrast=\"none\">CONFIRA OS CURSOS PROFISSIONALIZANTE EAD DISPON\u00cdVEIS: <\/span><span data-ccp-props=\"{&quot;201341983&quot;:0,&quot;335559738&quot;:240,&quot;335559739&quot;:0,&quot;335559740&quot;:259}\">\u00a0<\/span><\/p>\n<p aria-level=\"1\"><span data-contrast=\"none\">Grade com 20 Cursos Profissionalizante, contendo os seguintes cursos: <\/span><span data-ccp-props=\"{&quot;201341983&quot;:0,&quot;335559738&quot;:240,&quot;335559739&quot;:0,&quot;335559740&quot;:259}\">\u00a0<\/span><\/p>\n<p aria-level=\"1\"><span data-contrast=\"none\">&#8211; Apresenta\u00e7\u00e3o Pessoal <\/span><span data-ccp-props=\"{&quot;201341983&quot;:0,&quot;335559738&quot;:240,&quot;335559739&quot;:0,&quot;335559740&quot;:259}\">\u00a0<\/span><\/p>\n<p aria-level=\"1\"><span data-contrast=\"none\">&#8211; Ingl\u00eas B\u00e1sico <\/span><span data-ccp-props=\"{&quot;201341983&quot;:0,&quot;335559738&quot;:240,&quot;335559739&quot;:0,&quot;335559740&quot;:259}\">\u00a0<\/span><\/p>\n<p aria-level=\"1\"><span data-contrast=\"none\">&#8211; Ingl\u00eas Avan\u00e7ado <\/span><span data-ccp-props=\"{&quot;201341983&quot;:0,&quot;335559738&quot;:240,&quot;335559739&quot;:0,&quot;335559740&quot;:259}\">\u00a0<\/span><\/p>\n<p aria-level=\"1\"><span data-contrast=\"none\">&#8211; Rotinas Administrativas <\/span><span data-ccp-props=\"{&quot;201341983&quot;:0,&quot;335559738&quot;:240,&quot;335559739&quot;:0,&quot;335559740&quot;:259}\">\u00a0<\/span><\/p>\n<p aria-level=\"1\"><span data-contrast=\"none\">&#8211; Marketing Comercial <\/span><span data-ccp-props=\"{&quot;201341983&quot;:0,&quot;335559738&quot;:240,&quot;335559739&quot;:0,&quot;335559740&quot;:259}\">\u00a0<\/span><\/p>\n<p aria-level=\"1\"><span data-contrast=\"none\">&#8211; Telemarketing <\/span><span data-ccp-props=\"{&quot;201341983&quot;:0,&quot;335559738&quot;:240,&quot;335559739&quot;:0,&quot;335559740&quot;:259}\">\u00a0<\/span><\/p>\n<p aria-level=\"1\"><span data-contrast=\"none\">&#8211; Atendimento Banc\u00e1rio <\/span><span data-ccp-props=\"{&quot;201341983&quot;:0,&quot;335559738&quot;:240,&quot;335559739&quot;:0,&quot;335559740&quot;:259}\">\u00a0<\/span><\/p>\n<p aria-level=\"1\"><span data-contrast=\"none\">&#8211; Cuidador de Idosos <\/span><span data-ccp-props=\"{&quot;201341983&quot;:0,&quot;335559738&quot;:240,&quot;335559739&quot;:0,&quot;335559740&quot;:259}\">\u00a0<\/span><\/p>\n<p aria-level=\"1\"><span data-contrast=\"none\">&#8211; Recursos Humanos <\/span><span data-ccp-props=\"{&quot;201341983&quot;:0,&quot;335559738&quot;:240,&quot;335559739&quot;:0,&quot;335559740&quot;:259}\">\u00a0<\/span><\/p>\n<p aria-level=\"1\"><span data-contrast=\"none\">&#8211; Atendimento Hospitalar <\/span><span data-ccp-props=\"{&quot;201341983&quot;:0,&quot;335559738&quot;:240,&quot;335559739&quot;:0,&quot;335559740&quot;:259}\">\u00a0<\/span><\/p>\n<p aria-level=\"1\"><span data-contrast=\"none\">&#8211; Atendente de Farm\u00e1cia <\/span><span data-ccp-props=\"{&quot;201341983&quot;:0,&quot;335559738&quot;:240,&quot;335559739&quot;:0,&quot;335559740&quot;:259}\">\u00a0<\/span><\/p>\n<p aria-level=\"1\"><span data-contrast=\"none\">&#8211; Curso de Unhas em Gel <\/span><span data-ccp-props=\"{&quot;201341983&quot;:0,&quot;335559738&quot;:240,&quot;335559739&quot;:0,&quot;335559740&quot;:259}\">\u00a0<\/span><\/p>\n<p aria-level=\"1\"><span data-contrast=\"none\">&#8211; Curso de Bolo Red Velvet <\/span><span data-ccp-props=\"{&quot;201341983&quot;:0,&quot;335559738&quot;:240,&quot;335559739&quot;:0,&quot;335559740&quot;:259}\">\u00a0<\/span><\/p>\n<p aria-level=\"1\"><span data-contrast=\"none\">&#8211; Curso de Tran\u00e7as Nag\u00f4 <\/span><span data-ccp-props=\"{&quot;201341983&quot;:0,&quot;335559738&quot;:240,&quot;335559739&quot;:0,&quot;335559740&quot;:259}\">\u00a0<\/span><\/p>\n<p aria-level=\"1\"><span data-contrast=\"none\">&#8211; Curso de Primeiros Socorros <\/span><span data-ccp-props=\"{&quot;201341983&quot;:0,&quot;335559738&quot;:240,&quot;335559739&quot;:0,&quot;335559740&quot;:259}\">\u00a0<\/span><\/p>\n<p aria-level=\"1\"><span data-contrast=\"none\">&#8211; Curso de Sa\u00fade da Mulher <\/span><span data-ccp-props=\"{&quot;201341983&quot;:0,&quot;335559738&quot;:240,&quot;335559739&quot;:0,&quot;335559740&quot;:259}\">\u00a0<\/span><\/p>\n<p aria-level=\"1\"><span data-contrast=\"none\">&#8211; Curso de La\u00e7os <\/span><span data-ccp-props=\"{&quot;201341983&quot;:0,&quot;335559738&quot;:240,&quot;335559739&quot;:0,&quot;335559740&quot;:259}\">\u00a0<\/span><\/p>\n<p aria-level=\"1\"><span data-contrast=\"none\">&#8211; Curso de Feridas e Curativos <\/span><span data-ccp-props=\"{&quot;201341983&quot;:0,&quot;335559738&quot;:240,&quot;335559739&quot;:0,&quot;335559740&quot;:259}\">\u00a0<\/span><\/p>\n<p aria-level=\"1\"><span data-contrast=\"none\">&#8211; Vendas e Persuas\u00e3o <\/span><span data-ccp-props=\"{&quot;201341983&quot;:0,&quot;335559738&quot;:240,&quot;335559739&quot;:0,&quot;335559740&quot;:259}\">\u00a0<\/span><\/p>\n<p aria-level=\"1\"><span data-contrast=\"none\">&#8211; Chocolates <\/span><span data-ccp-props=\"{&quot;201341983&quot;:0,&quot;335559738&quot;:240,&quot;335559739&quot;:0,&quot;335559740&quot;:259}\">\u00a0<\/span><\/p>\n<p aria-level=\"1\"><a href=\"https:\/\/noticiasemdestaque.com\/cd\/wp-content\/uploads\/2022\/05\/AC-3.jpg\"><img decoding=\"async\" class=\"alignnone size-medium wp-image-38600\" src=\"https:\/\/noticiasemdestaque.com\/cd\/wp-content\/uploads\/2022\/05\/AC-3-300x300.jpg\" alt=\"\" width=\"300\" height=\"300\" srcset=\"https:\/\/noticiasemdestaque.com\/cd\/wp-content\/uploads\/2022\/05\/AC-3-300x300.jpg 300w, https:\/\/noticiasemdestaque.com\/cd\/wp-content\/uploads\/2022\/05\/AC-3-150x150.jpg 150w, https:\/\/noticiasemdestaque.com\/cd\/wp-content\/uploads\/2022\/05\/AC-3-768x768.jpg 768w, https:\/\/noticiasemdestaque.com\/cd\/wp-content\/uploads\/2022\/05\/AC-3.jpg 1000w\" sizes=\"(max-width: 300px) 100vw, 300px\" \/><\/a><\/p>\n<p aria-level=\"1\"><span data-contrast=\"none\">Para mais informa\u00e7\u00f5es entrar em contato: (81) 99434-3642, atrav\u00e9s da parceria com Ant\u00f4nio Carlos, a popula\u00e7\u00e3o n\u00e3o pagar\u00e1 mensalidade, nem o certificado. Pagar\u00e1 apenas uma taxa m\u00ednima de matr\u00edcula, no valor de 38,90, que dar\u00e1 acesso a mais de 10 cursos EAD <\/span><span data-ccp-props=\"{&quot;201341983&quot;:0,&quot;335559738&quot;:240,&quot;335559739&quot;:0,&quot;335559740&quot;:259}\">\u00a0<\/span><\/p>\n<p aria-level=\"1\"><span data-contrast=\"none\">Ascom\/C\u00e2mara<\/span><span data-ccp-props=\"{&quot;201341983&quot;:0,&quot;335559738&quot;:240,&quot;335559739&quot;:0,&quot;335559740&quot;:259}\">\u00a0<\/span><\/p>\n<p><span data-ccp-props=\"{&quot;201341983&quot;:1,&quot;335559739&quot;:160,&quot;335559740&quot;:275}\">\u00a0<\/span><\/p>\n","protected":false},"excerpt":{"rendered":"<p>Atrav\u00e9s da parceria do presidente da C\u00e2mara de Vereadores de Sum\u00e9, Ant\u00f4nio Carlos Sarmento, o munic\u00edpio mais uma vez ser\u00e1 contemplado com cursos profissionalizantes. \u00a0 Como a primeira etapa foi um sucesso, Ant\u00f4nio Carlos refor\u00e7ou a parceria com o grupo CARAVELA, possibilitando mais oportunidades para a popula\u00e7\u00e3o. \u00a0 O vereador Ant\u00f4nio Carlos refor\u00e7ou seu compromisso com a educa\u00e7\u00e3o. \u201cSempre serei um grande incentivador da educa\u00e7\u00e3o e profissionaliza\u00e7\u00e3o dos jovens e adultos da nossa querida cidade\u201d, disse. \u00a0 CONFIRA OS CURSOS PROFISSIONALIZANTE EAD DISPON\u00cdVEIS: \u00a0 Grade com 20 Cursos Profissionalizante, contendo os seguintes cursos: \u00a0 &#8211; Apresenta\u00e7\u00e3o Pessoal \u00a0 &#8211; Ingl\u00eas B\u00e1sico \u00a0 &#8211; Ingl\u00eas Avan\u00e7ado \u00a0 &#8211; Rotinas Administrativas \u00a0 &#8211; Marketing Comercial \u00a0 &#8211; Telemarketing \u00a0 &#8211; Atendimento Banc\u00e1rio \u00a0 &#8211; Cuidador de Idosos \u00a0 &#8211; Recursos Humanos \u00a0 &#8211; Atendimento Hospitalar \u00a0 &#8211; Atendente de Farm\u00e1cia \u00a0 &#8211; Curso de Unhas em Gel \u00a0 &#8211; Curso de Bolo Red Velvet \u00a0 &#8211; Curso de Tran\u00e7as Nag\u00f4 \u00a0 &#8211; Curso de Primeiros Socorros \u00a0 &#8211; Curso de Sa\u00fade da Mulher \u00a0 &#8211; Curso de La\u00e7os \u00a0 &#8211; Curso de Feridas e Curativos \u00a0 &#8211; Vendas e Persuas\u00e3o \u00a0 &#8211; Chocolates \u00a0 Para mais informa\u00e7\u00f5es entrar em contato: (81) 99434-3642, atrav\u00e9s da parceria com Ant\u00f4nio Carlos, a popula\u00e7\u00e3o n\u00e3o pagar\u00e1 mensalidade, nem o certificado. Pagar\u00e1 apenas uma taxa m\u00ednima de matr\u00edcula, no valor de 38,90, que dar\u00e1 acesso a mais de 10 cursos EAD \u00a0 Ascom\/C\u00e2mara\u00a0 \u00a0<\/p>\n","protected":false},"author":2,"featured_media":38599,"comment_status":"closed","ping_status":"open","sticky":false,"template":"","format":"standard","meta":{"_eb_attr":"","_jetpack_memberships_contains_paid_content":false,"footnotes":""},"categories":[4],"tags":[],"class_list":["post-38597","post","type-post","status-publish","format-standard","has-post-thumbnail","hentry","category-politica"],"yoast_head":"<!-- This site is optimized with the Yoast SEO plugin v26.5 - https:\/\/yoast.com\/wordpress\/plugins\/seo\/ -->\n<title>Parceria do presidente da C\u00e2mara de Sum\u00e9 possibilita a oferta de cursos profissionalizantes - Not&iacute;cias em Destaque<\/title>\n<meta name=\"robots\" content=\"index, follow, max-snippet:-1, max-image-preview:large, max-video-preview:-1\" \/>\n<link rel=\"canonical\" href=\"https:\/\/noticiasemdestaque.com\/cd\/?p=38597\" \/>\n<meta property=\"og:locale\" content=\"pt_BR\" \/>\n<meta property=\"og:type\" content=\"article\" \/>\n<meta property=\"og:title\" content=\"Parceria do presidente da C\u00e2mara de Sum\u00e9 possibilita a oferta de cursos profissionalizantes - Not&iacute;cias em Destaque\" \/>\n<meta property=\"og:description\" content=\"Atrav\u00e9s da parceria do presidente da C\u00e2mara de Vereadores de Sum\u00e9, Ant\u00f4nio Carlos Sarmento, o munic\u00edpio mais uma vez ser\u00e1 contemplado com cursos profissionalizantes. \u00a0 Como a primeira etapa foi um sucesso, Ant\u00f4nio Carlos refor\u00e7ou a parceria com o grupo CARAVELA, possibilitando mais oportunidades para a popula\u00e7\u00e3o. \u00a0 O vereador Ant\u00f4nio Carlos refor\u00e7ou seu compromisso com a educa\u00e7\u00e3o. \u201cSempre serei um grande incentivador da educa\u00e7\u00e3o e profissionaliza\u00e7\u00e3o dos jovens e adultos da nossa querida cidade\u201d, disse. \u00a0 CONFIRA OS CURSOS PROFISSIONALIZANTE EAD DISPON\u00cdVEIS: \u00a0 Grade com 20 Cursos Profissionalizante, contendo os seguintes cursos: \u00a0 &#8211; Apresenta\u00e7\u00e3o Pessoal \u00a0 &#8211; Ingl\u00eas B\u00e1sico \u00a0 &#8211; Ingl\u00eas Avan\u00e7ado \u00a0 &#8211; Rotinas Administrativas \u00a0 &#8211; Marketing Comercial \u00a0 &#8211; Telemarketing \u00a0 &#8211; Atendimento Banc\u00e1rio \u00a0 &#8211; Cuidador de Idosos \u00a0 &#8211; Recursos Humanos \u00a0 &#8211; Atendimento Hospitalar \u00a0 &#8211; Atendente de Farm\u00e1cia \u00a0 &#8211; Curso de Unhas em Gel \u00a0 &#8211; Curso de Bolo Red Velvet \u00a0 &#8211; Curso de Tran\u00e7as Nag\u00f4 \u00a0 &#8211; Curso de Primeiros Socorros \u00a0 &#8211; Curso de Sa\u00fade da Mulher \u00a0 &#8211; Curso de La\u00e7os \u00a0 &#8211; Curso de Feridas e Curativos \u00a0 &#8211; Vendas e Persuas\u00e3o \u00a0 &#8211; Chocolates \u00a0 Para mais informa\u00e7\u00f5es entrar em contato: (81) 99434-3642, atrav\u00e9s da parceria com Ant\u00f4nio Carlos, a popula\u00e7\u00e3o n\u00e3o pagar\u00e1 mensalidade, nem o certificado. Pagar\u00e1 apenas uma taxa m\u00ednima de matr\u00edcula, no valor de 38,90, que dar\u00e1 acesso a mais de 10 cursos EAD \u00a0 Ascom\/C\u00e2mara\u00a0 \u00a0\" \/>\n<meta property=\"og:url\" content=\"https:\/\/noticiasemdestaque.com\/cd\/?p=38597\" \/>\n<meta property=\"og:site_name\" content=\"Not&iacute;cias em Destaque\" \/>\n<meta property=\"article:published_time\" content=\"2022-05-07T21:01:18+00:00\" \/>\n<meta property=\"og:image\" content=\"https:\/\/noticiasemdestaque.com\/cd\/wp-content\/uploads\/2022\/05\/AC-2.jpg\" \/>\n\t<meta property=\"og:image:width\" content=\"1000\" \/>\n\t<meta property=\"og:image:height\" content=\"1000\" \/>\n\t<meta property=\"og:image:type\" content=\"image\/jpeg\" \/>\n<meta name=\"author\" content=\"Not\u00edcias em Destaque\" \/>\n<meta name=\"twitter:card\" content=\"summary_large_image\" \/>\n<meta name=\"twitter:label1\" content=\"Escrito por\" \/>\n\t<meta name=\"twitter:data1\" content=\"Not\u00edcias em Destaque\" \/>\n\t<meta name=\"twitter:label2\" content=\"Est. tempo de leitura\" \/>\n\t<meta name=\"twitter:data2\" content=\"1 minuto\" \/>\n<script type=\"application\/ld+json\" class=\"yoast-schema-graph\">{\"@context\":\"https:\/\/schema.org\",\"@graph\":[{\"@type\":\"Article\",\"@id\":\"https:\/\/noticiasemdestaque.com\/cd\/?p=38597#article\",\"isPartOf\":{\"@id\":\"https:\/\/noticiasemdestaque.com\/cd\/?p=38597\"},\"author\":{\"name\":\"Not\u00edcias em Destaque\",\"@id\":\"https:\/\/noticiasemdestaque.com\/cd\/#\/schema\/person\/9c05c6816b191977f47499b3494ace52\"},\"headline\":\"Parceria do presidente da C\u00e2mara de Sum\u00e9 possibilita a oferta de cursos profissionalizantes\",\"datePublished\":\"2022-05-07T21:01:18+00:00\",\"mainEntityOfPage\":{\"@id\":\"https:\/\/noticiasemdestaque.com\/cd\/?p=38597\"},\"wordCount\":253,\"publisher\":{\"@id\":\"https:\/\/noticiasemdestaque.com\/cd\/#organization\"},\"image\":{\"@id\":\"https:\/\/noticiasemdestaque.com\/cd\/?p=38597#primaryimage\"},\"thumbnailUrl\":\"https:\/\/noticiasemdestaque.com\/cd\/wp-content\/uploads\/2022\/05\/AC-2.jpg\",\"articleSection\":[\"Pol\u00edtica\"],\"inLanguage\":\"pt-BR\"},{\"@type\":\"WebPage\",\"@id\":\"https:\/\/noticiasemdestaque.com\/cd\/?p=38597\",\"url\":\"https:\/\/noticiasemdestaque.com\/cd\/?p=38597\",\"name\":\"Parceria do presidente da C\u00e2mara de Sum\u00e9 possibilita a oferta de cursos profissionalizantes - Not&iacute;cias em Destaque\",\"isPartOf\":{\"@id\":\"https:\/\/noticiasemdestaque.com\/cd\/#website\"},\"primaryImageOfPage\":{\"@id\":\"https:\/\/noticiasemdestaque.com\/cd\/?p=38597#primaryimage\"},\"image\":{\"@id\":\"https:\/\/noticiasemdestaque.com\/cd\/?p=38597#primaryimage\"},\"thumbnailUrl\":\"https:\/\/noticiasemdestaque.com\/cd\/wp-content\/uploads\/2022\/05\/AC-2.jpg\",\"datePublished\":\"2022-05-07T21:01:18+00:00\",\"breadcrumb\":{\"@id\":\"https:\/\/noticiasemdestaque.com\/cd\/?p=38597#breadcrumb\"},\"inLanguage\":\"pt-BR\",\"potentialAction\":[{\"@type\":\"ReadAction\",\"target\":[\"https:\/\/noticiasemdestaque.com\/cd\/?p=38597\"]}]},{\"@type\":\"ImageObject\",\"inLanguage\":\"pt-BR\",\"@id\":\"https:\/\/noticiasemdestaque.com\/cd\/?p=38597#primaryimage\",\"url\":\"https:\/\/noticiasemdestaque.com\/cd\/wp-content\/uploads\/2022\/05\/AC-2.jpg\",\"contentUrl\":\"https:\/\/noticiasemdestaque.com\/cd\/wp-content\/uploads\/2022\/05\/AC-2.jpg\",\"width\":1000,\"height\":1000},{\"@type\":\"BreadcrumbList\",\"@id\":\"https:\/\/noticiasemdestaque.com\/cd\/?p=38597#breadcrumb\",\"itemListElement\":[{\"@type\":\"ListItem\",\"position\":1,\"name\":\"In\u00edcio\",\"item\":\"https:\/\/noticiasemdestaque.com\/cd\/\"},{\"@type\":\"ListItem\",\"position\":2,\"name\":\"Parceria do presidente da C\u00e2mara de Sum\u00e9 possibilita a oferta de cursos profissionalizantes\"}]},{\"@type\":\"WebSite\",\"@id\":\"https:\/\/noticiasemdestaque.com\/cd\/#website\",\"url\":\"https:\/\/noticiasemdestaque.com\/cd\/\",\"name\":\"Not&iacute;cias em Destaque\",\"description\":\"\",\"publisher\":{\"@id\":\"https:\/\/noticiasemdestaque.com\/cd\/#organization\"},\"potentialAction\":[{\"@type\":\"SearchAction\",\"target\":{\"@type\":\"EntryPoint\",\"urlTemplate\":\"https:\/\/noticiasemdestaque.com\/cd\/?s={search_term_string}\"},\"query-input\":{\"@type\":\"PropertyValueSpecification\",\"valueRequired\":true,\"valueName\":\"search_term_string\"}}],\"inLanguage\":\"pt-BR\"},{\"@type\":\"Organization\",\"@id\":\"https:\/\/noticiasemdestaque.com\/cd\/#organization\",\"name\":\"Not\u00edcias em Destaque\",\"url\":\"https:\/\/noticiasemdestaque.com\/cd\/\",\"logo\":{\"@type\":\"ImageObject\",\"inLanguage\":\"pt-BR\",\"@id\":\"https:\/\/noticiasemdestaque.com\/cd\/#\/schema\/logo\/image\/\",\"url\":\"https:\/\/noticiasemdestaque.com\/cd\/wp-content\/uploads\/2022\/05\/imagem-base-noticiasemdestaque.png\",\"contentUrl\":\"https:\/\/noticiasemdestaque.com\/cd\/wp-content\/uploads\/2022\/05\/imagem-base-noticiasemdestaque.png\",\"width\":1200,\"height\":630,\"caption\":\"Not\u00edcias em Destaque\"},\"image\":{\"@id\":\"https:\/\/noticiasemdestaque.com\/cd\/#\/schema\/logo\/image\/\"}},{\"@type\":\"Person\",\"@id\":\"https:\/\/noticiasemdestaque.com\/cd\/#\/schema\/person\/9c05c6816b191977f47499b3494ace52\",\"name\":\"Not\u00edcias em Destaque\",\"url\":\"https:\/\/noticiasemdestaque.com\/cd\/?author=2\"}]}<\/script>\n<!-- \/ Yoast SEO plugin. -->","yoast_head_json":{"title":"Parceria do presidente da C\u00e2mara de Sum\u00e9 possibilita a oferta de cursos profissionalizantes - Not&iacute;cias em Destaque","robots":{"index":"index","follow":"follow","max-snippet":"max-snippet:-1","max-image-preview":"max-image-preview:large","max-video-preview":"max-video-preview:-1"},"canonical":"https:\/\/noticiasemdestaque.com\/cd\/?p=38597","og_locale":"pt_BR","og_type":"article","og_title":"Parceria do presidente da C\u00e2mara de Sum\u00e9 possibilita a oferta de cursos profissionalizantes - Not&iacute;cias em Destaque","og_description":"Atrav\u00e9s da parceria do presidente da C\u00e2mara de Vereadores de Sum\u00e9, Ant\u00f4nio Carlos Sarmento, o munic\u00edpio mais uma vez ser\u00e1 contemplado com cursos profissionalizantes. \u00a0 Como a primeira etapa foi um sucesso, Ant\u00f4nio Carlos refor\u00e7ou a parceria com o grupo CARAVELA, possibilitando mais oportunidades para a popula\u00e7\u00e3o. \u00a0 O vereador Ant\u00f4nio Carlos refor\u00e7ou seu compromisso com a educa\u00e7\u00e3o. \u201cSempre serei um grande incentivador da educa\u00e7\u00e3o e profissionaliza\u00e7\u00e3o dos jovens e adultos da nossa querida cidade\u201d, disse. \u00a0 CONFIRA OS CURSOS PROFISSIONALIZANTE EAD DISPON\u00cdVEIS: \u00a0 Grade com 20 Cursos Profissionalizante, contendo os seguintes cursos: \u00a0 &#8211; Apresenta\u00e7\u00e3o Pessoal \u00a0 &#8211; Ingl\u00eas B\u00e1sico \u00a0 &#8211; Ingl\u00eas Avan\u00e7ado \u00a0 &#8211; Rotinas Administrativas \u00a0 &#8211; Marketing Comercial \u00a0 &#8211; Telemarketing \u00a0 &#8211; Atendimento Banc\u00e1rio \u00a0 &#8211; Cuidador de Idosos \u00a0 &#8211; Recursos Humanos \u00a0 &#8211; Atendimento Hospitalar \u00a0 &#8211; Atendente de Farm\u00e1cia \u00a0 &#8211; Curso de Unhas em Gel \u00a0 &#8211; Curso de Bolo Red Velvet \u00a0 &#8211; Curso de Tran\u00e7as Nag\u00f4 \u00a0 &#8211; Curso de Primeiros Socorros \u00a0 &#8211; Curso de Sa\u00fade da Mulher \u00a0 &#8211; Curso de La\u00e7os \u00a0 &#8211; Curso de Feridas e Curativos \u00a0 &#8211; Vendas e Persuas\u00e3o \u00a0 &#8211; Chocolates \u00a0 Para mais informa\u00e7\u00f5es entrar em contato: (81) 99434-3642, atrav\u00e9s da parceria com Ant\u00f4nio Carlos, a popula\u00e7\u00e3o n\u00e3o pagar\u00e1 mensalidade, nem o certificado. Pagar\u00e1 apenas uma taxa m\u00ednima de matr\u00edcula, no valor de 38,90, que dar\u00e1 acesso a mais de 10 cursos EAD \u00a0 Ascom\/C\u00e2mara\u00a0 \u00a0","og_url":"https:\/\/noticiasemdestaque.com\/cd\/?p=38597","og_site_name":"Not&iacute;cias em Destaque","article_published_time":"2022-05-07T21:01:18+00:00","og_image":[{"width":1000,"height":1000,"url":"https:\/\/noticiasemdestaque.com\/cd\/wp-content\/uploads\/2022\/05\/AC-2.jpg","type":"image\/jpeg"}],"author":"Not\u00edcias em Destaque","twitter_card":"summary_large_image","twitter_misc":{"Escrito por":"Not\u00edcias em Destaque","Est. tempo de leitura":"1 minuto"},"schema":{"@context":"https:\/\/schema.org","@graph":[{"@type":"Article","@id":"https:\/\/noticiasemdestaque.com\/cd\/?p=38597#article","isPartOf":{"@id":"https:\/\/noticiasemdestaque.com\/cd\/?p=38597"},"author":{"name":"Not\u00edcias em Destaque","@id":"https:\/\/noticiasemdestaque.com\/cd\/#\/schema\/person\/9c05c6816b191977f47499b3494ace52"},"headline":"Parceria do presidente da C\u00e2mara de Sum\u00e9 possibilita a oferta de cursos profissionalizantes","datePublished":"2022-05-07T21:01:18+00:00","mainEntityOfPage":{"@id":"https:\/\/noticiasemdestaque.com\/cd\/?p=38597"},"wordCount":253,"publisher":{"@id":"https:\/\/noticiasemdestaque.com\/cd\/#organization"},"image":{"@id":"https:\/\/noticiasemdestaque.com\/cd\/?p=38597#primaryimage"},"thumbnailUrl":"https:\/\/noticiasemdestaque.com\/cd\/wp-content\/uploads\/2022\/05\/AC-2.jpg","articleSection":["Pol\u00edtica"],"inLanguage":"pt-BR"},{"@type":"WebPage","@id":"https:\/\/noticiasemdestaque.com\/cd\/?p=38597","url":"https:\/\/noticiasemdestaque.com\/cd\/?p=38597","name":"Parceria do presidente da C\u00e2mara de Sum\u00e9 possibilita a oferta de cursos profissionalizantes - Not&iacute;cias em Destaque","isPartOf":{"@id":"https:\/\/noticiasemdestaque.com\/cd\/#website"},"primaryImageOfPage":{"@id":"https:\/\/noticiasemdestaque.com\/cd\/?p=38597#primaryimage"},"image":{"@id":"https:\/\/noticiasemdestaque.com\/cd\/?p=38597#primaryimage"},"thumbnailUrl":"https:\/\/noticiasemdestaque.com\/cd\/wp-content\/uploads\/2022\/05\/AC-2.jpg","datePublished":"2022-05-07T21:01:18+00:00","breadcrumb":{"@id":"https:\/\/noticiasemdestaque.com\/cd\/?p=38597#breadcrumb"},"inLanguage":"pt-BR","potentialAction":[{"@type":"ReadAction","target":["https:\/\/noticiasemdestaque.com\/cd\/?p=38597"]}]},{"@type":"ImageObject","inLanguage":"pt-BR","@id":"https:\/\/noticiasemdestaque.com\/cd\/?p=38597#primaryimage","url":"https:\/\/noticiasemdestaque.com\/cd\/wp-content\/uploads\/2022\/05\/AC-2.jpg","contentUrl":"https:\/\/noticiasemdestaque.com\/cd\/wp-content\/uploads\/2022\/05\/AC-2.jpg","width":1000,"height":1000},{"@type":"BreadcrumbList","@id":"https:\/\/noticiasemdestaque.com\/cd\/?p=38597#breadcrumb","itemListElement":[{"@type":"ListItem","position":1,"name":"In\u00edcio","item":"https:\/\/noticiasemdestaque.com\/cd\/"},{"@type":"ListItem","position":2,"name":"Parceria do presidente da C\u00e2mara de Sum\u00e9 possibilita a oferta de cursos profissionalizantes"}]},{"@type":"WebSite","@id":"https:\/\/noticiasemdestaque.com\/cd\/#website","url":"https:\/\/noticiasemdestaque.com\/cd\/","name":"Not&iacute;cias em Destaque","description":"","publisher":{"@id":"https:\/\/noticiasemdestaque.com\/cd\/#organization"},"potentialAction":[{"@type":"SearchAction","target":{"@type":"EntryPoint","urlTemplate":"https:\/\/noticiasemdestaque.com\/cd\/?s={search_term_string}"},"query-input":{"@type":"PropertyValueSpecification","valueRequired":true,"valueName":"search_term_string"}}],"inLanguage":"pt-BR"},{"@type":"Organization","@id":"https:\/\/noticiasemdestaque.com\/cd\/#organization","name":"Not\u00edcias em Destaque","url":"https:\/\/noticiasemdestaque.com\/cd\/","logo":{"@type":"ImageObject","inLanguage":"pt-BR","@id":"https:\/\/noticiasemdestaque.com\/cd\/#\/schema\/logo\/image\/","url":"https:\/\/noticiasemdestaque.com\/cd\/wp-content\/uploads\/2022\/05\/imagem-base-noticiasemdestaque.png","contentUrl":"https:\/\/noticiasemdestaque.com\/cd\/wp-content\/uploads\/2022\/05\/imagem-base-noticiasemdestaque.png","width":1200,"height":630,"caption":"Not\u00edcias em Destaque"},"image":{"@id":"https:\/\/noticiasemdestaque.com\/cd\/#\/schema\/logo\/image\/"}},{"@type":"Person","@id":"https:\/\/noticiasemdestaque.com\/cd\/#\/schema\/person\/9c05c6816b191977f47499b3494ace52","name":"Not\u00edcias em Destaque","url":"https:\/\/noticiasemdestaque.com\/cd\/?author=2"}]}},"jetpack_featured_media_url":"https:\/\/noticiasemdestaque.com\/cd\/wp-content\/uploads\/2022\/05\/AC-2.jpg","jetpack_sharing_enabled":true,"_links":{"self":[{"href":"https:\/\/noticiasemdestaque.com\/cd\/index.php?rest_route=\/wp\/v2\/posts\/38597","targetHints":{"allow":["GET"]}}],"collection":[{"href":"https:\/\/noticiasemdestaque.com\/cd\/index.php?rest_route=\/wp\/v2\/posts"}],"about":[{"href":"https:\/\/noticiasemdestaque.com\/cd\/index.php?rest_route=\/wp\/v2\/types\/post"}],"author":[{"embeddable":true,"href":"https:\/\/noticiasemdestaque.com\/cd\/index.php?rest_route=\/wp\/v2\/users\/2"}],"replies":[{"embeddable":true,"href":"https:\/\/noticiasemdestaque.com\/cd\/index.php?rest_route=%2Fwp%2Fv2%2Fcomments&post=38597"}],"version-history":[{"count":1,"href":"https:\/\/noticiasemdestaque.com\/cd\/index.php?rest_route=\/wp\/v2\/posts\/38597\/revisions"}],"predecessor-version":[{"id":38601,"href":"https:\/\/noticiasemdestaque.com\/cd\/index.php?rest_route=\/wp\/v2\/posts\/38597\/revisions\/38601"}],"wp:featuredmedia":[{"embeddable":true,"href":"https:\/\/noticiasemdestaque.com\/cd\/index.php?rest_route=\/wp\/v2\/media\/38599"}],"wp:attachment":[{"href":"https:\/\/noticiasemdestaque.com\/cd\/index.php?rest_route=%2Fwp%2Fv2%2Fmedia&parent=38597"}],"wp:term":[{"taxonomy":"category","embeddable":true,"href":"https:\/\/noticiasemdestaque.com\/cd\/index.php?rest_route=%2Fwp%2Fv2%2Fcategories&post=38597"},{"taxonomy":"post_tag","embeddable":true,"href":"https:\/\/noticiasemdestaque.com\/cd\/index.php?rest_route=%2Fwp%2Fv2%2Ftags&post=38597"}],"curies":[{"name":"wp","href":"https:\/\/api.w.org\/{rel}","templated":true}]}}