{"id":38589,"date":"2022-05-06T16:08:17","date_gmt":"2022-05-06T19:08:17","guid":{"rendered":"http:\/\/noticiasemdestaque.com\/cd\/?p=38589"},"modified":"2022-05-06T16:08:17","modified_gmt":"2022-05-06T19:08:17","slug":"sume-eden-se-destaca-como-prefeito-empreendedor","status":"publish","type":"post","link":"https:\/\/noticiasemdestaque.com\/cd\/?p=38589","title":{"rendered":"SUM\u00c9: \u00c9den se destaca como prefeito empreendedor"},"content":{"rendered":"<p>&nbsp;<\/p>\n<p data-uw-styling-context=\"true\">O prefeito \u00c9den Duarte participou nessa quinta-feira, 05, do F\u00f3rum Estadual para o Fortalecimento do Ambiente de Neg\u00f3cios, no Teatro Paulo Pontes, Espa\u00e7o Cultural Jos\u00e9 Lins do Rego em Jo\u00e3o Pessoa.<\/p>\n<p data-uw-styling-context=\"true\">Na oportunidade ele recebeu o certificado de reconhecimento do munic\u00edpio de Sum\u00e9, dentre aqueles que mais se destacam com pol\u00edticas p\u00fablicas de desenvolvimento implantadas, dentro do contexto de cidades empreendedoras do SEBRAE, na Para\u00edba.<\/p>\n<p data-uw-styling-context=\"true\">O Prefeito \u00c9den figurou entre os finalistas do Pr\u00eamio Sebrae \u201cPrefeito Empreendedor\u201d, por meio de dois projetos inscritos: um voltado para a educa\u00e7\u00e3o quanto as atividades desenvolvidas na Escola Agrot\u00e9cnica, com o beneficiamento da fruta do umbu e sobre a Produ\u00e7\u00e3o Agroecol\u00f3gica Integrada e Sustent\u00e1vel (PAIS), desenvolvida na Escola de Campo Jos\u00e9 Bonif\u00e1cio no distrito de Pio X, outro na \u00e1rea de Marketing territorial, focado no Sum\u00e9 shopping como um polo de fazer neg\u00f3cios no Cariri.<\/p>\n<p data-uw-styling-context=\"true\">Acompanharam o prefeito, o chefe de gabinete, Heleno J\u00fanior, a agente de desenvolvimento do Sebrae no munic\u00edpio, J\u00e9ssica Vieira, o assessor t\u00e9cnico, Daniel Vilar, o administrador do Sum\u00e9 Shopping, Willians Martinho e o chefe do setor de tributos Deocl\u00e9cio J\u00fanior.<\/p>\n","protected":false},"excerpt":{"rendered":"<p>&nbsp; O prefeito \u00c9den Duarte participou nessa quinta-feira, 05, do F\u00f3rum Estadual para o Fortalecimento do Ambiente de Neg\u00f3cios, no Teatro Paulo Pontes, Espa\u00e7o Cultural Jos\u00e9 Lins do Rego em Jo\u00e3o Pessoa. Na oportunidade ele recebeu o certificado de reconhecimento do munic\u00edpio de Sum\u00e9, dentre aqueles que mais se destacam com pol\u00edticas p\u00fablicas de desenvolvimento implantadas, dentro do contexto de cidades empreendedoras do SEBRAE, na Para\u00edba. O Prefeito \u00c9den figurou entre os finalistas do Pr\u00eamio Sebrae \u201cPrefeito Empreendedor\u201d, por meio de dois projetos inscritos: um voltado para a educa\u00e7\u00e3o quanto as atividades desenvolvidas na Escola Agrot\u00e9cnica, com o beneficiamento da fruta do umbu e sobre a Produ\u00e7\u00e3o Agroecol\u00f3gica Integrada e Sustent\u00e1vel (PAIS), desenvolvida na Escola de Campo Jos\u00e9 Bonif\u00e1cio no distrito de Pio X, outro na \u00e1rea de Marketing territorial, focado no Sum\u00e9 shopping como um polo de fazer neg\u00f3cios no Cariri. Acompanharam o prefeito, o chefe de gabinete, Heleno J\u00fanior, a agente de desenvolvimento do Sebrae no munic\u00edpio, J\u00e9ssica Vieira, o assessor t\u00e9cnico, Daniel Vilar, o administrador do Sum\u00e9 Shopping, Willians Martinho e o chefe do setor de tributos Deocl\u00e9cio J\u00fanior.<\/p>\n","protected":false},"author":2,"featured_media":38590,"comment_status":"closed","ping_status":"open","sticky":false,"template":"","format":"standard","meta":{"_eb_attr":"","_jetpack_memberships_contains_paid_content":false,"footnotes":""},"categories":[3],"tags":[],"class_list":["post-38589","post","type-post","status-publish","format-standard","has-post-thumbnail","hentry","category-cidades"],"yoast_head":"<!-- This site is optimized with the Yoast SEO plugin v26.5 - https:\/\/yoast.com\/wordpress\/plugins\/seo\/ -->\n<title>SUM\u00c9: \u00c9den se destaca como prefeito empreendedor - Not&iacute;cias em Destaque<\/title>\n<meta name=\"robots\" content=\"index, follow, max-snippet:-1, max-image-preview:large, max-video-preview:-1\" \/>\n<link rel=\"canonical\" href=\"https:\/\/noticiasemdestaque.com\/cd\/?p=38589\" \/>\n<meta property=\"og:locale\" content=\"pt_BR\" \/>\n<meta property=\"og:type\" content=\"article\" \/>\n<meta property=\"og:title\" content=\"SUM\u00c9: \u00c9den se destaca como prefeito empreendedor - Not&iacute;cias em Destaque\" \/>\n<meta property=\"og:description\" content=\"&nbsp; O prefeito \u00c9den Duarte participou nessa quinta-feira, 05, do F\u00f3rum Estadual para o Fortalecimento do Ambiente de Neg\u00f3cios, no Teatro Paulo Pontes, Espa\u00e7o Cultural Jos\u00e9 Lins do Rego em Jo\u00e3o Pessoa. Na oportunidade ele recebeu o certificado de reconhecimento do munic\u00edpio de Sum\u00e9, dentre aqueles que mais se destacam com pol\u00edticas p\u00fablicas de desenvolvimento implantadas, dentro do contexto de cidades empreendedoras do SEBRAE, na Para\u00edba. O Prefeito \u00c9den figurou entre os finalistas do Pr\u00eamio Sebrae \u201cPrefeito Empreendedor\u201d, por meio de dois projetos inscritos: um voltado para a educa\u00e7\u00e3o quanto as atividades desenvolvidas na Escola Agrot\u00e9cnica, com o beneficiamento da fruta do umbu e sobre a Produ\u00e7\u00e3o Agroecol\u00f3gica Integrada e Sustent\u00e1vel (PAIS), desenvolvida na Escola de Campo Jos\u00e9 Bonif\u00e1cio no distrito de Pio X, outro na \u00e1rea de Marketing territorial, focado no Sum\u00e9 shopping como um polo de fazer neg\u00f3cios no Cariri. Acompanharam o prefeito, o chefe de gabinete, Heleno J\u00fanior, a agente de desenvolvimento do Sebrae no munic\u00edpio, J\u00e9ssica Vieira, o assessor t\u00e9cnico, Daniel Vilar, o administrador do Sum\u00e9 Shopping, Willians Martinho e o chefe do setor de tributos Deocl\u00e9cio J\u00fanior.\" \/>\n<meta property=\"og:url\" content=\"https:\/\/noticiasemdestaque.com\/cd\/?p=38589\" \/>\n<meta property=\"og:site_name\" content=\"Not&iacute;cias em Destaque\" \/>\n<meta property=\"article:published_time\" content=\"2022-05-06T19:08:17+00:00\" \/>\n<meta property=\"og:image\" content=\"https:\/\/noticiasemdestaque.com\/cd\/wp-content\/uploads\/2022\/05\/1-1.jpeg\" \/>\n\t<meta property=\"og:image:width\" content=\"1280\" \/>\n\t<meta property=\"og:image:height\" content=\"960\" \/>\n\t<meta property=\"og:image:type\" content=\"image\/jpeg\" \/>\n<meta name=\"author\" content=\"Not\u00edcias em Destaque\" \/>\n<meta name=\"twitter:card\" content=\"summary_large_image\" \/>\n<meta name=\"twitter:label1\" content=\"Escrito por\" \/>\n\t<meta name=\"twitter:data1\" content=\"Not\u00edcias em Destaque\" \/>\n\t<meta name=\"twitter:label2\" content=\"Est. tempo de leitura\" \/>\n\t<meta name=\"twitter:data2\" content=\"1 minuto\" \/>\n<script type=\"application\/ld+json\" class=\"yoast-schema-graph\">{\"@context\":\"https:\/\/schema.org\",\"@graph\":[{\"@type\":\"Article\",\"@id\":\"https:\/\/noticiasemdestaque.com\/cd\/?p=38589#article\",\"isPartOf\":{\"@id\":\"https:\/\/noticiasemdestaque.com\/cd\/?p=38589\"},\"author\":{\"name\":\"Not\u00edcias em Destaque\",\"@id\":\"https:\/\/noticiasemdestaque.com\/cd\/#\/schema\/person\/9c05c6816b191977f47499b3494ace52\"},\"headline\":\"SUM\u00c9: \u00c9den se destaca como prefeito empreendedor\",\"datePublished\":\"2022-05-06T19:08:17+00:00\",\"mainEntityOfPage\":{\"@id\":\"https:\/\/noticiasemdestaque.com\/cd\/?p=38589\"},\"wordCount\":210,\"publisher\":{\"@id\":\"https:\/\/noticiasemdestaque.com\/cd\/#organization\"},\"image\":{\"@id\":\"https:\/\/noticiasemdestaque.com\/cd\/?p=38589#primaryimage\"},\"thumbnailUrl\":\"https:\/\/noticiasemdestaque.com\/cd\/wp-content\/uploads\/2022\/05\/1-1.jpeg\",\"articleSection\":[\"Cidades\"],\"inLanguage\":\"pt-BR\"},{\"@type\":\"WebPage\",\"@id\":\"https:\/\/noticiasemdestaque.com\/cd\/?p=38589\",\"url\":\"https:\/\/noticiasemdestaque.com\/cd\/?p=38589\",\"name\":\"SUM\u00c9: \u00c9den se destaca como prefeito empreendedor - Not&iacute;cias em Destaque\",\"isPartOf\":{\"@id\":\"https:\/\/noticiasemdestaque.com\/cd\/#website\"},\"primaryImageOfPage\":{\"@id\":\"https:\/\/noticiasemdestaque.com\/cd\/?p=38589#primaryimage\"},\"image\":{\"@id\":\"https:\/\/noticiasemdestaque.com\/cd\/?p=38589#primaryimage\"},\"thumbnailUrl\":\"https:\/\/noticiasemdestaque.com\/cd\/wp-content\/uploads\/2022\/05\/1-1.jpeg\",\"datePublished\":\"2022-05-06T19:08:17+00:00\",\"breadcrumb\":{\"@id\":\"https:\/\/noticiasemdestaque.com\/cd\/?p=38589#breadcrumb\"},\"inLanguage\":\"pt-BR\",\"potentialAction\":[{\"@type\":\"ReadAction\",\"target\":[\"https:\/\/noticiasemdestaque.com\/cd\/?p=38589\"]}]},{\"@type\":\"ImageObject\",\"inLanguage\":\"pt-BR\",\"@id\":\"https:\/\/noticiasemdestaque.com\/cd\/?p=38589#primaryimage\",\"url\":\"https:\/\/noticiasemdestaque.com\/cd\/wp-content\/uploads\/2022\/05\/1-1.jpeg\",\"contentUrl\":\"https:\/\/noticiasemdestaque.com\/cd\/wp-content\/uploads\/2022\/05\/1-1.jpeg\",\"width\":1280,\"height\":960},{\"@type\":\"BreadcrumbList\",\"@id\":\"https:\/\/noticiasemdestaque.com\/cd\/?p=38589#breadcrumb\",\"itemListElement\":[{\"@type\":\"ListItem\",\"position\":1,\"name\":\"In\u00edcio\",\"item\":\"https:\/\/noticiasemdestaque.com\/cd\/\"},{\"@type\":\"ListItem\",\"position\":2,\"name\":\"SUM\u00c9: \u00c9den se destaca como prefeito empreendedor\"}]},{\"@type\":\"WebSite\",\"@id\":\"https:\/\/noticiasemdestaque.com\/cd\/#website\",\"url\":\"https:\/\/noticiasemdestaque.com\/cd\/\",\"name\":\"Not&iacute;cias em Destaque\",\"description\":\"\",\"publisher\":{\"@id\":\"https:\/\/noticiasemdestaque.com\/cd\/#organization\"},\"potentialAction\":[{\"@type\":\"SearchAction\",\"target\":{\"@type\":\"EntryPoint\",\"urlTemplate\":\"https:\/\/noticiasemdestaque.com\/cd\/?s={search_term_string}\"},\"query-input\":{\"@type\":\"PropertyValueSpecification\",\"valueRequired\":true,\"valueName\":\"search_term_string\"}}],\"inLanguage\":\"pt-BR\"},{\"@type\":\"Organization\",\"@id\":\"https:\/\/noticiasemdestaque.com\/cd\/#organization\",\"name\":\"Not\u00edcias em Destaque\",\"url\":\"https:\/\/noticiasemdestaque.com\/cd\/\",\"logo\":{\"@type\":\"ImageObject\",\"inLanguage\":\"pt-BR\",\"@id\":\"https:\/\/noticiasemdestaque.com\/cd\/#\/schema\/logo\/image\/\",\"url\":\"https:\/\/noticiasemdestaque.com\/cd\/wp-content\/uploads\/2022\/05\/imagem-base-noticiasemdestaque.png\",\"contentUrl\":\"https:\/\/noticiasemdestaque.com\/cd\/wp-content\/uploads\/2022\/05\/imagem-base-noticiasemdestaque.png\",\"width\":1200,\"height\":630,\"caption\":\"Not\u00edcias em Destaque\"},\"image\":{\"@id\":\"https:\/\/noticiasemdestaque.com\/cd\/#\/schema\/logo\/image\/\"}},{\"@type\":\"Person\",\"@id\":\"https:\/\/noticiasemdestaque.com\/cd\/#\/schema\/person\/9c05c6816b191977f47499b3494ace52\",\"name\":\"Not\u00edcias em Destaque\",\"url\":\"https:\/\/noticiasemdestaque.com\/cd\/?author=2\"}]}<\/script>\n<!-- \/ Yoast SEO plugin. -->","yoast_head_json":{"title":"SUM\u00c9: \u00c9den se destaca como prefeito empreendedor - Not&iacute;cias em Destaque","robots":{"index":"index","follow":"follow","max-snippet":"max-snippet:-1","max-image-preview":"max-image-preview:large","max-video-preview":"max-video-preview:-1"},"canonical":"https:\/\/noticiasemdestaque.com\/cd\/?p=38589","og_locale":"pt_BR","og_type":"article","og_title":"SUM\u00c9: \u00c9den se destaca como prefeito empreendedor - Not&iacute;cias em Destaque","og_description":"&nbsp; O prefeito \u00c9den Duarte participou nessa quinta-feira, 05, do F\u00f3rum Estadual para o Fortalecimento do Ambiente de Neg\u00f3cios, no Teatro Paulo Pontes, Espa\u00e7o Cultural Jos\u00e9 Lins do Rego em Jo\u00e3o Pessoa. Na oportunidade ele recebeu o certificado de reconhecimento do munic\u00edpio de Sum\u00e9, dentre aqueles que mais se destacam com pol\u00edticas p\u00fablicas de desenvolvimento implantadas, dentro do contexto de cidades empreendedoras do SEBRAE, na Para\u00edba. O Prefeito \u00c9den figurou entre os finalistas do Pr\u00eamio Sebrae \u201cPrefeito Empreendedor\u201d, por meio de dois projetos inscritos: um voltado para a educa\u00e7\u00e3o quanto as atividades desenvolvidas na Escola Agrot\u00e9cnica, com o beneficiamento da fruta do umbu e sobre a Produ\u00e7\u00e3o Agroecol\u00f3gica Integrada e Sustent\u00e1vel (PAIS), desenvolvida na Escola de Campo Jos\u00e9 Bonif\u00e1cio no distrito de Pio X, outro na \u00e1rea de Marketing territorial, focado no Sum\u00e9 shopping como um polo de fazer neg\u00f3cios no Cariri. Acompanharam o prefeito, o chefe de gabinete, Heleno J\u00fanior, a agente de desenvolvimento do Sebrae no munic\u00edpio, J\u00e9ssica Vieira, o assessor t\u00e9cnico, Daniel Vilar, o administrador do Sum\u00e9 Shopping, Willians Martinho e o chefe do setor de tributos Deocl\u00e9cio J\u00fanior.","og_url":"https:\/\/noticiasemdestaque.com\/cd\/?p=38589","og_site_name":"Not&iacute;cias em Destaque","article_published_time":"2022-05-06T19:08:17+00:00","og_image":[{"width":1280,"height":960,"url":"https:\/\/noticiasemdestaque.com\/cd\/wp-content\/uploads\/2022\/05\/1-1.jpeg","type":"image\/jpeg"}],"author":"Not\u00edcias em Destaque","twitter_card":"summary_large_image","twitter_misc":{"Escrito por":"Not\u00edcias em Destaque","Est. tempo de leitura":"1 minuto"},"schema":{"@context":"https:\/\/schema.org","@graph":[{"@type":"Article","@id":"https:\/\/noticiasemdestaque.com\/cd\/?p=38589#article","isPartOf":{"@id":"https:\/\/noticiasemdestaque.com\/cd\/?p=38589"},"author":{"name":"Not\u00edcias em Destaque","@id":"https:\/\/noticiasemdestaque.com\/cd\/#\/schema\/person\/9c05c6816b191977f47499b3494ace52"},"headline":"SUM\u00c9: \u00c9den se destaca como prefeito empreendedor","datePublished":"2022-05-06T19:08:17+00:00","mainEntityOfPage":{"@id":"https:\/\/noticiasemdestaque.com\/cd\/?p=38589"},"wordCount":210,"publisher":{"@id":"https:\/\/noticiasemdestaque.com\/cd\/#organization"},"image":{"@id":"https:\/\/noticiasemdestaque.com\/cd\/?p=38589#primaryimage"},"thumbnailUrl":"https:\/\/noticiasemdestaque.com\/cd\/wp-content\/uploads\/2022\/05\/1-1.jpeg","articleSection":["Cidades"],"inLanguage":"pt-BR"},{"@type":"WebPage","@id":"https:\/\/noticiasemdestaque.com\/cd\/?p=38589","url":"https:\/\/noticiasemdestaque.com\/cd\/?p=38589","name":"SUM\u00c9: \u00c9den se destaca como prefeito empreendedor - Not&iacute;cias em Destaque","isPartOf":{"@id":"https:\/\/noticiasemdestaque.com\/cd\/#website"},"primaryImageOfPage":{"@id":"https:\/\/noticiasemdestaque.com\/cd\/?p=38589#primaryimage"},"image":{"@id":"https:\/\/noticiasemdestaque.com\/cd\/?p=38589#primaryimage"},"thumbnailUrl":"https:\/\/noticiasemdestaque.com\/cd\/wp-content\/uploads\/2022\/05\/1-1.jpeg","datePublished":"2022-05-06T19:08:17+00:00","breadcrumb":{"@id":"https:\/\/noticiasemdestaque.com\/cd\/?p=38589#breadcrumb"},"inLanguage":"pt-BR","potentialAction":[{"@type":"ReadAction","target":["https:\/\/noticiasemdestaque.com\/cd\/?p=38589"]}]},{"@type":"ImageObject","inLanguage":"pt-BR","@id":"https:\/\/noticiasemdestaque.com\/cd\/?p=38589#primaryimage","url":"https:\/\/noticiasemdestaque.com\/cd\/wp-content\/uploads\/2022\/05\/1-1.jpeg","contentUrl":"https:\/\/noticiasemdestaque.com\/cd\/wp-content\/uploads\/2022\/05\/1-1.jpeg","width":1280,"height":960},{"@type":"BreadcrumbList","@id":"https:\/\/noticiasemdestaque.com\/cd\/?p=38589#breadcrumb","itemListElement":[{"@type":"ListItem","position":1,"name":"In\u00edcio","item":"https:\/\/noticiasemdestaque.com\/cd\/"},{"@type":"ListItem","position":2,"name":"SUM\u00c9: \u00c9den se destaca como prefeito empreendedor"}]},{"@type":"WebSite","@id":"https:\/\/noticiasemdestaque.com\/cd\/#website","url":"https:\/\/noticiasemdestaque.com\/cd\/","name":"Not&iacute;cias em Destaque","description":"","publisher":{"@id":"https:\/\/noticiasemdestaque.com\/cd\/#organization"},"potentialAction":[{"@type":"SearchAction","target":{"@type":"EntryPoint","urlTemplate":"https:\/\/noticiasemdestaque.com\/cd\/?s={search_term_string}"},"query-input":{"@type":"PropertyValueSpecification","valueRequired":true,"valueName":"search_term_string"}}],"inLanguage":"pt-BR"},{"@type":"Organization","@id":"https:\/\/noticiasemdestaque.com\/cd\/#organization","name":"Not\u00edcias em Destaque","url":"https:\/\/noticiasemdestaque.com\/cd\/","logo":{"@type":"ImageObject","inLanguage":"pt-BR","@id":"https:\/\/noticiasemdestaque.com\/cd\/#\/schema\/logo\/image\/","url":"https:\/\/noticiasemdestaque.com\/cd\/wp-content\/uploads\/2022\/05\/imagem-base-noticiasemdestaque.png","contentUrl":"https:\/\/noticiasemdestaque.com\/cd\/wp-content\/uploads\/2022\/05\/imagem-base-noticiasemdestaque.png","width":1200,"height":630,"caption":"Not\u00edcias em Destaque"},"image":{"@id":"https:\/\/noticiasemdestaque.com\/cd\/#\/schema\/logo\/image\/"}},{"@type":"Person","@id":"https:\/\/noticiasemdestaque.com\/cd\/#\/schema\/person\/9c05c6816b191977f47499b3494ace52","name":"Not\u00edcias em Destaque","url":"https:\/\/noticiasemdestaque.com\/cd\/?author=2"}]}},"jetpack_featured_media_url":"https:\/\/noticiasemdestaque.com\/cd\/wp-content\/uploads\/2022\/05\/1-1.jpeg","jetpack_sharing_enabled":true,"_links":{"self":[{"href":"https:\/\/noticiasemdestaque.com\/cd\/index.php?rest_route=\/wp\/v2\/posts\/38589","targetHints":{"allow":["GET"]}}],"collection":[{"href":"https:\/\/noticiasemdestaque.com\/cd\/index.php?rest_route=\/wp\/v2\/posts"}],"about":[{"href":"https:\/\/noticiasemdestaque.com\/cd\/index.php?rest_route=\/wp\/v2\/types\/post"}],"author":[{"embeddable":true,"href":"https:\/\/noticiasemdestaque.com\/cd\/index.php?rest_route=\/wp\/v2\/users\/2"}],"replies":[{"embeddable":true,"href":"https:\/\/noticiasemdestaque.com\/cd\/index.php?rest_route=%2Fwp%2Fv2%2Fcomments&post=38589"}],"version-history":[{"count":1,"href":"https:\/\/noticiasemdestaque.com\/cd\/index.php?rest_route=\/wp\/v2\/posts\/38589\/revisions"}],"predecessor-version":[{"id":38591,"href":"https:\/\/noticiasemdestaque.com\/cd\/index.php?rest_route=\/wp\/v2\/posts\/38589\/revisions\/38591"}],"wp:featuredmedia":[{"embeddable":true,"href":"https:\/\/noticiasemdestaque.com\/cd\/index.php?rest_route=\/wp\/v2\/media\/38590"}],"wp:attachment":[{"href":"https:\/\/noticiasemdestaque.com\/cd\/index.php?rest_route=%2Fwp%2Fv2%2Fmedia&parent=38589"}],"wp:term":[{"taxonomy":"category","embeddable":true,"href":"https:\/\/noticiasemdestaque.com\/cd\/index.php?rest_route=%2Fwp%2Fv2%2Fcategories&post=38589"},{"taxonomy":"post_tag","embeddable":true,"href":"https:\/\/noticiasemdestaque.com\/cd\/index.php?rest_route=%2Fwp%2Fv2%2Ftags&post=38589"}],"curies":[{"name":"wp","href":"https:\/\/api.w.org\/{rel}","templated":true}]}}