{"id":38586,"date":"2022-05-06T16:07:17","date_gmt":"2022-05-06T19:07:17","guid":{"rendered":"http:\/\/noticiasemdestaque.com\/cd\/?p=38586"},"modified":"2022-05-06T16:07:17","modified_gmt":"2022-05-06T19:07:17","slug":"cdsa-forma-novos-profissionais-em-colacao-de-grau-do-semestre-2021-1","status":"publish","type":"post","link":"https:\/\/noticiasemdestaque.com\/cd\/?p=38586","title":{"rendered":"CDSA forma novos profissionais em Cola\u00e7\u00e3o de Grau do semestre 2021.1"},"content":{"rendered":"<p><a href=\"https:\/\/noticiasemdestaque.com\/cd\/wp-content\/uploads\/2022\/05\/colacao-grau-2021-1.png\"><img fetchpriority=\"high\" decoding=\"async\" class=\"wp-image-38587 size-full aligncenter\" src=\"https:\/\/noticiasemdestaque.com\/cd\/wp-content\/uploads\/2022\/05\/colacao-grau-2021-1.png\" alt=\"\" width=\"515\" height=\"226\" srcset=\"https:\/\/noticiasemdestaque.com\/cd\/wp-content\/uploads\/2022\/05\/colacao-grau-2021-1.png 515w, https:\/\/noticiasemdestaque.com\/cd\/wp-content\/uploads\/2022\/05\/colacao-grau-2021-1-300x132.png 300w\" sizes=\"(max-width: 515px) 100vw, 515px\" \/><\/a><\/p>\n<p>Foi realizada nesta quarta-feira, 4 de maio de 2022, a solenidade de Cola\u00e7\u00e3o de Grau das turmas concluintes do Semestre 2021.1, do Centro de Desenvolvimento Sustent\u00e1vel do Semi\u00e1rido da Universidade federal de Campina Grande. O evento aconteceu de forma remota atrav\u00e9s com transmiss\u00e3o pelo\u00a0<a href=\"https:\/\/www.youtube.com\/watch?v=zhUBK3xOxd8\" target=\"_blank\" rel=\"noopener noreferrer\">YouTube (veja aqui)<\/a>.<\/p>\n<p>Colaram grau formandos dos cursos de gradua\u00e7\u00e3o de Licenciatura em Ci\u00eancias Sociais,\u00a0Engenharia de Biossistemas,\u00a0Engenharia de Biotecnologia e Bioprocessos,\u00a0Engenharia de Produ\u00e7\u00e3o,\u00a0Interdisciplinar em Educa\u00e7\u00e3o do Campo e\u00a0Superior de Tecnologia em Gest\u00e3o P\u00fablica.<\/p>\n<p>O\u00a0homenageado nesta solenidade, escolhido como Paraninfo Geral das turmas concluintes\u00a0foi o deputado federal pela Para\u00edba, Frei Anast\u00e1cio, saudado pelo diretor\u00a0em exerc\u00edcio\u00a0do CDSA, professor Franklin Ferreira de Farias N\u00f3brega.<\/p>\n<p>A solenidade teve a participa\u00e7\u00e3o de representantes dos conselhos do CDSA\u00a0(CONSAD e CEPE), foi transmitida com tradu\u00e7\u00e3o em Libras\u00a0e teve como oradora\u00a0das turmas concluintes a aluna Virg\u00ednia Micaela de Amorim Silva, do curso Engenharia de Biotecnologia e Bioprocessos.<\/p>\n<p><strong><b>Vejam alguns recortes dos discurso durante a solenidade:<\/b><\/strong><\/p>\n<p><strong><em><i>Diretor do Centro em exerc\u00edcio\u00a0<\/i><\/em><em><i>Franklin N\u00f3brega<\/i><\/em><\/strong><\/p>\n<p>\u201cA cada oportunidade dada, referenciamos a nossa gratid\u00e3o em absoluta medida de justi\u00e7a e reconhecimento aos servidores (terceirizados, docentes e t\u00e9cnicos administrativos), que em perene e m\u00fatuo esfor\u00e7o, se revelam cidad\u00e3os comprometidos com a educa\u00e7\u00e3o p\u00fablica e de qualidade, provocados pelos desafios das suas laborativas demandas, e provados pelo desvelo de suas a\u00e7\u00f5es em todos os ambientes acad\u00eamicos e administrativos.<\/p>\n<p>Aos alunos, nossos maiores credores, signat\u00e1rios em absoluto do honor\u00edfico fazer educacional, que assinala o conhecimento como for\u00e7a motriz capaz de alavancar sonhos, mudar realidades e projetar futuros, a partir deste nosso cariri ocidental, nossa maior rever\u00eancia e votos de sucesso. A estes, eu digo que hoje n\u00e3o representa apenas o fim de uma etapa, mas principalmente, o in\u00edcio de uma nova caminhada.<\/p>\n<p>O CDSA, nos seus 12 anos de exist\u00eancia e resist\u00eancia, firma-se na concretude das a\u00e7\u00f5es de ensino, pesquisa e extens\u00e3o, reduto exemplar de transforma\u00e7\u00f5es sociais, franqueando as portas do ensino superior, um arauto de esperan\u00e7a, para todos que vislumbram a educa\u00e7\u00e3o, como vereda certa e reta, capaz de levar, e elevar \u00e0 sociedade, ao status de justa e cidad\u00e3.<\/p>\n<p>Al\u00e9m do prop\u00f3sito imediato de possibilitar a in\u00fameros jovens o direito a uma forma\u00e7\u00e3o profissional de n\u00edvel superior p\u00fablica de qualidade, a inser\u00e7\u00e3o da UFCG no Cariri Paraibano tem como objetivo contribuir para a constru\u00e7\u00e3o de um novo paradigma cient\u00edfico-tecnol\u00f3gico para o desenvolvimento sustent\u00e1vel do semi\u00e1rido, abrindo novas perspectivas econ\u00f4micas, produtivas e educacionais para o seu povo e para a popula\u00e7\u00e3o que habita o Bioma Caatinga como um todo.<\/p>\n<p>A tessitura do hoje faz o amanh\u00e3. Precisamos desfiar, e desafiar&#8230; Portanto, s\u00e3o voc\u00e1bulos de ordem: prosseguir, marchar avante, ir adiante, continuar a jornada aprazada pelo per\u00edodo letivo, que se instaura, para os que aqui continuam; e, conquistar novos e desafiadores espa\u00e7os, para os que hoje concluem esta importante etapa.\u201d<\/p>\n<p>Sobre o Paraninfo, falou o diretor em exerc\u00edcio: \u201cEsse momento \u00e9 de gratid\u00e3o ao Frei Anast\u00e1cio, pelos recursos destinados ao CDSA e, principalmente, pela aten\u00e7\u00e3o destinada a educa\u00e7\u00e3o e outras causas de interesse do Cariri Paraibano. Por indica\u00e7\u00e3o da UATEC (Unidade Acad\u00eamica de Tecnologia do Desenvolvimento) e em nome das turmas de formandos 2021.1 dos cursos que fazem o Centro de Desenvolvimento Sustent\u00e1vel do Semi\u00e1rido, prestamos essa singela homenagem\u201d<\/p>\n<p><strong>Fala do diretor do Centro Hugo Morais de Alc\u00e2ntara<\/strong><\/p>\n<p>\u201cSabemos que todos voc\u00eas enfrentaram momentos de muito trabalho, cobran\u00e7as, alegrias e tristezas, mas com sabedoria, perseveran\u00e7a, for\u00e7a, f\u00e9, dedica\u00e7\u00e3o e apoio de seus familiares, est\u00e3o reunidos, neste momento, para celebrar a sua formatura, que deve ser lembrada com alegria e esperan\u00e7a.<\/p>\n<p>Todos e todas enfrentaram desafios, conflitos que nos amedrontam ou nos fortalecem, buscaram o conhecimento e a informa\u00e7\u00e3o, cumpriram \u00e0s atividades pertinentes a sua forma\u00e7\u00e3o acad\u00eamica em n\u00edvel superior, infelizmente em nosso Pa\u00eds, um privil\u00e9gio para poucos.\u201d<\/p>\n<p>Nos momentos dif\u00edceis o companheirismo, a amizade e ajuda de seus colegas de turma, dos servidores t\u00e9cnicos administrativos, de seus familiares e o desenvolvimento de habilidades durante o seu curso, os tornar\u00e3o a partir de hoje, detentores de um t\u00edtulo de gradua\u00e7\u00e3o, em um dos cursos oferecidos por meio do CDSA\/UFCG.\u201d<\/p>\n<p>\u201cEspero que possam um dia retornar ao Campus de Sum\u00e9 da UFCG como um colega de trabalho para desempenhar um trabalho essencial ao p\u00fablico.<\/p>\n<p>O servi\u00e7o p\u00fablico nos engrandece e faz a sociedade perceber e refletir o que seria de n\u00f3s se n\u00e3o fossem os trabalhadores que diariamente saem de suas casas para trabalhar na limpeza dos ambientes p\u00fablicos e privados, dos t\u00e9cnicos de enfermagem, das enfermeiras, dos biom\u00e9dicos, dos farmac\u00eauticos, dos motoristas, dos policiais, dos bombeiros e todas as profiss\u00f5es que s\u00e3o exercidas com dignidade e pensando na forma\u00e7\u00e3o de cidad\u00e3os.\u201d<\/p>\n<p>E o que falar dos professores e dos servidores t\u00e9cnicos administrativos? Todos foram mestres e doutores para aprender em um curto espa\u00e7o de tempo uma nova possibilidade de trabalho. Transformaram suas casas em escrit\u00f3rios, contrataram internet com maior velocidade, para oferecer o melhor para o p\u00fablico em geral, a finalidade maior da presta\u00e7\u00e3o do servi\u00e7o p\u00fablico.<\/p>\n<p>Espero que lembrem do Ensino P\u00fablico com carinho. Pois ele transforma nossas vidas, o Sistema \u00danico de Sa\u00fade brasileiro, o SUS, salva vidas, vacinas salvam vidas.<\/p>\n<p>A ci\u00eancia deve ser usada com parcim\u00f4nia e dedica\u00e7\u00e3o para descobertas e controle de doen\u00e7as, progresso da sociedade e gera\u00e7\u00e3o de riqueza para todos e n\u00e3o apenas para alguns.<\/p>\n<p>Na pior crise vivenciada em termos de sa\u00fade p\u00fablica, com repercuss\u00e3o econ\u00f4mica e financeira em nosso pa\u00eds, redu\u00e7\u00e3o do or\u00e7amento do MEC e dos recursos destinados, trouxeram desafios para a realiza\u00e7\u00e3o de a\u00e7\u00f5es administrativas no CDSA e, mais uma vez, ressalto que, sem a ajuda do Deputado Frei Anast\u00e1cio, nenhumas destas a\u00e7\u00f5es teria se tornado realidade.<\/p>\n<p>Estamos fazendo o poss\u00edvel para melhorar a condi\u00e7\u00e3o de trabalho e de estudo para toda a comunidade acad\u00eamica do CDSA-UFCG.\u00a0Meus agradecimentos em nome de todos os que fazem o CDSA-UFCG.<\/p>\n<p>Aos estudantes deixo a mensagem de que perseverem, sejam fortes e lutem por seus ideais. Mantenham-se sempre no caminho da verdade e da \u00e9tica profissional. N\u00e3o desistam de seus sonhos e trabalhem firme para conseguir seus objetivos.<\/p>\n<p>O CDSA est\u00e1 e continuar\u00e1 sempre de portas abertas para ajudar a todos e todas.\u201d<\/p>\n<p><strong><b>Homenageado Frei Anast\u00e1cio<\/b><\/strong><\/p>\n<p>\u201cQueria agradecer e dizer que fiquei muito feliz\u00a0e estou muito emocionado\u00a0por ter sido escolhido paraninfo\u00a0das turmas.\u00a0Confesso que toda vez que ou\u00e7o\u00a0de amigos, conhecidos ou parentes que algu\u00e9m est\u00e1 formando eu fico muito emocionado, pois a minha felicidade \u00e9 um misto de sensa\u00e7\u00e3o de que voc\u00eas est\u00e3o iniciando\u00a0uma Jornada para servirem\u00a0de\u00a0alicerce\u00a0desta na\u00e7\u00e3o brasileira.<\/p>\n<p>Que bom participar deste momento e\u00a0de\u00a0alguma forma ter\u00a0contribu\u00eddo para a jornada de voc\u00eas? Gra\u00e7as a Deus e\u00a0ao mandato de deputado federal que tenho a honra de ocupar\u00a0e\u00a0destinar durante tr\u00eas anos de mandato quase R$ 1\u00a0milh\u00e3o e 400\u00a0mil\u00a0para esta institui\u00e7\u00e3o, a Universidade Federal de Campina Grande,\u00a0Campus de Sum\u00e9.<\/p>\n<p>Este valor \u00e9 apenas o come\u00e7o de uma jornada ainda maior que teremos pela frente, contem comigo, entretanto, sabemos\u00a0que cada um evolui de acordo com suas necessidades\u00a0e transpuseram todas as\u00a0barreiras para finalizar uma etapa que come\u00e7ou\u00a0de uma jornada. O valor de voc\u00eas vai muito al\u00e9m das notas de provas,\u00a0boletim hist\u00f3rico escolar.\u00a0Muito al\u00e9m do que qualquer professor possa calcular,\u00a0o valor de voc\u00ea \u00e9\u00a0imensur\u00e1vel, por isso,\u00a0acredite em si mesmo, acredite em seu potencial e trilhem seus caminhos\u00a0e de sua maneira, pois,\u00a0com toda certeza,\u00a0ser\u00e1 incr\u00edvel.<\/p>\n<p>N\u00e3o deixem\u00a0que ningu\u00e9m diminua voc\u00eas,\u00a0superem\u00a0suas expectativas sempre, formandos.<\/p>\n<p>Todos os grandes fil\u00f3sofos escritores professores,\u00a0bem como todas as outras profiss\u00f5es,\u00a0chegaram t\u00e3o longe por acreditar em suas palavras em seu melhor e eu espero que voc\u00ea tamb\u00e9m acredite.<\/p>\n<p>O\u00a0ensino foi apenas uma pr\u00e9via de como ser\u00e1 a vida daqui para frente.\u00a0Com responsabilidade,\u00a0afazeres,\u00a0respeito, determina\u00e7\u00e3o e sempre com educa\u00e7\u00e3o.<\/p>\n<p>Levem\u00a0seus valores para todos que conhecerem pois\u00a0sei que cada aluno desta turma maravilhosa far\u00e1 a diferen\u00e7a no mundo para melhor ter a certeza\u00a0de tudo isso.<\/p>\n<p>Agrade\u00e7o a todos por ter me escolhido como paraninfo. E espero ter\u00a0escolhido as palavras certas.\u00a0\u00c9\u00a0a\u00a0primeira vez que eu sou paraninfo de uma turma assim.\u00a0Eu n\u00e3o sei como agradecer por tudo isso. A vida \u00e9 um c\u00edrculo de come\u00e7os e fins, e\u00a0hoje,\u00a0mais um ciclo se encerra para que depois voc\u00eas possam iniciar outros objetivos e metas.<\/p>\n<p>Fiquem\u00a0com os meus mais sinceros agradecimentos e meu compromisso de al\u00e9m dessa conclus\u00e3o de curso,\u00a0podem\u00a0contar pessoalmente comigo e eu conto com voc\u00eas. Muito obrigado\u00a0e sintam-se todos e todas abra\u00e7adas e continue contando com o nosso mandato em favor da educa\u00e7\u00e3o e da Universidade, muito obrigado.\u201d<\/p>\n<p><strong>Oradora Virg\u00ednia Micaela<\/strong><\/p>\n<p>O dia de hoje remete um filme, n\u00e3o necessariamente um filme com um roteiro programado e executado perfeitamente. Mas, sei que cada um aqui presente teve sua hist\u00f3ria, seu trajeto de forma individualizada, cada um enfrentando seus obst\u00e1culos, seus dias de incertezas, e com muita persist\u00eancia conseguiu chegar at\u00e9 aqui, e encerrar esse ciclo.<\/p>\n<p>Sabemos o quanto foi gratificante toda nossa trajet\u00f3ria, todas as amizades que ir\u00e3o nos acompanhar ao longo de nossa jornada, aquelas amizades que talvez n\u00e3o veremos com tanta frequ\u00eancia, mas iremos lembrar com muita gratid\u00e3o. Afinal, a vida \u00e9 feita de ciclos, alguns se encerram para outros come\u00e7arem.<\/p>\n<p>Chegou o momento de cada um seguir viagem sozinho, e que as experi\u00eancias compartilhadas no percurso at\u00e9 aqui sejam a alavanca para alcan\u00e7armos a alegria de chegar ao destino projetado.<\/p>\n<p>Al\u00e9m do diploma que alcan\u00e7amos como profissionais, hoje podemos dizer que tamb\u00e9m sairemos com o diploma para a vida, e sim, a educa\u00e7\u00e3o transforma vidas, e posso enfatizar que o Centro de Desenvolvimento Sustent\u00e1vel do Semi\u00e1rido transforma vidas, como Paulo Freire descreve \u201cEduca\u00e7\u00e3o n\u00e3o transforma o mundo. Educa\u00e7\u00e3o muda as pessoas. Pessoas transformam o mundo\u201d.<\/p>\n<p><strong><b>Perfil do homenageado<\/b><\/strong><\/p>\n<p>Biografia do Deputado Frei Anast\u00e1cio Ant\u00f4nio Ribeiro -Frei Anast\u00e1cio , nascido da cidade de Esperan\u00e7a do estado da Para\u00edba, em 03 de mar\u00e7o de 1944, filho da Sra Rosa Luna Lins e do Sr. Jo\u00e3o Ribeiro. Conhecido e reconhecido na luta pela Reforma Agr\u00e1ria na Para\u00edba, apoiando os trabalhadores rurais sem terra e a agricultura familiar, Frei Anast\u00e1cio j\u00e1 tem quase quarenta anos dedicados \u00e0 causa.<\/p>\n<p>Na luta em defesa dos interesses dos trabalhadores, o Deputado Frei Anast\u00e1cio n\u00e3o mede esfor\u00e7os nem mesmo palavras. Para ele, o que importa \u00e9 conseguir garantir melhores condi\u00e7\u00f5es de vida para a popula\u00e7\u00e3o. Foi com esse prop\u00f3sito com uma hist\u00f3ria marcada pela resist\u00eancia e coragem que ele chegou ao cargo de deputado. No exerc\u00edcio das atividades parlamentares, n\u00e3o podia ser diferente. Indignado com a pol\u00edtica de exclus\u00e3o e burocr\u00e1tica dos governos, Anast\u00e1cio faz do mandato a express\u00e3o do sentimento e das reivindica\u00e7\u00f5es de cada trabalhador.<\/p>\n<p>Tudo come\u00e7ou em 1969 quando Frei Anast\u00e1cio saiu do semin\u00e1rio em Lagoa Seca \u2013 da Ordem dos Franciscanos \u2013 ,e foi para o noviciado em Serinhanh\u00e9m, no interior de Pernambuco, cidade onde predominava a monocultura da cana-de-a\u00e7\u00facar. Nesse per\u00edodo, ele iniciou um trabalho nos engenhos, junto aos canavieiros.<\/p>\n<p>Nascido no interior do estado da Para\u00edba e filho de pequenos agricultores, a dura realidade desses trabalhadores rurais e a mis\u00e9ria em que viviam foram os aspectos que mais o impressionaram Frei Anast\u00e1cio. Foi a partir de ent\u00e3o que come\u00e7ou a refletir sobre a necessidade de mudan\u00e7a da sociedade. Come\u00e7ou tamb\u00e9m a pensar sobre a quest\u00e3o agr\u00e1ria, o desemprego e a opress\u00e3o que os trabalhadores sofriam.<\/p>\n<p>Sempre participou ativamente do movimento estudantil e popular. A partir da desapropria\u00e7\u00e3o da fazenda Mucatu, em 1976, come\u00e7aram v\u00e1rios conflitos no litoral paraibano. Todas essas lutas foram a base para a origem da Pastoral Rural na Para\u00edba, apoiados pelo arcebispo, na \u00e9poca, Dom Jos\u00e9 Maria Pires.<\/p>\n<p>O Frei Anast\u00e1cio permaneceu como vig\u00e1rio na casa do Convento Nossa Senhora do Ros\u00e1rio de 1985 a 1988, em Jaguaribe, onde mora at\u00e9 hoje. Com uma hist\u00f3ria marcada por pris\u00f5es arbitr\u00e1rias e condena\u00e7\u00f5es injustas, mas acima de tudo marcada por muitas conquistas: 1. Cria\u00e7\u00e3o da Comiss\u00e3o Pastoral da Terra, importante na luta pela democratiza\u00e7\u00e3o da terra na Para\u00edba, participando de v\u00e1rios eventos de import\u00e2ncia local e de Campanhas Globais pela Reforma Agr\u00e1ria; 2. Trouxe a discuss\u00e3o sobre a viol\u00eancia no campo contra trabalhadores rurais para a pauta e para os anais da Assembleia Legislativa da Para\u00edba, contribuindo para futuras discuss\u00f5es; 3. Com essas lutas conquistou tr\u00eas(3) mandatos de Deputado Estadual, a partir dos quais conseguiu aprovar projetos de lei, precisamente nas \u00e1reas de agricultura familiar, meio-ambiente, agroecologia, seguran\u00e7a p\u00fablica (com \u00eanfase ao Combate ao crime organizado e a viol\u00eancia no campo e na cidade), educa\u00e7\u00e3o e cultura, sustentabilidade, causas de interesse de ind\u00edgenas, transpar\u00eancia p\u00fablica, a\u00e7\u00f5es de reintegra\u00e7\u00f5es de posse e despejos , defesa de isen\u00e7\u00f5es e benef\u00edcios sociais para os menos favorecidos 4. Muitas de suas lutas e a\u00e7\u00f5es t\u00eam sido realizadas no intuito da oferta da educa\u00e7\u00e3o p\u00fablica, gratuita e de qualidade. A\u00e7\u00f5es como a defesa da educa\u00e7\u00e3o de qualidade no campo e na cidade; Escola em tempo integral; Elei\u00e7\u00e3o para diretor de escola no estado da Para\u00edba e Escola sustent\u00e1vel podem ser citadas como parte do roll de a\u00e7\u00f5es defendidas por meio dos seus mandatos. 5. Essas pautas t\u00eam sido intensificadas durante o seu mandato de Deputado Federal, a partir do ano de 2029, principalmente apoiando, por meio da destina\u00e7\u00e3o de emendas parlamentares, a manuten\u00e7\u00e3o da estrutura e amplia\u00e7\u00e3o de institui\u00e7\u00f5es de ensino criadas por meio do programa de Expans\u00e3o, interioriza\u00e7\u00e3o e acesso ao ensino superior no Estado da Para\u00edba.<\/p>\n<p>&nbsp;<\/p>\n<p>Assimp CDSA\/UFCG<\/p>\n","protected":false},"excerpt":{"rendered":"<p>Foi realizada nesta quarta-feira, 4 de maio de 2022, a solenidade de Cola\u00e7\u00e3o de Grau das turmas concluintes do Semestre 2021.1, do Centro de Desenvolvimento Sustent\u00e1vel do Semi\u00e1rido da Universidade federal de Campina Grande. O evento aconteceu de forma remota atrav\u00e9s com transmiss\u00e3o pelo\u00a0YouTube (veja aqui). Colaram grau formandos dos cursos de gradua\u00e7\u00e3o de Licenciatura em Ci\u00eancias Sociais,\u00a0Engenharia de Biossistemas,\u00a0Engenharia de Biotecnologia e Bioprocessos,\u00a0Engenharia de Produ\u00e7\u00e3o,\u00a0Interdisciplinar em Educa\u00e7\u00e3o do Campo e\u00a0Superior de Tecnologia em Gest\u00e3o P\u00fablica. O\u00a0homenageado nesta solenidade, escolhido como Paraninfo Geral das turmas concluintes\u00a0foi o deputado federal pela Para\u00edba, Frei Anast\u00e1cio, saudado pelo diretor\u00a0em exerc\u00edcio\u00a0do CDSA, professor Franklin Ferreira de Farias N\u00f3brega. A solenidade teve a participa\u00e7\u00e3o de representantes dos conselhos do CDSA\u00a0(CONSAD e CEPE), foi transmitida com tradu\u00e7\u00e3o em Libras\u00a0e teve como oradora\u00a0das turmas concluintes a aluna Virg\u00ednia Micaela de Amorim Silva, do curso Engenharia de Biotecnologia e Bioprocessos. Vejam alguns recortes dos discurso durante a solenidade: Diretor do Centro em exerc\u00edcio\u00a0Franklin N\u00f3brega \u201cA cada oportunidade dada, referenciamos a nossa gratid\u00e3o em absoluta medida de justi\u00e7a e reconhecimento aos servidores (terceirizados, docentes e t\u00e9cnicos administrativos), que em perene e m\u00fatuo esfor\u00e7o, se revelam cidad\u00e3os comprometidos com a educa\u00e7\u00e3o p\u00fablica e de qualidade, provocados pelos desafios das suas laborativas demandas, e provados pelo desvelo de suas a\u00e7\u00f5es em todos os ambientes acad\u00eamicos e administrativos. Aos alunos, nossos maiores credores, signat\u00e1rios em absoluto do honor\u00edfico fazer educacional, que assinala o conhecimento como for\u00e7a motriz capaz de alavancar sonhos, mudar realidades e projetar futuros, a partir deste nosso cariri ocidental, nossa maior rever\u00eancia e votos de sucesso. A estes, eu digo que hoje n\u00e3o representa apenas o fim de uma etapa, mas principalmente, o in\u00edcio de uma nova caminhada. O CDSA, nos seus 12 anos de exist\u00eancia e resist\u00eancia, firma-se na concretude das a\u00e7\u00f5es de ensino, pesquisa e extens\u00e3o, reduto exemplar de transforma\u00e7\u00f5es sociais, franqueando as portas do ensino superior, um arauto de esperan\u00e7a, para todos que vislumbram a educa\u00e7\u00e3o, como vereda certa e reta, capaz de levar, e elevar \u00e0 sociedade, ao status de justa e cidad\u00e3. Al\u00e9m do prop\u00f3sito imediato de possibilitar a in\u00fameros jovens o direito a uma forma\u00e7\u00e3o profissional de n\u00edvel superior p\u00fablica de qualidade, a inser\u00e7\u00e3o da UFCG no Cariri Paraibano tem como objetivo contribuir para a constru\u00e7\u00e3o de um novo paradigma cient\u00edfico-tecnol\u00f3gico para o desenvolvimento sustent\u00e1vel do semi\u00e1rido, abrindo novas perspectivas econ\u00f4micas, produtivas e educacionais para o seu povo e para a popula\u00e7\u00e3o que habita o Bioma Caatinga como um todo. A tessitura do hoje faz o amanh\u00e3. Precisamos desfiar, e desafiar&#8230; Portanto, s\u00e3o voc\u00e1bulos de ordem: prosseguir, marchar avante, ir adiante, continuar a jornada aprazada pelo per\u00edodo letivo, que se instaura, para os que aqui continuam; e, conquistar novos e desafiadores espa\u00e7os, para os que hoje concluem esta importante etapa.\u201d Sobre o Paraninfo, falou o diretor em exerc\u00edcio: \u201cEsse momento \u00e9 de gratid\u00e3o ao Frei Anast\u00e1cio, pelos recursos destinados ao CDSA e, principalmente, pela aten\u00e7\u00e3o destinada a educa\u00e7\u00e3o e outras causas de interesse do Cariri Paraibano. Por indica\u00e7\u00e3o da UATEC (Unidade Acad\u00eamica de Tecnologia do Desenvolvimento) e em nome das turmas de formandos 2021.1 dos cursos que fazem o Centro de Desenvolvimento Sustent\u00e1vel do Semi\u00e1rido, prestamos essa singela homenagem\u201d Fala do diretor do Centro Hugo Morais de Alc\u00e2ntara \u201cSabemos que todos voc\u00eas enfrentaram momentos de muito trabalho, cobran\u00e7as, alegrias e tristezas, mas com sabedoria, perseveran\u00e7a, for\u00e7a, f\u00e9, dedica\u00e7\u00e3o e apoio de seus familiares, est\u00e3o reunidos, neste momento, para celebrar a sua formatura, que deve ser lembrada com alegria e esperan\u00e7a. Todos e todas enfrentaram desafios, conflitos que nos amedrontam ou nos fortalecem, buscaram o conhecimento e a informa\u00e7\u00e3o, cumpriram \u00e0s atividades pertinentes a sua forma\u00e7\u00e3o acad\u00eamica em n\u00edvel superior, infelizmente em nosso Pa\u00eds, um privil\u00e9gio para poucos.\u201d Nos momentos dif\u00edceis o companheirismo, a amizade e ajuda de seus colegas de turma, dos servidores t\u00e9cnicos administrativos, de seus familiares e o desenvolvimento de habilidades durante o seu curso, os tornar\u00e3o a partir de hoje, detentores de um t\u00edtulo de gradua\u00e7\u00e3o, em um dos cursos oferecidos por meio do CDSA\/UFCG.\u201d \u201cEspero que possam um dia retornar ao Campus de Sum\u00e9 da UFCG como um colega de trabalho para desempenhar um trabalho essencial ao p\u00fablico. O servi\u00e7o p\u00fablico nos engrandece e faz a sociedade perceber e refletir o que seria de n\u00f3s se n\u00e3o fossem os trabalhadores que diariamente saem de suas casas para trabalhar na limpeza dos ambientes p\u00fablicos e privados, dos t\u00e9cnicos de enfermagem, das enfermeiras, dos biom\u00e9dicos, dos farmac\u00eauticos, dos motoristas, dos policiais, dos bombeiros e todas as profiss\u00f5es que s\u00e3o exercidas com dignidade e pensando na forma\u00e7\u00e3o de cidad\u00e3os.\u201d E o que falar dos professores e dos servidores t\u00e9cnicos administrativos? Todos foram mestres e doutores para aprender em um curto espa\u00e7o de tempo uma nova possibilidade de trabalho. Transformaram suas casas em escrit\u00f3rios, contrataram internet com maior velocidade, para oferecer o melhor para o p\u00fablico em geral, a finalidade maior da presta\u00e7\u00e3o do servi\u00e7o p\u00fablico. Espero que lembrem do Ensino P\u00fablico com carinho. Pois ele transforma nossas vidas, o Sistema \u00danico de Sa\u00fade brasileiro, o SUS, salva vidas, vacinas salvam vidas. A ci\u00eancia deve ser usada com parcim\u00f4nia e dedica\u00e7\u00e3o para descobertas e controle de doen\u00e7as, progresso da sociedade e gera\u00e7\u00e3o de riqueza para todos e n\u00e3o apenas para alguns. Na pior crise vivenciada em termos de sa\u00fade p\u00fablica, com repercuss\u00e3o econ\u00f4mica e financeira em nosso pa\u00eds, redu\u00e7\u00e3o do or\u00e7amento do MEC e dos recursos destinados, trouxeram desafios para a realiza\u00e7\u00e3o de a\u00e7\u00f5es administrativas no CDSA e, mais uma vez, ressalto que, sem a ajuda do Deputado Frei Anast\u00e1cio, nenhumas destas a\u00e7\u00f5es teria se tornado realidade. Estamos fazendo o poss\u00edvel para melhorar a condi\u00e7\u00e3o de trabalho e de estudo para toda a comunidade acad\u00eamica do CDSA-UFCG.\u00a0Meus agradecimentos em nome de todos os que fazem o CDSA-UFCG. Aos estudantes deixo a mensagem de que perseverem, sejam fortes e lutem por seus ideais. Mantenham-se sempre no caminho da verdade e da \u00e9tica profissional. N\u00e3o desistam de seus sonhos e trabalhem firme para conseguir seus objetivos. O CDSA est\u00e1 e continuar\u00e1 sempre de portas<\/p>\n","protected":false},"author":2,"featured_media":38587,"comment_status":"closed","ping_status":"open","sticky":false,"template":"","format":"standard","meta":{"_eb_attr":"","_jetpack_memberships_contains_paid_content":false,"footnotes":""},"categories":[6],"tags":[],"class_list":["post-38586","post","type-post","status-publish","format-standard","has-post-thumbnail","hentry","category-educacao"],"yoast_head":"<!-- This site is optimized with the Yoast SEO plugin v26.5 - https:\/\/yoast.com\/wordpress\/plugins\/seo\/ -->\n<title>CDSA forma novos profissionais em Cola\u00e7\u00e3o de Grau do semestre 2021.1 - Not&iacute;cias em Destaque<\/title>\n<meta name=\"robots\" content=\"index, follow, max-snippet:-1, max-image-preview:large, max-video-preview:-1\" \/>\n<link rel=\"canonical\" href=\"https:\/\/noticiasemdestaque.com\/cd\/?p=38586\" \/>\n<meta property=\"og:locale\" content=\"pt_BR\" \/>\n<meta property=\"og:type\" content=\"article\" \/>\n<meta property=\"og:title\" content=\"CDSA forma novos profissionais em Cola\u00e7\u00e3o de Grau do semestre 2021.1 - Not&iacute;cias em Destaque\" \/>\n<meta property=\"og:description\" content=\"Foi realizada nesta quarta-feira, 4 de maio de 2022, a solenidade de Cola\u00e7\u00e3o de Grau das turmas concluintes do Semestre 2021.1, do Centro de Desenvolvimento Sustent\u00e1vel do Semi\u00e1rido da Universidade federal de Campina Grande. O evento aconteceu de forma remota atrav\u00e9s com transmiss\u00e3o pelo\u00a0YouTube (veja aqui). Colaram grau formandos dos cursos de gradua\u00e7\u00e3o de Licenciatura em Ci\u00eancias Sociais,\u00a0Engenharia de Biossistemas,\u00a0Engenharia de Biotecnologia e Bioprocessos,\u00a0Engenharia de Produ\u00e7\u00e3o,\u00a0Interdisciplinar em Educa\u00e7\u00e3o do Campo e\u00a0Superior de Tecnologia em Gest\u00e3o P\u00fablica. O\u00a0homenageado nesta solenidade, escolhido como Paraninfo Geral das turmas concluintes\u00a0foi o deputado federal pela Para\u00edba, Frei Anast\u00e1cio, saudado pelo diretor\u00a0em exerc\u00edcio\u00a0do CDSA, professor Franklin Ferreira de Farias N\u00f3brega. A solenidade teve a participa\u00e7\u00e3o de representantes dos conselhos do CDSA\u00a0(CONSAD e CEPE), foi transmitida com tradu\u00e7\u00e3o em Libras\u00a0e teve como oradora\u00a0das turmas concluintes a aluna Virg\u00ednia Micaela de Amorim Silva, do curso Engenharia de Biotecnologia e Bioprocessos. Vejam alguns recortes dos discurso durante a solenidade: Diretor do Centro em exerc\u00edcio\u00a0Franklin N\u00f3brega \u201cA cada oportunidade dada, referenciamos a nossa gratid\u00e3o em absoluta medida de justi\u00e7a e reconhecimento aos servidores (terceirizados, docentes e t\u00e9cnicos administrativos), que em perene e m\u00fatuo esfor\u00e7o, se revelam cidad\u00e3os comprometidos com a educa\u00e7\u00e3o p\u00fablica e de qualidade, provocados pelos desafios das suas laborativas demandas, e provados pelo desvelo de suas a\u00e7\u00f5es em todos os ambientes acad\u00eamicos e administrativos. Aos alunos, nossos maiores credores, signat\u00e1rios em absoluto do honor\u00edfico fazer educacional, que assinala o conhecimento como for\u00e7a motriz capaz de alavancar sonhos, mudar realidades e projetar futuros, a partir deste nosso cariri ocidental, nossa maior rever\u00eancia e votos de sucesso. A estes, eu digo que hoje n\u00e3o representa apenas o fim de uma etapa, mas principalmente, o in\u00edcio de uma nova caminhada. O CDSA, nos seus 12 anos de exist\u00eancia e resist\u00eancia, firma-se na concretude das a\u00e7\u00f5es de ensino, pesquisa e extens\u00e3o, reduto exemplar de transforma\u00e7\u00f5es sociais, franqueando as portas do ensino superior, um arauto de esperan\u00e7a, para todos que vislumbram a educa\u00e7\u00e3o, como vereda certa e reta, capaz de levar, e elevar \u00e0 sociedade, ao status de justa e cidad\u00e3. Al\u00e9m do prop\u00f3sito imediato de possibilitar a in\u00fameros jovens o direito a uma forma\u00e7\u00e3o profissional de n\u00edvel superior p\u00fablica de qualidade, a inser\u00e7\u00e3o da UFCG no Cariri Paraibano tem como objetivo contribuir para a constru\u00e7\u00e3o de um novo paradigma cient\u00edfico-tecnol\u00f3gico para o desenvolvimento sustent\u00e1vel do semi\u00e1rido, abrindo novas perspectivas econ\u00f4micas, produtivas e educacionais para o seu povo e para a popula\u00e7\u00e3o que habita o Bioma Caatinga como um todo. A tessitura do hoje faz o amanh\u00e3. Precisamos desfiar, e desafiar&#8230; Portanto, s\u00e3o voc\u00e1bulos de ordem: prosseguir, marchar avante, ir adiante, continuar a jornada aprazada pelo per\u00edodo letivo, que se instaura, para os que aqui continuam; e, conquistar novos e desafiadores espa\u00e7os, para os que hoje concluem esta importante etapa.\u201d Sobre o Paraninfo, falou o diretor em exerc\u00edcio: \u201cEsse momento \u00e9 de gratid\u00e3o ao Frei Anast\u00e1cio, pelos recursos destinados ao CDSA e, principalmente, pela aten\u00e7\u00e3o destinada a educa\u00e7\u00e3o e outras causas de interesse do Cariri Paraibano. Por indica\u00e7\u00e3o da UATEC (Unidade Acad\u00eamica de Tecnologia do Desenvolvimento) e em nome das turmas de formandos 2021.1 dos cursos que fazem o Centro de Desenvolvimento Sustent\u00e1vel do Semi\u00e1rido, prestamos essa singela homenagem\u201d Fala do diretor do Centro Hugo Morais de Alc\u00e2ntara \u201cSabemos que todos voc\u00eas enfrentaram momentos de muito trabalho, cobran\u00e7as, alegrias e tristezas, mas com sabedoria, perseveran\u00e7a, for\u00e7a, f\u00e9, dedica\u00e7\u00e3o e apoio de seus familiares, est\u00e3o reunidos, neste momento, para celebrar a sua formatura, que deve ser lembrada com alegria e esperan\u00e7a. Todos e todas enfrentaram desafios, conflitos que nos amedrontam ou nos fortalecem, buscaram o conhecimento e a informa\u00e7\u00e3o, cumpriram \u00e0s atividades pertinentes a sua forma\u00e7\u00e3o acad\u00eamica em n\u00edvel superior, infelizmente em nosso Pa\u00eds, um privil\u00e9gio para poucos.\u201d Nos momentos dif\u00edceis o companheirismo, a amizade e ajuda de seus colegas de turma, dos servidores t\u00e9cnicos administrativos, de seus familiares e o desenvolvimento de habilidades durante o seu curso, os tornar\u00e3o a partir de hoje, detentores de um t\u00edtulo de gradua\u00e7\u00e3o, em um dos cursos oferecidos por meio do CDSA\/UFCG.\u201d \u201cEspero que possam um dia retornar ao Campus de Sum\u00e9 da UFCG como um colega de trabalho para desempenhar um trabalho essencial ao p\u00fablico. O servi\u00e7o p\u00fablico nos engrandece e faz a sociedade perceber e refletir o que seria de n\u00f3s se n\u00e3o fossem os trabalhadores que diariamente saem de suas casas para trabalhar na limpeza dos ambientes p\u00fablicos e privados, dos t\u00e9cnicos de enfermagem, das enfermeiras, dos biom\u00e9dicos, dos farmac\u00eauticos, dos motoristas, dos policiais, dos bombeiros e todas as profiss\u00f5es que s\u00e3o exercidas com dignidade e pensando na forma\u00e7\u00e3o de cidad\u00e3os.\u201d E o que falar dos professores e dos servidores t\u00e9cnicos administrativos? Todos foram mestres e doutores para aprender em um curto espa\u00e7o de tempo uma nova possibilidade de trabalho. Transformaram suas casas em escrit\u00f3rios, contrataram internet com maior velocidade, para oferecer o melhor para o p\u00fablico em geral, a finalidade maior da presta\u00e7\u00e3o do servi\u00e7o p\u00fablico. Espero que lembrem do Ensino P\u00fablico com carinho. Pois ele transforma nossas vidas, o Sistema \u00danico de Sa\u00fade brasileiro, o SUS, salva vidas, vacinas salvam vidas. A ci\u00eancia deve ser usada com parcim\u00f4nia e dedica\u00e7\u00e3o para descobertas e controle de doen\u00e7as, progresso da sociedade e gera\u00e7\u00e3o de riqueza para todos e n\u00e3o apenas para alguns. Na pior crise vivenciada em termos de sa\u00fade p\u00fablica, com repercuss\u00e3o econ\u00f4mica e financeira em nosso pa\u00eds, redu\u00e7\u00e3o do or\u00e7amento do MEC e dos recursos destinados, trouxeram desafios para a realiza\u00e7\u00e3o de a\u00e7\u00f5es administrativas no CDSA e, mais uma vez, ressalto que, sem a ajuda do Deputado Frei Anast\u00e1cio, nenhumas destas a\u00e7\u00f5es teria se tornado realidade. Estamos fazendo o poss\u00edvel para melhorar a condi\u00e7\u00e3o de trabalho e de estudo para toda a comunidade acad\u00eamica do CDSA-UFCG.\u00a0Meus agradecimentos em nome de todos os que fazem o CDSA-UFCG. Aos estudantes deixo a mensagem de que perseverem, sejam fortes e lutem por seus ideais. Mantenham-se sempre no caminho da verdade e da \u00e9tica profissional. N\u00e3o desistam de seus sonhos e trabalhem firme para conseguir seus objetivos. O CDSA est\u00e1 e continuar\u00e1 sempre de portas\" \/>\n<meta property=\"og:url\" content=\"https:\/\/noticiasemdestaque.com\/cd\/?p=38586\" \/>\n<meta property=\"og:site_name\" content=\"Not&iacute;cias em Destaque\" \/>\n<meta property=\"article:published_time\" content=\"2022-05-06T19:07:17+00:00\" \/>\n<meta property=\"og:image\" content=\"https:\/\/noticiasemdestaque.com\/cd\/wp-content\/uploads\/2022\/05\/colacao-grau-2021-1.png\" \/>\n\t<meta property=\"og:image:width\" content=\"515\" \/>\n\t<meta property=\"og:image:height\" content=\"226\" \/>\n\t<meta property=\"og:image:type\" content=\"image\/png\" \/>\n<meta name=\"author\" content=\"Not\u00edcias em Destaque\" \/>\n<meta name=\"twitter:card\" content=\"summary_large_image\" \/>\n<meta name=\"twitter:label1\" content=\"Escrito por\" \/>\n\t<meta name=\"twitter:data1\" content=\"Not\u00edcias em Destaque\" \/>\n\t<meta name=\"twitter:label2\" content=\"Est. tempo de leitura\" \/>\n\t<meta name=\"twitter:data2\" content=\"12 minutos\" \/>\n<script type=\"application\/ld+json\" class=\"yoast-schema-graph\">{\"@context\":\"https:\/\/schema.org\",\"@graph\":[{\"@type\":\"Article\",\"@id\":\"https:\/\/noticiasemdestaque.com\/cd\/?p=38586#article\",\"isPartOf\":{\"@id\":\"https:\/\/noticiasemdestaque.com\/cd\/?p=38586\"},\"author\":{\"name\":\"Not\u00edcias em Destaque\",\"@id\":\"https:\/\/noticiasemdestaque.com\/cd\/#\/schema\/person\/9c05c6816b191977f47499b3494ace52\"},\"headline\":\"CDSA forma novos profissionais em Cola\u00e7\u00e3o de Grau do semestre 2021.1\",\"datePublished\":\"2022-05-06T19:07:17+00:00\",\"mainEntityOfPage\":{\"@id\":\"https:\/\/noticiasemdestaque.com\/cd\/?p=38586\"},\"wordCount\":2510,\"publisher\":{\"@id\":\"https:\/\/noticiasemdestaque.com\/cd\/#organization\"},\"image\":{\"@id\":\"https:\/\/noticiasemdestaque.com\/cd\/?p=38586#primaryimage\"},\"thumbnailUrl\":\"https:\/\/noticiasemdestaque.com\/cd\/wp-content\/uploads\/2022\/05\/colacao-grau-2021-1.png\",\"articleSection\":[\"Educa\u00e7\u00e3o\"],\"inLanguage\":\"pt-BR\"},{\"@type\":\"WebPage\",\"@id\":\"https:\/\/noticiasemdestaque.com\/cd\/?p=38586\",\"url\":\"https:\/\/noticiasemdestaque.com\/cd\/?p=38586\",\"name\":\"CDSA forma novos profissionais em Cola\u00e7\u00e3o de Grau do semestre 2021.1 - Not&iacute;cias em Destaque\",\"isPartOf\":{\"@id\":\"https:\/\/noticiasemdestaque.com\/cd\/#website\"},\"primaryImageOfPage\":{\"@id\":\"https:\/\/noticiasemdestaque.com\/cd\/?p=38586#primaryimage\"},\"image\":{\"@id\":\"https:\/\/noticiasemdestaque.com\/cd\/?p=38586#primaryimage\"},\"thumbnailUrl\":\"https:\/\/noticiasemdestaque.com\/cd\/wp-content\/uploads\/2022\/05\/colacao-grau-2021-1.png\",\"datePublished\":\"2022-05-06T19:07:17+00:00\",\"breadcrumb\":{\"@id\":\"https:\/\/noticiasemdestaque.com\/cd\/?p=38586#breadcrumb\"},\"inLanguage\":\"pt-BR\",\"potentialAction\":[{\"@type\":\"ReadAction\",\"target\":[\"https:\/\/noticiasemdestaque.com\/cd\/?p=38586\"]}]},{\"@type\":\"ImageObject\",\"inLanguage\":\"pt-BR\",\"@id\":\"https:\/\/noticiasemdestaque.com\/cd\/?p=38586#primaryimage\",\"url\":\"https:\/\/noticiasemdestaque.com\/cd\/wp-content\/uploads\/2022\/05\/colacao-grau-2021-1.png\",\"contentUrl\":\"https:\/\/noticiasemdestaque.com\/cd\/wp-content\/uploads\/2022\/05\/colacao-grau-2021-1.png\",\"width\":515,\"height\":226},{\"@type\":\"BreadcrumbList\",\"@id\":\"https:\/\/noticiasemdestaque.com\/cd\/?p=38586#breadcrumb\",\"itemListElement\":[{\"@type\":\"ListItem\",\"position\":1,\"name\":\"In\u00edcio\",\"item\":\"https:\/\/noticiasemdestaque.com\/cd\/\"},{\"@type\":\"ListItem\",\"position\":2,\"name\":\"CDSA forma novos profissionais em Cola\u00e7\u00e3o de Grau do semestre 2021.1\"}]},{\"@type\":\"WebSite\",\"@id\":\"https:\/\/noticiasemdestaque.com\/cd\/#website\",\"url\":\"https:\/\/noticiasemdestaque.com\/cd\/\",\"name\":\"Not&iacute;cias em Destaque\",\"description\":\"\",\"publisher\":{\"@id\":\"https:\/\/noticiasemdestaque.com\/cd\/#organization\"},\"potentialAction\":[{\"@type\":\"SearchAction\",\"target\":{\"@type\":\"EntryPoint\",\"urlTemplate\":\"https:\/\/noticiasemdestaque.com\/cd\/?s={search_term_string}\"},\"query-input\":{\"@type\":\"PropertyValueSpecification\",\"valueRequired\":true,\"valueName\":\"search_term_string\"}}],\"inLanguage\":\"pt-BR\"},{\"@type\":\"Organization\",\"@id\":\"https:\/\/noticiasemdestaque.com\/cd\/#organization\",\"name\":\"Not\u00edcias em Destaque\",\"url\":\"https:\/\/noticiasemdestaque.com\/cd\/\",\"logo\":{\"@type\":\"ImageObject\",\"inLanguage\":\"pt-BR\",\"@id\":\"https:\/\/noticiasemdestaque.com\/cd\/#\/schema\/logo\/image\/\",\"url\":\"https:\/\/noticiasemdestaque.com\/cd\/wp-content\/uploads\/2022\/05\/imagem-base-noticiasemdestaque.png\",\"contentUrl\":\"https:\/\/noticiasemdestaque.com\/cd\/wp-content\/uploads\/2022\/05\/imagem-base-noticiasemdestaque.png\",\"width\":1200,\"height\":630,\"caption\":\"Not\u00edcias em Destaque\"},\"image\":{\"@id\":\"https:\/\/noticiasemdestaque.com\/cd\/#\/schema\/logo\/image\/\"}},{\"@type\":\"Person\",\"@id\":\"https:\/\/noticiasemdestaque.com\/cd\/#\/schema\/person\/9c05c6816b191977f47499b3494ace52\",\"name\":\"Not\u00edcias em Destaque\",\"url\":\"https:\/\/noticiasemdestaque.com\/cd\/?author=2\"}]}<\/script>\n<!-- \/ Yoast SEO plugin. -->","yoast_head_json":{"title":"CDSA forma novos profissionais em Cola\u00e7\u00e3o de Grau do semestre 2021.1 - Not&iacute;cias em Destaque","robots":{"index":"index","follow":"follow","max-snippet":"max-snippet:-1","max-image-preview":"max-image-preview:large","max-video-preview":"max-video-preview:-1"},"canonical":"https:\/\/noticiasemdestaque.com\/cd\/?p=38586","og_locale":"pt_BR","og_type":"article","og_title":"CDSA forma novos profissionais em Cola\u00e7\u00e3o de Grau do semestre 2021.1 - Not&iacute;cias em Destaque","og_description":"Foi realizada nesta quarta-feira, 4 de maio de 2022, a solenidade de Cola\u00e7\u00e3o de Grau das turmas concluintes do Semestre 2021.1, do Centro de Desenvolvimento Sustent\u00e1vel do Semi\u00e1rido da Universidade federal de Campina Grande. O evento aconteceu de forma remota atrav\u00e9s com transmiss\u00e3o pelo\u00a0YouTube (veja aqui). Colaram grau formandos dos cursos de gradua\u00e7\u00e3o de Licenciatura em Ci\u00eancias Sociais,\u00a0Engenharia de Biossistemas,\u00a0Engenharia de Biotecnologia e Bioprocessos,\u00a0Engenharia de Produ\u00e7\u00e3o,\u00a0Interdisciplinar em Educa\u00e7\u00e3o do Campo e\u00a0Superior de Tecnologia em Gest\u00e3o P\u00fablica. O\u00a0homenageado nesta solenidade, escolhido como Paraninfo Geral das turmas concluintes\u00a0foi o deputado federal pela Para\u00edba, Frei Anast\u00e1cio, saudado pelo diretor\u00a0em exerc\u00edcio\u00a0do CDSA, professor Franklin Ferreira de Farias N\u00f3brega. A solenidade teve a participa\u00e7\u00e3o de representantes dos conselhos do CDSA\u00a0(CONSAD e CEPE), foi transmitida com tradu\u00e7\u00e3o em Libras\u00a0e teve como oradora\u00a0das turmas concluintes a aluna Virg\u00ednia Micaela de Amorim Silva, do curso Engenharia de Biotecnologia e Bioprocessos. Vejam alguns recortes dos discurso durante a solenidade: Diretor do Centro em exerc\u00edcio\u00a0Franklin N\u00f3brega \u201cA cada oportunidade dada, referenciamos a nossa gratid\u00e3o em absoluta medida de justi\u00e7a e reconhecimento aos servidores (terceirizados, docentes e t\u00e9cnicos administrativos), que em perene e m\u00fatuo esfor\u00e7o, se revelam cidad\u00e3os comprometidos com a educa\u00e7\u00e3o p\u00fablica e de qualidade, provocados pelos desafios das suas laborativas demandas, e provados pelo desvelo de suas a\u00e7\u00f5es em todos os ambientes acad\u00eamicos e administrativos. Aos alunos, nossos maiores credores, signat\u00e1rios em absoluto do honor\u00edfico fazer educacional, que assinala o conhecimento como for\u00e7a motriz capaz de alavancar sonhos, mudar realidades e projetar futuros, a partir deste nosso cariri ocidental, nossa maior rever\u00eancia e votos de sucesso. A estes, eu digo que hoje n\u00e3o representa apenas o fim de uma etapa, mas principalmente, o in\u00edcio de uma nova caminhada. O CDSA, nos seus 12 anos de exist\u00eancia e resist\u00eancia, firma-se na concretude das a\u00e7\u00f5es de ensino, pesquisa e extens\u00e3o, reduto exemplar de transforma\u00e7\u00f5es sociais, franqueando as portas do ensino superior, um arauto de esperan\u00e7a, para todos que vislumbram a educa\u00e7\u00e3o, como vereda certa e reta, capaz de levar, e elevar \u00e0 sociedade, ao status de justa e cidad\u00e3. Al\u00e9m do prop\u00f3sito imediato de possibilitar a in\u00fameros jovens o direito a uma forma\u00e7\u00e3o profissional de n\u00edvel superior p\u00fablica de qualidade, a inser\u00e7\u00e3o da UFCG no Cariri Paraibano tem como objetivo contribuir para a constru\u00e7\u00e3o de um novo paradigma cient\u00edfico-tecnol\u00f3gico para o desenvolvimento sustent\u00e1vel do semi\u00e1rido, abrindo novas perspectivas econ\u00f4micas, produtivas e educacionais para o seu povo e para a popula\u00e7\u00e3o que habita o Bioma Caatinga como um todo. A tessitura do hoje faz o amanh\u00e3. Precisamos desfiar, e desafiar&#8230; Portanto, s\u00e3o voc\u00e1bulos de ordem: prosseguir, marchar avante, ir adiante, continuar a jornada aprazada pelo per\u00edodo letivo, que se instaura, para os que aqui continuam; e, conquistar novos e desafiadores espa\u00e7os, para os que hoje concluem esta importante etapa.\u201d Sobre o Paraninfo, falou o diretor em exerc\u00edcio: \u201cEsse momento \u00e9 de gratid\u00e3o ao Frei Anast\u00e1cio, pelos recursos destinados ao CDSA e, principalmente, pela aten\u00e7\u00e3o destinada a educa\u00e7\u00e3o e outras causas de interesse do Cariri Paraibano. Por indica\u00e7\u00e3o da UATEC (Unidade Acad\u00eamica de Tecnologia do Desenvolvimento) e em nome das turmas de formandos 2021.1 dos cursos que fazem o Centro de Desenvolvimento Sustent\u00e1vel do Semi\u00e1rido, prestamos essa singela homenagem\u201d Fala do diretor do Centro Hugo Morais de Alc\u00e2ntara \u201cSabemos que todos voc\u00eas enfrentaram momentos de muito trabalho, cobran\u00e7as, alegrias e tristezas, mas com sabedoria, perseveran\u00e7a, for\u00e7a, f\u00e9, dedica\u00e7\u00e3o e apoio de seus familiares, est\u00e3o reunidos, neste momento, para celebrar a sua formatura, que deve ser lembrada com alegria e esperan\u00e7a. Todos e todas enfrentaram desafios, conflitos que nos amedrontam ou nos fortalecem, buscaram o conhecimento e a informa\u00e7\u00e3o, cumpriram \u00e0s atividades pertinentes a sua forma\u00e7\u00e3o acad\u00eamica em n\u00edvel superior, infelizmente em nosso Pa\u00eds, um privil\u00e9gio para poucos.\u201d Nos momentos dif\u00edceis o companheirismo, a amizade e ajuda de seus colegas de turma, dos servidores t\u00e9cnicos administrativos, de seus familiares e o desenvolvimento de habilidades durante o seu curso, os tornar\u00e3o a partir de hoje, detentores de um t\u00edtulo de gradua\u00e7\u00e3o, em um dos cursos oferecidos por meio do CDSA\/UFCG.\u201d \u201cEspero que possam um dia retornar ao Campus de Sum\u00e9 da UFCG como um colega de trabalho para desempenhar um trabalho essencial ao p\u00fablico. O servi\u00e7o p\u00fablico nos engrandece e faz a sociedade perceber e refletir o que seria de n\u00f3s se n\u00e3o fossem os trabalhadores que diariamente saem de suas casas para trabalhar na limpeza dos ambientes p\u00fablicos e privados, dos t\u00e9cnicos de enfermagem, das enfermeiras, dos biom\u00e9dicos, dos farmac\u00eauticos, dos motoristas, dos policiais, dos bombeiros e todas as profiss\u00f5es que s\u00e3o exercidas com dignidade e pensando na forma\u00e7\u00e3o de cidad\u00e3os.\u201d E o que falar dos professores e dos servidores t\u00e9cnicos administrativos? Todos foram mestres e doutores para aprender em um curto espa\u00e7o de tempo uma nova possibilidade de trabalho. Transformaram suas casas em escrit\u00f3rios, contrataram internet com maior velocidade, para oferecer o melhor para o p\u00fablico em geral, a finalidade maior da presta\u00e7\u00e3o do servi\u00e7o p\u00fablico. Espero que lembrem do Ensino P\u00fablico com carinho. Pois ele transforma nossas vidas, o Sistema \u00danico de Sa\u00fade brasileiro, o SUS, salva vidas, vacinas salvam vidas. A ci\u00eancia deve ser usada com parcim\u00f4nia e dedica\u00e7\u00e3o para descobertas e controle de doen\u00e7as, progresso da sociedade e gera\u00e7\u00e3o de riqueza para todos e n\u00e3o apenas para alguns. Na pior crise vivenciada em termos de sa\u00fade p\u00fablica, com repercuss\u00e3o econ\u00f4mica e financeira em nosso pa\u00eds, redu\u00e7\u00e3o do or\u00e7amento do MEC e dos recursos destinados, trouxeram desafios para a realiza\u00e7\u00e3o de a\u00e7\u00f5es administrativas no CDSA e, mais uma vez, ressalto que, sem a ajuda do Deputado Frei Anast\u00e1cio, nenhumas destas a\u00e7\u00f5es teria se tornado realidade. Estamos fazendo o poss\u00edvel para melhorar a condi\u00e7\u00e3o de trabalho e de estudo para toda a comunidade acad\u00eamica do CDSA-UFCG.\u00a0Meus agradecimentos em nome de todos os que fazem o CDSA-UFCG. Aos estudantes deixo a mensagem de que perseverem, sejam fortes e lutem por seus ideais. Mantenham-se sempre no caminho da verdade e da \u00e9tica profissional. N\u00e3o desistam de seus sonhos e trabalhem firme para conseguir seus objetivos. O CDSA est\u00e1 e continuar\u00e1 sempre de portas","og_url":"https:\/\/noticiasemdestaque.com\/cd\/?p=38586","og_site_name":"Not&iacute;cias em Destaque","article_published_time":"2022-05-06T19:07:17+00:00","og_image":[{"width":515,"height":226,"url":"https:\/\/noticiasemdestaque.com\/cd\/wp-content\/uploads\/2022\/05\/colacao-grau-2021-1.png","type":"image\/png"}],"author":"Not\u00edcias em Destaque","twitter_card":"summary_large_image","twitter_misc":{"Escrito por":"Not\u00edcias em Destaque","Est. tempo de leitura":"12 minutos"},"schema":{"@context":"https:\/\/schema.org","@graph":[{"@type":"Article","@id":"https:\/\/noticiasemdestaque.com\/cd\/?p=38586#article","isPartOf":{"@id":"https:\/\/noticiasemdestaque.com\/cd\/?p=38586"},"author":{"name":"Not\u00edcias em Destaque","@id":"https:\/\/noticiasemdestaque.com\/cd\/#\/schema\/person\/9c05c6816b191977f47499b3494ace52"},"headline":"CDSA forma novos profissionais em Cola\u00e7\u00e3o de Grau do semestre 2021.1","datePublished":"2022-05-06T19:07:17+00:00","mainEntityOfPage":{"@id":"https:\/\/noticiasemdestaque.com\/cd\/?p=38586"},"wordCount":2510,"publisher":{"@id":"https:\/\/noticiasemdestaque.com\/cd\/#organization"},"image":{"@id":"https:\/\/noticiasemdestaque.com\/cd\/?p=38586#primaryimage"},"thumbnailUrl":"https:\/\/noticiasemdestaque.com\/cd\/wp-content\/uploads\/2022\/05\/colacao-grau-2021-1.png","articleSection":["Educa\u00e7\u00e3o"],"inLanguage":"pt-BR"},{"@type":"WebPage","@id":"https:\/\/noticiasemdestaque.com\/cd\/?p=38586","url":"https:\/\/noticiasemdestaque.com\/cd\/?p=38586","name":"CDSA forma novos profissionais em Cola\u00e7\u00e3o de Grau do semestre 2021.1 - Not&iacute;cias em Destaque","isPartOf":{"@id":"https:\/\/noticiasemdestaque.com\/cd\/#website"},"primaryImageOfPage":{"@id":"https:\/\/noticiasemdestaque.com\/cd\/?p=38586#primaryimage"},"image":{"@id":"https:\/\/noticiasemdestaque.com\/cd\/?p=38586#primaryimage"},"thumbnailUrl":"https:\/\/noticiasemdestaque.com\/cd\/wp-content\/uploads\/2022\/05\/colacao-grau-2021-1.png","datePublished":"2022-05-06T19:07:17+00:00","breadcrumb":{"@id":"https:\/\/noticiasemdestaque.com\/cd\/?p=38586#breadcrumb"},"inLanguage":"pt-BR","potentialAction":[{"@type":"ReadAction","target":["https:\/\/noticiasemdestaque.com\/cd\/?p=38586"]}]},{"@type":"ImageObject","inLanguage":"pt-BR","@id":"https:\/\/noticiasemdestaque.com\/cd\/?p=38586#primaryimage","url":"https:\/\/noticiasemdestaque.com\/cd\/wp-content\/uploads\/2022\/05\/colacao-grau-2021-1.png","contentUrl":"https:\/\/noticiasemdestaque.com\/cd\/wp-content\/uploads\/2022\/05\/colacao-grau-2021-1.png","width":515,"height":226},{"@type":"BreadcrumbList","@id":"https:\/\/noticiasemdestaque.com\/cd\/?p=38586#breadcrumb","itemListElement":[{"@type":"ListItem","position":1,"name":"In\u00edcio","item":"https:\/\/noticiasemdestaque.com\/cd\/"},{"@type":"ListItem","position":2,"name":"CDSA forma novos profissionais em Cola\u00e7\u00e3o de Grau do semestre 2021.1"}]},{"@type":"WebSite","@id":"https:\/\/noticiasemdestaque.com\/cd\/#website","url":"https:\/\/noticiasemdestaque.com\/cd\/","name":"Not&iacute;cias em Destaque","description":"","publisher":{"@id":"https:\/\/noticiasemdestaque.com\/cd\/#organization"},"potentialAction":[{"@type":"SearchAction","target":{"@type":"EntryPoint","urlTemplate":"https:\/\/noticiasemdestaque.com\/cd\/?s={search_term_string}"},"query-input":{"@type":"PropertyValueSpecification","valueRequired":true,"valueName":"search_term_string"}}],"inLanguage":"pt-BR"},{"@type":"Organization","@id":"https:\/\/noticiasemdestaque.com\/cd\/#organization","name":"Not\u00edcias em Destaque","url":"https:\/\/noticiasemdestaque.com\/cd\/","logo":{"@type":"ImageObject","inLanguage":"pt-BR","@id":"https:\/\/noticiasemdestaque.com\/cd\/#\/schema\/logo\/image\/","url":"https:\/\/noticiasemdestaque.com\/cd\/wp-content\/uploads\/2022\/05\/imagem-base-noticiasemdestaque.png","contentUrl":"https:\/\/noticiasemdestaque.com\/cd\/wp-content\/uploads\/2022\/05\/imagem-base-noticiasemdestaque.png","width":1200,"height":630,"caption":"Not\u00edcias em Destaque"},"image":{"@id":"https:\/\/noticiasemdestaque.com\/cd\/#\/schema\/logo\/image\/"}},{"@type":"Person","@id":"https:\/\/noticiasemdestaque.com\/cd\/#\/schema\/person\/9c05c6816b191977f47499b3494ace52","name":"Not\u00edcias em Destaque","url":"https:\/\/noticiasemdestaque.com\/cd\/?author=2"}]}},"jetpack_featured_media_url":"https:\/\/noticiasemdestaque.com\/cd\/wp-content\/uploads\/2022\/05\/colacao-grau-2021-1.png","jetpack_sharing_enabled":true,"_links":{"self":[{"href":"https:\/\/noticiasemdestaque.com\/cd\/index.php?rest_route=\/wp\/v2\/posts\/38586","targetHints":{"allow":["GET"]}}],"collection":[{"href":"https:\/\/noticiasemdestaque.com\/cd\/index.php?rest_route=\/wp\/v2\/posts"}],"about":[{"href":"https:\/\/noticiasemdestaque.com\/cd\/index.php?rest_route=\/wp\/v2\/types\/post"}],"author":[{"embeddable":true,"href":"https:\/\/noticiasemdestaque.com\/cd\/index.php?rest_route=\/wp\/v2\/users\/2"}],"replies":[{"embeddable":true,"href":"https:\/\/noticiasemdestaque.com\/cd\/index.php?rest_route=%2Fwp%2Fv2%2Fcomments&post=38586"}],"version-history":[{"count":1,"href":"https:\/\/noticiasemdestaque.com\/cd\/index.php?rest_route=\/wp\/v2\/posts\/38586\/revisions"}],"predecessor-version":[{"id":38588,"href":"https:\/\/noticiasemdestaque.com\/cd\/index.php?rest_route=\/wp\/v2\/posts\/38586\/revisions\/38588"}],"wp:featuredmedia":[{"embeddable":true,"href":"https:\/\/noticiasemdestaque.com\/cd\/index.php?rest_route=\/wp\/v2\/media\/38587"}],"wp:attachment":[{"href":"https:\/\/noticiasemdestaque.com\/cd\/index.php?rest_route=%2Fwp%2Fv2%2Fmedia&parent=38586"}],"wp:term":[{"taxonomy":"category","embeddable":true,"href":"https:\/\/noticiasemdestaque.com\/cd\/index.php?rest_route=%2Fwp%2Fv2%2Fcategories&post=38586"},{"taxonomy":"post_tag","embeddable":true,"href":"https:\/\/noticiasemdestaque.com\/cd\/index.php?rest_route=%2Fwp%2Fv2%2Ftags&post=38586"}],"curies":[{"name":"wp","href":"https:\/\/api.w.org\/{rel}","templated":true}]}}