{"id":38579,"date":"2022-05-06T16:01:45","date_gmt":"2022-05-06T19:01:45","guid":{"rendered":"http:\/\/noticiasemdestaque.com\/cd\/?p=38579"},"modified":"2022-05-06T16:01:45","modified_gmt":"2022-05-06T19:01:45","slug":"alckmin-testa-positivo-para-covid-19-e-participara-por-video-do-lancamento-da-chapa-com-lula","status":"publish","type":"post","link":"https:\/\/noticiasemdestaque.com\/cd\/?p=38579","title":{"rendered":"Alckmin testa positivo para Covid-19 e participar\u00e1 por v\u00eddeo do lan\u00e7amento da chapa com Lula"},"content":{"rendered":"<figure id=\"attachment_38580\" aria-describedby=\"caption-attachment-38580\" style=\"width: 300px\" class=\"wp-caption aligncenter\"><a href=\"https:\/\/noticiasemdestaque.com\/cd\/wp-content\/uploads\/2022\/05\/Lula-Alckmin-PSB-Congresso-PT-Campanha-Eleicoes2022-13-scaled-1.jpg\"><img fetchpriority=\"high\" decoding=\"async\" class=\"size-medium wp-image-38580\" src=\"https:\/\/noticiasemdestaque.com\/cd\/wp-content\/uploads\/2022\/05\/Lula-Alckmin-PSB-Congresso-PT-Campanha-Eleicoes2022-13-scaled-1-300x200.jpg\" alt=\"\" width=\"300\" height=\"200\" srcset=\"https:\/\/noticiasemdestaque.com\/cd\/wp-content\/uploads\/2022\/05\/Lula-Alckmin-PSB-Congresso-PT-Campanha-Eleicoes2022-13-scaled-1-300x200.jpg 300w, https:\/\/noticiasemdestaque.com\/cd\/wp-content\/uploads\/2022\/05\/Lula-Alckmin-PSB-Congresso-PT-Campanha-Eleicoes2022-13-scaled-1-1024x683.jpg 1024w, https:\/\/noticiasemdestaque.com\/cd\/wp-content\/uploads\/2022\/05\/Lula-Alckmin-PSB-Congresso-PT-Campanha-Eleicoes2022-13-scaled-1-768x512.jpg 768w, https:\/\/noticiasemdestaque.com\/cd\/wp-content\/uploads\/2022\/05\/Lula-Alckmin-PSB-Congresso-PT-Campanha-Eleicoes2022-13-scaled-1-1536x1024.jpg 1536w, https:\/\/noticiasemdestaque.com\/cd\/wp-content\/uploads\/2022\/05\/Lula-Alckmin-PSB-Congresso-PT-Campanha-Eleicoes2022-13-scaled-1-2048x1366.jpg 2048w\" sizes=\"(max-width: 300px) 100vw, 300px\" \/><\/a><figcaption id=\"caption-attachment-38580\" class=\"wp-caption-text\">O pre-canditado Lula da Sila e Geraldo Alckmin participam do Cogresso do PSB, em Brasilia. | S\u00e9rgio Lima\/Poder360 28.04.2022<\/figcaption><\/figure>\n<p>Candidato a vice na chapa com o ex-presidente Luiz In\u00e1cio Lula da Silva, o ex-governador Geraldo Alckmin est\u00e1 com Covid-19 e n\u00e3o poder\u00e1 participar pessoalmente do evento de lan\u00e7amento da pr\u00e9-candidatura, no s\u00e1bado, como estava previsto.<\/p>\n<p>De acordo com sua assessoria, o ex-governador, que faria um dos dois discursos do evento &#8211;o outro \u00e9 de Lula&#8211; ir\u00e1 participar por v\u00eddeo.<\/p>\n<p>De acordo com uma fonte petista, chegou-se a analisar mais uma mudan\u00e7a no dia do evento, mas a avalia\u00e7\u00e3o foi de que seria invi\u00e1vel fazer isso na v\u00e9spera do lan\u00e7amento da pr\u00e9-candidatura.<\/p>\n<p>Com Brasil 247<\/p>\n","protected":false},"excerpt":{"rendered":"<p>Candidato a vice na chapa com o ex-presidente Luiz In\u00e1cio Lula da Silva, o ex-governador Geraldo Alckmin est\u00e1 com Covid-19 e n\u00e3o poder\u00e1 participar pessoalmente do evento de lan\u00e7amento da pr\u00e9-candidatura, no s\u00e1bado, como estava previsto. De acordo com sua assessoria, o ex-governador, que faria um dos dois discursos do evento &#8211;o outro \u00e9 de Lula&#8211; ir\u00e1 participar por v\u00eddeo. De acordo com uma fonte petista, chegou-se a analisar mais uma mudan\u00e7a no dia do evento, mas a avalia\u00e7\u00e3o foi de que seria invi\u00e1vel fazer isso na v\u00e9spera do lan\u00e7amento da pr\u00e9-candidatura. Com Brasil 247<\/p>\n","protected":false},"author":2,"featured_media":38580,"comment_status":"closed","ping_status":"open","sticky":false,"template":"","format":"standard","meta":{"_eb_attr":"","_jetpack_memberships_contains_paid_content":false,"footnotes":""},"categories":[4],"tags":[],"class_list":["post-38579","post","type-post","status-publish","format-standard","has-post-thumbnail","hentry","category-politica"],"yoast_head":"<!-- This site is optimized with the Yoast SEO plugin v26.5 - https:\/\/yoast.com\/wordpress\/plugins\/seo\/ -->\n<title>Alckmin testa positivo para Covid-19 e participar\u00e1 por v\u00eddeo do lan\u00e7amento da chapa com Lula - Not&iacute;cias em Destaque<\/title>\n<meta name=\"robots\" content=\"index, follow, max-snippet:-1, max-image-preview:large, max-video-preview:-1\" \/>\n<link rel=\"canonical\" href=\"https:\/\/noticiasemdestaque.com\/cd\/?p=38579\" \/>\n<meta property=\"og:locale\" content=\"pt_BR\" \/>\n<meta property=\"og:type\" content=\"article\" \/>\n<meta property=\"og:title\" content=\"Alckmin testa positivo para Covid-19 e participar\u00e1 por v\u00eddeo do lan\u00e7amento da chapa com Lula - Not&iacute;cias em Destaque\" \/>\n<meta property=\"og:description\" content=\"Candidato a vice na chapa com o ex-presidente Luiz In\u00e1cio Lula da Silva, o ex-governador Geraldo Alckmin est\u00e1 com Covid-19 e n\u00e3o poder\u00e1 participar pessoalmente do evento de lan\u00e7amento da pr\u00e9-candidatura, no s\u00e1bado, como estava previsto. De acordo com sua assessoria, o ex-governador, que faria um dos dois discursos do evento &#8211;o outro \u00e9 de Lula&#8211; ir\u00e1 participar por v\u00eddeo. De acordo com uma fonte petista, chegou-se a analisar mais uma mudan\u00e7a no dia do evento, mas a avalia\u00e7\u00e3o foi de que seria invi\u00e1vel fazer isso na v\u00e9spera do lan\u00e7amento da pr\u00e9-candidatura. Com Brasil 247\" \/>\n<meta property=\"og:url\" content=\"https:\/\/noticiasemdestaque.com\/cd\/?p=38579\" \/>\n<meta property=\"og:site_name\" content=\"Not&iacute;cias em Destaque\" \/>\n<meta property=\"article:published_time\" content=\"2022-05-06T19:01:45+00:00\" \/>\n<meta property=\"og:image\" content=\"https:\/\/noticiasemdestaque.com\/cd\/wp-content\/uploads\/2022\/05\/Lula-Alckmin-PSB-Congresso-PT-Campanha-Eleicoes2022-13-scaled-1.jpg\" \/>\n\t<meta property=\"og:image:width\" content=\"2560\" \/>\n\t<meta property=\"og:image:height\" content=\"1707\" \/>\n\t<meta property=\"og:image:type\" content=\"image\/jpeg\" \/>\n<meta name=\"author\" content=\"Not\u00edcias em Destaque\" \/>\n<meta name=\"twitter:card\" content=\"summary_large_image\" \/>\n<meta name=\"twitter:label1\" content=\"Escrito por\" \/>\n\t<meta name=\"twitter:data1\" content=\"Not\u00edcias em Destaque\" \/>\n\t<meta name=\"twitter:label2\" content=\"Est. tempo de leitura\" \/>\n\t<meta name=\"twitter:data2\" content=\"1 minuto\" \/>\n<script type=\"application\/ld+json\" class=\"yoast-schema-graph\">{\"@context\":\"https:\/\/schema.org\",\"@graph\":[{\"@type\":\"Article\",\"@id\":\"https:\/\/noticiasemdestaque.com\/cd\/?p=38579#article\",\"isPartOf\":{\"@id\":\"https:\/\/noticiasemdestaque.com\/cd\/?p=38579\"},\"author\":{\"name\":\"Not\u00edcias em Destaque\",\"@id\":\"https:\/\/noticiasemdestaque.com\/cd\/#\/schema\/person\/21320b03a7e8bb90128938dafc9b908a\"},\"headline\":\"Alckmin testa positivo para Covid-19 e participar\u00e1 por v\u00eddeo do lan\u00e7amento da chapa com Lula\",\"datePublished\":\"2022-05-06T19:01:45+00:00\",\"mainEntityOfPage\":{\"@id\":\"https:\/\/noticiasemdestaque.com\/cd\/?p=38579\"},\"wordCount\":148,\"publisher\":{\"@id\":\"https:\/\/noticiasemdestaque.com\/cd\/#organization\"},\"image\":{\"@id\":\"https:\/\/noticiasemdestaque.com\/cd\/?p=38579#primaryimage\"},\"thumbnailUrl\":\"https:\/\/noticiasemdestaque.com\/cd\/wp-content\/uploads\/2022\/05\/Lula-Alckmin-PSB-Congresso-PT-Campanha-Eleicoes2022-13-scaled-1.jpg\",\"articleSection\":[\"Pol\u00edtica\"],\"inLanguage\":\"pt-BR\"},{\"@type\":\"WebPage\",\"@id\":\"https:\/\/noticiasemdestaque.com\/cd\/?p=38579\",\"url\":\"https:\/\/noticiasemdestaque.com\/cd\/?p=38579\",\"name\":\"Alckmin testa positivo para Covid-19 e participar\u00e1 por v\u00eddeo do lan\u00e7amento da chapa com Lula - Not&iacute;cias em Destaque\",\"isPartOf\":{\"@id\":\"https:\/\/noticiasemdestaque.com\/cd\/#website\"},\"primaryImageOfPage\":{\"@id\":\"https:\/\/noticiasemdestaque.com\/cd\/?p=38579#primaryimage\"},\"image\":{\"@id\":\"https:\/\/noticiasemdestaque.com\/cd\/?p=38579#primaryimage\"},\"thumbnailUrl\":\"https:\/\/noticiasemdestaque.com\/cd\/wp-content\/uploads\/2022\/05\/Lula-Alckmin-PSB-Congresso-PT-Campanha-Eleicoes2022-13-scaled-1.jpg\",\"datePublished\":\"2022-05-06T19:01:45+00:00\",\"breadcrumb\":{\"@id\":\"https:\/\/noticiasemdestaque.com\/cd\/?p=38579#breadcrumb\"},\"inLanguage\":\"pt-BR\",\"potentialAction\":[{\"@type\":\"ReadAction\",\"target\":[\"https:\/\/noticiasemdestaque.com\/cd\/?p=38579\"]}]},{\"@type\":\"ImageObject\",\"inLanguage\":\"pt-BR\",\"@id\":\"https:\/\/noticiasemdestaque.com\/cd\/?p=38579#primaryimage\",\"url\":\"https:\/\/noticiasemdestaque.com\/cd\/wp-content\/uploads\/2022\/05\/Lula-Alckmin-PSB-Congresso-PT-Campanha-Eleicoes2022-13-scaled-1.jpg\",\"contentUrl\":\"https:\/\/noticiasemdestaque.com\/cd\/wp-content\/uploads\/2022\/05\/Lula-Alckmin-PSB-Congresso-PT-Campanha-Eleicoes2022-13-scaled-1.jpg\",\"width\":2560,\"height\":1707,\"caption\":\"O pre-canditado Lula da Sila e Geraldo Alckmin participam do Cogresso do PSB, em Brasilia. | S\u00e9rgio Lima\/Poder360 28.04.2022\"},{\"@type\":\"BreadcrumbList\",\"@id\":\"https:\/\/noticiasemdestaque.com\/cd\/?p=38579#breadcrumb\",\"itemListElement\":[{\"@type\":\"ListItem\",\"position\":1,\"name\":\"In\u00edcio\",\"item\":\"https:\/\/noticiasemdestaque.com\/cd\/\"},{\"@type\":\"ListItem\",\"position\":2,\"name\":\"Alckmin testa positivo para Covid-19 e participar\u00e1 por v\u00eddeo do lan\u00e7amento da chapa com Lula\"}]},{\"@type\":\"WebSite\",\"@id\":\"https:\/\/noticiasemdestaque.com\/cd\/#website\",\"url\":\"https:\/\/noticiasemdestaque.com\/cd\/\",\"name\":\"Not&iacute;cias em Destaque\",\"description\":\"\",\"publisher\":{\"@id\":\"https:\/\/noticiasemdestaque.com\/cd\/#organization\"},\"potentialAction\":[{\"@type\":\"SearchAction\",\"target\":{\"@type\":\"EntryPoint\",\"urlTemplate\":\"https:\/\/noticiasemdestaque.com\/cd\/?s={search_term_string}\"},\"query-input\":{\"@type\":\"PropertyValueSpecification\",\"valueRequired\":true,\"valueName\":\"search_term_string\"}}],\"inLanguage\":\"pt-BR\"},{\"@type\":\"Organization\",\"@id\":\"https:\/\/noticiasemdestaque.com\/cd\/#organization\",\"name\":\"Not\u00edcias em Destaque\",\"url\":\"https:\/\/noticiasemdestaque.com\/cd\/\",\"logo\":{\"@type\":\"ImageObject\",\"inLanguage\":\"pt-BR\",\"@id\":\"https:\/\/noticiasemdestaque.com\/cd\/#\/schema\/logo\/image\/\",\"url\":\"https:\/\/noticiasemdestaque.com\/cd\/wp-content\/uploads\/2022\/05\/imagem-base-noticiasemdestaque.png\",\"contentUrl\":\"https:\/\/noticiasemdestaque.com\/cd\/wp-content\/uploads\/2022\/05\/imagem-base-noticiasemdestaque.png\",\"width\":1200,\"height\":630,\"caption\":\"Not\u00edcias em Destaque\"},\"image\":{\"@id\":\"https:\/\/noticiasemdestaque.com\/cd\/#\/schema\/logo\/image\/\"}},{\"@type\":\"Person\",\"@id\":\"https:\/\/noticiasemdestaque.com\/cd\/#\/schema\/person\/21320b03a7e8bb90128938dafc9b908a\",\"name\":\"Not\u00edcias em Destaque\",\"url\":\"https:\/\/noticiasemdestaque.com\/cd\/?author=2\"}]}<\/script>\n<!-- \/ Yoast SEO plugin. -->","yoast_head_json":{"title":"Alckmin testa positivo para Covid-19 e participar\u00e1 por v\u00eddeo do lan\u00e7amento da chapa com Lula - Not&iacute;cias em Destaque","robots":{"index":"index","follow":"follow","max-snippet":"max-snippet:-1","max-image-preview":"max-image-preview:large","max-video-preview":"max-video-preview:-1"},"canonical":"https:\/\/noticiasemdestaque.com\/cd\/?p=38579","og_locale":"pt_BR","og_type":"article","og_title":"Alckmin testa positivo para Covid-19 e participar\u00e1 por v\u00eddeo do lan\u00e7amento da chapa com Lula - Not&iacute;cias em Destaque","og_description":"Candidato a vice na chapa com o ex-presidente Luiz In\u00e1cio Lula da Silva, o ex-governador Geraldo Alckmin est\u00e1 com Covid-19 e n\u00e3o poder\u00e1 participar pessoalmente do evento de lan\u00e7amento da pr\u00e9-candidatura, no s\u00e1bado, como estava previsto. De acordo com sua assessoria, o ex-governador, que faria um dos dois discursos do evento &#8211;o outro \u00e9 de Lula&#8211; ir\u00e1 participar por v\u00eddeo. De acordo com uma fonte petista, chegou-se a analisar mais uma mudan\u00e7a no dia do evento, mas a avalia\u00e7\u00e3o foi de que seria invi\u00e1vel fazer isso na v\u00e9spera do lan\u00e7amento da pr\u00e9-candidatura. Com Brasil 247","og_url":"https:\/\/noticiasemdestaque.com\/cd\/?p=38579","og_site_name":"Not&iacute;cias em Destaque","article_published_time":"2022-05-06T19:01:45+00:00","og_image":[{"width":2560,"height":1707,"url":"https:\/\/noticiasemdestaque.com\/cd\/wp-content\/uploads\/2022\/05\/Lula-Alckmin-PSB-Congresso-PT-Campanha-Eleicoes2022-13-scaled-1.jpg","type":"image\/jpeg"}],"author":"Not\u00edcias em Destaque","twitter_card":"summary_large_image","twitter_misc":{"Escrito por":"Not\u00edcias em Destaque","Est. tempo de leitura":"1 minuto"},"schema":{"@context":"https:\/\/schema.org","@graph":[{"@type":"Article","@id":"https:\/\/noticiasemdestaque.com\/cd\/?p=38579#article","isPartOf":{"@id":"https:\/\/noticiasemdestaque.com\/cd\/?p=38579"},"author":{"name":"Not\u00edcias em Destaque","@id":"https:\/\/noticiasemdestaque.com\/cd\/#\/schema\/person\/21320b03a7e8bb90128938dafc9b908a"},"headline":"Alckmin testa positivo para Covid-19 e participar\u00e1 por v\u00eddeo do lan\u00e7amento da chapa com Lula","datePublished":"2022-05-06T19:01:45+00:00","mainEntityOfPage":{"@id":"https:\/\/noticiasemdestaque.com\/cd\/?p=38579"},"wordCount":148,"publisher":{"@id":"https:\/\/noticiasemdestaque.com\/cd\/#organization"},"image":{"@id":"https:\/\/noticiasemdestaque.com\/cd\/?p=38579#primaryimage"},"thumbnailUrl":"https:\/\/noticiasemdestaque.com\/cd\/wp-content\/uploads\/2022\/05\/Lula-Alckmin-PSB-Congresso-PT-Campanha-Eleicoes2022-13-scaled-1.jpg","articleSection":["Pol\u00edtica"],"inLanguage":"pt-BR"},{"@type":"WebPage","@id":"https:\/\/noticiasemdestaque.com\/cd\/?p=38579","url":"https:\/\/noticiasemdestaque.com\/cd\/?p=38579","name":"Alckmin testa positivo para Covid-19 e participar\u00e1 por v\u00eddeo do lan\u00e7amento da chapa com Lula - Not&iacute;cias em Destaque","isPartOf":{"@id":"https:\/\/noticiasemdestaque.com\/cd\/#website"},"primaryImageOfPage":{"@id":"https:\/\/noticiasemdestaque.com\/cd\/?p=38579#primaryimage"},"image":{"@id":"https:\/\/noticiasemdestaque.com\/cd\/?p=38579#primaryimage"},"thumbnailUrl":"https:\/\/noticiasemdestaque.com\/cd\/wp-content\/uploads\/2022\/05\/Lula-Alckmin-PSB-Congresso-PT-Campanha-Eleicoes2022-13-scaled-1.jpg","datePublished":"2022-05-06T19:01:45+00:00","breadcrumb":{"@id":"https:\/\/noticiasemdestaque.com\/cd\/?p=38579#breadcrumb"},"inLanguage":"pt-BR","potentialAction":[{"@type":"ReadAction","target":["https:\/\/noticiasemdestaque.com\/cd\/?p=38579"]}]},{"@type":"ImageObject","inLanguage":"pt-BR","@id":"https:\/\/noticiasemdestaque.com\/cd\/?p=38579#primaryimage","url":"https:\/\/noticiasemdestaque.com\/cd\/wp-content\/uploads\/2022\/05\/Lula-Alckmin-PSB-Congresso-PT-Campanha-Eleicoes2022-13-scaled-1.jpg","contentUrl":"https:\/\/noticiasemdestaque.com\/cd\/wp-content\/uploads\/2022\/05\/Lula-Alckmin-PSB-Congresso-PT-Campanha-Eleicoes2022-13-scaled-1.jpg","width":2560,"height":1707,"caption":"O pre-canditado Lula da Sila e Geraldo Alckmin participam do Cogresso do PSB, em Brasilia. | S\u00e9rgio Lima\/Poder360 28.04.2022"},{"@type":"BreadcrumbList","@id":"https:\/\/noticiasemdestaque.com\/cd\/?p=38579#breadcrumb","itemListElement":[{"@type":"ListItem","position":1,"name":"In\u00edcio","item":"https:\/\/noticiasemdestaque.com\/cd\/"},{"@type":"ListItem","position":2,"name":"Alckmin testa positivo para Covid-19 e participar\u00e1 por v\u00eddeo do lan\u00e7amento da chapa com Lula"}]},{"@type":"WebSite","@id":"https:\/\/noticiasemdestaque.com\/cd\/#website","url":"https:\/\/noticiasemdestaque.com\/cd\/","name":"Not&iacute;cias em Destaque","description":"","publisher":{"@id":"https:\/\/noticiasemdestaque.com\/cd\/#organization"},"potentialAction":[{"@type":"SearchAction","target":{"@type":"EntryPoint","urlTemplate":"https:\/\/noticiasemdestaque.com\/cd\/?s={search_term_string}"},"query-input":{"@type":"PropertyValueSpecification","valueRequired":true,"valueName":"search_term_string"}}],"inLanguage":"pt-BR"},{"@type":"Organization","@id":"https:\/\/noticiasemdestaque.com\/cd\/#organization","name":"Not\u00edcias em Destaque","url":"https:\/\/noticiasemdestaque.com\/cd\/","logo":{"@type":"ImageObject","inLanguage":"pt-BR","@id":"https:\/\/noticiasemdestaque.com\/cd\/#\/schema\/logo\/image\/","url":"https:\/\/noticiasemdestaque.com\/cd\/wp-content\/uploads\/2022\/05\/imagem-base-noticiasemdestaque.png","contentUrl":"https:\/\/noticiasemdestaque.com\/cd\/wp-content\/uploads\/2022\/05\/imagem-base-noticiasemdestaque.png","width":1200,"height":630,"caption":"Not\u00edcias em Destaque"},"image":{"@id":"https:\/\/noticiasemdestaque.com\/cd\/#\/schema\/logo\/image\/"}},{"@type":"Person","@id":"https:\/\/noticiasemdestaque.com\/cd\/#\/schema\/person\/21320b03a7e8bb90128938dafc9b908a","name":"Not\u00edcias em Destaque","url":"https:\/\/noticiasemdestaque.com\/cd\/?author=2"}]}},"jetpack_featured_media_url":"https:\/\/noticiasemdestaque.com\/cd\/wp-content\/uploads\/2022\/05\/Lula-Alckmin-PSB-Congresso-PT-Campanha-Eleicoes2022-13-scaled-1.jpg","jetpack_sharing_enabled":true,"_links":{"self":[{"href":"https:\/\/noticiasemdestaque.com\/cd\/index.php?rest_route=\/wp\/v2\/posts\/38579","targetHints":{"allow":["GET"]}}],"collection":[{"href":"https:\/\/noticiasemdestaque.com\/cd\/index.php?rest_route=\/wp\/v2\/posts"}],"about":[{"href":"https:\/\/noticiasemdestaque.com\/cd\/index.php?rest_route=\/wp\/v2\/types\/post"}],"author":[{"embeddable":true,"href":"https:\/\/noticiasemdestaque.com\/cd\/index.php?rest_route=\/wp\/v2\/users\/2"}],"replies":[{"embeddable":true,"href":"https:\/\/noticiasemdestaque.com\/cd\/index.php?rest_route=%2Fwp%2Fv2%2Fcomments&post=38579"}],"version-history":[{"count":1,"href":"https:\/\/noticiasemdestaque.com\/cd\/index.php?rest_route=\/wp\/v2\/posts\/38579\/revisions"}],"predecessor-version":[{"id":38581,"href":"https:\/\/noticiasemdestaque.com\/cd\/index.php?rest_route=\/wp\/v2\/posts\/38579\/revisions\/38581"}],"wp:featuredmedia":[{"embeddable":true,"href":"https:\/\/noticiasemdestaque.com\/cd\/index.php?rest_route=\/wp\/v2\/media\/38580"}],"wp:attachment":[{"href":"https:\/\/noticiasemdestaque.com\/cd\/index.php?rest_route=%2Fwp%2Fv2%2Fmedia&parent=38579"}],"wp:term":[{"taxonomy":"category","embeddable":true,"href":"https:\/\/noticiasemdestaque.com\/cd\/index.php?rest_route=%2Fwp%2Fv2%2Fcategories&post=38579"},{"taxonomy":"post_tag","embeddable":true,"href":"https:\/\/noticiasemdestaque.com\/cd\/index.php?rest_route=%2Fwp%2Fv2%2Ftags&post=38579"}],"curies":[{"name":"wp","href":"https:\/\/api.w.org\/{rel}","templated":true}]}}