{"id":38437,"date":"2022-05-01T16:18:02","date_gmt":"2022-05-01T19:18:02","guid":{"rendered":"http:\/\/noticiasemdestaque.com\/cd\/?p=38437"},"modified":"2022-05-01T16:18:02","modified_gmt":"2022-05-01T19:18:02","slug":"fgts-podera-ser-usado-para-pagar-ate-12-parcelas-atrasadas-do-imovel","status":"publish","type":"post","link":"https:\/\/noticiasemdestaque.com\/cd\/?p=38437","title":{"rendered":"FGTS poder\u00e1 ser usado para pagar at\u00e9 12 parcelas atrasadas do im\u00f3vel"},"content":{"rendered":"<figure id=\"attachment_24050\" aria-describedby=\"caption-attachment-24050\" style=\"width: 300px\" class=\"wp-caption aligncenter\"><a href=\"https:\/\/noticiasemdestaque.com\/cd\/wp-content\/uploads\/2020\/04\/mcmgo_abr_18071919262df.jpg\"><img fetchpriority=\"high\" decoding=\"async\" class=\"size-medium wp-image-24050\" src=\"https:\/\/noticiasemdestaque.com\/cd\/wp-content\/uploads\/2020\/04\/mcmgo_abr_18071919262df-300x179.jpg\" alt=\"\" width=\"300\" height=\"179\" srcset=\"https:\/\/noticiasemdestaque.com\/cd\/wp-content\/uploads\/2020\/04\/mcmgo_abr_18071919262df-300x179.jpg 300w, https:\/\/noticiasemdestaque.com\/cd\/wp-content\/uploads\/2020\/04\/mcmgo_abr_18071919262df-768x459.jpg 768w, https:\/\/noticiasemdestaque.com\/cd\/wp-content\/uploads\/2020\/04\/mcmgo_abr_18071919262df-1024x613.jpg 1024w, https:\/\/noticiasemdestaque.com\/cd\/wp-content\/uploads\/2020\/04\/mcmgo_abr_18071919262df.jpg 1170w\" sizes=\"(max-width: 300px) 100vw, 300px\" \/><\/a><figcaption id=\"caption-attachment-24050\" class=\"wp-caption-text\">Aplicativo Caixa Econ\u00f4mica Federal- FGTS.<\/figcaption><\/figure>\n<p><span data-contrast=\"auto\">A partir de amanh\u00e3 (2), o mutu\u00e1rio inadimplente com a casa pr\u00f3pria poder\u00e1 usar o Fundo de Garantia do Tempo de Servi\u00e7o (FGTS) para negociar o pagamento de at\u00e9 12 presta\u00e7\u00f5es em atraso. A\u00a0medida foi autorizada\u00a0pelo Conselho Curador do FGTS no \u00faltimo dia 20.<\/span><span data-ccp-props=\"{&quot;201341983&quot;:0,&quot;335559739&quot;:160,&quot;335559740&quot;:259}\">\u00a0<\/span><\/p>\n<p><span data-contrast=\"auto\">Na ocasi\u00e3o, o Conselho Curador aumentou, de tr\u00eas meses para 12 meses, o limite de uso do saldo do fundo para quitar parcelas em atraso. A medida vale at\u00e9 31 de dezembro. O uso do FGTS para reduzir o valor de presta\u00e7\u00f5es futuras ou abater atrasos inferiores a 90 dias existe h\u00e1 bastante tempo, mas a destina\u00e7\u00e3o dos recursos para pagar mais de tr\u00eas parcelas atrasadas, at\u00e9 agora, exigia autoriza\u00e7\u00e3o da Justi\u00e7a.<\/span><span data-ccp-props=\"{&quot;201341983&quot;:0,&quot;335559739&quot;:160,&quot;335559740&quot;:259}\">\u00a0<\/span><\/p>\n<p><span data-contrast=\"auto\">De acordo com o Conselho Curador, atualmente 80 mil mutu\u00e1rios de financiamentos habitacionais t\u00eam mais de tr\u00eas parcelas em atraso e s\u00e3o considerados casos de inadimpl\u00eancia grave. Desse total, 50% t\u00eam conta vinculada ao FGTS.<\/span><span data-ccp-props=\"{&quot;201341983&quot;:0,&quot;335559739&quot;:160,&quot;335559740&quot;:259}\">\u00a0<\/span><\/p>\n<p><span data-contrast=\"auto\">Na \u00faltima quarta-feira (27), a Caixa Econ\u00f4mica Federal, que administra o FGTS, atualizou as regras que regulamentam as contas do fundo. Segundo o banco, os recursos do Fundo de Garantia ser\u00e3o sacados em parcela \u00fanica, com o valor debitado sendo usado para negociar as presta\u00e7\u00f5es em atraso.<\/span><span data-ccp-props=\"{&quot;201341983&quot;:0,&quot;335559739&quot;:160,&quot;335559740&quot;:259}\">\u00a0<\/span><\/p>\n<p><span data-contrast=\"auto\">Procedimentos<\/span><span data-ccp-props=\"{&quot;201341983&quot;:0,&quot;335559739&quot;:160,&quot;335559740&quot;:259}\">\u00a0<\/span><\/p>\n<p><span data-contrast=\"auto\">O trabalhador interessado em quitar parcelas n\u00e3o pagas deve procurar o banco onde fez o financiamento habitacional. O mutu\u00e1rio assinar\u00e1 um documento de Autoriza\u00e7\u00e3o de Movimenta\u00e7\u00e3o da Conta Vinculada do FGTS para poder abater at\u00e9 80% de cada presta\u00e7\u00e3o, limitado a 12 parcelas atrasadas.<\/span><span data-ccp-props=\"{&quot;201341983&quot;:0,&quot;335559739&quot;:160,&quot;335559740&quot;:259}\">\u00a0<\/span><\/p>\n<p><span data-contrast=\"auto\">O mecanismo s\u00f3 vale para im\u00f3veis avaliados em at\u00e9 R$ 1,5 milh\u00e3o e haver\u00e1 restri\u00e7\u00f5es. Quem usou o saldo de alguma conta do FGTS para diminuir o saldo devedor e o n\u00famero de presta\u00e7\u00f5es n\u00e3o poder\u00e1 usar o fundo para quitar presta\u00e7\u00f5es n\u00e3o pagas antes do fim desse intervalo. O prazo \u00e9 com base na data da \u00faltima amortiza\u00e7\u00e3o ou liquida\u00e7\u00e3o.<\/span><span data-ccp-props=\"{&quot;201341983&quot;:0,&quot;335559739&quot;:160,&quot;335559740&quot;:259}\">\u00a0<\/span><\/p>\n<p><span data-contrast=\"auto\">Na nova vers\u00e3o do Manual do FGTS, atualizada pela Caixa, os crit\u00e9rios para poder fazer o saque s\u00e3o os mesmos dos trabalhadores que usam o dinheiro do fundo para comprarem ou constru\u00edrem a casa pr\u00f3pria. O trabalhador dever\u00e1 ter contribu\u00eddo para o FGTS por, pelo menos, tr\u00eas anos, em per\u00edodos consecutivos ou n\u00e3o, n\u00e3o poder\u00e1 ter outro im\u00f3vel no munic\u00edpio ou regi\u00e3o metropolitana onde trabalha ou mora e n\u00e3o poder\u00e1 ter outro financiamento ativo no Sistema Financeiro de Habita\u00e7\u00e3o (SFH).<\/span><span data-ccp-props=\"{&quot;201341983&quot;:0,&quot;335559739&quot;:160,&quot;335559740&quot;:259}\">\u00a0<\/span><\/p>\n<p>Com EBC<\/p>\n<p><span data-ccp-props=\"{&quot;201341983&quot;:0,&quot;335559739&quot;:160,&quot;335559740&quot;:259}\">\u00a0<\/span><\/p>\n","protected":false},"excerpt":{"rendered":"<p>A partir de amanh\u00e3 (2), o mutu\u00e1rio inadimplente com a casa pr\u00f3pria poder\u00e1 usar o Fundo de Garantia do Tempo de Servi\u00e7o (FGTS) para negociar o pagamento de at\u00e9 12 presta\u00e7\u00f5es em atraso. A\u00a0medida foi autorizada\u00a0pelo Conselho Curador do FGTS no \u00faltimo dia 20.\u00a0 Na ocasi\u00e3o, o Conselho Curador aumentou, de tr\u00eas meses para 12 meses, o limite de uso do saldo do fundo para quitar parcelas em atraso. A medida vale at\u00e9 31 de dezembro. O uso do FGTS para reduzir o valor de presta\u00e7\u00f5es futuras ou abater atrasos inferiores a 90 dias existe h\u00e1 bastante tempo, mas a destina\u00e7\u00e3o dos recursos para pagar mais de tr\u00eas parcelas atrasadas, at\u00e9 agora, exigia autoriza\u00e7\u00e3o da Justi\u00e7a.\u00a0 De acordo com o Conselho Curador, atualmente 80 mil mutu\u00e1rios de financiamentos habitacionais t\u00eam mais de tr\u00eas parcelas em atraso e s\u00e3o considerados casos de inadimpl\u00eancia grave. Desse total, 50% t\u00eam conta vinculada ao FGTS.\u00a0 Na \u00faltima quarta-feira (27), a Caixa Econ\u00f4mica Federal, que administra o FGTS, atualizou as regras que regulamentam as contas do fundo. Segundo o banco, os recursos do Fundo de Garantia ser\u00e3o sacados em parcela \u00fanica, com o valor debitado sendo usado para negociar as presta\u00e7\u00f5es em atraso.\u00a0 Procedimentos\u00a0 O trabalhador interessado em quitar parcelas n\u00e3o pagas deve procurar o banco onde fez o financiamento habitacional. O mutu\u00e1rio assinar\u00e1 um documento de Autoriza\u00e7\u00e3o de Movimenta\u00e7\u00e3o da Conta Vinculada do FGTS para poder abater at\u00e9 80% de cada presta\u00e7\u00e3o, limitado a 12 parcelas atrasadas.\u00a0 O mecanismo s\u00f3 vale para im\u00f3veis avaliados em at\u00e9 R$ 1,5 milh\u00e3o e haver\u00e1 restri\u00e7\u00f5es. Quem usou o saldo de alguma conta do FGTS para diminuir o saldo devedor e o n\u00famero de presta\u00e7\u00f5es n\u00e3o poder\u00e1 usar o fundo para quitar presta\u00e7\u00f5es n\u00e3o pagas antes do fim desse intervalo. O prazo \u00e9 com base na data da \u00faltima amortiza\u00e7\u00e3o ou liquida\u00e7\u00e3o.\u00a0 Na nova vers\u00e3o do Manual do FGTS, atualizada pela Caixa, os crit\u00e9rios para poder fazer o saque s\u00e3o os mesmos dos trabalhadores que usam o dinheiro do fundo para comprarem ou constru\u00edrem a casa pr\u00f3pria. O trabalhador dever\u00e1 ter contribu\u00eddo para o FGTS por, pelo menos, tr\u00eas anos, em per\u00edodos consecutivos ou n\u00e3o, n\u00e3o poder\u00e1 ter outro im\u00f3vel no munic\u00edpio ou regi\u00e3o metropolitana onde trabalha ou mora e n\u00e3o poder\u00e1 ter outro financiamento ativo no Sistema Financeiro de Habita\u00e7\u00e3o (SFH).\u00a0 Com EBC \u00a0<\/p>\n","protected":false},"author":2,"featured_media":24050,"comment_status":"closed","ping_status":"open","sticky":false,"template":"","format":"standard","meta":{"_eb_attr":"","_jetpack_memberships_contains_paid_content":false,"footnotes":""},"categories":[11],"tags":[],"class_list":["post-38437","post","type-post","status-publish","format-standard","has-post-thumbnail","hentry","category-economia"],"yoast_head":"<!-- This site is optimized with the Yoast SEO plugin v26.5 - https:\/\/yoast.com\/wordpress\/plugins\/seo\/ -->\n<title>FGTS poder\u00e1 ser usado para pagar at\u00e9 12 parcelas atrasadas do im\u00f3vel - Not&iacute;cias em Destaque<\/title>\n<meta name=\"robots\" content=\"index, follow, max-snippet:-1, max-image-preview:large, max-video-preview:-1\" \/>\n<link rel=\"canonical\" href=\"https:\/\/noticiasemdestaque.com\/cd\/?p=38437\" \/>\n<meta property=\"og:locale\" content=\"pt_BR\" \/>\n<meta property=\"og:type\" content=\"article\" \/>\n<meta property=\"og:title\" content=\"FGTS poder\u00e1 ser usado para pagar at\u00e9 12 parcelas atrasadas do im\u00f3vel - Not&iacute;cias em Destaque\" \/>\n<meta property=\"og:description\" content=\"A partir de amanh\u00e3 (2), o mutu\u00e1rio inadimplente com a casa pr\u00f3pria poder\u00e1 usar o Fundo de Garantia do Tempo de Servi\u00e7o (FGTS) para negociar o pagamento de at\u00e9 12 presta\u00e7\u00f5es em atraso. A\u00a0medida foi autorizada\u00a0pelo Conselho Curador do FGTS no \u00faltimo dia 20.\u00a0 Na ocasi\u00e3o, o Conselho Curador aumentou, de tr\u00eas meses para 12 meses, o limite de uso do saldo do fundo para quitar parcelas em atraso. A medida vale at\u00e9 31 de dezembro. O uso do FGTS para reduzir o valor de presta\u00e7\u00f5es futuras ou abater atrasos inferiores a 90 dias existe h\u00e1 bastante tempo, mas a destina\u00e7\u00e3o dos recursos para pagar mais de tr\u00eas parcelas atrasadas, at\u00e9 agora, exigia autoriza\u00e7\u00e3o da Justi\u00e7a.\u00a0 De acordo com o Conselho Curador, atualmente 80 mil mutu\u00e1rios de financiamentos habitacionais t\u00eam mais de tr\u00eas parcelas em atraso e s\u00e3o considerados casos de inadimpl\u00eancia grave. Desse total, 50% t\u00eam conta vinculada ao FGTS.\u00a0 Na \u00faltima quarta-feira (27), a Caixa Econ\u00f4mica Federal, que administra o FGTS, atualizou as regras que regulamentam as contas do fundo. Segundo o banco, os recursos do Fundo de Garantia ser\u00e3o sacados em parcela \u00fanica, com o valor debitado sendo usado para negociar as presta\u00e7\u00f5es em atraso.\u00a0 Procedimentos\u00a0 O trabalhador interessado em quitar parcelas n\u00e3o pagas deve procurar o banco onde fez o financiamento habitacional. O mutu\u00e1rio assinar\u00e1 um documento de Autoriza\u00e7\u00e3o de Movimenta\u00e7\u00e3o da Conta Vinculada do FGTS para poder abater at\u00e9 80% de cada presta\u00e7\u00e3o, limitado a 12 parcelas atrasadas.\u00a0 O mecanismo s\u00f3 vale para im\u00f3veis avaliados em at\u00e9 R$ 1,5 milh\u00e3o e haver\u00e1 restri\u00e7\u00f5es. Quem usou o saldo de alguma conta do FGTS para diminuir o saldo devedor e o n\u00famero de presta\u00e7\u00f5es n\u00e3o poder\u00e1 usar o fundo para quitar presta\u00e7\u00f5es n\u00e3o pagas antes do fim desse intervalo. O prazo \u00e9 com base na data da \u00faltima amortiza\u00e7\u00e3o ou liquida\u00e7\u00e3o.\u00a0 Na nova vers\u00e3o do Manual do FGTS, atualizada pela Caixa, os crit\u00e9rios para poder fazer o saque s\u00e3o os mesmos dos trabalhadores que usam o dinheiro do fundo para comprarem ou constru\u00edrem a casa pr\u00f3pria. O trabalhador dever\u00e1 ter contribu\u00eddo para o FGTS por, pelo menos, tr\u00eas anos, em per\u00edodos consecutivos ou n\u00e3o, n\u00e3o poder\u00e1 ter outro im\u00f3vel no munic\u00edpio ou regi\u00e3o metropolitana onde trabalha ou mora e n\u00e3o poder\u00e1 ter outro financiamento ativo no Sistema Financeiro de Habita\u00e7\u00e3o (SFH).\u00a0 Com EBC \u00a0\" \/>\n<meta property=\"og:url\" content=\"https:\/\/noticiasemdestaque.com\/cd\/?p=38437\" \/>\n<meta property=\"og:site_name\" content=\"Not&iacute;cias em Destaque\" \/>\n<meta property=\"article:published_time\" content=\"2022-05-01T19:18:02+00:00\" \/>\n<meta property=\"og:image\" content=\"https:\/\/noticiasemdestaque.com\/cd\/wp-content\/uploads\/2020\/04\/mcmgo_abr_18071919262df.jpg\" \/>\n\t<meta property=\"og:image:width\" content=\"1170\" \/>\n\t<meta property=\"og:image:height\" content=\"700\" \/>\n\t<meta property=\"og:image:type\" content=\"image\/jpeg\" \/>\n<meta name=\"author\" content=\"Not\u00edcias em Destaque\" \/>\n<meta name=\"twitter:card\" content=\"summary_large_image\" \/>\n<meta name=\"twitter:label1\" content=\"Escrito por\" \/>\n\t<meta name=\"twitter:data1\" content=\"Not\u00edcias em Destaque\" \/>\n\t<meta name=\"twitter:label2\" content=\"Est. tempo de leitura\" \/>\n\t<meta name=\"twitter:data2\" content=\"2 minutos\" \/>\n<script type=\"application\/ld+json\" class=\"yoast-schema-graph\">{\"@context\":\"https:\/\/schema.org\",\"@graph\":[{\"@type\":\"Article\",\"@id\":\"https:\/\/noticiasemdestaque.com\/cd\/?p=38437#article\",\"isPartOf\":{\"@id\":\"https:\/\/noticiasemdestaque.com\/cd\/?p=38437\"},\"author\":{\"name\":\"Not\u00edcias em Destaque\",\"@id\":\"https:\/\/noticiasemdestaque.com\/cd\/#\/schema\/person\/21320b03a7e8bb90128938dafc9b908a\"},\"headline\":\"FGTS poder\u00e1 ser usado para pagar at\u00e9 12 parcelas atrasadas do im\u00f3vel\",\"datePublished\":\"2022-05-01T19:18:02+00:00\",\"mainEntityOfPage\":{\"@id\":\"https:\/\/noticiasemdestaque.com\/cd\/?p=38437\"},\"wordCount\":450,\"publisher\":{\"@id\":\"https:\/\/noticiasemdestaque.com\/cd\/#organization\"},\"image\":{\"@id\":\"https:\/\/noticiasemdestaque.com\/cd\/?p=38437#primaryimage\"},\"thumbnailUrl\":\"https:\/\/noticiasemdestaque.com\/cd\/wp-content\/uploads\/2020\/04\/mcmgo_abr_18071919262df.jpg\",\"articleSection\":[\"Economia\"],\"inLanguage\":\"pt-BR\"},{\"@type\":\"WebPage\",\"@id\":\"https:\/\/noticiasemdestaque.com\/cd\/?p=38437\",\"url\":\"https:\/\/noticiasemdestaque.com\/cd\/?p=38437\",\"name\":\"FGTS poder\u00e1 ser usado para pagar at\u00e9 12 parcelas atrasadas do im\u00f3vel - Not&iacute;cias em Destaque\",\"isPartOf\":{\"@id\":\"https:\/\/noticiasemdestaque.com\/cd\/#website\"},\"primaryImageOfPage\":{\"@id\":\"https:\/\/noticiasemdestaque.com\/cd\/?p=38437#primaryimage\"},\"image\":{\"@id\":\"https:\/\/noticiasemdestaque.com\/cd\/?p=38437#primaryimage\"},\"thumbnailUrl\":\"https:\/\/noticiasemdestaque.com\/cd\/wp-content\/uploads\/2020\/04\/mcmgo_abr_18071919262df.jpg\",\"datePublished\":\"2022-05-01T19:18:02+00:00\",\"breadcrumb\":{\"@id\":\"https:\/\/noticiasemdestaque.com\/cd\/?p=38437#breadcrumb\"},\"inLanguage\":\"pt-BR\",\"potentialAction\":[{\"@type\":\"ReadAction\",\"target\":[\"https:\/\/noticiasemdestaque.com\/cd\/?p=38437\"]}]},{\"@type\":\"ImageObject\",\"inLanguage\":\"pt-BR\",\"@id\":\"https:\/\/noticiasemdestaque.com\/cd\/?p=38437#primaryimage\",\"url\":\"https:\/\/noticiasemdestaque.com\/cd\/wp-content\/uploads\/2020\/04\/mcmgo_abr_18071919262df.jpg\",\"contentUrl\":\"https:\/\/noticiasemdestaque.com\/cd\/wp-content\/uploads\/2020\/04\/mcmgo_abr_18071919262df.jpg\",\"width\":1170,\"height\":700,\"caption\":\"Aplicativo Caixa Econ\u00f4mica Federal- FGTS.\"},{\"@type\":\"BreadcrumbList\",\"@id\":\"https:\/\/noticiasemdestaque.com\/cd\/?p=38437#breadcrumb\",\"itemListElement\":[{\"@type\":\"ListItem\",\"position\":1,\"name\":\"In\u00edcio\",\"item\":\"https:\/\/noticiasemdestaque.com\/cd\/\"},{\"@type\":\"ListItem\",\"position\":2,\"name\":\"FGTS poder\u00e1 ser usado para pagar at\u00e9 12 parcelas atrasadas do im\u00f3vel\"}]},{\"@type\":\"WebSite\",\"@id\":\"https:\/\/noticiasemdestaque.com\/cd\/#website\",\"url\":\"https:\/\/noticiasemdestaque.com\/cd\/\",\"name\":\"Not&iacute;cias em Destaque\",\"description\":\"\",\"publisher\":{\"@id\":\"https:\/\/noticiasemdestaque.com\/cd\/#organization\"},\"potentialAction\":[{\"@type\":\"SearchAction\",\"target\":{\"@type\":\"EntryPoint\",\"urlTemplate\":\"https:\/\/noticiasemdestaque.com\/cd\/?s={search_term_string}\"},\"query-input\":{\"@type\":\"PropertyValueSpecification\",\"valueRequired\":true,\"valueName\":\"search_term_string\"}}],\"inLanguage\":\"pt-BR\"},{\"@type\":\"Organization\",\"@id\":\"https:\/\/noticiasemdestaque.com\/cd\/#organization\",\"name\":\"Not\u00edcias em Destaque\",\"url\":\"https:\/\/noticiasemdestaque.com\/cd\/\",\"logo\":{\"@type\":\"ImageObject\",\"inLanguage\":\"pt-BR\",\"@id\":\"https:\/\/noticiasemdestaque.com\/cd\/#\/schema\/logo\/image\/\",\"url\":\"https:\/\/noticiasemdestaque.com\/cd\/wp-content\/uploads\/2022\/05\/imagem-base-noticiasemdestaque.png\",\"contentUrl\":\"https:\/\/noticiasemdestaque.com\/cd\/wp-content\/uploads\/2022\/05\/imagem-base-noticiasemdestaque.png\",\"width\":1200,\"height\":630,\"caption\":\"Not\u00edcias em Destaque\"},\"image\":{\"@id\":\"https:\/\/noticiasemdestaque.com\/cd\/#\/schema\/logo\/image\/\"}},{\"@type\":\"Person\",\"@id\":\"https:\/\/noticiasemdestaque.com\/cd\/#\/schema\/person\/21320b03a7e8bb90128938dafc9b908a\",\"name\":\"Not\u00edcias em Destaque\",\"url\":\"https:\/\/noticiasemdestaque.com\/cd\/?author=2\"}]}<\/script>\n<!-- \/ Yoast SEO plugin. -->","yoast_head_json":{"title":"FGTS poder\u00e1 ser usado para pagar at\u00e9 12 parcelas atrasadas do im\u00f3vel - Not&iacute;cias em Destaque","robots":{"index":"index","follow":"follow","max-snippet":"max-snippet:-1","max-image-preview":"max-image-preview:large","max-video-preview":"max-video-preview:-1"},"canonical":"https:\/\/noticiasemdestaque.com\/cd\/?p=38437","og_locale":"pt_BR","og_type":"article","og_title":"FGTS poder\u00e1 ser usado para pagar at\u00e9 12 parcelas atrasadas do im\u00f3vel - Not&iacute;cias em Destaque","og_description":"A partir de amanh\u00e3 (2), o mutu\u00e1rio inadimplente com a casa pr\u00f3pria poder\u00e1 usar o Fundo de Garantia do Tempo de Servi\u00e7o (FGTS) para negociar o pagamento de at\u00e9 12 presta\u00e7\u00f5es em atraso. A\u00a0medida foi autorizada\u00a0pelo Conselho Curador do FGTS no \u00faltimo dia 20.\u00a0 Na ocasi\u00e3o, o Conselho Curador aumentou, de tr\u00eas meses para 12 meses, o limite de uso do saldo do fundo para quitar parcelas em atraso. A medida vale at\u00e9 31 de dezembro. O uso do FGTS para reduzir o valor de presta\u00e7\u00f5es futuras ou abater atrasos inferiores a 90 dias existe h\u00e1 bastante tempo, mas a destina\u00e7\u00e3o dos recursos para pagar mais de tr\u00eas parcelas atrasadas, at\u00e9 agora, exigia autoriza\u00e7\u00e3o da Justi\u00e7a.\u00a0 De acordo com o Conselho Curador, atualmente 80 mil mutu\u00e1rios de financiamentos habitacionais t\u00eam mais de tr\u00eas parcelas em atraso e s\u00e3o considerados casos de inadimpl\u00eancia grave. Desse total, 50% t\u00eam conta vinculada ao FGTS.\u00a0 Na \u00faltima quarta-feira (27), a Caixa Econ\u00f4mica Federal, que administra o FGTS, atualizou as regras que regulamentam as contas do fundo. Segundo o banco, os recursos do Fundo de Garantia ser\u00e3o sacados em parcela \u00fanica, com o valor debitado sendo usado para negociar as presta\u00e7\u00f5es em atraso.\u00a0 Procedimentos\u00a0 O trabalhador interessado em quitar parcelas n\u00e3o pagas deve procurar o banco onde fez o financiamento habitacional. O mutu\u00e1rio assinar\u00e1 um documento de Autoriza\u00e7\u00e3o de Movimenta\u00e7\u00e3o da Conta Vinculada do FGTS para poder abater at\u00e9 80% de cada presta\u00e7\u00e3o, limitado a 12 parcelas atrasadas.\u00a0 O mecanismo s\u00f3 vale para im\u00f3veis avaliados em at\u00e9 R$ 1,5 milh\u00e3o e haver\u00e1 restri\u00e7\u00f5es. Quem usou o saldo de alguma conta do FGTS para diminuir o saldo devedor e o n\u00famero de presta\u00e7\u00f5es n\u00e3o poder\u00e1 usar o fundo para quitar presta\u00e7\u00f5es n\u00e3o pagas antes do fim desse intervalo. O prazo \u00e9 com base na data da \u00faltima amortiza\u00e7\u00e3o ou liquida\u00e7\u00e3o.\u00a0 Na nova vers\u00e3o do Manual do FGTS, atualizada pela Caixa, os crit\u00e9rios para poder fazer o saque s\u00e3o os mesmos dos trabalhadores que usam o dinheiro do fundo para comprarem ou constru\u00edrem a casa pr\u00f3pria. O trabalhador dever\u00e1 ter contribu\u00eddo para o FGTS por, pelo menos, tr\u00eas anos, em per\u00edodos consecutivos ou n\u00e3o, n\u00e3o poder\u00e1 ter outro im\u00f3vel no munic\u00edpio ou regi\u00e3o metropolitana onde trabalha ou mora e n\u00e3o poder\u00e1 ter outro financiamento ativo no Sistema Financeiro de Habita\u00e7\u00e3o (SFH).\u00a0 Com EBC \u00a0","og_url":"https:\/\/noticiasemdestaque.com\/cd\/?p=38437","og_site_name":"Not&iacute;cias em Destaque","article_published_time":"2022-05-01T19:18:02+00:00","og_image":[{"width":1170,"height":700,"url":"https:\/\/noticiasemdestaque.com\/cd\/wp-content\/uploads\/2020\/04\/mcmgo_abr_18071919262df.jpg","type":"image\/jpeg"}],"author":"Not\u00edcias em Destaque","twitter_card":"summary_large_image","twitter_misc":{"Escrito por":"Not\u00edcias em Destaque","Est. tempo de leitura":"2 minutos"},"schema":{"@context":"https:\/\/schema.org","@graph":[{"@type":"Article","@id":"https:\/\/noticiasemdestaque.com\/cd\/?p=38437#article","isPartOf":{"@id":"https:\/\/noticiasemdestaque.com\/cd\/?p=38437"},"author":{"name":"Not\u00edcias em Destaque","@id":"https:\/\/noticiasemdestaque.com\/cd\/#\/schema\/person\/21320b03a7e8bb90128938dafc9b908a"},"headline":"FGTS poder\u00e1 ser usado para pagar at\u00e9 12 parcelas atrasadas do im\u00f3vel","datePublished":"2022-05-01T19:18:02+00:00","mainEntityOfPage":{"@id":"https:\/\/noticiasemdestaque.com\/cd\/?p=38437"},"wordCount":450,"publisher":{"@id":"https:\/\/noticiasemdestaque.com\/cd\/#organization"},"image":{"@id":"https:\/\/noticiasemdestaque.com\/cd\/?p=38437#primaryimage"},"thumbnailUrl":"https:\/\/noticiasemdestaque.com\/cd\/wp-content\/uploads\/2020\/04\/mcmgo_abr_18071919262df.jpg","articleSection":["Economia"],"inLanguage":"pt-BR"},{"@type":"WebPage","@id":"https:\/\/noticiasemdestaque.com\/cd\/?p=38437","url":"https:\/\/noticiasemdestaque.com\/cd\/?p=38437","name":"FGTS poder\u00e1 ser usado para pagar at\u00e9 12 parcelas atrasadas do im\u00f3vel - Not&iacute;cias em Destaque","isPartOf":{"@id":"https:\/\/noticiasemdestaque.com\/cd\/#website"},"primaryImageOfPage":{"@id":"https:\/\/noticiasemdestaque.com\/cd\/?p=38437#primaryimage"},"image":{"@id":"https:\/\/noticiasemdestaque.com\/cd\/?p=38437#primaryimage"},"thumbnailUrl":"https:\/\/noticiasemdestaque.com\/cd\/wp-content\/uploads\/2020\/04\/mcmgo_abr_18071919262df.jpg","datePublished":"2022-05-01T19:18:02+00:00","breadcrumb":{"@id":"https:\/\/noticiasemdestaque.com\/cd\/?p=38437#breadcrumb"},"inLanguage":"pt-BR","potentialAction":[{"@type":"ReadAction","target":["https:\/\/noticiasemdestaque.com\/cd\/?p=38437"]}]},{"@type":"ImageObject","inLanguage":"pt-BR","@id":"https:\/\/noticiasemdestaque.com\/cd\/?p=38437#primaryimage","url":"https:\/\/noticiasemdestaque.com\/cd\/wp-content\/uploads\/2020\/04\/mcmgo_abr_18071919262df.jpg","contentUrl":"https:\/\/noticiasemdestaque.com\/cd\/wp-content\/uploads\/2020\/04\/mcmgo_abr_18071919262df.jpg","width":1170,"height":700,"caption":"Aplicativo Caixa Econ\u00f4mica Federal- FGTS."},{"@type":"BreadcrumbList","@id":"https:\/\/noticiasemdestaque.com\/cd\/?p=38437#breadcrumb","itemListElement":[{"@type":"ListItem","position":1,"name":"In\u00edcio","item":"https:\/\/noticiasemdestaque.com\/cd\/"},{"@type":"ListItem","position":2,"name":"FGTS poder\u00e1 ser usado para pagar at\u00e9 12 parcelas atrasadas do im\u00f3vel"}]},{"@type":"WebSite","@id":"https:\/\/noticiasemdestaque.com\/cd\/#website","url":"https:\/\/noticiasemdestaque.com\/cd\/","name":"Not&iacute;cias em Destaque","description":"","publisher":{"@id":"https:\/\/noticiasemdestaque.com\/cd\/#organization"},"potentialAction":[{"@type":"SearchAction","target":{"@type":"EntryPoint","urlTemplate":"https:\/\/noticiasemdestaque.com\/cd\/?s={search_term_string}"},"query-input":{"@type":"PropertyValueSpecification","valueRequired":true,"valueName":"search_term_string"}}],"inLanguage":"pt-BR"},{"@type":"Organization","@id":"https:\/\/noticiasemdestaque.com\/cd\/#organization","name":"Not\u00edcias em Destaque","url":"https:\/\/noticiasemdestaque.com\/cd\/","logo":{"@type":"ImageObject","inLanguage":"pt-BR","@id":"https:\/\/noticiasemdestaque.com\/cd\/#\/schema\/logo\/image\/","url":"https:\/\/noticiasemdestaque.com\/cd\/wp-content\/uploads\/2022\/05\/imagem-base-noticiasemdestaque.png","contentUrl":"https:\/\/noticiasemdestaque.com\/cd\/wp-content\/uploads\/2022\/05\/imagem-base-noticiasemdestaque.png","width":1200,"height":630,"caption":"Not\u00edcias em Destaque"},"image":{"@id":"https:\/\/noticiasemdestaque.com\/cd\/#\/schema\/logo\/image\/"}},{"@type":"Person","@id":"https:\/\/noticiasemdestaque.com\/cd\/#\/schema\/person\/21320b03a7e8bb90128938dafc9b908a","name":"Not\u00edcias em Destaque","url":"https:\/\/noticiasemdestaque.com\/cd\/?author=2"}]}},"jetpack_featured_media_url":"https:\/\/noticiasemdestaque.com\/cd\/wp-content\/uploads\/2020\/04\/mcmgo_abr_18071919262df.jpg","jetpack_sharing_enabled":true,"_links":{"self":[{"href":"https:\/\/noticiasemdestaque.com\/cd\/index.php?rest_route=\/wp\/v2\/posts\/38437","targetHints":{"allow":["GET"]}}],"collection":[{"href":"https:\/\/noticiasemdestaque.com\/cd\/index.php?rest_route=\/wp\/v2\/posts"}],"about":[{"href":"https:\/\/noticiasemdestaque.com\/cd\/index.php?rest_route=\/wp\/v2\/types\/post"}],"author":[{"embeddable":true,"href":"https:\/\/noticiasemdestaque.com\/cd\/index.php?rest_route=\/wp\/v2\/users\/2"}],"replies":[{"embeddable":true,"href":"https:\/\/noticiasemdestaque.com\/cd\/index.php?rest_route=%2Fwp%2Fv2%2Fcomments&post=38437"}],"version-history":[{"count":1,"href":"https:\/\/noticiasemdestaque.com\/cd\/index.php?rest_route=\/wp\/v2\/posts\/38437\/revisions"}],"predecessor-version":[{"id":38438,"href":"https:\/\/noticiasemdestaque.com\/cd\/index.php?rest_route=\/wp\/v2\/posts\/38437\/revisions\/38438"}],"wp:featuredmedia":[{"embeddable":true,"href":"https:\/\/noticiasemdestaque.com\/cd\/index.php?rest_route=\/wp\/v2\/media\/24050"}],"wp:attachment":[{"href":"https:\/\/noticiasemdestaque.com\/cd\/index.php?rest_route=%2Fwp%2Fv2%2Fmedia&parent=38437"}],"wp:term":[{"taxonomy":"category","embeddable":true,"href":"https:\/\/noticiasemdestaque.com\/cd\/index.php?rest_route=%2Fwp%2Fv2%2Fcategories&post=38437"},{"taxonomy":"post_tag","embeddable":true,"href":"https:\/\/noticiasemdestaque.com\/cd\/index.php?rest_route=%2Fwp%2Fv2%2Ftags&post=38437"}],"curies":[{"name":"wp","href":"https:\/\/api.w.org\/{rel}","templated":true}]}}