{"id":38367,"date":"2022-04-26T19:05:08","date_gmt":"2022-04-26T22:05:08","guid":{"rendered":"http:\/\/noticiasemdestaque.com\/cd\/?p=38367"},"modified":"2022-04-26T19:05:08","modified_gmt":"2022-04-26T22:05:08","slug":"prefeitura-de-amparo-anuncia-programacao-da-festa-de-28-anos-de-emancipacao-politica","status":"publish","type":"post","link":"https:\/\/noticiasemdestaque.com\/cd\/?p=38367","title":{"rendered":"Prefeitura de Amparo anuncia programa\u00e7\u00e3o da Festa de 28 anos de Emancipa\u00e7\u00e3o Pol\u00edtica"},"content":{"rendered":"<p><a href=\"https:\/\/noticiasemdestaque.com\/cd\/wp-content\/uploads\/2022\/04\/WhatsApp-Image-2022-04-22-at-12.24.53.jpeg\"><img fetchpriority=\"high\" decoding=\"async\" class=\"wp-image-38186 size-large aligncenter\" src=\"https:\/\/noticiasemdestaque.com\/cd\/wp-content\/uploads\/2022\/04\/WhatsApp-Image-2022-04-22-at-12.24.53-1024x576.jpeg\" alt=\"\" width=\"790\" height=\"444\" srcset=\"https:\/\/noticiasemdestaque.com\/cd\/wp-content\/uploads\/2022\/04\/WhatsApp-Image-2022-04-22-at-12.24.53-1024x576.jpeg 1024w, https:\/\/noticiasemdestaque.com\/cd\/wp-content\/uploads\/2022\/04\/WhatsApp-Image-2022-04-22-at-12.24.53-300x169.jpeg 300w, https:\/\/noticiasemdestaque.com\/cd\/wp-content\/uploads\/2022\/04\/WhatsApp-Image-2022-04-22-at-12.24.53-768x432.jpeg 768w, https:\/\/noticiasemdestaque.com\/cd\/wp-content\/uploads\/2022\/04\/WhatsApp-Image-2022-04-22-at-12.24.53-1536x864.jpeg 1536w, https:\/\/noticiasemdestaque.com\/cd\/wp-content\/uploads\/2022\/04\/WhatsApp-Image-2022-04-22-at-12.24.53.jpeg 1600w\" sizes=\"(max-width: 790px) 100vw, 790px\" \/><\/a><\/p>\n<div>A Prefeitura de amparo anunciou a programa\u00e7\u00e3o oficial da Festa de 28 anos de Emancipa\u00e7\u00e3o Pol\u00edtica do munic\u00edpio, confira com exclusividade no portal Amparo Ligado:<\/div>\n<div><\/div>\n<div><b><u>26 e 27\/04 &#8211; Ter\u00e7a e quarta-feira:<\/u><\/b><\/div>\n<div><b>08h00min<\/b>\u00a0&#8211; Plantio de mudas de Ip\u00ea nas avenidas de acesso \u00e0 cidade;<\/div>\n<div><b>Equipes:<\/b>\u00a0Sa\u00fade, Educa\u00e7\u00e3o, Assist\u00eancia Social, Obras, Agricultura.<\/div>\n<div><\/div>\n<div><b><u>28\/04 &#8211; Quinta-feira:<\/u><\/b><\/div>\n<div><b>19h00min<\/b>\u00a0&#8211; Momento de Ora\u00e7\u00e3o \u2013 Culto Ecum\u00eanico na Pra\u00e7a Miguel Pereira.<\/div>\n<div><\/div>\n<div><b><u>29\/04 &#8211; Sexta-feira:<\/u><\/b><\/div>\n<div><b>05h00min<\/b>\u00a0&#8211; Alvorada;<\/div>\n<div><b>06h00min<\/b>\u00a0&#8211; Sa\u00edda 1\u00b0 Pedal da Emancipa\u00e7\u00e3o Pol\u00edtica de\u00a0Amparo-PB;<\/div>\n<div><b>08h00min<\/b>\u00a0&#8211; Hasteamento do Pavilh\u00e3o;<\/div>\n<div><b>09h00min<\/b>\u00a0&#8211; Chegada do Pedal com Caf\u00e9 de Recep\u00e7\u00e3o;<\/div>\n<div><b>10h00min<\/b>\u00a0&#8211; Abertura da Exposi\u00e7\u00e3o Educacional com o tema: \u201cA influ\u00eancia das tradi\u00e7\u00f5es: uma abordagem hist\u00f3rico, social, econ\u00f4mico e cultural de Amparo\u201d;<\/div>\n<div><b>14h00min<\/b>\u00a0&#8211; Gincana Cultural \u2013 Quiz;<\/div>\n<div><b>19h00min<\/b>\u00a0&#8211; Missa em A\u00e7\u00e3o de Gra\u00e7a.<\/div>\n<div><\/div>\n<div><b><u>30\/04 &#8211; S\u00e1bado:<\/u><\/b><\/div>\n<div><b>08h00min<\/b>\u00a0&#8211; Feira de S\u00f3cio-Assistencial;<\/div>\n<div><b>Feira de Sa\u00fade:<\/b><\/div>\n<div>\n<ul>\n<li>Especialidades M\u00e9dicas;<\/li>\n<li>Aten\u00e7\u00e3o B\u00e1sica.<\/li>\n<\/ul>\n<\/div>\n<div><b>10h00min<\/b>\u00a0&#8211; Recep\u00e7\u00e3o \u00e0s Autoridades;<\/div>\n<div><b>Ordens de servi\u00e7os:<\/b><\/div>\n<div>\n<ul>\n<li>Reforma da UBS S\u00e3o Sebasti\u00e3o;<\/li>\n<li>II etapa da sede da Secretaria de Educa\u00e7\u00e3o \u201cProfessor Verinaldo En\u00e9as\u201d;<\/li>\n<li>Pavimenta\u00e7\u00f5es avenida da escola Tertulina N\u00f3brega e acesso a Central de Vel\u00f3rios.<\/li>\n<\/ul>\n<\/div>\n<div><b>10h30min<\/b>\u00a0&#8211; Inaugura\u00e7\u00f5es:<\/div>\n<div>\n<ul>\n<li>Central de vel\u00f3rios;<\/li>\n<li>Chafariz p\u00fablico &#8211; Amplia\u00e7\u00e3o e ilumina\u00e7\u00e3o do est\u00e1dio de futebol o Ronald\u00e3o;<\/li>\n<li>Pavimenta\u00e7\u00f5es &#8211; Francisco de Paulo Arruda e Sebasti\u00e3o de Freitas;<\/li>\n<li>Entrega de implementos agr\u00edcolas;<\/li>\n<li>Entrega de ve\u00edculo.<\/li>\n<\/ul>\n<\/div>\n<div><b>13h00min<\/b>\u00a0&#8211; Recep\u00e7\u00e3o as autoridades e convidados na Quadra da Escola Ildefonso Anselmo da Silva;<\/div>\n<div><b>16h00min\u00a0<\/b>&#8211; Final da Copa Amparense<\/div>\n<div>\n<ul>\n<li>Ouro Velho FC x AE Cruzeiro Sum\u00e9.<\/li>\n<\/ul>\n<\/div>\n<div><b>21h00min<\/b>\u00a0&#8211; Shows em Pra\u00e7a P\u00fablica com:<\/div>\n<div>Alysson e Forr\u00f3 Kent.<\/div>\n<div><\/div>\n<div>Amparo Ligado<\/div>\n","protected":false},"excerpt":{"rendered":"<p>A Prefeitura de amparo anunciou a programa\u00e7\u00e3o oficial da Festa de 28 anos de Emancipa\u00e7\u00e3o Pol\u00edtica do munic\u00edpio, confira com exclusividade no portal Amparo Ligado: 26 e 27\/04 &#8211; Ter\u00e7a e quarta-feira: 08h00min\u00a0&#8211; Plantio de mudas de Ip\u00ea nas avenidas de acesso \u00e0 cidade; Equipes:\u00a0Sa\u00fade, Educa\u00e7\u00e3o, Assist\u00eancia Social, Obras, Agricultura. 28\/04 &#8211; Quinta-feira: 19h00min\u00a0&#8211; Momento de Ora\u00e7\u00e3o \u2013 Culto Ecum\u00eanico na Pra\u00e7a Miguel Pereira. 29\/04 &#8211; Sexta-feira: 05h00min\u00a0&#8211; Alvorada; 06h00min\u00a0&#8211; Sa\u00edda 1\u00b0 Pedal da Emancipa\u00e7\u00e3o Pol\u00edtica de\u00a0Amparo-PB; 08h00min\u00a0&#8211; Hasteamento do Pavilh\u00e3o; 09h00min\u00a0&#8211; Chegada do Pedal com Caf\u00e9 de Recep\u00e7\u00e3o; 10h00min\u00a0&#8211; Abertura da Exposi\u00e7\u00e3o Educacional com o tema: \u201cA influ\u00eancia das tradi\u00e7\u00f5es: uma abordagem hist\u00f3rico, social, econ\u00f4mico e cultural de Amparo\u201d; 14h00min\u00a0&#8211; Gincana Cultural \u2013 Quiz; 19h00min\u00a0&#8211; Missa em A\u00e7\u00e3o de Gra\u00e7a. 30\/04 &#8211; S\u00e1bado: 08h00min\u00a0&#8211; Feira de S\u00f3cio-Assistencial; Feira de Sa\u00fade: Especialidades M\u00e9dicas; Aten\u00e7\u00e3o B\u00e1sica. 10h00min\u00a0&#8211; Recep\u00e7\u00e3o \u00e0s Autoridades; Ordens de servi\u00e7os: Reforma da UBS S\u00e3o Sebasti\u00e3o; II etapa da sede da Secretaria de Educa\u00e7\u00e3o \u201cProfessor Verinaldo En\u00e9as\u201d; Pavimenta\u00e7\u00f5es avenida da escola Tertulina N\u00f3brega e acesso a Central de Vel\u00f3rios. 10h30min\u00a0&#8211; Inaugura\u00e7\u00f5es: Central de vel\u00f3rios; Chafariz p\u00fablico &#8211; Amplia\u00e7\u00e3o e ilumina\u00e7\u00e3o do est\u00e1dio de futebol o Ronald\u00e3o; Pavimenta\u00e7\u00f5es &#8211; Francisco de Paulo Arruda e Sebasti\u00e3o de Freitas; Entrega de implementos agr\u00edcolas; Entrega de ve\u00edculo. 13h00min\u00a0&#8211; Recep\u00e7\u00e3o as autoridades e convidados na Quadra da Escola Ildefonso Anselmo da Silva; 16h00min\u00a0&#8211; Final da Copa Amparense Ouro Velho FC x AE Cruzeiro Sum\u00e9. 21h00min\u00a0&#8211; Shows em Pra\u00e7a P\u00fablica com: Alysson e Forr\u00f3 Kent. Amparo Ligado<\/p>\n","protected":false},"author":2,"featured_media":38186,"comment_status":"closed","ping_status":"open","sticky":false,"template":"","format":"standard","meta":{"_eb_attr":"","_jetpack_memberships_contains_paid_content":false,"footnotes":""},"categories":[3],"tags":[],"class_list":["post-38367","post","type-post","status-publish","format-standard","has-post-thumbnail","hentry","category-cidades"],"yoast_head":"<!-- This site is optimized with the Yoast SEO plugin v26.5 - https:\/\/yoast.com\/wordpress\/plugins\/seo\/ -->\n<title>Prefeitura de Amparo anuncia programa\u00e7\u00e3o da Festa de 28 anos de Emancipa\u00e7\u00e3o Pol\u00edtica - Not&iacute;cias em Destaque<\/title>\n<meta name=\"robots\" content=\"index, follow, max-snippet:-1, max-image-preview:large, max-video-preview:-1\" \/>\n<link rel=\"canonical\" href=\"https:\/\/noticiasemdestaque.com\/cd\/?p=38367\" \/>\n<meta property=\"og:locale\" content=\"pt_BR\" \/>\n<meta property=\"og:type\" content=\"article\" \/>\n<meta property=\"og:title\" content=\"Prefeitura de Amparo anuncia programa\u00e7\u00e3o da Festa de 28 anos de Emancipa\u00e7\u00e3o Pol\u00edtica - Not&iacute;cias em Destaque\" \/>\n<meta property=\"og:description\" content=\"A Prefeitura de amparo anunciou a programa\u00e7\u00e3o oficial da Festa de 28 anos de Emancipa\u00e7\u00e3o Pol\u00edtica do munic\u00edpio, confira com exclusividade no portal Amparo Ligado: 26 e 27\/04 &#8211; Ter\u00e7a e quarta-feira: 08h00min\u00a0&#8211; Plantio de mudas de Ip\u00ea nas avenidas de acesso \u00e0 cidade; Equipes:\u00a0Sa\u00fade, Educa\u00e7\u00e3o, Assist\u00eancia Social, Obras, Agricultura. 28\/04 &#8211; Quinta-feira: 19h00min\u00a0&#8211; Momento de Ora\u00e7\u00e3o \u2013 Culto Ecum\u00eanico na Pra\u00e7a Miguel Pereira. 29\/04 &#8211; Sexta-feira: 05h00min\u00a0&#8211; Alvorada; 06h00min\u00a0&#8211; Sa\u00edda 1\u00b0 Pedal da Emancipa\u00e7\u00e3o Pol\u00edtica de\u00a0Amparo-PB; 08h00min\u00a0&#8211; Hasteamento do Pavilh\u00e3o; 09h00min\u00a0&#8211; Chegada do Pedal com Caf\u00e9 de Recep\u00e7\u00e3o; 10h00min\u00a0&#8211; Abertura da Exposi\u00e7\u00e3o Educacional com o tema: \u201cA influ\u00eancia das tradi\u00e7\u00f5es: uma abordagem hist\u00f3rico, social, econ\u00f4mico e cultural de Amparo\u201d; 14h00min\u00a0&#8211; Gincana Cultural \u2013 Quiz; 19h00min\u00a0&#8211; Missa em A\u00e7\u00e3o de Gra\u00e7a. 30\/04 &#8211; S\u00e1bado: 08h00min\u00a0&#8211; Feira de S\u00f3cio-Assistencial; Feira de Sa\u00fade: Especialidades M\u00e9dicas; Aten\u00e7\u00e3o B\u00e1sica. 10h00min\u00a0&#8211; Recep\u00e7\u00e3o \u00e0s Autoridades; Ordens de servi\u00e7os: Reforma da UBS S\u00e3o Sebasti\u00e3o; II etapa da sede da Secretaria de Educa\u00e7\u00e3o \u201cProfessor Verinaldo En\u00e9as\u201d; Pavimenta\u00e7\u00f5es avenida da escola Tertulina N\u00f3brega e acesso a Central de Vel\u00f3rios. 10h30min\u00a0&#8211; Inaugura\u00e7\u00f5es: Central de vel\u00f3rios; Chafariz p\u00fablico &#8211; Amplia\u00e7\u00e3o e ilumina\u00e7\u00e3o do est\u00e1dio de futebol o Ronald\u00e3o; Pavimenta\u00e7\u00f5es &#8211; Francisco de Paulo Arruda e Sebasti\u00e3o de Freitas; Entrega de implementos agr\u00edcolas; Entrega de ve\u00edculo. 13h00min\u00a0&#8211; Recep\u00e7\u00e3o as autoridades e convidados na Quadra da Escola Ildefonso Anselmo da Silva; 16h00min\u00a0&#8211; Final da Copa Amparense Ouro Velho FC x AE Cruzeiro Sum\u00e9. 21h00min\u00a0&#8211; Shows em Pra\u00e7a P\u00fablica com: Alysson e Forr\u00f3 Kent. Amparo Ligado\" \/>\n<meta property=\"og:url\" content=\"https:\/\/noticiasemdestaque.com\/cd\/?p=38367\" \/>\n<meta property=\"og:site_name\" content=\"Not&iacute;cias em Destaque\" \/>\n<meta property=\"article:published_time\" content=\"2022-04-26T22:05:08+00:00\" \/>\n<meta property=\"og:image\" content=\"https:\/\/noticiasemdestaque.com\/cd\/wp-content\/uploads\/2022\/04\/WhatsApp-Image-2022-04-22-at-12.24.53.jpeg\" \/>\n\t<meta property=\"og:image:width\" content=\"1600\" \/>\n\t<meta property=\"og:image:height\" content=\"900\" \/>\n\t<meta property=\"og:image:type\" content=\"image\/jpeg\" \/>\n<meta name=\"author\" content=\"Not\u00edcias em Destaque\" \/>\n<meta name=\"twitter:card\" content=\"summary_large_image\" \/>\n<meta name=\"twitter:label1\" content=\"Escrito por\" \/>\n\t<meta name=\"twitter:data1\" content=\"Not\u00edcias em Destaque\" \/>\n\t<meta name=\"twitter:label2\" content=\"Est. tempo de leitura\" \/>\n\t<meta name=\"twitter:data2\" content=\"2 minutos\" \/>\n<script type=\"application\/ld+json\" class=\"yoast-schema-graph\">{\"@context\":\"https:\/\/schema.org\",\"@graph\":[{\"@type\":\"Article\",\"@id\":\"https:\/\/noticiasemdestaque.com\/cd\/?p=38367#article\",\"isPartOf\":{\"@id\":\"https:\/\/noticiasemdestaque.com\/cd\/?p=38367\"},\"author\":{\"name\":\"Not\u00edcias em Destaque\",\"@id\":\"https:\/\/noticiasemdestaque.com\/cd\/#\/schema\/person\/21320b03a7e8bb90128938dafc9b908a\"},\"headline\":\"Prefeitura de Amparo anuncia programa\u00e7\u00e3o da Festa de 28 anos de Emancipa\u00e7\u00e3o Pol\u00edtica\",\"datePublished\":\"2022-04-26T22:05:08+00:00\",\"mainEntityOfPage\":{\"@id\":\"https:\/\/noticiasemdestaque.com\/cd\/?p=38367\"},\"wordCount\":331,\"publisher\":{\"@id\":\"https:\/\/noticiasemdestaque.com\/cd\/#organization\"},\"image\":{\"@id\":\"https:\/\/noticiasemdestaque.com\/cd\/?p=38367#primaryimage\"},\"thumbnailUrl\":\"https:\/\/noticiasemdestaque.com\/cd\/wp-content\/uploads\/2022\/04\/WhatsApp-Image-2022-04-22-at-12.24.53.jpeg\",\"articleSection\":[\"Cidades\"],\"inLanguage\":\"pt-BR\"},{\"@type\":\"WebPage\",\"@id\":\"https:\/\/noticiasemdestaque.com\/cd\/?p=38367\",\"url\":\"https:\/\/noticiasemdestaque.com\/cd\/?p=38367\",\"name\":\"Prefeitura de Amparo anuncia programa\u00e7\u00e3o da Festa de 28 anos de Emancipa\u00e7\u00e3o Pol\u00edtica - Not&iacute;cias em Destaque\",\"isPartOf\":{\"@id\":\"https:\/\/noticiasemdestaque.com\/cd\/#website\"},\"primaryImageOfPage\":{\"@id\":\"https:\/\/noticiasemdestaque.com\/cd\/?p=38367#primaryimage\"},\"image\":{\"@id\":\"https:\/\/noticiasemdestaque.com\/cd\/?p=38367#primaryimage\"},\"thumbnailUrl\":\"https:\/\/noticiasemdestaque.com\/cd\/wp-content\/uploads\/2022\/04\/WhatsApp-Image-2022-04-22-at-12.24.53.jpeg\",\"datePublished\":\"2022-04-26T22:05:08+00:00\",\"breadcrumb\":{\"@id\":\"https:\/\/noticiasemdestaque.com\/cd\/?p=38367#breadcrumb\"},\"inLanguage\":\"pt-BR\",\"potentialAction\":[{\"@type\":\"ReadAction\",\"target\":[\"https:\/\/noticiasemdestaque.com\/cd\/?p=38367\"]}]},{\"@type\":\"ImageObject\",\"inLanguage\":\"pt-BR\",\"@id\":\"https:\/\/noticiasemdestaque.com\/cd\/?p=38367#primaryimage\",\"url\":\"https:\/\/noticiasemdestaque.com\/cd\/wp-content\/uploads\/2022\/04\/WhatsApp-Image-2022-04-22-at-12.24.53.jpeg\",\"contentUrl\":\"https:\/\/noticiasemdestaque.com\/cd\/wp-content\/uploads\/2022\/04\/WhatsApp-Image-2022-04-22-at-12.24.53.jpeg\",\"width\":1600,\"height\":900},{\"@type\":\"BreadcrumbList\",\"@id\":\"https:\/\/noticiasemdestaque.com\/cd\/?p=38367#breadcrumb\",\"itemListElement\":[{\"@type\":\"ListItem\",\"position\":1,\"name\":\"In\u00edcio\",\"item\":\"https:\/\/noticiasemdestaque.com\/cd\/\"},{\"@type\":\"ListItem\",\"position\":2,\"name\":\"Prefeitura de Amparo anuncia programa\u00e7\u00e3o da Festa de 28 anos de Emancipa\u00e7\u00e3o Pol\u00edtica\"}]},{\"@type\":\"WebSite\",\"@id\":\"https:\/\/noticiasemdestaque.com\/cd\/#website\",\"url\":\"https:\/\/noticiasemdestaque.com\/cd\/\",\"name\":\"Not&iacute;cias em Destaque\",\"description\":\"\",\"publisher\":{\"@id\":\"https:\/\/noticiasemdestaque.com\/cd\/#organization\"},\"potentialAction\":[{\"@type\":\"SearchAction\",\"target\":{\"@type\":\"EntryPoint\",\"urlTemplate\":\"https:\/\/noticiasemdestaque.com\/cd\/?s={search_term_string}\"},\"query-input\":{\"@type\":\"PropertyValueSpecification\",\"valueRequired\":true,\"valueName\":\"search_term_string\"}}],\"inLanguage\":\"pt-BR\"},{\"@type\":\"Organization\",\"@id\":\"https:\/\/noticiasemdestaque.com\/cd\/#organization\",\"name\":\"Not\u00edcias em Destaque\",\"url\":\"https:\/\/noticiasemdestaque.com\/cd\/\",\"logo\":{\"@type\":\"ImageObject\",\"inLanguage\":\"pt-BR\",\"@id\":\"https:\/\/noticiasemdestaque.com\/cd\/#\/schema\/logo\/image\/\",\"url\":\"https:\/\/noticiasemdestaque.com\/cd\/wp-content\/uploads\/2022\/05\/imagem-base-noticiasemdestaque.png\",\"contentUrl\":\"https:\/\/noticiasemdestaque.com\/cd\/wp-content\/uploads\/2022\/05\/imagem-base-noticiasemdestaque.png\",\"width\":1200,\"height\":630,\"caption\":\"Not\u00edcias em Destaque\"},\"image\":{\"@id\":\"https:\/\/noticiasemdestaque.com\/cd\/#\/schema\/logo\/image\/\"}},{\"@type\":\"Person\",\"@id\":\"https:\/\/noticiasemdestaque.com\/cd\/#\/schema\/person\/21320b03a7e8bb90128938dafc9b908a\",\"name\":\"Not\u00edcias em Destaque\",\"url\":\"https:\/\/noticiasemdestaque.com\/cd\/?author=2\"}]}<\/script>\n<!-- \/ Yoast SEO plugin. -->","yoast_head_json":{"title":"Prefeitura de Amparo anuncia programa\u00e7\u00e3o da Festa de 28 anos de Emancipa\u00e7\u00e3o Pol\u00edtica - Not&iacute;cias em Destaque","robots":{"index":"index","follow":"follow","max-snippet":"max-snippet:-1","max-image-preview":"max-image-preview:large","max-video-preview":"max-video-preview:-1"},"canonical":"https:\/\/noticiasemdestaque.com\/cd\/?p=38367","og_locale":"pt_BR","og_type":"article","og_title":"Prefeitura de Amparo anuncia programa\u00e7\u00e3o da Festa de 28 anos de Emancipa\u00e7\u00e3o Pol\u00edtica - Not&iacute;cias em Destaque","og_description":"A Prefeitura de amparo anunciou a programa\u00e7\u00e3o oficial da Festa de 28 anos de Emancipa\u00e7\u00e3o Pol\u00edtica do munic\u00edpio, confira com exclusividade no portal Amparo Ligado: 26 e 27\/04 &#8211; Ter\u00e7a e quarta-feira: 08h00min\u00a0&#8211; Plantio de mudas de Ip\u00ea nas avenidas de acesso \u00e0 cidade; Equipes:\u00a0Sa\u00fade, Educa\u00e7\u00e3o, Assist\u00eancia Social, Obras, Agricultura. 28\/04 &#8211; Quinta-feira: 19h00min\u00a0&#8211; Momento de Ora\u00e7\u00e3o \u2013 Culto Ecum\u00eanico na Pra\u00e7a Miguel Pereira. 29\/04 &#8211; Sexta-feira: 05h00min\u00a0&#8211; Alvorada; 06h00min\u00a0&#8211; Sa\u00edda 1\u00b0 Pedal da Emancipa\u00e7\u00e3o Pol\u00edtica de\u00a0Amparo-PB; 08h00min\u00a0&#8211; Hasteamento do Pavilh\u00e3o; 09h00min\u00a0&#8211; Chegada do Pedal com Caf\u00e9 de Recep\u00e7\u00e3o; 10h00min\u00a0&#8211; Abertura da Exposi\u00e7\u00e3o Educacional com o tema: \u201cA influ\u00eancia das tradi\u00e7\u00f5es: uma abordagem hist\u00f3rico, social, econ\u00f4mico e cultural de Amparo\u201d; 14h00min\u00a0&#8211; Gincana Cultural \u2013 Quiz; 19h00min\u00a0&#8211; Missa em A\u00e7\u00e3o de Gra\u00e7a. 30\/04 &#8211; S\u00e1bado: 08h00min\u00a0&#8211; Feira de S\u00f3cio-Assistencial; Feira de Sa\u00fade: Especialidades M\u00e9dicas; Aten\u00e7\u00e3o B\u00e1sica. 10h00min\u00a0&#8211; Recep\u00e7\u00e3o \u00e0s Autoridades; Ordens de servi\u00e7os: Reforma da UBS S\u00e3o Sebasti\u00e3o; II etapa da sede da Secretaria de Educa\u00e7\u00e3o \u201cProfessor Verinaldo En\u00e9as\u201d; Pavimenta\u00e7\u00f5es avenida da escola Tertulina N\u00f3brega e acesso a Central de Vel\u00f3rios. 10h30min\u00a0&#8211; Inaugura\u00e7\u00f5es: Central de vel\u00f3rios; Chafariz p\u00fablico &#8211; Amplia\u00e7\u00e3o e ilumina\u00e7\u00e3o do est\u00e1dio de futebol o Ronald\u00e3o; Pavimenta\u00e7\u00f5es &#8211; Francisco de Paulo Arruda e Sebasti\u00e3o de Freitas; Entrega de implementos agr\u00edcolas; Entrega de ve\u00edculo. 13h00min\u00a0&#8211; Recep\u00e7\u00e3o as autoridades e convidados na Quadra da Escola Ildefonso Anselmo da Silva; 16h00min\u00a0&#8211; Final da Copa Amparense Ouro Velho FC x AE Cruzeiro Sum\u00e9. 21h00min\u00a0&#8211; Shows em Pra\u00e7a P\u00fablica com: Alysson e Forr\u00f3 Kent. Amparo Ligado","og_url":"https:\/\/noticiasemdestaque.com\/cd\/?p=38367","og_site_name":"Not&iacute;cias em Destaque","article_published_time":"2022-04-26T22:05:08+00:00","og_image":[{"width":1600,"height":900,"url":"https:\/\/noticiasemdestaque.com\/cd\/wp-content\/uploads\/2022\/04\/WhatsApp-Image-2022-04-22-at-12.24.53.jpeg","type":"image\/jpeg"}],"author":"Not\u00edcias em Destaque","twitter_card":"summary_large_image","twitter_misc":{"Escrito por":"Not\u00edcias em Destaque","Est. tempo de leitura":"2 minutos"},"schema":{"@context":"https:\/\/schema.org","@graph":[{"@type":"Article","@id":"https:\/\/noticiasemdestaque.com\/cd\/?p=38367#article","isPartOf":{"@id":"https:\/\/noticiasemdestaque.com\/cd\/?p=38367"},"author":{"name":"Not\u00edcias em Destaque","@id":"https:\/\/noticiasemdestaque.com\/cd\/#\/schema\/person\/21320b03a7e8bb90128938dafc9b908a"},"headline":"Prefeitura de Amparo anuncia programa\u00e7\u00e3o da Festa de 28 anos de Emancipa\u00e7\u00e3o Pol\u00edtica","datePublished":"2022-04-26T22:05:08+00:00","mainEntityOfPage":{"@id":"https:\/\/noticiasemdestaque.com\/cd\/?p=38367"},"wordCount":331,"publisher":{"@id":"https:\/\/noticiasemdestaque.com\/cd\/#organization"},"image":{"@id":"https:\/\/noticiasemdestaque.com\/cd\/?p=38367#primaryimage"},"thumbnailUrl":"https:\/\/noticiasemdestaque.com\/cd\/wp-content\/uploads\/2022\/04\/WhatsApp-Image-2022-04-22-at-12.24.53.jpeg","articleSection":["Cidades"],"inLanguage":"pt-BR"},{"@type":"WebPage","@id":"https:\/\/noticiasemdestaque.com\/cd\/?p=38367","url":"https:\/\/noticiasemdestaque.com\/cd\/?p=38367","name":"Prefeitura de Amparo anuncia programa\u00e7\u00e3o da Festa de 28 anos de Emancipa\u00e7\u00e3o Pol\u00edtica - Not&iacute;cias em Destaque","isPartOf":{"@id":"https:\/\/noticiasemdestaque.com\/cd\/#website"},"primaryImageOfPage":{"@id":"https:\/\/noticiasemdestaque.com\/cd\/?p=38367#primaryimage"},"image":{"@id":"https:\/\/noticiasemdestaque.com\/cd\/?p=38367#primaryimage"},"thumbnailUrl":"https:\/\/noticiasemdestaque.com\/cd\/wp-content\/uploads\/2022\/04\/WhatsApp-Image-2022-04-22-at-12.24.53.jpeg","datePublished":"2022-04-26T22:05:08+00:00","breadcrumb":{"@id":"https:\/\/noticiasemdestaque.com\/cd\/?p=38367#breadcrumb"},"inLanguage":"pt-BR","potentialAction":[{"@type":"ReadAction","target":["https:\/\/noticiasemdestaque.com\/cd\/?p=38367"]}]},{"@type":"ImageObject","inLanguage":"pt-BR","@id":"https:\/\/noticiasemdestaque.com\/cd\/?p=38367#primaryimage","url":"https:\/\/noticiasemdestaque.com\/cd\/wp-content\/uploads\/2022\/04\/WhatsApp-Image-2022-04-22-at-12.24.53.jpeg","contentUrl":"https:\/\/noticiasemdestaque.com\/cd\/wp-content\/uploads\/2022\/04\/WhatsApp-Image-2022-04-22-at-12.24.53.jpeg","width":1600,"height":900},{"@type":"BreadcrumbList","@id":"https:\/\/noticiasemdestaque.com\/cd\/?p=38367#breadcrumb","itemListElement":[{"@type":"ListItem","position":1,"name":"In\u00edcio","item":"https:\/\/noticiasemdestaque.com\/cd\/"},{"@type":"ListItem","position":2,"name":"Prefeitura de Amparo anuncia programa\u00e7\u00e3o da Festa de 28 anos de Emancipa\u00e7\u00e3o Pol\u00edtica"}]},{"@type":"WebSite","@id":"https:\/\/noticiasemdestaque.com\/cd\/#website","url":"https:\/\/noticiasemdestaque.com\/cd\/","name":"Not&iacute;cias em Destaque","description":"","publisher":{"@id":"https:\/\/noticiasemdestaque.com\/cd\/#organization"},"potentialAction":[{"@type":"SearchAction","target":{"@type":"EntryPoint","urlTemplate":"https:\/\/noticiasemdestaque.com\/cd\/?s={search_term_string}"},"query-input":{"@type":"PropertyValueSpecification","valueRequired":true,"valueName":"search_term_string"}}],"inLanguage":"pt-BR"},{"@type":"Organization","@id":"https:\/\/noticiasemdestaque.com\/cd\/#organization","name":"Not\u00edcias em Destaque","url":"https:\/\/noticiasemdestaque.com\/cd\/","logo":{"@type":"ImageObject","inLanguage":"pt-BR","@id":"https:\/\/noticiasemdestaque.com\/cd\/#\/schema\/logo\/image\/","url":"https:\/\/noticiasemdestaque.com\/cd\/wp-content\/uploads\/2022\/05\/imagem-base-noticiasemdestaque.png","contentUrl":"https:\/\/noticiasemdestaque.com\/cd\/wp-content\/uploads\/2022\/05\/imagem-base-noticiasemdestaque.png","width":1200,"height":630,"caption":"Not\u00edcias em Destaque"},"image":{"@id":"https:\/\/noticiasemdestaque.com\/cd\/#\/schema\/logo\/image\/"}},{"@type":"Person","@id":"https:\/\/noticiasemdestaque.com\/cd\/#\/schema\/person\/21320b03a7e8bb90128938dafc9b908a","name":"Not\u00edcias em Destaque","url":"https:\/\/noticiasemdestaque.com\/cd\/?author=2"}]}},"jetpack_featured_media_url":"https:\/\/noticiasemdestaque.com\/cd\/wp-content\/uploads\/2022\/04\/WhatsApp-Image-2022-04-22-at-12.24.53.jpeg","jetpack_sharing_enabled":true,"_links":{"self":[{"href":"https:\/\/noticiasemdestaque.com\/cd\/index.php?rest_route=\/wp\/v2\/posts\/38367","targetHints":{"allow":["GET"]}}],"collection":[{"href":"https:\/\/noticiasemdestaque.com\/cd\/index.php?rest_route=\/wp\/v2\/posts"}],"about":[{"href":"https:\/\/noticiasemdestaque.com\/cd\/index.php?rest_route=\/wp\/v2\/types\/post"}],"author":[{"embeddable":true,"href":"https:\/\/noticiasemdestaque.com\/cd\/index.php?rest_route=\/wp\/v2\/users\/2"}],"replies":[{"embeddable":true,"href":"https:\/\/noticiasemdestaque.com\/cd\/index.php?rest_route=%2Fwp%2Fv2%2Fcomments&post=38367"}],"version-history":[{"count":1,"href":"https:\/\/noticiasemdestaque.com\/cd\/index.php?rest_route=\/wp\/v2\/posts\/38367\/revisions"}],"predecessor-version":[{"id":38368,"href":"https:\/\/noticiasemdestaque.com\/cd\/index.php?rest_route=\/wp\/v2\/posts\/38367\/revisions\/38368"}],"wp:featuredmedia":[{"embeddable":true,"href":"https:\/\/noticiasemdestaque.com\/cd\/index.php?rest_route=\/wp\/v2\/media\/38186"}],"wp:attachment":[{"href":"https:\/\/noticiasemdestaque.com\/cd\/index.php?rest_route=%2Fwp%2Fv2%2Fmedia&parent=38367"}],"wp:term":[{"taxonomy":"category","embeddable":true,"href":"https:\/\/noticiasemdestaque.com\/cd\/index.php?rest_route=%2Fwp%2Fv2%2Fcategories&post=38367"},{"taxonomy":"post_tag","embeddable":true,"href":"https:\/\/noticiasemdestaque.com\/cd\/index.php?rest_route=%2Fwp%2Fv2%2Ftags&post=38367"}],"curies":[{"name":"wp","href":"https:\/\/api.w.org\/{rel}","templated":true}]}}