{"id":3833,"date":"2017-08-30T14:30:18","date_gmt":"2017-08-30T17:30:18","guid":{"rendered":"http:\/\/caririemdestaque.com\/cd\/?p=3833"},"modified":"2017-08-30T14:30:18","modified_gmt":"2017-08-30T17:30:18","slug":"joao-henrique-diz-que-inseguranca-no-cariri-passou-dos-limites-e-faz-apelo","status":"publish","type":"post","link":"https:\/\/noticiasemdestaque.com\/cd\/?p=3833","title":{"rendered":"Jo\u00e3o Henrique diz que inseguran\u00e7a no Cariri passou dos limites e faz apelo"},"content":{"rendered":"<p><a href=\"http:\/\/caririemdestaque.com\/cd\/wp-content\/uploads\/2017\/08\/joaohenriqueal2.jpg\"><img decoding=\"async\" class=\"size-thumbnail wp-image-3834 alignleft\" src=\"http:\/\/caririemdestaque.com\/cd\/wp-content\/uploads\/2017\/08\/joaohenriqueal2-150x150.jpg\" alt=\"\" width=\"150\" height=\"150\" srcset=\"https:\/\/noticiasemdestaque.com\/cd\/wp-content\/uploads\/2017\/08\/joaohenriqueal2-150x150.jpg 150w, https:\/\/noticiasemdestaque.com\/cd\/wp-content\/uploads\/2017\/08\/joaohenriqueal2-266x266.jpg 266w\" sizes=\"(max-width: 150px) 100vw, 150px\" \/><\/a>O deputado estadual Jo\u00e3o Henrique (DEM) usou a tribuna da Assembleia Legislativa da Para\u00edba (ALPB), nesta ter\u00e7a-feira (29), para fazer um apelo ao Governo do Estado no intuito de refor\u00e7ar a Seguran\u00e7a P\u00fablica no Cariri Paraibano que, de acordo com o parlamentar, vive os piores dias de inseguran\u00e7a fazendo com que a popula\u00e7\u00e3o amedrontada tenha medo at\u00e9 de sair \u00e0s ruas.<\/p>\n<p>Jo\u00e3o Henrique lembrou que, neste fim de semana, moradores de cidades da regi\u00e3o viveram um verdadeiro caos com a invas\u00e3o dos bandidos que assaltaram, roubaram e quase mataram o vereador e ex-presidente da C\u00e2mara Municipal de Serra Branca, Hercules Holanda, que sofreu um tiro de rasp\u00e3o na cabe\u00e7a, durante um assalto.<\/p>\n<p>O parlamentar tamb\u00e9m lamentou o fato de que bandidos furtaram uma moto da Pol\u00edcia Militar de dentro de Companhia da PM, em Boqueir\u00e3o.<\/p>\n<p>\u201cO Cariri vive seu pior momento na \u00e1rea de seguran\u00e7a. As cidades de Serra Branca, S\u00e3o Jo\u00e3o do Cariri, Sum\u00e9 e at\u00e9 Cabaceiras foram invadidas pela bandidagem que est\u00e1 t\u00e3o violenta, t\u00e3o preparada, t\u00e3o organizada que atacou um dos quart\u00e9is da PM e levou uma moto oficial da Pol\u00edcia. Isso \u00e9 grave. O n\u00edvel de viol\u00eancia ultrapassou o limite do razo\u00e1vel e \u00e9 necess\u00e1rio que a Secretaria de Seguran\u00e7a P\u00fablica e o Governo do Estado tomem provid\u00eancias cab\u00edveis neste caso especifico. Tamb\u00e9m quero me solidarizar com o vereador Hercules Holanda, da cidade de Serra Branca que levou um tiro de rasp\u00e3o na cabe\u00e7a durante um arrast\u00e3o na cidade\u201d.<\/p>\n<p>Jo\u00e3o Henrique continuou o discurso pontuando que, se provid\u00eancias n\u00e3o forem tomadas, a situa\u00e7\u00e3o que j\u00e1 est\u00e1 ca\u00f3tica dever\u00e1 piorar, tendo em vista que o povo do Cariri n\u00e3o aguenta mais viver com medo da bandidagem. \u201cFica aqui o meu apelo ao Governo do Estado que disse na \u00e9poca de campanha, em 2010, que em seis meses resolveria o problema da Seguran\u00e7a P\u00fablica da Para\u00edba e em sete anos n\u00e3o resolveu absolutamente nada\u201d, disse o parlamentar.<\/p>\n<p><em><strong>Cariri em Destaque<\/strong><\/em><\/p>\n","protected":false},"excerpt":{"rendered":"<p>O deputado estadual Jo\u00e3o Henrique (DEM) usou a tribuna da Assembleia Legislativa da Para\u00edba (ALPB), nesta ter\u00e7a-feira (29), para fazer um apelo ao Governo do Estado no intuito de refor\u00e7ar a Seguran\u00e7a P\u00fablica no Cariri Paraibano que, de acordo com o parlamentar, vive os piores dias de inseguran\u00e7a fazendo com que a popula\u00e7\u00e3o amedrontada tenha medo at\u00e9 de sair \u00e0s ruas. Jo\u00e3o Henrique lembrou que, neste fim de semana, moradores de cidades da regi\u00e3o viveram um verdadeiro caos com a invas\u00e3o dos bandidos que assaltaram, roubaram e quase mataram o vereador e ex-presidente da C\u00e2mara Municipal de Serra Branca, Hercules Holanda, que sofreu um tiro de rasp\u00e3o na cabe\u00e7a, durante um assalto. O parlamentar tamb\u00e9m lamentou o fato de que bandidos furtaram uma moto da Pol\u00edcia Militar de dentro de Companhia da PM, em Boqueir\u00e3o. \u201cO Cariri vive seu pior momento na \u00e1rea de seguran\u00e7a. As cidades de Serra Branca, S\u00e3o Jo\u00e3o do Cariri, Sum\u00e9 e at\u00e9 Cabaceiras foram invadidas pela bandidagem que est\u00e1 t\u00e3o violenta, t\u00e3o preparada, t\u00e3o organizada que atacou um dos quart\u00e9is da PM e levou uma moto oficial da Pol\u00edcia. Isso \u00e9 grave. O n\u00edvel de viol\u00eancia ultrapassou o limite do razo\u00e1vel e \u00e9 necess\u00e1rio que a Secretaria de Seguran\u00e7a P\u00fablica e o Governo do Estado tomem provid\u00eancias cab\u00edveis neste caso especifico. Tamb\u00e9m quero me solidarizar com o vereador Hercules Holanda, da cidade de Serra Branca que levou um tiro de rasp\u00e3o na cabe\u00e7a durante um arrast\u00e3o na cidade\u201d. Jo\u00e3o Henrique continuou o discurso pontuando que, se provid\u00eancias n\u00e3o forem tomadas, a situa\u00e7\u00e3o que j\u00e1 est\u00e1 ca\u00f3tica dever\u00e1 piorar, tendo em vista que o povo do Cariri n\u00e3o aguenta mais viver com medo da bandidagem. \u201cFica aqui o meu apelo ao Governo do Estado que disse na \u00e9poca de campanha, em 2010, que em seis meses resolveria o problema da Seguran\u00e7a P\u00fablica da Para\u00edba e em sete anos n\u00e3o resolveu absolutamente nada\u201d, disse o parlamentar. Cariri em Destaque<\/p>\n","protected":false},"author":2,"featured_media":3834,"comment_status":"closed","ping_status":"open","sticky":false,"template":"","format":"standard","meta":{"_eb_attr":"","_jetpack_memberships_contains_paid_content":false,"footnotes":""},"categories":[3],"tags":[],"class_list":["post-3833","post","type-post","status-publish","format-standard","has-post-thumbnail","hentry","category-cidades"],"yoast_head":"<!-- This site is optimized with the Yoast SEO plugin v26.5 - https:\/\/yoast.com\/wordpress\/plugins\/seo\/ -->\n<title>Jo\u00e3o Henrique diz que inseguran\u00e7a no Cariri passou dos limites e faz apelo - Not&iacute;cias em Destaque<\/title>\n<meta name=\"robots\" content=\"index, follow, max-snippet:-1, max-image-preview:large, max-video-preview:-1\" \/>\n<link rel=\"canonical\" href=\"https:\/\/noticiasemdestaque.com\/cd\/?p=3833\" \/>\n<meta property=\"og:locale\" content=\"pt_BR\" \/>\n<meta property=\"og:type\" content=\"article\" \/>\n<meta property=\"og:title\" content=\"Jo\u00e3o Henrique diz que inseguran\u00e7a no Cariri passou dos limites e faz apelo - Not&iacute;cias em Destaque\" \/>\n<meta property=\"og:description\" content=\"O deputado estadual Jo\u00e3o Henrique (DEM) usou a tribuna da Assembleia Legislativa da Para\u00edba (ALPB), nesta ter\u00e7a-feira (29), para fazer um apelo ao Governo do Estado no intuito de refor\u00e7ar a Seguran\u00e7a P\u00fablica no Cariri Paraibano que, de acordo com o parlamentar, vive os piores dias de inseguran\u00e7a fazendo com que a popula\u00e7\u00e3o amedrontada tenha medo at\u00e9 de sair \u00e0s ruas. Jo\u00e3o Henrique lembrou que, neste fim de semana, moradores de cidades da regi\u00e3o viveram um verdadeiro caos com a invas\u00e3o dos bandidos que assaltaram, roubaram e quase mataram o vereador e ex-presidente da C\u00e2mara Municipal de Serra Branca, Hercules Holanda, que sofreu um tiro de rasp\u00e3o na cabe\u00e7a, durante um assalto. O parlamentar tamb\u00e9m lamentou o fato de que bandidos furtaram uma moto da Pol\u00edcia Militar de dentro de Companhia da PM, em Boqueir\u00e3o. \u201cO Cariri vive seu pior momento na \u00e1rea de seguran\u00e7a. As cidades de Serra Branca, S\u00e3o Jo\u00e3o do Cariri, Sum\u00e9 e at\u00e9 Cabaceiras foram invadidas pela bandidagem que est\u00e1 t\u00e3o violenta, t\u00e3o preparada, t\u00e3o organizada que atacou um dos quart\u00e9is da PM e levou uma moto oficial da Pol\u00edcia. Isso \u00e9 grave. O n\u00edvel de viol\u00eancia ultrapassou o limite do razo\u00e1vel e \u00e9 necess\u00e1rio que a Secretaria de Seguran\u00e7a P\u00fablica e o Governo do Estado tomem provid\u00eancias cab\u00edveis neste caso especifico. Tamb\u00e9m quero me solidarizar com o vereador Hercules Holanda, da cidade de Serra Branca que levou um tiro de rasp\u00e3o na cabe\u00e7a durante um arrast\u00e3o na cidade\u201d. Jo\u00e3o Henrique continuou o discurso pontuando que, se provid\u00eancias n\u00e3o forem tomadas, a situa\u00e7\u00e3o que j\u00e1 est\u00e1 ca\u00f3tica dever\u00e1 piorar, tendo em vista que o povo do Cariri n\u00e3o aguenta mais viver com medo da bandidagem. \u201cFica aqui o meu apelo ao Governo do Estado que disse na \u00e9poca de campanha, em 2010, que em seis meses resolveria o problema da Seguran\u00e7a P\u00fablica da Para\u00edba e em sete anos n\u00e3o resolveu absolutamente nada\u201d, disse o parlamentar. Cariri em Destaque\" \/>\n<meta property=\"og:url\" content=\"https:\/\/noticiasemdestaque.com\/cd\/?p=3833\" \/>\n<meta property=\"og:site_name\" content=\"Not&iacute;cias em Destaque\" \/>\n<meta property=\"article:published_time\" content=\"2017-08-30T17:30:18+00:00\" \/>\n<meta property=\"og:image\" content=\"https:\/\/noticiasemdestaque.com\/cd\/wp-content\/uploads\/2017\/08\/joaohenriqueal2.jpg\" \/>\n\t<meta property=\"og:image:width\" content=\"600\" \/>\n\t<meta property=\"og:image:height\" content=\"406\" \/>\n\t<meta property=\"og:image:type\" content=\"image\/jpeg\" \/>\n<meta name=\"author\" content=\"Not\u00edcias em Destaque\" \/>\n<meta name=\"twitter:card\" content=\"summary_large_image\" \/>\n<meta name=\"twitter:label1\" content=\"Escrito por\" \/>\n\t<meta name=\"twitter:data1\" content=\"Not\u00edcias em Destaque\" \/>\n\t<meta name=\"twitter:label2\" content=\"Est. tempo de leitura\" \/>\n\t<meta name=\"twitter:data2\" content=\"2 minutos\" \/>\n<script type=\"application\/ld+json\" class=\"yoast-schema-graph\">{\"@context\":\"https:\/\/schema.org\",\"@graph\":[{\"@type\":\"Article\",\"@id\":\"https:\/\/noticiasemdestaque.com\/cd\/?p=3833#article\",\"isPartOf\":{\"@id\":\"https:\/\/noticiasemdestaque.com\/cd\/?p=3833\"},\"author\":{\"name\":\"Not\u00edcias em Destaque\",\"@id\":\"https:\/\/noticiasemdestaque.com\/cd\/#\/schema\/person\/21320b03a7e8bb90128938dafc9b908a\"},\"headline\":\"Jo\u00e3o Henrique diz que inseguran\u00e7a no Cariri passou dos limites e faz apelo\",\"datePublished\":\"2017-08-30T17:30:18+00:00\",\"mainEntityOfPage\":{\"@id\":\"https:\/\/noticiasemdestaque.com\/cd\/?p=3833\"},\"wordCount\":380,\"publisher\":{\"@id\":\"https:\/\/noticiasemdestaque.com\/cd\/#organization\"},\"image\":{\"@id\":\"https:\/\/noticiasemdestaque.com\/cd\/?p=3833#primaryimage\"},\"thumbnailUrl\":\"https:\/\/noticiasemdestaque.com\/cd\/wp-content\/uploads\/2017\/08\/joaohenriqueal2.jpg\",\"articleSection\":[\"Cidades\"],\"inLanguage\":\"pt-BR\"},{\"@type\":\"WebPage\",\"@id\":\"https:\/\/noticiasemdestaque.com\/cd\/?p=3833\",\"url\":\"https:\/\/noticiasemdestaque.com\/cd\/?p=3833\",\"name\":\"Jo\u00e3o Henrique diz que inseguran\u00e7a no Cariri passou dos limites e faz apelo - Not&iacute;cias em Destaque\",\"isPartOf\":{\"@id\":\"https:\/\/noticiasemdestaque.com\/cd\/#website\"},\"primaryImageOfPage\":{\"@id\":\"https:\/\/noticiasemdestaque.com\/cd\/?p=3833#primaryimage\"},\"image\":{\"@id\":\"https:\/\/noticiasemdestaque.com\/cd\/?p=3833#primaryimage\"},\"thumbnailUrl\":\"https:\/\/noticiasemdestaque.com\/cd\/wp-content\/uploads\/2017\/08\/joaohenriqueal2.jpg\",\"datePublished\":\"2017-08-30T17:30:18+00:00\",\"breadcrumb\":{\"@id\":\"https:\/\/noticiasemdestaque.com\/cd\/?p=3833#breadcrumb\"},\"inLanguage\":\"pt-BR\",\"potentialAction\":[{\"@type\":\"ReadAction\",\"target\":[\"https:\/\/noticiasemdestaque.com\/cd\/?p=3833\"]}]},{\"@type\":\"ImageObject\",\"inLanguage\":\"pt-BR\",\"@id\":\"https:\/\/noticiasemdestaque.com\/cd\/?p=3833#primaryimage\",\"url\":\"https:\/\/noticiasemdestaque.com\/cd\/wp-content\/uploads\/2017\/08\/joaohenriqueal2.jpg\",\"contentUrl\":\"https:\/\/noticiasemdestaque.com\/cd\/wp-content\/uploads\/2017\/08\/joaohenriqueal2.jpg\",\"width\":600,\"height\":406},{\"@type\":\"BreadcrumbList\",\"@id\":\"https:\/\/noticiasemdestaque.com\/cd\/?p=3833#breadcrumb\",\"itemListElement\":[{\"@type\":\"ListItem\",\"position\":1,\"name\":\"In\u00edcio\",\"item\":\"https:\/\/noticiasemdestaque.com\/cd\/\"},{\"@type\":\"ListItem\",\"position\":2,\"name\":\"Jo\u00e3o Henrique diz que inseguran\u00e7a no Cariri passou dos limites e faz apelo\"}]},{\"@type\":\"WebSite\",\"@id\":\"https:\/\/noticiasemdestaque.com\/cd\/#website\",\"url\":\"https:\/\/noticiasemdestaque.com\/cd\/\",\"name\":\"Not&iacute;cias em Destaque\",\"description\":\"\",\"publisher\":{\"@id\":\"https:\/\/noticiasemdestaque.com\/cd\/#organization\"},\"potentialAction\":[{\"@type\":\"SearchAction\",\"target\":{\"@type\":\"EntryPoint\",\"urlTemplate\":\"https:\/\/noticiasemdestaque.com\/cd\/?s={search_term_string}\"},\"query-input\":{\"@type\":\"PropertyValueSpecification\",\"valueRequired\":true,\"valueName\":\"search_term_string\"}}],\"inLanguage\":\"pt-BR\"},{\"@type\":\"Organization\",\"@id\":\"https:\/\/noticiasemdestaque.com\/cd\/#organization\",\"name\":\"Not\u00edcias em Destaque\",\"url\":\"https:\/\/noticiasemdestaque.com\/cd\/\",\"logo\":{\"@type\":\"ImageObject\",\"inLanguage\":\"pt-BR\",\"@id\":\"https:\/\/noticiasemdestaque.com\/cd\/#\/schema\/logo\/image\/\",\"url\":\"https:\/\/noticiasemdestaque.com\/cd\/wp-content\/uploads\/2022\/05\/imagem-base-noticiasemdestaque.png\",\"contentUrl\":\"https:\/\/noticiasemdestaque.com\/cd\/wp-content\/uploads\/2022\/05\/imagem-base-noticiasemdestaque.png\",\"width\":1200,\"height\":630,\"caption\":\"Not\u00edcias em Destaque\"},\"image\":{\"@id\":\"https:\/\/noticiasemdestaque.com\/cd\/#\/schema\/logo\/image\/\"}},{\"@type\":\"Person\",\"@id\":\"https:\/\/noticiasemdestaque.com\/cd\/#\/schema\/person\/21320b03a7e8bb90128938dafc9b908a\",\"name\":\"Not\u00edcias em Destaque\",\"url\":\"https:\/\/noticiasemdestaque.com\/cd\/?author=2\"}]}<\/script>\n<!-- \/ Yoast SEO plugin. -->","yoast_head_json":{"title":"Jo\u00e3o Henrique diz que inseguran\u00e7a no Cariri passou dos limites e faz apelo - Not&iacute;cias em Destaque","robots":{"index":"index","follow":"follow","max-snippet":"max-snippet:-1","max-image-preview":"max-image-preview:large","max-video-preview":"max-video-preview:-1"},"canonical":"https:\/\/noticiasemdestaque.com\/cd\/?p=3833","og_locale":"pt_BR","og_type":"article","og_title":"Jo\u00e3o Henrique diz que inseguran\u00e7a no Cariri passou dos limites e faz apelo - Not&iacute;cias em Destaque","og_description":"O deputado estadual Jo\u00e3o Henrique (DEM) usou a tribuna da Assembleia Legislativa da Para\u00edba (ALPB), nesta ter\u00e7a-feira (29), para fazer um apelo ao Governo do Estado no intuito de refor\u00e7ar a Seguran\u00e7a P\u00fablica no Cariri Paraibano que, de acordo com o parlamentar, vive os piores dias de inseguran\u00e7a fazendo com que a popula\u00e7\u00e3o amedrontada tenha medo at\u00e9 de sair \u00e0s ruas. Jo\u00e3o Henrique lembrou que, neste fim de semana, moradores de cidades da regi\u00e3o viveram um verdadeiro caos com a invas\u00e3o dos bandidos que assaltaram, roubaram e quase mataram o vereador e ex-presidente da C\u00e2mara Municipal de Serra Branca, Hercules Holanda, que sofreu um tiro de rasp\u00e3o na cabe\u00e7a, durante um assalto. O parlamentar tamb\u00e9m lamentou o fato de que bandidos furtaram uma moto da Pol\u00edcia Militar de dentro de Companhia da PM, em Boqueir\u00e3o. \u201cO Cariri vive seu pior momento na \u00e1rea de seguran\u00e7a. As cidades de Serra Branca, S\u00e3o Jo\u00e3o do Cariri, Sum\u00e9 e at\u00e9 Cabaceiras foram invadidas pela bandidagem que est\u00e1 t\u00e3o violenta, t\u00e3o preparada, t\u00e3o organizada que atacou um dos quart\u00e9is da PM e levou uma moto oficial da Pol\u00edcia. Isso \u00e9 grave. O n\u00edvel de viol\u00eancia ultrapassou o limite do razo\u00e1vel e \u00e9 necess\u00e1rio que a Secretaria de Seguran\u00e7a P\u00fablica e o Governo do Estado tomem provid\u00eancias cab\u00edveis neste caso especifico. Tamb\u00e9m quero me solidarizar com o vereador Hercules Holanda, da cidade de Serra Branca que levou um tiro de rasp\u00e3o na cabe\u00e7a durante um arrast\u00e3o na cidade\u201d. Jo\u00e3o Henrique continuou o discurso pontuando que, se provid\u00eancias n\u00e3o forem tomadas, a situa\u00e7\u00e3o que j\u00e1 est\u00e1 ca\u00f3tica dever\u00e1 piorar, tendo em vista que o povo do Cariri n\u00e3o aguenta mais viver com medo da bandidagem. \u201cFica aqui o meu apelo ao Governo do Estado que disse na \u00e9poca de campanha, em 2010, que em seis meses resolveria o problema da Seguran\u00e7a P\u00fablica da Para\u00edba e em sete anos n\u00e3o resolveu absolutamente nada\u201d, disse o parlamentar. Cariri em Destaque","og_url":"https:\/\/noticiasemdestaque.com\/cd\/?p=3833","og_site_name":"Not&iacute;cias em Destaque","article_published_time":"2017-08-30T17:30:18+00:00","og_image":[{"width":600,"height":406,"url":"https:\/\/noticiasemdestaque.com\/cd\/wp-content\/uploads\/2017\/08\/joaohenriqueal2.jpg","type":"image\/jpeg"}],"author":"Not\u00edcias em Destaque","twitter_card":"summary_large_image","twitter_misc":{"Escrito por":"Not\u00edcias em Destaque","Est. tempo de leitura":"2 minutos"},"schema":{"@context":"https:\/\/schema.org","@graph":[{"@type":"Article","@id":"https:\/\/noticiasemdestaque.com\/cd\/?p=3833#article","isPartOf":{"@id":"https:\/\/noticiasemdestaque.com\/cd\/?p=3833"},"author":{"name":"Not\u00edcias em Destaque","@id":"https:\/\/noticiasemdestaque.com\/cd\/#\/schema\/person\/21320b03a7e8bb90128938dafc9b908a"},"headline":"Jo\u00e3o Henrique diz que inseguran\u00e7a no Cariri passou dos limites e faz apelo","datePublished":"2017-08-30T17:30:18+00:00","mainEntityOfPage":{"@id":"https:\/\/noticiasemdestaque.com\/cd\/?p=3833"},"wordCount":380,"publisher":{"@id":"https:\/\/noticiasemdestaque.com\/cd\/#organization"},"image":{"@id":"https:\/\/noticiasemdestaque.com\/cd\/?p=3833#primaryimage"},"thumbnailUrl":"https:\/\/noticiasemdestaque.com\/cd\/wp-content\/uploads\/2017\/08\/joaohenriqueal2.jpg","articleSection":["Cidades"],"inLanguage":"pt-BR"},{"@type":"WebPage","@id":"https:\/\/noticiasemdestaque.com\/cd\/?p=3833","url":"https:\/\/noticiasemdestaque.com\/cd\/?p=3833","name":"Jo\u00e3o Henrique diz que inseguran\u00e7a no Cariri passou dos limites e faz apelo - Not&iacute;cias em Destaque","isPartOf":{"@id":"https:\/\/noticiasemdestaque.com\/cd\/#website"},"primaryImageOfPage":{"@id":"https:\/\/noticiasemdestaque.com\/cd\/?p=3833#primaryimage"},"image":{"@id":"https:\/\/noticiasemdestaque.com\/cd\/?p=3833#primaryimage"},"thumbnailUrl":"https:\/\/noticiasemdestaque.com\/cd\/wp-content\/uploads\/2017\/08\/joaohenriqueal2.jpg","datePublished":"2017-08-30T17:30:18+00:00","breadcrumb":{"@id":"https:\/\/noticiasemdestaque.com\/cd\/?p=3833#breadcrumb"},"inLanguage":"pt-BR","potentialAction":[{"@type":"ReadAction","target":["https:\/\/noticiasemdestaque.com\/cd\/?p=3833"]}]},{"@type":"ImageObject","inLanguage":"pt-BR","@id":"https:\/\/noticiasemdestaque.com\/cd\/?p=3833#primaryimage","url":"https:\/\/noticiasemdestaque.com\/cd\/wp-content\/uploads\/2017\/08\/joaohenriqueal2.jpg","contentUrl":"https:\/\/noticiasemdestaque.com\/cd\/wp-content\/uploads\/2017\/08\/joaohenriqueal2.jpg","width":600,"height":406},{"@type":"BreadcrumbList","@id":"https:\/\/noticiasemdestaque.com\/cd\/?p=3833#breadcrumb","itemListElement":[{"@type":"ListItem","position":1,"name":"In\u00edcio","item":"https:\/\/noticiasemdestaque.com\/cd\/"},{"@type":"ListItem","position":2,"name":"Jo\u00e3o Henrique diz que inseguran\u00e7a no Cariri passou dos limites e faz apelo"}]},{"@type":"WebSite","@id":"https:\/\/noticiasemdestaque.com\/cd\/#website","url":"https:\/\/noticiasemdestaque.com\/cd\/","name":"Not&iacute;cias em Destaque","description":"","publisher":{"@id":"https:\/\/noticiasemdestaque.com\/cd\/#organization"},"potentialAction":[{"@type":"SearchAction","target":{"@type":"EntryPoint","urlTemplate":"https:\/\/noticiasemdestaque.com\/cd\/?s={search_term_string}"},"query-input":{"@type":"PropertyValueSpecification","valueRequired":true,"valueName":"search_term_string"}}],"inLanguage":"pt-BR"},{"@type":"Organization","@id":"https:\/\/noticiasemdestaque.com\/cd\/#organization","name":"Not\u00edcias em Destaque","url":"https:\/\/noticiasemdestaque.com\/cd\/","logo":{"@type":"ImageObject","inLanguage":"pt-BR","@id":"https:\/\/noticiasemdestaque.com\/cd\/#\/schema\/logo\/image\/","url":"https:\/\/noticiasemdestaque.com\/cd\/wp-content\/uploads\/2022\/05\/imagem-base-noticiasemdestaque.png","contentUrl":"https:\/\/noticiasemdestaque.com\/cd\/wp-content\/uploads\/2022\/05\/imagem-base-noticiasemdestaque.png","width":1200,"height":630,"caption":"Not\u00edcias em Destaque"},"image":{"@id":"https:\/\/noticiasemdestaque.com\/cd\/#\/schema\/logo\/image\/"}},{"@type":"Person","@id":"https:\/\/noticiasemdestaque.com\/cd\/#\/schema\/person\/21320b03a7e8bb90128938dafc9b908a","name":"Not\u00edcias em Destaque","url":"https:\/\/noticiasemdestaque.com\/cd\/?author=2"}]}},"jetpack_featured_media_url":"https:\/\/noticiasemdestaque.com\/cd\/wp-content\/uploads\/2017\/08\/joaohenriqueal2.jpg","jetpack_sharing_enabled":true,"_links":{"self":[{"href":"https:\/\/noticiasemdestaque.com\/cd\/index.php?rest_route=\/wp\/v2\/posts\/3833","targetHints":{"allow":["GET"]}}],"collection":[{"href":"https:\/\/noticiasemdestaque.com\/cd\/index.php?rest_route=\/wp\/v2\/posts"}],"about":[{"href":"https:\/\/noticiasemdestaque.com\/cd\/index.php?rest_route=\/wp\/v2\/types\/post"}],"author":[{"embeddable":true,"href":"https:\/\/noticiasemdestaque.com\/cd\/index.php?rest_route=\/wp\/v2\/users\/2"}],"replies":[{"embeddable":true,"href":"https:\/\/noticiasemdestaque.com\/cd\/index.php?rest_route=%2Fwp%2Fv2%2Fcomments&post=3833"}],"version-history":[{"count":1,"href":"https:\/\/noticiasemdestaque.com\/cd\/index.php?rest_route=\/wp\/v2\/posts\/3833\/revisions"}],"predecessor-version":[{"id":3835,"href":"https:\/\/noticiasemdestaque.com\/cd\/index.php?rest_route=\/wp\/v2\/posts\/3833\/revisions\/3835"}],"wp:featuredmedia":[{"embeddable":true,"href":"https:\/\/noticiasemdestaque.com\/cd\/index.php?rest_route=\/wp\/v2\/media\/3834"}],"wp:attachment":[{"href":"https:\/\/noticiasemdestaque.com\/cd\/index.php?rest_route=%2Fwp%2Fv2%2Fmedia&parent=3833"}],"wp:term":[{"taxonomy":"category","embeddable":true,"href":"https:\/\/noticiasemdestaque.com\/cd\/index.php?rest_route=%2Fwp%2Fv2%2Fcategories&post=3833"},{"taxonomy":"post_tag","embeddable":true,"href":"https:\/\/noticiasemdestaque.com\/cd\/index.php?rest_route=%2Fwp%2Fv2%2Ftags&post=3833"}],"curies":[{"name":"wp","href":"https:\/\/api.w.org\/{rel}","templated":true}]}}