{"id":3824,"date":"2017-08-30T14:18:59","date_gmt":"2017-08-30T17:18:59","guid":{"rendered":"http:\/\/caririemdestaque.com\/cd\/?p=3824"},"modified":"2017-08-30T17:30:42","modified_gmt":"2017-08-30T20:30:42","slug":"prefeitura-de-sao-jose-dos-cordeiros-realiza-audicao-musical-para-escolher-voz-que-cantara-hino-do-municipio","status":"publish","type":"post","link":"https:\/\/noticiasemdestaque.com\/cd\/?p=3824","title":{"rendered":"Prefeitura de S\u00e3o Jos\u00e9 dos Cordeiros realiza audi\u00e7\u00e3o musical para escolher voz que cantar\u00e1 hino do munic\u00edpio"},"content":{"rendered":"<p><a href=\"http:\/\/caririemdestaque.com\/cd\/wp-content\/uploads\/2017\/08\/21106787_1038810839587541_9031176244016621618_n.jpg\"><img decoding=\"async\" class=\"size-thumbnail wp-image-3825 alignleft\" src=\"http:\/\/caririemdestaque.com\/cd\/wp-content\/uploads\/2017\/08\/21106787_1038810839587541_9031176244016621618_n-150x150.jpg\" alt=\"\" width=\"150\" height=\"150\" srcset=\"https:\/\/noticiasemdestaque.com\/cd\/wp-content\/uploads\/2017\/08\/21106787_1038810839587541_9031176244016621618_n-150x150.jpg 150w, https:\/\/noticiasemdestaque.com\/cd\/wp-content\/uploads\/2017\/08\/21106787_1038810839587541_9031176244016621618_n-300x300.jpg 300w, https:\/\/noticiasemdestaque.com\/cd\/wp-content\/uploads\/2017\/08\/21106787_1038810839587541_9031176244016621618_n-768x768.jpg 768w, https:\/\/noticiasemdestaque.com\/cd\/wp-content\/uploads\/2017\/08\/21106787_1038810839587541_9031176244016621618_n-266x266.jpg 266w, https:\/\/noticiasemdestaque.com\/cd\/wp-content\/uploads\/2017\/08\/21106787_1038810839587541_9031176244016621618_n.jpg 960w\" sizes=\"(max-width: 150px) 100vw, 150px\" \/><\/a>O Prefeito de S\u00e3o Jos\u00e9 dos Cordeiros, Jefferson Roberto, avisa aos interessados que residam no munic\u00edpio, que na pr\u00f3xima quinta-feira (31\/08) \u00e0s 15 horas, no audit\u00f3rio do CRAS, estar\u00e1 acontecendo uma audi\u00e7\u00e3o musical com o Produtor Rom\u00e9rio Zeferino, onde o mesmo escolher\u00e1 a voz que cantar\u00e1 o hino do munic\u00edpio dentro de uma produ\u00e7\u00e3o de videoclipe.<\/p>\n<p>No teste, o candidato ou a candidata tem que ter mais de 18 anos, e dever\u00e1 interpretar o hino municipal e outra a escolha.<\/p>\n<p>A pessoa escolhida ser\u00e1 remunerada para gravar em est\u00fadio.<\/p>\n<p><em><strong>Cariri em Destaque\u00a0<\/strong><\/em><\/p>\n","protected":false},"excerpt":{"rendered":"<p>O Prefeito de S\u00e3o Jos\u00e9 dos Cordeiros, Jefferson Roberto, avisa aos interessados que residam no munic\u00edpio, que na pr\u00f3xima quinta-feira (31\/08) \u00e0s 15 horas, no audit\u00f3rio do CRAS, estar\u00e1 acontecendo uma audi\u00e7\u00e3o musical com o Produtor Rom\u00e9rio Zeferino, onde o mesmo escolher\u00e1 a voz que cantar\u00e1 o hino do munic\u00edpio dentro de uma produ\u00e7\u00e3o de videoclipe. No teste, o candidato ou a candidata tem que ter mais de 18 anos, e dever\u00e1 interpretar o hino municipal e outra a escolha. A pessoa escolhida ser\u00e1 remunerada para gravar em est\u00fadio. Cariri em Destaque\u00a0<\/p>\n","protected":false},"author":2,"featured_media":3825,"comment_status":"closed","ping_status":"open","sticky":false,"template":"","format":"standard","meta":{"_eb_attr":"","_jetpack_memberships_contains_paid_content":false,"footnotes":""},"categories":[6],"tags":[],"class_list":["post-3824","post","type-post","status-publish","format-standard","has-post-thumbnail","hentry","category-educacao"],"yoast_head":"<!-- This site is optimized with the Yoast SEO plugin v26.5 - https:\/\/yoast.com\/wordpress\/plugins\/seo\/ -->\n<title>Prefeitura de S\u00e3o Jos\u00e9 dos Cordeiros realiza audi\u00e7\u00e3o musical para escolher voz que cantar\u00e1 hino do munic\u00edpio - Not&iacute;cias em Destaque<\/title>\n<meta name=\"robots\" content=\"index, follow, max-snippet:-1, max-image-preview:large, max-video-preview:-1\" \/>\n<link rel=\"canonical\" href=\"https:\/\/noticiasemdestaque.com\/cd\/?p=3824\" \/>\n<meta property=\"og:locale\" content=\"pt_BR\" \/>\n<meta property=\"og:type\" content=\"article\" \/>\n<meta property=\"og:title\" content=\"Prefeitura de S\u00e3o Jos\u00e9 dos Cordeiros realiza audi\u00e7\u00e3o musical para escolher voz que cantar\u00e1 hino do munic\u00edpio - Not&iacute;cias em Destaque\" \/>\n<meta property=\"og:description\" content=\"O Prefeito de S\u00e3o Jos\u00e9 dos Cordeiros, Jefferson Roberto, avisa aos interessados que residam no munic\u00edpio, que na pr\u00f3xima quinta-feira (31\/08) \u00e0s 15 horas, no audit\u00f3rio do CRAS, estar\u00e1 acontecendo uma audi\u00e7\u00e3o musical com o Produtor Rom\u00e9rio Zeferino, onde o mesmo escolher\u00e1 a voz que cantar\u00e1 o hino do munic\u00edpio dentro de uma produ\u00e7\u00e3o de videoclipe. No teste, o candidato ou a candidata tem que ter mais de 18 anos, e dever\u00e1 interpretar o hino municipal e outra a escolha. A pessoa escolhida ser\u00e1 remunerada para gravar em est\u00fadio. Cariri em Destaque\u00a0\" \/>\n<meta property=\"og:url\" content=\"https:\/\/noticiasemdestaque.com\/cd\/?p=3824\" \/>\n<meta property=\"og:site_name\" content=\"Not&iacute;cias em Destaque\" \/>\n<meta property=\"article:published_time\" content=\"2017-08-30T17:18:59+00:00\" \/>\n<meta property=\"article:modified_time\" content=\"2017-08-30T20:30:42+00:00\" \/>\n<meta property=\"og:image\" content=\"https:\/\/noticiasemdestaque.com\/cd\/wp-content\/uploads\/2017\/08\/21106787_1038810839587541_9031176244016621618_n.jpg\" \/>\n\t<meta property=\"og:image:width\" content=\"960\" \/>\n\t<meta property=\"og:image:height\" content=\"960\" \/>\n\t<meta property=\"og:image:type\" content=\"image\/jpeg\" \/>\n<meta name=\"author\" content=\"Not\u00edcias em Destaque\" \/>\n<meta name=\"twitter:card\" content=\"summary_large_image\" \/>\n<meta name=\"twitter:label1\" content=\"Escrito por\" \/>\n\t<meta name=\"twitter:data1\" content=\"Not\u00edcias em Destaque\" \/>\n<script type=\"application\/ld+json\" class=\"yoast-schema-graph\">{\"@context\":\"https:\/\/schema.org\",\"@graph\":[{\"@type\":\"Article\",\"@id\":\"https:\/\/noticiasemdestaque.com\/cd\/?p=3824#article\",\"isPartOf\":{\"@id\":\"https:\/\/noticiasemdestaque.com\/cd\/?p=3824\"},\"author\":{\"name\":\"Not\u00edcias em Destaque\",\"@id\":\"https:\/\/noticiasemdestaque.com\/cd\/#\/schema\/person\/21320b03a7e8bb90128938dafc9b908a\"},\"headline\":\"Prefeitura de S\u00e3o Jos\u00e9 dos Cordeiros realiza audi\u00e7\u00e3o musical para escolher voz que cantar\u00e1 hino do munic\u00edpio\",\"datePublished\":\"2017-08-30T17:18:59+00:00\",\"dateModified\":\"2017-08-30T20:30:42+00:00\",\"mainEntityOfPage\":{\"@id\":\"https:\/\/noticiasemdestaque.com\/cd\/?p=3824\"},\"wordCount\":118,\"publisher\":{\"@id\":\"https:\/\/noticiasemdestaque.com\/cd\/#organization\"},\"image\":{\"@id\":\"https:\/\/noticiasemdestaque.com\/cd\/?p=3824#primaryimage\"},\"thumbnailUrl\":\"https:\/\/noticiasemdestaque.com\/cd\/wp-content\/uploads\/2017\/08\/21106787_1038810839587541_9031176244016621618_n.jpg\",\"articleSection\":[\"Educa\u00e7\u00e3o\"],\"inLanguage\":\"pt-BR\"},{\"@type\":\"WebPage\",\"@id\":\"https:\/\/noticiasemdestaque.com\/cd\/?p=3824\",\"url\":\"https:\/\/noticiasemdestaque.com\/cd\/?p=3824\",\"name\":\"Prefeitura de S\u00e3o Jos\u00e9 dos Cordeiros realiza audi\u00e7\u00e3o musical para escolher voz que cantar\u00e1 hino do munic\u00edpio - Not&iacute;cias em Destaque\",\"isPartOf\":{\"@id\":\"https:\/\/noticiasemdestaque.com\/cd\/#website\"},\"primaryImageOfPage\":{\"@id\":\"https:\/\/noticiasemdestaque.com\/cd\/?p=3824#primaryimage\"},\"image\":{\"@id\":\"https:\/\/noticiasemdestaque.com\/cd\/?p=3824#primaryimage\"},\"thumbnailUrl\":\"https:\/\/noticiasemdestaque.com\/cd\/wp-content\/uploads\/2017\/08\/21106787_1038810839587541_9031176244016621618_n.jpg\",\"datePublished\":\"2017-08-30T17:18:59+00:00\",\"dateModified\":\"2017-08-30T20:30:42+00:00\",\"breadcrumb\":{\"@id\":\"https:\/\/noticiasemdestaque.com\/cd\/?p=3824#breadcrumb\"},\"inLanguage\":\"pt-BR\",\"potentialAction\":[{\"@type\":\"ReadAction\",\"target\":[\"https:\/\/noticiasemdestaque.com\/cd\/?p=3824\"]}]},{\"@type\":\"ImageObject\",\"inLanguage\":\"pt-BR\",\"@id\":\"https:\/\/noticiasemdestaque.com\/cd\/?p=3824#primaryimage\",\"url\":\"https:\/\/noticiasemdestaque.com\/cd\/wp-content\/uploads\/2017\/08\/21106787_1038810839587541_9031176244016621618_n.jpg\",\"contentUrl\":\"https:\/\/noticiasemdestaque.com\/cd\/wp-content\/uploads\/2017\/08\/21106787_1038810839587541_9031176244016621618_n.jpg\",\"width\":960,\"height\":960},{\"@type\":\"BreadcrumbList\",\"@id\":\"https:\/\/noticiasemdestaque.com\/cd\/?p=3824#breadcrumb\",\"itemListElement\":[{\"@type\":\"ListItem\",\"position\":1,\"name\":\"In\u00edcio\",\"item\":\"https:\/\/noticiasemdestaque.com\/cd\/\"},{\"@type\":\"ListItem\",\"position\":2,\"name\":\"Prefeitura de S\u00e3o Jos\u00e9 dos Cordeiros realiza audi\u00e7\u00e3o musical para escolher voz que cantar\u00e1 hino do munic\u00edpio\"}]},{\"@type\":\"WebSite\",\"@id\":\"https:\/\/noticiasemdestaque.com\/cd\/#website\",\"url\":\"https:\/\/noticiasemdestaque.com\/cd\/\",\"name\":\"Not&iacute;cias em Destaque\",\"description\":\"\",\"publisher\":{\"@id\":\"https:\/\/noticiasemdestaque.com\/cd\/#organization\"},\"potentialAction\":[{\"@type\":\"SearchAction\",\"target\":{\"@type\":\"EntryPoint\",\"urlTemplate\":\"https:\/\/noticiasemdestaque.com\/cd\/?s={search_term_string}\"},\"query-input\":{\"@type\":\"PropertyValueSpecification\",\"valueRequired\":true,\"valueName\":\"search_term_string\"}}],\"inLanguage\":\"pt-BR\"},{\"@type\":\"Organization\",\"@id\":\"https:\/\/noticiasemdestaque.com\/cd\/#organization\",\"name\":\"Not\u00edcias em Destaque\",\"url\":\"https:\/\/noticiasemdestaque.com\/cd\/\",\"logo\":{\"@type\":\"ImageObject\",\"inLanguage\":\"pt-BR\",\"@id\":\"https:\/\/noticiasemdestaque.com\/cd\/#\/schema\/logo\/image\/\",\"url\":\"https:\/\/noticiasemdestaque.com\/cd\/wp-content\/uploads\/2022\/05\/imagem-base-noticiasemdestaque.png\",\"contentUrl\":\"https:\/\/noticiasemdestaque.com\/cd\/wp-content\/uploads\/2022\/05\/imagem-base-noticiasemdestaque.png\",\"width\":1200,\"height\":630,\"caption\":\"Not\u00edcias em Destaque\"},\"image\":{\"@id\":\"https:\/\/noticiasemdestaque.com\/cd\/#\/schema\/logo\/image\/\"}},{\"@type\":\"Person\",\"@id\":\"https:\/\/noticiasemdestaque.com\/cd\/#\/schema\/person\/21320b03a7e8bb90128938dafc9b908a\",\"name\":\"Not\u00edcias em Destaque\",\"url\":\"https:\/\/noticiasemdestaque.com\/cd\/?author=2\"}]}<\/script>\n<!-- \/ Yoast SEO plugin. -->","yoast_head_json":{"title":"Prefeitura de S\u00e3o Jos\u00e9 dos Cordeiros realiza audi\u00e7\u00e3o musical para escolher voz que cantar\u00e1 hino do munic\u00edpio - Not&iacute;cias em Destaque","robots":{"index":"index","follow":"follow","max-snippet":"max-snippet:-1","max-image-preview":"max-image-preview:large","max-video-preview":"max-video-preview:-1"},"canonical":"https:\/\/noticiasemdestaque.com\/cd\/?p=3824","og_locale":"pt_BR","og_type":"article","og_title":"Prefeitura de S\u00e3o Jos\u00e9 dos Cordeiros realiza audi\u00e7\u00e3o musical para escolher voz que cantar\u00e1 hino do munic\u00edpio - Not&iacute;cias em Destaque","og_description":"O Prefeito de S\u00e3o Jos\u00e9 dos Cordeiros, Jefferson Roberto, avisa aos interessados que residam no munic\u00edpio, que na pr\u00f3xima quinta-feira (31\/08) \u00e0s 15 horas, no audit\u00f3rio do CRAS, estar\u00e1 acontecendo uma audi\u00e7\u00e3o musical com o Produtor Rom\u00e9rio Zeferino, onde o mesmo escolher\u00e1 a voz que cantar\u00e1 o hino do munic\u00edpio dentro de uma produ\u00e7\u00e3o de videoclipe. No teste, o candidato ou a candidata tem que ter mais de 18 anos, e dever\u00e1 interpretar o hino municipal e outra a escolha. A pessoa escolhida ser\u00e1 remunerada para gravar em est\u00fadio. Cariri em Destaque\u00a0","og_url":"https:\/\/noticiasemdestaque.com\/cd\/?p=3824","og_site_name":"Not&iacute;cias em Destaque","article_published_time":"2017-08-30T17:18:59+00:00","article_modified_time":"2017-08-30T20:30:42+00:00","og_image":[{"width":960,"height":960,"url":"https:\/\/noticiasemdestaque.com\/cd\/wp-content\/uploads\/2017\/08\/21106787_1038810839587541_9031176244016621618_n.jpg","type":"image\/jpeg"}],"author":"Not\u00edcias em Destaque","twitter_card":"summary_large_image","twitter_misc":{"Escrito por":"Not\u00edcias em Destaque"},"schema":{"@context":"https:\/\/schema.org","@graph":[{"@type":"Article","@id":"https:\/\/noticiasemdestaque.com\/cd\/?p=3824#article","isPartOf":{"@id":"https:\/\/noticiasemdestaque.com\/cd\/?p=3824"},"author":{"name":"Not\u00edcias em Destaque","@id":"https:\/\/noticiasemdestaque.com\/cd\/#\/schema\/person\/21320b03a7e8bb90128938dafc9b908a"},"headline":"Prefeitura de S\u00e3o Jos\u00e9 dos Cordeiros realiza audi\u00e7\u00e3o musical para escolher voz que cantar\u00e1 hino do munic\u00edpio","datePublished":"2017-08-30T17:18:59+00:00","dateModified":"2017-08-30T20:30:42+00:00","mainEntityOfPage":{"@id":"https:\/\/noticiasemdestaque.com\/cd\/?p=3824"},"wordCount":118,"publisher":{"@id":"https:\/\/noticiasemdestaque.com\/cd\/#organization"},"image":{"@id":"https:\/\/noticiasemdestaque.com\/cd\/?p=3824#primaryimage"},"thumbnailUrl":"https:\/\/noticiasemdestaque.com\/cd\/wp-content\/uploads\/2017\/08\/21106787_1038810839587541_9031176244016621618_n.jpg","articleSection":["Educa\u00e7\u00e3o"],"inLanguage":"pt-BR"},{"@type":"WebPage","@id":"https:\/\/noticiasemdestaque.com\/cd\/?p=3824","url":"https:\/\/noticiasemdestaque.com\/cd\/?p=3824","name":"Prefeitura de S\u00e3o Jos\u00e9 dos Cordeiros realiza audi\u00e7\u00e3o musical para escolher voz que cantar\u00e1 hino do munic\u00edpio - Not&iacute;cias em Destaque","isPartOf":{"@id":"https:\/\/noticiasemdestaque.com\/cd\/#website"},"primaryImageOfPage":{"@id":"https:\/\/noticiasemdestaque.com\/cd\/?p=3824#primaryimage"},"image":{"@id":"https:\/\/noticiasemdestaque.com\/cd\/?p=3824#primaryimage"},"thumbnailUrl":"https:\/\/noticiasemdestaque.com\/cd\/wp-content\/uploads\/2017\/08\/21106787_1038810839587541_9031176244016621618_n.jpg","datePublished":"2017-08-30T17:18:59+00:00","dateModified":"2017-08-30T20:30:42+00:00","breadcrumb":{"@id":"https:\/\/noticiasemdestaque.com\/cd\/?p=3824#breadcrumb"},"inLanguage":"pt-BR","potentialAction":[{"@type":"ReadAction","target":["https:\/\/noticiasemdestaque.com\/cd\/?p=3824"]}]},{"@type":"ImageObject","inLanguage":"pt-BR","@id":"https:\/\/noticiasemdestaque.com\/cd\/?p=3824#primaryimage","url":"https:\/\/noticiasemdestaque.com\/cd\/wp-content\/uploads\/2017\/08\/21106787_1038810839587541_9031176244016621618_n.jpg","contentUrl":"https:\/\/noticiasemdestaque.com\/cd\/wp-content\/uploads\/2017\/08\/21106787_1038810839587541_9031176244016621618_n.jpg","width":960,"height":960},{"@type":"BreadcrumbList","@id":"https:\/\/noticiasemdestaque.com\/cd\/?p=3824#breadcrumb","itemListElement":[{"@type":"ListItem","position":1,"name":"In\u00edcio","item":"https:\/\/noticiasemdestaque.com\/cd\/"},{"@type":"ListItem","position":2,"name":"Prefeitura de S\u00e3o Jos\u00e9 dos Cordeiros realiza audi\u00e7\u00e3o musical para escolher voz que cantar\u00e1 hino do munic\u00edpio"}]},{"@type":"WebSite","@id":"https:\/\/noticiasemdestaque.com\/cd\/#website","url":"https:\/\/noticiasemdestaque.com\/cd\/","name":"Not&iacute;cias em Destaque","description":"","publisher":{"@id":"https:\/\/noticiasemdestaque.com\/cd\/#organization"},"potentialAction":[{"@type":"SearchAction","target":{"@type":"EntryPoint","urlTemplate":"https:\/\/noticiasemdestaque.com\/cd\/?s={search_term_string}"},"query-input":{"@type":"PropertyValueSpecification","valueRequired":true,"valueName":"search_term_string"}}],"inLanguage":"pt-BR"},{"@type":"Organization","@id":"https:\/\/noticiasemdestaque.com\/cd\/#organization","name":"Not\u00edcias em Destaque","url":"https:\/\/noticiasemdestaque.com\/cd\/","logo":{"@type":"ImageObject","inLanguage":"pt-BR","@id":"https:\/\/noticiasemdestaque.com\/cd\/#\/schema\/logo\/image\/","url":"https:\/\/noticiasemdestaque.com\/cd\/wp-content\/uploads\/2022\/05\/imagem-base-noticiasemdestaque.png","contentUrl":"https:\/\/noticiasemdestaque.com\/cd\/wp-content\/uploads\/2022\/05\/imagem-base-noticiasemdestaque.png","width":1200,"height":630,"caption":"Not\u00edcias em Destaque"},"image":{"@id":"https:\/\/noticiasemdestaque.com\/cd\/#\/schema\/logo\/image\/"}},{"@type":"Person","@id":"https:\/\/noticiasemdestaque.com\/cd\/#\/schema\/person\/21320b03a7e8bb90128938dafc9b908a","name":"Not\u00edcias em Destaque","url":"https:\/\/noticiasemdestaque.com\/cd\/?author=2"}]}},"jetpack_featured_media_url":"https:\/\/noticiasemdestaque.com\/cd\/wp-content\/uploads\/2017\/08\/21106787_1038810839587541_9031176244016621618_n.jpg","jetpack_sharing_enabled":true,"_links":{"self":[{"href":"https:\/\/noticiasemdestaque.com\/cd\/index.php?rest_route=\/wp\/v2\/posts\/3824","targetHints":{"allow":["GET"]}}],"collection":[{"href":"https:\/\/noticiasemdestaque.com\/cd\/index.php?rest_route=\/wp\/v2\/posts"}],"about":[{"href":"https:\/\/noticiasemdestaque.com\/cd\/index.php?rest_route=\/wp\/v2\/types\/post"}],"author":[{"embeddable":true,"href":"https:\/\/noticiasemdestaque.com\/cd\/index.php?rest_route=\/wp\/v2\/users\/2"}],"replies":[{"embeddable":true,"href":"https:\/\/noticiasemdestaque.com\/cd\/index.php?rest_route=%2Fwp%2Fv2%2Fcomments&post=3824"}],"version-history":[{"count":1,"href":"https:\/\/noticiasemdestaque.com\/cd\/index.php?rest_route=\/wp\/v2\/posts\/3824\/revisions"}],"predecessor-version":[{"id":3826,"href":"https:\/\/noticiasemdestaque.com\/cd\/index.php?rest_route=\/wp\/v2\/posts\/3824\/revisions\/3826"}],"wp:featuredmedia":[{"embeddable":true,"href":"https:\/\/noticiasemdestaque.com\/cd\/index.php?rest_route=\/wp\/v2\/media\/3825"}],"wp:attachment":[{"href":"https:\/\/noticiasemdestaque.com\/cd\/index.php?rest_route=%2Fwp%2Fv2%2Fmedia&parent=3824"}],"wp:term":[{"taxonomy":"category","embeddable":true,"href":"https:\/\/noticiasemdestaque.com\/cd\/index.php?rest_route=%2Fwp%2Fv2%2Fcategories&post=3824"},{"taxonomy":"post_tag","embeddable":true,"href":"https:\/\/noticiasemdestaque.com\/cd\/index.php?rest_route=%2Fwp%2Fv2%2Ftags&post=3824"}],"curies":[{"name":"wp","href":"https:\/\/api.w.org\/{rel}","templated":true}]}}