{"id":38099,"date":"2022-04-19T17:04:46","date_gmt":"2022-04-19T20:04:46","guid":{"rendered":"http:\/\/noticiasemdestaque.com\/cd\/?p=38099"},"modified":"2022-04-19T17:04:46","modified_gmt":"2022-04-19T20:04:46","slug":"prefeitura-entrega-os-primeiros-cartoes-do-programa-renda-basica-sume","status":"publish","type":"post","link":"https:\/\/noticiasemdestaque.com\/cd\/?p=38099","title":{"rendered":"Prefeitura entrega os primeiros cart\u00f5es do Programa Renda B\u00e1sica Sum\u00e9"},"content":{"rendered":"<p><a href=\"https:\/\/noticiasemdestaque.com\/cd\/wp-content\/uploads\/2022\/04\/DSC_6655.jpg\"><img fetchpriority=\"high\" decoding=\"async\" class=\"wp-image-38101 size-full aligncenter\" src=\"https:\/\/noticiasemdestaque.com\/cd\/wp-content\/uploads\/2022\/04\/DSC_6655.jpg\" alt=\"\" width=\"900\" height=\"598\" srcset=\"https:\/\/noticiasemdestaque.com\/cd\/wp-content\/uploads\/2022\/04\/DSC_6655.jpg 900w, https:\/\/noticiasemdestaque.com\/cd\/wp-content\/uploads\/2022\/04\/DSC_6655-300x199.jpg 300w, https:\/\/noticiasemdestaque.com\/cd\/wp-content\/uploads\/2022\/04\/DSC_6655-768x510.jpg 768w, https:\/\/noticiasemdestaque.com\/cd\/wp-content\/uploads\/2022\/04\/DSC_6655-480x320.jpg 480w\" sizes=\"(max-width: 900px) 100vw, 900px\" \/><\/a><\/p>\n<p data-uw-styling-context=\"true\">A Prefeitura de Sum\u00e9, atrav\u00e9s da Secretaria de Assist\u00eancia Social, entregou na manh\u00e3 desta segunda-feira, 18, os primeiros 26 cart\u00f5es do Programa Renda B\u00e1sica Sum\u00e9.<\/p>\n<p data-uw-styling-context=\"true\">O Programa foi criado nessa segunda gest\u00e3o de \u00c9den Duarte, atrav\u00e9s da Lei n\u00ba 1.434 de 03 de setembro de 2021 e regulamentado pelo Decreto n\u00ba 1.438 de 16 de novembro de 2021.<\/p>\n<p data-uw-styling-context=\"true\"><a href=\"https:\/\/noticiasemdestaque.com\/cd\/wp-content\/uploads\/2022\/04\/DSC_6663.jpg\"><img decoding=\"async\" class=\"wp-image-38103 size-full aligncenter\" src=\"https:\/\/noticiasemdestaque.com\/cd\/wp-content\/uploads\/2022\/04\/DSC_6663.jpg\" alt=\"\" width=\"900\" height=\"598\" srcset=\"https:\/\/noticiasemdestaque.com\/cd\/wp-content\/uploads\/2022\/04\/DSC_6663.jpg 900w, https:\/\/noticiasemdestaque.com\/cd\/wp-content\/uploads\/2022\/04\/DSC_6663-300x199.jpg 300w, https:\/\/noticiasemdestaque.com\/cd\/wp-content\/uploads\/2022\/04\/DSC_6663-768x510.jpg 768w, https:\/\/noticiasemdestaque.com\/cd\/wp-content\/uploads\/2022\/04\/DSC_6663-480x320.jpg 480w\" sizes=\"(max-width: 900px) 100vw, 900px\" \/><\/a><\/p>\n<p data-uw-styling-context=\"true\">Sua finalidade \u00e9 fornecer o valor m\u00ednimo de R$ 100, por meio de cart\u00e3o magn\u00e9tico, de forma rotativa, \u00e0 popula\u00e7\u00e3o de baixa renda do munic\u00edpio. Neste primeiro momento, \u00e0queles que n\u00e3o possuem nenhum benef\u00edcio social (Auxilio Brasil e\/ou BPC).<\/p>\n<p data-uw-styling-context=\"true\">A secret\u00e1ria de Assist\u00eancia Social Ednalva Lib\u00e2nio, destacou a relev\u00e2ncia do programa que concede n\u00e3o apenas valor financeiro mas, sobretudo, autonomia e dignidade a cada um, \u00e0 medida que o beneficiado pode adquirir o bem de maior necessidade, exceto bebida alc\u00f3olica e cigarros.<\/p>\n<p data-uw-styling-context=\"true\"><a href=\"https:\/\/noticiasemdestaque.com\/cd\/wp-content\/uploads\/2022\/04\/DSC_6660.jpg\"><img decoding=\"async\" class=\"wp-image-38102 size-full aligncenter\" src=\"https:\/\/noticiasemdestaque.com\/cd\/wp-content\/uploads\/2022\/04\/DSC_6660.jpg\" alt=\"\" width=\"900\" height=\"598\" srcset=\"https:\/\/noticiasemdestaque.com\/cd\/wp-content\/uploads\/2022\/04\/DSC_6660.jpg 900w, https:\/\/noticiasemdestaque.com\/cd\/wp-content\/uploads\/2022\/04\/DSC_6660-300x199.jpg 300w, https:\/\/noticiasemdestaque.com\/cd\/wp-content\/uploads\/2022\/04\/DSC_6660-768x510.jpg 768w, https:\/\/noticiasemdestaque.com\/cd\/wp-content\/uploads\/2022\/04\/DSC_6660-480x320.jpg 480w\" sizes=\"(max-width: 900px) 100vw, 900px\" \/><\/a><\/p>\n<p data-uw-styling-context=\"true\">\n<p data-uw-styling-context=\"true\">Bastante emocionada, a beneficiada Maria do Socorro Santos agradeceu o olhar do prefeito por aqueles que mais necessitam e disse que toda ajuda \u00e9 bem-vinda.<\/p>\n<p data-uw-styling-context=\"true\">J\u00e1 o prefeito ratificou seus compromissos assumidos durante a sua campanha e que, gra\u00e7as ao empenho da equipe e das parcerias com a C\u00e2mara de Vereadores, tem conseguido cumprir. \u201cN\u00e3o \u00e9 f\u00e1cil assumir a responsabilidade de um programa desses e que se caracteriza como \u00fanico em cidades do porte de Sum\u00e9. Al\u00e9m de ajudar aos que mais precisam, tamb\u00e9m ajudamos nosso com\u00e9rcio, j\u00e1 que o cart\u00e3o magn\u00e9tico permite compras apenas no munic\u00edpio\u201d, disse \u00c9den.<\/p>\n<p data-uw-styling-context=\"true\"><a href=\"https:\/\/noticiasemdestaque.com\/cd\/wp-content\/uploads\/2022\/04\/DSC_6664.jpg\"><img loading=\"lazy\" decoding=\"async\" class=\"wp-image-38104 size-full aligncenter\" src=\"https:\/\/noticiasemdestaque.com\/cd\/wp-content\/uploads\/2022\/04\/DSC_6664.jpg\" alt=\"\" width=\"900\" height=\"707\" srcset=\"https:\/\/noticiasemdestaque.com\/cd\/wp-content\/uploads\/2022\/04\/DSC_6664.jpg 900w, https:\/\/noticiasemdestaque.com\/cd\/wp-content\/uploads\/2022\/04\/DSC_6664-300x236.jpg 300w, https:\/\/noticiasemdestaque.com\/cd\/wp-content\/uploads\/2022\/04\/DSC_6664-768x603.jpg 768w\" sizes=\"(max-width: 900px) 100vw, 900px\" \/><\/a><\/p>\n<p data-uw-styling-context=\"true\">Na oportunidade o prefeito assinou um Decreto que flexibiliza as regras para novas inscri\u00e7\u00f5es ao programa que ter\u00e3o in\u00edcio em 25\/04.<\/p>\n<p data-uw-styling-context=\"true\">Presentes ao evento, o vereadores Ant\u00f4nio Carlos Sarmento (presidente da C\u00e2mara) e Francisco Fontinelli, o presidente da Comiss\u00e3o do Programa, Anderson Gabriel, coordenadores dos programas sociais do munic\u00edpio, servidores e beneficiados.<\/p>\n<p data-uw-styling-context=\"true\">As empresas j\u00e1 cadastradas s\u00e3o:<\/p>\n<ul data-uw-styling-context=\"true\">\n<li data-uw-styling-context=\"true\"><strong data-uw-styling-context=\"true\">Segmento Mercearia<\/strong>: Conveni\u00eancia 24h (Av. 1\u00ba de Abril, Centro) \u2013 Mercadinho P\u00e3es e Variedades (Travessa Joana Preta, V\u00e1rzea Redonda) \u2013 Terto\u00b4s Mercado (Rua Manoel Mendon\u00e7a, mandacaru).<\/li>\n<li data-uw-styling-context=\"true\"><strong data-uw-styling-context=\"true\">Segmento Padaria<\/strong>: Nath\u00e1lia Panifica\u00e7\u00e3o (Av. 1\u00ba de Abril, Centro) \u2013 P\u00e3es e Cia (Av. 1\u00ba de Abril, Centro)<\/li>\n<li data-uw-styling-context=\"true\"><strong data-uw-styling-context=\"true\">Segmento Supermercado<\/strong>: Supermercado e Av\u00edcola Central (Pra\u00e7a Jos\u00e9 Am\u00e9rico)<\/li>\n<\/ul>\n","protected":false},"excerpt":{"rendered":"<p>A Prefeitura de Sum\u00e9, atrav\u00e9s da Secretaria de Assist\u00eancia Social, entregou na manh\u00e3 desta segunda-feira, 18, os primeiros 26 cart\u00f5es do Programa Renda B\u00e1sica Sum\u00e9. O Programa foi criado nessa segunda gest\u00e3o de \u00c9den Duarte, atrav\u00e9s da Lei n\u00ba 1.434 de 03 de setembro de 2021 e regulamentado pelo Decreto n\u00ba 1.438 de 16 de novembro de 2021. Sua finalidade \u00e9 fornecer o valor m\u00ednimo de R$ 100, por meio de cart\u00e3o magn\u00e9tico, de forma rotativa, \u00e0 popula\u00e7\u00e3o de baixa renda do munic\u00edpio. Neste primeiro momento, \u00e0queles que n\u00e3o possuem nenhum benef\u00edcio social (Auxilio Brasil e\/ou BPC). A secret\u00e1ria de Assist\u00eancia Social Ednalva Lib\u00e2nio, destacou a relev\u00e2ncia do programa que concede n\u00e3o apenas valor financeiro mas, sobretudo, autonomia e dignidade a cada um, \u00e0 medida que o beneficiado pode adquirir o bem de maior necessidade, exceto bebida alc\u00f3olica e cigarros. Bastante emocionada, a beneficiada Maria do Socorro Santos agradeceu o olhar do prefeito por aqueles que mais necessitam e disse que toda ajuda \u00e9 bem-vinda. J\u00e1 o prefeito ratificou seus compromissos assumidos durante a sua campanha e que, gra\u00e7as ao empenho da equipe e das parcerias com a C\u00e2mara de Vereadores, tem conseguido cumprir. \u201cN\u00e3o \u00e9 f\u00e1cil assumir a responsabilidade de um programa desses e que se caracteriza como \u00fanico em cidades do porte de Sum\u00e9. Al\u00e9m de ajudar aos que mais precisam, tamb\u00e9m ajudamos nosso com\u00e9rcio, j\u00e1 que o cart\u00e3o magn\u00e9tico permite compras apenas no munic\u00edpio\u201d, disse \u00c9den. Na oportunidade o prefeito assinou um Decreto que flexibiliza as regras para novas inscri\u00e7\u00f5es ao programa que ter\u00e3o in\u00edcio em 25\/04. Presentes ao evento, o vereadores Ant\u00f4nio Carlos Sarmento (presidente da C\u00e2mara) e Francisco Fontinelli, o presidente da Comiss\u00e3o do Programa, Anderson Gabriel, coordenadores dos programas sociais do munic\u00edpio, servidores e beneficiados. As empresas j\u00e1 cadastradas s\u00e3o: Segmento Mercearia: Conveni\u00eancia 24h (Av. 1\u00ba de Abril, Centro) \u2013 Mercadinho P\u00e3es e Variedades (Travessa Joana Preta, V\u00e1rzea Redonda) \u2013 Terto\u00b4s Mercado (Rua Manoel Mendon\u00e7a, mandacaru). Segmento Padaria: Nath\u00e1lia Panifica\u00e7\u00e3o (Av. 1\u00ba de Abril, Centro) \u2013 P\u00e3es e Cia (Av. 1\u00ba de Abril, Centro) Segmento Supermercado: Supermercado e Av\u00edcola Central (Pra\u00e7a Jos\u00e9 Am\u00e9rico)<\/p>\n","protected":false},"author":2,"featured_media":38101,"comment_status":"closed","ping_status":"open","sticky":false,"template":"","format":"standard","meta":{"_eb_attr":"","_jetpack_memberships_contains_paid_content":false,"footnotes":""},"categories":[3],"tags":[],"class_list":["post-38099","post","type-post","status-publish","format-standard","has-post-thumbnail","hentry","category-cidades"],"yoast_head":"<!-- This site is optimized with the Yoast SEO plugin v26.5 - https:\/\/yoast.com\/wordpress\/plugins\/seo\/ -->\n<title>Prefeitura entrega os primeiros cart\u00f5es do Programa Renda B\u00e1sica Sum\u00e9 - Not&iacute;cias em Destaque<\/title>\n<meta name=\"robots\" content=\"index, follow, max-snippet:-1, max-image-preview:large, max-video-preview:-1\" \/>\n<link rel=\"canonical\" href=\"https:\/\/noticiasemdestaque.com\/cd\/?p=38099\" \/>\n<meta property=\"og:locale\" content=\"pt_BR\" \/>\n<meta property=\"og:type\" content=\"article\" \/>\n<meta property=\"og:title\" content=\"Prefeitura entrega os primeiros cart\u00f5es do Programa Renda B\u00e1sica Sum\u00e9 - Not&iacute;cias em Destaque\" \/>\n<meta property=\"og:description\" content=\"A Prefeitura de Sum\u00e9, atrav\u00e9s da Secretaria de Assist\u00eancia Social, entregou na manh\u00e3 desta segunda-feira, 18, os primeiros 26 cart\u00f5es do Programa Renda B\u00e1sica Sum\u00e9. O Programa foi criado nessa segunda gest\u00e3o de \u00c9den Duarte, atrav\u00e9s da Lei n\u00ba 1.434 de 03 de setembro de 2021 e regulamentado pelo Decreto n\u00ba 1.438 de 16 de novembro de 2021. Sua finalidade \u00e9 fornecer o valor m\u00ednimo de R$ 100, por meio de cart\u00e3o magn\u00e9tico, de forma rotativa, \u00e0 popula\u00e7\u00e3o de baixa renda do munic\u00edpio. Neste primeiro momento, \u00e0queles que n\u00e3o possuem nenhum benef\u00edcio social (Auxilio Brasil e\/ou BPC). A secret\u00e1ria de Assist\u00eancia Social Ednalva Lib\u00e2nio, destacou a relev\u00e2ncia do programa que concede n\u00e3o apenas valor financeiro mas, sobretudo, autonomia e dignidade a cada um, \u00e0 medida que o beneficiado pode adquirir o bem de maior necessidade, exceto bebida alc\u00f3olica e cigarros. Bastante emocionada, a beneficiada Maria do Socorro Santos agradeceu o olhar do prefeito por aqueles que mais necessitam e disse que toda ajuda \u00e9 bem-vinda. J\u00e1 o prefeito ratificou seus compromissos assumidos durante a sua campanha e que, gra\u00e7as ao empenho da equipe e das parcerias com a C\u00e2mara de Vereadores, tem conseguido cumprir. \u201cN\u00e3o \u00e9 f\u00e1cil assumir a responsabilidade de um programa desses e que se caracteriza como \u00fanico em cidades do porte de Sum\u00e9. Al\u00e9m de ajudar aos que mais precisam, tamb\u00e9m ajudamos nosso com\u00e9rcio, j\u00e1 que o cart\u00e3o magn\u00e9tico permite compras apenas no munic\u00edpio\u201d, disse \u00c9den. Na oportunidade o prefeito assinou um Decreto que flexibiliza as regras para novas inscri\u00e7\u00f5es ao programa que ter\u00e3o in\u00edcio em 25\/04. Presentes ao evento, o vereadores Ant\u00f4nio Carlos Sarmento (presidente da C\u00e2mara) e Francisco Fontinelli, o presidente da Comiss\u00e3o do Programa, Anderson Gabriel, coordenadores dos programas sociais do munic\u00edpio, servidores e beneficiados. As empresas j\u00e1 cadastradas s\u00e3o: Segmento Mercearia: Conveni\u00eancia 24h (Av. 1\u00ba de Abril, Centro) \u2013 Mercadinho P\u00e3es e Variedades (Travessa Joana Preta, V\u00e1rzea Redonda) \u2013 Terto\u00b4s Mercado (Rua Manoel Mendon\u00e7a, mandacaru). Segmento Padaria: Nath\u00e1lia Panifica\u00e7\u00e3o (Av. 1\u00ba de Abril, Centro) \u2013 P\u00e3es e Cia (Av. 1\u00ba de Abril, Centro) Segmento Supermercado: Supermercado e Av\u00edcola Central (Pra\u00e7a Jos\u00e9 Am\u00e9rico)\" \/>\n<meta property=\"og:url\" content=\"https:\/\/noticiasemdestaque.com\/cd\/?p=38099\" \/>\n<meta property=\"og:site_name\" content=\"Not&iacute;cias em Destaque\" \/>\n<meta property=\"article:published_time\" content=\"2022-04-19T20:04:46+00:00\" \/>\n<meta property=\"og:image\" content=\"https:\/\/noticiasemdestaque.com\/cd\/wp-content\/uploads\/2022\/04\/DSC_6655.jpg\" \/>\n\t<meta property=\"og:image:width\" content=\"900\" \/>\n\t<meta property=\"og:image:height\" content=\"598\" \/>\n\t<meta property=\"og:image:type\" content=\"image\/jpeg\" \/>\n<meta name=\"author\" content=\"Not\u00edcias em Destaque\" \/>\n<meta name=\"twitter:card\" content=\"summary_large_image\" \/>\n<meta name=\"twitter:label1\" content=\"Escrito por\" \/>\n\t<meta name=\"twitter:data1\" content=\"Not\u00edcias em Destaque\" \/>\n\t<meta name=\"twitter:label2\" content=\"Est. tempo de leitura\" \/>\n\t<meta name=\"twitter:data2\" content=\"2 minutos\" \/>\n<script type=\"application\/ld+json\" class=\"yoast-schema-graph\">{\"@context\":\"https:\/\/schema.org\",\"@graph\":[{\"@type\":\"Article\",\"@id\":\"https:\/\/noticiasemdestaque.com\/cd\/?p=38099#article\",\"isPartOf\":{\"@id\":\"https:\/\/noticiasemdestaque.com\/cd\/?p=38099\"},\"author\":{\"name\":\"Not\u00edcias em Destaque\",\"@id\":\"https:\/\/noticiasemdestaque.com\/cd\/#\/schema\/person\/21320b03a7e8bb90128938dafc9b908a\"},\"headline\":\"Prefeitura entrega os primeiros cart\u00f5es do Programa Renda B\u00e1sica Sum\u00e9\",\"datePublished\":\"2022-04-19T20:04:46+00:00\",\"mainEntityOfPage\":{\"@id\":\"https:\/\/noticiasemdestaque.com\/cd\/?p=38099\"},\"wordCount\":389,\"publisher\":{\"@id\":\"https:\/\/noticiasemdestaque.com\/cd\/#organization\"},\"image\":{\"@id\":\"https:\/\/noticiasemdestaque.com\/cd\/?p=38099#primaryimage\"},\"thumbnailUrl\":\"https:\/\/noticiasemdestaque.com\/cd\/wp-content\/uploads\/2022\/04\/DSC_6655.jpg\",\"articleSection\":[\"Cidades\"],\"inLanguage\":\"pt-BR\"},{\"@type\":\"WebPage\",\"@id\":\"https:\/\/noticiasemdestaque.com\/cd\/?p=38099\",\"url\":\"https:\/\/noticiasemdestaque.com\/cd\/?p=38099\",\"name\":\"Prefeitura entrega os primeiros cart\u00f5es do Programa Renda B\u00e1sica Sum\u00e9 - Not&iacute;cias em Destaque\",\"isPartOf\":{\"@id\":\"https:\/\/noticiasemdestaque.com\/cd\/#website\"},\"primaryImageOfPage\":{\"@id\":\"https:\/\/noticiasemdestaque.com\/cd\/?p=38099#primaryimage\"},\"image\":{\"@id\":\"https:\/\/noticiasemdestaque.com\/cd\/?p=38099#primaryimage\"},\"thumbnailUrl\":\"https:\/\/noticiasemdestaque.com\/cd\/wp-content\/uploads\/2022\/04\/DSC_6655.jpg\",\"datePublished\":\"2022-04-19T20:04:46+00:00\",\"breadcrumb\":{\"@id\":\"https:\/\/noticiasemdestaque.com\/cd\/?p=38099#breadcrumb\"},\"inLanguage\":\"pt-BR\",\"potentialAction\":[{\"@type\":\"ReadAction\",\"target\":[\"https:\/\/noticiasemdestaque.com\/cd\/?p=38099\"]}]},{\"@type\":\"ImageObject\",\"inLanguage\":\"pt-BR\",\"@id\":\"https:\/\/noticiasemdestaque.com\/cd\/?p=38099#primaryimage\",\"url\":\"https:\/\/noticiasemdestaque.com\/cd\/wp-content\/uploads\/2022\/04\/DSC_6655.jpg\",\"contentUrl\":\"https:\/\/noticiasemdestaque.com\/cd\/wp-content\/uploads\/2022\/04\/DSC_6655.jpg\",\"width\":900,\"height\":598},{\"@type\":\"BreadcrumbList\",\"@id\":\"https:\/\/noticiasemdestaque.com\/cd\/?p=38099#breadcrumb\",\"itemListElement\":[{\"@type\":\"ListItem\",\"position\":1,\"name\":\"In\u00edcio\",\"item\":\"https:\/\/noticiasemdestaque.com\/cd\/\"},{\"@type\":\"ListItem\",\"position\":2,\"name\":\"Prefeitura entrega os primeiros cart\u00f5es do Programa Renda B\u00e1sica Sum\u00e9\"}]},{\"@type\":\"WebSite\",\"@id\":\"https:\/\/noticiasemdestaque.com\/cd\/#website\",\"url\":\"https:\/\/noticiasemdestaque.com\/cd\/\",\"name\":\"Not&iacute;cias em Destaque\",\"description\":\"\",\"publisher\":{\"@id\":\"https:\/\/noticiasemdestaque.com\/cd\/#organization\"},\"potentialAction\":[{\"@type\":\"SearchAction\",\"target\":{\"@type\":\"EntryPoint\",\"urlTemplate\":\"https:\/\/noticiasemdestaque.com\/cd\/?s={search_term_string}\"},\"query-input\":{\"@type\":\"PropertyValueSpecification\",\"valueRequired\":true,\"valueName\":\"search_term_string\"}}],\"inLanguage\":\"pt-BR\"},{\"@type\":\"Organization\",\"@id\":\"https:\/\/noticiasemdestaque.com\/cd\/#organization\",\"name\":\"Not\u00edcias em Destaque\",\"url\":\"https:\/\/noticiasemdestaque.com\/cd\/\",\"logo\":{\"@type\":\"ImageObject\",\"inLanguage\":\"pt-BR\",\"@id\":\"https:\/\/noticiasemdestaque.com\/cd\/#\/schema\/logo\/image\/\",\"url\":\"https:\/\/noticiasemdestaque.com\/cd\/wp-content\/uploads\/2022\/05\/imagem-base-noticiasemdestaque.png\",\"contentUrl\":\"https:\/\/noticiasemdestaque.com\/cd\/wp-content\/uploads\/2022\/05\/imagem-base-noticiasemdestaque.png\",\"width\":1200,\"height\":630,\"caption\":\"Not\u00edcias em Destaque\"},\"image\":{\"@id\":\"https:\/\/noticiasemdestaque.com\/cd\/#\/schema\/logo\/image\/\"}},{\"@type\":\"Person\",\"@id\":\"https:\/\/noticiasemdestaque.com\/cd\/#\/schema\/person\/21320b03a7e8bb90128938dafc9b908a\",\"name\":\"Not\u00edcias em Destaque\",\"url\":\"https:\/\/noticiasemdestaque.com\/cd\/?author=2\"}]}<\/script>\n<!-- \/ Yoast SEO plugin. -->","yoast_head_json":{"title":"Prefeitura entrega os primeiros cart\u00f5es do Programa Renda B\u00e1sica Sum\u00e9 - Not&iacute;cias em Destaque","robots":{"index":"index","follow":"follow","max-snippet":"max-snippet:-1","max-image-preview":"max-image-preview:large","max-video-preview":"max-video-preview:-1"},"canonical":"https:\/\/noticiasemdestaque.com\/cd\/?p=38099","og_locale":"pt_BR","og_type":"article","og_title":"Prefeitura entrega os primeiros cart\u00f5es do Programa Renda B\u00e1sica Sum\u00e9 - Not&iacute;cias em Destaque","og_description":"A Prefeitura de Sum\u00e9, atrav\u00e9s da Secretaria de Assist\u00eancia Social, entregou na manh\u00e3 desta segunda-feira, 18, os primeiros 26 cart\u00f5es do Programa Renda B\u00e1sica Sum\u00e9. O Programa foi criado nessa segunda gest\u00e3o de \u00c9den Duarte, atrav\u00e9s da Lei n\u00ba 1.434 de 03 de setembro de 2021 e regulamentado pelo Decreto n\u00ba 1.438 de 16 de novembro de 2021. Sua finalidade \u00e9 fornecer o valor m\u00ednimo de R$ 100, por meio de cart\u00e3o magn\u00e9tico, de forma rotativa, \u00e0 popula\u00e7\u00e3o de baixa renda do munic\u00edpio. Neste primeiro momento, \u00e0queles que n\u00e3o possuem nenhum benef\u00edcio social (Auxilio Brasil e\/ou BPC). A secret\u00e1ria de Assist\u00eancia Social Ednalva Lib\u00e2nio, destacou a relev\u00e2ncia do programa que concede n\u00e3o apenas valor financeiro mas, sobretudo, autonomia e dignidade a cada um, \u00e0 medida que o beneficiado pode adquirir o bem de maior necessidade, exceto bebida alc\u00f3olica e cigarros. Bastante emocionada, a beneficiada Maria do Socorro Santos agradeceu o olhar do prefeito por aqueles que mais necessitam e disse que toda ajuda \u00e9 bem-vinda. J\u00e1 o prefeito ratificou seus compromissos assumidos durante a sua campanha e que, gra\u00e7as ao empenho da equipe e das parcerias com a C\u00e2mara de Vereadores, tem conseguido cumprir. \u201cN\u00e3o \u00e9 f\u00e1cil assumir a responsabilidade de um programa desses e que se caracteriza como \u00fanico em cidades do porte de Sum\u00e9. Al\u00e9m de ajudar aos que mais precisam, tamb\u00e9m ajudamos nosso com\u00e9rcio, j\u00e1 que o cart\u00e3o magn\u00e9tico permite compras apenas no munic\u00edpio\u201d, disse \u00c9den. Na oportunidade o prefeito assinou um Decreto que flexibiliza as regras para novas inscri\u00e7\u00f5es ao programa que ter\u00e3o in\u00edcio em 25\/04. Presentes ao evento, o vereadores Ant\u00f4nio Carlos Sarmento (presidente da C\u00e2mara) e Francisco Fontinelli, o presidente da Comiss\u00e3o do Programa, Anderson Gabriel, coordenadores dos programas sociais do munic\u00edpio, servidores e beneficiados. As empresas j\u00e1 cadastradas s\u00e3o: Segmento Mercearia: Conveni\u00eancia 24h (Av. 1\u00ba de Abril, Centro) \u2013 Mercadinho P\u00e3es e Variedades (Travessa Joana Preta, V\u00e1rzea Redonda) \u2013 Terto\u00b4s Mercado (Rua Manoel Mendon\u00e7a, mandacaru). Segmento Padaria: Nath\u00e1lia Panifica\u00e7\u00e3o (Av. 1\u00ba de Abril, Centro) \u2013 P\u00e3es e Cia (Av. 1\u00ba de Abril, Centro) Segmento Supermercado: Supermercado e Av\u00edcola Central (Pra\u00e7a Jos\u00e9 Am\u00e9rico)","og_url":"https:\/\/noticiasemdestaque.com\/cd\/?p=38099","og_site_name":"Not&iacute;cias em Destaque","article_published_time":"2022-04-19T20:04:46+00:00","og_image":[{"width":900,"height":598,"url":"https:\/\/noticiasemdestaque.com\/cd\/wp-content\/uploads\/2022\/04\/DSC_6655.jpg","type":"image\/jpeg"}],"author":"Not\u00edcias em Destaque","twitter_card":"summary_large_image","twitter_misc":{"Escrito por":"Not\u00edcias em Destaque","Est. tempo de leitura":"2 minutos"},"schema":{"@context":"https:\/\/schema.org","@graph":[{"@type":"Article","@id":"https:\/\/noticiasemdestaque.com\/cd\/?p=38099#article","isPartOf":{"@id":"https:\/\/noticiasemdestaque.com\/cd\/?p=38099"},"author":{"name":"Not\u00edcias em Destaque","@id":"https:\/\/noticiasemdestaque.com\/cd\/#\/schema\/person\/21320b03a7e8bb90128938dafc9b908a"},"headline":"Prefeitura entrega os primeiros cart\u00f5es do Programa Renda B\u00e1sica Sum\u00e9","datePublished":"2022-04-19T20:04:46+00:00","mainEntityOfPage":{"@id":"https:\/\/noticiasemdestaque.com\/cd\/?p=38099"},"wordCount":389,"publisher":{"@id":"https:\/\/noticiasemdestaque.com\/cd\/#organization"},"image":{"@id":"https:\/\/noticiasemdestaque.com\/cd\/?p=38099#primaryimage"},"thumbnailUrl":"https:\/\/noticiasemdestaque.com\/cd\/wp-content\/uploads\/2022\/04\/DSC_6655.jpg","articleSection":["Cidades"],"inLanguage":"pt-BR"},{"@type":"WebPage","@id":"https:\/\/noticiasemdestaque.com\/cd\/?p=38099","url":"https:\/\/noticiasemdestaque.com\/cd\/?p=38099","name":"Prefeitura entrega os primeiros cart\u00f5es do Programa Renda B\u00e1sica Sum\u00e9 - Not&iacute;cias em Destaque","isPartOf":{"@id":"https:\/\/noticiasemdestaque.com\/cd\/#website"},"primaryImageOfPage":{"@id":"https:\/\/noticiasemdestaque.com\/cd\/?p=38099#primaryimage"},"image":{"@id":"https:\/\/noticiasemdestaque.com\/cd\/?p=38099#primaryimage"},"thumbnailUrl":"https:\/\/noticiasemdestaque.com\/cd\/wp-content\/uploads\/2022\/04\/DSC_6655.jpg","datePublished":"2022-04-19T20:04:46+00:00","breadcrumb":{"@id":"https:\/\/noticiasemdestaque.com\/cd\/?p=38099#breadcrumb"},"inLanguage":"pt-BR","potentialAction":[{"@type":"ReadAction","target":["https:\/\/noticiasemdestaque.com\/cd\/?p=38099"]}]},{"@type":"ImageObject","inLanguage":"pt-BR","@id":"https:\/\/noticiasemdestaque.com\/cd\/?p=38099#primaryimage","url":"https:\/\/noticiasemdestaque.com\/cd\/wp-content\/uploads\/2022\/04\/DSC_6655.jpg","contentUrl":"https:\/\/noticiasemdestaque.com\/cd\/wp-content\/uploads\/2022\/04\/DSC_6655.jpg","width":900,"height":598},{"@type":"BreadcrumbList","@id":"https:\/\/noticiasemdestaque.com\/cd\/?p=38099#breadcrumb","itemListElement":[{"@type":"ListItem","position":1,"name":"In\u00edcio","item":"https:\/\/noticiasemdestaque.com\/cd\/"},{"@type":"ListItem","position":2,"name":"Prefeitura entrega os primeiros cart\u00f5es do Programa Renda B\u00e1sica Sum\u00e9"}]},{"@type":"WebSite","@id":"https:\/\/noticiasemdestaque.com\/cd\/#website","url":"https:\/\/noticiasemdestaque.com\/cd\/","name":"Not&iacute;cias em Destaque","description":"","publisher":{"@id":"https:\/\/noticiasemdestaque.com\/cd\/#organization"},"potentialAction":[{"@type":"SearchAction","target":{"@type":"EntryPoint","urlTemplate":"https:\/\/noticiasemdestaque.com\/cd\/?s={search_term_string}"},"query-input":{"@type":"PropertyValueSpecification","valueRequired":true,"valueName":"search_term_string"}}],"inLanguage":"pt-BR"},{"@type":"Organization","@id":"https:\/\/noticiasemdestaque.com\/cd\/#organization","name":"Not\u00edcias em Destaque","url":"https:\/\/noticiasemdestaque.com\/cd\/","logo":{"@type":"ImageObject","inLanguage":"pt-BR","@id":"https:\/\/noticiasemdestaque.com\/cd\/#\/schema\/logo\/image\/","url":"https:\/\/noticiasemdestaque.com\/cd\/wp-content\/uploads\/2022\/05\/imagem-base-noticiasemdestaque.png","contentUrl":"https:\/\/noticiasemdestaque.com\/cd\/wp-content\/uploads\/2022\/05\/imagem-base-noticiasemdestaque.png","width":1200,"height":630,"caption":"Not\u00edcias em Destaque"},"image":{"@id":"https:\/\/noticiasemdestaque.com\/cd\/#\/schema\/logo\/image\/"}},{"@type":"Person","@id":"https:\/\/noticiasemdestaque.com\/cd\/#\/schema\/person\/21320b03a7e8bb90128938dafc9b908a","name":"Not\u00edcias em Destaque","url":"https:\/\/noticiasemdestaque.com\/cd\/?author=2"}]}},"jetpack_featured_media_url":"https:\/\/noticiasemdestaque.com\/cd\/wp-content\/uploads\/2022\/04\/DSC_6655.jpg","jetpack_sharing_enabled":true,"_links":{"self":[{"href":"https:\/\/noticiasemdestaque.com\/cd\/index.php?rest_route=\/wp\/v2\/posts\/38099","targetHints":{"allow":["GET"]}}],"collection":[{"href":"https:\/\/noticiasemdestaque.com\/cd\/index.php?rest_route=\/wp\/v2\/posts"}],"about":[{"href":"https:\/\/noticiasemdestaque.com\/cd\/index.php?rest_route=\/wp\/v2\/types\/post"}],"author":[{"embeddable":true,"href":"https:\/\/noticiasemdestaque.com\/cd\/index.php?rest_route=\/wp\/v2\/users\/2"}],"replies":[{"embeddable":true,"href":"https:\/\/noticiasemdestaque.com\/cd\/index.php?rest_route=%2Fwp%2Fv2%2Fcomments&post=38099"}],"version-history":[{"count":1,"href":"https:\/\/noticiasemdestaque.com\/cd\/index.php?rest_route=\/wp\/v2\/posts\/38099\/revisions"}],"predecessor-version":[{"id":38105,"href":"https:\/\/noticiasemdestaque.com\/cd\/index.php?rest_route=\/wp\/v2\/posts\/38099\/revisions\/38105"}],"wp:featuredmedia":[{"embeddable":true,"href":"https:\/\/noticiasemdestaque.com\/cd\/index.php?rest_route=\/wp\/v2\/media\/38101"}],"wp:attachment":[{"href":"https:\/\/noticiasemdestaque.com\/cd\/index.php?rest_route=%2Fwp%2Fv2%2Fmedia&parent=38099"}],"wp:term":[{"taxonomy":"category","embeddable":true,"href":"https:\/\/noticiasemdestaque.com\/cd\/index.php?rest_route=%2Fwp%2Fv2%2Fcategories&post=38099"},{"taxonomy":"post_tag","embeddable":true,"href":"https:\/\/noticiasemdestaque.com\/cd\/index.php?rest_route=%2Fwp%2Fv2%2Ftags&post=38099"}],"curies":[{"name":"wp","href":"https:\/\/api.w.org\/{rel}","templated":true}]}}