{"id":38096,"date":"2022-04-19T16:44:01","date_gmt":"2022-04-19T19:44:01","guid":{"rendered":"http:\/\/noticiasemdestaque.com\/cd\/?p=38096"},"modified":"2022-04-19T17:08:06","modified_gmt":"2022-04-19T20:08:06","slug":"idoso-que-estava-desaparecido-e-encontrado-morto-no-alto-sao-vicente-em-monteiro","status":"publish","type":"post","link":"https:\/\/noticiasemdestaque.com\/cd\/?p=38096","title":{"rendered":"Idoso que estava desaparecido \u00e9 encontrado morto em Monteiro \u00a0"},"content":{"rendered":"<p><a href=\"https:\/\/noticiasemdestaque.com\/cd\/wp-content\/uploads\/2022\/04\/5f96b178-0e5e-482d-b20a-6f997b3f3838.jpg\"><img fetchpriority=\"high\" decoding=\"async\" class=\"size-medium wp-image-38097 aligncenter\" src=\"https:\/\/noticiasemdestaque.com\/cd\/wp-content\/uploads\/2022\/04\/5f96b178-0e5e-482d-b20a-6f997b3f3838-300x225.jpg\" alt=\"\" width=\"300\" height=\"225\" srcset=\"https:\/\/noticiasemdestaque.com\/cd\/wp-content\/uploads\/2022\/04\/5f96b178-0e5e-482d-b20a-6f997b3f3838-300x225.jpg 300w, https:\/\/noticiasemdestaque.com\/cd\/wp-content\/uploads\/2022\/04\/5f96b178-0e5e-482d-b20a-6f997b3f3838-1024x768.jpg 1024w, https:\/\/noticiasemdestaque.com\/cd\/wp-content\/uploads\/2022\/04\/5f96b178-0e5e-482d-b20a-6f997b3f3838-768x576.jpg 768w, https:\/\/noticiasemdestaque.com\/cd\/wp-content\/uploads\/2022\/04\/5f96b178-0e5e-482d-b20a-6f997b3f3838-1536x1152.jpg 1536w, https:\/\/noticiasemdestaque.com\/cd\/wp-content\/uploads\/2022\/04\/5f96b178-0e5e-482d-b20a-6f997b3f3838-640x480.jpg 640w, https:\/\/noticiasemdestaque.com\/cd\/wp-content\/uploads\/2022\/04\/5f96b178-0e5e-482d-b20a-6f997b3f3838.jpg 1600w\" sizes=\"(max-width: 300px) 100vw, 300px\" \/><\/a><\/p>\n<p><span data-contrast=\"none\">O corpo do idoso conhecido por Cipriano foi encontrado sem vida, sem sinais de viol\u00eancia por tr\u00e1s do Centro Diocesano no alto S\u00e3o Vicente em Monteiro no in\u00edcio da tarde desta ter\u00e7a-feira, 19\/04 durante os trabalhos de buscas realizados pelos Bombeiros conforme informa\u00e7\u00f5es das Pol\u00edcia Militar e Civil.<\/span><\/p>\n<p><a href=\"https:\/\/noticiasemdestaque.com\/cd\/wp-content\/uploads\/2022\/04\/WhatsApp-Image-2022-04-19-at-16.42.22.jpeg\"><img decoding=\"async\" class=\"size-medium wp-image-38107 aligncenter\" src=\"https:\/\/noticiasemdestaque.com\/cd\/wp-content\/uploads\/2022\/04\/WhatsApp-Image-2022-04-19-at-16.42.22-215x300.jpeg\" alt=\"\" width=\"215\" height=\"300\" srcset=\"https:\/\/noticiasemdestaque.com\/cd\/wp-content\/uploads\/2022\/04\/WhatsApp-Image-2022-04-19-at-16.42.22-215x300.jpeg 215w, https:\/\/noticiasemdestaque.com\/cd\/wp-content\/uploads\/2022\/04\/WhatsApp-Image-2022-04-19-at-16.42.22.jpeg 345w\" sizes=\"(max-width: 215px) 100vw, 215px\" \/><\/a><\/p>\n<p><span data-contrast=\"none\">O idoso que sofria de Parkinson e mal de Alzheimer estava desaparecido desde a tarde do dia 17\/04. <\/span><span data-ccp-props=\"{&quot;201341983&quot;:0,&quot;335551550&quot;:1,&quot;335551620&quot;:1,&quot;335559739&quot;:160,&quot;335559740&quot;:259}\">\u00a0<\/span><\/p>\n<p><span data-contrast=\"auto\">Fonte: 95FM<\/span><span data-ccp-props=\"{&quot;201341983&quot;:0,&quot;335559739&quot;:160,&quot;335559740&quot;:259}\">\u00a0<\/span><\/p>\n<p><span data-ccp-props=\"{&quot;201341983&quot;:0,&quot;335559739&quot;:160,&quot;335559740&quot;:259}\">\u00a0<\/span><\/p>\n","protected":false},"excerpt":{"rendered":"<p>O corpo do idoso conhecido por Cipriano foi encontrado sem vida, sem sinais de viol\u00eancia por tr\u00e1s do Centro Diocesano no alto S\u00e3o Vicente em Monteiro no in\u00edcio da tarde desta ter\u00e7a-feira, 19\/04 durante os trabalhos de buscas realizados pelos Bombeiros conforme informa\u00e7\u00f5es das Pol\u00edcia Militar e Civil. O idoso que sofria de Parkinson e mal de Alzheimer estava desaparecido desde a tarde do dia 17\/04. \u00a0 Fonte: 95FM\u00a0 \u00a0<\/p>\n","protected":false},"author":2,"featured_media":38097,"comment_status":"closed","ping_status":"open","sticky":false,"template":"","format":"standard","meta":{"_eb_attr":"","_jetpack_memberships_contains_paid_content":false,"footnotes":""},"categories":[12],"tags":[],"class_list":["post-38096","post","type-post","status-publish","format-standard","has-post-thumbnail","hentry","category-geral"],"yoast_head":"<!-- This site is optimized with the Yoast SEO plugin v26.5 - https:\/\/yoast.com\/wordpress\/plugins\/seo\/ -->\n<title>Idoso que estava desaparecido \u00e9 encontrado morto em Monteiro \u00a0 - Not&iacute;cias em Destaque<\/title>\n<meta name=\"robots\" content=\"index, follow, max-snippet:-1, max-image-preview:large, max-video-preview:-1\" \/>\n<link rel=\"canonical\" href=\"https:\/\/noticiasemdestaque.com\/cd\/?p=38096\" \/>\n<meta property=\"og:locale\" content=\"pt_BR\" \/>\n<meta property=\"og:type\" content=\"article\" \/>\n<meta property=\"og:title\" content=\"Idoso que estava desaparecido \u00e9 encontrado morto em Monteiro \u00a0 - Not&iacute;cias em Destaque\" \/>\n<meta property=\"og:description\" content=\"O corpo do idoso conhecido por Cipriano foi encontrado sem vida, sem sinais de viol\u00eancia por tr\u00e1s do Centro Diocesano no alto S\u00e3o Vicente em Monteiro no in\u00edcio da tarde desta ter\u00e7a-feira, 19\/04 durante os trabalhos de buscas realizados pelos Bombeiros conforme informa\u00e7\u00f5es das Pol\u00edcia Militar e Civil. O idoso que sofria de Parkinson e mal de Alzheimer estava desaparecido desde a tarde do dia 17\/04. \u00a0 Fonte: 95FM\u00a0 \u00a0\" \/>\n<meta property=\"og:url\" content=\"https:\/\/noticiasemdestaque.com\/cd\/?p=38096\" \/>\n<meta property=\"og:site_name\" content=\"Not&iacute;cias em Destaque\" \/>\n<meta property=\"article:published_time\" content=\"2022-04-19T19:44:01+00:00\" \/>\n<meta property=\"article:modified_time\" content=\"2022-04-19T20:08:06+00:00\" \/>\n<meta property=\"og:image\" content=\"https:\/\/noticiasemdestaque.com\/cd\/wp-content\/uploads\/2022\/04\/5f96b178-0e5e-482d-b20a-6f997b3f3838.jpg\" \/>\n\t<meta property=\"og:image:width\" content=\"1600\" \/>\n\t<meta property=\"og:image:height\" content=\"1200\" \/>\n\t<meta property=\"og:image:type\" content=\"image\/jpeg\" \/>\n<meta name=\"author\" content=\"Not\u00edcias em Destaque\" \/>\n<meta name=\"twitter:card\" content=\"summary_large_image\" \/>\n<meta name=\"twitter:label1\" content=\"Escrito por\" \/>\n\t<meta name=\"twitter:data1\" content=\"Not\u00edcias em Destaque\" \/>\n<script type=\"application\/ld+json\" class=\"yoast-schema-graph\">{\"@context\":\"https:\/\/schema.org\",\"@graph\":[{\"@type\":\"Article\",\"@id\":\"https:\/\/noticiasemdestaque.com\/cd\/?p=38096#article\",\"isPartOf\":{\"@id\":\"https:\/\/noticiasemdestaque.com\/cd\/?p=38096\"},\"author\":{\"name\":\"Not\u00edcias em Destaque\",\"@id\":\"https:\/\/noticiasemdestaque.com\/cd\/#\/schema\/person\/9c05c6816b191977f47499b3494ace52\"},\"headline\":\"Idoso que estava desaparecido \u00e9 encontrado morto em Monteiro \u00a0\",\"datePublished\":\"2022-04-19T19:44:01+00:00\",\"dateModified\":\"2022-04-19T20:08:06+00:00\",\"mainEntityOfPage\":{\"@id\":\"https:\/\/noticiasemdestaque.com\/cd\/?p=38096\"},\"wordCount\":81,\"publisher\":{\"@id\":\"https:\/\/noticiasemdestaque.com\/cd\/#organization\"},\"image\":{\"@id\":\"https:\/\/noticiasemdestaque.com\/cd\/?p=38096#primaryimage\"},\"thumbnailUrl\":\"https:\/\/noticiasemdestaque.com\/cd\/wp-content\/uploads\/2022\/04\/5f96b178-0e5e-482d-b20a-6f997b3f3838.jpg\",\"articleSection\":[\"Geral\"],\"inLanguage\":\"pt-BR\"},{\"@type\":\"WebPage\",\"@id\":\"https:\/\/noticiasemdestaque.com\/cd\/?p=38096\",\"url\":\"https:\/\/noticiasemdestaque.com\/cd\/?p=38096\",\"name\":\"Idoso que estava desaparecido \u00e9 encontrado morto em Monteiro \u00a0 - Not&iacute;cias em Destaque\",\"isPartOf\":{\"@id\":\"https:\/\/noticiasemdestaque.com\/cd\/#website\"},\"primaryImageOfPage\":{\"@id\":\"https:\/\/noticiasemdestaque.com\/cd\/?p=38096#primaryimage\"},\"image\":{\"@id\":\"https:\/\/noticiasemdestaque.com\/cd\/?p=38096#primaryimage\"},\"thumbnailUrl\":\"https:\/\/noticiasemdestaque.com\/cd\/wp-content\/uploads\/2022\/04\/5f96b178-0e5e-482d-b20a-6f997b3f3838.jpg\",\"datePublished\":\"2022-04-19T19:44:01+00:00\",\"dateModified\":\"2022-04-19T20:08:06+00:00\",\"breadcrumb\":{\"@id\":\"https:\/\/noticiasemdestaque.com\/cd\/?p=38096#breadcrumb\"},\"inLanguage\":\"pt-BR\",\"potentialAction\":[{\"@type\":\"ReadAction\",\"target\":[\"https:\/\/noticiasemdestaque.com\/cd\/?p=38096\"]}]},{\"@type\":\"ImageObject\",\"inLanguage\":\"pt-BR\",\"@id\":\"https:\/\/noticiasemdestaque.com\/cd\/?p=38096#primaryimage\",\"url\":\"https:\/\/noticiasemdestaque.com\/cd\/wp-content\/uploads\/2022\/04\/5f96b178-0e5e-482d-b20a-6f997b3f3838.jpg\",\"contentUrl\":\"https:\/\/noticiasemdestaque.com\/cd\/wp-content\/uploads\/2022\/04\/5f96b178-0e5e-482d-b20a-6f997b3f3838.jpg\",\"width\":1600,\"height\":1200},{\"@type\":\"BreadcrumbList\",\"@id\":\"https:\/\/noticiasemdestaque.com\/cd\/?p=38096#breadcrumb\",\"itemListElement\":[{\"@type\":\"ListItem\",\"position\":1,\"name\":\"In\u00edcio\",\"item\":\"https:\/\/noticiasemdestaque.com\/cd\/\"},{\"@type\":\"ListItem\",\"position\":2,\"name\":\"Idoso que estava desaparecido \u00e9 encontrado morto em Monteiro \u00a0\"}]},{\"@type\":\"WebSite\",\"@id\":\"https:\/\/noticiasemdestaque.com\/cd\/#website\",\"url\":\"https:\/\/noticiasemdestaque.com\/cd\/\",\"name\":\"Not&iacute;cias em Destaque\",\"description\":\"\",\"publisher\":{\"@id\":\"https:\/\/noticiasemdestaque.com\/cd\/#organization\"},\"potentialAction\":[{\"@type\":\"SearchAction\",\"target\":{\"@type\":\"EntryPoint\",\"urlTemplate\":\"https:\/\/noticiasemdestaque.com\/cd\/?s={search_term_string}\"},\"query-input\":{\"@type\":\"PropertyValueSpecification\",\"valueRequired\":true,\"valueName\":\"search_term_string\"}}],\"inLanguage\":\"pt-BR\"},{\"@type\":\"Organization\",\"@id\":\"https:\/\/noticiasemdestaque.com\/cd\/#organization\",\"name\":\"Not\u00edcias em Destaque\",\"url\":\"https:\/\/noticiasemdestaque.com\/cd\/\",\"logo\":{\"@type\":\"ImageObject\",\"inLanguage\":\"pt-BR\",\"@id\":\"https:\/\/noticiasemdestaque.com\/cd\/#\/schema\/logo\/image\/\",\"url\":\"https:\/\/noticiasemdestaque.com\/cd\/wp-content\/uploads\/2022\/05\/imagem-base-noticiasemdestaque.png\",\"contentUrl\":\"https:\/\/noticiasemdestaque.com\/cd\/wp-content\/uploads\/2022\/05\/imagem-base-noticiasemdestaque.png\",\"width\":1200,\"height\":630,\"caption\":\"Not\u00edcias em Destaque\"},\"image\":{\"@id\":\"https:\/\/noticiasemdestaque.com\/cd\/#\/schema\/logo\/image\/\"}},{\"@type\":\"Person\",\"@id\":\"https:\/\/noticiasemdestaque.com\/cd\/#\/schema\/person\/9c05c6816b191977f47499b3494ace52\",\"name\":\"Not\u00edcias em Destaque\",\"url\":\"https:\/\/noticiasemdestaque.com\/cd\/?author=2\"}]}<\/script>\n<!-- \/ Yoast SEO plugin. -->","yoast_head_json":{"title":"Idoso que estava desaparecido \u00e9 encontrado morto em Monteiro \u00a0 - Not&iacute;cias em Destaque","robots":{"index":"index","follow":"follow","max-snippet":"max-snippet:-1","max-image-preview":"max-image-preview:large","max-video-preview":"max-video-preview:-1"},"canonical":"https:\/\/noticiasemdestaque.com\/cd\/?p=38096","og_locale":"pt_BR","og_type":"article","og_title":"Idoso que estava desaparecido \u00e9 encontrado morto em Monteiro \u00a0 - Not&iacute;cias em Destaque","og_description":"O corpo do idoso conhecido por Cipriano foi encontrado sem vida, sem sinais de viol\u00eancia por tr\u00e1s do Centro Diocesano no alto S\u00e3o Vicente em Monteiro no in\u00edcio da tarde desta ter\u00e7a-feira, 19\/04 durante os trabalhos de buscas realizados pelos Bombeiros conforme informa\u00e7\u00f5es das Pol\u00edcia Militar e Civil. O idoso que sofria de Parkinson e mal de Alzheimer estava desaparecido desde a tarde do dia 17\/04. \u00a0 Fonte: 95FM\u00a0 \u00a0","og_url":"https:\/\/noticiasemdestaque.com\/cd\/?p=38096","og_site_name":"Not&iacute;cias em Destaque","article_published_time":"2022-04-19T19:44:01+00:00","article_modified_time":"2022-04-19T20:08:06+00:00","og_image":[{"width":1600,"height":1200,"url":"https:\/\/noticiasemdestaque.com\/cd\/wp-content\/uploads\/2022\/04\/5f96b178-0e5e-482d-b20a-6f997b3f3838.jpg","type":"image\/jpeg"}],"author":"Not\u00edcias em Destaque","twitter_card":"summary_large_image","twitter_misc":{"Escrito por":"Not\u00edcias em Destaque"},"schema":{"@context":"https:\/\/schema.org","@graph":[{"@type":"Article","@id":"https:\/\/noticiasemdestaque.com\/cd\/?p=38096#article","isPartOf":{"@id":"https:\/\/noticiasemdestaque.com\/cd\/?p=38096"},"author":{"name":"Not\u00edcias em Destaque","@id":"https:\/\/noticiasemdestaque.com\/cd\/#\/schema\/person\/9c05c6816b191977f47499b3494ace52"},"headline":"Idoso que estava desaparecido \u00e9 encontrado morto em Monteiro \u00a0","datePublished":"2022-04-19T19:44:01+00:00","dateModified":"2022-04-19T20:08:06+00:00","mainEntityOfPage":{"@id":"https:\/\/noticiasemdestaque.com\/cd\/?p=38096"},"wordCount":81,"publisher":{"@id":"https:\/\/noticiasemdestaque.com\/cd\/#organization"},"image":{"@id":"https:\/\/noticiasemdestaque.com\/cd\/?p=38096#primaryimage"},"thumbnailUrl":"https:\/\/noticiasemdestaque.com\/cd\/wp-content\/uploads\/2022\/04\/5f96b178-0e5e-482d-b20a-6f997b3f3838.jpg","articleSection":["Geral"],"inLanguage":"pt-BR"},{"@type":"WebPage","@id":"https:\/\/noticiasemdestaque.com\/cd\/?p=38096","url":"https:\/\/noticiasemdestaque.com\/cd\/?p=38096","name":"Idoso que estava desaparecido \u00e9 encontrado morto em Monteiro \u00a0 - Not&iacute;cias em Destaque","isPartOf":{"@id":"https:\/\/noticiasemdestaque.com\/cd\/#website"},"primaryImageOfPage":{"@id":"https:\/\/noticiasemdestaque.com\/cd\/?p=38096#primaryimage"},"image":{"@id":"https:\/\/noticiasemdestaque.com\/cd\/?p=38096#primaryimage"},"thumbnailUrl":"https:\/\/noticiasemdestaque.com\/cd\/wp-content\/uploads\/2022\/04\/5f96b178-0e5e-482d-b20a-6f997b3f3838.jpg","datePublished":"2022-04-19T19:44:01+00:00","dateModified":"2022-04-19T20:08:06+00:00","breadcrumb":{"@id":"https:\/\/noticiasemdestaque.com\/cd\/?p=38096#breadcrumb"},"inLanguage":"pt-BR","potentialAction":[{"@type":"ReadAction","target":["https:\/\/noticiasemdestaque.com\/cd\/?p=38096"]}]},{"@type":"ImageObject","inLanguage":"pt-BR","@id":"https:\/\/noticiasemdestaque.com\/cd\/?p=38096#primaryimage","url":"https:\/\/noticiasemdestaque.com\/cd\/wp-content\/uploads\/2022\/04\/5f96b178-0e5e-482d-b20a-6f997b3f3838.jpg","contentUrl":"https:\/\/noticiasemdestaque.com\/cd\/wp-content\/uploads\/2022\/04\/5f96b178-0e5e-482d-b20a-6f997b3f3838.jpg","width":1600,"height":1200},{"@type":"BreadcrumbList","@id":"https:\/\/noticiasemdestaque.com\/cd\/?p=38096#breadcrumb","itemListElement":[{"@type":"ListItem","position":1,"name":"In\u00edcio","item":"https:\/\/noticiasemdestaque.com\/cd\/"},{"@type":"ListItem","position":2,"name":"Idoso que estava desaparecido \u00e9 encontrado morto em Monteiro \u00a0"}]},{"@type":"WebSite","@id":"https:\/\/noticiasemdestaque.com\/cd\/#website","url":"https:\/\/noticiasemdestaque.com\/cd\/","name":"Not&iacute;cias em Destaque","description":"","publisher":{"@id":"https:\/\/noticiasemdestaque.com\/cd\/#organization"},"potentialAction":[{"@type":"SearchAction","target":{"@type":"EntryPoint","urlTemplate":"https:\/\/noticiasemdestaque.com\/cd\/?s={search_term_string}"},"query-input":{"@type":"PropertyValueSpecification","valueRequired":true,"valueName":"search_term_string"}}],"inLanguage":"pt-BR"},{"@type":"Organization","@id":"https:\/\/noticiasemdestaque.com\/cd\/#organization","name":"Not\u00edcias em Destaque","url":"https:\/\/noticiasemdestaque.com\/cd\/","logo":{"@type":"ImageObject","inLanguage":"pt-BR","@id":"https:\/\/noticiasemdestaque.com\/cd\/#\/schema\/logo\/image\/","url":"https:\/\/noticiasemdestaque.com\/cd\/wp-content\/uploads\/2022\/05\/imagem-base-noticiasemdestaque.png","contentUrl":"https:\/\/noticiasemdestaque.com\/cd\/wp-content\/uploads\/2022\/05\/imagem-base-noticiasemdestaque.png","width":1200,"height":630,"caption":"Not\u00edcias em Destaque"},"image":{"@id":"https:\/\/noticiasemdestaque.com\/cd\/#\/schema\/logo\/image\/"}},{"@type":"Person","@id":"https:\/\/noticiasemdestaque.com\/cd\/#\/schema\/person\/9c05c6816b191977f47499b3494ace52","name":"Not\u00edcias em Destaque","url":"https:\/\/noticiasemdestaque.com\/cd\/?author=2"}]}},"jetpack_featured_media_url":"https:\/\/noticiasemdestaque.com\/cd\/wp-content\/uploads\/2022\/04\/5f96b178-0e5e-482d-b20a-6f997b3f3838.jpg","jetpack_sharing_enabled":true,"_links":{"self":[{"href":"https:\/\/noticiasemdestaque.com\/cd\/index.php?rest_route=\/wp\/v2\/posts\/38096","targetHints":{"allow":["GET"]}}],"collection":[{"href":"https:\/\/noticiasemdestaque.com\/cd\/index.php?rest_route=\/wp\/v2\/posts"}],"about":[{"href":"https:\/\/noticiasemdestaque.com\/cd\/index.php?rest_route=\/wp\/v2\/types\/post"}],"author":[{"embeddable":true,"href":"https:\/\/noticiasemdestaque.com\/cd\/index.php?rest_route=\/wp\/v2\/users\/2"}],"replies":[{"embeddable":true,"href":"https:\/\/noticiasemdestaque.com\/cd\/index.php?rest_route=%2Fwp%2Fv2%2Fcomments&post=38096"}],"version-history":[{"count":4,"href":"https:\/\/noticiasemdestaque.com\/cd\/index.php?rest_route=\/wp\/v2\/posts\/38096\/revisions"}],"predecessor-version":[{"id":38109,"href":"https:\/\/noticiasemdestaque.com\/cd\/index.php?rest_route=\/wp\/v2\/posts\/38096\/revisions\/38109"}],"wp:featuredmedia":[{"embeddable":true,"href":"https:\/\/noticiasemdestaque.com\/cd\/index.php?rest_route=\/wp\/v2\/media\/38097"}],"wp:attachment":[{"href":"https:\/\/noticiasemdestaque.com\/cd\/index.php?rest_route=%2Fwp%2Fv2%2Fmedia&parent=38096"}],"wp:term":[{"taxonomy":"category","embeddable":true,"href":"https:\/\/noticiasemdestaque.com\/cd\/index.php?rest_route=%2Fwp%2Fv2%2Fcategories&post=38096"},{"taxonomy":"post_tag","embeddable":true,"href":"https:\/\/noticiasemdestaque.com\/cd\/index.php?rest_route=%2Fwp%2Fv2%2Ftags&post=38096"}],"curies":[{"name":"wp","href":"https:\/\/api.w.org\/{rel}","templated":true}]}}