{"id":38082,"date":"2022-04-18T16:48:38","date_gmt":"2022-04-18T19:48:38","guid":{"rendered":"http:\/\/noticiasemdestaque.com\/cd\/?p=38082"},"modified":"2022-04-18T16:48:38","modified_gmt":"2022-04-18T19:48:38","slug":"policia-militar-prende-suspeito-de-trafico-de-drogas-em-cidade-do-cariri","status":"publish","type":"post","link":"https:\/\/noticiasemdestaque.com\/cd\/?p=38082","title":{"rendered":"Pol\u00edcia Militar prende suspeito de tr\u00e1fico de drogas em cidade do Cariri"},"content":{"rendered":"<p><a href=\"https:\/\/noticiasemdestaque.com\/cd\/wp-content\/uploads\/2022\/04\/Sem-titulo.png\"><img fetchpriority=\"high\" decoding=\"async\" class=\"wp-image-38083 size-full aligncenter\" src=\"https:\/\/noticiasemdestaque.com\/cd\/wp-content\/uploads\/2022\/04\/Sem-titulo.png\" alt=\"\" width=\"581\" height=\"297\" srcset=\"https:\/\/noticiasemdestaque.com\/cd\/wp-content\/uploads\/2022\/04\/Sem-titulo.png 581w, https:\/\/noticiasemdestaque.com\/cd\/wp-content\/uploads\/2022\/04\/Sem-titulo-300x153.png 300w\" sizes=\"(max-width: 581px) 100vw, 581px\" \/><\/a><\/p>\n<p class=\"p1\">Durante a opera\u00e7\u00e3o Semana Santa na manh\u00e3 do \u00faltimo s\u00e1bado, 16, a Pol\u00edcia Militar prendeu um homem suspeito de tr\u00e1fico de drogas no munic\u00edpio de Camala\u00fa, no Cariri paraibano. Um menor de idade tamb\u00e9m foi apreendido no local.<\/p>\n<p class=\"p1\"><span class=\"s1\">De acordo com informa\u00e7\u00f5es, policiais realizaram abordagens na regi\u00e3o conhecida com \u201cregi\u00e3o dos cabar\u00e9s\u201d, quando prenderam o homem com uma quantidade de drogas, que provavelmente estava sendo comercializada na regi\u00e3o.<\/span><\/p>\n<p class=\"p1\"><span class=\"s1\">O homem e o menor foram encaminhados para 14\u00aa DSPC de Monteiro.<\/span><\/p>\n","protected":false},"excerpt":{"rendered":"<p>Durante a opera\u00e7\u00e3o Semana Santa na manh\u00e3 do \u00faltimo s\u00e1bado, 16, a Pol\u00edcia Militar prendeu um homem suspeito de tr\u00e1fico de drogas no munic\u00edpio de Camala\u00fa, no Cariri paraibano. Um menor de idade tamb\u00e9m foi apreendido no local. De acordo com informa\u00e7\u00f5es, policiais realizaram abordagens na regi\u00e3o conhecida com \u201cregi\u00e3o dos cabar\u00e9s\u201d, quando prenderam o homem com uma quantidade de drogas, que provavelmente estava sendo comercializada na regi\u00e3o. O homem e o menor foram encaminhados para 14\u00aa DSPC de Monteiro.<\/p>\n","protected":false},"author":2,"featured_media":38083,"comment_status":"closed","ping_status":"open","sticky":false,"template":"","format":"standard","meta":{"_eb_attr":"","_jetpack_memberships_contains_paid_content":false,"footnotes":""},"categories":[12],"tags":[],"class_list":["post-38082","post","type-post","status-publish","format-standard","has-post-thumbnail","hentry","category-geral"],"yoast_head":"<!-- This site is optimized with the Yoast SEO plugin v26.5 - https:\/\/yoast.com\/wordpress\/plugins\/seo\/ -->\n<title>Pol\u00edcia Militar prende suspeito de tr\u00e1fico de drogas em cidade do Cariri - Not&iacute;cias em Destaque<\/title>\n<meta name=\"robots\" content=\"index, follow, max-snippet:-1, max-image-preview:large, max-video-preview:-1\" \/>\n<link rel=\"canonical\" href=\"https:\/\/noticiasemdestaque.com\/cd\/?p=38082\" \/>\n<meta property=\"og:locale\" content=\"pt_BR\" \/>\n<meta property=\"og:type\" content=\"article\" \/>\n<meta property=\"og:title\" content=\"Pol\u00edcia Militar prende suspeito de tr\u00e1fico de drogas em cidade do Cariri - Not&iacute;cias em Destaque\" \/>\n<meta property=\"og:description\" content=\"Durante a opera\u00e7\u00e3o Semana Santa na manh\u00e3 do \u00faltimo s\u00e1bado, 16, a Pol\u00edcia Militar prendeu um homem suspeito de tr\u00e1fico de drogas no munic\u00edpio de Camala\u00fa, no Cariri paraibano. Um menor de idade tamb\u00e9m foi apreendido no local. De acordo com informa\u00e7\u00f5es, policiais realizaram abordagens na regi\u00e3o conhecida com \u201cregi\u00e3o dos cabar\u00e9s\u201d, quando prenderam o homem com uma quantidade de drogas, que provavelmente estava sendo comercializada na regi\u00e3o. O homem e o menor foram encaminhados para 14\u00aa DSPC de Monteiro.\" \/>\n<meta property=\"og:url\" content=\"https:\/\/noticiasemdestaque.com\/cd\/?p=38082\" \/>\n<meta property=\"og:site_name\" content=\"Not&iacute;cias em Destaque\" \/>\n<meta property=\"article:published_time\" content=\"2022-04-18T19:48:38+00:00\" \/>\n<meta property=\"og:image\" content=\"https:\/\/noticiasemdestaque.com\/cd\/wp-content\/uploads\/2022\/04\/Sem-titulo.png\" \/>\n\t<meta property=\"og:image:width\" content=\"581\" \/>\n\t<meta property=\"og:image:height\" content=\"297\" \/>\n\t<meta property=\"og:image:type\" content=\"image\/png\" \/>\n<meta name=\"author\" content=\"Not\u00edcias em Destaque\" \/>\n<meta name=\"twitter:card\" content=\"summary_large_image\" \/>\n<meta name=\"twitter:label1\" content=\"Escrito por\" \/>\n\t<meta name=\"twitter:data1\" content=\"Not\u00edcias em Destaque\" \/>\n<script type=\"application\/ld+json\" class=\"yoast-schema-graph\">{\"@context\":\"https:\/\/schema.org\",\"@graph\":[{\"@type\":\"Article\",\"@id\":\"https:\/\/noticiasemdestaque.com\/cd\/?p=38082#article\",\"isPartOf\":{\"@id\":\"https:\/\/noticiasemdestaque.com\/cd\/?p=38082\"},\"author\":{\"name\":\"Not\u00edcias em Destaque\",\"@id\":\"https:\/\/noticiasemdestaque.com\/cd\/#\/schema\/person\/9c05c6816b191977f47499b3494ace52\"},\"headline\":\"Pol\u00edcia Militar prende suspeito de tr\u00e1fico de drogas em cidade do Cariri\",\"datePublished\":\"2022-04-18T19:48:38+00:00\",\"mainEntityOfPage\":{\"@id\":\"https:\/\/noticiasemdestaque.com\/cd\/?p=38082\"},\"wordCount\":103,\"publisher\":{\"@id\":\"https:\/\/noticiasemdestaque.com\/cd\/#organization\"},\"image\":{\"@id\":\"https:\/\/noticiasemdestaque.com\/cd\/?p=38082#primaryimage\"},\"thumbnailUrl\":\"https:\/\/noticiasemdestaque.com\/cd\/wp-content\/uploads\/2022\/04\/Sem-titulo.png\",\"articleSection\":[\"Geral\"],\"inLanguage\":\"pt-BR\"},{\"@type\":\"WebPage\",\"@id\":\"https:\/\/noticiasemdestaque.com\/cd\/?p=38082\",\"url\":\"https:\/\/noticiasemdestaque.com\/cd\/?p=38082\",\"name\":\"Pol\u00edcia Militar prende suspeito de tr\u00e1fico de drogas em cidade do Cariri - Not&iacute;cias em Destaque\",\"isPartOf\":{\"@id\":\"https:\/\/noticiasemdestaque.com\/cd\/#website\"},\"primaryImageOfPage\":{\"@id\":\"https:\/\/noticiasemdestaque.com\/cd\/?p=38082#primaryimage\"},\"image\":{\"@id\":\"https:\/\/noticiasemdestaque.com\/cd\/?p=38082#primaryimage\"},\"thumbnailUrl\":\"https:\/\/noticiasemdestaque.com\/cd\/wp-content\/uploads\/2022\/04\/Sem-titulo.png\",\"datePublished\":\"2022-04-18T19:48:38+00:00\",\"breadcrumb\":{\"@id\":\"https:\/\/noticiasemdestaque.com\/cd\/?p=38082#breadcrumb\"},\"inLanguage\":\"pt-BR\",\"potentialAction\":[{\"@type\":\"ReadAction\",\"target\":[\"https:\/\/noticiasemdestaque.com\/cd\/?p=38082\"]}]},{\"@type\":\"ImageObject\",\"inLanguage\":\"pt-BR\",\"@id\":\"https:\/\/noticiasemdestaque.com\/cd\/?p=38082#primaryimage\",\"url\":\"https:\/\/noticiasemdestaque.com\/cd\/wp-content\/uploads\/2022\/04\/Sem-titulo.png\",\"contentUrl\":\"https:\/\/noticiasemdestaque.com\/cd\/wp-content\/uploads\/2022\/04\/Sem-titulo.png\",\"width\":581,\"height\":297},{\"@type\":\"BreadcrumbList\",\"@id\":\"https:\/\/noticiasemdestaque.com\/cd\/?p=38082#breadcrumb\",\"itemListElement\":[{\"@type\":\"ListItem\",\"position\":1,\"name\":\"In\u00edcio\",\"item\":\"https:\/\/noticiasemdestaque.com\/cd\/\"},{\"@type\":\"ListItem\",\"position\":2,\"name\":\"Pol\u00edcia Militar prende suspeito de tr\u00e1fico de drogas em cidade do Cariri\"}]},{\"@type\":\"WebSite\",\"@id\":\"https:\/\/noticiasemdestaque.com\/cd\/#website\",\"url\":\"https:\/\/noticiasemdestaque.com\/cd\/\",\"name\":\"Not&iacute;cias em Destaque\",\"description\":\"\",\"publisher\":{\"@id\":\"https:\/\/noticiasemdestaque.com\/cd\/#organization\"},\"potentialAction\":[{\"@type\":\"SearchAction\",\"target\":{\"@type\":\"EntryPoint\",\"urlTemplate\":\"https:\/\/noticiasemdestaque.com\/cd\/?s={search_term_string}\"},\"query-input\":{\"@type\":\"PropertyValueSpecification\",\"valueRequired\":true,\"valueName\":\"search_term_string\"}}],\"inLanguage\":\"pt-BR\"},{\"@type\":\"Organization\",\"@id\":\"https:\/\/noticiasemdestaque.com\/cd\/#organization\",\"name\":\"Not\u00edcias em Destaque\",\"url\":\"https:\/\/noticiasemdestaque.com\/cd\/\",\"logo\":{\"@type\":\"ImageObject\",\"inLanguage\":\"pt-BR\",\"@id\":\"https:\/\/noticiasemdestaque.com\/cd\/#\/schema\/logo\/image\/\",\"url\":\"https:\/\/noticiasemdestaque.com\/cd\/wp-content\/uploads\/2022\/05\/imagem-base-noticiasemdestaque.png\",\"contentUrl\":\"https:\/\/noticiasemdestaque.com\/cd\/wp-content\/uploads\/2022\/05\/imagem-base-noticiasemdestaque.png\",\"width\":1200,\"height\":630,\"caption\":\"Not\u00edcias em Destaque\"},\"image\":{\"@id\":\"https:\/\/noticiasemdestaque.com\/cd\/#\/schema\/logo\/image\/\"}},{\"@type\":\"Person\",\"@id\":\"https:\/\/noticiasemdestaque.com\/cd\/#\/schema\/person\/9c05c6816b191977f47499b3494ace52\",\"name\":\"Not\u00edcias em Destaque\",\"url\":\"https:\/\/noticiasemdestaque.com\/cd\/?author=2\"}]}<\/script>\n<!-- \/ Yoast SEO plugin. -->","yoast_head_json":{"title":"Pol\u00edcia Militar prende suspeito de tr\u00e1fico de drogas em cidade do Cariri - Not&iacute;cias em Destaque","robots":{"index":"index","follow":"follow","max-snippet":"max-snippet:-1","max-image-preview":"max-image-preview:large","max-video-preview":"max-video-preview:-1"},"canonical":"https:\/\/noticiasemdestaque.com\/cd\/?p=38082","og_locale":"pt_BR","og_type":"article","og_title":"Pol\u00edcia Militar prende suspeito de tr\u00e1fico de drogas em cidade do Cariri - Not&iacute;cias em Destaque","og_description":"Durante a opera\u00e7\u00e3o Semana Santa na manh\u00e3 do \u00faltimo s\u00e1bado, 16, a Pol\u00edcia Militar prendeu um homem suspeito de tr\u00e1fico de drogas no munic\u00edpio de Camala\u00fa, no Cariri paraibano. Um menor de idade tamb\u00e9m foi apreendido no local. De acordo com informa\u00e7\u00f5es, policiais realizaram abordagens na regi\u00e3o conhecida com \u201cregi\u00e3o dos cabar\u00e9s\u201d, quando prenderam o homem com uma quantidade de drogas, que provavelmente estava sendo comercializada na regi\u00e3o. O homem e o menor foram encaminhados para 14\u00aa DSPC de Monteiro.","og_url":"https:\/\/noticiasemdestaque.com\/cd\/?p=38082","og_site_name":"Not&iacute;cias em Destaque","article_published_time":"2022-04-18T19:48:38+00:00","og_image":[{"width":581,"height":297,"url":"https:\/\/noticiasemdestaque.com\/cd\/wp-content\/uploads\/2022\/04\/Sem-titulo.png","type":"image\/png"}],"author":"Not\u00edcias em Destaque","twitter_card":"summary_large_image","twitter_misc":{"Escrito por":"Not\u00edcias em Destaque"},"schema":{"@context":"https:\/\/schema.org","@graph":[{"@type":"Article","@id":"https:\/\/noticiasemdestaque.com\/cd\/?p=38082#article","isPartOf":{"@id":"https:\/\/noticiasemdestaque.com\/cd\/?p=38082"},"author":{"name":"Not\u00edcias em Destaque","@id":"https:\/\/noticiasemdestaque.com\/cd\/#\/schema\/person\/9c05c6816b191977f47499b3494ace52"},"headline":"Pol\u00edcia Militar prende suspeito de tr\u00e1fico de drogas em cidade do Cariri","datePublished":"2022-04-18T19:48:38+00:00","mainEntityOfPage":{"@id":"https:\/\/noticiasemdestaque.com\/cd\/?p=38082"},"wordCount":103,"publisher":{"@id":"https:\/\/noticiasemdestaque.com\/cd\/#organization"},"image":{"@id":"https:\/\/noticiasemdestaque.com\/cd\/?p=38082#primaryimage"},"thumbnailUrl":"https:\/\/noticiasemdestaque.com\/cd\/wp-content\/uploads\/2022\/04\/Sem-titulo.png","articleSection":["Geral"],"inLanguage":"pt-BR"},{"@type":"WebPage","@id":"https:\/\/noticiasemdestaque.com\/cd\/?p=38082","url":"https:\/\/noticiasemdestaque.com\/cd\/?p=38082","name":"Pol\u00edcia Militar prende suspeito de tr\u00e1fico de drogas em cidade do Cariri - Not&iacute;cias em Destaque","isPartOf":{"@id":"https:\/\/noticiasemdestaque.com\/cd\/#website"},"primaryImageOfPage":{"@id":"https:\/\/noticiasemdestaque.com\/cd\/?p=38082#primaryimage"},"image":{"@id":"https:\/\/noticiasemdestaque.com\/cd\/?p=38082#primaryimage"},"thumbnailUrl":"https:\/\/noticiasemdestaque.com\/cd\/wp-content\/uploads\/2022\/04\/Sem-titulo.png","datePublished":"2022-04-18T19:48:38+00:00","breadcrumb":{"@id":"https:\/\/noticiasemdestaque.com\/cd\/?p=38082#breadcrumb"},"inLanguage":"pt-BR","potentialAction":[{"@type":"ReadAction","target":["https:\/\/noticiasemdestaque.com\/cd\/?p=38082"]}]},{"@type":"ImageObject","inLanguage":"pt-BR","@id":"https:\/\/noticiasemdestaque.com\/cd\/?p=38082#primaryimage","url":"https:\/\/noticiasemdestaque.com\/cd\/wp-content\/uploads\/2022\/04\/Sem-titulo.png","contentUrl":"https:\/\/noticiasemdestaque.com\/cd\/wp-content\/uploads\/2022\/04\/Sem-titulo.png","width":581,"height":297},{"@type":"BreadcrumbList","@id":"https:\/\/noticiasemdestaque.com\/cd\/?p=38082#breadcrumb","itemListElement":[{"@type":"ListItem","position":1,"name":"In\u00edcio","item":"https:\/\/noticiasemdestaque.com\/cd\/"},{"@type":"ListItem","position":2,"name":"Pol\u00edcia Militar prende suspeito de tr\u00e1fico de drogas em cidade do Cariri"}]},{"@type":"WebSite","@id":"https:\/\/noticiasemdestaque.com\/cd\/#website","url":"https:\/\/noticiasemdestaque.com\/cd\/","name":"Not&iacute;cias em Destaque","description":"","publisher":{"@id":"https:\/\/noticiasemdestaque.com\/cd\/#organization"},"potentialAction":[{"@type":"SearchAction","target":{"@type":"EntryPoint","urlTemplate":"https:\/\/noticiasemdestaque.com\/cd\/?s={search_term_string}"},"query-input":{"@type":"PropertyValueSpecification","valueRequired":true,"valueName":"search_term_string"}}],"inLanguage":"pt-BR"},{"@type":"Organization","@id":"https:\/\/noticiasemdestaque.com\/cd\/#organization","name":"Not\u00edcias em Destaque","url":"https:\/\/noticiasemdestaque.com\/cd\/","logo":{"@type":"ImageObject","inLanguage":"pt-BR","@id":"https:\/\/noticiasemdestaque.com\/cd\/#\/schema\/logo\/image\/","url":"https:\/\/noticiasemdestaque.com\/cd\/wp-content\/uploads\/2022\/05\/imagem-base-noticiasemdestaque.png","contentUrl":"https:\/\/noticiasemdestaque.com\/cd\/wp-content\/uploads\/2022\/05\/imagem-base-noticiasemdestaque.png","width":1200,"height":630,"caption":"Not\u00edcias em Destaque"},"image":{"@id":"https:\/\/noticiasemdestaque.com\/cd\/#\/schema\/logo\/image\/"}},{"@type":"Person","@id":"https:\/\/noticiasemdestaque.com\/cd\/#\/schema\/person\/9c05c6816b191977f47499b3494ace52","name":"Not\u00edcias em Destaque","url":"https:\/\/noticiasemdestaque.com\/cd\/?author=2"}]}},"jetpack_featured_media_url":"https:\/\/noticiasemdestaque.com\/cd\/wp-content\/uploads\/2022\/04\/Sem-titulo.png","jetpack_sharing_enabled":true,"_links":{"self":[{"href":"https:\/\/noticiasemdestaque.com\/cd\/index.php?rest_route=\/wp\/v2\/posts\/38082","targetHints":{"allow":["GET"]}}],"collection":[{"href":"https:\/\/noticiasemdestaque.com\/cd\/index.php?rest_route=\/wp\/v2\/posts"}],"about":[{"href":"https:\/\/noticiasemdestaque.com\/cd\/index.php?rest_route=\/wp\/v2\/types\/post"}],"author":[{"embeddable":true,"href":"https:\/\/noticiasemdestaque.com\/cd\/index.php?rest_route=\/wp\/v2\/users\/2"}],"replies":[{"embeddable":true,"href":"https:\/\/noticiasemdestaque.com\/cd\/index.php?rest_route=%2Fwp%2Fv2%2Fcomments&post=38082"}],"version-history":[{"count":1,"href":"https:\/\/noticiasemdestaque.com\/cd\/index.php?rest_route=\/wp\/v2\/posts\/38082\/revisions"}],"predecessor-version":[{"id":38084,"href":"https:\/\/noticiasemdestaque.com\/cd\/index.php?rest_route=\/wp\/v2\/posts\/38082\/revisions\/38084"}],"wp:featuredmedia":[{"embeddable":true,"href":"https:\/\/noticiasemdestaque.com\/cd\/index.php?rest_route=\/wp\/v2\/media\/38083"}],"wp:attachment":[{"href":"https:\/\/noticiasemdestaque.com\/cd\/index.php?rest_route=%2Fwp%2Fv2%2Fmedia&parent=38082"}],"wp:term":[{"taxonomy":"category","embeddable":true,"href":"https:\/\/noticiasemdestaque.com\/cd\/index.php?rest_route=%2Fwp%2Fv2%2Fcategories&post=38082"},{"taxonomy":"post_tag","embeddable":true,"href":"https:\/\/noticiasemdestaque.com\/cd\/index.php?rest_route=%2Fwp%2Fv2%2Ftags&post=38082"}],"curies":[{"name":"wp","href":"https:\/\/api.w.org\/{rel}","templated":true}]}}