{"id":3808,"date":"2017-08-30T07:26:08","date_gmt":"2017-08-30T10:26:08","guid":{"rendered":"http:\/\/caririemdestaque.com\/cd\/?p=3808"},"modified":"2017-08-30T07:26:08","modified_gmt":"2017-08-30T10:26:08","slug":"mano-walter-santana-e-wallas-arrais-sao-atracoes-confirmadas-para-o-9o-festival-do-mel","status":"publish","type":"post","link":"https:\/\/noticiasemdestaque.com\/cd\/?p=3808","title":{"rendered":"Mano Walter, Santana e Wallas Arrais s\u00e3o atra\u00e7\u00f5es confirmadas para o 9\u00ba Festival do Mel"},"content":{"rendered":"<p><a href=\"http:\/\/caririemdestaque.com\/cd\/wp-content\/uploads\/2017\/08\/festival_mel_2017.jpg\"><img fetchpriority=\"high\" decoding=\"async\" class=\"wp-image-3809 size-medium alignleft\" src=\"http:\/\/caririemdestaque.com\/cd\/wp-content\/uploads\/2017\/08\/festival_mel_2017-300x188.jpg\" alt=\"\" width=\"300\" height=\"188\" srcset=\"https:\/\/noticiasemdestaque.com\/cd\/wp-content\/uploads\/2017\/08\/festival_mel_2017-300x188.jpg 300w, https:\/\/noticiasemdestaque.com\/cd\/wp-content\/uploads\/2017\/08\/festival_mel_2017.jpg 750w\" sizes=\"(max-width: 300px) 100vw, 300px\" \/><\/a>A Prefeitura de S\u00e3o Jos\u00e9 dos Cordeiros j\u00e1 confirmou tr\u00eas grandes atra\u00e7\u00f5es para o 9\u00ba Festival do Mel. A festa vai acontecer nos dias 22, 23 e 24 de setembro e como \u00e9 tradi\u00e7\u00e3o dever\u00e1 reunir cerca de 40 mil pessoas nos tr\u00eas dias de sua programa\u00e7\u00e3o.<\/p>\n<p>Para animar os shows do palco principal do Festival do Mel, o prefeito Jefferson Roberto e o secret\u00e1rio de finan\u00e7as Fel\u00edcio Queiroz anunciaram a contrata\u00e7\u00e3o do fen\u00f4meno das vaquejadas, Mano Walter, de Santana, O Cantador, e a nova sensa\u00e7\u00e3o do forr\u00f3 Wallas Arrais. Outras atra\u00e7\u00f5es regionais ainda ser\u00e3o anunciadas e a programa\u00e7\u00e3o de shows do festival dever\u00e1 ocorrer na noite de s\u00e1bado (23), al\u00e9m do dia e noite do domingo (24).<\/p>\n<p>Segundo o secret\u00e1rio Fel\u00edcio Queiroz, a crise nacional obrigou a Prefeitura a fazer cortes estrat\u00e9gicos, mas ainda assim o evento ser\u00e1 grandioso e dever\u00e1 impulsionar fortemente o turismo e a economia do munic\u00edpio. Fel\u00edcio disse ainda que a programa\u00e7\u00e3o foi definida com base nos artistas que fazem sucesso na atualidade misturado aos nomes do forr\u00f3 tradicional que n\u00e3o podem faltar a um grande festival.<\/p>\n<p>A programa\u00e7\u00e3o t\u00e9cnica do Festival do Mel j\u00e1 foi toda definida e contar\u00e1 com palestrantes renomados de todo o Pa\u00eds. A abertura do evento contar\u00e1 com mais uma edi\u00e7\u00e3o do concurso Garota do Mel, que escolhe anualmente a mais bela jovem cordeirense.<\/p>\n","protected":false},"excerpt":{"rendered":"<p>A Prefeitura de S\u00e3o Jos\u00e9 dos Cordeiros j\u00e1 confirmou tr\u00eas grandes atra\u00e7\u00f5es para o 9\u00ba Festival do Mel. A festa vai acontecer nos dias 22, 23 e 24 de setembro e como \u00e9 tradi\u00e7\u00e3o dever\u00e1 reunir cerca de 40 mil pessoas nos tr\u00eas dias de sua programa\u00e7\u00e3o. Para animar os shows do palco principal do Festival do Mel, o prefeito Jefferson Roberto e o secret\u00e1rio de finan\u00e7as Fel\u00edcio Queiroz anunciaram a contrata\u00e7\u00e3o do fen\u00f4meno das vaquejadas, Mano Walter, de Santana, O Cantador, e a nova sensa\u00e7\u00e3o do forr\u00f3 Wallas Arrais. Outras atra\u00e7\u00f5es regionais ainda ser\u00e3o anunciadas e a programa\u00e7\u00e3o de shows do festival dever\u00e1 ocorrer na noite de s\u00e1bado (23), al\u00e9m do dia e noite do domingo (24). Segundo o secret\u00e1rio Fel\u00edcio Queiroz, a crise nacional obrigou a Prefeitura a fazer cortes estrat\u00e9gicos, mas ainda assim o evento ser\u00e1 grandioso e dever\u00e1 impulsionar fortemente o turismo e a economia do munic\u00edpio. Fel\u00edcio disse ainda que a programa\u00e7\u00e3o foi definida com base nos artistas que fazem sucesso na atualidade misturado aos nomes do forr\u00f3 tradicional que n\u00e3o podem faltar a um grande festival. A programa\u00e7\u00e3o t\u00e9cnica do Festival do Mel j\u00e1 foi toda definida e contar\u00e1 com palestrantes renomados de todo o Pa\u00eds. A abertura do evento contar\u00e1 com mais uma edi\u00e7\u00e3o do concurso Garota do Mel, que escolhe anualmente a mais bela jovem cordeirense.<\/p>\n","protected":false},"author":2,"featured_media":3809,"comment_status":"closed","ping_status":"open","sticky":false,"template":"","format":"standard","meta":{"_eb_attr":"","_jetpack_memberships_contains_paid_content":false,"footnotes":""},"categories":[3],"tags":[],"class_list":["post-3808","post","type-post","status-publish","format-standard","has-post-thumbnail","hentry","category-cidades"],"yoast_head":"<!-- This site is optimized with the Yoast SEO plugin v26.5 - https:\/\/yoast.com\/wordpress\/plugins\/seo\/ -->\n<title>Mano Walter, Santana e Wallas Arrais s\u00e3o atra\u00e7\u00f5es confirmadas para o 9\u00ba Festival do Mel - Not&iacute;cias em Destaque<\/title>\n<meta name=\"robots\" content=\"index, follow, max-snippet:-1, max-image-preview:large, max-video-preview:-1\" \/>\n<link rel=\"canonical\" href=\"https:\/\/noticiasemdestaque.com\/cd\/?p=3808\" \/>\n<meta property=\"og:locale\" content=\"pt_BR\" \/>\n<meta property=\"og:type\" content=\"article\" \/>\n<meta property=\"og:title\" content=\"Mano Walter, Santana e Wallas Arrais s\u00e3o atra\u00e7\u00f5es confirmadas para o 9\u00ba Festival do Mel - Not&iacute;cias em Destaque\" \/>\n<meta property=\"og:description\" content=\"A Prefeitura de S\u00e3o Jos\u00e9 dos Cordeiros j\u00e1 confirmou tr\u00eas grandes atra\u00e7\u00f5es para o 9\u00ba Festival do Mel. A festa vai acontecer nos dias 22, 23 e 24 de setembro e como \u00e9 tradi\u00e7\u00e3o dever\u00e1 reunir cerca de 40 mil pessoas nos tr\u00eas dias de sua programa\u00e7\u00e3o. Para animar os shows do palco principal do Festival do Mel, o prefeito Jefferson Roberto e o secret\u00e1rio de finan\u00e7as Fel\u00edcio Queiroz anunciaram a contrata\u00e7\u00e3o do fen\u00f4meno das vaquejadas, Mano Walter, de Santana, O Cantador, e a nova sensa\u00e7\u00e3o do forr\u00f3 Wallas Arrais. Outras atra\u00e7\u00f5es regionais ainda ser\u00e3o anunciadas e a programa\u00e7\u00e3o de shows do festival dever\u00e1 ocorrer na noite de s\u00e1bado (23), al\u00e9m do dia e noite do domingo (24). Segundo o secret\u00e1rio Fel\u00edcio Queiroz, a crise nacional obrigou a Prefeitura a fazer cortes estrat\u00e9gicos, mas ainda assim o evento ser\u00e1 grandioso e dever\u00e1 impulsionar fortemente o turismo e a economia do munic\u00edpio. Fel\u00edcio disse ainda que a programa\u00e7\u00e3o foi definida com base nos artistas que fazem sucesso na atualidade misturado aos nomes do forr\u00f3 tradicional que n\u00e3o podem faltar a um grande festival. A programa\u00e7\u00e3o t\u00e9cnica do Festival do Mel j\u00e1 foi toda definida e contar\u00e1 com palestrantes renomados de todo o Pa\u00eds. A abertura do evento contar\u00e1 com mais uma edi\u00e7\u00e3o do concurso Garota do Mel, que escolhe anualmente a mais bela jovem cordeirense.\" \/>\n<meta property=\"og:url\" content=\"https:\/\/noticiasemdestaque.com\/cd\/?p=3808\" \/>\n<meta property=\"og:site_name\" content=\"Not&iacute;cias em Destaque\" \/>\n<meta property=\"article:published_time\" content=\"2017-08-30T10:26:08+00:00\" \/>\n<meta property=\"og:image\" content=\"https:\/\/noticiasemdestaque.com\/cd\/wp-content\/uploads\/2017\/08\/festival_mel_2017.jpg\" \/>\n\t<meta property=\"og:image:width\" content=\"750\" \/>\n\t<meta property=\"og:image:height\" content=\"470\" \/>\n\t<meta property=\"og:image:type\" content=\"image\/jpeg\" \/>\n<meta name=\"author\" content=\"Not\u00edcias em Destaque\" \/>\n<meta name=\"twitter:card\" content=\"summary_large_image\" \/>\n<meta name=\"twitter:label1\" content=\"Escrito por\" \/>\n\t<meta name=\"twitter:data1\" content=\"Not\u00edcias em Destaque\" \/>\n\t<meta name=\"twitter:label2\" content=\"Est. tempo de leitura\" \/>\n\t<meta name=\"twitter:data2\" content=\"1 minuto\" \/>\n<script type=\"application\/ld+json\" class=\"yoast-schema-graph\">{\"@context\":\"https:\/\/schema.org\",\"@graph\":[{\"@type\":\"Article\",\"@id\":\"https:\/\/noticiasemdestaque.com\/cd\/?p=3808#article\",\"isPartOf\":{\"@id\":\"https:\/\/noticiasemdestaque.com\/cd\/?p=3808\"},\"author\":{\"name\":\"Not\u00edcias em Destaque\",\"@id\":\"https:\/\/noticiasemdestaque.com\/cd\/#\/schema\/person\/21320b03a7e8bb90128938dafc9b908a\"},\"headline\":\"Mano Walter, Santana e Wallas Arrais s\u00e3o atra\u00e7\u00f5es confirmadas para o 9\u00ba Festival do Mel\",\"datePublished\":\"2017-08-30T10:26:08+00:00\",\"mainEntityOfPage\":{\"@id\":\"https:\/\/noticiasemdestaque.com\/cd\/?p=3808\"},\"wordCount\":260,\"publisher\":{\"@id\":\"https:\/\/noticiasemdestaque.com\/cd\/#organization\"},\"image\":{\"@id\":\"https:\/\/noticiasemdestaque.com\/cd\/?p=3808#primaryimage\"},\"thumbnailUrl\":\"https:\/\/noticiasemdestaque.com\/cd\/wp-content\/uploads\/2017\/08\/festival_mel_2017.jpg\",\"articleSection\":[\"Cidades\"],\"inLanguage\":\"pt-BR\"},{\"@type\":\"WebPage\",\"@id\":\"https:\/\/noticiasemdestaque.com\/cd\/?p=3808\",\"url\":\"https:\/\/noticiasemdestaque.com\/cd\/?p=3808\",\"name\":\"Mano Walter, Santana e Wallas Arrais s\u00e3o atra\u00e7\u00f5es confirmadas para o 9\u00ba Festival do Mel - Not&iacute;cias em Destaque\",\"isPartOf\":{\"@id\":\"https:\/\/noticiasemdestaque.com\/cd\/#website\"},\"primaryImageOfPage\":{\"@id\":\"https:\/\/noticiasemdestaque.com\/cd\/?p=3808#primaryimage\"},\"image\":{\"@id\":\"https:\/\/noticiasemdestaque.com\/cd\/?p=3808#primaryimage\"},\"thumbnailUrl\":\"https:\/\/noticiasemdestaque.com\/cd\/wp-content\/uploads\/2017\/08\/festival_mel_2017.jpg\",\"datePublished\":\"2017-08-30T10:26:08+00:00\",\"breadcrumb\":{\"@id\":\"https:\/\/noticiasemdestaque.com\/cd\/?p=3808#breadcrumb\"},\"inLanguage\":\"pt-BR\",\"potentialAction\":[{\"@type\":\"ReadAction\",\"target\":[\"https:\/\/noticiasemdestaque.com\/cd\/?p=3808\"]}]},{\"@type\":\"ImageObject\",\"inLanguage\":\"pt-BR\",\"@id\":\"https:\/\/noticiasemdestaque.com\/cd\/?p=3808#primaryimage\",\"url\":\"https:\/\/noticiasemdestaque.com\/cd\/wp-content\/uploads\/2017\/08\/festival_mel_2017.jpg\",\"contentUrl\":\"https:\/\/noticiasemdestaque.com\/cd\/wp-content\/uploads\/2017\/08\/festival_mel_2017.jpg\",\"width\":750,\"height\":470},{\"@type\":\"BreadcrumbList\",\"@id\":\"https:\/\/noticiasemdestaque.com\/cd\/?p=3808#breadcrumb\",\"itemListElement\":[{\"@type\":\"ListItem\",\"position\":1,\"name\":\"In\u00edcio\",\"item\":\"https:\/\/noticiasemdestaque.com\/cd\/\"},{\"@type\":\"ListItem\",\"position\":2,\"name\":\"Mano Walter, Santana e Wallas Arrais s\u00e3o atra\u00e7\u00f5es confirmadas para o 9\u00ba Festival do Mel\"}]},{\"@type\":\"WebSite\",\"@id\":\"https:\/\/noticiasemdestaque.com\/cd\/#website\",\"url\":\"https:\/\/noticiasemdestaque.com\/cd\/\",\"name\":\"Not&iacute;cias em Destaque\",\"description\":\"\",\"publisher\":{\"@id\":\"https:\/\/noticiasemdestaque.com\/cd\/#organization\"},\"potentialAction\":[{\"@type\":\"SearchAction\",\"target\":{\"@type\":\"EntryPoint\",\"urlTemplate\":\"https:\/\/noticiasemdestaque.com\/cd\/?s={search_term_string}\"},\"query-input\":{\"@type\":\"PropertyValueSpecification\",\"valueRequired\":true,\"valueName\":\"search_term_string\"}}],\"inLanguage\":\"pt-BR\"},{\"@type\":\"Organization\",\"@id\":\"https:\/\/noticiasemdestaque.com\/cd\/#organization\",\"name\":\"Not\u00edcias em Destaque\",\"url\":\"https:\/\/noticiasemdestaque.com\/cd\/\",\"logo\":{\"@type\":\"ImageObject\",\"inLanguage\":\"pt-BR\",\"@id\":\"https:\/\/noticiasemdestaque.com\/cd\/#\/schema\/logo\/image\/\",\"url\":\"https:\/\/noticiasemdestaque.com\/cd\/wp-content\/uploads\/2022\/05\/imagem-base-noticiasemdestaque.png\",\"contentUrl\":\"https:\/\/noticiasemdestaque.com\/cd\/wp-content\/uploads\/2022\/05\/imagem-base-noticiasemdestaque.png\",\"width\":1200,\"height\":630,\"caption\":\"Not\u00edcias em Destaque\"},\"image\":{\"@id\":\"https:\/\/noticiasemdestaque.com\/cd\/#\/schema\/logo\/image\/\"}},{\"@type\":\"Person\",\"@id\":\"https:\/\/noticiasemdestaque.com\/cd\/#\/schema\/person\/21320b03a7e8bb90128938dafc9b908a\",\"name\":\"Not\u00edcias em Destaque\",\"url\":\"https:\/\/noticiasemdestaque.com\/cd\/?author=2\"}]}<\/script>\n<!-- \/ Yoast SEO plugin. -->","yoast_head_json":{"title":"Mano Walter, Santana e Wallas Arrais s\u00e3o atra\u00e7\u00f5es confirmadas para o 9\u00ba Festival do Mel - Not&iacute;cias em Destaque","robots":{"index":"index","follow":"follow","max-snippet":"max-snippet:-1","max-image-preview":"max-image-preview:large","max-video-preview":"max-video-preview:-1"},"canonical":"https:\/\/noticiasemdestaque.com\/cd\/?p=3808","og_locale":"pt_BR","og_type":"article","og_title":"Mano Walter, Santana e Wallas Arrais s\u00e3o atra\u00e7\u00f5es confirmadas para o 9\u00ba Festival do Mel - Not&iacute;cias em Destaque","og_description":"A Prefeitura de S\u00e3o Jos\u00e9 dos Cordeiros j\u00e1 confirmou tr\u00eas grandes atra\u00e7\u00f5es para o 9\u00ba Festival do Mel. A festa vai acontecer nos dias 22, 23 e 24 de setembro e como \u00e9 tradi\u00e7\u00e3o dever\u00e1 reunir cerca de 40 mil pessoas nos tr\u00eas dias de sua programa\u00e7\u00e3o. Para animar os shows do palco principal do Festival do Mel, o prefeito Jefferson Roberto e o secret\u00e1rio de finan\u00e7as Fel\u00edcio Queiroz anunciaram a contrata\u00e7\u00e3o do fen\u00f4meno das vaquejadas, Mano Walter, de Santana, O Cantador, e a nova sensa\u00e7\u00e3o do forr\u00f3 Wallas Arrais. Outras atra\u00e7\u00f5es regionais ainda ser\u00e3o anunciadas e a programa\u00e7\u00e3o de shows do festival dever\u00e1 ocorrer na noite de s\u00e1bado (23), al\u00e9m do dia e noite do domingo (24). Segundo o secret\u00e1rio Fel\u00edcio Queiroz, a crise nacional obrigou a Prefeitura a fazer cortes estrat\u00e9gicos, mas ainda assim o evento ser\u00e1 grandioso e dever\u00e1 impulsionar fortemente o turismo e a economia do munic\u00edpio. Fel\u00edcio disse ainda que a programa\u00e7\u00e3o foi definida com base nos artistas que fazem sucesso na atualidade misturado aos nomes do forr\u00f3 tradicional que n\u00e3o podem faltar a um grande festival. A programa\u00e7\u00e3o t\u00e9cnica do Festival do Mel j\u00e1 foi toda definida e contar\u00e1 com palestrantes renomados de todo o Pa\u00eds. A abertura do evento contar\u00e1 com mais uma edi\u00e7\u00e3o do concurso Garota do Mel, que escolhe anualmente a mais bela jovem cordeirense.","og_url":"https:\/\/noticiasemdestaque.com\/cd\/?p=3808","og_site_name":"Not&iacute;cias em Destaque","article_published_time":"2017-08-30T10:26:08+00:00","og_image":[{"width":750,"height":470,"url":"https:\/\/noticiasemdestaque.com\/cd\/wp-content\/uploads\/2017\/08\/festival_mel_2017.jpg","type":"image\/jpeg"}],"author":"Not\u00edcias em Destaque","twitter_card":"summary_large_image","twitter_misc":{"Escrito por":"Not\u00edcias em Destaque","Est. tempo de leitura":"1 minuto"},"schema":{"@context":"https:\/\/schema.org","@graph":[{"@type":"Article","@id":"https:\/\/noticiasemdestaque.com\/cd\/?p=3808#article","isPartOf":{"@id":"https:\/\/noticiasemdestaque.com\/cd\/?p=3808"},"author":{"name":"Not\u00edcias em Destaque","@id":"https:\/\/noticiasemdestaque.com\/cd\/#\/schema\/person\/21320b03a7e8bb90128938dafc9b908a"},"headline":"Mano Walter, Santana e Wallas Arrais s\u00e3o atra\u00e7\u00f5es confirmadas para o 9\u00ba Festival do Mel","datePublished":"2017-08-30T10:26:08+00:00","mainEntityOfPage":{"@id":"https:\/\/noticiasemdestaque.com\/cd\/?p=3808"},"wordCount":260,"publisher":{"@id":"https:\/\/noticiasemdestaque.com\/cd\/#organization"},"image":{"@id":"https:\/\/noticiasemdestaque.com\/cd\/?p=3808#primaryimage"},"thumbnailUrl":"https:\/\/noticiasemdestaque.com\/cd\/wp-content\/uploads\/2017\/08\/festival_mel_2017.jpg","articleSection":["Cidades"],"inLanguage":"pt-BR"},{"@type":"WebPage","@id":"https:\/\/noticiasemdestaque.com\/cd\/?p=3808","url":"https:\/\/noticiasemdestaque.com\/cd\/?p=3808","name":"Mano Walter, Santana e Wallas Arrais s\u00e3o atra\u00e7\u00f5es confirmadas para o 9\u00ba Festival do Mel - Not&iacute;cias em Destaque","isPartOf":{"@id":"https:\/\/noticiasemdestaque.com\/cd\/#website"},"primaryImageOfPage":{"@id":"https:\/\/noticiasemdestaque.com\/cd\/?p=3808#primaryimage"},"image":{"@id":"https:\/\/noticiasemdestaque.com\/cd\/?p=3808#primaryimage"},"thumbnailUrl":"https:\/\/noticiasemdestaque.com\/cd\/wp-content\/uploads\/2017\/08\/festival_mel_2017.jpg","datePublished":"2017-08-30T10:26:08+00:00","breadcrumb":{"@id":"https:\/\/noticiasemdestaque.com\/cd\/?p=3808#breadcrumb"},"inLanguage":"pt-BR","potentialAction":[{"@type":"ReadAction","target":["https:\/\/noticiasemdestaque.com\/cd\/?p=3808"]}]},{"@type":"ImageObject","inLanguage":"pt-BR","@id":"https:\/\/noticiasemdestaque.com\/cd\/?p=3808#primaryimage","url":"https:\/\/noticiasemdestaque.com\/cd\/wp-content\/uploads\/2017\/08\/festival_mel_2017.jpg","contentUrl":"https:\/\/noticiasemdestaque.com\/cd\/wp-content\/uploads\/2017\/08\/festival_mel_2017.jpg","width":750,"height":470},{"@type":"BreadcrumbList","@id":"https:\/\/noticiasemdestaque.com\/cd\/?p=3808#breadcrumb","itemListElement":[{"@type":"ListItem","position":1,"name":"In\u00edcio","item":"https:\/\/noticiasemdestaque.com\/cd\/"},{"@type":"ListItem","position":2,"name":"Mano Walter, Santana e Wallas Arrais s\u00e3o atra\u00e7\u00f5es confirmadas para o 9\u00ba Festival do Mel"}]},{"@type":"WebSite","@id":"https:\/\/noticiasemdestaque.com\/cd\/#website","url":"https:\/\/noticiasemdestaque.com\/cd\/","name":"Not&iacute;cias em Destaque","description":"","publisher":{"@id":"https:\/\/noticiasemdestaque.com\/cd\/#organization"},"potentialAction":[{"@type":"SearchAction","target":{"@type":"EntryPoint","urlTemplate":"https:\/\/noticiasemdestaque.com\/cd\/?s={search_term_string}"},"query-input":{"@type":"PropertyValueSpecification","valueRequired":true,"valueName":"search_term_string"}}],"inLanguage":"pt-BR"},{"@type":"Organization","@id":"https:\/\/noticiasemdestaque.com\/cd\/#organization","name":"Not\u00edcias em Destaque","url":"https:\/\/noticiasemdestaque.com\/cd\/","logo":{"@type":"ImageObject","inLanguage":"pt-BR","@id":"https:\/\/noticiasemdestaque.com\/cd\/#\/schema\/logo\/image\/","url":"https:\/\/noticiasemdestaque.com\/cd\/wp-content\/uploads\/2022\/05\/imagem-base-noticiasemdestaque.png","contentUrl":"https:\/\/noticiasemdestaque.com\/cd\/wp-content\/uploads\/2022\/05\/imagem-base-noticiasemdestaque.png","width":1200,"height":630,"caption":"Not\u00edcias em Destaque"},"image":{"@id":"https:\/\/noticiasemdestaque.com\/cd\/#\/schema\/logo\/image\/"}},{"@type":"Person","@id":"https:\/\/noticiasemdestaque.com\/cd\/#\/schema\/person\/21320b03a7e8bb90128938dafc9b908a","name":"Not\u00edcias em Destaque","url":"https:\/\/noticiasemdestaque.com\/cd\/?author=2"}]}},"jetpack_featured_media_url":"https:\/\/noticiasemdestaque.com\/cd\/wp-content\/uploads\/2017\/08\/festival_mel_2017.jpg","jetpack_sharing_enabled":true,"_links":{"self":[{"href":"https:\/\/noticiasemdestaque.com\/cd\/index.php?rest_route=\/wp\/v2\/posts\/3808","targetHints":{"allow":["GET"]}}],"collection":[{"href":"https:\/\/noticiasemdestaque.com\/cd\/index.php?rest_route=\/wp\/v2\/posts"}],"about":[{"href":"https:\/\/noticiasemdestaque.com\/cd\/index.php?rest_route=\/wp\/v2\/types\/post"}],"author":[{"embeddable":true,"href":"https:\/\/noticiasemdestaque.com\/cd\/index.php?rest_route=\/wp\/v2\/users\/2"}],"replies":[{"embeddable":true,"href":"https:\/\/noticiasemdestaque.com\/cd\/index.php?rest_route=%2Fwp%2Fv2%2Fcomments&post=3808"}],"version-history":[{"count":1,"href":"https:\/\/noticiasemdestaque.com\/cd\/index.php?rest_route=\/wp\/v2\/posts\/3808\/revisions"}],"predecessor-version":[{"id":3810,"href":"https:\/\/noticiasemdestaque.com\/cd\/index.php?rest_route=\/wp\/v2\/posts\/3808\/revisions\/3810"}],"wp:featuredmedia":[{"embeddable":true,"href":"https:\/\/noticiasemdestaque.com\/cd\/index.php?rest_route=\/wp\/v2\/media\/3809"}],"wp:attachment":[{"href":"https:\/\/noticiasemdestaque.com\/cd\/index.php?rest_route=%2Fwp%2Fv2%2Fmedia&parent=3808"}],"wp:term":[{"taxonomy":"category","embeddable":true,"href":"https:\/\/noticiasemdestaque.com\/cd\/index.php?rest_route=%2Fwp%2Fv2%2Fcategories&post=3808"},{"taxonomy":"post_tag","embeddable":true,"href":"https:\/\/noticiasemdestaque.com\/cd\/index.php?rest_route=%2Fwp%2Fv2%2Ftags&post=3808"}],"curies":[{"name":"wp","href":"https:\/\/api.w.org\/{rel}","templated":true}]}}