{"id":3802,"date":"2017-08-30T07:17:06","date_gmt":"2017-08-30T10:17:06","guid":{"rendered":"http:\/\/caririemdestaque.com\/cd\/?p=3802"},"modified":"2017-08-30T07:17:06","modified_gmt":"2017-08-30T10:17:06","slug":"pauta-do-tce-para-esta-quarta-feira-tem-contas-de-oito-prefeituras-e-17-camaras-municipais","status":"publish","type":"post","link":"https:\/\/noticiasemdestaque.com\/cd\/?p=3802","title":{"rendered":"Pauta do TCE para esta quarta-feira tem contas de oito Prefeituras e 17 C\u00e2maras Municipais"},"content":{"rendered":"<p><a href=\"http:\/\/caririemdestaque.com\/cd\/wp-content\/uploads\/2017\/08\/TCE-300x199-1.jpg\"><img fetchpriority=\"high\" decoding=\"async\" class=\"wp-image-3803 size-medium alignleft\" src=\"http:\/\/caririemdestaque.com\/cd\/wp-content\/uploads\/2017\/08\/TCE-300x199-1-300x199.jpg\" alt=\"\" width=\"300\" height=\"199\" \/><\/a>Contas anuais oriundas de oito Prefeituras e 17 C\u00e2maras de Vereadores comp\u00f5em, em meio a outros processos, a pauta de julgamentos do Tribunal de Contas do Estado para esta quarta-feira (30).<\/p>\n<p>O TCE verificar\u00e1, na ocasi\u00e3o, as presta\u00e7\u00f5es de contas dos atuais prefeitos de Curral Velho (Joaquim Alves Barbosa Filho, exerc\u00edcio de 2015) e Matinhas (Maria de F\u00e1tima Silva, 2013). Tamb\u00e9m, as contas de 2015 dos ex-prefeitos de Areial (C\u00edcero Pedro Meda de Almeida), Santana de Mangueira (T\u00e2nia Mangueira Nit\u00e3o Nic\u00e1cio), Coremas (Antonio Carlos Cavalcante Lopes), Duas Estradas (Edson Gomes Luna) e Santa Cruz (Raimundo Antunes Batista). A ex-prefeita do Conde (Tatiana Lundgren Correa de Oliveira) ter\u00e1 o julgamento das contas de 2013.<\/p>\n<p>As C\u00e2maras Municipais com presta\u00e7\u00f5es de contas na pauta do TCE s\u00e3o as de Ibiara, Santa In\u00eas, Cuit\u00e9 de Mamanguape, Pedro R\u00e9gis, Camala\u00fa, Matinhas, S\u00e3o Bentinho Cacimba de Areia, Vista Serrana, S\u00e3o Jos\u00e9 do Bonfim, S\u00e3o Francisco, Natuba, Ten\u00f3rio, Pedra Lavrada, S\u00e3o Vicente do Serid\u00f3 e Arara, todas referentes a 2016. A C\u00e2mara de S\u00e3o Sebasti\u00e3o do Umbuzeiro tem na pauta de julgamentos as contas de 2015.<\/p>\n<p>Da mesma pauta ainda consta a Auditoria Operacional que, sob a relatoria do conselheiro Arn\u00f3bio Viana, avaliar\u00e1 a qualidade e disponibilidade das instala\u00e7\u00f5es e equipamentos das redes estadual e municipais de Ensino Fundamental.<\/p>\n<p>Pauta da Sess\u00e3o\u00a0 <a href=\"https:\/\/portal.tce.pb.gov.br\/servicos\/tribunal-pleno-sessao-ordinaria\/\">AQUI<\/a>.<\/p>\n<p>Ascom\/ TCE-PB<\/p>\n","protected":false},"excerpt":{"rendered":"<p>Contas anuais oriundas de oito Prefeituras e 17 C\u00e2maras de Vereadores comp\u00f5em, em meio a outros processos, a pauta de julgamentos do Tribunal de Contas do Estado para esta quarta-feira (30). O TCE verificar\u00e1, na ocasi\u00e3o, as presta\u00e7\u00f5es de contas dos atuais prefeitos de Curral Velho (Joaquim Alves Barbosa Filho, exerc\u00edcio de 2015) e Matinhas (Maria de F\u00e1tima Silva, 2013). Tamb\u00e9m, as contas de 2015 dos ex-prefeitos de Areial (C\u00edcero Pedro Meda de Almeida), Santana de Mangueira (T\u00e2nia Mangueira Nit\u00e3o Nic\u00e1cio), Coremas (Antonio Carlos Cavalcante Lopes), Duas Estradas (Edson Gomes Luna) e Santa Cruz (Raimundo Antunes Batista). A ex-prefeita do Conde (Tatiana Lundgren Correa de Oliveira) ter\u00e1 o julgamento das contas de 2013. As C\u00e2maras Municipais com presta\u00e7\u00f5es de contas na pauta do TCE s\u00e3o as de Ibiara, Santa In\u00eas, Cuit\u00e9 de Mamanguape, Pedro R\u00e9gis, Camala\u00fa, Matinhas, S\u00e3o Bentinho Cacimba de Areia, Vista Serrana, S\u00e3o Jos\u00e9 do Bonfim, S\u00e3o Francisco, Natuba, Ten\u00f3rio, Pedra Lavrada, S\u00e3o Vicente do Serid\u00f3 e Arara, todas referentes a 2016. A C\u00e2mara de S\u00e3o Sebasti\u00e3o do Umbuzeiro tem na pauta de julgamentos as contas de 2015. Da mesma pauta ainda consta a Auditoria Operacional que, sob a relatoria do conselheiro Arn\u00f3bio Viana, avaliar\u00e1 a qualidade e disponibilidade das instala\u00e7\u00f5es e equipamentos das redes estadual e municipais de Ensino Fundamental. Pauta da Sess\u00e3o\u00a0 AQUI. Ascom\/ TCE-PB<\/p>\n","protected":false},"author":2,"featured_media":0,"comment_status":"closed","ping_status":"open","sticky":false,"template":"","format":"standard","meta":{"_eb_attr":"","_jetpack_memberships_contains_paid_content":false,"footnotes":""},"categories":[4],"tags":[],"class_list":["post-3802","post","type-post","status-publish","format-standard","hentry","category-politica"],"yoast_head":"<!-- This site is optimized with the Yoast SEO plugin v26.5 - https:\/\/yoast.com\/wordpress\/plugins\/seo\/ -->\n<title>Pauta do TCE para esta quarta-feira tem contas de oito Prefeituras e 17 C\u00e2maras Municipais - Not&iacute;cias em Destaque<\/title>\n<meta name=\"robots\" content=\"index, follow, max-snippet:-1, max-image-preview:large, max-video-preview:-1\" \/>\n<link rel=\"canonical\" href=\"https:\/\/noticiasemdestaque.com\/cd\/?p=3802\" \/>\n<meta property=\"og:locale\" content=\"pt_BR\" \/>\n<meta property=\"og:type\" content=\"article\" \/>\n<meta property=\"og:title\" content=\"Pauta do TCE para esta quarta-feira tem contas de oito Prefeituras e 17 C\u00e2maras Municipais - Not&iacute;cias em Destaque\" \/>\n<meta property=\"og:description\" content=\"Contas anuais oriundas de oito Prefeituras e 17 C\u00e2maras de Vereadores comp\u00f5em, em meio a outros processos, a pauta de julgamentos do Tribunal de Contas do Estado para esta quarta-feira (30). O TCE verificar\u00e1, na ocasi\u00e3o, as presta\u00e7\u00f5es de contas dos atuais prefeitos de Curral Velho (Joaquim Alves Barbosa Filho, exerc\u00edcio de 2015) e Matinhas (Maria de F\u00e1tima Silva, 2013). Tamb\u00e9m, as contas de 2015 dos ex-prefeitos de Areial (C\u00edcero Pedro Meda de Almeida), Santana de Mangueira (T\u00e2nia Mangueira Nit\u00e3o Nic\u00e1cio), Coremas (Antonio Carlos Cavalcante Lopes), Duas Estradas (Edson Gomes Luna) e Santa Cruz (Raimundo Antunes Batista). A ex-prefeita do Conde (Tatiana Lundgren Correa de Oliveira) ter\u00e1 o julgamento das contas de 2013. As C\u00e2maras Municipais com presta\u00e7\u00f5es de contas na pauta do TCE s\u00e3o as de Ibiara, Santa In\u00eas, Cuit\u00e9 de Mamanguape, Pedro R\u00e9gis, Camala\u00fa, Matinhas, S\u00e3o Bentinho Cacimba de Areia, Vista Serrana, S\u00e3o Jos\u00e9 do Bonfim, S\u00e3o Francisco, Natuba, Ten\u00f3rio, Pedra Lavrada, S\u00e3o Vicente do Serid\u00f3 e Arara, todas referentes a 2016. A C\u00e2mara de S\u00e3o Sebasti\u00e3o do Umbuzeiro tem na pauta de julgamentos as contas de 2015. Da mesma pauta ainda consta a Auditoria Operacional que, sob a relatoria do conselheiro Arn\u00f3bio Viana, avaliar\u00e1 a qualidade e disponibilidade das instala\u00e7\u00f5es e equipamentos das redes estadual e municipais de Ensino Fundamental. Pauta da Sess\u00e3o\u00a0 AQUI. Ascom\/ TCE-PB\" \/>\n<meta property=\"og:url\" content=\"https:\/\/noticiasemdestaque.com\/cd\/?p=3802\" \/>\n<meta property=\"og:site_name\" content=\"Not&iacute;cias em Destaque\" \/>\n<meta property=\"article:published_time\" content=\"2017-08-30T10:17:06+00:00\" \/>\n<meta property=\"og:image\" content=\"http:\/\/caririemdestaque.com\/cd\/wp-content\/uploads\/2017\/08\/TCE-300x199-1-300x199.jpg\" \/>\n<meta name=\"author\" content=\"Not\u00edcias em Destaque\" \/>\n<meta name=\"twitter:card\" content=\"summary_large_image\" \/>\n<meta name=\"twitter:label1\" content=\"Escrito por\" \/>\n\t<meta name=\"twitter:data1\" content=\"Not\u00edcias em Destaque\" \/>\n\t<meta name=\"twitter:label2\" content=\"Est. tempo de leitura\" \/>\n\t<meta name=\"twitter:data2\" content=\"1 minuto\" \/>\n<script type=\"application\/ld+json\" class=\"yoast-schema-graph\">{\"@context\":\"https:\/\/schema.org\",\"@graph\":[{\"@type\":\"Article\",\"@id\":\"https:\/\/noticiasemdestaque.com\/cd\/?p=3802#article\",\"isPartOf\":{\"@id\":\"https:\/\/noticiasemdestaque.com\/cd\/?p=3802\"},\"author\":{\"name\":\"Not\u00edcias em Destaque\",\"@id\":\"https:\/\/noticiasemdestaque.com\/cd\/#\/schema\/person\/21320b03a7e8bb90128938dafc9b908a\"},\"headline\":\"Pauta do TCE para esta quarta-feira tem contas de oito Prefeituras e 17 C\u00e2maras Municipais\",\"datePublished\":\"2017-08-30T10:17:06+00:00\",\"mainEntityOfPage\":{\"@id\":\"https:\/\/noticiasemdestaque.com\/cd\/?p=3802\"},\"wordCount\":253,\"publisher\":{\"@id\":\"https:\/\/noticiasemdestaque.com\/cd\/#organization\"},\"image\":{\"@id\":\"https:\/\/noticiasemdestaque.com\/cd\/?p=3802#primaryimage\"},\"thumbnailUrl\":\"http:\/\/caririemdestaque.com\/cd\/wp-content\/uploads\/2017\/08\/TCE-300x199-1-300x199.jpg\",\"articleSection\":[\"Pol\u00edtica\"],\"inLanguage\":\"pt-BR\"},{\"@type\":\"WebPage\",\"@id\":\"https:\/\/noticiasemdestaque.com\/cd\/?p=3802\",\"url\":\"https:\/\/noticiasemdestaque.com\/cd\/?p=3802\",\"name\":\"Pauta do TCE para esta quarta-feira tem contas de oito Prefeituras e 17 C\u00e2maras Municipais - Not&iacute;cias em Destaque\",\"isPartOf\":{\"@id\":\"https:\/\/noticiasemdestaque.com\/cd\/#website\"},\"primaryImageOfPage\":{\"@id\":\"https:\/\/noticiasemdestaque.com\/cd\/?p=3802#primaryimage\"},\"image\":{\"@id\":\"https:\/\/noticiasemdestaque.com\/cd\/?p=3802#primaryimage\"},\"thumbnailUrl\":\"http:\/\/caririemdestaque.com\/cd\/wp-content\/uploads\/2017\/08\/TCE-300x199-1-300x199.jpg\",\"datePublished\":\"2017-08-30T10:17:06+00:00\",\"breadcrumb\":{\"@id\":\"https:\/\/noticiasemdestaque.com\/cd\/?p=3802#breadcrumb\"},\"inLanguage\":\"pt-BR\",\"potentialAction\":[{\"@type\":\"ReadAction\",\"target\":[\"https:\/\/noticiasemdestaque.com\/cd\/?p=3802\"]}]},{\"@type\":\"ImageObject\",\"inLanguage\":\"pt-BR\",\"@id\":\"https:\/\/noticiasemdestaque.com\/cd\/?p=3802#primaryimage\",\"url\":\"http:\/\/caririemdestaque.com\/cd\/wp-content\/uploads\/2017\/08\/TCE-300x199-1-300x199.jpg\",\"contentUrl\":\"http:\/\/caririemdestaque.com\/cd\/wp-content\/uploads\/2017\/08\/TCE-300x199-1-300x199.jpg\"},{\"@type\":\"BreadcrumbList\",\"@id\":\"https:\/\/noticiasemdestaque.com\/cd\/?p=3802#breadcrumb\",\"itemListElement\":[{\"@type\":\"ListItem\",\"position\":1,\"name\":\"In\u00edcio\",\"item\":\"https:\/\/noticiasemdestaque.com\/cd\/\"},{\"@type\":\"ListItem\",\"position\":2,\"name\":\"Pauta do TCE para esta quarta-feira tem contas de oito Prefeituras e 17 C\u00e2maras Municipais\"}]},{\"@type\":\"WebSite\",\"@id\":\"https:\/\/noticiasemdestaque.com\/cd\/#website\",\"url\":\"https:\/\/noticiasemdestaque.com\/cd\/\",\"name\":\"Not&iacute;cias em Destaque\",\"description\":\"\",\"publisher\":{\"@id\":\"https:\/\/noticiasemdestaque.com\/cd\/#organization\"},\"potentialAction\":[{\"@type\":\"SearchAction\",\"target\":{\"@type\":\"EntryPoint\",\"urlTemplate\":\"https:\/\/noticiasemdestaque.com\/cd\/?s={search_term_string}\"},\"query-input\":{\"@type\":\"PropertyValueSpecification\",\"valueRequired\":true,\"valueName\":\"search_term_string\"}}],\"inLanguage\":\"pt-BR\"},{\"@type\":\"Organization\",\"@id\":\"https:\/\/noticiasemdestaque.com\/cd\/#organization\",\"name\":\"Not\u00edcias em Destaque\",\"url\":\"https:\/\/noticiasemdestaque.com\/cd\/\",\"logo\":{\"@type\":\"ImageObject\",\"inLanguage\":\"pt-BR\",\"@id\":\"https:\/\/noticiasemdestaque.com\/cd\/#\/schema\/logo\/image\/\",\"url\":\"https:\/\/noticiasemdestaque.com\/cd\/wp-content\/uploads\/2022\/05\/imagem-base-noticiasemdestaque.png\",\"contentUrl\":\"https:\/\/noticiasemdestaque.com\/cd\/wp-content\/uploads\/2022\/05\/imagem-base-noticiasemdestaque.png\",\"width\":1200,\"height\":630,\"caption\":\"Not\u00edcias em Destaque\"},\"image\":{\"@id\":\"https:\/\/noticiasemdestaque.com\/cd\/#\/schema\/logo\/image\/\"}},{\"@type\":\"Person\",\"@id\":\"https:\/\/noticiasemdestaque.com\/cd\/#\/schema\/person\/21320b03a7e8bb90128938dafc9b908a\",\"name\":\"Not\u00edcias em Destaque\",\"url\":\"https:\/\/noticiasemdestaque.com\/cd\/?author=2\"}]}<\/script>\n<!-- \/ Yoast SEO plugin. -->","yoast_head_json":{"title":"Pauta do TCE para esta quarta-feira tem contas de oito Prefeituras e 17 C\u00e2maras Municipais - Not&iacute;cias em Destaque","robots":{"index":"index","follow":"follow","max-snippet":"max-snippet:-1","max-image-preview":"max-image-preview:large","max-video-preview":"max-video-preview:-1"},"canonical":"https:\/\/noticiasemdestaque.com\/cd\/?p=3802","og_locale":"pt_BR","og_type":"article","og_title":"Pauta do TCE para esta quarta-feira tem contas de oito Prefeituras e 17 C\u00e2maras Municipais - Not&iacute;cias em Destaque","og_description":"Contas anuais oriundas de oito Prefeituras e 17 C\u00e2maras de Vereadores comp\u00f5em, em meio a outros processos, a pauta de julgamentos do Tribunal de Contas do Estado para esta quarta-feira (30). O TCE verificar\u00e1, na ocasi\u00e3o, as presta\u00e7\u00f5es de contas dos atuais prefeitos de Curral Velho (Joaquim Alves Barbosa Filho, exerc\u00edcio de 2015) e Matinhas (Maria de F\u00e1tima Silva, 2013). Tamb\u00e9m, as contas de 2015 dos ex-prefeitos de Areial (C\u00edcero Pedro Meda de Almeida), Santana de Mangueira (T\u00e2nia Mangueira Nit\u00e3o Nic\u00e1cio), Coremas (Antonio Carlos Cavalcante Lopes), Duas Estradas (Edson Gomes Luna) e Santa Cruz (Raimundo Antunes Batista). A ex-prefeita do Conde (Tatiana Lundgren Correa de Oliveira) ter\u00e1 o julgamento das contas de 2013. As C\u00e2maras Municipais com presta\u00e7\u00f5es de contas na pauta do TCE s\u00e3o as de Ibiara, Santa In\u00eas, Cuit\u00e9 de Mamanguape, Pedro R\u00e9gis, Camala\u00fa, Matinhas, S\u00e3o Bentinho Cacimba de Areia, Vista Serrana, S\u00e3o Jos\u00e9 do Bonfim, S\u00e3o Francisco, Natuba, Ten\u00f3rio, Pedra Lavrada, S\u00e3o Vicente do Serid\u00f3 e Arara, todas referentes a 2016. A C\u00e2mara de S\u00e3o Sebasti\u00e3o do Umbuzeiro tem na pauta de julgamentos as contas de 2015. Da mesma pauta ainda consta a Auditoria Operacional que, sob a relatoria do conselheiro Arn\u00f3bio Viana, avaliar\u00e1 a qualidade e disponibilidade das instala\u00e7\u00f5es e equipamentos das redes estadual e municipais de Ensino Fundamental. Pauta da Sess\u00e3o\u00a0 AQUI. Ascom\/ TCE-PB","og_url":"https:\/\/noticiasemdestaque.com\/cd\/?p=3802","og_site_name":"Not&iacute;cias em Destaque","article_published_time":"2017-08-30T10:17:06+00:00","og_image":[{"url":"http:\/\/caririemdestaque.com\/cd\/wp-content\/uploads\/2017\/08\/TCE-300x199-1-300x199.jpg","type":"","width":"","height":""}],"author":"Not\u00edcias em Destaque","twitter_card":"summary_large_image","twitter_misc":{"Escrito por":"Not\u00edcias em Destaque","Est. tempo de leitura":"1 minuto"},"schema":{"@context":"https:\/\/schema.org","@graph":[{"@type":"Article","@id":"https:\/\/noticiasemdestaque.com\/cd\/?p=3802#article","isPartOf":{"@id":"https:\/\/noticiasemdestaque.com\/cd\/?p=3802"},"author":{"name":"Not\u00edcias em Destaque","@id":"https:\/\/noticiasemdestaque.com\/cd\/#\/schema\/person\/21320b03a7e8bb90128938dafc9b908a"},"headline":"Pauta do TCE para esta quarta-feira tem contas de oito Prefeituras e 17 C\u00e2maras Municipais","datePublished":"2017-08-30T10:17:06+00:00","mainEntityOfPage":{"@id":"https:\/\/noticiasemdestaque.com\/cd\/?p=3802"},"wordCount":253,"publisher":{"@id":"https:\/\/noticiasemdestaque.com\/cd\/#organization"},"image":{"@id":"https:\/\/noticiasemdestaque.com\/cd\/?p=3802#primaryimage"},"thumbnailUrl":"http:\/\/caririemdestaque.com\/cd\/wp-content\/uploads\/2017\/08\/TCE-300x199-1-300x199.jpg","articleSection":["Pol\u00edtica"],"inLanguage":"pt-BR"},{"@type":"WebPage","@id":"https:\/\/noticiasemdestaque.com\/cd\/?p=3802","url":"https:\/\/noticiasemdestaque.com\/cd\/?p=3802","name":"Pauta do TCE para esta quarta-feira tem contas de oito Prefeituras e 17 C\u00e2maras Municipais - Not&iacute;cias em Destaque","isPartOf":{"@id":"https:\/\/noticiasemdestaque.com\/cd\/#website"},"primaryImageOfPage":{"@id":"https:\/\/noticiasemdestaque.com\/cd\/?p=3802#primaryimage"},"image":{"@id":"https:\/\/noticiasemdestaque.com\/cd\/?p=3802#primaryimage"},"thumbnailUrl":"http:\/\/caririemdestaque.com\/cd\/wp-content\/uploads\/2017\/08\/TCE-300x199-1-300x199.jpg","datePublished":"2017-08-30T10:17:06+00:00","breadcrumb":{"@id":"https:\/\/noticiasemdestaque.com\/cd\/?p=3802#breadcrumb"},"inLanguage":"pt-BR","potentialAction":[{"@type":"ReadAction","target":["https:\/\/noticiasemdestaque.com\/cd\/?p=3802"]}]},{"@type":"ImageObject","inLanguage":"pt-BR","@id":"https:\/\/noticiasemdestaque.com\/cd\/?p=3802#primaryimage","url":"http:\/\/caririemdestaque.com\/cd\/wp-content\/uploads\/2017\/08\/TCE-300x199-1-300x199.jpg","contentUrl":"http:\/\/caririemdestaque.com\/cd\/wp-content\/uploads\/2017\/08\/TCE-300x199-1-300x199.jpg"},{"@type":"BreadcrumbList","@id":"https:\/\/noticiasemdestaque.com\/cd\/?p=3802#breadcrumb","itemListElement":[{"@type":"ListItem","position":1,"name":"In\u00edcio","item":"https:\/\/noticiasemdestaque.com\/cd\/"},{"@type":"ListItem","position":2,"name":"Pauta do TCE para esta quarta-feira tem contas de oito Prefeituras e 17 C\u00e2maras Municipais"}]},{"@type":"WebSite","@id":"https:\/\/noticiasemdestaque.com\/cd\/#website","url":"https:\/\/noticiasemdestaque.com\/cd\/","name":"Not&iacute;cias em Destaque","description":"","publisher":{"@id":"https:\/\/noticiasemdestaque.com\/cd\/#organization"},"potentialAction":[{"@type":"SearchAction","target":{"@type":"EntryPoint","urlTemplate":"https:\/\/noticiasemdestaque.com\/cd\/?s={search_term_string}"},"query-input":{"@type":"PropertyValueSpecification","valueRequired":true,"valueName":"search_term_string"}}],"inLanguage":"pt-BR"},{"@type":"Organization","@id":"https:\/\/noticiasemdestaque.com\/cd\/#organization","name":"Not\u00edcias em Destaque","url":"https:\/\/noticiasemdestaque.com\/cd\/","logo":{"@type":"ImageObject","inLanguage":"pt-BR","@id":"https:\/\/noticiasemdestaque.com\/cd\/#\/schema\/logo\/image\/","url":"https:\/\/noticiasemdestaque.com\/cd\/wp-content\/uploads\/2022\/05\/imagem-base-noticiasemdestaque.png","contentUrl":"https:\/\/noticiasemdestaque.com\/cd\/wp-content\/uploads\/2022\/05\/imagem-base-noticiasemdestaque.png","width":1200,"height":630,"caption":"Not\u00edcias em Destaque"},"image":{"@id":"https:\/\/noticiasemdestaque.com\/cd\/#\/schema\/logo\/image\/"}},{"@type":"Person","@id":"https:\/\/noticiasemdestaque.com\/cd\/#\/schema\/person\/21320b03a7e8bb90128938dafc9b908a","name":"Not\u00edcias em Destaque","url":"https:\/\/noticiasemdestaque.com\/cd\/?author=2"}]}},"jetpack_featured_media_url":"","jetpack_sharing_enabled":true,"_links":{"self":[{"href":"https:\/\/noticiasemdestaque.com\/cd\/index.php?rest_route=\/wp\/v2\/posts\/3802","targetHints":{"allow":["GET"]}}],"collection":[{"href":"https:\/\/noticiasemdestaque.com\/cd\/index.php?rest_route=\/wp\/v2\/posts"}],"about":[{"href":"https:\/\/noticiasemdestaque.com\/cd\/index.php?rest_route=\/wp\/v2\/types\/post"}],"author":[{"embeddable":true,"href":"https:\/\/noticiasemdestaque.com\/cd\/index.php?rest_route=\/wp\/v2\/users\/2"}],"replies":[{"embeddable":true,"href":"https:\/\/noticiasemdestaque.com\/cd\/index.php?rest_route=%2Fwp%2Fv2%2Fcomments&post=3802"}],"version-history":[{"count":1,"href":"https:\/\/noticiasemdestaque.com\/cd\/index.php?rest_route=\/wp\/v2\/posts\/3802\/revisions"}],"predecessor-version":[{"id":3804,"href":"https:\/\/noticiasemdestaque.com\/cd\/index.php?rest_route=\/wp\/v2\/posts\/3802\/revisions\/3804"}],"wp:attachment":[{"href":"https:\/\/noticiasemdestaque.com\/cd\/index.php?rest_route=%2Fwp%2Fv2%2Fmedia&parent=3802"}],"wp:term":[{"taxonomy":"category","embeddable":true,"href":"https:\/\/noticiasemdestaque.com\/cd\/index.php?rest_route=%2Fwp%2Fv2%2Fcategories&post=3802"},{"taxonomy":"post_tag","embeddable":true,"href":"https:\/\/noticiasemdestaque.com\/cd\/index.php?rest_route=%2Fwp%2Fv2%2Ftags&post=3802"}],"curies":[{"name":"wp","href":"https:\/\/api.w.org\/{rel}","templated":true}]}}