{"id":37897,"date":"2022-04-05T16:56:57","date_gmt":"2022-04-05T19:56:57","guid":{"rendered":"http:\/\/noticiasemdestaque.com\/cd\/?p=37897"},"modified":"2022-04-05T16:56:57","modified_gmt":"2022-04-05T19:56:57","slug":"secretaria-de-saude-de-monteiro-inicia-campanha-de-vacinacao-contra-sarampo-e-influenza","status":"publish","type":"post","link":"https:\/\/noticiasemdestaque.com\/cd\/?p=37897","title":{"rendered":"Secretaria de Sa\u00fade de Monteiro inicia Campanha de Vacina\u00e7\u00e3o contra Sarampo e Influenza"},"content":{"rendered":"<figure id=\"attachment_14136\" aria-describedby=\"caption-attachment-14136\" style=\"width: 300px\" class=\"wp-caption alignleft\"><a href=\"https:\/\/noticiasemdestaque.com\/cd\/wp-content\/uploads\/2018\/11\/edit_mcmgo_abr20180818_1356.jpg\"><img fetchpriority=\"high\" decoding=\"async\" class=\"size-medium wp-image-14136\" src=\"https:\/\/noticiasemdestaque.com\/cd\/wp-content\/uploads\/2018\/11\/edit_mcmgo_abr20180818_1356-300x200.jpg\" alt=\"\" width=\"300\" height=\"200\" srcset=\"https:\/\/noticiasemdestaque.com\/cd\/wp-content\/uploads\/2018\/11\/edit_mcmgo_abr20180818_1356-300x200.jpg 300w, https:\/\/noticiasemdestaque.com\/cd\/wp-content\/uploads\/2018\/11\/edit_mcmgo_abr20180818_1356-480x320.jpg 480w, https:\/\/noticiasemdestaque.com\/cd\/wp-content\/uploads\/2018\/11\/edit_mcmgo_abr20180818_1356.jpg 754w\" sizes=\"(max-width: 300px) 100vw, 300px\" \/><\/a><figcaption id=\"caption-attachment-14136\" class=\"wp-caption-text\">Dia D de mobiliza\u00e7\u00e3o da Campanha Nacional de Vacina\u00e7\u00e3o contra a Poliomielite e Sarampo.<\/figcaption><\/figure>\n<p>A Secretaria de Sa\u00fade de Monteiro, atrav\u00e9s do Setor de Imuniza\u00e7\u00e3o, iniciou nesta segunda-feira (4) a campanha de vacina\u00e7\u00e3o contra o sarampo e a influenza no munic\u00edpio. A vacina\u00e7\u00e3o ocorre por etapas definidas pelo Minist\u00e9rio da Sa\u00fade em todas as Unidades de Sa\u00fade.<\/p>\n<p>Em Monteiro, a vacina\u00e7\u00e3o contra a gripe vai atender inicialmente idosos a partir de 80 anos e trabalhadores da \u00e1rea de sa\u00fade. J\u00e1 a imuniza\u00e7\u00e3o contra o sarampo vai atender inicialmente \u00a0trabalhadores de sa\u00fade, de acordo com a Secretaria Municipal de Sa\u00fade. A campanha segue at\u00e9 o dia 3 de junho.<\/p>\n<p>Campanhas de vacina\u00e7\u00e3o contra o sarampo e influenza em Monteiro:<\/p>\n<p>Sarampo:<\/p>\n<p>Primeira etapa (De 4 de abril a 2 de maio): vacina\u00e7\u00e3o dos trabalhadores da sa\u00fade \u2013 juntamente com a primeira etapa da vacina\u00e7\u00e3o contra influenza;<\/p>\n<p>Segunda etapa (De 3 de maio a 3 de junho): campanha de seguimento contra o sarampo para crian\u00e7as de 6 meses a menores de 5 anos (4 anos, 11 meses e 29 dias) \u2013 juntamente com a segunda etapa da vacina\u00e7\u00e3o contra influenza.<\/p>\n<p>Influenza:<\/p>\n<p>Primeira etapa (entre os dias 04 de abril e 05 de maio): Idosos com 60 anos ou \u00a0mais; Trabalhadores da sa\u00fade.<\/p>\n<p>Segunda etapa (entre os dias 03 de maio e 03 de junho): Crian\u00e7as de 06 meses a menos de 05 anos; Gestantes; Pu\u00e9rperas; Povos ind\u00edgenas; Professores; Comorbidades; Pessoas com defici\u00eancia permanente; Caminhoneiros; Trabalhadores de transporte coletivo; Trabalhadores portu\u00e1rios; For\u00e7as de seguran\u00e7a e salvamento; For\u00e7as armadas; Funcion\u00e1rios do sistema prisional; Popula\u00e7\u00e3o privada de liberdade.<\/p>\n","protected":false},"excerpt":{"rendered":"<p>A Secretaria de Sa\u00fade de Monteiro, atrav\u00e9s do Setor de Imuniza\u00e7\u00e3o, iniciou nesta segunda-feira (4) a campanha de vacina\u00e7\u00e3o contra o sarampo e a influenza no munic\u00edpio. A vacina\u00e7\u00e3o ocorre por etapas definidas pelo Minist\u00e9rio da Sa\u00fade em todas as Unidades de Sa\u00fade. Em Monteiro, a vacina\u00e7\u00e3o contra a gripe vai atender inicialmente idosos a partir de 80 anos e trabalhadores da \u00e1rea de sa\u00fade. J\u00e1 a imuniza\u00e7\u00e3o contra o sarampo vai atender inicialmente \u00a0trabalhadores de sa\u00fade, de acordo com a Secretaria Municipal de Sa\u00fade. A campanha segue at\u00e9 o dia 3 de junho. Campanhas de vacina\u00e7\u00e3o contra o sarampo e influenza em Monteiro: Sarampo: Primeira etapa (De 4 de abril a 2 de maio): vacina\u00e7\u00e3o dos trabalhadores da sa\u00fade \u2013 juntamente com a primeira etapa da vacina\u00e7\u00e3o contra influenza; Segunda etapa (De 3 de maio a 3 de junho): campanha de seguimento contra o sarampo para crian\u00e7as de 6 meses a menores de 5 anos (4 anos, 11 meses e 29 dias) \u2013 juntamente com a segunda etapa da vacina\u00e7\u00e3o contra influenza. Influenza: Primeira etapa (entre os dias 04 de abril e 05 de maio): Idosos com 60 anos ou \u00a0mais; Trabalhadores da sa\u00fade. Segunda etapa (entre os dias 03 de maio e 03 de junho): Crian\u00e7as de 06 meses a menos de 05 anos; Gestantes; Pu\u00e9rperas; Povos ind\u00edgenas; Professores; Comorbidades; Pessoas com defici\u00eancia permanente; Caminhoneiros; Trabalhadores de transporte coletivo; Trabalhadores portu\u00e1rios; For\u00e7as de seguran\u00e7a e salvamento; For\u00e7as armadas; Funcion\u00e1rios do sistema prisional; Popula\u00e7\u00e3o privada de liberdade.<\/p>\n","protected":false},"author":2,"featured_media":14136,"comment_status":"closed","ping_status":"open","sticky":false,"template":"","format":"standard","meta":{"_eb_attr":"","_jetpack_memberships_contains_paid_content":false,"footnotes":""},"categories":[12],"tags":[],"class_list":["post-37897","post","type-post","status-publish","format-standard","has-post-thumbnail","hentry","category-geral"],"yoast_head":"<!-- This site is optimized with the Yoast SEO plugin v26.5 - https:\/\/yoast.com\/wordpress\/plugins\/seo\/ -->\n<title>Secretaria de Sa\u00fade de Monteiro inicia Campanha de Vacina\u00e7\u00e3o contra Sarampo e Influenza - Not&iacute;cias em Destaque<\/title>\n<meta name=\"robots\" content=\"index, follow, max-snippet:-1, max-image-preview:large, max-video-preview:-1\" \/>\n<link rel=\"canonical\" href=\"https:\/\/noticiasemdestaque.com\/cd\/?p=37897\" \/>\n<meta property=\"og:locale\" content=\"pt_BR\" \/>\n<meta property=\"og:type\" content=\"article\" \/>\n<meta property=\"og:title\" content=\"Secretaria de Sa\u00fade de Monteiro inicia Campanha de Vacina\u00e7\u00e3o contra Sarampo e Influenza - Not&iacute;cias em Destaque\" \/>\n<meta property=\"og:description\" content=\"A Secretaria de Sa\u00fade de Monteiro, atrav\u00e9s do Setor de Imuniza\u00e7\u00e3o, iniciou nesta segunda-feira (4) a campanha de vacina\u00e7\u00e3o contra o sarampo e a influenza no munic\u00edpio. A vacina\u00e7\u00e3o ocorre por etapas definidas pelo Minist\u00e9rio da Sa\u00fade em todas as Unidades de Sa\u00fade. Em Monteiro, a vacina\u00e7\u00e3o contra a gripe vai atender inicialmente idosos a partir de 80 anos e trabalhadores da \u00e1rea de sa\u00fade. J\u00e1 a imuniza\u00e7\u00e3o contra o sarampo vai atender inicialmente \u00a0trabalhadores de sa\u00fade, de acordo com a Secretaria Municipal de Sa\u00fade. A campanha segue at\u00e9 o dia 3 de junho. Campanhas de vacina\u00e7\u00e3o contra o sarampo e influenza em Monteiro: Sarampo: Primeira etapa (De 4 de abril a 2 de maio): vacina\u00e7\u00e3o dos trabalhadores da sa\u00fade \u2013 juntamente com a primeira etapa da vacina\u00e7\u00e3o contra influenza; Segunda etapa (De 3 de maio a 3 de junho): campanha de seguimento contra o sarampo para crian\u00e7as de 6 meses a menores de 5 anos (4 anos, 11 meses e 29 dias) \u2013 juntamente com a segunda etapa da vacina\u00e7\u00e3o contra influenza. Influenza: Primeira etapa (entre os dias 04 de abril e 05 de maio): Idosos com 60 anos ou \u00a0mais; Trabalhadores da sa\u00fade. Segunda etapa (entre os dias 03 de maio e 03 de junho): Crian\u00e7as de 06 meses a menos de 05 anos; Gestantes; Pu\u00e9rperas; Povos ind\u00edgenas; Professores; Comorbidades; Pessoas com defici\u00eancia permanente; Caminhoneiros; Trabalhadores de transporte coletivo; Trabalhadores portu\u00e1rios; For\u00e7as de seguran\u00e7a e salvamento; For\u00e7as armadas; Funcion\u00e1rios do sistema prisional; Popula\u00e7\u00e3o privada de liberdade.\" \/>\n<meta property=\"og:url\" content=\"https:\/\/noticiasemdestaque.com\/cd\/?p=37897\" \/>\n<meta property=\"og:site_name\" content=\"Not&iacute;cias em Destaque\" \/>\n<meta property=\"article:published_time\" content=\"2022-04-05T19:56:57+00:00\" \/>\n<meta property=\"og:image\" content=\"https:\/\/noticiasemdestaque.com\/cd\/wp-content\/uploads\/2018\/11\/edit_mcmgo_abr20180818_1356.jpg\" \/>\n\t<meta property=\"og:image:width\" content=\"754\" \/>\n\t<meta property=\"og:image:height\" content=\"503\" \/>\n\t<meta property=\"og:image:type\" content=\"image\/jpeg\" \/>\n<meta name=\"author\" content=\"Not\u00edcias em Destaque\" \/>\n<meta name=\"twitter:card\" content=\"summary_large_image\" \/>\n<meta name=\"twitter:label1\" content=\"Escrito por\" \/>\n\t<meta name=\"twitter:data1\" content=\"Not\u00edcias em Destaque\" \/>\n\t<meta name=\"twitter:label2\" content=\"Est. tempo de leitura\" \/>\n\t<meta name=\"twitter:data2\" content=\"1 minuto\" \/>\n<script type=\"application\/ld+json\" class=\"yoast-schema-graph\">{\"@context\":\"https:\/\/schema.org\",\"@graph\":[{\"@type\":\"Article\",\"@id\":\"https:\/\/noticiasemdestaque.com\/cd\/?p=37897#article\",\"isPartOf\":{\"@id\":\"https:\/\/noticiasemdestaque.com\/cd\/?p=37897\"},\"author\":{\"name\":\"Not\u00edcias em Destaque\",\"@id\":\"https:\/\/noticiasemdestaque.com\/cd\/#\/schema\/person\/9c05c6816b191977f47499b3494ace52\"},\"headline\":\"Secretaria de Sa\u00fade de Monteiro inicia Campanha de Vacina\u00e7\u00e3o contra Sarampo e Influenza\",\"datePublished\":\"2022-04-05T19:56:57+00:00\",\"mainEntityOfPage\":{\"@id\":\"https:\/\/noticiasemdestaque.com\/cd\/?p=37897\"},\"wordCount\":296,\"publisher\":{\"@id\":\"https:\/\/noticiasemdestaque.com\/cd\/#organization\"},\"image\":{\"@id\":\"https:\/\/noticiasemdestaque.com\/cd\/?p=37897#primaryimage\"},\"thumbnailUrl\":\"https:\/\/noticiasemdestaque.com\/cd\/wp-content\/uploads\/2018\/11\/edit_mcmgo_abr20180818_1356.jpg\",\"articleSection\":[\"Geral\"],\"inLanguage\":\"pt-BR\"},{\"@type\":\"WebPage\",\"@id\":\"https:\/\/noticiasemdestaque.com\/cd\/?p=37897\",\"url\":\"https:\/\/noticiasemdestaque.com\/cd\/?p=37897\",\"name\":\"Secretaria de Sa\u00fade de Monteiro inicia Campanha de Vacina\u00e7\u00e3o contra Sarampo e Influenza - Not&iacute;cias em Destaque\",\"isPartOf\":{\"@id\":\"https:\/\/noticiasemdestaque.com\/cd\/#website\"},\"primaryImageOfPage\":{\"@id\":\"https:\/\/noticiasemdestaque.com\/cd\/?p=37897#primaryimage\"},\"image\":{\"@id\":\"https:\/\/noticiasemdestaque.com\/cd\/?p=37897#primaryimage\"},\"thumbnailUrl\":\"https:\/\/noticiasemdestaque.com\/cd\/wp-content\/uploads\/2018\/11\/edit_mcmgo_abr20180818_1356.jpg\",\"datePublished\":\"2022-04-05T19:56:57+00:00\",\"breadcrumb\":{\"@id\":\"https:\/\/noticiasemdestaque.com\/cd\/?p=37897#breadcrumb\"},\"inLanguage\":\"pt-BR\",\"potentialAction\":[{\"@type\":\"ReadAction\",\"target\":[\"https:\/\/noticiasemdestaque.com\/cd\/?p=37897\"]}]},{\"@type\":\"ImageObject\",\"inLanguage\":\"pt-BR\",\"@id\":\"https:\/\/noticiasemdestaque.com\/cd\/?p=37897#primaryimage\",\"url\":\"https:\/\/noticiasemdestaque.com\/cd\/wp-content\/uploads\/2018\/11\/edit_mcmgo_abr20180818_1356.jpg\",\"contentUrl\":\"https:\/\/noticiasemdestaque.com\/cd\/wp-content\/uploads\/2018\/11\/edit_mcmgo_abr20180818_1356.jpg\",\"width\":754,\"height\":503,\"caption\":\"Dia D de mobiliza\u00e7\u00e3o da Campanha Nacional de Vacina\u00e7\u00e3o contra a Poliomielite e Sarampo.\"},{\"@type\":\"BreadcrumbList\",\"@id\":\"https:\/\/noticiasemdestaque.com\/cd\/?p=37897#breadcrumb\",\"itemListElement\":[{\"@type\":\"ListItem\",\"position\":1,\"name\":\"In\u00edcio\",\"item\":\"https:\/\/noticiasemdestaque.com\/cd\/\"},{\"@type\":\"ListItem\",\"position\":2,\"name\":\"Secretaria de Sa\u00fade de Monteiro inicia Campanha de Vacina\u00e7\u00e3o contra Sarampo e Influenza\"}]},{\"@type\":\"WebSite\",\"@id\":\"https:\/\/noticiasemdestaque.com\/cd\/#website\",\"url\":\"https:\/\/noticiasemdestaque.com\/cd\/\",\"name\":\"Not&iacute;cias em Destaque\",\"description\":\"\",\"publisher\":{\"@id\":\"https:\/\/noticiasemdestaque.com\/cd\/#organization\"},\"potentialAction\":[{\"@type\":\"SearchAction\",\"target\":{\"@type\":\"EntryPoint\",\"urlTemplate\":\"https:\/\/noticiasemdestaque.com\/cd\/?s={search_term_string}\"},\"query-input\":{\"@type\":\"PropertyValueSpecification\",\"valueRequired\":true,\"valueName\":\"search_term_string\"}}],\"inLanguage\":\"pt-BR\"},{\"@type\":\"Organization\",\"@id\":\"https:\/\/noticiasemdestaque.com\/cd\/#organization\",\"name\":\"Not\u00edcias em Destaque\",\"url\":\"https:\/\/noticiasemdestaque.com\/cd\/\",\"logo\":{\"@type\":\"ImageObject\",\"inLanguage\":\"pt-BR\",\"@id\":\"https:\/\/noticiasemdestaque.com\/cd\/#\/schema\/logo\/image\/\",\"url\":\"https:\/\/noticiasemdestaque.com\/cd\/wp-content\/uploads\/2022\/05\/imagem-base-noticiasemdestaque.png\",\"contentUrl\":\"https:\/\/noticiasemdestaque.com\/cd\/wp-content\/uploads\/2022\/05\/imagem-base-noticiasemdestaque.png\",\"width\":1200,\"height\":630,\"caption\":\"Not\u00edcias em Destaque\"},\"image\":{\"@id\":\"https:\/\/noticiasemdestaque.com\/cd\/#\/schema\/logo\/image\/\"}},{\"@type\":\"Person\",\"@id\":\"https:\/\/noticiasemdestaque.com\/cd\/#\/schema\/person\/9c05c6816b191977f47499b3494ace52\",\"name\":\"Not\u00edcias em Destaque\",\"url\":\"https:\/\/noticiasemdestaque.com\/cd\/?author=2\"}]}<\/script>\n<!-- \/ Yoast SEO plugin. -->","yoast_head_json":{"title":"Secretaria de Sa\u00fade de Monteiro inicia Campanha de Vacina\u00e7\u00e3o contra Sarampo e Influenza - Not&iacute;cias em Destaque","robots":{"index":"index","follow":"follow","max-snippet":"max-snippet:-1","max-image-preview":"max-image-preview:large","max-video-preview":"max-video-preview:-1"},"canonical":"https:\/\/noticiasemdestaque.com\/cd\/?p=37897","og_locale":"pt_BR","og_type":"article","og_title":"Secretaria de Sa\u00fade de Monteiro inicia Campanha de Vacina\u00e7\u00e3o contra Sarampo e Influenza - Not&iacute;cias em Destaque","og_description":"A Secretaria de Sa\u00fade de Monteiro, atrav\u00e9s do Setor de Imuniza\u00e7\u00e3o, iniciou nesta segunda-feira (4) a campanha de vacina\u00e7\u00e3o contra o sarampo e a influenza no munic\u00edpio. A vacina\u00e7\u00e3o ocorre por etapas definidas pelo Minist\u00e9rio da Sa\u00fade em todas as Unidades de Sa\u00fade. Em Monteiro, a vacina\u00e7\u00e3o contra a gripe vai atender inicialmente idosos a partir de 80 anos e trabalhadores da \u00e1rea de sa\u00fade. J\u00e1 a imuniza\u00e7\u00e3o contra o sarampo vai atender inicialmente \u00a0trabalhadores de sa\u00fade, de acordo com a Secretaria Municipal de Sa\u00fade. A campanha segue at\u00e9 o dia 3 de junho. Campanhas de vacina\u00e7\u00e3o contra o sarampo e influenza em Monteiro: Sarampo: Primeira etapa (De 4 de abril a 2 de maio): vacina\u00e7\u00e3o dos trabalhadores da sa\u00fade \u2013 juntamente com a primeira etapa da vacina\u00e7\u00e3o contra influenza; Segunda etapa (De 3 de maio a 3 de junho): campanha de seguimento contra o sarampo para crian\u00e7as de 6 meses a menores de 5 anos (4 anos, 11 meses e 29 dias) \u2013 juntamente com a segunda etapa da vacina\u00e7\u00e3o contra influenza. Influenza: Primeira etapa (entre os dias 04 de abril e 05 de maio): Idosos com 60 anos ou \u00a0mais; Trabalhadores da sa\u00fade. Segunda etapa (entre os dias 03 de maio e 03 de junho): Crian\u00e7as de 06 meses a menos de 05 anos; Gestantes; Pu\u00e9rperas; Povos ind\u00edgenas; Professores; Comorbidades; Pessoas com defici\u00eancia permanente; Caminhoneiros; Trabalhadores de transporte coletivo; Trabalhadores portu\u00e1rios; For\u00e7as de seguran\u00e7a e salvamento; For\u00e7as armadas; Funcion\u00e1rios do sistema prisional; Popula\u00e7\u00e3o privada de liberdade.","og_url":"https:\/\/noticiasemdestaque.com\/cd\/?p=37897","og_site_name":"Not&iacute;cias em Destaque","article_published_time":"2022-04-05T19:56:57+00:00","og_image":[{"width":754,"height":503,"url":"https:\/\/noticiasemdestaque.com\/cd\/wp-content\/uploads\/2018\/11\/edit_mcmgo_abr20180818_1356.jpg","type":"image\/jpeg"}],"author":"Not\u00edcias em Destaque","twitter_card":"summary_large_image","twitter_misc":{"Escrito por":"Not\u00edcias em Destaque","Est. tempo de leitura":"1 minuto"},"schema":{"@context":"https:\/\/schema.org","@graph":[{"@type":"Article","@id":"https:\/\/noticiasemdestaque.com\/cd\/?p=37897#article","isPartOf":{"@id":"https:\/\/noticiasemdestaque.com\/cd\/?p=37897"},"author":{"name":"Not\u00edcias em Destaque","@id":"https:\/\/noticiasemdestaque.com\/cd\/#\/schema\/person\/9c05c6816b191977f47499b3494ace52"},"headline":"Secretaria de Sa\u00fade de Monteiro inicia Campanha de Vacina\u00e7\u00e3o contra Sarampo e Influenza","datePublished":"2022-04-05T19:56:57+00:00","mainEntityOfPage":{"@id":"https:\/\/noticiasemdestaque.com\/cd\/?p=37897"},"wordCount":296,"publisher":{"@id":"https:\/\/noticiasemdestaque.com\/cd\/#organization"},"image":{"@id":"https:\/\/noticiasemdestaque.com\/cd\/?p=37897#primaryimage"},"thumbnailUrl":"https:\/\/noticiasemdestaque.com\/cd\/wp-content\/uploads\/2018\/11\/edit_mcmgo_abr20180818_1356.jpg","articleSection":["Geral"],"inLanguage":"pt-BR"},{"@type":"WebPage","@id":"https:\/\/noticiasemdestaque.com\/cd\/?p=37897","url":"https:\/\/noticiasemdestaque.com\/cd\/?p=37897","name":"Secretaria de Sa\u00fade de Monteiro inicia Campanha de Vacina\u00e7\u00e3o contra Sarampo e Influenza - Not&iacute;cias em Destaque","isPartOf":{"@id":"https:\/\/noticiasemdestaque.com\/cd\/#website"},"primaryImageOfPage":{"@id":"https:\/\/noticiasemdestaque.com\/cd\/?p=37897#primaryimage"},"image":{"@id":"https:\/\/noticiasemdestaque.com\/cd\/?p=37897#primaryimage"},"thumbnailUrl":"https:\/\/noticiasemdestaque.com\/cd\/wp-content\/uploads\/2018\/11\/edit_mcmgo_abr20180818_1356.jpg","datePublished":"2022-04-05T19:56:57+00:00","breadcrumb":{"@id":"https:\/\/noticiasemdestaque.com\/cd\/?p=37897#breadcrumb"},"inLanguage":"pt-BR","potentialAction":[{"@type":"ReadAction","target":["https:\/\/noticiasemdestaque.com\/cd\/?p=37897"]}]},{"@type":"ImageObject","inLanguage":"pt-BR","@id":"https:\/\/noticiasemdestaque.com\/cd\/?p=37897#primaryimage","url":"https:\/\/noticiasemdestaque.com\/cd\/wp-content\/uploads\/2018\/11\/edit_mcmgo_abr20180818_1356.jpg","contentUrl":"https:\/\/noticiasemdestaque.com\/cd\/wp-content\/uploads\/2018\/11\/edit_mcmgo_abr20180818_1356.jpg","width":754,"height":503,"caption":"Dia D de mobiliza\u00e7\u00e3o da Campanha Nacional de Vacina\u00e7\u00e3o contra a Poliomielite e Sarampo."},{"@type":"BreadcrumbList","@id":"https:\/\/noticiasemdestaque.com\/cd\/?p=37897#breadcrumb","itemListElement":[{"@type":"ListItem","position":1,"name":"In\u00edcio","item":"https:\/\/noticiasemdestaque.com\/cd\/"},{"@type":"ListItem","position":2,"name":"Secretaria de Sa\u00fade de Monteiro inicia Campanha de Vacina\u00e7\u00e3o contra Sarampo e Influenza"}]},{"@type":"WebSite","@id":"https:\/\/noticiasemdestaque.com\/cd\/#website","url":"https:\/\/noticiasemdestaque.com\/cd\/","name":"Not&iacute;cias em Destaque","description":"","publisher":{"@id":"https:\/\/noticiasemdestaque.com\/cd\/#organization"},"potentialAction":[{"@type":"SearchAction","target":{"@type":"EntryPoint","urlTemplate":"https:\/\/noticiasemdestaque.com\/cd\/?s={search_term_string}"},"query-input":{"@type":"PropertyValueSpecification","valueRequired":true,"valueName":"search_term_string"}}],"inLanguage":"pt-BR"},{"@type":"Organization","@id":"https:\/\/noticiasemdestaque.com\/cd\/#organization","name":"Not\u00edcias em Destaque","url":"https:\/\/noticiasemdestaque.com\/cd\/","logo":{"@type":"ImageObject","inLanguage":"pt-BR","@id":"https:\/\/noticiasemdestaque.com\/cd\/#\/schema\/logo\/image\/","url":"https:\/\/noticiasemdestaque.com\/cd\/wp-content\/uploads\/2022\/05\/imagem-base-noticiasemdestaque.png","contentUrl":"https:\/\/noticiasemdestaque.com\/cd\/wp-content\/uploads\/2022\/05\/imagem-base-noticiasemdestaque.png","width":1200,"height":630,"caption":"Not\u00edcias em Destaque"},"image":{"@id":"https:\/\/noticiasemdestaque.com\/cd\/#\/schema\/logo\/image\/"}},{"@type":"Person","@id":"https:\/\/noticiasemdestaque.com\/cd\/#\/schema\/person\/9c05c6816b191977f47499b3494ace52","name":"Not\u00edcias em Destaque","url":"https:\/\/noticiasemdestaque.com\/cd\/?author=2"}]}},"jetpack_featured_media_url":"https:\/\/noticiasemdestaque.com\/cd\/wp-content\/uploads\/2018\/11\/edit_mcmgo_abr20180818_1356.jpg","jetpack_sharing_enabled":true,"_links":{"self":[{"href":"https:\/\/noticiasemdestaque.com\/cd\/index.php?rest_route=\/wp\/v2\/posts\/37897","targetHints":{"allow":["GET"]}}],"collection":[{"href":"https:\/\/noticiasemdestaque.com\/cd\/index.php?rest_route=\/wp\/v2\/posts"}],"about":[{"href":"https:\/\/noticiasemdestaque.com\/cd\/index.php?rest_route=\/wp\/v2\/types\/post"}],"author":[{"embeddable":true,"href":"https:\/\/noticiasemdestaque.com\/cd\/index.php?rest_route=\/wp\/v2\/users\/2"}],"replies":[{"embeddable":true,"href":"https:\/\/noticiasemdestaque.com\/cd\/index.php?rest_route=%2Fwp%2Fv2%2Fcomments&post=37897"}],"version-history":[{"count":1,"href":"https:\/\/noticiasemdestaque.com\/cd\/index.php?rest_route=\/wp\/v2\/posts\/37897\/revisions"}],"predecessor-version":[{"id":37898,"href":"https:\/\/noticiasemdestaque.com\/cd\/index.php?rest_route=\/wp\/v2\/posts\/37897\/revisions\/37898"}],"wp:featuredmedia":[{"embeddable":true,"href":"https:\/\/noticiasemdestaque.com\/cd\/index.php?rest_route=\/wp\/v2\/media\/14136"}],"wp:attachment":[{"href":"https:\/\/noticiasemdestaque.com\/cd\/index.php?rest_route=%2Fwp%2Fv2%2Fmedia&parent=37897"}],"wp:term":[{"taxonomy":"category","embeddable":true,"href":"https:\/\/noticiasemdestaque.com\/cd\/index.php?rest_route=%2Fwp%2Fv2%2Fcategories&post=37897"},{"taxonomy":"post_tag","embeddable":true,"href":"https:\/\/noticiasemdestaque.com\/cd\/index.php?rest_route=%2Fwp%2Fv2%2Ftags&post=37897"}],"curies":[{"name":"wp","href":"https:\/\/api.w.org\/{rel}","templated":true}]}}