{"id":37892,"date":"2022-04-05T16:43:04","date_gmt":"2022-04-05T19:43:04","guid":{"rendered":"http:\/\/noticiasemdestaque.com\/cd\/?p=37892"},"modified":"2022-04-05T16:43:04","modified_gmt":"2022-04-05T19:43:04","slug":"prazo-para-entrega-da-declaracao-do-ir-e-prorrogado-para-31-de-maio","status":"publish","type":"post","link":"https:\/\/noticiasemdestaque.com\/cd\/?p=37892","title":{"rendered":"Prazo para entrega da declara\u00e7\u00e3o do IR \u00e9 prorrogado para 31 de maio"},"content":{"rendered":"<p><a href=\"https:\/\/noticiasemdestaque.com\/cd\/wp-content\/uploads\/2017\/07\/Imposto-de-renda-2016-720x320.jpg\"><img decoding=\"async\" class=\"size-medium wp-image-1566 aligncenter\" src=\"https:\/\/noticiasemdestaque.com\/cd\/wp-content\/uploads\/2017\/07\/Imposto-de-renda-2016-720x320-300x133.jpg\" alt=\"\" width=\"300\" height=\"133\" srcset=\"https:\/\/noticiasemdestaque.com\/cd\/wp-content\/uploads\/2017\/07\/Imposto-de-renda-2016-720x320-300x133.jpg 300w, https:\/\/noticiasemdestaque.com\/cd\/wp-content\/uploads\/2017\/07\/Imposto-de-renda-2016-720x320.jpg 720w\" sizes=\"(max-width: 300px) 100vw, 300px\" \/><\/a><\/p>\n<p>A Receita Federal prorrogou para o dia 31 de maio de 2022 o prazo final para a entrega da declara\u00e7\u00e3o de ajuste anual do Imposto de Renda, que tem como base os rendimentos obtidos no ano de 2021.<img decoding=\"async\" src=\"https:\/\/agenciabrasil.ebc.com.br\/ebc.png?id=1452423&amp;o=node\" \/><img decoding=\"async\" src=\"https:\/\/agenciabrasil.ebc.com.br\/ebc.gif?id=1452423&amp;o=node\" \/><\/p>\n<p>A nova data consta da\u00a0<a href=\"https:\/\/in.gov.br\/en\/web\/dou\/-\/instrucao-normativa-rfb-n-2.077-de-4-de-abril-de-2022-390752682\" target=\"_blank\" rel=\"noopener noreferrer\">Instru\u00e7\u00e3o Normativa n\u00ba 2.077<\/a>, publicada no<em>\u00a0Di\u00e1rio Oficial da Uni\u00e3o<\/em>\u00a0de hoje (5). O prazo previsto anteriormente era 29 de abril.<\/p>\n<p>De acordo com a Receita, objetivo da prorroga\u00e7\u00e3o \u00e9 diminuir eventuais efeitos da pandemia da covid-19 que possam dificultar o preenchimento e envio das declara\u00e7\u00f5es, &#8220;visto que alguns \u00f3rg\u00e3os e empresas ainda n\u00e3o est\u00e3o com seus servi\u00e7os de atendimento totalmente normalizados&#8221;.<\/p>\n<p>At\u00e9 o final de mar\u00e7o, a Receita Federal contabilizava quase 6 milh\u00f5es de declara\u00e7\u00f5es de Imposto de Renda de Pessoa F\u00edsica (IPRF) entregues. A expectativa \u00e9 de que 34,1 milh\u00f5es sejam enviadas at\u00e9 o final do prazo.<\/p>\n<p>De acordo com as regras, est\u00e3o obrigadas a apresentar a Declara\u00e7\u00e3o de Ajuste Anual os cidad\u00e3os que tiveram, em 2021, rendimentos tribut\u00e1veis com valor acima de R$ 28.559,70.<\/p>\n<p>A Instru\u00e7\u00e3o Normativa de hoje mant\u00e9m o cronograma para a restitui\u00e7\u00e3o dos cinco lotes aos contribuintes. O primeiro est\u00e1 previsto para 31 de maio. Os segundo e terceiro lotes ser\u00e3o restitu\u00eddos no dia 30 de junho e de julho. O quarto lote est\u00e1 previsto para 31 de agosto; e o quinto, para 30 de setembro.<\/p>\n<p>Com EBC<\/p>\n","protected":false},"excerpt":{"rendered":"<p>A Receita Federal prorrogou para o dia 31 de maio de 2022 o prazo final para a entrega da declara\u00e7\u00e3o de ajuste anual do Imposto de Renda, que tem como base os rendimentos obtidos no ano de 2021. A nova data consta da\u00a0Instru\u00e7\u00e3o Normativa n\u00ba 2.077, publicada no\u00a0Di\u00e1rio Oficial da Uni\u00e3o\u00a0de hoje (5). O prazo previsto anteriormente era 29 de abril. De acordo com a Receita, objetivo da prorroga\u00e7\u00e3o \u00e9 diminuir eventuais efeitos da pandemia da covid-19 que possam dificultar o preenchimento e envio das declara\u00e7\u00f5es, &#8220;visto que alguns \u00f3rg\u00e3os e empresas ainda n\u00e3o est\u00e3o com seus servi\u00e7os de atendimento totalmente normalizados&#8221;. At\u00e9 o final de mar\u00e7o, a Receita Federal contabilizava quase 6 milh\u00f5es de declara\u00e7\u00f5es de Imposto de Renda de Pessoa F\u00edsica (IPRF) entregues. A expectativa \u00e9 de que 34,1 milh\u00f5es sejam enviadas at\u00e9 o final do prazo. De acordo com as regras, est\u00e3o obrigadas a apresentar a Declara\u00e7\u00e3o de Ajuste Anual os cidad\u00e3os que tiveram, em 2021, rendimentos tribut\u00e1veis com valor acima de R$ 28.559,70. A Instru\u00e7\u00e3o Normativa de hoje mant\u00e9m o cronograma para a restitui\u00e7\u00e3o dos cinco lotes aos contribuintes. O primeiro est\u00e1 previsto para 31 de maio. Os segundo e terceiro lotes ser\u00e3o restitu\u00eddos no dia 30 de junho e de julho. O quarto lote est\u00e1 previsto para 31 de agosto; e o quinto, para 30 de setembro. Com EBC<\/p>\n","protected":false},"author":2,"featured_media":1566,"comment_status":"closed","ping_status":"open","sticky":false,"template":"","format":"standard","meta":{"_eb_attr":"","_jetpack_memberships_contains_paid_content":false,"footnotes":""},"categories":[11],"tags":[],"class_list":["post-37892","post","type-post","status-publish","format-standard","has-post-thumbnail","hentry","category-economia"],"yoast_head":"<!-- This site is optimized with the Yoast SEO plugin v26.5 - https:\/\/yoast.com\/wordpress\/plugins\/seo\/ -->\n<title>Prazo para entrega da declara\u00e7\u00e3o do IR \u00e9 prorrogado para 31 de maio - Not&iacute;cias em Destaque<\/title>\n<meta name=\"robots\" content=\"index, follow, max-snippet:-1, max-image-preview:large, max-video-preview:-1\" \/>\n<link rel=\"canonical\" href=\"https:\/\/noticiasemdestaque.com\/cd\/?p=37892\" \/>\n<meta property=\"og:locale\" content=\"pt_BR\" \/>\n<meta property=\"og:type\" content=\"article\" \/>\n<meta property=\"og:title\" content=\"Prazo para entrega da declara\u00e7\u00e3o do IR \u00e9 prorrogado para 31 de maio - Not&iacute;cias em Destaque\" \/>\n<meta property=\"og:description\" content=\"A Receita Federal prorrogou para o dia 31 de maio de 2022 o prazo final para a entrega da declara\u00e7\u00e3o de ajuste anual do Imposto de Renda, que tem como base os rendimentos obtidos no ano de 2021. A nova data consta da\u00a0Instru\u00e7\u00e3o Normativa n\u00ba 2.077, publicada no\u00a0Di\u00e1rio Oficial da Uni\u00e3o\u00a0de hoje (5). O prazo previsto anteriormente era 29 de abril. De acordo com a Receita, objetivo da prorroga\u00e7\u00e3o \u00e9 diminuir eventuais efeitos da pandemia da covid-19 que possam dificultar o preenchimento e envio das declara\u00e7\u00f5es, &#8220;visto que alguns \u00f3rg\u00e3os e empresas ainda n\u00e3o est\u00e3o com seus servi\u00e7os de atendimento totalmente normalizados&#8221;. At\u00e9 o final de mar\u00e7o, a Receita Federal contabilizava quase 6 milh\u00f5es de declara\u00e7\u00f5es de Imposto de Renda de Pessoa F\u00edsica (IPRF) entregues. A expectativa \u00e9 de que 34,1 milh\u00f5es sejam enviadas at\u00e9 o final do prazo. De acordo com as regras, est\u00e3o obrigadas a apresentar a Declara\u00e7\u00e3o de Ajuste Anual os cidad\u00e3os que tiveram, em 2021, rendimentos tribut\u00e1veis com valor acima de R$ 28.559,70. A Instru\u00e7\u00e3o Normativa de hoje mant\u00e9m o cronograma para a restitui\u00e7\u00e3o dos cinco lotes aos contribuintes. O primeiro est\u00e1 previsto para 31 de maio. Os segundo e terceiro lotes ser\u00e3o restitu\u00eddos no dia 30 de junho e de julho. O quarto lote est\u00e1 previsto para 31 de agosto; e o quinto, para 30 de setembro. Com EBC\" \/>\n<meta property=\"og:url\" content=\"https:\/\/noticiasemdestaque.com\/cd\/?p=37892\" \/>\n<meta property=\"og:site_name\" content=\"Not&iacute;cias em Destaque\" \/>\n<meta property=\"article:published_time\" content=\"2022-04-05T19:43:04+00:00\" \/>\n<meta property=\"og:image\" content=\"https:\/\/noticiasemdestaque.com\/cd\/wp-content\/uploads\/2017\/07\/Imposto-de-renda-2016-720x320.jpg\" \/>\n\t<meta property=\"og:image:width\" content=\"720\" \/>\n\t<meta property=\"og:image:height\" content=\"320\" \/>\n\t<meta property=\"og:image:type\" content=\"image\/jpeg\" \/>\n<meta name=\"author\" content=\"Not\u00edcias em Destaque\" \/>\n<meta name=\"twitter:card\" content=\"summary_large_image\" \/>\n<meta name=\"twitter:label1\" content=\"Escrito por\" \/>\n\t<meta name=\"twitter:data1\" content=\"Not\u00edcias em Destaque\" \/>\n\t<meta name=\"twitter:label2\" content=\"Est. tempo de leitura\" \/>\n\t<meta name=\"twitter:data2\" content=\"1 minuto\" \/>\n<script type=\"application\/ld+json\" class=\"yoast-schema-graph\">{\"@context\":\"https:\/\/schema.org\",\"@graph\":[{\"@type\":\"Article\",\"@id\":\"https:\/\/noticiasemdestaque.com\/cd\/?p=37892#article\",\"isPartOf\":{\"@id\":\"https:\/\/noticiasemdestaque.com\/cd\/?p=37892\"},\"author\":{\"name\":\"Not\u00edcias em Destaque\",\"@id\":\"https:\/\/noticiasemdestaque.com\/cd\/#\/schema\/person\/21320b03a7e8bb90128938dafc9b908a\"},\"headline\":\"Prazo para entrega da declara\u00e7\u00e3o do IR \u00e9 prorrogado para 31 de maio\",\"datePublished\":\"2022-04-05T19:43:04+00:00\",\"mainEntityOfPage\":{\"@id\":\"https:\/\/noticiasemdestaque.com\/cd\/?p=37892\"},\"wordCount\":247,\"publisher\":{\"@id\":\"https:\/\/noticiasemdestaque.com\/cd\/#organization\"},\"image\":{\"@id\":\"https:\/\/noticiasemdestaque.com\/cd\/?p=37892#primaryimage\"},\"thumbnailUrl\":\"https:\/\/noticiasemdestaque.com\/cd\/wp-content\/uploads\/2017\/07\/Imposto-de-renda-2016-720x320.jpg\",\"articleSection\":[\"Economia\"],\"inLanguage\":\"pt-BR\"},{\"@type\":\"WebPage\",\"@id\":\"https:\/\/noticiasemdestaque.com\/cd\/?p=37892\",\"url\":\"https:\/\/noticiasemdestaque.com\/cd\/?p=37892\",\"name\":\"Prazo para entrega da declara\u00e7\u00e3o do IR \u00e9 prorrogado para 31 de maio - Not&iacute;cias em Destaque\",\"isPartOf\":{\"@id\":\"https:\/\/noticiasemdestaque.com\/cd\/#website\"},\"primaryImageOfPage\":{\"@id\":\"https:\/\/noticiasemdestaque.com\/cd\/?p=37892#primaryimage\"},\"image\":{\"@id\":\"https:\/\/noticiasemdestaque.com\/cd\/?p=37892#primaryimage\"},\"thumbnailUrl\":\"https:\/\/noticiasemdestaque.com\/cd\/wp-content\/uploads\/2017\/07\/Imposto-de-renda-2016-720x320.jpg\",\"datePublished\":\"2022-04-05T19:43:04+00:00\",\"breadcrumb\":{\"@id\":\"https:\/\/noticiasemdestaque.com\/cd\/?p=37892#breadcrumb\"},\"inLanguage\":\"pt-BR\",\"potentialAction\":[{\"@type\":\"ReadAction\",\"target\":[\"https:\/\/noticiasemdestaque.com\/cd\/?p=37892\"]}]},{\"@type\":\"ImageObject\",\"inLanguage\":\"pt-BR\",\"@id\":\"https:\/\/noticiasemdestaque.com\/cd\/?p=37892#primaryimage\",\"url\":\"https:\/\/noticiasemdestaque.com\/cd\/wp-content\/uploads\/2017\/07\/Imposto-de-renda-2016-720x320.jpg\",\"contentUrl\":\"https:\/\/noticiasemdestaque.com\/cd\/wp-content\/uploads\/2017\/07\/Imposto-de-renda-2016-720x320.jpg\",\"width\":720,\"height\":320},{\"@type\":\"BreadcrumbList\",\"@id\":\"https:\/\/noticiasemdestaque.com\/cd\/?p=37892#breadcrumb\",\"itemListElement\":[{\"@type\":\"ListItem\",\"position\":1,\"name\":\"In\u00edcio\",\"item\":\"https:\/\/noticiasemdestaque.com\/cd\/\"},{\"@type\":\"ListItem\",\"position\":2,\"name\":\"Prazo para entrega da declara\u00e7\u00e3o do IR \u00e9 prorrogado para 31 de maio\"}]},{\"@type\":\"WebSite\",\"@id\":\"https:\/\/noticiasemdestaque.com\/cd\/#website\",\"url\":\"https:\/\/noticiasemdestaque.com\/cd\/\",\"name\":\"Not&iacute;cias em Destaque\",\"description\":\"\",\"publisher\":{\"@id\":\"https:\/\/noticiasemdestaque.com\/cd\/#organization\"},\"potentialAction\":[{\"@type\":\"SearchAction\",\"target\":{\"@type\":\"EntryPoint\",\"urlTemplate\":\"https:\/\/noticiasemdestaque.com\/cd\/?s={search_term_string}\"},\"query-input\":{\"@type\":\"PropertyValueSpecification\",\"valueRequired\":true,\"valueName\":\"search_term_string\"}}],\"inLanguage\":\"pt-BR\"},{\"@type\":\"Organization\",\"@id\":\"https:\/\/noticiasemdestaque.com\/cd\/#organization\",\"name\":\"Not\u00edcias em Destaque\",\"url\":\"https:\/\/noticiasemdestaque.com\/cd\/\",\"logo\":{\"@type\":\"ImageObject\",\"inLanguage\":\"pt-BR\",\"@id\":\"https:\/\/noticiasemdestaque.com\/cd\/#\/schema\/logo\/image\/\",\"url\":\"https:\/\/noticiasemdestaque.com\/cd\/wp-content\/uploads\/2022\/05\/imagem-base-noticiasemdestaque.png\",\"contentUrl\":\"https:\/\/noticiasemdestaque.com\/cd\/wp-content\/uploads\/2022\/05\/imagem-base-noticiasemdestaque.png\",\"width\":1200,\"height\":630,\"caption\":\"Not\u00edcias em Destaque\"},\"image\":{\"@id\":\"https:\/\/noticiasemdestaque.com\/cd\/#\/schema\/logo\/image\/\"}},{\"@type\":\"Person\",\"@id\":\"https:\/\/noticiasemdestaque.com\/cd\/#\/schema\/person\/21320b03a7e8bb90128938dafc9b908a\",\"name\":\"Not\u00edcias em Destaque\",\"url\":\"https:\/\/noticiasemdestaque.com\/cd\/?author=2\"}]}<\/script>\n<!-- \/ Yoast SEO plugin. -->","yoast_head_json":{"title":"Prazo para entrega da declara\u00e7\u00e3o do IR \u00e9 prorrogado para 31 de maio - Not&iacute;cias em Destaque","robots":{"index":"index","follow":"follow","max-snippet":"max-snippet:-1","max-image-preview":"max-image-preview:large","max-video-preview":"max-video-preview:-1"},"canonical":"https:\/\/noticiasemdestaque.com\/cd\/?p=37892","og_locale":"pt_BR","og_type":"article","og_title":"Prazo para entrega da declara\u00e7\u00e3o do IR \u00e9 prorrogado para 31 de maio - Not&iacute;cias em Destaque","og_description":"A Receita Federal prorrogou para o dia 31 de maio de 2022 o prazo final para a entrega da declara\u00e7\u00e3o de ajuste anual do Imposto de Renda, que tem como base os rendimentos obtidos no ano de 2021. A nova data consta da\u00a0Instru\u00e7\u00e3o Normativa n\u00ba 2.077, publicada no\u00a0Di\u00e1rio Oficial da Uni\u00e3o\u00a0de hoje (5). O prazo previsto anteriormente era 29 de abril. De acordo com a Receita, objetivo da prorroga\u00e7\u00e3o \u00e9 diminuir eventuais efeitos da pandemia da covid-19 que possam dificultar o preenchimento e envio das declara\u00e7\u00f5es, &#8220;visto que alguns \u00f3rg\u00e3os e empresas ainda n\u00e3o est\u00e3o com seus servi\u00e7os de atendimento totalmente normalizados&#8221;. At\u00e9 o final de mar\u00e7o, a Receita Federal contabilizava quase 6 milh\u00f5es de declara\u00e7\u00f5es de Imposto de Renda de Pessoa F\u00edsica (IPRF) entregues. A expectativa \u00e9 de que 34,1 milh\u00f5es sejam enviadas at\u00e9 o final do prazo. De acordo com as regras, est\u00e3o obrigadas a apresentar a Declara\u00e7\u00e3o de Ajuste Anual os cidad\u00e3os que tiveram, em 2021, rendimentos tribut\u00e1veis com valor acima de R$ 28.559,70. A Instru\u00e7\u00e3o Normativa de hoje mant\u00e9m o cronograma para a restitui\u00e7\u00e3o dos cinco lotes aos contribuintes. O primeiro est\u00e1 previsto para 31 de maio. Os segundo e terceiro lotes ser\u00e3o restitu\u00eddos no dia 30 de junho e de julho. O quarto lote est\u00e1 previsto para 31 de agosto; e o quinto, para 30 de setembro. Com EBC","og_url":"https:\/\/noticiasemdestaque.com\/cd\/?p=37892","og_site_name":"Not&iacute;cias em Destaque","article_published_time":"2022-04-05T19:43:04+00:00","og_image":[{"width":720,"height":320,"url":"https:\/\/noticiasemdestaque.com\/cd\/wp-content\/uploads\/2017\/07\/Imposto-de-renda-2016-720x320.jpg","type":"image\/jpeg"}],"author":"Not\u00edcias em Destaque","twitter_card":"summary_large_image","twitter_misc":{"Escrito por":"Not\u00edcias em Destaque","Est. tempo de leitura":"1 minuto"},"schema":{"@context":"https:\/\/schema.org","@graph":[{"@type":"Article","@id":"https:\/\/noticiasemdestaque.com\/cd\/?p=37892#article","isPartOf":{"@id":"https:\/\/noticiasemdestaque.com\/cd\/?p=37892"},"author":{"name":"Not\u00edcias em Destaque","@id":"https:\/\/noticiasemdestaque.com\/cd\/#\/schema\/person\/21320b03a7e8bb90128938dafc9b908a"},"headline":"Prazo para entrega da declara\u00e7\u00e3o do IR \u00e9 prorrogado para 31 de maio","datePublished":"2022-04-05T19:43:04+00:00","mainEntityOfPage":{"@id":"https:\/\/noticiasemdestaque.com\/cd\/?p=37892"},"wordCount":247,"publisher":{"@id":"https:\/\/noticiasemdestaque.com\/cd\/#organization"},"image":{"@id":"https:\/\/noticiasemdestaque.com\/cd\/?p=37892#primaryimage"},"thumbnailUrl":"https:\/\/noticiasemdestaque.com\/cd\/wp-content\/uploads\/2017\/07\/Imposto-de-renda-2016-720x320.jpg","articleSection":["Economia"],"inLanguage":"pt-BR"},{"@type":"WebPage","@id":"https:\/\/noticiasemdestaque.com\/cd\/?p=37892","url":"https:\/\/noticiasemdestaque.com\/cd\/?p=37892","name":"Prazo para entrega da declara\u00e7\u00e3o do IR \u00e9 prorrogado para 31 de maio - Not&iacute;cias em Destaque","isPartOf":{"@id":"https:\/\/noticiasemdestaque.com\/cd\/#website"},"primaryImageOfPage":{"@id":"https:\/\/noticiasemdestaque.com\/cd\/?p=37892#primaryimage"},"image":{"@id":"https:\/\/noticiasemdestaque.com\/cd\/?p=37892#primaryimage"},"thumbnailUrl":"https:\/\/noticiasemdestaque.com\/cd\/wp-content\/uploads\/2017\/07\/Imposto-de-renda-2016-720x320.jpg","datePublished":"2022-04-05T19:43:04+00:00","breadcrumb":{"@id":"https:\/\/noticiasemdestaque.com\/cd\/?p=37892#breadcrumb"},"inLanguage":"pt-BR","potentialAction":[{"@type":"ReadAction","target":["https:\/\/noticiasemdestaque.com\/cd\/?p=37892"]}]},{"@type":"ImageObject","inLanguage":"pt-BR","@id":"https:\/\/noticiasemdestaque.com\/cd\/?p=37892#primaryimage","url":"https:\/\/noticiasemdestaque.com\/cd\/wp-content\/uploads\/2017\/07\/Imposto-de-renda-2016-720x320.jpg","contentUrl":"https:\/\/noticiasemdestaque.com\/cd\/wp-content\/uploads\/2017\/07\/Imposto-de-renda-2016-720x320.jpg","width":720,"height":320},{"@type":"BreadcrumbList","@id":"https:\/\/noticiasemdestaque.com\/cd\/?p=37892#breadcrumb","itemListElement":[{"@type":"ListItem","position":1,"name":"In\u00edcio","item":"https:\/\/noticiasemdestaque.com\/cd\/"},{"@type":"ListItem","position":2,"name":"Prazo para entrega da declara\u00e7\u00e3o do IR \u00e9 prorrogado para 31 de maio"}]},{"@type":"WebSite","@id":"https:\/\/noticiasemdestaque.com\/cd\/#website","url":"https:\/\/noticiasemdestaque.com\/cd\/","name":"Not&iacute;cias em Destaque","description":"","publisher":{"@id":"https:\/\/noticiasemdestaque.com\/cd\/#organization"},"potentialAction":[{"@type":"SearchAction","target":{"@type":"EntryPoint","urlTemplate":"https:\/\/noticiasemdestaque.com\/cd\/?s={search_term_string}"},"query-input":{"@type":"PropertyValueSpecification","valueRequired":true,"valueName":"search_term_string"}}],"inLanguage":"pt-BR"},{"@type":"Organization","@id":"https:\/\/noticiasemdestaque.com\/cd\/#organization","name":"Not\u00edcias em Destaque","url":"https:\/\/noticiasemdestaque.com\/cd\/","logo":{"@type":"ImageObject","inLanguage":"pt-BR","@id":"https:\/\/noticiasemdestaque.com\/cd\/#\/schema\/logo\/image\/","url":"https:\/\/noticiasemdestaque.com\/cd\/wp-content\/uploads\/2022\/05\/imagem-base-noticiasemdestaque.png","contentUrl":"https:\/\/noticiasemdestaque.com\/cd\/wp-content\/uploads\/2022\/05\/imagem-base-noticiasemdestaque.png","width":1200,"height":630,"caption":"Not\u00edcias em Destaque"},"image":{"@id":"https:\/\/noticiasemdestaque.com\/cd\/#\/schema\/logo\/image\/"}},{"@type":"Person","@id":"https:\/\/noticiasemdestaque.com\/cd\/#\/schema\/person\/21320b03a7e8bb90128938dafc9b908a","name":"Not\u00edcias em Destaque","url":"https:\/\/noticiasemdestaque.com\/cd\/?author=2"}]}},"jetpack_featured_media_url":"https:\/\/noticiasemdestaque.com\/cd\/wp-content\/uploads\/2017\/07\/Imposto-de-renda-2016-720x320.jpg","jetpack_sharing_enabled":true,"_links":{"self":[{"href":"https:\/\/noticiasemdestaque.com\/cd\/index.php?rest_route=\/wp\/v2\/posts\/37892","targetHints":{"allow":["GET"]}}],"collection":[{"href":"https:\/\/noticiasemdestaque.com\/cd\/index.php?rest_route=\/wp\/v2\/posts"}],"about":[{"href":"https:\/\/noticiasemdestaque.com\/cd\/index.php?rest_route=\/wp\/v2\/types\/post"}],"author":[{"embeddable":true,"href":"https:\/\/noticiasemdestaque.com\/cd\/index.php?rest_route=\/wp\/v2\/users\/2"}],"replies":[{"embeddable":true,"href":"https:\/\/noticiasemdestaque.com\/cd\/index.php?rest_route=%2Fwp%2Fv2%2Fcomments&post=37892"}],"version-history":[{"count":1,"href":"https:\/\/noticiasemdestaque.com\/cd\/index.php?rest_route=\/wp\/v2\/posts\/37892\/revisions"}],"predecessor-version":[{"id":37893,"href":"https:\/\/noticiasemdestaque.com\/cd\/index.php?rest_route=\/wp\/v2\/posts\/37892\/revisions\/37893"}],"wp:featuredmedia":[{"embeddable":true,"href":"https:\/\/noticiasemdestaque.com\/cd\/index.php?rest_route=\/wp\/v2\/media\/1566"}],"wp:attachment":[{"href":"https:\/\/noticiasemdestaque.com\/cd\/index.php?rest_route=%2Fwp%2Fv2%2Fmedia&parent=37892"}],"wp:term":[{"taxonomy":"category","embeddable":true,"href":"https:\/\/noticiasemdestaque.com\/cd\/index.php?rest_route=%2Fwp%2Fv2%2Fcategories&post=37892"},{"taxonomy":"post_tag","embeddable":true,"href":"https:\/\/noticiasemdestaque.com\/cd\/index.php?rest_route=%2Fwp%2Fv2%2Ftags&post=37892"}],"curies":[{"name":"wp","href":"https:\/\/api.w.org\/{rel}","templated":true}]}}