{"id":3772,"date":"2017-08-29T08:27:51","date_gmt":"2017-08-29T11:27:51","guid":{"rendered":"http:\/\/caririemdestaque.com\/cd\/?p=3772"},"modified":"2017-08-29T08:27:51","modified_gmt":"2017-08-29T11:27:51","slug":"conjuntivite-tres-dicas-para-evitar","status":"publish","type":"post","link":"https:\/\/noticiasemdestaque.com\/cd\/?p=3772","title":{"rendered":"Conjuntivite: tr\u00eas dicas para evitar"},"content":{"rendered":"<figure id=\"attachment_3773\" aria-describedby=\"caption-attachment-3773\" style=\"width: 300px\" class=\"wp-caption alignleft\"><a href=\"http:\/\/caririemdestaque.com\/cd\/wp-content\/uploads\/2017\/08\/OLHOS-300x200.jpg\"><img fetchpriority=\"high\" decoding=\"async\" class=\"wp-image-3773 size-medium\" src=\"http:\/\/caririemdestaque.com\/cd\/wp-content\/uploads\/2017\/08\/OLHOS-300x200-300x200.jpg\" alt=\"\" width=\"300\" height=\"200\" \/><\/a><figcaption id=\"caption-attachment-3773\" class=\"wp-caption-text\">Foto: Pixabay<\/figcaption><\/figure>\n<p>O ar seco j\u00e1 \u00e9 um problema. Quando a secura se junta \u00e0 polui\u00e7\u00e3o, fica tudo muito pior para nosso organismo. Todos nossos \u00f3rg\u00e3os e sistemas se ressentem e os efeitos s\u00e3o imediatos. A tosse \u00e9 um sintoma persistente e quase invenc\u00edvel, principalmente para crian\u00e7as pequenas. As \u201cites\u201d como bronquite, rinite, sinusite, laringite, amigdalite e conjuntivite s\u00e3o diagn\u00f3sticos que viram rotina para muitas pessoas.<\/p>\n<p>Nossos olhos est\u00e3o diretamente expostos ao ambiente. A \u00fanica \u201cbarreira\u201d de prote\u00e7\u00e3o de que dispomos \u00e9 a lubrifica\u00e7\u00e3o feita constantemente pelas l\u00e1grimas. Quando a umidade relativa do ar \u00e9 muito baixa, isto \u00e9, menor do que 40%, as mucosas ficam ressecadas e o \u201cescudo\u201d de defesa se fragiliza. Resultado: ficamos mais expostos \u00e0 conjuntivite.<\/p>\n<p>N\u00e3o \u00e9 de estranhar, portanto, que, segundo os dados da Secretaria Municipal de Sa\u00fade de S\u00e3o Paulo, no per\u00edodo de maio a julho deste ano, a cidade de S\u00e3o Paulo registrou 18 surtos de conjuntivite.<\/p>\n<p>A conjuntivite \u00e9 a inflama\u00e7\u00e3o da parte \u201cbranca\u201d dos olhos, que \u00e9 a conjuntiva. Quando a barreira de defesa diminui, conjuntiva fica mais exposta a tr\u00eas agressores mais comuns: v\u00edrus, bact\u00e9rias ou processos al\u00e9rgicos. Estes agentes agressores causam uma inflama\u00e7\u00e3o que deixa a conjuntiva vermelha e com vasos sangu\u00edneos vis\u00edveis e extremamente ingurgitados. A sensa\u00e7\u00e3o que se tem \u00e9 de \u201cpoeira\u201d nos olhos. A luz incomoda demais.<\/p>\n<p>Pode co\u00e7ar muito, o que irrita mais ainda a mucosa inflamada. Quando a causa da conjuntivite s\u00e3o bact\u00e9rias, geralmente h\u00e1 produ\u00e7\u00e3o de uma secre\u00e7\u00e3o purulenta que \u201cgruda\u201d nos olhos. Importante saber que a conjuntivite causada por v\u00edrus ou bact\u00e9rias \u00e9 bastante contagiosa.<\/p>\n<p>Ningu\u00e9m merece. Por isso, aqui v\u00e3o 3 dicas para tentar evitar ao m\u00e1ximo a conjuntivite e todo o seu desconforto.<\/p>\n<p>LAVE OS OLHOS com solu\u00e7\u00e3o fisiol\u00f3gica pelo menos 3 vezes ao dia e sempre que julgar necess\u00e1rio. A limpeza ocular ajuda a hidratar a mucosa e limpa os olhos de agressores e do p\u00f3 do ar. Lave tamb\u00e9m as p\u00e1lpebras e os c\u00edlios. Parece \u00f3bvio e f\u00e1cil, mas pouqu\u00edssimas pessoas t\u00eam este cuidado como h\u00e1bito na rotina di\u00e1ria. Fa\u00e7a essa \u201climpeza\u201d em crian\u00e7as e idosos que est\u00e3o sob sua responsabilidade.<\/p>\n<p>EVITE COLOCAR AS M\u00c3OS NOS OLHOS. Frequentemente levamos as m\u00e3os aos olhos, seja para co\u00e7ar, seja para limpar alguma sujeira maior que entrou. Fazemos isso inconscientemente, como um h\u00e1bito, sem pensar nas consequ\u00eancias. Nossas m\u00e3os s\u00e3o ve\u00edculos infal\u00edveis e comprovados de v\u00edrus ou bact\u00e9rias. Com as defesas das mucosas oculares rebaixadas por conta do ar seco e polu\u00eddo, qualquer agente infeccioso que penetre nos olhos encontra um ambiente prop\u00edcio para se proliferar e causar o desconforto da conjuntivite. Lavar as m\u00e3os com frequ\u00eancia, principalmente ao chegar da rua e de locais p\u00fablicos \u00e9 important\u00edssimo para evitar a contamina\u00e7\u00e3o n\u00e3o apenas dos seus olhos, mas tamb\u00e9m de suas vias respirat\u00f3rias e digestivas.<\/p>\n<p>&nbsp;<\/p>\n<p>N\u00c3O COMPARTILHE toalhas, len\u00e7os, fronhas ou maquiagem. Os agentes agressores podem ficar intactos nestes locais e contaminar os olhos de quem est\u00e1 suscept\u00edvel.<\/p>\n<p>&nbsp;<\/p>\n<p>Fique de olhos bem abertos e saud\u00e1veis. Sempre!<\/p>\n<p>Com G1<\/p>\n","protected":false},"excerpt":{"rendered":"<p>O ar seco j\u00e1 \u00e9 um problema. Quando a secura se junta \u00e0 polui\u00e7\u00e3o, fica tudo muito pior para nosso organismo. Todos nossos \u00f3rg\u00e3os e sistemas se ressentem e os efeitos s\u00e3o imediatos. A tosse \u00e9 um sintoma persistente e quase invenc\u00edvel, principalmente para crian\u00e7as pequenas. As \u201cites\u201d como bronquite, rinite, sinusite, laringite, amigdalite e conjuntivite s\u00e3o diagn\u00f3sticos que viram rotina para muitas pessoas. Nossos olhos est\u00e3o diretamente expostos ao ambiente. A \u00fanica \u201cbarreira\u201d de prote\u00e7\u00e3o de que dispomos \u00e9 a lubrifica\u00e7\u00e3o feita constantemente pelas l\u00e1grimas. Quando a umidade relativa do ar \u00e9 muito baixa, isto \u00e9, menor do que 40%, as mucosas ficam ressecadas e o \u201cescudo\u201d de defesa se fragiliza. Resultado: ficamos mais expostos \u00e0 conjuntivite. N\u00e3o \u00e9 de estranhar, portanto, que, segundo os dados da Secretaria Municipal de Sa\u00fade de S\u00e3o Paulo, no per\u00edodo de maio a julho deste ano, a cidade de S\u00e3o Paulo registrou 18 surtos de conjuntivite. A conjuntivite \u00e9 a inflama\u00e7\u00e3o da parte \u201cbranca\u201d dos olhos, que \u00e9 a conjuntiva. Quando a barreira de defesa diminui, conjuntiva fica mais exposta a tr\u00eas agressores mais comuns: v\u00edrus, bact\u00e9rias ou processos al\u00e9rgicos. Estes agentes agressores causam uma inflama\u00e7\u00e3o que deixa a conjuntiva vermelha e com vasos sangu\u00edneos vis\u00edveis e extremamente ingurgitados. A sensa\u00e7\u00e3o que se tem \u00e9 de \u201cpoeira\u201d nos olhos. A luz incomoda demais. Pode co\u00e7ar muito, o que irrita mais ainda a mucosa inflamada. Quando a causa da conjuntivite s\u00e3o bact\u00e9rias, geralmente h\u00e1 produ\u00e7\u00e3o de uma secre\u00e7\u00e3o purulenta que \u201cgruda\u201d nos olhos. Importante saber que a conjuntivite causada por v\u00edrus ou bact\u00e9rias \u00e9 bastante contagiosa. Ningu\u00e9m merece. Por isso, aqui v\u00e3o 3 dicas para tentar evitar ao m\u00e1ximo a conjuntivite e todo o seu desconforto. LAVE OS OLHOS com solu\u00e7\u00e3o fisiol\u00f3gica pelo menos 3 vezes ao dia e sempre que julgar necess\u00e1rio. A limpeza ocular ajuda a hidratar a mucosa e limpa os olhos de agressores e do p\u00f3 do ar. Lave tamb\u00e9m as p\u00e1lpebras e os c\u00edlios. Parece \u00f3bvio e f\u00e1cil, mas pouqu\u00edssimas pessoas t\u00eam este cuidado como h\u00e1bito na rotina di\u00e1ria. Fa\u00e7a essa \u201climpeza\u201d em crian\u00e7as e idosos que est\u00e3o sob sua responsabilidade. EVITE COLOCAR AS M\u00c3OS NOS OLHOS. Frequentemente levamos as m\u00e3os aos olhos, seja para co\u00e7ar, seja para limpar alguma sujeira maior que entrou. Fazemos isso inconscientemente, como um h\u00e1bito, sem pensar nas consequ\u00eancias. Nossas m\u00e3os s\u00e3o ve\u00edculos infal\u00edveis e comprovados de v\u00edrus ou bact\u00e9rias. Com as defesas das mucosas oculares rebaixadas por conta do ar seco e polu\u00eddo, qualquer agente infeccioso que penetre nos olhos encontra um ambiente prop\u00edcio para se proliferar e causar o desconforto da conjuntivite. Lavar as m\u00e3os com frequ\u00eancia, principalmente ao chegar da rua e de locais p\u00fablicos \u00e9 important\u00edssimo para evitar a contamina\u00e7\u00e3o n\u00e3o apenas dos seus olhos, mas tamb\u00e9m de suas vias respirat\u00f3rias e digestivas. &nbsp; N\u00c3O COMPARTILHE toalhas, len\u00e7os, fronhas ou maquiagem. Os agentes agressores podem ficar intactos nestes locais e contaminar os olhos de quem est\u00e1 suscept\u00edvel. &nbsp; Fique de olhos bem abertos e saud\u00e1veis. Sempre! Com G1<\/p>\n","protected":false},"author":2,"featured_media":3773,"comment_status":"closed","ping_status":"open","sticky":false,"template":"","format":"standard","meta":{"_eb_attr":"","_jetpack_memberships_contains_paid_content":false,"footnotes":""},"categories":[8],"tags":[],"class_list":["post-3772","post","type-post","status-publish","format-standard","has-post-thumbnail","hentry","category-saude"],"yoast_head":"<!-- This site is optimized with the Yoast SEO plugin v26.5 - https:\/\/yoast.com\/wordpress\/plugins\/seo\/ -->\n<title>Conjuntivite: tr\u00eas dicas para evitar - Not&iacute;cias em Destaque<\/title>\n<meta name=\"robots\" content=\"index, follow, max-snippet:-1, max-image-preview:large, max-video-preview:-1\" \/>\n<link rel=\"canonical\" href=\"https:\/\/noticiasemdestaque.com\/cd\/?p=3772\" \/>\n<meta property=\"og:locale\" content=\"pt_BR\" \/>\n<meta property=\"og:type\" content=\"article\" \/>\n<meta property=\"og:title\" content=\"Conjuntivite: tr\u00eas dicas para evitar - Not&iacute;cias em Destaque\" \/>\n<meta property=\"og:description\" content=\"O ar seco j\u00e1 \u00e9 um problema. Quando a secura se junta \u00e0 polui\u00e7\u00e3o, fica tudo muito pior para nosso organismo. Todos nossos \u00f3rg\u00e3os e sistemas se ressentem e os efeitos s\u00e3o imediatos. A tosse \u00e9 um sintoma persistente e quase invenc\u00edvel, principalmente para crian\u00e7as pequenas. As \u201cites\u201d como bronquite, rinite, sinusite, laringite, amigdalite e conjuntivite s\u00e3o diagn\u00f3sticos que viram rotina para muitas pessoas. Nossos olhos est\u00e3o diretamente expostos ao ambiente. A \u00fanica \u201cbarreira\u201d de prote\u00e7\u00e3o de que dispomos \u00e9 a lubrifica\u00e7\u00e3o feita constantemente pelas l\u00e1grimas. Quando a umidade relativa do ar \u00e9 muito baixa, isto \u00e9, menor do que 40%, as mucosas ficam ressecadas e o \u201cescudo\u201d de defesa se fragiliza. Resultado: ficamos mais expostos \u00e0 conjuntivite. N\u00e3o \u00e9 de estranhar, portanto, que, segundo os dados da Secretaria Municipal de Sa\u00fade de S\u00e3o Paulo, no per\u00edodo de maio a julho deste ano, a cidade de S\u00e3o Paulo registrou 18 surtos de conjuntivite. A conjuntivite \u00e9 a inflama\u00e7\u00e3o da parte \u201cbranca\u201d dos olhos, que \u00e9 a conjuntiva. Quando a barreira de defesa diminui, conjuntiva fica mais exposta a tr\u00eas agressores mais comuns: v\u00edrus, bact\u00e9rias ou processos al\u00e9rgicos. Estes agentes agressores causam uma inflama\u00e7\u00e3o que deixa a conjuntiva vermelha e com vasos sangu\u00edneos vis\u00edveis e extremamente ingurgitados. A sensa\u00e7\u00e3o que se tem \u00e9 de \u201cpoeira\u201d nos olhos. A luz incomoda demais. Pode co\u00e7ar muito, o que irrita mais ainda a mucosa inflamada. Quando a causa da conjuntivite s\u00e3o bact\u00e9rias, geralmente h\u00e1 produ\u00e7\u00e3o de uma secre\u00e7\u00e3o purulenta que \u201cgruda\u201d nos olhos. Importante saber que a conjuntivite causada por v\u00edrus ou bact\u00e9rias \u00e9 bastante contagiosa. Ningu\u00e9m merece. Por isso, aqui v\u00e3o 3 dicas para tentar evitar ao m\u00e1ximo a conjuntivite e todo o seu desconforto. LAVE OS OLHOS com solu\u00e7\u00e3o fisiol\u00f3gica pelo menos 3 vezes ao dia e sempre que julgar necess\u00e1rio. A limpeza ocular ajuda a hidratar a mucosa e limpa os olhos de agressores e do p\u00f3 do ar. Lave tamb\u00e9m as p\u00e1lpebras e os c\u00edlios. Parece \u00f3bvio e f\u00e1cil, mas pouqu\u00edssimas pessoas t\u00eam este cuidado como h\u00e1bito na rotina di\u00e1ria. Fa\u00e7a essa \u201climpeza\u201d em crian\u00e7as e idosos que est\u00e3o sob sua responsabilidade. EVITE COLOCAR AS M\u00c3OS NOS OLHOS. Frequentemente levamos as m\u00e3os aos olhos, seja para co\u00e7ar, seja para limpar alguma sujeira maior que entrou. Fazemos isso inconscientemente, como um h\u00e1bito, sem pensar nas consequ\u00eancias. Nossas m\u00e3os s\u00e3o ve\u00edculos infal\u00edveis e comprovados de v\u00edrus ou bact\u00e9rias. Com as defesas das mucosas oculares rebaixadas por conta do ar seco e polu\u00eddo, qualquer agente infeccioso que penetre nos olhos encontra um ambiente prop\u00edcio para se proliferar e causar o desconforto da conjuntivite. Lavar as m\u00e3os com frequ\u00eancia, principalmente ao chegar da rua e de locais p\u00fablicos \u00e9 important\u00edssimo para evitar a contamina\u00e7\u00e3o n\u00e3o apenas dos seus olhos, mas tamb\u00e9m de suas vias respirat\u00f3rias e digestivas. &nbsp; N\u00c3O COMPARTILHE toalhas, len\u00e7os, fronhas ou maquiagem. Os agentes agressores podem ficar intactos nestes locais e contaminar os olhos de quem est\u00e1 suscept\u00edvel. &nbsp; Fique de olhos bem abertos e saud\u00e1veis. Sempre! Com G1\" \/>\n<meta property=\"og:url\" content=\"https:\/\/noticiasemdestaque.com\/cd\/?p=3772\" \/>\n<meta property=\"og:site_name\" content=\"Not&iacute;cias em Destaque\" \/>\n<meta property=\"article:published_time\" content=\"2017-08-29T11:27:51+00:00\" \/>\n<meta property=\"og:image\" content=\"https:\/\/noticiasemdestaque.com\/cd\/wp-content\/uploads\/2017\/08\/OLHOS-300x200.jpg\" \/>\n\t<meta property=\"og:image:width\" content=\"300\" \/>\n\t<meta property=\"og:image:height\" content=\"200\" \/>\n\t<meta property=\"og:image:type\" content=\"image\/jpeg\" \/>\n<meta name=\"author\" content=\"Not\u00edcias em Destaque\" \/>\n<meta name=\"twitter:card\" content=\"summary_large_image\" \/>\n<meta name=\"twitter:label1\" content=\"Escrito por\" \/>\n\t<meta name=\"twitter:data1\" content=\"Not\u00edcias em Destaque\" \/>\n\t<meta name=\"twitter:label2\" content=\"Est. tempo de leitura\" \/>\n\t<meta name=\"twitter:data2\" content=\"3 minutos\" \/>\n<script type=\"application\/ld+json\" class=\"yoast-schema-graph\">{\"@context\":\"https:\/\/schema.org\",\"@graph\":[{\"@type\":\"Article\",\"@id\":\"https:\/\/noticiasemdestaque.com\/cd\/?p=3772#article\",\"isPartOf\":{\"@id\":\"https:\/\/noticiasemdestaque.com\/cd\/?p=3772\"},\"author\":{\"name\":\"Not\u00edcias em Destaque\",\"@id\":\"https:\/\/noticiasemdestaque.com\/cd\/#\/schema\/person\/21320b03a7e8bb90128938dafc9b908a\"},\"headline\":\"Conjuntivite: tr\u00eas dicas para evitar\",\"datePublished\":\"2017-08-29T11:27:51+00:00\",\"mainEntityOfPage\":{\"@id\":\"https:\/\/noticiasemdestaque.com\/cd\/?p=3772\"},\"wordCount\":570,\"publisher\":{\"@id\":\"https:\/\/noticiasemdestaque.com\/cd\/#organization\"},\"image\":{\"@id\":\"https:\/\/noticiasemdestaque.com\/cd\/?p=3772#primaryimage\"},\"thumbnailUrl\":\"https:\/\/noticiasemdestaque.com\/cd\/wp-content\/uploads\/2017\/08\/OLHOS-300x200.jpg\",\"articleSection\":[\"Sa\u00fade\"],\"inLanguage\":\"pt-BR\"},{\"@type\":\"WebPage\",\"@id\":\"https:\/\/noticiasemdestaque.com\/cd\/?p=3772\",\"url\":\"https:\/\/noticiasemdestaque.com\/cd\/?p=3772\",\"name\":\"Conjuntivite: tr\u00eas dicas para evitar - Not&iacute;cias em Destaque\",\"isPartOf\":{\"@id\":\"https:\/\/noticiasemdestaque.com\/cd\/#website\"},\"primaryImageOfPage\":{\"@id\":\"https:\/\/noticiasemdestaque.com\/cd\/?p=3772#primaryimage\"},\"image\":{\"@id\":\"https:\/\/noticiasemdestaque.com\/cd\/?p=3772#primaryimage\"},\"thumbnailUrl\":\"https:\/\/noticiasemdestaque.com\/cd\/wp-content\/uploads\/2017\/08\/OLHOS-300x200.jpg\",\"datePublished\":\"2017-08-29T11:27:51+00:00\",\"breadcrumb\":{\"@id\":\"https:\/\/noticiasemdestaque.com\/cd\/?p=3772#breadcrumb\"},\"inLanguage\":\"pt-BR\",\"potentialAction\":[{\"@type\":\"ReadAction\",\"target\":[\"https:\/\/noticiasemdestaque.com\/cd\/?p=3772\"]}]},{\"@type\":\"ImageObject\",\"inLanguage\":\"pt-BR\",\"@id\":\"https:\/\/noticiasemdestaque.com\/cd\/?p=3772#primaryimage\",\"url\":\"https:\/\/noticiasemdestaque.com\/cd\/wp-content\/uploads\/2017\/08\/OLHOS-300x200.jpg\",\"contentUrl\":\"https:\/\/noticiasemdestaque.com\/cd\/wp-content\/uploads\/2017\/08\/OLHOS-300x200.jpg\",\"width\":300,\"height\":200},{\"@type\":\"BreadcrumbList\",\"@id\":\"https:\/\/noticiasemdestaque.com\/cd\/?p=3772#breadcrumb\",\"itemListElement\":[{\"@type\":\"ListItem\",\"position\":1,\"name\":\"In\u00edcio\",\"item\":\"https:\/\/noticiasemdestaque.com\/cd\/\"},{\"@type\":\"ListItem\",\"position\":2,\"name\":\"Conjuntivite: tr\u00eas dicas para evitar\"}]},{\"@type\":\"WebSite\",\"@id\":\"https:\/\/noticiasemdestaque.com\/cd\/#website\",\"url\":\"https:\/\/noticiasemdestaque.com\/cd\/\",\"name\":\"Not&iacute;cias em Destaque\",\"description\":\"\",\"publisher\":{\"@id\":\"https:\/\/noticiasemdestaque.com\/cd\/#organization\"},\"potentialAction\":[{\"@type\":\"SearchAction\",\"target\":{\"@type\":\"EntryPoint\",\"urlTemplate\":\"https:\/\/noticiasemdestaque.com\/cd\/?s={search_term_string}\"},\"query-input\":{\"@type\":\"PropertyValueSpecification\",\"valueRequired\":true,\"valueName\":\"search_term_string\"}}],\"inLanguage\":\"pt-BR\"},{\"@type\":\"Organization\",\"@id\":\"https:\/\/noticiasemdestaque.com\/cd\/#organization\",\"name\":\"Not\u00edcias em Destaque\",\"url\":\"https:\/\/noticiasemdestaque.com\/cd\/\",\"logo\":{\"@type\":\"ImageObject\",\"inLanguage\":\"pt-BR\",\"@id\":\"https:\/\/noticiasemdestaque.com\/cd\/#\/schema\/logo\/image\/\",\"url\":\"https:\/\/noticiasemdestaque.com\/cd\/wp-content\/uploads\/2022\/05\/imagem-base-noticiasemdestaque.png\",\"contentUrl\":\"https:\/\/noticiasemdestaque.com\/cd\/wp-content\/uploads\/2022\/05\/imagem-base-noticiasemdestaque.png\",\"width\":1200,\"height\":630,\"caption\":\"Not\u00edcias em Destaque\"},\"image\":{\"@id\":\"https:\/\/noticiasemdestaque.com\/cd\/#\/schema\/logo\/image\/\"}},{\"@type\":\"Person\",\"@id\":\"https:\/\/noticiasemdestaque.com\/cd\/#\/schema\/person\/21320b03a7e8bb90128938dafc9b908a\",\"name\":\"Not\u00edcias em Destaque\",\"url\":\"https:\/\/noticiasemdestaque.com\/cd\/?author=2\"}]}<\/script>\n<!-- \/ Yoast SEO plugin. -->","yoast_head_json":{"title":"Conjuntivite: tr\u00eas dicas para evitar - Not&iacute;cias em Destaque","robots":{"index":"index","follow":"follow","max-snippet":"max-snippet:-1","max-image-preview":"max-image-preview:large","max-video-preview":"max-video-preview:-1"},"canonical":"https:\/\/noticiasemdestaque.com\/cd\/?p=3772","og_locale":"pt_BR","og_type":"article","og_title":"Conjuntivite: tr\u00eas dicas para evitar - Not&iacute;cias em Destaque","og_description":"O ar seco j\u00e1 \u00e9 um problema. Quando a secura se junta \u00e0 polui\u00e7\u00e3o, fica tudo muito pior para nosso organismo. Todos nossos \u00f3rg\u00e3os e sistemas se ressentem e os efeitos s\u00e3o imediatos. A tosse \u00e9 um sintoma persistente e quase invenc\u00edvel, principalmente para crian\u00e7as pequenas. As \u201cites\u201d como bronquite, rinite, sinusite, laringite, amigdalite e conjuntivite s\u00e3o diagn\u00f3sticos que viram rotina para muitas pessoas. Nossos olhos est\u00e3o diretamente expostos ao ambiente. A \u00fanica \u201cbarreira\u201d de prote\u00e7\u00e3o de que dispomos \u00e9 a lubrifica\u00e7\u00e3o feita constantemente pelas l\u00e1grimas. Quando a umidade relativa do ar \u00e9 muito baixa, isto \u00e9, menor do que 40%, as mucosas ficam ressecadas e o \u201cescudo\u201d de defesa se fragiliza. Resultado: ficamos mais expostos \u00e0 conjuntivite. N\u00e3o \u00e9 de estranhar, portanto, que, segundo os dados da Secretaria Municipal de Sa\u00fade de S\u00e3o Paulo, no per\u00edodo de maio a julho deste ano, a cidade de S\u00e3o Paulo registrou 18 surtos de conjuntivite. A conjuntivite \u00e9 a inflama\u00e7\u00e3o da parte \u201cbranca\u201d dos olhos, que \u00e9 a conjuntiva. Quando a barreira de defesa diminui, conjuntiva fica mais exposta a tr\u00eas agressores mais comuns: v\u00edrus, bact\u00e9rias ou processos al\u00e9rgicos. Estes agentes agressores causam uma inflama\u00e7\u00e3o que deixa a conjuntiva vermelha e com vasos sangu\u00edneos vis\u00edveis e extremamente ingurgitados. A sensa\u00e7\u00e3o que se tem \u00e9 de \u201cpoeira\u201d nos olhos. A luz incomoda demais. Pode co\u00e7ar muito, o que irrita mais ainda a mucosa inflamada. Quando a causa da conjuntivite s\u00e3o bact\u00e9rias, geralmente h\u00e1 produ\u00e7\u00e3o de uma secre\u00e7\u00e3o purulenta que \u201cgruda\u201d nos olhos. Importante saber que a conjuntivite causada por v\u00edrus ou bact\u00e9rias \u00e9 bastante contagiosa. Ningu\u00e9m merece. Por isso, aqui v\u00e3o 3 dicas para tentar evitar ao m\u00e1ximo a conjuntivite e todo o seu desconforto. LAVE OS OLHOS com solu\u00e7\u00e3o fisiol\u00f3gica pelo menos 3 vezes ao dia e sempre que julgar necess\u00e1rio. A limpeza ocular ajuda a hidratar a mucosa e limpa os olhos de agressores e do p\u00f3 do ar. Lave tamb\u00e9m as p\u00e1lpebras e os c\u00edlios. Parece \u00f3bvio e f\u00e1cil, mas pouqu\u00edssimas pessoas t\u00eam este cuidado como h\u00e1bito na rotina di\u00e1ria. Fa\u00e7a essa \u201climpeza\u201d em crian\u00e7as e idosos que est\u00e3o sob sua responsabilidade. EVITE COLOCAR AS M\u00c3OS NOS OLHOS. Frequentemente levamos as m\u00e3os aos olhos, seja para co\u00e7ar, seja para limpar alguma sujeira maior que entrou. Fazemos isso inconscientemente, como um h\u00e1bito, sem pensar nas consequ\u00eancias. Nossas m\u00e3os s\u00e3o ve\u00edculos infal\u00edveis e comprovados de v\u00edrus ou bact\u00e9rias. Com as defesas das mucosas oculares rebaixadas por conta do ar seco e polu\u00eddo, qualquer agente infeccioso que penetre nos olhos encontra um ambiente prop\u00edcio para se proliferar e causar o desconforto da conjuntivite. Lavar as m\u00e3os com frequ\u00eancia, principalmente ao chegar da rua e de locais p\u00fablicos \u00e9 important\u00edssimo para evitar a contamina\u00e7\u00e3o n\u00e3o apenas dos seus olhos, mas tamb\u00e9m de suas vias respirat\u00f3rias e digestivas. &nbsp; N\u00c3O COMPARTILHE toalhas, len\u00e7os, fronhas ou maquiagem. Os agentes agressores podem ficar intactos nestes locais e contaminar os olhos de quem est\u00e1 suscept\u00edvel. &nbsp; Fique de olhos bem abertos e saud\u00e1veis. Sempre! Com G1","og_url":"https:\/\/noticiasemdestaque.com\/cd\/?p=3772","og_site_name":"Not&iacute;cias em Destaque","article_published_time":"2017-08-29T11:27:51+00:00","og_image":[{"width":300,"height":200,"url":"https:\/\/noticiasemdestaque.com\/cd\/wp-content\/uploads\/2017\/08\/OLHOS-300x200.jpg","type":"image\/jpeg"}],"author":"Not\u00edcias em Destaque","twitter_card":"summary_large_image","twitter_misc":{"Escrito por":"Not\u00edcias em Destaque","Est. tempo de leitura":"3 minutos"},"schema":{"@context":"https:\/\/schema.org","@graph":[{"@type":"Article","@id":"https:\/\/noticiasemdestaque.com\/cd\/?p=3772#article","isPartOf":{"@id":"https:\/\/noticiasemdestaque.com\/cd\/?p=3772"},"author":{"name":"Not\u00edcias em Destaque","@id":"https:\/\/noticiasemdestaque.com\/cd\/#\/schema\/person\/21320b03a7e8bb90128938dafc9b908a"},"headline":"Conjuntivite: tr\u00eas dicas para evitar","datePublished":"2017-08-29T11:27:51+00:00","mainEntityOfPage":{"@id":"https:\/\/noticiasemdestaque.com\/cd\/?p=3772"},"wordCount":570,"publisher":{"@id":"https:\/\/noticiasemdestaque.com\/cd\/#organization"},"image":{"@id":"https:\/\/noticiasemdestaque.com\/cd\/?p=3772#primaryimage"},"thumbnailUrl":"https:\/\/noticiasemdestaque.com\/cd\/wp-content\/uploads\/2017\/08\/OLHOS-300x200.jpg","articleSection":["Sa\u00fade"],"inLanguage":"pt-BR"},{"@type":"WebPage","@id":"https:\/\/noticiasemdestaque.com\/cd\/?p=3772","url":"https:\/\/noticiasemdestaque.com\/cd\/?p=3772","name":"Conjuntivite: tr\u00eas dicas para evitar - Not&iacute;cias em Destaque","isPartOf":{"@id":"https:\/\/noticiasemdestaque.com\/cd\/#website"},"primaryImageOfPage":{"@id":"https:\/\/noticiasemdestaque.com\/cd\/?p=3772#primaryimage"},"image":{"@id":"https:\/\/noticiasemdestaque.com\/cd\/?p=3772#primaryimage"},"thumbnailUrl":"https:\/\/noticiasemdestaque.com\/cd\/wp-content\/uploads\/2017\/08\/OLHOS-300x200.jpg","datePublished":"2017-08-29T11:27:51+00:00","breadcrumb":{"@id":"https:\/\/noticiasemdestaque.com\/cd\/?p=3772#breadcrumb"},"inLanguage":"pt-BR","potentialAction":[{"@type":"ReadAction","target":["https:\/\/noticiasemdestaque.com\/cd\/?p=3772"]}]},{"@type":"ImageObject","inLanguage":"pt-BR","@id":"https:\/\/noticiasemdestaque.com\/cd\/?p=3772#primaryimage","url":"https:\/\/noticiasemdestaque.com\/cd\/wp-content\/uploads\/2017\/08\/OLHOS-300x200.jpg","contentUrl":"https:\/\/noticiasemdestaque.com\/cd\/wp-content\/uploads\/2017\/08\/OLHOS-300x200.jpg","width":300,"height":200},{"@type":"BreadcrumbList","@id":"https:\/\/noticiasemdestaque.com\/cd\/?p=3772#breadcrumb","itemListElement":[{"@type":"ListItem","position":1,"name":"In\u00edcio","item":"https:\/\/noticiasemdestaque.com\/cd\/"},{"@type":"ListItem","position":2,"name":"Conjuntivite: tr\u00eas dicas para evitar"}]},{"@type":"WebSite","@id":"https:\/\/noticiasemdestaque.com\/cd\/#website","url":"https:\/\/noticiasemdestaque.com\/cd\/","name":"Not&iacute;cias em Destaque","description":"","publisher":{"@id":"https:\/\/noticiasemdestaque.com\/cd\/#organization"},"potentialAction":[{"@type":"SearchAction","target":{"@type":"EntryPoint","urlTemplate":"https:\/\/noticiasemdestaque.com\/cd\/?s={search_term_string}"},"query-input":{"@type":"PropertyValueSpecification","valueRequired":true,"valueName":"search_term_string"}}],"inLanguage":"pt-BR"},{"@type":"Organization","@id":"https:\/\/noticiasemdestaque.com\/cd\/#organization","name":"Not\u00edcias em Destaque","url":"https:\/\/noticiasemdestaque.com\/cd\/","logo":{"@type":"ImageObject","inLanguage":"pt-BR","@id":"https:\/\/noticiasemdestaque.com\/cd\/#\/schema\/logo\/image\/","url":"https:\/\/noticiasemdestaque.com\/cd\/wp-content\/uploads\/2022\/05\/imagem-base-noticiasemdestaque.png","contentUrl":"https:\/\/noticiasemdestaque.com\/cd\/wp-content\/uploads\/2022\/05\/imagem-base-noticiasemdestaque.png","width":1200,"height":630,"caption":"Not\u00edcias em Destaque"},"image":{"@id":"https:\/\/noticiasemdestaque.com\/cd\/#\/schema\/logo\/image\/"}},{"@type":"Person","@id":"https:\/\/noticiasemdestaque.com\/cd\/#\/schema\/person\/21320b03a7e8bb90128938dafc9b908a","name":"Not\u00edcias em Destaque","url":"https:\/\/noticiasemdestaque.com\/cd\/?author=2"}]}},"jetpack_featured_media_url":"https:\/\/noticiasemdestaque.com\/cd\/wp-content\/uploads\/2017\/08\/OLHOS-300x200.jpg","jetpack_sharing_enabled":true,"_links":{"self":[{"href":"https:\/\/noticiasemdestaque.com\/cd\/index.php?rest_route=\/wp\/v2\/posts\/3772","targetHints":{"allow":["GET"]}}],"collection":[{"href":"https:\/\/noticiasemdestaque.com\/cd\/index.php?rest_route=\/wp\/v2\/posts"}],"about":[{"href":"https:\/\/noticiasemdestaque.com\/cd\/index.php?rest_route=\/wp\/v2\/types\/post"}],"author":[{"embeddable":true,"href":"https:\/\/noticiasemdestaque.com\/cd\/index.php?rest_route=\/wp\/v2\/users\/2"}],"replies":[{"embeddable":true,"href":"https:\/\/noticiasemdestaque.com\/cd\/index.php?rest_route=%2Fwp%2Fv2%2Fcomments&post=3772"}],"version-history":[{"count":1,"href":"https:\/\/noticiasemdestaque.com\/cd\/index.php?rest_route=\/wp\/v2\/posts\/3772\/revisions"}],"predecessor-version":[{"id":3774,"href":"https:\/\/noticiasemdestaque.com\/cd\/index.php?rest_route=\/wp\/v2\/posts\/3772\/revisions\/3774"}],"wp:featuredmedia":[{"embeddable":true,"href":"https:\/\/noticiasemdestaque.com\/cd\/index.php?rest_route=\/wp\/v2\/media\/3773"}],"wp:attachment":[{"href":"https:\/\/noticiasemdestaque.com\/cd\/index.php?rest_route=%2Fwp%2Fv2%2Fmedia&parent=3772"}],"wp:term":[{"taxonomy":"category","embeddable":true,"href":"https:\/\/noticiasemdestaque.com\/cd\/index.php?rest_route=%2Fwp%2Fv2%2Fcategories&post=3772"},{"taxonomy":"post_tag","embeddable":true,"href":"https:\/\/noticiasemdestaque.com\/cd\/index.php?rest_route=%2Fwp%2Fv2%2Ftags&post=3772"}],"curies":[{"name":"wp","href":"https:\/\/api.w.org\/{rel}","templated":true}]}}