{"id":3758,"date":"2017-08-29T07:54:18","date_gmt":"2017-08-29T10:54:18","guid":{"rendered":"http:\/\/caririemdestaque.com\/cd\/?p=3758"},"modified":"2017-08-29T07:54:18","modified_gmt":"2017-08-29T10:54:18","slug":"trocolli-junior-cobra-reforco-da-secretaria-de-seguranca-no-cariri","status":"publish","type":"post","link":"https:\/\/noticiasemdestaque.com\/cd\/?p=3758","title":{"rendered":"Tr\u00f3colli J\u00fanior cobra refor\u00e7o da Secretaria de Seguran\u00e7a no Cariri"},"content":{"rendered":"<p><a href=\"http:\/\/caririemdestaque.com\/cd\/wp-content\/uploads\/2017\/08\/trocolli_junior.jpg\"><img fetchpriority=\"high\" decoding=\"async\" class=\"alignleft wp-image-3759 size-medium\" src=\"http:\/\/caririemdestaque.com\/cd\/wp-content\/uploads\/2017\/08\/trocolli_junior-300x200.jpg\" alt=\"\" width=\"300\" height=\"200\" srcset=\"https:\/\/noticiasemdestaque.com\/cd\/wp-content\/uploads\/2017\/08\/trocolli_junior-300x200.jpg 300w, https:\/\/noticiasemdestaque.com\/cd\/wp-content\/uploads\/2017\/08\/trocolli_junior-768x513.jpg 768w, https:\/\/noticiasemdestaque.com\/cd\/wp-content\/uploads\/2017\/08\/trocolli_junior-480x320.jpg 480w, https:\/\/noticiasemdestaque.com\/cd\/wp-content\/uploads\/2017\/08\/trocolli_junior.jpg 876w\" sizes=\"(max-width: 300px) 100vw, 300px\" \/><\/a>O deputado estadual Tr\u00f3colli J\u00fanior (PSB) se prontificou solicitar da Secretaria de Seguran\u00e7a P\u00fablica do Estado medidas para combater assaltos, explos\u00f5es a banco e assassinatos no Cariri da Para\u00edba.<\/p>\n<p>O parlamentar foi recebido pelo secret\u00e1rio Cl\u00e1udio Lima e pelo secret\u00e1rio executivo Gean Nunes, que se prontificaram em buscar meios de refor\u00e7ar a seguran\u00e7a na regi\u00e3o, cobrando das autoridades locais a\u00e7\u00f5es e resultados no combate ao crime.<\/p>\n<p>Tr\u00f3colli revelou que sugeriu que as pol\u00edcias Civil e Militar busquem fazer opera\u00e7\u00f5es conjuntas com a do estado vizinho Pernambuco, j\u00e1 que o munic\u00edpio de Monteiro, por exemplo, faz divisa com o Pernambuco e \u00e9 considerado como rota de criminosos de outros estados.<\/p>\n<p>Segundo Tr\u00f3colli, seu pleito foi muito bem recebido por Cl\u00e1udio Lima e Gean, que se comprometeram em buscar meios de refor\u00e7ar ainda mais seguran\u00e7a na regi\u00e3o do Cariri, que assim como outras localidades do pa\u00eds, vivencia o crescimento desenfreado da criminalidade.<\/p>\n<p>\u201cSabemos que \u00e9 dever do Estado proporcionar seguran\u00e7a \u00e0 popula\u00e7\u00e3o, e \u00e9 por isso que na qualidade de aliado do Governo e por ter forte liga\u00e7\u00e3o como Cariri, que tratei de abra\u00e7ar esta causa e cobrar meios de refor\u00e7ar a atua\u00e7\u00e3o policial na localidade. O governo tem se esfor\u00e7ado e vai se esfor\u00e7ar ainda mais para ajudar a regi\u00e3o\u201d, comentou o parlamentar.<\/p>\n","protected":false},"excerpt":{"rendered":"<p>O deputado estadual Tr\u00f3colli J\u00fanior (PSB) se prontificou solicitar da Secretaria de Seguran\u00e7a P\u00fablica do Estado medidas para combater assaltos, explos\u00f5es a banco e assassinatos no Cariri da Para\u00edba. O parlamentar foi recebido pelo secret\u00e1rio Cl\u00e1udio Lima e pelo secret\u00e1rio executivo Gean Nunes, que se prontificaram em buscar meios de refor\u00e7ar a seguran\u00e7a na regi\u00e3o, cobrando das autoridades locais a\u00e7\u00f5es e resultados no combate ao crime. Tr\u00f3colli revelou que sugeriu que as pol\u00edcias Civil e Militar busquem fazer opera\u00e7\u00f5es conjuntas com a do estado vizinho Pernambuco, j\u00e1 que o munic\u00edpio de Monteiro, por exemplo, faz divisa com o Pernambuco e \u00e9 considerado como rota de criminosos de outros estados. Segundo Tr\u00f3colli, seu pleito foi muito bem recebido por Cl\u00e1udio Lima e Gean, que se comprometeram em buscar meios de refor\u00e7ar ainda mais seguran\u00e7a na regi\u00e3o do Cariri, que assim como outras localidades do pa\u00eds, vivencia o crescimento desenfreado da criminalidade. \u201cSabemos que \u00e9 dever do Estado proporcionar seguran\u00e7a \u00e0 popula\u00e7\u00e3o, e \u00e9 por isso que na qualidade de aliado do Governo e por ter forte liga\u00e7\u00e3o como Cariri, que tratei de abra\u00e7ar esta causa e cobrar meios de refor\u00e7ar a atua\u00e7\u00e3o policial na localidade. O governo tem se esfor\u00e7ado e vai se esfor\u00e7ar ainda mais para ajudar a regi\u00e3o\u201d, comentou o parlamentar.<\/p>\n","protected":false},"author":2,"featured_media":3759,"comment_status":"closed","ping_status":"open","sticky":false,"template":"","format":"standard","meta":{"_eb_attr":"","_jetpack_memberships_contains_paid_content":false,"footnotes":""},"categories":[3],"tags":[],"class_list":["post-3758","post","type-post","status-publish","format-standard","has-post-thumbnail","hentry","category-cidades"],"yoast_head":"<!-- This site is optimized with the Yoast SEO plugin v26.5 - https:\/\/yoast.com\/wordpress\/plugins\/seo\/ -->\n<title>Tr\u00f3colli J\u00fanior cobra refor\u00e7o da Secretaria de Seguran\u00e7a no Cariri - Not&iacute;cias em Destaque<\/title>\n<meta name=\"robots\" content=\"index, follow, max-snippet:-1, max-image-preview:large, max-video-preview:-1\" \/>\n<link rel=\"canonical\" href=\"https:\/\/noticiasemdestaque.com\/cd\/?p=3758\" \/>\n<meta property=\"og:locale\" content=\"pt_BR\" \/>\n<meta property=\"og:type\" content=\"article\" \/>\n<meta property=\"og:title\" content=\"Tr\u00f3colli J\u00fanior cobra refor\u00e7o da Secretaria de Seguran\u00e7a no Cariri - Not&iacute;cias em Destaque\" \/>\n<meta property=\"og:description\" content=\"O deputado estadual Tr\u00f3colli J\u00fanior (PSB) se prontificou solicitar da Secretaria de Seguran\u00e7a P\u00fablica do Estado medidas para combater assaltos, explos\u00f5es a banco e assassinatos no Cariri da Para\u00edba. O parlamentar foi recebido pelo secret\u00e1rio Cl\u00e1udio Lima e pelo secret\u00e1rio executivo Gean Nunes, que se prontificaram em buscar meios de refor\u00e7ar a seguran\u00e7a na regi\u00e3o, cobrando das autoridades locais a\u00e7\u00f5es e resultados no combate ao crime. Tr\u00f3colli revelou que sugeriu que as pol\u00edcias Civil e Militar busquem fazer opera\u00e7\u00f5es conjuntas com a do estado vizinho Pernambuco, j\u00e1 que o munic\u00edpio de Monteiro, por exemplo, faz divisa com o Pernambuco e \u00e9 considerado como rota de criminosos de outros estados. Segundo Tr\u00f3colli, seu pleito foi muito bem recebido por Cl\u00e1udio Lima e Gean, que se comprometeram em buscar meios de refor\u00e7ar ainda mais seguran\u00e7a na regi\u00e3o do Cariri, que assim como outras localidades do pa\u00eds, vivencia o crescimento desenfreado da criminalidade. \u201cSabemos que \u00e9 dever do Estado proporcionar seguran\u00e7a \u00e0 popula\u00e7\u00e3o, e \u00e9 por isso que na qualidade de aliado do Governo e por ter forte liga\u00e7\u00e3o como Cariri, que tratei de abra\u00e7ar esta causa e cobrar meios de refor\u00e7ar a atua\u00e7\u00e3o policial na localidade. O governo tem se esfor\u00e7ado e vai se esfor\u00e7ar ainda mais para ajudar a regi\u00e3o\u201d, comentou o parlamentar.\" \/>\n<meta property=\"og:url\" content=\"https:\/\/noticiasemdestaque.com\/cd\/?p=3758\" \/>\n<meta property=\"og:site_name\" content=\"Not&iacute;cias em Destaque\" \/>\n<meta property=\"article:published_time\" content=\"2017-08-29T10:54:18+00:00\" \/>\n<meta property=\"og:image\" content=\"https:\/\/noticiasemdestaque.com\/cd\/wp-content\/uploads\/2017\/08\/trocolli_junior.jpg\" \/>\n\t<meta property=\"og:image:width\" content=\"876\" \/>\n\t<meta property=\"og:image:height\" content=\"585\" \/>\n\t<meta property=\"og:image:type\" content=\"image\/jpeg\" \/>\n<meta name=\"author\" content=\"Not\u00edcias em Destaque\" \/>\n<meta name=\"twitter:card\" content=\"summary_large_image\" \/>\n<meta name=\"twitter:label1\" content=\"Escrito por\" \/>\n\t<meta name=\"twitter:data1\" content=\"Not\u00edcias em Destaque\" \/>\n\t<meta name=\"twitter:label2\" content=\"Est. tempo de leitura\" \/>\n\t<meta name=\"twitter:data2\" content=\"1 minuto\" \/>\n<script type=\"application\/ld+json\" class=\"yoast-schema-graph\">{\"@context\":\"https:\/\/schema.org\",\"@graph\":[{\"@type\":\"Article\",\"@id\":\"https:\/\/noticiasemdestaque.com\/cd\/?p=3758#article\",\"isPartOf\":{\"@id\":\"https:\/\/noticiasemdestaque.com\/cd\/?p=3758\"},\"author\":{\"name\":\"Not\u00edcias em Destaque\",\"@id\":\"https:\/\/noticiasemdestaque.com\/cd\/#\/schema\/person\/21320b03a7e8bb90128938dafc9b908a\"},\"headline\":\"Tr\u00f3colli J\u00fanior cobra refor\u00e7o da Secretaria de Seguran\u00e7a no Cariri\",\"datePublished\":\"2017-08-29T10:54:18+00:00\",\"mainEntityOfPage\":{\"@id\":\"https:\/\/noticiasemdestaque.com\/cd\/?p=3758\"},\"wordCount\":254,\"publisher\":{\"@id\":\"https:\/\/noticiasemdestaque.com\/cd\/#organization\"},\"image\":{\"@id\":\"https:\/\/noticiasemdestaque.com\/cd\/?p=3758#primaryimage\"},\"thumbnailUrl\":\"https:\/\/noticiasemdestaque.com\/cd\/wp-content\/uploads\/2017\/08\/trocolli_junior.jpg\",\"articleSection\":[\"Cidades\"],\"inLanguage\":\"pt-BR\"},{\"@type\":\"WebPage\",\"@id\":\"https:\/\/noticiasemdestaque.com\/cd\/?p=3758\",\"url\":\"https:\/\/noticiasemdestaque.com\/cd\/?p=3758\",\"name\":\"Tr\u00f3colli J\u00fanior cobra refor\u00e7o da Secretaria de Seguran\u00e7a no Cariri - Not&iacute;cias em Destaque\",\"isPartOf\":{\"@id\":\"https:\/\/noticiasemdestaque.com\/cd\/#website\"},\"primaryImageOfPage\":{\"@id\":\"https:\/\/noticiasemdestaque.com\/cd\/?p=3758#primaryimage\"},\"image\":{\"@id\":\"https:\/\/noticiasemdestaque.com\/cd\/?p=3758#primaryimage\"},\"thumbnailUrl\":\"https:\/\/noticiasemdestaque.com\/cd\/wp-content\/uploads\/2017\/08\/trocolli_junior.jpg\",\"datePublished\":\"2017-08-29T10:54:18+00:00\",\"breadcrumb\":{\"@id\":\"https:\/\/noticiasemdestaque.com\/cd\/?p=3758#breadcrumb\"},\"inLanguage\":\"pt-BR\",\"potentialAction\":[{\"@type\":\"ReadAction\",\"target\":[\"https:\/\/noticiasemdestaque.com\/cd\/?p=3758\"]}]},{\"@type\":\"ImageObject\",\"inLanguage\":\"pt-BR\",\"@id\":\"https:\/\/noticiasemdestaque.com\/cd\/?p=3758#primaryimage\",\"url\":\"https:\/\/noticiasemdestaque.com\/cd\/wp-content\/uploads\/2017\/08\/trocolli_junior.jpg\",\"contentUrl\":\"https:\/\/noticiasemdestaque.com\/cd\/wp-content\/uploads\/2017\/08\/trocolli_junior.jpg\",\"width\":876,\"height\":585},{\"@type\":\"BreadcrumbList\",\"@id\":\"https:\/\/noticiasemdestaque.com\/cd\/?p=3758#breadcrumb\",\"itemListElement\":[{\"@type\":\"ListItem\",\"position\":1,\"name\":\"In\u00edcio\",\"item\":\"https:\/\/noticiasemdestaque.com\/cd\/\"},{\"@type\":\"ListItem\",\"position\":2,\"name\":\"Tr\u00f3colli J\u00fanior cobra refor\u00e7o da Secretaria de Seguran\u00e7a no Cariri\"}]},{\"@type\":\"WebSite\",\"@id\":\"https:\/\/noticiasemdestaque.com\/cd\/#website\",\"url\":\"https:\/\/noticiasemdestaque.com\/cd\/\",\"name\":\"Not&iacute;cias em Destaque\",\"description\":\"\",\"publisher\":{\"@id\":\"https:\/\/noticiasemdestaque.com\/cd\/#organization\"},\"potentialAction\":[{\"@type\":\"SearchAction\",\"target\":{\"@type\":\"EntryPoint\",\"urlTemplate\":\"https:\/\/noticiasemdestaque.com\/cd\/?s={search_term_string}\"},\"query-input\":{\"@type\":\"PropertyValueSpecification\",\"valueRequired\":true,\"valueName\":\"search_term_string\"}}],\"inLanguage\":\"pt-BR\"},{\"@type\":\"Organization\",\"@id\":\"https:\/\/noticiasemdestaque.com\/cd\/#organization\",\"name\":\"Not\u00edcias em Destaque\",\"url\":\"https:\/\/noticiasemdestaque.com\/cd\/\",\"logo\":{\"@type\":\"ImageObject\",\"inLanguage\":\"pt-BR\",\"@id\":\"https:\/\/noticiasemdestaque.com\/cd\/#\/schema\/logo\/image\/\",\"url\":\"https:\/\/noticiasemdestaque.com\/cd\/wp-content\/uploads\/2022\/05\/imagem-base-noticiasemdestaque.png\",\"contentUrl\":\"https:\/\/noticiasemdestaque.com\/cd\/wp-content\/uploads\/2022\/05\/imagem-base-noticiasemdestaque.png\",\"width\":1200,\"height\":630,\"caption\":\"Not\u00edcias em Destaque\"},\"image\":{\"@id\":\"https:\/\/noticiasemdestaque.com\/cd\/#\/schema\/logo\/image\/\"}},{\"@type\":\"Person\",\"@id\":\"https:\/\/noticiasemdestaque.com\/cd\/#\/schema\/person\/21320b03a7e8bb90128938dafc9b908a\",\"name\":\"Not\u00edcias em Destaque\",\"url\":\"https:\/\/noticiasemdestaque.com\/cd\/?author=2\"}]}<\/script>\n<!-- \/ Yoast SEO plugin. -->","yoast_head_json":{"title":"Tr\u00f3colli J\u00fanior cobra refor\u00e7o da Secretaria de Seguran\u00e7a no Cariri - Not&iacute;cias em Destaque","robots":{"index":"index","follow":"follow","max-snippet":"max-snippet:-1","max-image-preview":"max-image-preview:large","max-video-preview":"max-video-preview:-1"},"canonical":"https:\/\/noticiasemdestaque.com\/cd\/?p=3758","og_locale":"pt_BR","og_type":"article","og_title":"Tr\u00f3colli J\u00fanior cobra refor\u00e7o da Secretaria de Seguran\u00e7a no Cariri - Not&iacute;cias em Destaque","og_description":"O deputado estadual Tr\u00f3colli J\u00fanior (PSB) se prontificou solicitar da Secretaria de Seguran\u00e7a P\u00fablica do Estado medidas para combater assaltos, explos\u00f5es a banco e assassinatos no Cariri da Para\u00edba. O parlamentar foi recebido pelo secret\u00e1rio Cl\u00e1udio Lima e pelo secret\u00e1rio executivo Gean Nunes, que se prontificaram em buscar meios de refor\u00e7ar a seguran\u00e7a na regi\u00e3o, cobrando das autoridades locais a\u00e7\u00f5es e resultados no combate ao crime. Tr\u00f3colli revelou que sugeriu que as pol\u00edcias Civil e Militar busquem fazer opera\u00e7\u00f5es conjuntas com a do estado vizinho Pernambuco, j\u00e1 que o munic\u00edpio de Monteiro, por exemplo, faz divisa com o Pernambuco e \u00e9 considerado como rota de criminosos de outros estados. Segundo Tr\u00f3colli, seu pleito foi muito bem recebido por Cl\u00e1udio Lima e Gean, que se comprometeram em buscar meios de refor\u00e7ar ainda mais seguran\u00e7a na regi\u00e3o do Cariri, que assim como outras localidades do pa\u00eds, vivencia o crescimento desenfreado da criminalidade. \u201cSabemos que \u00e9 dever do Estado proporcionar seguran\u00e7a \u00e0 popula\u00e7\u00e3o, e \u00e9 por isso que na qualidade de aliado do Governo e por ter forte liga\u00e7\u00e3o como Cariri, que tratei de abra\u00e7ar esta causa e cobrar meios de refor\u00e7ar a atua\u00e7\u00e3o policial na localidade. O governo tem se esfor\u00e7ado e vai se esfor\u00e7ar ainda mais para ajudar a regi\u00e3o\u201d, comentou o parlamentar.","og_url":"https:\/\/noticiasemdestaque.com\/cd\/?p=3758","og_site_name":"Not&iacute;cias em Destaque","article_published_time":"2017-08-29T10:54:18+00:00","og_image":[{"width":876,"height":585,"url":"https:\/\/noticiasemdestaque.com\/cd\/wp-content\/uploads\/2017\/08\/trocolli_junior.jpg","type":"image\/jpeg"}],"author":"Not\u00edcias em Destaque","twitter_card":"summary_large_image","twitter_misc":{"Escrito por":"Not\u00edcias em Destaque","Est. tempo de leitura":"1 minuto"},"schema":{"@context":"https:\/\/schema.org","@graph":[{"@type":"Article","@id":"https:\/\/noticiasemdestaque.com\/cd\/?p=3758#article","isPartOf":{"@id":"https:\/\/noticiasemdestaque.com\/cd\/?p=3758"},"author":{"name":"Not\u00edcias em Destaque","@id":"https:\/\/noticiasemdestaque.com\/cd\/#\/schema\/person\/21320b03a7e8bb90128938dafc9b908a"},"headline":"Tr\u00f3colli J\u00fanior cobra refor\u00e7o da Secretaria de Seguran\u00e7a no Cariri","datePublished":"2017-08-29T10:54:18+00:00","mainEntityOfPage":{"@id":"https:\/\/noticiasemdestaque.com\/cd\/?p=3758"},"wordCount":254,"publisher":{"@id":"https:\/\/noticiasemdestaque.com\/cd\/#organization"},"image":{"@id":"https:\/\/noticiasemdestaque.com\/cd\/?p=3758#primaryimage"},"thumbnailUrl":"https:\/\/noticiasemdestaque.com\/cd\/wp-content\/uploads\/2017\/08\/trocolli_junior.jpg","articleSection":["Cidades"],"inLanguage":"pt-BR"},{"@type":"WebPage","@id":"https:\/\/noticiasemdestaque.com\/cd\/?p=3758","url":"https:\/\/noticiasemdestaque.com\/cd\/?p=3758","name":"Tr\u00f3colli J\u00fanior cobra refor\u00e7o da Secretaria de Seguran\u00e7a no Cariri - Not&iacute;cias em Destaque","isPartOf":{"@id":"https:\/\/noticiasemdestaque.com\/cd\/#website"},"primaryImageOfPage":{"@id":"https:\/\/noticiasemdestaque.com\/cd\/?p=3758#primaryimage"},"image":{"@id":"https:\/\/noticiasemdestaque.com\/cd\/?p=3758#primaryimage"},"thumbnailUrl":"https:\/\/noticiasemdestaque.com\/cd\/wp-content\/uploads\/2017\/08\/trocolli_junior.jpg","datePublished":"2017-08-29T10:54:18+00:00","breadcrumb":{"@id":"https:\/\/noticiasemdestaque.com\/cd\/?p=3758#breadcrumb"},"inLanguage":"pt-BR","potentialAction":[{"@type":"ReadAction","target":["https:\/\/noticiasemdestaque.com\/cd\/?p=3758"]}]},{"@type":"ImageObject","inLanguage":"pt-BR","@id":"https:\/\/noticiasemdestaque.com\/cd\/?p=3758#primaryimage","url":"https:\/\/noticiasemdestaque.com\/cd\/wp-content\/uploads\/2017\/08\/trocolli_junior.jpg","contentUrl":"https:\/\/noticiasemdestaque.com\/cd\/wp-content\/uploads\/2017\/08\/trocolli_junior.jpg","width":876,"height":585},{"@type":"BreadcrumbList","@id":"https:\/\/noticiasemdestaque.com\/cd\/?p=3758#breadcrumb","itemListElement":[{"@type":"ListItem","position":1,"name":"In\u00edcio","item":"https:\/\/noticiasemdestaque.com\/cd\/"},{"@type":"ListItem","position":2,"name":"Tr\u00f3colli J\u00fanior cobra refor\u00e7o da Secretaria de Seguran\u00e7a no Cariri"}]},{"@type":"WebSite","@id":"https:\/\/noticiasemdestaque.com\/cd\/#website","url":"https:\/\/noticiasemdestaque.com\/cd\/","name":"Not&iacute;cias em Destaque","description":"","publisher":{"@id":"https:\/\/noticiasemdestaque.com\/cd\/#organization"},"potentialAction":[{"@type":"SearchAction","target":{"@type":"EntryPoint","urlTemplate":"https:\/\/noticiasemdestaque.com\/cd\/?s={search_term_string}"},"query-input":{"@type":"PropertyValueSpecification","valueRequired":true,"valueName":"search_term_string"}}],"inLanguage":"pt-BR"},{"@type":"Organization","@id":"https:\/\/noticiasemdestaque.com\/cd\/#organization","name":"Not\u00edcias em Destaque","url":"https:\/\/noticiasemdestaque.com\/cd\/","logo":{"@type":"ImageObject","inLanguage":"pt-BR","@id":"https:\/\/noticiasemdestaque.com\/cd\/#\/schema\/logo\/image\/","url":"https:\/\/noticiasemdestaque.com\/cd\/wp-content\/uploads\/2022\/05\/imagem-base-noticiasemdestaque.png","contentUrl":"https:\/\/noticiasemdestaque.com\/cd\/wp-content\/uploads\/2022\/05\/imagem-base-noticiasemdestaque.png","width":1200,"height":630,"caption":"Not\u00edcias em Destaque"},"image":{"@id":"https:\/\/noticiasemdestaque.com\/cd\/#\/schema\/logo\/image\/"}},{"@type":"Person","@id":"https:\/\/noticiasemdestaque.com\/cd\/#\/schema\/person\/21320b03a7e8bb90128938dafc9b908a","name":"Not\u00edcias em Destaque","url":"https:\/\/noticiasemdestaque.com\/cd\/?author=2"}]}},"jetpack_featured_media_url":"https:\/\/noticiasemdestaque.com\/cd\/wp-content\/uploads\/2017\/08\/trocolli_junior.jpg","jetpack_sharing_enabled":true,"_links":{"self":[{"href":"https:\/\/noticiasemdestaque.com\/cd\/index.php?rest_route=\/wp\/v2\/posts\/3758","targetHints":{"allow":["GET"]}}],"collection":[{"href":"https:\/\/noticiasemdestaque.com\/cd\/index.php?rest_route=\/wp\/v2\/posts"}],"about":[{"href":"https:\/\/noticiasemdestaque.com\/cd\/index.php?rest_route=\/wp\/v2\/types\/post"}],"author":[{"embeddable":true,"href":"https:\/\/noticiasemdestaque.com\/cd\/index.php?rest_route=\/wp\/v2\/users\/2"}],"replies":[{"embeddable":true,"href":"https:\/\/noticiasemdestaque.com\/cd\/index.php?rest_route=%2Fwp%2Fv2%2Fcomments&post=3758"}],"version-history":[{"count":1,"href":"https:\/\/noticiasemdestaque.com\/cd\/index.php?rest_route=\/wp\/v2\/posts\/3758\/revisions"}],"predecessor-version":[{"id":3760,"href":"https:\/\/noticiasemdestaque.com\/cd\/index.php?rest_route=\/wp\/v2\/posts\/3758\/revisions\/3760"}],"wp:featuredmedia":[{"embeddable":true,"href":"https:\/\/noticiasemdestaque.com\/cd\/index.php?rest_route=\/wp\/v2\/media\/3759"}],"wp:attachment":[{"href":"https:\/\/noticiasemdestaque.com\/cd\/index.php?rest_route=%2Fwp%2Fv2%2Fmedia&parent=3758"}],"wp:term":[{"taxonomy":"category","embeddable":true,"href":"https:\/\/noticiasemdestaque.com\/cd\/index.php?rest_route=%2Fwp%2Fv2%2Fcategories&post=3758"},{"taxonomy":"post_tag","embeddable":true,"href":"https:\/\/noticiasemdestaque.com\/cd\/index.php?rest_route=%2Fwp%2Fv2%2Ftags&post=3758"}],"curies":[{"name":"wp","href":"https:\/\/api.w.org\/{rel}","templated":true}]}}