{"id":37471,"date":"2022-03-09T10:29:51","date_gmt":"2022-03-09T13:29:51","guid":{"rendered":"http:\/\/noticiasemdestaque.com\/cd\/?p=37471"},"modified":"2022-03-09T10:29:51","modified_gmt":"2022-03-09T13:29:51","slug":"eden-duarte-busca-em-brasilia-liberar-recursos-para-o-cisco-e-secretarias-municipais","status":"publish","type":"post","link":"https:\/\/noticiasemdestaque.com\/cd\/?p=37471","title":{"rendered":"\u00c8den Duarte busca em Bras\u00edlia liberar recursos para o CISCO e secretarias municipais"},"content":{"rendered":"<p data-uw-styling-context=\"true\"><a href=\"https:\/\/noticiasemdestaque.com\/cd\/wp-content\/uploads\/2022\/03\/FOTO-3.jpeg\"><img fetchpriority=\"high\" decoding=\"async\" class=\"size-medium wp-image-37472 alignleft\" src=\"https:\/\/noticiasemdestaque.com\/cd\/wp-content\/uploads\/2022\/03\/FOTO-3-300x169.jpeg\" alt=\"\" width=\"300\" height=\"169\" srcset=\"https:\/\/noticiasemdestaque.com\/cd\/wp-content\/uploads\/2022\/03\/FOTO-3-300x169.jpeg 300w, https:\/\/noticiasemdestaque.com\/cd\/wp-content\/uploads\/2022\/03\/FOTO-3-1024x576.jpeg 1024w, https:\/\/noticiasemdestaque.com\/cd\/wp-content\/uploads\/2022\/03\/FOTO-3-768x432.jpeg 768w, https:\/\/noticiasemdestaque.com\/cd\/wp-content\/uploads\/2022\/03\/FOTO-3-1536x864.jpeg 1536w, https:\/\/noticiasemdestaque.com\/cd\/wp-content\/uploads\/2022\/03\/FOTO-3.jpeg 1600w\" sizes=\"(max-width: 300px) 100vw, 300px\" \/><\/a>O prefeito de Sum\u00e9 \u00c9den Duarte est\u00e1 em Bras\u00edlia cumprindo agenda administrativa junto a v\u00e1rios minist\u00e9rios e \u00f3rg\u00e3os federais, tratando sobre assuntos relacionados ao Cons\u00f3rcio Intermunicipal de Sa\u00fade do Cariri Ocidental (CISCO), o qual \u00e9 presidente, bem como assuntos da gest\u00e3o municipal.<\/p>\n<p data-uw-styling-context=\"true\">Em seu primeiro dia, junto a Funda\u00e7\u00e3o Nacional de Sa\u00fade \u2013 FUNASA, despachou com a Diretora do Departamento de Sa\u00fade Ambiental, Deborah Figueiredo Roberto, sobre projetos do CISCO, dentro da proposta de emenda do Deputado Federal Wellington Roberto que ultrapassam os R$ 14 milh\u00f5es, al\u00e9m da libera\u00e7\u00e3o de mais uma parcela do esgotamento sanit\u00e1rio.<\/p>\n<p data-uw-styling-context=\"true\">Voltou a cobrar celeridade na libera\u00e7\u00e3o de recursos dos conv\u00eanios de abastecimento de \u00e1gua das comunidades de: Pitombeira, Riach\u00e3o, Lagoa da Cruz e Carna\u00faba e o da comunidade de Santo Agostinho, bem como do conv\u00eanio para constru\u00e7\u00e3o do a\u00e7ude do s\u00edtio Porteiras, cujo projeto est\u00e1 em andamento.<\/p>\n<p data-uw-styling-context=\"true\">No FNDE tratou do projeto da nova escola, com 06 salas de aula, que ser\u00e1 constru\u00edda no antigo parque infantil (por tr\u00e1s de igreja matriz), fruto de mais uma emenda do deputado Wellington Roberto, al\u00e9m de buscar recursos para aquisi\u00e7\u00e3o de mais \u00f4nibus escolares, m\u00f3veis e equipamentos para as escolas municipais.<\/p>\n<p data-uw-styling-context=\"true\">Ainda no FNDE, procurou aprovar o projeto de arquitetura e de engenharia da amplia\u00e7\u00e3o, em mais 6 salas de aula da escola Z\u00e9lia Braz, na V\u00e1rzea Redonda. Nesse caso, os recursos j\u00e1 est\u00e3o assegurados.<\/p>\n<p data-uw-styling-context=\"true\">Encerrando a agenda do dia, esteve no Minist\u00e9rio do Desenvolvimento Regional (MDR) tratando da aquisi\u00e7\u00e3o de maquinas que ser\u00e3o utilizadas na zona urbana e rural do munic\u00edpio de Sum\u00e9, por meio da interven\u00e7\u00e3o igualmente do deputado Wellington Roberto. Ainda no MDR, deu sequ\u00eancia ao conv\u00eanio para aquisi\u00e7\u00e3o da perfuratriz de po\u00e7os que ir\u00e1 servir aos 18 munic\u00edpios que comp\u00f5e o Cisco.<\/p>\n<p data-uw-styling-context=\"true\">No MDR o prefeito \u00c9den esteve acompanhado do prefeito de Parari, Genival Queiroz, do atual e ex prefeito de S\u00e3o Jos\u00e9 dos Cordeiros, Fel\u00edcio Queiroz e Fernando Queiroz, respectivamente.<\/p>\n","protected":false},"excerpt":{"rendered":"<p>O prefeito de Sum\u00e9 \u00c9den Duarte est\u00e1 em Bras\u00edlia cumprindo agenda administrativa junto a v\u00e1rios minist\u00e9rios e \u00f3rg\u00e3os federais, tratando sobre assuntos relacionados ao Cons\u00f3rcio Intermunicipal de Sa\u00fade do Cariri Ocidental (CISCO), o qual \u00e9 presidente, bem como assuntos da gest\u00e3o municipal. Em seu primeiro dia, junto a Funda\u00e7\u00e3o Nacional de Sa\u00fade \u2013 FUNASA, despachou com a Diretora do Departamento de Sa\u00fade Ambiental, Deborah Figueiredo Roberto, sobre projetos do CISCO, dentro da proposta de emenda do Deputado Federal Wellington Roberto que ultrapassam os R$ 14 milh\u00f5es, al\u00e9m da libera\u00e7\u00e3o de mais uma parcela do esgotamento sanit\u00e1rio. Voltou a cobrar celeridade na libera\u00e7\u00e3o de recursos dos conv\u00eanios de abastecimento de \u00e1gua das comunidades de: Pitombeira, Riach\u00e3o, Lagoa da Cruz e Carna\u00faba e o da comunidade de Santo Agostinho, bem como do conv\u00eanio para constru\u00e7\u00e3o do a\u00e7ude do s\u00edtio Porteiras, cujo projeto est\u00e1 em andamento. No FNDE tratou do projeto da nova escola, com 06 salas de aula, que ser\u00e1 constru\u00edda no antigo parque infantil (por tr\u00e1s de igreja matriz), fruto de mais uma emenda do deputado Wellington Roberto, al\u00e9m de buscar recursos para aquisi\u00e7\u00e3o de mais \u00f4nibus escolares, m\u00f3veis e equipamentos para as escolas municipais. Ainda no FNDE, procurou aprovar o projeto de arquitetura e de engenharia da amplia\u00e7\u00e3o, em mais 6 salas de aula da escola Z\u00e9lia Braz, na V\u00e1rzea Redonda. Nesse caso, os recursos j\u00e1 est\u00e3o assegurados. Encerrando a agenda do dia, esteve no Minist\u00e9rio do Desenvolvimento Regional (MDR) tratando da aquisi\u00e7\u00e3o de maquinas que ser\u00e3o utilizadas na zona urbana e rural do munic\u00edpio de Sum\u00e9, por meio da interven\u00e7\u00e3o igualmente do deputado Wellington Roberto. Ainda no MDR, deu sequ\u00eancia ao conv\u00eanio para aquisi\u00e7\u00e3o da perfuratriz de po\u00e7os que ir\u00e1 servir aos 18 munic\u00edpios que comp\u00f5e o Cisco. No MDR o prefeito \u00c9den esteve acompanhado do prefeito de Parari, Genival Queiroz, do atual e ex prefeito de S\u00e3o Jos\u00e9 dos Cordeiros, Fel\u00edcio Queiroz e Fernando Queiroz, respectivamente.<\/p>\n","protected":false},"author":2,"featured_media":37472,"comment_status":"closed","ping_status":"open","sticky":false,"template":"","format":"standard","meta":{"_eb_attr":"","_jetpack_memberships_contains_paid_content":false,"footnotes":""},"categories":[3],"tags":[],"class_list":["post-37471","post","type-post","status-publish","format-standard","has-post-thumbnail","hentry","category-cidades"],"yoast_head":"<!-- This site is optimized with the Yoast SEO plugin v26.5 - https:\/\/yoast.com\/wordpress\/plugins\/seo\/ -->\n<title>\u00c8den Duarte busca em Bras\u00edlia liberar recursos para o CISCO e secretarias municipais - Not&iacute;cias em Destaque<\/title>\n<meta name=\"robots\" content=\"index, follow, max-snippet:-1, max-image-preview:large, max-video-preview:-1\" \/>\n<link rel=\"canonical\" href=\"https:\/\/noticiasemdestaque.com\/cd\/?p=37471\" \/>\n<meta property=\"og:locale\" content=\"pt_BR\" \/>\n<meta property=\"og:type\" content=\"article\" \/>\n<meta property=\"og:title\" content=\"\u00c8den Duarte busca em Bras\u00edlia liberar recursos para o CISCO e secretarias municipais - Not&iacute;cias em Destaque\" \/>\n<meta property=\"og:description\" content=\"O prefeito de Sum\u00e9 \u00c9den Duarte est\u00e1 em Bras\u00edlia cumprindo agenda administrativa junto a v\u00e1rios minist\u00e9rios e \u00f3rg\u00e3os federais, tratando sobre assuntos relacionados ao Cons\u00f3rcio Intermunicipal de Sa\u00fade do Cariri Ocidental (CISCO), o qual \u00e9 presidente, bem como assuntos da gest\u00e3o municipal. Em seu primeiro dia, junto a Funda\u00e7\u00e3o Nacional de Sa\u00fade \u2013 FUNASA, despachou com a Diretora do Departamento de Sa\u00fade Ambiental, Deborah Figueiredo Roberto, sobre projetos do CISCO, dentro da proposta de emenda do Deputado Federal Wellington Roberto que ultrapassam os R$ 14 milh\u00f5es, al\u00e9m da libera\u00e7\u00e3o de mais uma parcela do esgotamento sanit\u00e1rio. Voltou a cobrar celeridade na libera\u00e7\u00e3o de recursos dos conv\u00eanios de abastecimento de \u00e1gua das comunidades de: Pitombeira, Riach\u00e3o, Lagoa da Cruz e Carna\u00faba e o da comunidade de Santo Agostinho, bem como do conv\u00eanio para constru\u00e7\u00e3o do a\u00e7ude do s\u00edtio Porteiras, cujo projeto est\u00e1 em andamento. No FNDE tratou do projeto da nova escola, com 06 salas de aula, que ser\u00e1 constru\u00edda no antigo parque infantil (por tr\u00e1s de igreja matriz), fruto de mais uma emenda do deputado Wellington Roberto, al\u00e9m de buscar recursos para aquisi\u00e7\u00e3o de mais \u00f4nibus escolares, m\u00f3veis e equipamentos para as escolas municipais. Ainda no FNDE, procurou aprovar o projeto de arquitetura e de engenharia da amplia\u00e7\u00e3o, em mais 6 salas de aula da escola Z\u00e9lia Braz, na V\u00e1rzea Redonda. Nesse caso, os recursos j\u00e1 est\u00e3o assegurados. Encerrando a agenda do dia, esteve no Minist\u00e9rio do Desenvolvimento Regional (MDR) tratando da aquisi\u00e7\u00e3o de maquinas que ser\u00e3o utilizadas na zona urbana e rural do munic\u00edpio de Sum\u00e9, por meio da interven\u00e7\u00e3o igualmente do deputado Wellington Roberto. Ainda no MDR, deu sequ\u00eancia ao conv\u00eanio para aquisi\u00e7\u00e3o da perfuratriz de po\u00e7os que ir\u00e1 servir aos 18 munic\u00edpios que comp\u00f5e o Cisco. No MDR o prefeito \u00c9den esteve acompanhado do prefeito de Parari, Genival Queiroz, do atual e ex prefeito de S\u00e3o Jos\u00e9 dos Cordeiros, Fel\u00edcio Queiroz e Fernando Queiroz, respectivamente.\" \/>\n<meta property=\"og:url\" content=\"https:\/\/noticiasemdestaque.com\/cd\/?p=37471\" \/>\n<meta property=\"og:site_name\" content=\"Not&iacute;cias em Destaque\" \/>\n<meta property=\"article:published_time\" content=\"2022-03-09T13:29:51+00:00\" \/>\n<meta property=\"og:image\" content=\"https:\/\/noticiasemdestaque.com\/cd\/wp-content\/uploads\/2022\/03\/FOTO-3.jpeg\" \/>\n\t<meta property=\"og:image:width\" content=\"1600\" \/>\n\t<meta property=\"og:image:height\" content=\"900\" \/>\n\t<meta property=\"og:image:type\" content=\"image\/jpeg\" \/>\n<meta name=\"author\" content=\"Not\u00edcias em Destaque\" \/>\n<meta name=\"twitter:card\" content=\"summary_large_image\" \/>\n<meta name=\"twitter:label1\" content=\"Escrito por\" \/>\n\t<meta name=\"twitter:data1\" content=\"Not\u00edcias em Destaque\" \/>\n\t<meta name=\"twitter:label2\" content=\"Est. tempo de leitura\" \/>\n\t<meta name=\"twitter:data2\" content=\"2 minutos\" \/>\n<script type=\"application\/ld+json\" class=\"yoast-schema-graph\">{\"@context\":\"https:\/\/schema.org\",\"@graph\":[{\"@type\":\"Article\",\"@id\":\"https:\/\/noticiasemdestaque.com\/cd\/?p=37471#article\",\"isPartOf\":{\"@id\":\"https:\/\/noticiasemdestaque.com\/cd\/?p=37471\"},\"author\":{\"name\":\"Not\u00edcias em Destaque\",\"@id\":\"https:\/\/noticiasemdestaque.com\/cd\/#\/schema\/person\/21320b03a7e8bb90128938dafc9b908a\"},\"headline\":\"\u00c8den Duarte busca em Bras\u00edlia liberar recursos para o CISCO e secretarias municipais\",\"datePublished\":\"2022-03-09T13:29:51+00:00\",\"mainEntityOfPage\":{\"@id\":\"https:\/\/noticiasemdestaque.com\/cd\/?p=37471\"},\"wordCount\":370,\"publisher\":{\"@id\":\"https:\/\/noticiasemdestaque.com\/cd\/#organization\"},\"image\":{\"@id\":\"https:\/\/noticiasemdestaque.com\/cd\/?p=37471#primaryimage\"},\"thumbnailUrl\":\"https:\/\/noticiasemdestaque.com\/cd\/wp-content\/uploads\/2022\/03\/FOTO-3.jpeg\",\"articleSection\":[\"Cidades\"],\"inLanguage\":\"pt-BR\"},{\"@type\":\"WebPage\",\"@id\":\"https:\/\/noticiasemdestaque.com\/cd\/?p=37471\",\"url\":\"https:\/\/noticiasemdestaque.com\/cd\/?p=37471\",\"name\":\"\u00c8den Duarte busca em Bras\u00edlia liberar recursos para o CISCO e secretarias municipais - Not&iacute;cias em Destaque\",\"isPartOf\":{\"@id\":\"https:\/\/noticiasemdestaque.com\/cd\/#website\"},\"primaryImageOfPage\":{\"@id\":\"https:\/\/noticiasemdestaque.com\/cd\/?p=37471#primaryimage\"},\"image\":{\"@id\":\"https:\/\/noticiasemdestaque.com\/cd\/?p=37471#primaryimage\"},\"thumbnailUrl\":\"https:\/\/noticiasemdestaque.com\/cd\/wp-content\/uploads\/2022\/03\/FOTO-3.jpeg\",\"datePublished\":\"2022-03-09T13:29:51+00:00\",\"breadcrumb\":{\"@id\":\"https:\/\/noticiasemdestaque.com\/cd\/?p=37471#breadcrumb\"},\"inLanguage\":\"pt-BR\",\"potentialAction\":[{\"@type\":\"ReadAction\",\"target\":[\"https:\/\/noticiasemdestaque.com\/cd\/?p=37471\"]}]},{\"@type\":\"ImageObject\",\"inLanguage\":\"pt-BR\",\"@id\":\"https:\/\/noticiasemdestaque.com\/cd\/?p=37471#primaryimage\",\"url\":\"https:\/\/noticiasemdestaque.com\/cd\/wp-content\/uploads\/2022\/03\/FOTO-3.jpeg\",\"contentUrl\":\"https:\/\/noticiasemdestaque.com\/cd\/wp-content\/uploads\/2022\/03\/FOTO-3.jpeg\",\"width\":1600,\"height\":900},{\"@type\":\"BreadcrumbList\",\"@id\":\"https:\/\/noticiasemdestaque.com\/cd\/?p=37471#breadcrumb\",\"itemListElement\":[{\"@type\":\"ListItem\",\"position\":1,\"name\":\"In\u00edcio\",\"item\":\"https:\/\/noticiasemdestaque.com\/cd\/\"},{\"@type\":\"ListItem\",\"position\":2,\"name\":\"\u00c8den Duarte busca em Bras\u00edlia liberar recursos para o CISCO e secretarias municipais\"}]},{\"@type\":\"WebSite\",\"@id\":\"https:\/\/noticiasemdestaque.com\/cd\/#website\",\"url\":\"https:\/\/noticiasemdestaque.com\/cd\/\",\"name\":\"Not&iacute;cias em Destaque\",\"description\":\"\",\"publisher\":{\"@id\":\"https:\/\/noticiasemdestaque.com\/cd\/#organization\"},\"potentialAction\":[{\"@type\":\"SearchAction\",\"target\":{\"@type\":\"EntryPoint\",\"urlTemplate\":\"https:\/\/noticiasemdestaque.com\/cd\/?s={search_term_string}\"},\"query-input\":{\"@type\":\"PropertyValueSpecification\",\"valueRequired\":true,\"valueName\":\"search_term_string\"}}],\"inLanguage\":\"pt-BR\"},{\"@type\":\"Organization\",\"@id\":\"https:\/\/noticiasemdestaque.com\/cd\/#organization\",\"name\":\"Not\u00edcias em Destaque\",\"url\":\"https:\/\/noticiasemdestaque.com\/cd\/\",\"logo\":{\"@type\":\"ImageObject\",\"inLanguage\":\"pt-BR\",\"@id\":\"https:\/\/noticiasemdestaque.com\/cd\/#\/schema\/logo\/image\/\",\"url\":\"https:\/\/noticiasemdestaque.com\/cd\/wp-content\/uploads\/2022\/05\/imagem-base-noticiasemdestaque.png\",\"contentUrl\":\"https:\/\/noticiasemdestaque.com\/cd\/wp-content\/uploads\/2022\/05\/imagem-base-noticiasemdestaque.png\",\"width\":1200,\"height\":630,\"caption\":\"Not\u00edcias em Destaque\"},\"image\":{\"@id\":\"https:\/\/noticiasemdestaque.com\/cd\/#\/schema\/logo\/image\/\"}},{\"@type\":\"Person\",\"@id\":\"https:\/\/noticiasemdestaque.com\/cd\/#\/schema\/person\/21320b03a7e8bb90128938dafc9b908a\",\"name\":\"Not\u00edcias em Destaque\",\"url\":\"https:\/\/noticiasemdestaque.com\/cd\/?author=2\"}]}<\/script>\n<!-- \/ Yoast SEO plugin. -->","yoast_head_json":{"title":"\u00c8den Duarte busca em Bras\u00edlia liberar recursos para o CISCO e secretarias municipais - Not&iacute;cias em Destaque","robots":{"index":"index","follow":"follow","max-snippet":"max-snippet:-1","max-image-preview":"max-image-preview:large","max-video-preview":"max-video-preview:-1"},"canonical":"https:\/\/noticiasemdestaque.com\/cd\/?p=37471","og_locale":"pt_BR","og_type":"article","og_title":"\u00c8den Duarte busca em Bras\u00edlia liberar recursos para o CISCO e secretarias municipais - Not&iacute;cias em Destaque","og_description":"O prefeito de Sum\u00e9 \u00c9den Duarte est\u00e1 em Bras\u00edlia cumprindo agenda administrativa junto a v\u00e1rios minist\u00e9rios e \u00f3rg\u00e3os federais, tratando sobre assuntos relacionados ao Cons\u00f3rcio Intermunicipal de Sa\u00fade do Cariri Ocidental (CISCO), o qual \u00e9 presidente, bem como assuntos da gest\u00e3o municipal. Em seu primeiro dia, junto a Funda\u00e7\u00e3o Nacional de Sa\u00fade \u2013 FUNASA, despachou com a Diretora do Departamento de Sa\u00fade Ambiental, Deborah Figueiredo Roberto, sobre projetos do CISCO, dentro da proposta de emenda do Deputado Federal Wellington Roberto que ultrapassam os R$ 14 milh\u00f5es, al\u00e9m da libera\u00e7\u00e3o de mais uma parcela do esgotamento sanit\u00e1rio. Voltou a cobrar celeridade na libera\u00e7\u00e3o de recursos dos conv\u00eanios de abastecimento de \u00e1gua das comunidades de: Pitombeira, Riach\u00e3o, Lagoa da Cruz e Carna\u00faba e o da comunidade de Santo Agostinho, bem como do conv\u00eanio para constru\u00e7\u00e3o do a\u00e7ude do s\u00edtio Porteiras, cujo projeto est\u00e1 em andamento. No FNDE tratou do projeto da nova escola, com 06 salas de aula, que ser\u00e1 constru\u00edda no antigo parque infantil (por tr\u00e1s de igreja matriz), fruto de mais uma emenda do deputado Wellington Roberto, al\u00e9m de buscar recursos para aquisi\u00e7\u00e3o de mais \u00f4nibus escolares, m\u00f3veis e equipamentos para as escolas municipais. Ainda no FNDE, procurou aprovar o projeto de arquitetura e de engenharia da amplia\u00e7\u00e3o, em mais 6 salas de aula da escola Z\u00e9lia Braz, na V\u00e1rzea Redonda. Nesse caso, os recursos j\u00e1 est\u00e3o assegurados. Encerrando a agenda do dia, esteve no Minist\u00e9rio do Desenvolvimento Regional (MDR) tratando da aquisi\u00e7\u00e3o de maquinas que ser\u00e3o utilizadas na zona urbana e rural do munic\u00edpio de Sum\u00e9, por meio da interven\u00e7\u00e3o igualmente do deputado Wellington Roberto. Ainda no MDR, deu sequ\u00eancia ao conv\u00eanio para aquisi\u00e7\u00e3o da perfuratriz de po\u00e7os que ir\u00e1 servir aos 18 munic\u00edpios que comp\u00f5e o Cisco. No MDR o prefeito \u00c9den esteve acompanhado do prefeito de Parari, Genival Queiroz, do atual e ex prefeito de S\u00e3o Jos\u00e9 dos Cordeiros, Fel\u00edcio Queiroz e Fernando Queiroz, respectivamente.","og_url":"https:\/\/noticiasemdestaque.com\/cd\/?p=37471","og_site_name":"Not&iacute;cias em Destaque","article_published_time":"2022-03-09T13:29:51+00:00","og_image":[{"width":1600,"height":900,"url":"https:\/\/noticiasemdestaque.com\/cd\/wp-content\/uploads\/2022\/03\/FOTO-3.jpeg","type":"image\/jpeg"}],"author":"Not\u00edcias em Destaque","twitter_card":"summary_large_image","twitter_misc":{"Escrito por":"Not\u00edcias em Destaque","Est. tempo de leitura":"2 minutos"},"schema":{"@context":"https:\/\/schema.org","@graph":[{"@type":"Article","@id":"https:\/\/noticiasemdestaque.com\/cd\/?p=37471#article","isPartOf":{"@id":"https:\/\/noticiasemdestaque.com\/cd\/?p=37471"},"author":{"name":"Not\u00edcias em Destaque","@id":"https:\/\/noticiasemdestaque.com\/cd\/#\/schema\/person\/21320b03a7e8bb90128938dafc9b908a"},"headline":"\u00c8den Duarte busca em Bras\u00edlia liberar recursos para o CISCO e secretarias municipais","datePublished":"2022-03-09T13:29:51+00:00","mainEntityOfPage":{"@id":"https:\/\/noticiasemdestaque.com\/cd\/?p=37471"},"wordCount":370,"publisher":{"@id":"https:\/\/noticiasemdestaque.com\/cd\/#organization"},"image":{"@id":"https:\/\/noticiasemdestaque.com\/cd\/?p=37471#primaryimage"},"thumbnailUrl":"https:\/\/noticiasemdestaque.com\/cd\/wp-content\/uploads\/2022\/03\/FOTO-3.jpeg","articleSection":["Cidades"],"inLanguage":"pt-BR"},{"@type":"WebPage","@id":"https:\/\/noticiasemdestaque.com\/cd\/?p=37471","url":"https:\/\/noticiasemdestaque.com\/cd\/?p=37471","name":"\u00c8den Duarte busca em Bras\u00edlia liberar recursos para o CISCO e secretarias municipais - Not&iacute;cias em Destaque","isPartOf":{"@id":"https:\/\/noticiasemdestaque.com\/cd\/#website"},"primaryImageOfPage":{"@id":"https:\/\/noticiasemdestaque.com\/cd\/?p=37471#primaryimage"},"image":{"@id":"https:\/\/noticiasemdestaque.com\/cd\/?p=37471#primaryimage"},"thumbnailUrl":"https:\/\/noticiasemdestaque.com\/cd\/wp-content\/uploads\/2022\/03\/FOTO-3.jpeg","datePublished":"2022-03-09T13:29:51+00:00","breadcrumb":{"@id":"https:\/\/noticiasemdestaque.com\/cd\/?p=37471#breadcrumb"},"inLanguage":"pt-BR","potentialAction":[{"@type":"ReadAction","target":["https:\/\/noticiasemdestaque.com\/cd\/?p=37471"]}]},{"@type":"ImageObject","inLanguage":"pt-BR","@id":"https:\/\/noticiasemdestaque.com\/cd\/?p=37471#primaryimage","url":"https:\/\/noticiasemdestaque.com\/cd\/wp-content\/uploads\/2022\/03\/FOTO-3.jpeg","contentUrl":"https:\/\/noticiasemdestaque.com\/cd\/wp-content\/uploads\/2022\/03\/FOTO-3.jpeg","width":1600,"height":900},{"@type":"BreadcrumbList","@id":"https:\/\/noticiasemdestaque.com\/cd\/?p=37471#breadcrumb","itemListElement":[{"@type":"ListItem","position":1,"name":"In\u00edcio","item":"https:\/\/noticiasemdestaque.com\/cd\/"},{"@type":"ListItem","position":2,"name":"\u00c8den Duarte busca em Bras\u00edlia liberar recursos para o CISCO e secretarias municipais"}]},{"@type":"WebSite","@id":"https:\/\/noticiasemdestaque.com\/cd\/#website","url":"https:\/\/noticiasemdestaque.com\/cd\/","name":"Not&iacute;cias em Destaque","description":"","publisher":{"@id":"https:\/\/noticiasemdestaque.com\/cd\/#organization"},"potentialAction":[{"@type":"SearchAction","target":{"@type":"EntryPoint","urlTemplate":"https:\/\/noticiasemdestaque.com\/cd\/?s={search_term_string}"},"query-input":{"@type":"PropertyValueSpecification","valueRequired":true,"valueName":"search_term_string"}}],"inLanguage":"pt-BR"},{"@type":"Organization","@id":"https:\/\/noticiasemdestaque.com\/cd\/#organization","name":"Not\u00edcias em Destaque","url":"https:\/\/noticiasemdestaque.com\/cd\/","logo":{"@type":"ImageObject","inLanguage":"pt-BR","@id":"https:\/\/noticiasemdestaque.com\/cd\/#\/schema\/logo\/image\/","url":"https:\/\/noticiasemdestaque.com\/cd\/wp-content\/uploads\/2022\/05\/imagem-base-noticiasemdestaque.png","contentUrl":"https:\/\/noticiasemdestaque.com\/cd\/wp-content\/uploads\/2022\/05\/imagem-base-noticiasemdestaque.png","width":1200,"height":630,"caption":"Not\u00edcias em Destaque"},"image":{"@id":"https:\/\/noticiasemdestaque.com\/cd\/#\/schema\/logo\/image\/"}},{"@type":"Person","@id":"https:\/\/noticiasemdestaque.com\/cd\/#\/schema\/person\/21320b03a7e8bb90128938dafc9b908a","name":"Not\u00edcias em Destaque","url":"https:\/\/noticiasemdestaque.com\/cd\/?author=2"}]}},"jetpack_featured_media_url":"https:\/\/noticiasemdestaque.com\/cd\/wp-content\/uploads\/2022\/03\/FOTO-3.jpeg","jetpack_sharing_enabled":true,"_links":{"self":[{"href":"https:\/\/noticiasemdestaque.com\/cd\/index.php?rest_route=\/wp\/v2\/posts\/37471","targetHints":{"allow":["GET"]}}],"collection":[{"href":"https:\/\/noticiasemdestaque.com\/cd\/index.php?rest_route=\/wp\/v2\/posts"}],"about":[{"href":"https:\/\/noticiasemdestaque.com\/cd\/index.php?rest_route=\/wp\/v2\/types\/post"}],"author":[{"embeddable":true,"href":"https:\/\/noticiasemdestaque.com\/cd\/index.php?rest_route=\/wp\/v2\/users\/2"}],"replies":[{"embeddable":true,"href":"https:\/\/noticiasemdestaque.com\/cd\/index.php?rest_route=%2Fwp%2Fv2%2Fcomments&post=37471"}],"version-history":[{"count":1,"href":"https:\/\/noticiasemdestaque.com\/cd\/index.php?rest_route=\/wp\/v2\/posts\/37471\/revisions"}],"predecessor-version":[{"id":37473,"href":"https:\/\/noticiasemdestaque.com\/cd\/index.php?rest_route=\/wp\/v2\/posts\/37471\/revisions\/37473"}],"wp:featuredmedia":[{"embeddable":true,"href":"https:\/\/noticiasemdestaque.com\/cd\/index.php?rest_route=\/wp\/v2\/media\/37472"}],"wp:attachment":[{"href":"https:\/\/noticiasemdestaque.com\/cd\/index.php?rest_route=%2Fwp%2Fv2%2Fmedia&parent=37471"}],"wp:term":[{"taxonomy":"category","embeddable":true,"href":"https:\/\/noticiasemdestaque.com\/cd\/index.php?rest_route=%2Fwp%2Fv2%2Fcategories&post=37471"},{"taxonomy":"post_tag","embeddable":true,"href":"https:\/\/noticiasemdestaque.com\/cd\/index.php?rest_route=%2Fwp%2Fv2%2Ftags&post=37471"}],"curies":[{"name":"wp","href":"https:\/\/api.w.org\/{rel}","templated":true}]}}