{"id":3731,"date":"2017-08-27T11:30:13","date_gmt":"2017-08-27T14:30:13","guid":{"rendered":"http:\/\/caririemdestaque.com\/cd\/?p=3731"},"modified":"2017-08-27T11:30:13","modified_gmt":"2017-08-27T14:30:13","slug":"ricardo-quer-reacao-da-esquerda-para-cima","status":"publish","type":"post","link":"https:\/\/noticiasemdestaque.com\/cd\/?p=3731","title":{"rendered":"Ricardo quer rea\u00e7\u00e3o da esquerda: \u201cPara cima\u201d"},"content":{"rendered":"<p>Em seu discurso durante ato p\u00fablico no Ponto de Cem R\u00e9is, neste s\u00e1bado (26), o governador Ricardo Coutinho enalteceu o ex-presidente Lula, quem avaliou como sendo o melhor presidente do Brasil. O socialista voltou a defender que a esquerda recupere seus espa\u00e7os.<\/p>\n<p>\u201cTemos que ir para cima, n\u00e3o tem como recuar. Recuperar o espa\u00e7o perdido, o tempo para fazer com que esse pa\u00eds volte a sorrir. Esse \u00e9 o nosso dever\u201d, pontuou.<\/p>\n<p>Nomeando o governo Michel Temer como um governo ileg\u00edtimo, Ricardo lembrou inclusive a pol\u00eamica em torno do fim do racionamento de \u00e1gua em Campina Grande.<\/p>\n<p>\u201cTem muita gente safada que merece estar atr\u00e1s das grades. N\u00e3o posso admitir que se passe dois nos em um rame-rame\u2019 com um triplex\u201d, afirmou Ricardo.<\/p>\n<p><strong><em>Cariri em Destaque <\/em><\/strong><\/p>\n<p>MaisPB<\/p>\n","protected":false},"excerpt":{"rendered":"<p>Em seu discurso durante ato p\u00fablico no Ponto de Cem R\u00e9is, neste s\u00e1bado (26), o governador Ricardo Coutinho enalteceu o ex-presidente Lula, quem avaliou como sendo o melhor presidente do Brasil. O socialista voltou a defender que a esquerda recupere seus espa\u00e7os. \u201cTemos que ir para cima, n\u00e3o tem como recuar. Recuperar o espa\u00e7o perdido, o tempo para fazer com que esse pa\u00eds volte a sorrir. Esse \u00e9 o nosso dever\u201d, pontuou. Nomeando o governo Michel Temer como um governo ileg\u00edtimo, Ricardo lembrou inclusive a pol\u00eamica em torno do fim do racionamento de \u00e1gua em Campina Grande. \u201cTem muita gente safada que merece estar atr\u00e1s das grades. N\u00e3o posso admitir que se passe dois nos em um rame-rame\u2019 com um triplex\u201d, afirmou Ricardo. Cariri em Destaque MaisPB<\/p>\n","protected":false},"author":2,"featured_media":3732,"comment_status":"closed","ping_status":"open","sticky":false,"template":"","format":"standard","meta":{"_eb_attr":"","_jetpack_memberships_contains_paid_content":false,"footnotes":""},"categories":[4],"tags":[],"class_list":["post-3731","post","type-post","status-publish","format-standard","has-post-thumbnail","hentry","category-politica"],"yoast_head":"<!-- This site is optimized with the Yoast SEO plugin v26.5 - https:\/\/yoast.com\/wordpress\/plugins\/seo\/ -->\n<title>Ricardo quer rea\u00e7\u00e3o da esquerda: \u201cPara cima\u201d - Not&iacute;cias em Destaque<\/title>\n<meta name=\"robots\" content=\"index, follow, max-snippet:-1, max-image-preview:large, max-video-preview:-1\" \/>\n<link rel=\"canonical\" href=\"https:\/\/noticiasemdestaque.com\/cd\/?p=3731\" \/>\n<meta property=\"og:locale\" content=\"pt_BR\" \/>\n<meta property=\"og:type\" content=\"article\" \/>\n<meta property=\"og:title\" content=\"Ricardo quer rea\u00e7\u00e3o da esquerda: \u201cPara cima\u201d - Not&iacute;cias em Destaque\" \/>\n<meta property=\"og:description\" content=\"Em seu discurso durante ato p\u00fablico no Ponto de Cem R\u00e9is, neste s\u00e1bado (26), o governador Ricardo Coutinho enalteceu o ex-presidente Lula, quem avaliou como sendo o melhor presidente do Brasil. O socialista voltou a defender que a esquerda recupere seus espa\u00e7os. \u201cTemos que ir para cima, n\u00e3o tem como recuar. Recuperar o espa\u00e7o perdido, o tempo para fazer com que esse pa\u00eds volte a sorrir. Esse \u00e9 o nosso dever\u201d, pontuou. Nomeando o governo Michel Temer como um governo ileg\u00edtimo, Ricardo lembrou inclusive a pol\u00eamica em torno do fim do racionamento de \u00e1gua em Campina Grande. \u201cTem muita gente safada que merece estar atr\u00e1s das grades. N\u00e3o posso admitir que se passe dois nos em um rame-rame\u2019 com um triplex\u201d, afirmou Ricardo. Cariri em Destaque MaisPB\" \/>\n<meta property=\"og:url\" content=\"https:\/\/noticiasemdestaque.com\/cd\/?p=3731\" \/>\n<meta property=\"og:site_name\" content=\"Not&iacute;cias em Destaque\" \/>\n<meta property=\"article:published_time\" content=\"2017-08-27T14:30:13+00:00\" \/>\n<meta property=\"og:image\" content=\"https:\/\/noticiasemdestaque.com\/cd\/wp-content\/uploads\/2017\/08\/21191918_1416100441792285_7774602452186373040_n-800x510.jpg\" \/>\n\t<meta property=\"og:image:width\" content=\"800\" \/>\n\t<meta property=\"og:image:height\" content=\"510\" \/>\n\t<meta property=\"og:image:type\" content=\"image\/jpeg\" \/>\n<meta name=\"author\" content=\"Not\u00edcias em Destaque\" \/>\n<meta name=\"twitter:card\" content=\"summary_large_image\" \/>\n<meta name=\"twitter:label1\" content=\"Escrito por\" \/>\n\t<meta name=\"twitter:data1\" content=\"Not\u00edcias em Destaque\" \/>\n\t<meta name=\"twitter:label2\" content=\"Est. tempo de leitura\" \/>\n\t<meta name=\"twitter:data2\" content=\"1 minuto\" \/>\n<script type=\"application\/ld+json\" class=\"yoast-schema-graph\">{\"@context\":\"https:\/\/schema.org\",\"@graph\":[{\"@type\":\"Article\",\"@id\":\"https:\/\/noticiasemdestaque.com\/cd\/?p=3731#article\",\"isPartOf\":{\"@id\":\"https:\/\/noticiasemdestaque.com\/cd\/?p=3731\"},\"author\":{\"name\":\"Not\u00edcias em Destaque\",\"@id\":\"https:\/\/noticiasemdestaque.com\/cd\/#\/schema\/person\/21320b03a7e8bb90128938dafc9b908a\"},\"headline\":\"Ricardo quer rea\u00e7\u00e3o da esquerda: \u201cPara cima\u201d\",\"datePublished\":\"2017-08-27T14:30:13+00:00\",\"mainEntityOfPage\":{\"@id\":\"https:\/\/noticiasemdestaque.com\/cd\/?p=3731\"},\"wordCount\":144,\"publisher\":{\"@id\":\"https:\/\/noticiasemdestaque.com\/cd\/#organization\"},\"image\":{\"@id\":\"https:\/\/noticiasemdestaque.com\/cd\/?p=3731#primaryimage\"},\"thumbnailUrl\":\"https:\/\/noticiasemdestaque.com\/cd\/wp-content\/uploads\/2017\/08\/21191918_1416100441792285_7774602452186373040_n-800x510.jpg\",\"articleSection\":[\"Pol\u00edtica\"],\"inLanguage\":\"pt-BR\"},{\"@type\":\"WebPage\",\"@id\":\"https:\/\/noticiasemdestaque.com\/cd\/?p=3731\",\"url\":\"https:\/\/noticiasemdestaque.com\/cd\/?p=3731\",\"name\":\"Ricardo quer rea\u00e7\u00e3o da esquerda: \u201cPara cima\u201d - Not&iacute;cias em Destaque\",\"isPartOf\":{\"@id\":\"https:\/\/noticiasemdestaque.com\/cd\/#website\"},\"primaryImageOfPage\":{\"@id\":\"https:\/\/noticiasemdestaque.com\/cd\/?p=3731#primaryimage\"},\"image\":{\"@id\":\"https:\/\/noticiasemdestaque.com\/cd\/?p=3731#primaryimage\"},\"thumbnailUrl\":\"https:\/\/noticiasemdestaque.com\/cd\/wp-content\/uploads\/2017\/08\/21191918_1416100441792285_7774602452186373040_n-800x510.jpg\",\"datePublished\":\"2017-08-27T14:30:13+00:00\",\"breadcrumb\":{\"@id\":\"https:\/\/noticiasemdestaque.com\/cd\/?p=3731#breadcrumb\"},\"inLanguage\":\"pt-BR\",\"potentialAction\":[{\"@type\":\"ReadAction\",\"target\":[\"https:\/\/noticiasemdestaque.com\/cd\/?p=3731\"]}]},{\"@type\":\"ImageObject\",\"inLanguage\":\"pt-BR\",\"@id\":\"https:\/\/noticiasemdestaque.com\/cd\/?p=3731#primaryimage\",\"url\":\"https:\/\/noticiasemdestaque.com\/cd\/wp-content\/uploads\/2017\/08\/21191918_1416100441792285_7774602452186373040_n-800x510.jpg\",\"contentUrl\":\"https:\/\/noticiasemdestaque.com\/cd\/wp-content\/uploads\/2017\/08\/21191918_1416100441792285_7774602452186373040_n-800x510.jpg\",\"width\":800,\"height\":510},{\"@type\":\"BreadcrumbList\",\"@id\":\"https:\/\/noticiasemdestaque.com\/cd\/?p=3731#breadcrumb\",\"itemListElement\":[{\"@type\":\"ListItem\",\"position\":1,\"name\":\"In\u00edcio\",\"item\":\"https:\/\/noticiasemdestaque.com\/cd\/\"},{\"@type\":\"ListItem\",\"position\":2,\"name\":\"Ricardo quer rea\u00e7\u00e3o da esquerda: \u201cPara cima\u201d\"}]},{\"@type\":\"WebSite\",\"@id\":\"https:\/\/noticiasemdestaque.com\/cd\/#website\",\"url\":\"https:\/\/noticiasemdestaque.com\/cd\/\",\"name\":\"Not&iacute;cias em Destaque\",\"description\":\"\",\"publisher\":{\"@id\":\"https:\/\/noticiasemdestaque.com\/cd\/#organization\"},\"potentialAction\":[{\"@type\":\"SearchAction\",\"target\":{\"@type\":\"EntryPoint\",\"urlTemplate\":\"https:\/\/noticiasemdestaque.com\/cd\/?s={search_term_string}\"},\"query-input\":{\"@type\":\"PropertyValueSpecification\",\"valueRequired\":true,\"valueName\":\"search_term_string\"}}],\"inLanguage\":\"pt-BR\"},{\"@type\":\"Organization\",\"@id\":\"https:\/\/noticiasemdestaque.com\/cd\/#organization\",\"name\":\"Not\u00edcias em Destaque\",\"url\":\"https:\/\/noticiasemdestaque.com\/cd\/\",\"logo\":{\"@type\":\"ImageObject\",\"inLanguage\":\"pt-BR\",\"@id\":\"https:\/\/noticiasemdestaque.com\/cd\/#\/schema\/logo\/image\/\",\"url\":\"https:\/\/noticiasemdestaque.com\/cd\/wp-content\/uploads\/2022\/05\/imagem-base-noticiasemdestaque.png\",\"contentUrl\":\"https:\/\/noticiasemdestaque.com\/cd\/wp-content\/uploads\/2022\/05\/imagem-base-noticiasemdestaque.png\",\"width\":1200,\"height\":630,\"caption\":\"Not\u00edcias em Destaque\"},\"image\":{\"@id\":\"https:\/\/noticiasemdestaque.com\/cd\/#\/schema\/logo\/image\/\"}},{\"@type\":\"Person\",\"@id\":\"https:\/\/noticiasemdestaque.com\/cd\/#\/schema\/person\/21320b03a7e8bb90128938dafc9b908a\",\"name\":\"Not\u00edcias em Destaque\",\"url\":\"https:\/\/noticiasemdestaque.com\/cd\/?author=2\"}]}<\/script>\n<!-- \/ Yoast SEO plugin. -->","yoast_head_json":{"title":"Ricardo quer rea\u00e7\u00e3o da esquerda: \u201cPara cima\u201d - Not&iacute;cias em Destaque","robots":{"index":"index","follow":"follow","max-snippet":"max-snippet:-1","max-image-preview":"max-image-preview:large","max-video-preview":"max-video-preview:-1"},"canonical":"https:\/\/noticiasemdestaque.com\/cd\/?p=3731","og_locale":"pt_BR","og_type":"article","og_title":"Ricardo quer rea\u00e7\u00e3o da esquerda: \u201cPara cima\u201d - Not&iacute;cias em Destaque","og_description":"Em seu discurso durante ato p\u00fablico no Ponto de Cem R\u00e9is, neste s\u00e1bado (26), o governador Ricardo Coutinho enalteceu o ex-presidente Lula, quem avaliou como sendo o melhor presidente do Brasil. O socialista voltou a defender que a esquerda recupere seus espa\u00e7os. \u201cTemos que ir para cima, n\u00e3o tem como recuar. Recuperar o espa\u00e7o perdido, o tempo para fazer com que esse pa\u00eds volte a sorrir. Esse \u00e9 o nosso dever\u201d, pontuou. Nomeando o governo Michel Temer como um governo ileg\u00edtimo, Ricardo lembrou inclusive a pol\u00eamica em torno do fim do racionamento de \u00e1gua em Campina Grande. \u201cTem muita gente safada que merece estar atr\u00e1s das grades. N\u00e3o posso admitir que se passe dois nos em um rame-rame\u2019 com um triplex\u201d, afirmou Ricardo. Cariri em Destaque MaisPB","og_url":"https:\/\/noticiasemdestaque.com\/cd\/?p=3731","og_site_name":"Not&iacute;cias em Destaque","article_published_time":"2017-08-27T14:30:13+00:00","og_image":[{"width":800,"height":510,"url":"https:\/\/noticiasemdestaque.com\/cd\/wp-content\/uploads\/2017\/08\/21191918_1416100441792285_7774602452186373040_n-800x510.jpg","type":"image\/jpeg"}],"author":"Not\u00edcias em Destaque","twitter_card":"summary_large_image","twitter_misc":{"Escrito por":"Not\u00edcias em Destaque","Est. tempo de leitura":"1 minuto"},"schema":{"@context":"https:\/\/schema.org","@graph":[{"@type":"Article","@id":"https:\/\/noticiasemdestaque.com\/cd\/?p=3731#article","isPartOf":{"@id":"https:\/\/noticiasemdestaque.com\/cd\/?p=3731"},"author":{"name":"Not\u00edcias em Destaque","@id":"https:\/\/noticiasemdestaque.com\/cd\/#\/schema\/person\/21320b03a7e8bb90128938dafc9b908a"},"headline":"Ricardo quer rea\u00e7\u00e3o da esquerda: \u201cPara cima\u201d","datePublished":"2017-08-27T14:30:13+00:00","mainEntityOfPage":{"@id":"https:\/\/noticiasemdestaque.com\/cd\/?p=3731"},"wordCount":144,"publisher":{"@id":"https:\/\/noticiasemdestaque.com\/cd\/#organization"},"image":{"@id":"https:\/\/noticiasemdestaque.com\/cd\/?p=3731#primaryimage"},"thumbnailUrl":"https:\/\/noticiasemdestaque.com\/cd\/wp-content\/uploads\/2017\/08\/21191918_1416100441792285_7774602452186373040_n-800x510.jpg","articleSection":["Pol\u00edtica"],"inLanguage":"pt-BR"},{"@type":"WebPage","@id":"https:\/\/noticiasemdestaque.com\/cd\/?p=3731","url":"https:\/\/noticiasemdestaque.com\/cd\/?p=3731","name":"Ricardo quer rea\u00e7\u00e3o da esquerda: \u201cPara cima\u201d - Not&iacute;cias em Destaque","isPartOf":{"@id":"https:\/\/noticiasemdestaque.com\/cd\/#website"},"primaryImageOfPage":{"@id":"https:\/\/noticiasemdestaque.com\/cd\/?p=3731#primaryimage"},"image":{"@id":"https:\/\/noticiasemdestaque.com\/cd\/?p=3731#primaryimage"},"thumbnailUrl":"https:\/\/noticiasemdestaque.com\/cd\/wp-content\/uploads\/2017\/08\/21191918_1416100441792285_7774602452186373040_n-800x510.jpg","datePublished":"2017-08-27T14:30:13+00:00","breadcrumb":{"@id":"https:\/\/noticiasemdestaque.com\/cd\/?p=3731#breadcrumb"},"inLanguage":"pt-BR","potentialAction":[{"@type":"ReadAction","target":["https:\/\/noticiasemdestaque.com\/cd\/?p=3731"]}]},{"@type":"ImageObject","inLanguage":"pt-BR","@id":"https:\/\/noticiasemdestaque.com\/cd\/?p=3731#primaryimage","url":"https:\/\/noticiasemdestaque.com\/cd\/wp-content\/uploads\/2017\/08\/21191918_1416100441792285_7774602452186373040_n-800x510.jpg","contentUrl":"https:\/\/noticiasemdestaque.com\/cd\/wp-content\/uploads\/2017\/08\/21191918_1416100441792285_7774602452186373040_n-800x510.jpg","width":800,"height":510},{"@type":"BreadcrumbList","@id":"https:\/\/noticiasemdestaque.com\/cd\/?p=3731#breadcrumb","itemListElement":[{"@type":"ListItem","position":1,"name":"In\u00edcio","item":"https:\/\/noticiasemdestaque.com\/cd\/"},{"@type":"ListItem","position":2,"name":"Ricardo quer rea\u00e7\u00e3o da esquerda: \u201cPara cima\u201d"}]},{"@type":"WebSite","@id":"https:\/\/noticiasemdestaque.com\/cd\/#website","url":"https:\/\/noticiasemdestaque.com\/cd\/","name":"Not&iacute;cias em Destaque","description":"","publisher":{"@id":"https:\/\/noticiasemdestaque.com\/cd\/#organization"},"potentialAction":[{"@type":"SearchAction","target":{"@type":"EntryPoint","urlTemplate":"https:\/\/noticiasemdestaque.com\/cd\/?s={search_term_string}"},"query-input":{"@type":"PropertyValueSpecification","valueRequired":true,"valueName":"search_term_string"}}],"inLanguage":"pt-BR"},{"@type":"Organization","@id":"https:\/\/noticiasemdestaque.com\/cd\/#organization","name":"Not\u00edcias em Destaque","url":"https:\/\/noticiasemdestaque.com\/cd\/","logo":{"@type":"ImageObject","inLanguage":"pt-BR","@id":"https:\/\/noticiasemdestaque.com\/cd\/#\/schema\/logo\/image\/","url":"https:\/\/noticiasemdestaque.com\/cd\/wp-content\/uploads\/2022\/05\/imagem-base-noticiasemdestaque.png","contentUrl":"https:\/\/noticiasemdestaque.com\/cd\/wp-content\/uploads\/2022\/05\/imagem-base-noticiasemdestaque.png","width":1200,"height":630,"caption":"Not\u00edcias em Destaque"},"image":{"@id":"https:\/\/noticiasemdestaque.com\/cd\/#\/schema\/logo\/image\/"}},{"@type":"Person","@id":"https:\/\/noticiasemdestaque.com\/cd\/#\/schema\/person\/21320b03a7e8bb90128938dafc9b908a","name":"Not\u00edcias em Destaque","url":"https:\/\/noticiasemdestaque.com\/cd\/?author=2"}]}},"jetpack_featured_media_url":"https:\/\/noticiasemdestaque.com\/cd\/wp-content\/uploads\/2017\/08\/21191918_1416100441792285_7774602452186373040_n-800x510.jpg","jetpack_sharing_enabled":true,"_links":{"self":[{"href":"https:\/\/noticiasemdestaque.com\/cd\/index.php?rest_route=\/wp\/v2\/posts\/3731","targetHints":{"allow":["GET"]}}],"collection":[{"href":"https:\/\/noticiasemdestaque.com\/cd\/index.php?rest_route=\/wp\/v2\/posts"}],"about":[{"href":"https:\/\/noticiasemdestaque.com\/cd\/index.php?rest_route=\/wp\/v2\/types\/post"}],"author":[{"embeddable":true,"href":"https:\/\/noticiasemdestaque.com\/cd\/index.php?rest_route=\/wp\/v2\/users\/2"}],"replies":[{"embeddable":true,"href":"https:\/\/noticiasemdestaque.com\/cd\/index.php?rest_route=%2Fwp%2Fv2%2Fcomments&post=3731"}],"version-history":[{"count":1,"href":"https:\/\/noticiasemdestaque.com\/cd\/index.php?rest_route=\/wp\/v2\/posts\/3731\/revisions"}],"predecessor-version":[{"id":3733,"href":"https:\/\/noticiasemdestaque.com\/cd\/index.php?rest_route=\/wp\/v2\/posts\/3731\/revisions\/3733"}],"wp:featuredmedia":[{"embeddable":true,"href":"https:\/\/noticiasemdestaque.com\/cd\/index.php?rest_route=\/wp\/v2\/media\/3732"}],"wp:attachment":[{"href":"https:\/\/noticiasemdestaque.com\/cd\/index.php?rest_route=%2Fwp%2Fv2%2Fmedia&parent=3731"}],"wp:term":[{"taxonomy":"category","embeddable":true,"href":"https:\/\/noticiasemdestaque.com\/cd\/index.php?rest_route=%2Fwp%2Fv2%2Fcategories&post=3731"},{"taxonomy":"post_tag","embeddable":true,"href":"https:\/\/noticiasemdestaque.com\/cd\/index.php?rest_route=%2Fwp%2Fv2%2Ftags&post=3731"}],"curies":[{"name":"wp","href":"https:\/\/api.w.org\/{rel}","templated":true}]}}