{"id":37140,"date":"2022-02-21T15:22:05","date_gmt":"2022-02-21T18:22:05","guid":{"rendered":"http:\/\/noticiasemdestaque.com\/cd\/?p=37140"},"modified":"2022-02-21T15:22:05","modified_gmt":"2022-02-21T18:22:05","slug":"veneziano-lanca-chapa-ao-governo-com-ricardo-para-o-senado","status":"publish","type":"post","link":"https:\/\/noticiasemdestaque.com\/cd\/?p=37140","title":{"rendered":"Veneziano lan\u00e7a chapa ao Governo com Ricardo para o Senado"},"content":{"rendered":"<p><a href=\"https:\/\/noticiasemdestaque.com\/cd\/wp-content\/uploads\/2022\/02\/csm_veneziano_ricardo_e_luciano_cartaxo_828591188d.jpeg\"><img fetchpriority=\"high\" decoding=\"async\" class=\"size-medium wp-image-37141 alignleft\" src=\"https:\/\/noticiasemdestaque.com\/cd\/wp-content\/uploads\/2022\/02\/csm_veneziano_ricardo_e_luciano_cartaxo_828591188d-300x202.jpeg\" alt=\"\" width=\"300\" height=\"202\" srcset=\"https:\/\/noticiasemdestaque.com\/cd\/wp-content\/uploads\/2022\/02\/csm_veneziano_ricardo_e_luciano_cartaxo_828591188d-300x202.jpeg 300w, https:\/\/noticiasemdestaque.com\/cd\/wp-content\/uploads\/2022\/02\/csm_veneziano_ricardo_e_luciano_cartaxo_828591188d.jpeg 687w\" sizes=\"(max-width: 300px) 100vw, 300px\" \/><\/a>O MDB lan\u00e7ou na manh\u00e3 desta segunda-feira (21) a pr\u00e9-candidatura do senador Veneziano Vital ao Governo do Estado com o ex-governador Ricardo Coutinho (PT) compondo a chapa majorit\u00e1ria como pr\u00e9-candidato ao Senado.<\/p>\n<p>Veneziano chegou ao local acompanhado por Ricardo Coutinho e pelo ex-prefeito de Jo\u00e3o Pessoa, Luciano Cartaxo. Ele disse acreditar que este ser\u00e1 o palanque do ex-presidente Lula na Para\u00edba e refor\u00e7a sua tese com base nas afirma\u00e7\u00f5es de dirigentes do partido e no pr\u00f3prio Lula. \u201cO pr\u00f3prio presidente sempre demonstrou, n\u00e3o apenas uma rela\u00e7\u00e3o pol\u00edtico partid\u00e1ria, mas uma rela\u00e7\u00e3o pessoal de confian\u00e7a em nosso nome\u201d, disse.<\/p>\n<p>Vital minimizou as dissid\u00eancias de Raniery e Roberto Paulino, filiados hist\u00f3ricos do MDB que n\u00e3o concordaram com a candidatura pr\u00f3pria e garantiram apoio \u00e0 reelei\u00e7\u00e3o do governador Jo\u00e3o Azev\u00eado. \u201cRespeitaremos as decis\u00f5es\u201d, garantiu, afirmando que o MDB e PT abra\u00e7am sua candidatura.<\/p>\n<p>A partir do lan\u00e7amento da chapa majorit\u00e1ria, Veneziano afirmou que ir\u00e1 trabalhar na formata\u00e7\u00e3o de propostas para dar uma din\u00e2mica operacional diferente ao estado.<\/p>\n<p>O presidente estadual do PT, Jackson Mac\u00eado, afirmou que este ser\u00e1 o palanque de Lula e do PT na Para\u00edba. Ele ressaltou que o partido n\u00e3o pode perder tempo com \u201ctraidores\u201d e atacou o governador Jo\u00e3o Azev\u00eado.<\/p>\n<p>MaisPB<\/p>\n","protected":false},"excerpt":{"rendered":"<p>O MDB lan\u00e7ou na manh\u00e3 desta segunda-feira (21) a pr\u00e9-candidatura do senador Veneziano Vital ao Governo do Estado com o ex-governador Ricardo Coutinho (PT) compondo a chapa majorit\u00e1ria como pr\u00e9-candidato ao Senado. Veneziano chegou ao local acompanhado por Ricardo Coutinho e pelo ex-prefeito de Jo\u00e3o Pessoa, Luciano Cartaxo. Ele disse acreditar que este ser\u00e1 o palanque do ex-presidente Lula na Para\u00edba e refor\u00e7a sua tese com base nas afirma\u00e7\u00f5es de dirigentes do partido e no pr\u00f3prio Lula. \u201cO pr\u00f3prio presidente sempre demonstrou, n\u00e3o apenas uma rela\u00e7\u00e3o pol\u00edtico partid\u00e1ria, mas uma rela\u00e7\u00e3o pessoal de confian\u00e7a em nosso nome\u201d, disse. Vital minimizou as dissid\u00eancias de Raniery e Roberto Paulino, filiados hist\u00f3ricos do MDB que n\u00e3o concordaram com a candidatura pr\u00f3pria e garantiram apoio \u00e0 reelei\u00e7\u00e3o do governador Jo\u00e3o Azev\u00eado. \u201cRespeitaremos as decis\u00f5es\u201d, garantiu, afirmando que o MDB e PT abra\u00e7am sua candidatura. A partir do lan\u00e7amento da chapa majorit\u00e1ria, Veneziano afirmou que ir\u00e1 trabalhar na formata\u00e7\u00e3o de propostas para dar uma din\u00e2mica operacional diferente ao estado. O presidente estadual do PT, Jackson Mac\u00eado, afirmou que este ser\u00e1 o palanque de Lula e do PT na Para\u00edba. Ele ressaltou que o partido n\u00e3o pode perder tempo com \u201ctraidores\u201d e atacou o governador Jo\u00e3o Azev\u00eado. MaisPB<\/p>\n","protected":false},"author":2,"featured_media":37141,"comment_status":"closed","ping_status":"open","sticky":false,"template":"","format":"standard","meta":{"_eb_attr":"","_jetpack_memberships_contains_paid_content":false,"footnotes":""},"categories":[12],"tags":[],"class_list":["post-37140","post","type-post","status-publish","format-standard","has-post-thumbnail","hentry","category-geral"],"yoast_head":"<!-- This site is optimized with the Yoast SEO plugin v26.5 - https:\/\/yoast.com\/wordpress\/plugins\/seo\/ -->\n<title>Veneziano lan\u00e7a chapa ao Governo com Ricardo para o Senado - Not&iacute;cias em Destaque<\/title>\n<meta name=\"robots\" content=\"index, follow, max-snippet:-1, max-image-preview:large, max-video-preview:-1\" \/>\n<link rel=\"canonical\" href=\"https:\/\/noticiasemdestaque.com\/cd\/?p=37140\" \/>\n<meta property=\"og:locale\" content=\"pt_BR\" \/>\n<meta property=\"og:type\" content=\"article\" \/>\n<meta property=\"og:title\" content=\"Veneziano lan\u00e7a chapa ao Governo com Ricardo para o Senado - Not&iacute;cias em Destaque\" \/>\n<meta property=\"og:description\" content=\"O MDB lan\u00e7ou na manh\u00e3 desta segunda-feira (21) a pr\u00e9-candidatura do senador Veneziano Vital ao Governo do Estado com o ex-governador Ricardo Coutinho (PT) compondo a chapa majorit\u00e1ria como pr\u00e9-candidato ao Senado. Veneziano chegou ao local acompanhado por Ricardo Coutinho e pelo ex-prefeito de Jo\u00e3o Pessoa, Luciano Cartaxo. Ele disse acreditar que este ser\u00e1 o palanque do ex-presidente Lula na Para\u00edba e refor\u00e7a sua tese com base nas afirma\u00e7\u00f5es de dirigentes do partido e no pr\u00f3prio Lula. \u201cO pr\u00f3prio presidente sempre demonstrou, n\u00e3o apenas uma rela\u00e7\u00e3o pol\u00edtico partid\u00e1ria, mas uma rela\u00e7\u00e3o pessoal de confian\u00e7a em nosso nome\u201d, disse. Vital minimizou as dissid\u00eancias de Raniery e Roberto Paulino, filiados hist\u00f3ricos do MDB que n\u00e3o concordaram com a candidatura pr\u00f3pria e garantiram apoio \u00e0 reelei\u00e7\u00e3o do governador Jo\u00e3o Azev\u00eado. \u201cRespeitaremos as decis\u00f5es\u201d, garantiu, afirmando que o MDB e PT abra\u00e7am sua candidatura. A partir do lan\u00e7amento da chapa majorit\u00e1ria, Veneziano afirmou que ir\u00e1 trabalhar na formata\u00e7\u00e3o de propostas para dar uma din\u00e2mica operacional diferente ao estado. O presidente estadual do PT, Jackson Mac\u00eado, afirmou que este ser\u00e1 o palanque de Lula e do PT na Para\u00edba. Ele ressaltou que o partido n\u00e3o pode perder tempo com \u201ctraidores\u201d e atacou o governador Jo\u00e3o Azev\u00eado. MaisPB\" \/>\n<meta property=\"og:url\" content=\"https:\/\/noticiasemdestaque.com\/cd\/?p=37140\" \/>\n<meta property=\"og:site_name\" content=\"Not&iacute;cias em Destaque\" \/>\n<meta property=\"article:published_time\" content=\"2022-02-21T18:22:05+00:00\" \/>\n<meta property=\"og:image\" content=\"https:\/\/noticiasemdestaque.com\/cd\/wp-content\/uploads\/2022\/02\/csm_veneziano_ricardo_e_luciano_cartaxo_828591188d.jpeg\" \/>\n\t<meta property=\"og:image:width\" content=\"687\" \/>\n\t<meta property=\"og:image:height\" content=\"463\" \/>\n\t<meta property=\"og:image:type\" content=\"image\/jpeg\" \/>\n<meta name=\"author\" content=\"Not\u00edcias em Destaque\" \/>\n<meta name=\"twitter:card\" content=\"summary_large_image\" \/>\n<meta name=\"twitter:label1\" content=\"Escrito por\" \/>\n\t<meta name=\"twitter:data1\" content=\"Not\u00edcias em Destaque\" \/>\n\t<meta name=\"twitter:label2\" content=\"Est. tempo de leitura\" \/>\n\t<meta name=\"twitter:data2\" content=\"1 minuto\" \/>\n<script type=\"application\/ld+json\" class=\"yoast-schema-graph\">{\"@context\":\"https:\/\/schema.org\",\"@graph\":[{\"@type\":\"Article\",\"@id\":\"https:\/\/noticiasemdestaque.com\/cd\/?p=37140#article\",\"isPartOf\":{\"@id\":\"https:\/\/noticiasemdestaque.com\/cd\/?p=37140\"},\"author\":{\"name\":\"Not\u00edcias em Destaque\",\"@id\":\"https:\/\/noticiasemdestaque.com\/cd\/#\/schema\/person\/9c05c6816b191977f47499b3494ace52\"},\"headline\":\"Veneziano lan\u00e7a chapa ao Governo com Ricardo para o Senado\",\"datePublished\":\"2022-02-21T18:22:05+00:00\",\"mainEntityOfPage\":{\"@id\":\"https:\/\/noticiasemdestaque.com\/cd\/?p=37140\"},\"wordCount\":245,\"publisher\":{\"@id\":\"https:\/\/noticiasemdestaque.com\/cd\/#organization\"},\"image\":{\"@id\":\"https:\/\/noticiasemdestaque.com\/cd\/?p=37140#primaryimage\"},\"thumbnailUrl\":\"https:\/\/noticiasemdestaque.com\/cd\/wp-content\/uploads\/2022\/02\/csm_veneziano_ricardo_e_luciano_cartaxo_828591188d.jpeg\",\"articleSection\":[\"Geral\"],\"inLanguage\":\"pt-BR\"},{\"@type\":\"WebPage\",\"@id\":\"https:\/\/noticiasemdestaque.com\/cd\/?p=37140\",\"url\":\"https:\/\/noticiasemdestaque.com\/cd\/?p=37140\",\"name\":\"Veneziano lan\u00e7a chapa ao Governo com Ricardo para o Senado - Not&iacute;cias em Destaque\",\"isPartOf\":{\"@id\":\"https:\/\/noticiasemdestaque.com\/cd\/#website\"},\"primaryImageOfPage\":{\"@id\":\"https:\/\/noticiasemdestaque.com\/cd\/?p=37140#primaryimage\"},\"image\":{\"@id\":\"https:\/\/noticiasemdestaque.com\/cd\/?p=37140#primaryimage\"},\"thumbnailUrl\":\"https:\/\/noticiasemdestaque.com\/cd\/wp-content\/uploads\/2022\/02\/csm_veneziano_ricardo_e_luciano_cartaxo_828591188d.jpeg\",\"datePublished\":\"2022-02-21T18:22:05+00:00\",\"breadcrumb\":{\"@id\":\"https:\/\/noticiasemdestaque.com\/cd\/?p=37140#breadcrumb\"},\"inLanguage\":\"pt-BR\",\"potentialAction\":[{\"@type\":\"ReadAction\",\"target\":[\"https:\/\/noticiasemdestaque.com\/cd\/?p=37140\"]}]},{\"@type\":\"ImageObject\",\"inLanguage\":\"pt-BR\",\"@id\":\"https:\/\/noticiasemdestaque.com\/cd\/?p=37140#primaryimage\",\"url\":\"https:\/\/noticiasemdestaque.com\/cd\/wp-content\/uploads\/2022\/02\/csm_veneziano_ricardo_e_luciano_cartaxo_828591188d.jpeg\",\"contentUrl\":\"https:\/\/noticiasemdestaque.com\/cd\/wp-content\/uploads\/2022\/02\/csm_veneziano_ricardo_e_luciano_cartaxo_828591188d.jpeg\",\"width\":687,\"height\":463},{\"@type\":\"BreadcrumbList\",\"@id\":\"https:\/\/noticiasemdestaque.com\/cd\/?p=37140#breadcrumb\",\"itemListElement\":[{\"@type\":\"ListItem\",\"position\":1,\"name\":\"In\u00edcio\",\"item\":\"https:\/\/noticiasemdestaque.com\/cd\/\"},{\"@type\":\"ListItem\",\"position\":2,\"name\":\"Veneziano lan\u00e7a chapa ao Governo com Ricardo para o Senado\"}]},{\"@type\":\"WebSite\",\"@id\":\"https:\/\/noticiasemdestaque.com\/cd\/#website\",\"url\":\"https:\/\/noticiasemdestaque.com\/cd\/\",\"name\":\"Not&iacute;cias em Destaque\",\"description\":\"\",\"publisher\":{\"@id\":\"https:\/\/noticiasemdestaque.com\/cd\/#organization\"},\"potentialAction\":[{\"@type\":\"SearchAction\",\"target\":{\"@type\":\"EntryPoint\",\"urlTemplate\":\"https:\/\/noticiasemdestaque.com\/cd\/?s={search_term_string}\"},\"query-input\":{\"@type\":\"PropertyValueSpecification\",\"valueRequired\":true,\"valueName\":\"search_term_string\"}}],\"inLanguage\":\"pt-BR\"},{\"@type\":\"Organization\",\"@id\":\"https:\/\/noticiasemdestaque.com\/cd\/#organization\",\"name\":\"Not\u00edcias em Destaque\",\"url\":\"https:\/\/noticiasemdestaque.com\/cd\/\",\"logo\":{\"@type\":\"ImageObject\",\"inLanguage\":\"pt-BR\",\"@id\":\"https:\/\/noticiasemdestaque.com\/cd\/#\/schema\/logo\/image\/\",\"url\":\"https:\/\/noticiasemdestaque.com\/cd\/wp-content\/uploads\/2022\/05\/imagem-base-noticiasemdestaque.png\",\"contentUrl\":\"https:\/\/noticiasemdestaque.com\/cd\/wp-content\/uploads\/2022\/05\/imagem-base-noticiasemdestaque.png\",\"width\":1200,\"height\":630,\"caption\":\"Not\u00edcias em Destaque\"},\"image\":{\"@id\":\"https:\/\/noticiasemdestaque.com\/cd\/#\/schema\/logo\/image\/\"}},{\"@type\":\"Person\",\"@id\":\"https:\/\/noticiasemdestaque.com\/cd\/#\/schema\/person\/9c05c6816b191977f47499b3494ace52\",\"name\":\"Not\u00edcias em Destaque\",\"url\":\"https:\/\/noticiasemdestaque.com\/cd\/?author=2\"}]}<\/script>\n<!-- \/ Yoast SEO plugin. -->","yoast_head_json":{"title":"Veneziano lan\u00e7a chapa ao Governo com Ricardo para o Senado - Not&iacute;cias em Destaque","robots":{"index":"index","follow":"follow","max-snippet":"max-snippet:-1","max-image-preview":"max-image-preview:large","max-video-preview":"max-video-preview:-1"},"canonical":"https:\/\/noticiasemdestaque.com\/cd\/?p=37140","og_locale":"pt_BR","og_type":"article","og_title":"Veneziano lan\u00e7a chapa ao Governo com Ricardo para o Senado - Not&iacute;cias em Destaque","og_description":"O MDB lan\u00e7ou na manh\u00e3 desta segunda-feira (21) a pr\u00e9-candidatura do senador Veneziano Vital ao Governo do Estado com o ex-governador Ricardo Coutinho (PT) compondo a chapa majorit\u00e1ria como pr\u00e9-candidato ao Senado. Veneziano chegou ao local acompanhado por Ricardo Coutinho e pelo ex-prefeito de Jo\u00e3o Pessoa, Luciano Cartaxo. Ele disse acreditar que este ser\u00e1 o palanque do ex-presidente Lula na Para\u00edba e refor\u00e7a sua tese com base nas afirma\u00e7\u00f5es de dirigentes do partido e no pr\u00f3prio Lula. \u201cO pr\u00f3prio presidente sempre demonstrou, n\u00e3o apenas uma rela\u00e7\u00e3o pol\u00edtico partid\u00e1ria, mas uma rela\u00e7\u00e3o pessoal de confian\u00e7a em nosso nome\u201d, disse. Vital minimizou as dissid\u00eancias de Raniery e Roberto Paulino, filiados hist\u00f3ricos do MDB que n\u00e3o concordaram com a candidatura pr\u00f3pria e garantiram apoio \u00e0 reelei\u00e7\u00e3o do governador Jo\u00e3o Azev\u00eado. \u201cRespeitaremos as decis\u00f5es\u201d, garantiu, afirmando que o MDB e PT abra\u00e7am sua candidatura. A partir do lan\u00e7amento da chapa majorit\u00e1ria, Veneziano afirmou que ir\u00e1 trabalhar na formata\u00e7\u00e3o de propostas para dar uma din\u00e2mica operacional diferente ao estado. O presidente estadual do PT, Jackson Mac\u00eado, afirmou que este ser\u00e1 o palanque de Lula e do PT na Para\u00edba. Ele ressaltou que o partido n\u00e3o pode perder tempo com \u201ctraidores\u201d e atacou o governador Jo\u00e3o Azev\u00eado. MaisPB","og_url":"https:\/\/noticiasemdestaque.com\/cd\/?p=37140","og_site_name":"Not&iacute;cias em Destaque","article_published_time":"2022-02-21T18:22:05+00:00","og_image":[{"width":687,"height":463,"url":"https:\/\/noticiasemdestaque.com\/cd\/wp-content\/uploads\/2022\/02\/csm_veneziano_ricardo_e_luciano_cartaxo_828591188d.jpeg","type":"image\/jpeg"}],"author":"Not\u00edcias em Destaque","twitter_card":"summary_large_image","twitter_misc":{"Escrito por":"Not\u00edcias em Destaque","Est. tempo de leitura":"1 minuto"},"schema":{"@context":"https:\/\/schema.org","@graph":[{"@type":"Article","@id":"https:\/\/noticiasemdestaque.com\/cd\/?p=37140#article","isPartOf":{"@id":"https:\/\/noticiasemdestaque.com\/cd\/?p=37140"},"author":{"name":"Not\u00edcias em Destaque","@id":"https:\/\/noticiasemdestaque.com\/cd\/#\/schema\/person\/9c05c6816b191977f47499b3494ace52"},"headline":"Veneziano lan\u00e7a chapa ao Governo com Ricardo para o Senado","datePublished":"2022-02-21T18:22:05+00:00","mainEntityOfPage":{"@id":"https:\/\/noticiasemdestaque.com\/cd\/?p=37140"},"wordCount":245,"publisher":{"@id":"https:\/\/noticiasemdestaque.com\/cd\/#organization"},"image":{"@id":"https:\/\/noticiasemdestaque.com\/cd\/?p=37140#primaryimage"},"thumbnailUrl":"https:\/\/noticiasemdestaque.com\/cd\/wp-content\/uploads\/2022\/02\/csm_veneziano_ricardo_e_luciano_cartaxo_828591188d.jpeg","articleSection":["Geral"],"inLanguage":"pt-BR"},{"@type":"WebPage","@id":"https:\/\/noticiasemdestaque.com\/cd\/?p=37140","url":"https:\/\/noticiasemdestaque.com\/cd\/?p=37140","name":"Veneziano lan\u00e7a chapa ao Governo com Ricardo para o Senado - Not&iacute;cias em Destaque","isPartOf":{"@id":"https:\/\/noticiasemdestaque.com\/cd\/#website"},"primaryImageOfPage":{"@id":"https:\/\/noticiasemdestaque.com\/cd\/?p=37140#primaryimage"},"image":{"@id":"https:\/\/noticiasemdestaque.com\/cd\/?p=37140#primaryimage"},"thumbnailUrl":"https:\/\/noticiasemdestaque.com\/cd\/wp-content\/uploads\/2022\/02\/csm_veneziano_ricardo_e_luciano_cartaxo_828591188d.jpeg","datePublished":"2022-02-21T18:22:05+00:00","breadcrumb":{"@id":"https:\/\/noticiasemdestaque.com\/cd\/?p=37140#breadcrumb"},"inLanguage":"pt-BR","potentialAction":[{"@type":"ReadAction","target":["https:\/\/noticiasemdestaque.com\/cd\/?p=37140"]}]},{"@type":"ImageObject","inLanguage":"pt-BR","@id":"https:\/\/noticiasemdestaque.com\/cd\/?p=37140#primaryimage","url":"https:\/\/noticiasemdestaque.com\/cd\/wp-content\/uploads\/2022\/02\/csm_veneziano_ricardo_e_luciano_cartaxo_828591188d.jpeg","contentUrl":"https:\/\/noticiasemdestaque.com\/cd\/wp-content\/uploads\/2022\/02\/csm_veneziano_ricardo_e_luciano_cartaxo_828591188d.jpeg","width":687,"height":463},{"@type":"BreadcrumbList","@id":"https:\/\/noticiasemdestaque.com\/cd\/?p=37140#breadcrumb","itemListElement":[{"@type":"ListItem","position":1,"name":"In\u00edcio","item":"https:\/\/noticiasemdestaque.com\/cd\/"},{"@type":"ListItem","position":2,"name":"Veneziano lan\u00e7a chapa ao Governo com Ricardo para o Senado"}]},{"@type":"WebSite","@id":"https:\/\/noticiasemdestaque.com\/cd\/#website","url":"https:\/\/noticiasemdestaque.com\/cd\/","name":"Not&iacute;cias em Destaque","description":"","publisher":{"@id":"https:\/\/noticiasemdestaque.com\/cd\/#organization"},"potentialAction":[{"@type":"SearchAction","target":{"@type":"EntryPoint","urlTemplate":"https:\/\/noticiasemdestaque.com\/cd\/?s={search_term_string}"},"query-input":{"@type":"PropertyValueSpecification","valueRequired":true,"valueName":"search_term_string"}}],"inLanguage":"pt-BR"},{"@type":"Organization","@id":"https:\/\/noticiasemdestaque.com\/cd\/#organization","name":"Not\u00edcias em Destaque","url":"https:\/\/noticiasemdestaque.com\/cd\/","logo":{"@type":"ImageObject","inLanguage":"pt-BR","@id":"https:\/\/noticiasemdestaque.com\/cd\/#\/schema\/logo\/image\/","url":"https:\/\/noticiasemdestaque.com\/cd\/wp-content\/uploads\/2022\/05\/imagem-base-noticiasemdestaque.png","contentUrl":"https:\/\/noticiasemdestaque.com\/cd\/wp-content\/uploads\/2022\/05\/imagem-base-noticiasemdestaque.png","width":1200,"height":630,"caption":"Not\u00edcias em Destaque"},"image":{"@id":"https:\/\/noticiasemdestaque.com\/cd\/#\/schema\/logo\/image\/"}},{"@type":"Person","@id":"https:\/\/noticiasemdestaque.com\/cd\/#\/schema\/person\/9c05c6816b191977f47499b3494ace52","name":"Not\u00edcias em Destaque","url":"https:\/\/noticiasemdestaque.com\/cd\/?author=2"}]}},"jetpack_featured_media_url":"https:\/\/noticiasemdestaque.com\/cd\/wp-content\/uploads\/2022\/02\/csm_veneziano_ricardo_e_luciano_cartaxo_828591188d.jpeg","jetpack_sharing_enabled":true,"_links":{"self":[{"href":"https:\/\/noticiasemdestaque.com\/cd\/index.php?rest_route=\/wp\/v2\/posts\/37140","targetHints":{"allow":["GET"]}}],"collection":[{"href":"https:\/\/noticiasemdestaque.com\/cd\/index.php?rest_route=\/wp\/v2\/posts"}],"about":[{"href":"https:\/\/noticiasemdestaque.com\/cd\/index.php?rest_route=\/wp\/v2\/types\/post"}],"author":[{"embeddable":true,"href":"https:\/\/noticiasemdestaque.com\/cd\/index.php?rest_route=\/wp\/v2\/users\/2"}],"replies":[{"embeddable":true,"href":"https:\/\/noticiasemdestaque.com\/cd\/index.php?rest_route=%2Fwp%2Fv2%2Fcomments&post=37140"}],"version-history":[{"count":1,"href":"https:\/\/noticiasemdestaque.com\/cd\/index.php?rest_route=\/wp\/v2\/posts\/37140\/revisions"}],"predecessor-version":[{"id":37142,"href":"https:\/\/noticiasemdestaque.com\/cd\/index.php?rest_route=\/wp\/v2\/posts\/37140\/revisions\/37142"}],"wp:featuredmedia":[{"embeddable":true,"href":"https:\/\/noticiasemdestaque.com\/cd\/index.php?rest_route=\/wp\/v2\/media\/37141"}],"wp:attachment":[{"href":"https:\/\/noticiasemdestaque.com\/cd\/index.php?rest_route=%2Fwp%2Fv2%2Fmedia&parent=37140"}],"wp:term":[{"taxonomy":"category","embeddable":true,"href":"https:\/\/noticiasemdestaque.com\/cd\/index.php?rest_route=%2Fwp%2Fv2%2Fcategories&post=37140"},{"taxonomy":"post_tag","embeddable":true,"href":"https:\/\/noticiasemdestaque.com\/cd\/index.php?rest_route=%2Fwp%2Fv2%2Ftags&post=37140"}],"curies":[{"name":"wp","href":"https:\/\/api.w.org\/{rel}","templated":true}]}}