{"id":37136,"date":"2022-02-21T15:06:29","date_gmt":"2022-02-21T18:06:29","guid":{"rendered":"http:\/\/noticiasemdestaque.com\/cd\/?p=37136"},"modified":"2022-02-21T15:06:29","modified_gmt":"2022-02-21T18:06:29","slug":"vereador-jose-antonio-prestigia-a-i-expofeira-da-agricultura-familiar-do-assentamento-mata","status":"publish","type":"post","link":"https:\/\/noticiasemdestaque.com\/cd\/?p=37136","title":{"rendered":"Vereador Jos\u00e9 Ant\u00f4nio prestigia a I Expofeira da Agricultura Familiar do Assentamento Mata\u00a0"},"content":{"rendered":"<p><a href=\"https:\/\/noticiasemdestaque.com\/cd\/wp-content\/uploads\/2022\/02\/jose-1.jpg\"><img fetchpriority=\"high\" decoding=\"async\" class=\"wp-image-37137 size-large aligncenter\" src=\"https:\/\/noticiasemdestaque.com\/cd\/wp-content\/uploads\/2022\/02\/jose-1-1024x498.jpg\" alt=\"\" width=\"1024\" height=\"498\" srcset=\"https:\/\/noticiasemdestaque.com\/cd\/wp-content\/uploads\/2022\/02\/jose-1-1024x498.jpg 1024w, https:\/\/noticiasemdestaque.com\/cd\/wp-content\/uploads\/2022\/02\/jose-1-300x146.jpg 300w, https:\/\/noticiasemdestaque.com\/cd\/wp-content\/uploads\/2022\/02\/jose-1-768x374.jpg 768w, https:\/\/noticiasemdestaque.com\/cd\/wp-content\/uploads\/2022\/02\/jose-1.jpg 1032w\" sizes=\"(max-width: 1024px) 100vw, 1024px\" \/><\/a><\/p>\n<p><span data-contrast=\"none\">O Vereador do munic\u00edpio de Sum\u00e9, Jos\u00e9 Ant\u00f4nio, participou no \u00faltimo s\u00e1bado (19), da I Expofeira do Assentamento Mata.<\/span><span data-ccp-props=\"{&quot;201341983&quot;:0,&quot;335551550&quot;:6,&quot;335551620&quot;:6,&quot;335559739&quot;:160,&quot;335559740&quot;:259}\">\u00a0<\/span><\/p>\n<p><span data-contrast=\"none\">A feira realizada na localidade \u00e9 fruto da agricultura familiar, sendo comercializado os produtos oriundos de pequenos agricultores da comunidade.<\/span><span data-ccp-props=\"{&quot;201341983&quot;:0,&quot;335551550&quot;:6,&quot;335551620&quot;:6,&quot;335559739&quot;:160,&quot;335559740&quot;:259}\">\u00a0<\/span><\/p>\n<p><a href=\"https:\/\/noticiasemdestaque.com\/cd\/wp-content\/uploads\/2022\/02\/jose-5.jpg\"><img decoding=\"async\" class=\"wp-image-37138 size-full aligncenter\" src=\"https:\/\/noticiasemdestaque.com\/cd\/wp-content\/uploads\/2022\/02\/jose-5.jpg\" alt=\"\" width=\"1000\" height=\"450\" srcset=\"https:\/\/noticiasemdestaque.com\/cd\/wp-content\/uploads\/2022\/02\/jose-5.jpg 1000w, https:\/\/noticiasemdestaque.com\/cd\/wp-content\/uploads\/2022\/02\/jose-5-300x135.jpg 300w, https:\/\/noticiasemdestaque.com\/cd\/wp-content\/uploads\/2022\/02\/jose-5-768x346.jpg 768w\" sizes=\"(max-width: 1000px) 100vw, 1000px\" \/><\/a><\/p>\n<p><span data-contrast=\"none\">A ideia \u00e9 tornar a feira mensal, com a oferta de produtos org\u00e2nicos, como hortali\u00e7as, frutas, queijos e artesanato.\u00a0<\/span><span data-ccp-props=\"{&quot;201341983&quot;:0,&quot;335551550&quot;:6,&quot;335551620&quot;:6,&quot;335559739&quot;:160,&quot;335559740&quot;:259}\">\u00a0<\/span><\/p>\n<p><span data-contrast=\"none\">O vereador Jos\u00e9 Ant\u00f4nio parabenizou os organizadores. \u201c\u00c9 de fundamental import\u00e2ncia essa organiza\u00e7\u00e3o da comunidade, valorizando a produ\u00e7\u00e3o local e gerando renda para os moradores\u201d, disse.\u00a0<\/span><span data-ccp-props=\"{&quot;201341983&quot;:0,&quot;335551550&quot;:6,&quot;335551620&quot;:6,&quot;335559739&quot;:160,&quot;335559740&quot;:259}\">\u00a0<\/span><\/p>\n<p><span data-contrast=\"none\">A feira foi prestigiada por diversas lideran\u00e7as, a exemplo do prefeito de Amparo, In\u00e1cio N\u00f3brega, e do tamb\u00e9m vereador de Sum\u00e9, Dami\u00e3o Rildo. <\/span><span data-ccp-props=\"{&quot;201341983&quot;:0,&quot;335551550&quot;:6,&quot;335551620&quot;:6,&quot;335559739&quot;:160,&quot;335559740&quot;:259}\">\u00a0<\/span><\/p>\n<p><span data-contrast=\"none\">Ascom<\/span><span data-ccp-props=\"{&quot;201341983&quot;:0,&quot;335551550&quot;:6,&quot;335551620&quot;:6,&quot;335559739&quot;:160,&quot;335559740&quot;:259}\">\u00a0<\/span><\/p>\n<p><span data-ccp-props=\"{&quot;201341983&quot;:0,&quot;335551550&quot;:6,&quot;335551620&quot;:6,&quot;335559739&quot;:160,&quot;335559740&quot;:259}\">\u00a0<\/span><\/p>\n","protected":false},"excerpt":{"rendered":"<p>O Vereador do munic\u00edpio de Sum\u00e9, Jos\u00e9 Ant\u00f4nio, participou no \u00faltimo s\u00e1bado (19), da I Expofeira do Assentamento Mata.\u00a0 A feira realizada na localidade \u00e9 fruto da agricultura familiar, sendo comercializado os produtos oriundos de pequenos agricultores da comunidade.\u00a0 A ideia \u00e9 tornar a feira mensal, com a oferta de produtos org\u00e2nicos, como hortali\u00e7as, frutas, queijos e artesanato.\u00a0\u00a0 O vereador Jos\u00e9 Ant\u00f4nio parabenizou os organizadores. \u201c\u00c9 de fundamental import\u00e2ncia essa organiza\u00e7\u00e3o da comunidade, valorizando a produ\u00e7\u00e3o local e gerando renda para os moradores\u201d, disse.\u00a0\u00a0 A feira foi prestigiada por diversas lideran\u00e7as, a exemplo do prefeito de Amparo, In\u00e1cio N\u00f3brega, e do tamb\u00e9m vereador de Sum\u00e9, Dami\u00e3o Rildo. \u00a0 Ascom\u00a0 \u00a0<\/p>\n","protected":false},"author":2,"featured_media":37137,"comment_status":"closed","ping_status":"open","sticky":false,"template":"","format":"standard","meta":{"_eb_attr":"","_jetpack_memberships_contains_paid_content":false,"footnotes":""},"categories":[4],"tags":[],"class_list":["post-37136","post","type-post","status-publish","format-standard","has-post-thumbnail","hentry","category-politica"],"yoast_head":"<!-- This site is optimized with the Yoast SEO plugin v26.5 - https:\/\/yoast.com\/wordpress\/plugins\/seo\/ -->\n<title>Vereador Jos\u00e9 Ant\u00f4nio prestigia a I Expofeira da Agricultura Familiar do Assentamento Mata\u00a0 - Not&iacute;cias em Destaque<\/title>\n<meta name=\"robots\" content=\"index, follow, max-snippet:-1, max-image-preview:large, max-video-preview:-1\" \/>\n<link rel=\"canonical\" href=\"https:\/\/noticiasemdestaque.com\/cd\/?p=37136\" \/>\n<meta property=\"og:locale\" content=\"pt_BR\" \/>\n<meta property=\"og:type\" content=\"article\" \/>\n<meta property=\"og:title\" content=\"Vereador Jos\u00e9 Ant\u00f4nio prestigia a I Expofeira da Agricultura Familiar do Assentamento Mata\u00a0 - Not&iacute;cias em Destaque\" \/>\n<meta property=\"og:description\" content=\"O Vereador do munic\u00edpio de Sum\u00e9, Jos\u00e9 Ant\u00f4nio, participou no \u00faltimo s\u00e1bado (19), da I Expofeira do Assentamento Mata.\u00a0 A feira realizada na localidade \u00e9 fruto da agricultura familiar, sendo comercializado os produtos oriundos de pequenos agricultores da comunidade.\u00a0 A ideia \u00e9 tornar a feira mensal, com a oferta de produtos org\u00e2nicos, como hortali\u00e7as, frutas, queijos e artesanato.\u00a0\u00a0 O vereador Jos\u00e9 Ant\u00f4nio parabenizou os organizadores. \u201c\u00c9 de fundamental import\u00e2ncia essa organiza\u00e7\u00e3o da comunidade, valorizando a produ\u00e7\u00e3o local e gerando renda para os moradores\u201d, disse.\u00a0\u00a0 A feira foi prestigiada por diversas lideran\u00e7as, a exemplo do prefeito de Amparo, In\u00e1cio N\u00f3brega, e do tamb\u00e9m vereador de Sum\u00e9, Dami\u00e3o Rildo. \u00a0 Ascom\u00a0 \u00a0\" \/>\n<meta property=\"og:url\" content=\"https:\/\/noticiasemdestaque.com\/cd\/?p=37136\" \/>\n<meta property=\"og:site_name\" content=\"Not&iacute;cias em Destaque\" \/>\n<meta property=\"article:published_time\" content=\"2022-02-21T18:06:29+00:00\" \/>\n<meta property=\"og:image\" content=\"https:\/\/noticiasemdestaque.com\/cd\/wp-content\/uploads\/2022\/02\/jose-1.jpg\" \/>\n\t<meta property=\"og:image:width\" content=\"1032\" \/>\n\t<meta property=\"og:image:height\" content=\"502\" \/>\n\t<meta property=\"og:image:type\" content=\"image\/jpeg\" \/>\n<meta name=\"author\" content=\"Not\u00edcias em Destaque\" \/>\n<meta name=\"twitter:card\" content=\"summary_large_image\" \/>\n<meta name=\"twitter:label1\" content=\"Escrito por\" \/>\n\t<meta name=\"twitter:data1\" content=\"Not\u00edcias em Destaque\" \/>\n\t<meta name=\"twitter:label2\" content=\"Est. tempo de leitura\" \/>\n\t<meta name=\"twitter:data2\" content=\"1 minuto\" \/>\n<script type=\"application\/ld+json\" class=\"yoast-schema-graph\">{\"@context\":\"https:\/\/schema.org\",\"@graph\":[{\"@type\":\"Article\",\"@id\":\"https:\/\/noticiasemdestaque.com\/cd\/?p=37136#article\",\"isPartOf\":{\"@id\":\"https:\/\/noticiasemdestaque.com\/cd\/?p=37136\"},\"author\":{\"name\":\"Not\u00edcias em Destaque\",\"@id\":\"https:\/\/noticiasemdestaque.com\/cd\/#\/schema\/person\/9c05c6816b191977f47499b3494ace52\"},\"headline\":\"Vereador Jos\u00e9 Ant\u00f4nio prestigia a I Expofeira da Agricultura Familiar do Assentamento Mata\u00a0\",\"datePublished\":\"2022-02-21T18:06:29+00:00\",\"mainEntityOfPage\":{\"@id\":\"https:\/\/noticiasemdestaque.com\/cd\/?p=37136\"},\"wordCount\":132,\"publisher\":{\"@id\":\"https:\/\/noticiasemdestaque.com\/cd\/#organization\"},\"image\":{\"@id\":\"https:\/\/noticiasemdestaque.com\/cd\/?p=37136#primaryimage\"},\"thumbnailUrl\":\"https:\/\/noticiasemdestaque.com\/cd\/wp-content\/uploads\/2022\/02\/jose-1.jpg\",\"articleSection\":[\"Pol\u00edtica\"],\"inLanguage\":\"pt-BR\"},{\"@type\":\"WebPage\",\"@id\":\"https:\/\/noticiasemdestaque.com\/cd\/?p=37136\",\"url\":\"https:\/\/noticiasemdestaque.com\/cd\/?p=37136\",\"name\":\"Vereador Jos\u00e9 Ant\u00f4nio prestigia a I Expofeira da Agricultura Familiar do Assentamento Mata\u00a0 - Not&iacute;cias em Destaque\",\"isPartOf\":{\"@id\":\"https:\/\/noticiasemdestaque.com\/cd\/#website\"},\"primaryImageOfPage\":{\"@id\":\"https:\/\/noticiasemdestaque.com\/cd\/?p=37136#primaryimage\"},\"image\":{\"@id\":\"https:\/\/noticiasemdestaque.com\/cd\/?p=37136#primaryimage\"},\"thumbnailUrl\":\"https:\/\/noticiasemdestaque.com\/cd\/wp-content\/uploads\/2022\/02\/jose-1.jpg\",\"datePublished\":\"2022-02-21T18:06:29+00:00\",\"breadcrumb\":{\"@id\":\"https:\/\/noticiasemdestaque.com\/cd\/?p=37136#breadcrumb\"},\"inLanguage\":\"pt-BR\",\"potentialAction\":[{\"@type\":\"ReadAction\",\"target\":[\"https:\/\/noticiasemdestaque.com\/cd\/?p=37136\"]}]},{\"@type\":\"ImageObject\",\"inLanguage\":\"pt-BR\",\"@id\":\"https:\/\/noticiasemdestaque.com\/cd\/?p=37136#primaryimage\",\"url\":\"https:\/\/noticiasemdestaque.com\/cd\/wp-content\/uploads\/2022\/02\/jose-1.jpg\",\"contentUrl\":\"https:\/\/noticiasemdestaque.com\/cd\/wp-content\/uploads\/2022\/02\/jose-1.jpg\",\"width\":1032,\"height\":502},{\"@type\":\"BreadcrumbList\",\"@id\":\"https:\/\/noticiasemdestaque.com\/cd\/?p=37136#breadcrumb\",\"itemListElement\":[{\"@type\":\"ListItem\",\"position\":1,\"name\":\"In\u00edcio\",\"item\":\"https:\/\/noticiasemdestaque.com\/cd\/\"},{\"@type\":\"ListItem\",\"position\":2,\"name\":\"Vereador Jos\u00e9 Ant\u00f4nio prestigia a I Expofeira da Agricultura Familiar do Assentamento Mata\u00a0\"}]},{\"@type\":\"WebSite\",\"@id\":\"https:\/\/noticiasemdestaque.com\/cd\/#website\",\"url\":\"https:\/\/noticiasemdestaque.com\/cd\/\",\"name\":\"Not&iacute;cias em Destaque\",\"description\":\"\",\"publisher\":{\"@id\":\"https:\/\/noticiasemdestaque.com\/cd\/#organization\"},\"potentialAction\":[{\"@type\":\"SearchAction\",\"target\":{\"@type\":\"EntryPoint\",\"urlTemplate\":\"https:\/\/noticiasemdestaque.com\/cd\/?s={search_term_string}\"},\"query-input\":{\"@type\":\"PropertyValueSpecification\",\"valueRequired\":true,\"valueName\":\"search_term_string\"}}],\"inLanguage\":\"pt-BR\"},{\"@type\":\"Organization\",\"@id\":\"https:\/\/noticiasemdestaque.com\/cd\/#organization\",\"name\":\"Not\u00edcias em Destaque\",\"url\":\"https:\/\/noticiasemdestaque.com\/cd\/\",\"logo\":{\"@type\":\"ImageObject\",\"inLanguage\":\"pt-BR\",\"@id\":\"https:\/\/noticiasemdestaque.com\/cd\/#\/schema\/logo\/image\/\",\"url\":\"https:\/\/noticiasemdestaque.com\/cd\/wp-content\/uploads\/2022\/05\/imagem-base-noticiasemdestaque.png\",\"contentUrl\":\"https:\/\/noticiasemdestaque.com\/cd\/wp-content\/uploads\/2022\/05\/imagem-base-noticiasemdestaque.png\",\"width\":1200,\"height\":630,\"caption\":\"Not\u00edcias em Destaque\"},\"image\":{\"@id\":\"https:\/\/noticiasemdestaque.com\/cd\/#\/schema\/logo\/image\/\"}},{\"@type\":\"Person\",\"@id\":\"https:\/\/noticiasemdestaque.com\/cd\/#\/schema\/person\/9c05c6816b191977f47499b3494ace52\",\"name\":\"Not\u00edcias em Destaque\",\"url\":\"https:\/\/noticiasemdestaque.com\/cd\/?author=2\"}]}<\/script>\n<!-- \/ Yoast SEO plugin. -->","yoast_head_json":{"title":"Vereador Jos\u00e9 Ant\u00f4nio prestigia a I Expofeira da Agricultura Familiar do Assentamento Mata\u00a0 - Not&iacute;cias em Destaque","robots":{"index":"index","follow":"follow","max-snippet":"max-snippet:-1","max-image-preview":"max-image-preview:large","max-video-preview":"max-video-preview:-1"},"canonical":"https:\/\/noticiasemdestaque.com\/cd\/?p=37136","og_locale":"pt_BR","og_type":"article","og_title":"Vereador Jos\u00e9 Ant\u00f4nio prestigia a I Expofeira da Agricultura Familiar do Assentamento Mata\u00a0 - Not&iacute;cias em Destaque","og_description":"O Vereador do munic\u00edpio de Sum\u00e9, Jos\u00e9 Ant\u00f4nio, participou no \u00faltimo s\u00e1bado (19), da I Expofeira do Assentamento Mata.\u00a0 A feira realizada na localidade \u00e9 fruto da agricultura familiar, sendo comercializado os produtos oriundos de pequenos agricultores da comunidade.\u00a0 A ideia \u00e9 tornar a feira mensal, com a oferta de produtos org\u00e2nicos, como hortali\u00e7as, frutas, queijos e artesanato.\u00a0\u00a0 O vereador Jos\u00e9 Ant\u00f4nio parabenizou os organizadores. \u201c\u00c9 de fundamental import\u00e2ncia essa organiza\u00e7\u00e3o da comunidade, valorizando a produ\u00e7\u00e3o local e gerando renda para os moradores\u201d, disse.\u00a0\u00a0 A feira foi prestigiada por diversas lideran\u00e7as, a exemplo do prefeito de Amparo, In\u00e1cio N\u00f3brega, e do tamb\u00e9m vereador de Sum\u00e9, Dami\u00e3o Rildo. \u00a0 Ascom\u00a0 \u00a0","og_url":"https:\/\/noticiasemdestaque.com\/cd\/?p=37136","og_site_name":"Not&iacute;cias em Destaque","article_published_time":"2022-02-21T18:06:29+00:00","og_image":[{"width":1032,"height":502,"url":"https:\/\/noticiasemdestaque.com\/cd\/wp-content\/uploads\/2022\/02\/jose-1.jpg","type":"image\/jpeg"}],"author":"Not\u00edcias em Destaque","twitter_card":"summary_large_image","twitter_misc":{"Escrito por":"Not\u00edcias em Destaque","Est. tempo de leitura":"1 minuto"},"schema":{"@context":"https:\/\/schema.org","@graph":[{"@type":"Article","@id":"https:\/\/noticiasemdestaque.com\/cd\/?p=37136#article","isPartOf":{"@id":"https:\/\/noticiasemdestaque.com\/cd\/?p=37136"},"author":{"name":"Not\u00edcias em Destaque","@id":"https:\/\/noticiasemdestaque.com\/cd\/#\/schema\/person\/9c05c6816b191977f47499b3494ace52"},"headline":"Vereador Jos\u00e9 Ant\u00f4nio prestigia a I Expofeira da Agricultura Familiar do Assentamento Mata\u00a0","datePublished":"2022-02-21T18:06:29+00:00","mainEntityOfPage":{"@id":"https:\/\/noticiasemdestaque.com\/cd\/?p=37136"},"wordCount":132,"publisher":{"@id":"https:\/\/noticiasemdestaque.com\/cd\/#organization"},"image":{"@id":"https:\/\/noticiasemdestaque.com\/cd\/?p=37136#primaryimage"},"thumbnailUrl":"https:\/\/noticiasemdestaque.com\/cd\/wp-content\/uploads\/2022\/02\/jose-1.jpg","articleSection":["Pol\u00edtica"],"inLanguage":"pt-BR"},{"@type":"WebPage","@id":"https:\/\/noticiasemdestaque.com\/cd\/?p=37136","url":"https:\/\/noticiasemdestaque.com\/cd\/?p=37136","name":"Vereador Jos\u00e9 Ant\u00f4nio prestigia a I Expofeira da Agricultura Familiar do Assentamento Mata\u00a0 - Not&iacute;cias em Destaque","isPartOf":{"@id":"https:\/\/noticiasemdestaque.com\/cd\/#website"},"primaryImageOfPage":{"@id":"https:\/\/noticiasemdestaque.com\/cd\/?p=37136#primaryimage"},"image":{"@id":"https:\/\/noticiasemdestaque.com\/cd\/?p=37136#primaryimage"},"thumbnailUrl":"https:\/\/noticiasemdestaque.com\/cd\/wp-content\/uploads\/2022\/02\/jose-1.jpg","datePublished":"2022-02-21T18:06:29+00:00","breadcrumb":{"@id":"https:\/\/noticiasemdestaque.com\/cd\/?p=37136#breadcrumb"},"inLanguage":"pt-BR","potentialAction":[{"@type":"ReadAction","target":["https:\/\/noticiasemdestaque.com\/cd\/?p=37136"]}]},{"@type":"ImageObject","inLanguage":"pt-BR","@id":"https:\/\/noticiasemdestaque.com\/cd\/?p=37136#primaryimage","url":"https:\/\/noticiasemdestaque.com\/cd\/wp-content\/uploads\/2022\/02\/jose-1.jpg","contentUrl":"https:\/\/noticiasemdestaque.com\/cd\/wp-content\/uploads\/2022\/02\/jose-1.jpg","width":1032,"height":502},{"@type":"BreadcrumbList","@id":"https:\/\/noticiasemdestaque.com\/cd\/?p=37136#breadcrumb","itemListElement":[{"@type":"ListItem","position":1,"name":"In\u00edcio","item":"https:\/\/noticiasemdestaque.com\/cd\/"},{"@type":"ListItem","position":2,"name":"Vereador Jos\u00e9 Ant\u00f4nio prestigia a I Expofeira da Agricultura Familiar do Assentamento Mata\u00a0"}]},{"@type":"WebSite","@id":"https:\/\/noticiasemdestaque.com\/cd\/#website","url":"https:\/\/noticiasemdestaque.com\/cd\/","name":"Not&iacute;cias em Destaque","description":"","publisher":{"@id":"https:\/\/noticiasemdestaque.com\/cd\/#organization"},"potentialAction":[{"@type":"SearchAction","target":{"@type":"EntryPoint","urlTemplate":"https:\/\/noticiasemdestaque.com\/cd\/?s={search_term_string}"},"query-input":{"@type":"PropertyValueSpecification","valueRequired":true,"valueName":"search_term_string"}}],"inLanguage":"pt-BR"},{"@type":"Organization","@id":"https:\/\/noticiasemdestaque.com\/cd\/#organization","name":"Not\u00edcias em Destaque","url":"https:\/\/noticiasemdestaque.com\/cd\/","logo":{"@type":"ImageObject","inLanguage":"pt-BR","@id":"https:\/\/noticiasemdestaque.com\/cd\/#\/schema\/logo\/image\/","url":"https:\/\/noticiasemdestaque.com\/cd\/wp-content\/uploads\/2022\/05\/imagem-base-noticiasemdestaque.png","contentUrl":"https:\/\/noticiasemdestaque.com\/cd\/wp-content\/uploads\/2022\/05\/imagem-base-noticiasemdestaque.png","width":1200,"height":630,"caption":"Not\u00edcias em Destaque"},"image":{"@id":"https:\/\/noticiasemdestaque.com\/cd\/#\/schema\/logo\/image\/"}},{"@type":"Person","@id":"https:\/\/noticiasemdestaque.com\/cd\/#\/schema\/person\/9c05c6816b191977f47499b3494ace52","name":"Not\u00edcias em Destaque","url":"https:\/\/noticiasemdestaque.com\/cd\/?author=2"}]}},"jetpack_featured_media_url":"https:\/\/noticiasemdestaque.com\/cd\/wp-content\/uploads\/2022\/02\/jose-1.jpg","jetpack_sharing_enabled":true,"_links":{"self":[{"href":"https:\/\/noticiasemdestaque.com\/cd\/index.php?rest_route=\/wp\/v2\/posts\/37136","targetHints":{"allow":["GET"]}}],"collection":[{"href":"https:\/\/noticiasemdestaque.com\/cd\/index.php?rest_route=\/wp\/v2\/posts"}],"about":[{"href":"https:\/\/noticiasemdestaque.com\/cd\/index.php?rest_route=\/wp\/v2\/types\/post"}],"author":[{"embeddable":true,"href":"https:\/\/noticiasemdestaque.com\/cd\/index.php?rest_route=\/wp\/v2\/users\/2"}],"replies":[{"embeddable":true,"href":"https:\/\/noticiasemdestaque.com\/cd\/index.php?rest_route=%2Fwp%2Fv2%2Fcomments&post=37136"}],"version-history":[{"count":1,"href":"https:\/\/noticiasemdestaque.com\/cd\/index.php?rest_route=\/wp\/v2\/posts\/37136\/revisions"}],"predecessor-version":[{"id":37139,"href":"https:\/\/noticiasemdestaque.com\/cd\/index.php?rest_route=\/wp\/v2\/posts\/37136\/revisions\/37139"}],"wp:featuredmedia":[{"embeddable":true,"href":"https:\/\/noticiasemdestaque.com\/cd\/index.php?rest_route=\/wp\/v2\/media\/37137"}],"wp:attachment":[{"href":"https:\/\/noticiasemdestaque.com\/cd\/index.php?rest_route=%2Fwp%2Fv2%2Fmedia&parent=37136"}],"wp:term":[{"taxonomy":"category","embeddable":true,"href":"https:\/\/noticiasemdestaque.com\/cd\/index.php?rest_route=%2Fwp%2Fv2%2Fcategories&post=37136"},{"taxonomy":"post_tag","embeddable":true,"href":"https:\/\/noticiasemdestaque.com\/cd\/index.php?rest_route=%2Fwp%2Fv2%2Ftags&post=37136"}],"curies":[{"name":"wp","href":"https:\/\/api.w.org\/{rel}","templated":true}]}}