{"id":37134,"date":"2022-02-21T13:58:59","date_gmt":"2022-02-21T16:58:59","guid":{"rendered":"http:\/\/noticiasemdestaque.com\/cd\/?p=37134"},"modified":"2022-02-21T13:58:59","modified_gmt":"2022-02-21T16:58:59","slug":"governador-joao-azevedo-confirma-que-esta-de-volta-ao-psb","status":"publish","type":"post","link":"https:\/\/noticiasemdestaque.com\/cd\/?p=37134","title":{"rendered":"Governador Jo\u00e3o Azev\u00eado confirma que est\u00e1 de volta ao PSB"},"content":{"rendered":"<p><a href=\"https:\/\/noticiasemdestaque.com\/cd\/wp-content\/uploads\/2019\/05\/jo\u00e3o-na-plen\u00e1ria.jpg\"><img fetchpriority=\"high\" decoding=\"async\" class=\"size-medium wp-image-16938 aligncenter\" src=\"https:\/\/noticiasemdestaque.com\/cd\/wp-content\/uploads\/2019\/05\/jo\u00e3o-na-plen\u00e1ria-300x218.jpg\" alt=\"\" width=\"300\" height=\"218\" srcset=\"https:\/\/noticiasemdestaque.com\/cd\/wp-content\/uploads\/2019\/05\/jo\u00e3o-na-plen\u00e1ria-300x218.jpg 300w, https:\/\/noticiasemdestaque.com\/cd\/wp-content\/uploads\/2019\/05\/jo\u00e3o-na-plen\u00e1ria.jpg 547w\" sizes=\"(max-width: 300px) 100vw, 300px\" \/><\/a><\/p>\n<p>O governador da Para\u00edba, Jo\u00e3o Azev\u00eado, confirmou, nesse domingo (20), que est\u00e1 de volta ao PSB. Segundo apura\u00e7\u00e3o do\u00a0<a title=\"blog \" href=\"https:\/\/sonylacerda.com.br\/2022\/02\/20\/apos-dois-anos-joao-volta-ao-psb-como-estrela\/\" target=\"_blank\" rel=\"noreferrer noopener\"><strong>blog<\/strong>\u00a0<\/a>da jornalista Sony Lacerda, da\u00a0<strong><a title=\"Rede Correio Sat\" href=\"https:\/\/www.correiosat.com.br\/\" target=\"_blank\" rel=\"noreferrer noopener\">Rede Correio Sat<\/a><\/strong>, o an\u00fancio ocorreu um dia ap\u00f3s o Cidadania, partido ao qual est\u00e1 filiado, aprovar a cria\u00e7\u00e3o de uma federa\u00e7\u00e3o com o PSDB.<\/p>\n<p>A filia\u00e7\u00e3o de Azev\u00eado ao PSB vai acontecer na pr\u00f3xima quinta-feira (24), em Jo\u00e3o Pessoa. O governador tem indicado que vai apoiar o ex-presidente Lula nas elei\u00e7\u00f5es em outubro.<\/p>\n<p>Em entrevista \u00e0 Folha, o presidente estadual do partido, Ronaldo Guerra, confirmou a decis\u00e3o de Jo\u00e3o. \u201cO governador j\u00e1 vinha sinalizando que, se fosse aprovada a federa\u00e7\u00e3o com o PSDB, ele n\u00e3o teria condi\u00e7\u00f5es de permanecer no Cidadania\u201d.<\/p>\n<p>Jo\u00e3o deixou o PSB em 2019 ap\u00f3s a legenda optar por ficar ao lado do ex-governador Ricardo Coutinho, atualmente no PT.<\/p>\n<p>Com Portal Correio<\/p>\n","protected":false},"excerpt":{"rendered":"<p>O governador da Para\u00edba, Jo\u00e3o Azev\u00eado, confirmou, nesse domingo (20), que est\u00e1 de volta ao PSB. Segundo apura\u00e7\u00e3o do\u00a0blog\u00a0da jornalista Sony Lacerda, da\u00a0Rede Correio Sat, o an\u00fancio ocorreu um dia ap\u00f3s o Cidadania, partido ao qual est\u00e1 filiado, aprovar a cria\u00e7\u00e3o de uma federa\u00e7\u00e3o com o PSDB. A filia\u00e7\u00e3o de Azev\u00eado ao PSB vai acontecer na pr\u00f3xima quinta-feira (24), em Jo\u00e3o Pessoa. O governador tem indicado que vai apoiar o ex-presidente Lula nas elei\u00e7\u00f5es em outubro. Em entrevista \u00e0 Folha, o presidente estadual do partido, Ronaldo Guerra, confirmou a decis\u00e3o de Jo\u00e3o. \u201cO governador j\u00e1 vinha sinalizando que, se fosse aprovada a federa\u00e7\u00e3o com o PSDB, ele n\u00e3o teria condi\u00e7\u00f5es de permanecer no Cidadania\u201d. Jo\u00e3o deixou o PSB em 2019 ap\u00f3s a legenda optar por ficar ao lado do ex-governador Ricardo Coutinho, atualmente no PT. Com Portal Correio<\/p>\n","protected":false},"author":2,"featured_media":6084,"comment_status":"closed","ping_status":"open","sticky":false,"template":"","format":"standard","meta":{"_eb_attr":"","_jetpack_memberships_contains_paid_content":false,"footnotes":""},"categories":[4],"tags":[],"class_list":["post-37134","post","type-post","status-publish","format-standard","has-post-thumbnail","hentry","category-politica"],"yoast_head":"<!-- This site is optimized with the Yoast SEO plugin v26.5 - https:\/\/yoast.com\/wordpress\/plugins\/seo\/ -->\n<title>Governador Jo\u00e3o Azev\u00eado confirma que est\u00e1 de volta ao PSB - Not&iacute;cias em Destaque<\/title>\n<meta name=\"robots\" content=\"index, follow, max-snippet:-1, max-image-preview:large, max-video-preview:-1\" \/>\n<link rel=\"canonical\" href=\"https:\/\/noticiasemdestaque.com\/cd\/?p=37134\" \/>\n<meta property=\"og:locale\" content=\"pt_BR\" \/>\n<meta property=\"og:type\" content=\"article\" \/>\n<meta property=\"og:title\" content=\"Governador Jo\u00e3o Azev\u00eado confirma que est\u00e1 de volta ao PSB - Not&iacute;cias em Destaque\" \/>\n<meta property=\"og:description\" content=\"O governador da Para\u00edba, Jo\u00e3o Azev\u00eado, confirmou, nesse domingo (20), que est\u00e1 de volta ao PSB. Segundo apura\u00e7\u00e3o do\u00a0blog\u00a0da jornalista Sony Lacerda, da\u00a0Rede Correio Sat, o an\u00fancio ocorreu um dia ap\u00f3s o Cidadania, partido ao qual est\u00e1 filiado, aprovar a cria\u00e7\u00e3o de uma federa\u00e7\u00e3o com o PSDB. A filia\u00e7\u00e3o de Azev\u00eado ao PSB vai acontecer na pr\u00f3xima quinta-feira (24), em Jo\u00e3o Pessoa. O governador tem indicado que vai apoiar o ex-presidente Lula nas elei\u00e7\u00f5es em outubro. Em entrevista \u00e0 Folha, o presidente estadual do partido, Ronaldo Guerra, confirmou a decis\u00e3o de Jo\u00e3o. \u201cO governador j\u00e1 vinha sinalizando que, se fosse aprovada a federa\u00e7\u00e3o com o PSDB, ele n\u00e3o teria condi\u00e7\u00f5es de permanecer no Cidadania\u201d. Jo\u00e3o deixou o PSB em 2019 ap\u00f3s a legenda optar por ficar ao lado do ex-governador Ricardo Coutinho, atualmente no PT. Com Portal Correio\" \/>\n<meta property=\"og:url\" content=\"https:\/\/noticiasemdestaque.com\/cd\/?p=37134\" \/>\n<meta property=\"og:site_name\" content=\"Not&iacute;cias em Destaque\" \/>\n<meta property=\"article:published_time\" content=\"2022-02-21T16:58:59+00:00\" \/>\n<meta property=\"og:image\" content=\"https:\/\/noticiasemdestaque.com\/cd\/wp-content\/uploads\/2017\/11\/jo\u00e3o-azevedo.jpg\" \/>\n\t<meta property=\"og:image:width\" content=\"1150\" \/>\n\t<meta property=\"og:image:height\" content=\"767\" \/>\n\t<meta property=\"og:image:type\" content=\"image\/jpeg\" \/>\n<meta name=\"author\" content=\"Not\u00edcias em Destaque\" \/>\n<meta name=\"twitter:card\" content=\"summary_large_image\" \/>\n<meta name=\"twitter:label1\" content=\"Escrito por\" \/>\n\t<meta name=\"twitter:data1\" content=\"Not\u00edcias em Destaque\" \/>\n\t<meta name=\"twitter:label2\" content=\"Est. tempo de leitura\" \/>\n\t<meta name=\"twitter:data2\" content=\"1 minuto\" \/>\n<script type=\"application\/ld+json\" class=\"yoast-schema-graph\">{\"@context\":\"https:\/\/schema.org\",\"@graph\":[{\"@type\":\"Article\",\"@id\":\"https:\/\/noticiasemdestaque.com\/cd\/?p=37134#article\",\"isPartOf\":{\"@id\":\"https:\/\/noticiasemdestaque.com\/cd\/?p=37134\"},\"author\":{\"name\":\"Not\u00edcias em Destaque\",\"@id\":\"https:\/\/noticiasemdestaque.com\/cd\/#\/schema\/person\/9c05c6816b191977f47499b3494ace52\"},\"headline\":\"Governador Jo\u00e3o Azev\u00eado confirma que est\u00e1 de volta ao PSB\",\"datePublished\":\"2022-02-21T16:58:59+00:00\",\"mainEntityOfPage\":{\"@id\":\"https:\/\/noticiasemdestaque.com\/cd\/?p=37134\"},\"wordCount\":169,\"publisher\":{\"@id\":\"https:\/\/noticiasemdestaque.com\/cd\/#organization\"},\"image\":{\"@id\":\"https:\/\/noticiasemdestaque.com\/cd\/?p=37134#primaryimage\"},\"thumbnailUrl\":\"https:\/\/noticiasemdestaque.com\/cd\/wp-content\/uploads\/2017\/11\/jo\u00e3o-azevedo.jpg\",\"articleSection\":[\"Pol\u00edtica\"],\"inLanguage\":\"pt-BR\"},{\"@type\":\"WebPage\",\"@id\":\"https:\/\/noticiasemdestaque.com\/cd\/?p=37134\",\"url\":\"https:\/\/noticiasemdestaque.com\/cd\/?p=37134\",\"name\":\"Governador Jo\u00e3o Azev\u00eado confirma que est\u00e1 de volta ao PSB - Not&iacute;cias em Destaque\",\"isPartOf\":{\"@id\":\"https:\/\/noticiasemdestaque.com\/cd\/#website\"},\"primaryImageOfPage\":{\"@id\":\"https:\/\/noticiasemdestaque.com\/cd\/?p=37134#primaryimage\"},\"image\":{\"@id\":\"https:\/\/noticiasemdestaque.com\/cd\/?p=37134#primaryimage\"},\"thumbnailUrl\":\"https:\/\/noticiasemdestaque.com\/cd\/wp-content\/uploads\/2017\/11\/jo\u00e3o-azevedo.jpg\",\"datePublished\":\"2022-02-21T16:58:59+00:00\",\"breadcrumb\":{\"@id\":\"https:\/\/noticiasemdestaque.com\/cd\/?p=37134#breadcrumb\"},\"inLanguage\":\"pt-BR\",\"potentialAction\":[{\"@type\":\"ReadAction\",\"target\":[\"https:\/\/noticiasemdestaque.com\/cd\/?p=37134\"]}]},{\"@type\":\"ImageObject\",\"inLanguage\":\"pt-BR\",\"@id\":\"https:\/\/noticiasemdestaque.com\/cd\/?p=37134#primaryimage\",\"url\":\"https:\/\/noticiasemdestaque.com\/cd\/wp-content\/uploads\/2017\/11\/jo\u00e3o-azevedo.jpg\",\"contentUrl\":\"https:\/\/noticiasemdestaque.com\/cd\/wp-content\/uploads\/2017\/11\/jo\u00e3o-azevedo.jpg\",\"width\":1150,\"height\":767},{\"@type\":\"BreadcrumbList\",\"@id\":\"https:\/\/noticiasemdestaque.com\/cd\/?p=37134#breadcrumb\",\"itemListElement\":[{\"@type\":\"ListItem\",\"position\":1,\"name\":\"In\u00edcio\",\"item\":\"https:\/\/noticiasemdestaque.com\/cd\/\"},{\"@type\":\"ListItem\",\"position\":2,\"name\":\"Governador Jo\u00e3o Azev\u00eado confirma que est\u00e1 de volta ao PSB\"}]},{\"@type\":\"WebSite\",\"@id\":\"https:\/\/noticiasemdestaque.com\/cd\/#website\",\"url\":\"https:\/\/noticiasemdestaque.com\/cd\/\",\"name\":\"Not&iacute;cias em Destaque\",\"description\":\"\",\"publisher\":{\"@id\":\"https:\/\/noticiasemdestaque.com\/cd\/#organization\"},\"potentialAction\":[{\"@type\":\"SearchAction\",\"target\":{\"@type\":\"EntryPoint\",\"urlTemplate\":\"https:\/\/noticiasemdestaque.com\/cd\/?s={search_term_string}\"},\"query-input\":{\"@type\":\"PropertyValueSpecification\",\"valueRequired\":true,\"valueName\":\"search_term_string\"}}],\"inLanguage\":\"pt-BR\"},{\"@type\":\"Organization\",\"@id\":\"https:\/\/noticiasemdestaque.com\/cd\/#organization\",\"name\":\"Not\u00edcias em Destaque\",\"url\":\"https:\/\/noticiasemdestaque.com\/cd\/\",\"logo\":{\"@type\":\"ImageObject\",\"inLanguage\":\"pt-BR\",\"@id\":\"https:\/\/noticiasemdestaque.com\/cd\/#\/schema\/logo\/image\/\",\"url\":\"https:\/\/noticiasemdestaque.com\/cd\/wp-content\/uploads\/2022\/05\/imagem-base-noticiasemdestaque.png\",\"contentUrl\":\"https:\/\/noticiasemdestaque.com\/cd\/wp-content\/uploads\/2022\/05\/imagem-base-noticiasemdestaque.png\",\"width\":1200,\"height\":630,\"caption\":\"Not\u00edcias em Destaque\"},\"image\":{\"@id\":\"https:\/\/noticiasemdestaque.com\/cd\/#\/schema\/logo\/image\/\"}},{\"@type\":\"Person\",\"@id\":\"https:\/\/noticiasemdestaque.com\/cd\/#\/schema\/person\/9c05c6816b191977f47499b3494ace52\",\"name\":\"Not\u00edcias em Destaque\",\"url\":\"https:\/\/noticiasemdestaque.com\/cd\/?author=2\"}]}<\/script>\n<!-- \/ Yoast SEO plugin. -->","yoast_head_json":{"title":"Governador Jo\u00e3o Azev\u00eado confirma que est\u00e1 de volta ao PSB - Not&iacute;cias em Destaque","robots":{"index":"index","follow":"follow","max-snippet":"max-snippet:-1","max-image-preview":"max-image-preview:large","max-video-preview":"max-video-preview:-1"},"canonical":"https:\/\/noticiasemdestaque.com\/cd\/?p=37134","og_locale":"pt_BR","og_type":"article","og_title":"Governador Jo\u00e3o Azev\u00eado confirma que est\u00e1 de volta ao PSB - Not&iacute;cias em Destaque","og_description":"O governador da Para\u00edba, Jo\u00e3o Azev\u00eado, confirmou, nesse domingo (20), que est\u00e1 de volta ao PSB. Segundo apura\u00e7\u00e3o do\u00a0blog\u00a0da jornalista Sony Lacerda, da\u00a0Rede Correio Sat, o an\u00fancio ocorreu um dia ap\u00f3s o Cidadania, partido ao qual est\u00e1 filiado, aprovar a cria\u00e7\u00e3o de uma federa\u00e7\u00e3o com o PSDB. A filia\u00e7\u00e3o de Azev\u00eado ao PSB vai acontecer na pr\u00f3xima quinta-feira (24), em Jo\u00e3o Pessoa. O governador tem indicado que vai apoiar o ex-presidente Lula nas elei\u00e7\u00f5es em outubro. Em entrevista \u00e0 Folha, o presidente estadual do partido, Ronaldo Guerra, confirmou a decis\u00e3o de Jo\u00e3o. \u201cO governador j\u00e1 vinha sinalizando que, se fosse aprovada a federa\u00e7\u00e3o com o PSDB, ele n\u00e3o teria condi\u00e7\u00f5es de permanecer no Cidadania\u201d. Jo\u00e3o deixou o PSB em 2019 ap\u00f3s a legenda optar por ficar ao lado do ex-governador Ricardo Coutinho, atualmente no PT. Com Portal Correio","og_url":"https:\/\/noticiasemdestaque.com\/cd\/?p=37134","og_site_name":"Not&iacute;cias em Destaque","article_published_time":"2022-02-21T16:58:59+00:00","og_image":[{"width":1150,"height":767,"url":"https:\/\/noticiasemdestaque.com\/cd\/wp-content\/uploads\/2017\/11\/jo\u00e3o-azevedo.jpg","type":"image\/jpeg"}],"author":"Not\u00edcias em Destaque","twitter_card":"summary_large_image","twitter_misc":{"Escrito por":"Not\u00edcias em Destaque","Est. tempo de leitura":"1 minuto"},"schema":{"@context":"https:\/\/schema.org","@graph":[{"@type":"Article","@id":"https:\/\/noticiasemdestaque.com\/cd\/?p=37134#article","isPartOf":{"@id":"https:\/\/noticiasemdestaque.com\/cd\/?p=37134"},"author":{"name":"Not\u00edcias em Destaque","@id":"https:\/\/noticiasemdestaque.com\/cd\/#\/schema\/person\/9c05c6816b191977f47499b3494ace52"},"headline":"Governador Jo\u00e3o Azev\u00eado confirma que est\u00e1 de volta ao PSB","datePublished":"2022-02-21T16:58:59+00:00","mainEntityOfPage":{"@id":"https:\/\/noticiasemdestaque.com\/cd\/?p=37134"},"wordCount":169,"publisher":{"@id":"https:\/\/noticiasemdestaque.com\/cd\/#organization"},"image":{"@id":"https:\/\/noticiasemdestaque.com\/cd\/?p=37134#primaryimage"},"thumbnailUrl":"https:\/\/noticiasemdestaque.com\/cd\/wp-content\/uploads\/2017\/11\/jo\u00e3o-azevedo.jpg","articleSection":["Pol\u00edtica"],"inLanguage":"pt-BR"},{"@type":"WebPage","@id":"https:\/\/noticiasemdestaque.com\/cd\/?p=37134","url":"https:\/\/noticiasemdestaque.com\/cd\/?p=37134","name":"Governador Jo\u00e3o Azev\u00eado confirma que est\u00e1 de volta ao PSB - Not&iacute;cias em Destaque","isPartOf":{"@id":"https:\/\/noticiasemdestaque.com\/cd\/#website"},"primaryImageOfPage":{"@id":"https:\/\/noticiasemdestaque.com\/cd\/?p=37134#primaryimage"},"image":{"@id":"https:\/\/noticiasemdestaque.com\/cd\/?p=37134#primaryimage"},"thumbnailUrl":"https:\/\/noticiasemdestaque.com\/cd\/wp-content\/uploads\/2017\/11\/jo\u00e3o-azevedo.jpg","datePublished":"2022-02-21T16:58:59+00:00","breadcrumb":{"@id":"https:\/\/noticiasemdestaque.com\/cd\/?p=37134#breadcrumb"},"inLanguage":"pt-BR","potentialAction":[{"@type":"ReadAction","target":["https:\/\/noticiasemdestaque.com\/cd\/?p=37134"]}]},{"@type":"ImageObject","inLanguage":"pt-BR","@id":"https:\/\/noticiasemdestaque.com\/cd\/?p=37134#primaryimage","url":"https:\/\/noticiasemdestaque.com\/cd\/wp-content\/uploads\/2017\/11\/jo\u00e3o-azevedo.jpg","contentUrl":"https:\/\/noticiasemdestaque.com\/cd\/wp-content\/uploads\/2017\/11\/jo\u00e3o-azevedo.jpg","width":1150,"height":767},{"@type":"BreadcrumbList","@id":"https:\/\/noticiasemdestaque.com\/cd\/?p=37134#breadcrumb","itemListElement":[{"@type":"ListItem","position":1,"name":"In\u00edcio","item":"https:\/\/noticiasemdestaque.com\/cd\/"},{"@type":"ListItem","position":2,"name":"Governador Jo\u00e3o Azev\u00eado confirma que est\u00e1 de volta ao PSB"}]},{"@type":"WebSite","@id":"https:\/\/noticiasemdestaque.com\/cd\/#website","url":"https:\/\/noticiasemdestaque.com\/cd\/","name":"Not&iacute;cias em Destaque","description":"","publisher":{"@id":"https:\/\/noticiasemdestaque.com\/cd\/#organization"},"potentialAction":[{"@type":"SearchAction","target":{"@type":"EntryPoint","urlTemplate":"https:\/\/noticiasemdestaque.com\/cd\/?s={search_term_string}"},"query-input":{"@type":"PropertyValueSpecification","valueRequired":true,"valueName":"search_term_string"}}],"inLanguage":"pt-BR"},{"@type":"Organization","@id":"https:\/\/noticiasemdestaque.com\/cd\/#organization","name":"Not\u00edcias em Destaque","url":"https:\/\/noticiasemdestaque.com\/cd\/","logo":{"@type":"ImageObject","inLanguage":"pt-BR","@id":"https:\/\/noticiasemdestaque.com\/cd\/#\/schema\/logo\/image\/","url":"https:\/\/noticiasemdestaque.com\/cd\/wp-content\/uploads\/2022\/05\/imagem-base-noticiasemdestaque.png","contentUrl":"https:\/\/noticiasemdestaque.com\/cd\/wp-content\/uploads\/2022\/05\/imagem-base-noticiasemdestaque.png","width":1200,"height":630,"caption":"Not\u00edcias em Destaque"},"image":{"@id":"https:\/\/noticiasemdestaque.com\/cd\/#\/schema\/logo\/image\/"}},{"@type":"Person","@id":"https:\/\/noticiasemdestaque.com\/cd\/#\/schema\/person\/9c05c6816b191977f47499b3494ace52","name":"Not\u00edcias em Destaque","url":"https:\/\/noticiasemdestaque.com\/cd\/?author=2"}]}},"jetpack_featured_media_url":"https:\/\/noticiasemdestaque.com\/cd\/wp-content\/uploads\/2017\/11\/jo\u00e3o-azevedo.jpg","jetpack_sharing_enabled":true,"_links":{"self":[{"href":"https:\/\/noticiasemdestaque.com\/cd\/index.php?rest_route=\/wp\/v2\/posts\/37134","targetHints":{"allow":["GET"]}}],"collection":[{"href":"https:\/\/noticiasemdestaque.com\/cd\/index.php?rest_route=\/wp\/v2\/posts"}],"about":[{"href":"https:\/\/noticiasemdestaque.com\/cd\/index.php?rest_route=\/wp\/v2\/types\/post"}],"author":[{"embeddable":true,"href":"https:\/\/noticiasemdestaque.com\/cd\/index.php?rest_route=\/wp\/v2\/users\/2"}],"replies":[{"embeddable":true,"href":"https:\/\/noticiasemdestaque.com\/cd\/index.php?rest_route=%2Fwp%2Fv2%2Fcomments&post=37134"}],"version-history":[{"count":1,"href":"https:\/\/noticiasemdestaque.com\/cd\/index.php?rest_route=\/wp\/v2\/posts\/37134\/revisions"}],"predecessor-version":[{"id":37135,"href":"https:\/\/noticiasemdestaque.com\/cd\/index.php?rest_route=\/wp\/v2\/posts\/37134\/revisions\/37135"}],"wp:featuredmedia":[{"embeddable":true,"href":"https:\/\/noticiasemdestaque.com\/cd\/index.php?rest_route=\/wp\/v2\/media\/6084"}],"wp:attachment":[{"href":"https:\/\/noticiasemdestaque.com\/cd\/index.php?rest_route=%2Fwp%2Fv2%2Fmedia&parent=37134"}],"wp:term":[{"taxonomy":"category","embeddable":true,"href":"https:\/\/noticiasemdestaque.com\/cd\/index.php?rest_route=%2Fwp%2Fv2%2Fcategories&post=37134"},{"taxonomy":"post_tag","embeddable":true,"href":"https:\/\/noticiasemdestaque.com\/cd\/index.php?rest_route=%2Fwp%2Fv2%2Ftags&post=37134"}],"curies":[{"name":"wp","href":"https:\/\/api.w.org\/{rel}","templated":true}]}}