{"id":3643,"date":"2017-08-25T15:55:05","date_gmt":"2017-08-25T18:55:05","guid":{"rendered":"http:\/\/caririemdestaque.com\/cd\/?p=3643"},"modified":"2017-08-25T15:55:05","modified_gmt":"2017-08-25T18:55:05","slug":"temer-anuncio-de-privatizacoes-e-medida-corajosa-e-deve-gerar-empregos-e-renda","status":"publish","type":"post","link":"https:\/\/noticiasemdestaque.com\/cd\/?p=3643","title":{"rendered":"Temer: an\u00fancio de privatiza\u00e7\u00f5es \u00e9 medida corajosa e deve gerar empregos e renda"},"content":{"rendered":"<p><a href=\"http:\/\/caririemdestaque.com\/cd\/wp-content\/uploads\/2017\/08\/michel-temer-perdeu-o-tom-sereno-e-calmo-de-seus-discursos_721987.jpg\"><img decoding=\"async\" class=\"size-medium wp-image-3644 alignleft\" src=\"http:\/\/caririemdestaque.com\/cd\/wp-content\/uploads\/2017\/08\/michel-temer-perdeu-o-tom-sereno-e-calmo-de-seus-discursos_721987-300x164.jpg\" alt=\"\" width=\"300\" height=\"164\" srcset=\"https:\/\/noticiasemdestaque.com\/cd\/wp-content\/uploads\/2017\/08\/michel-temer-perdeu-o-tom-sereno-e-calmo-de-seus-discursos_721987-300x164.jpg 300w, https:\/\/noticiasemdestaque.com\/cd\/wp-content\/uploads\/2017\/08\/michel-temer-perdeu-o-tom-sereno-e-calmo-de-seus-discursos_721987.jpg 640w\" sizes=\"(max-width: 300px) 100vw, 300px\" \/><\/a>O presidente Michel Temer disse hoje (25), em v\u00eddeo publicado nas redes sociais, que o an\u00fancio dos\u00a057 projetos de concess\u00e3o e privatiza\u00e7\u00e3o de empresas p\u00fablicas\u00a0feito pelo governo na quarta-feira (23) foi uma medida \u201ccorajosa\u201d. Com a iniciativa, o governo espera arrecadar, a partir deste ano, cerca de R$ 44 bilh\u00f5es ao longo dos anos de vig\u00eancia dos contratos.<\/p>\n<p>\u201cEscolhemos 57 projetos que v\u00e3o tornar o Brasil mais moderno e nos ajudar\u00e3o a eliminar de vez a crise que tanto nos prejudicou nos \u00faltimos anos. Com essa medida, convenhamos, corajosa, nosso objetivo n\u00e3o \u00e9 cobrir o d\u00e9ficit fiscal, mas criar empregos, gerar renda e oferecer um servi\u00e7o de melhor qualidade a popula\u00e7\u00e3o\u201d, disse. O pacote inclui aeroportos, rodovias, portos e linhas de transmiss\u00e3o.<\/p>\n<p>Segundo Temer, os bilh\u00f5es arrecadados pelo governo ser\u00e3o investidos no que \u201crealmente importa\u201d, que \u00e9 sa\u00fade p\u00fablica, seguran\u00e7a, infraestrutura e educa\u00e7\u00e3o.<\/p>\n<p>No v\u00eddeo, Temer fez um balan\u00e7o dos an\u00fancios feitos nesta semana e disse que o Brasil ficou mais leve, justo, desenvolvido e social. O presidente citou o adiantamento da\u00a0libera\u00e7\u00e3o do PIS\/Pasep para idosos\u00a0e o\u00a0lan\u00e7amento de uma linha de cr\u00e9dito<a href=\"http:\/\/http\/agenciabrasil.ebc.com.br\/economia\/noticia\/2017-08\/governo-lanca-programa-para-agilizar-credito-micro-e-pequenas-empresas\">\u00a0<\/a>do Banco do Desenvolvimento Econ\u00f4mico e Social (BNDES) para agilizar micro, pequenas e m\u00e9dias empresas.<\/p>\n<p><strong><em>Cariri em Destaque<\/em><\/strong><\/p>\n<p>Com EBC<\/p>\n","protected":false},"excerpt":{"rendered":"<p>O presidente Michel Temer disse hoje (25), em v\u00eddeo publicado nas redes sociais, que o an\u00fancio dos\u00a057 projetos de concess\u00e3o e privatiza\u00e7\u00e3o de empresas p\u00fablicas\u00a0feito pelo governo na quarta-feira (23) foi uma medida \u201ccorajosa\u201d. Com a iniciativa, o governo espera arrecadar, a partir deste ano, cerca de R$ 44 bilh\u00f5es ao longo dos anos de vig\u00eancia dos contratos. \u201cEscolhemos 57 projetos que v\u00e3o tornar o Brasil mais moderno e nos ajudar\u00e3o a eliminar de vez a crise que tanto nos prejudicou nos \u00faltimos anos. Com essa medida, convenhamos, corajosa, nosso objetivo n\u00e3o \u00e9 cobrir o d\u00e9ficit fiscal, mas criar empregos, gerar renda e oferecer um servi\u00e7o de melhor qualidade a popula\u00e7\u00e3o\u201d, disse. O pacote inclui aeroportos, rodovias, portos e linhas de transmiss\u00e3o. Segundo Temer, os bilh\u00f5es arrecadados pelo governo ser\u00e3o investidos no que \u201crealmente importa\u201d, que \u00e9 sa\u00fade p\u00fablica, seguran\u00e7a, infraestrutura e educa\u00e7\u00e3o. No v\u00eddeo, Temer fez um balan\u00e7o dos an\u00fancios feitos nesta semana e disse que o Brasil ficou mais leve, justo, desenvolvido e social. O presidente citou o adiantamento da\u00a0libera\u00e7\u00e3o do PIS\/Pasep para idosos\u00a0e o\u00a0lan\u00e7amento de uma linha de cr\u00e9dito\u00a0do Banco do Desenvolvimento Econ\u00f4mico e Social (BNDES) para agilizar micro, pequenas e m\u00e9dias empresas. Cariri em Destaque Com EBC<\/p>\n","protected":false},"author":2,"featured_media":3644,"comment_status":"closed","ping_status":"open","sticky":false,"template":"","format":"standard","meta":{"_eb_attr":"","_jetpack_memberships_contains_paid_content":false,"footnotes":""},"categories":[11],"tags":[],"class_list":["post-3643","post","type-post","status-publish","format-standard","has-post-thumbnail","hentry","category-economia"],"yoast_head":"<!-- This site is optimized with the Yoast SEO plugin v26.5 - https:\/\/yoast.com\/wordpress\/plugins\/seo\/ -->\n<title>Temer: an\u00fancio de privatiza\u00e7\u00f5es \u00e9 medida corajosa e deve gerar empregos e renda - Not&iacute;cias em Destaque<\/title>\n<meta name=\"robots\" content=\"index, follow, max-snippet:-1, max-image-preview:large, max-video-preview:-1\" \/>\n<link rel=\"canonical\" href=\"https:\/\/noticiasemdestaque.com\/cd\/?p=3643\" \/>\n<meta property=\"og:locale\" content=\"pt_BR\" \/>\n<meta property=\"og:type\" content=\"article\" \/>\n<meta property=\"og:title\" content=\"Temer: an\u00fancio de privatiza\u00e7\u00f5es \u00e9 medida corajosa e deve gerar empregos e renda - Not&iacute;cias em Destaque\" \/>\n<meta property=\"og:description\" content=\"O presidente Michel Temer disse hoje (25), em v\u00eddeo publicado nas redes sociais, que o an\u00fancio dos\u00a057 projetos de concess\u00e3o e privatiza\u00e7\u00e3o de empresas p\u00fablicas\u00a0feito pelo governo na quarta-feira (23) foi uma medida \u201ccorajosa\u201d. Com a iniciativa, o governo espera arrecadar, a partir deste ano, cerca de R$ 44 bilh\u00f5es ao longo dos anos de vig\u00eancia dos contratos. \u201cEscolhemos 57 projetos que v\u00e3o tornar o Brasil mais moderno e nos ajudar\u00e3o a eliminar de vez a crise que tanto nos prejudicou nos \u00faltimos anos. Com essa medida, convenhamos, corajosa, nosso objetivo n\u00e3o \u00e9 cobrir o d\u00e9ficit fiscal, mas criar empregos, gerar renda e oferecer um servi\u00e7o de melhor qualidade a popula\u00e7\u00e3o\u201d, disse. O pacote inclui aeroportos, rodovias, portos e linhas de transmiss\u00e3o. Segundo Temer, os bilh\u00f5es arrecadados pelo governo ser\u00e3o investidos no que \u201crealmente importa\u201d, que \u00e9 sa\u00fade p\u00fablica, seguran\u00e7a, infraestrutura e educa\u00e7\u00e3o. No v\u00eddeo, Temer fez um balan\u00e7o dos an\u00fancios feitos nesta semana e disse que o Brasil ficou mais leve, justo, desenvolvido e social. O presidente citou o adiantamento da\u00a0libera\u00e7\u00e3o do PIS\/Pasep para idosos\u00a0e o\u00a0lan\u00e7amento de uma linha de cr\u00e9dito\u00a0do Banco do Desenvolvimento Econ\u00f4mico e Social (BNDES) para agilizar micro, pequenas e m\u00e9dias empresas. Cariri em Destaque Com EBC\" \/>\n<meta property=\"og:url\" content=\"https:\/\/noticiasemdestaque.com\/cd\/?p=3643\" \/>\n<meta property=\"og:site_name\" content=\"Not&iacute;cias em Destaque\" \/>\n<meta property=\"article:published_time\" content=\"2017-08-25T18:55:05+00:00\" \/>\n<meta property=\"og:image\" content=\"https:\/\/noticiasemdestaque.com\/cd\/wp-content\/uploads\/2017\/08\/michel-temer-perdeu-o-tom-sereno-e-calmo-de-seus-discursos_721987.jpg\" \/>\n\t<meta property=\"og:image:width\" content=\"640\" \/>\n\t<meta property=\"og:image:height\" content=\"349\" \/>\n\t<meta property=\"og:image:type\" content=\"image\/jpeg\" \/>\n<meta name=\"author\" content=\"Not\u00edcias em Destaque\" \/>\n<meta name=\"twitter:card\" content=\"summary_large_image\" \/>\n<meta name=\"twitter:label1\" content=\"Escrito por\" \/>\n\t<meta name=\"twitter:data1\" content=\"Not\u00edcias em Destaque\" \/>\n\t<meta name=\"twitter:label2\" content=\"Est. tempo de leitura\" \/>\n\t<meta name=\"twitter:data2\" content=\"1 minuto\" \/>\n<script type=\"application\/ld+json\" class=\"yoast-schema-graph\">{\"@context\":\"https:\/\/schema.org\",\"@graph\":[{\"@type\":\"Article\",\"@id\":\"https:\/\/noticiasemdestaque.com\/cd\/?p=3643#article\",\"isPartOf\":{\"@id\":\"https:\/\/noticiasemdestaque.com\/cd\/?p=3643\"},\"author\":{\"name\":\"Not\u00edcias em Destaque\",\"@id\":\"https:\/\/noticiasemdestaque.com\/cd\/#\/schema\/person\/4a81fb71f77579d059c3045891fa1786\"},\"headline\":\"Temer: an\u00fancio de privatiza\u00e7\u00f5es \u00e9 medida corajosa e deve gerar empregos e renda\",\"datePublished\":\"2017-08-25T18:55:05+00:00\",\"mainEntityOfPage\":{\"@id\":\"https:\/\/noticiasemdestaque.com\/cd\/?p=3643\"},\"wordCount\":243,\"publisher\":{\"@id\":\"https:\/\/noticiasemdestaque.com\/cd\/#organization\"},\"image\":{\"@id\":\"https:\/\/noticiasemdestaque.com\/cd\/?p=3643#primaryimage\"},\"thumbnailUrl\":\"https:\/\/noticiasemdestaque.com\/cd\/wp-content\/uploads\/2017\/08\/michel-temer-perdeu-o-tom-sereno-e-calmo-de-seus-discursos_721987.jpg\",\"articleSection\":[\"Economia\"],\"inLanguage\":\"pt-BR\"},{\"@type\":\"WebPage\",\"@id\":\"https:\/\/noticiasemdestaque.com\/cd\/?p=3643\",\"url\":\"https:\/\/noticiasemdestaque.com\/cd\/?p=3643\",\"name\":\"Temer: an\u00fancio de privatiza\u00e7\u00f5es \u00e9 medida corajosa e deve gerar empregos e renda - Not&iacute;cias em Destaque\",\"isPartOf\":{\"@id\":\"https:\/\/noticiasemdestaque.com\/cd\/#website\"},\"primaryImageOfPage\":{\"@id\":\"https:\/\/noticiasemdestaque.com\/cd\/?p=3643#primaryimage\"},\"image\":{\"@id\":\"https:\/\/noticiasemdestaque.com\/cd\/?p=3643#primaryimage\"},\"thumbnailUrl\":\"https:\/\/noticiasemdestaque.com\/cd\/wp-content\/uploads\/2017\/08\/michel-temer-perdeu-o-tom-sereno-e-calmo-de-seus-discursos_721987.jpg\",\"datePublished\":\"2017-08-25T18:55:05+00:00\",\"breadcrumb\":{\"@id\":\"https:\/\/noticiasemdestaque.com\/cd\/?p=3643#breadcrumb\"},\"inLanguage\":\"pt-BR\",\"potentialAction\":[{\"@type\":\"ReadAction\",\"target\":[\"https:\/\/noticiasemdestaque.com\/cd\/?p=3643\"]}]},{\"@type\":\"ImageObject\",\"inLanguage\":\"pt-BR\",\"@id\":\"https:\/\/noticiasemdestaque.com\/cd\/?p=3643#primaryimage\",\"url\":\"https:\/\/noticiasemdestaque.com\/cd\/wp-content\/uploads\/2017\/08\/michel-temer-perdeu-o-tom-sereno-e-calmo-de-seus-discursos_721987.jpg\",\"contentUrl\":\"https:\/\/noticiasemdestaque.com\/cd\/wp-content\/uploads\/2017\/08\/michel-temer-perdeu-o-tom-sereno-e-calmo-de-seus-discursos_721987.jpg\",\"width\":640,\"height\":349},{\"@type\":\"BreadcrumbList\",\"@id\":\"https:\/\/noticiasemdestaque.com\/cd\/?p=3643#breadcrumb\",\"itemListElement\":[{\"@type\":\"ListItem\",\"position\":1,\"name\":\"In\u00edcio\",\"item\":\"https:\/\/noticiasemdestaque.com\/cd\/\"},{\"@type\":\"ListItem\",\"position\":2,\"name\":\"Temer: an\u00fancio de privatiza\u00e7\u00f5es \u00e9 medida corajosa e deve gerar empregos e renda\"}]},{\"@type\":\"WebSite\",\"@id\":\"https:\/\/noticiasemdestaque.com\/cd\/#website\",\"url\":\"https:\/\/noticiasemdestaque.com\/cd\/\",\"name\":\"Not&iacute;cias em Destaque\",\"description\":\"\",\"publisher\":{\"@id\":\"https:\/\/noticiasemdestaque.com\/cd\/#organization\"},\"potentialAction\":[{\"@type\":\"SearchAction\",\"target\":{\"@type\":\"EntryPoint\",\"urlTemplate\":\"https:\/\/noticiasemdestaque.com\/cd\/?s={search_term_string}\"},\"query-input\":{\"@type\":\"PropertyValueSpecification\",\"valueRequired\":true,\"valueName\":\"search_term_string\"}}],\"inLanguage\":\"pt-BR\"},{\"@type\":\"Organization\",\"@id\":\"https:\/\/noticiasemdestaque.com\/cd\/#organization\",\"name\":\"Not\u00edcias em Destaque\",\"url\":\"https:\/\/noticiasemdestaque.com\/cd\/\",\"logo\":{\"@type\":\"ImageObject\",\"inLanguage\":\"pt-BR\",\"@id\":\"https:\/\/noticiasemdestaque.com\/cd\/#\/schema\/logo\/image\/\",\"url\":\"https:\/\/noticiasemdestaque.com\/cd\/wp-content\/uploads\/2022\/05\/imagem-base-noticiasemdestaque.png\",\"contentUrl\":\"https:\/\/noticiasemdestaque.com\/cd\/wp-content\/uploads\/2022\/05\/imagem-base-noticiasemdestaque.png\",\"width\":1200,\"height\":630,\"caption\":\"Not\u00edcias em Destaque\"},\"image\":{\"@id\":\"https:\/\/noticiasemdestaque.com\/cd\/#\/schema\/logo\/image\/\"}},{\"@type\":\"Person\",\"@id\":\"https:\/\/noticiasemdestaque.com\/cd\/#\/schema\/person\/4a81fb71f77579d059c3045891fa1786\",\"name\":\"Not\u00edcias em Destaque\",\"url\":\"https:\/\/noticiasemdestaque.com\/cd\/?author=2\"}]}<\/script>\n<!-- \/ Yoast SEO plugin. -->","yoast_head_json":{"title":"Temer: an\u00fancio de privatiza\u00e7\u00f5es \u00e9 medida corajosa e deve gerar empregos e renda - Not&iacute;cias em Destaque","robots":{"index":"index","follow":"follow","max-snippet":"max-snippet:-1","max-image-preview":"max-image-preview:large","max-video-preview":"max-video-preview:-1"},"canonical":"https:\/\/noticiasemdestaque.com\/cd\/?p=3643","og_locale":"pt_BR","og_type":"article","og_title":"Temer: an\u00fancio de privatiza\u00e7\u00f5es \u00e9 medida corajosa e deve gerar empregos e renda - Not&iacute;cias em Destaque","og_description":"O presidente Michel Temer disse hoje (25), em v\u00eddeo publicado nas redes sociais, que o an\u00fancio dos\u00a057 projetos de concess\u00e3o e privatiza\u00e7\u00e3o de empresas p\u00fablicas\u00a0feito pelo governo na quarta-feira (23) foi uma medida \u201ccorajosa\u201d. Com a iniciativa, o governo espera arrecadar, a partir deste ano, cerca de R$ 44 bilh\u00f5es ao longo dos anos de vig\u00eancia dos contratos. \u201cEscolhemos 57 projetos que v\u00e3o tornar o Brasil mais moderno e nos ajudar\u00e3o a eliminar de vez a crise que tanto nos prejudicou nos \u00faltimos anos. Com essa medida, convenhamos, corajosa, nosso objetivo n\u00e3o \u00e9 cobrir o d\u00e9ficit fiscal, mas criar empregos, gerar renda e oferecer um servi\u00e7o de melhor qualidade a popula\u00e7\u00e3o\u201d, disse. O pacote inclui aeroportos, rodovias, portos e linhas de transmiss\u00e3o. Segundo Temer, os bilh\u00f5es arrecadados pelo governo ser\u00e3o investidos no que \u201crealmente importa\u201d, que \u00e9 sa\u00fade p\u00fablica, seguran\u00e7a, infraestrutura e educa\u00e7\u00e3o. No v\u00eddeo, Temer fez um balan\u00e7o dos an\u00fancios feitos nesta semana e disse que o Brasil ficou mais leve, justo, desenvolvido e social. O presidente citou o adiantamento da\u00a0libera\u00e7\u00e3o do PIS\/Pasep para idosos\u00a0e o\u00a0lan\u00e7amento de uma linha de cr\u00e9dito\u00a0do Banco do Desenvolvimento Econ\u00f4mico e Social (BNDES) para agilizar micro, pequenas e m\u00e9dias empresas. Cariri em Destaque Com EBC","og_url":"https:\/\/noticiasemdestaque.com\/cd\/?p=3643","og_site_name":"Not&iacute;cias em Destaque","article_published_time":"2017-08-25T18:55:05+00:00","og_image":[{"width":640,"height":349,"url":"https:\/\/noticiasemdestaque.com\/cd\/wp-content\/uploads\/2017\/08\/michel-temer-perdeu-o-tom-sereno-e-calmo-de-seus-discursos_721987.jpg","type":"image\/jpeg"}],"author":"Not\u00edcias em Destaque","twitter_card":"summary_large_image","twitter_misc":{"Escrito por":"Not\u00edcias em Destaque","Est. tempo de leitura":"1 minuto"},"schema":{"@context":"https:\/\/schema.org","@graph":[{"@type":"Article","@id":"https:\/\/noticiasemdestaque.com\/cd\/?p=3643#article","isPartOf":{"@id":"https:\/\/noticiasemdestaque.com\/cd\/?p=3643"},"author":{"name":"Not\u00edcias em Destaque","@id":"https:\/\/noticiasemdestaque.com\/cd\/#\/schema\/person\/4a81fb71f77579d059c3045891fa1786"},"headline":"Temer: an\u00fancio de privatiza\u00e7\u00f5es \u00e9 medida corajosa e deve gerar empregos e renda","datePublished":"2017-08-25T18:55:05+00:00","mainEntityOfPage":{"@id":"https:\/\/noticiasemdestaque.com\/cd\/?p=3643"},"wordCount":243,"publisher":{"@id":"https:\/\/noticiasemdestaque.com\/cd\/#organization"},"image":{"@id":"https:\/\/noticiasemdestaque.com\/cd\/?p=3643#primaryimage"},"thumbnailUrl":"https:\/\/noticiasemdestaque.com\/cd\/wp-content\/uploads\/2017\/08\/michel-temer-perdeu-o-tom-sereno-e-calmo-de-seus-discursos_721987.jpg","articleSection":["Economia"],"inLanguage":"pt-BR"},{"@type":"WebPage","@id":"https:\/\/noticiasemdestaque.com\/cd\/?p=3643","url":"https:\/\/noticiasemdestaque.com\/cd\/?p=3643","name":"Temer: an\u00fancio de privatiza\u00e7\u00f5es \u00e9 medida corajosa e deve gerar empregos e renda - Not&iacute;cias em Destaque","isPartOf":{"@id":"https:\/\/noticiasemdestaque.com\/cd\/#website"},"primaryImageOfPage":{"@id":"https:\/\/noticiasemdestaque.com\/cd\/?p=3643#primaryimage"},"image":{"@id":"https:\/\/noticiasemdestaque.com\/cd\/?p=3643#primaryimage"},"thumbnailUrl":"https:\/\/noticiasemdestaque.com\/cd\/wp-content\/uploads\/2017\/08\/michel-temer-perdeu-o-tom-sereno-e-calmo-de-seus-discursos_721987.jpg","datePublished":"2017-08-25T18:55:05+00:00","breadcrumb":{"@id":"https:\/\/noticiasemdestaque.com\/cd\/?p=3643#breadcrumb"},"inLanguage":"pt-BR","potentialAction":[{"@type":"ReadAction","target":["https:\/\/noticiasemdestaque.com\/cd\/?p=3643"]}]},{"@type":"ImageObject","inLanguage":"pt-BR","@id":"https:\/\/noticiasemdestaque.com\/cd\/?p=3643#primaryimage","url":"https:\/\/noticiasemdestaque.com\/cd\/wp-content\/uploads\/2017\/08\/michel-temer-perdeu-o-tom-sereno-e-calmo-de-seus-discursos_721987.jpg","contentUrl":"https:\/\/noticiasemdestaque.com\/cd\/wp-content\/uploads\/2017\/08\/michel-temer-perdeu-o-tom-sereno-e-calmo-de-seus-discursos_721987.jpg","width":640,"height":349},{"@type":"BreadcrumbList","@id":"https:\/\/noticiasemdestaque.com\/cd\/?p=3643#breadcrumb","itemListElement":[{"@type":"ListItem","position":1,"name":"In\u00edcio","item":"https:\/\/noticiasemdestaque.com\/cd\/"},{"@type":"ListItem","position":2,"name":"Temer: an\u00fancio de privatiza\u00e7\u00f5es \u00e9 medida corajosa e deve gerar empregos e renda"}]},{"@type":"WebSite","@id":"https:\/\/noticiasemdestaque.com\/cd\/#website","url":"https:\/\/noticiasemdestaque.com\/cd\/","name":"Not&iacute;cias em Destaque","description":"","publisher":{"@id":"https:\/\/noticiasemdestaque.com\/cd\/#organization"},"potentialAction":[{"@type":"SearchAction","target":{"@type":"EntryPoint","urlTemplate":"https:\/\/noticiasemdestaque.com\/cd\/?s={search_term_string}"},"query-input":{"@type":"PropertyValueSpecification","valueRequired":true,"valueName":"search_term_string"}}],"inLanguage":"pt-BR"},{"@type":"Organization","@id":"https:\/\/noticiasemdestaque.com\/cd\/#organization","name":"Not\u00edcias em Destaque","url":"https:\/\/noticiasemdestaque.com\/cd\/","logo":{"@type":"ImageObject","inLanguage":"pt-BR","@id":"https:\/\/noticiasemdestaque.com\/cd\/#\/schema\/logo\/image\/","url":"https:\/\/noticiasemdestaque.com\/cd\/wp-content\/uploads\/2022\/05\/imagem-base-noticiasemdestaque.png","contentUrl":"https:\/\/noticiasemdestaque.com\/cd\/wp-content\/uploads\/2022\/05\/imagem-base-noticiasemdestaque.png","width":1200,"height":630,"caption":"Not\u00edcias em Destaque"},"image":{"@id":"https:\/\/noticiasemdestaque.com\/cd\/#\/schema\/logo\/image\/"}},{"@type":"Person","@id":"https:\/\/noticiasemdestaque.com\/cd\/#\/schema\/person\/4a81fb71f77579d059c3045891fa1786","name":"Not\u00edcias em Destaque","url":"https:\/\/noticiasemdestaque.com\/cd\/?author=2"}]}},"jetpack_featured_media_url":"https:\/\/noticiasemdestaque.com\/cd\/wp-content\/uploads\/2017\/08\/michel-temer-perdeu-o-tom-sereno-e-calmo-de-seus-discursos_721987.jpg","jetpack_sharing_enabled":true,"_links":{"self":[{"href":"https:\/\/noticiasemdestaque.com\/cd\/index.php?rest_route=\/wp\/v2\/posts\/3643","targetHints":{"allow":["GET"]}}],"collection":[{"href":"https:\/\/noticiasemdestaque.com\/cd\/index.php?rest_route=\/wp\/v2\/posts"}],"about":[{"href":"https:\/\/noticiasemdestaque.com\/cd\/index.php?rest_route=\/wp\/v2\/types\/post"}],"author":[{"embeddable":true,"href":"https:\/\/noticiasemdestaque.com\/cd\/index.php?rest_route=\/wp\/v2\/users\/2"}],"replies":[{"embeddable":true,"href":"https:\/\/noticiasemdestaque.com\/cd\/index.php?rest_route=%2Fwp%2Fv2%2Fcomments&post=3643"}],"version-history":[{"count":1,"href":"https:\/\/noticiasemdestaque.com\/cd\/index.php?rest_route=\/wp\/v2\/posts\/3643\/revisions"}],"predecessor-version":[{"id":3645,"href":"https:\/\/noticiasemdestaque.com\/cd\/index.php?rest_route=\/wp\/v2\/posts\/3643\/revisions\/3645"}],"wp:featuredmedia":[{"embeddable":true,"href":"https:\/\/noticiasemdestaque.com\/cd\/index.php?rest_route=\/wp\/v2\/media\/3644"}],"wp:attachment":[{"href":"https:\/\/noticiasemdestaque.com\/cd\/index.php?rest_route=%2Fwp%2Fv2%2Fmedia&parent=3643"}],"wp:term":[{"taxonomy":"category","embeddable":true,"href":"https:\/\/noticiasemdestaque.com\/cd\/index.php?rest_route=%2Fwp%2Fv2%2Fcategories&post=3643"},{"taxonomy":"post_tag","embeddable":true,"href":"https:\/\/noticiasemdestaque.com\/cd\/index.php?rest_route=%2Fwp%2Fv2%2Ftags&post=3643"}],"curies":[{"name":"wp","href":"https:\/\/api.w.org\/{rel}","templated":true}]}}