{"id":3632,"date":"2017-08-25T14:24:48","date_gmt":"2017-08-25T17:24:48","guid":{"rendered":"http:\/\/caririemdestaque.com\/cd\/?p=3632"},"modified":"2017-08-25T14:24:48","modified_gmt":"2017-08-25T17:24:48","slug":"cpcon-retifica-edital-de-concurso-publico-da-prefeitura-de-sume-para-o-cargo-de-cirurgiao-dentista","status":"publish","type":"post","link":"https:\/\/noticiasemdestaque.com\/cd\/?p=3632","title":{"rendered":"CPCON retifica edital de Concurso P\u00fablico da Prefeitura de Sum\u00e9 para o cargo de Cirurgi\u00e3o Dentista"},"content":{"rendered":"<p><a href=\"http:\/\/caririemdestaque.com\/cd\/wp-content\/uploads\/2017\/08\/concursopublico.jpg\"><img decoding=\"async\" class=\"size-medium wp-image-3633 alignleft\" src=\"http:\/\/caririemdestaque.com\/cd\/wp-content\/uploads\/2017\/08\/concursopublico-300x152.jpg\" alt=\"\" width=\"300\" height=\"152\" srcset=\"https:\/\/noticiasemdestaque.com\/cd\/wp-content\/uploads\/2017\/08\/concursopublico-300x152.jpg 300w, https:\/\/noticiasemdestaque.com\/cd\/wp-content\/uploads\/2017\/08\/concursopublico.jpg 495w\" sizes=\"(max-width: 300px) 100vw, 300px\" \/><\/a>A Comiss\u00e3o de Supervis\u00e3o e Acompanhamento da Execu\u00e7\u00e3o do Concurso P\u00fablico da Prefeitura de Sum\u00e9 torna p\u00fablica a retifica\u00e7\u00e3o no\u00a0<strong>Anexo I<\/strong>, do Edital n\u00ba 02\/2017 \u2013 Grupo Ocupacional Servi\u00e7os de Sa\u00fade (SSA-600), do Conte\u00fado Espec\u00edfico para Cirurgi\u00e3o Dentista Especialista em Cirurgia e Traumatologia Buco Maxilo Facial, conforme a seguir especificado:<\/p>\n<p>01-<strong>Cirurgi\u00e3o-Dentista-A-Especialista em Cirurgia e Traumatologia Buco-Maxilo-Facial<\/strong>: Pol\u00edticas de Sa\u00fade\/SUS. Indicadores epidemiol\u00f3gicos. Par\u00e2metros pertinentes a Sa\u00fade da Fam\u00edlia. Constitui\u00e7\u00e3o Federal 88 (artigo 196 a 200). Princ\u00edpios e Diretrizes da Estrat\u00e9gia de Sa\u00fade da Fam\u00edlia. Bio\u00e9tica e \u00e9tica na odontologia. Biosseguran\u00e7a: Conceitos e defini\u00e7\u00f5es. Acessos cir\u00fargicos. Acidentes e complica\u00e7\u00f5es. Ambiente cir\u00fargico. Anamnese. Anatomia buco maxilo facial. Anestesiologia. Aparelho para bloqueio maxilo mandibular. Articula\u00e7\u00e3o t\u00eamporo mandibular (ATM). Cirurgia dos Dentes Inclusos. Cirurgia das Les\u00f5es Benignas \u00d3sseas e de Mucosa do Complexo Maxilo-Mandibular: Gl\u00e2ndulas Salivares, Cistos e Tumores. Bi\u00f3psia. Cirurgia do seio maxilar. Cirurgia Pr\u00e9-Prot\u00e9tica. Cirurgia Parendod\u00f4ntica. Controle de infec\u00e7\u00f5es em Odontologia. Exodontias. Enxertos \u00d3sseos. Farmacologia e terap\u00eautica: Farmacocin\u00e9tica, farmacodin\u00e2mica, antibi\u00f3ticos, analg\u00e9sicos perif\u00e9ricos e centrais, anti-inflamat\u00f3rio esteroidais e n\u00e3o-esteroidais, ansiol\u00edticos. Imaginologia. Manobras cir\u00fargicas fundamentais. Patologia e diagn\u00f3stico oral. Princ\u00edpios de T\u00e9cnica Cir\u00fargica: Di\u00e9rese, Hemostasia, S\u00edntese, instrumentais, tipos de sutura e fios. Redu\u00e7\u00e3o cruenta e incruenta de fratura alv\u00e9olo dent\u00e1ria. Repara\u00e7\u00e3o Tecidual. Trauma de face: Ter\u00e7o superior, m\u00e9dio e inferior. Tratamento Cir\u00fargico de F\u00edstulas e Comunica\u00e7\u00f5es Buco-Sinusais. Traumatismo dental, dento alveolar e buco maxilo facial. Tumores benignos e malignos da cavidade oral. Urg\u00eancias e emerg\u00eancias em odontologia.<\/p>\n<p>Os demais itens e subitens do referido edital permanecem inalterados.<\/p>\n<p>Confira o Edital na \u00edntegra:\u00a0<a href=\"http:\/\/www.sume.pb.gov.br\/wp-content\/uploads\/2017\/08\/EDITAL-DE-RETIFICA%C3%87%C3%83O-DO-CONCURSO-P%C3%9ABLICO-2017.pdf\">EDITAL DE RETIFICA\u00c7\u00c3O DO CONCURSO P\u00daBLICO 2017\u00a0<\/a><\/p>\n<p><em><strong>Cariri em Destaque\u00a0<\/strong><\/em><\/p>\n<p>Ascom<\/p>\n<p>&nbsp;<\/p>\n","protected":false},"excerpt":{"rendered":"<p>A Comiss\u00e3o de Supervis\u00e3o e Acompanhamento da Execu\u00e7\u00e3o do Concurso P\u00fablico da Prefeitura de Sum\u00e9 torna p\u00fablica a retifica\u00e7\u00e3o no\u00a0Anexo I, do Edital n\u00ba 02\/2017 \u2013 Grupo Ocupacional Servi\u00e7os de Sa\u00fade (SSA-600), do Conte\u00fado Espec\u00edfico para Cirurgi\u00e3o Dentista Especialista em Cirurgia e Traumatologia Buco Maxilo Facial, conforme a seguir especificado: 01-Cirurgi\u00e3o-Dentista-A-Especialista em Cirurgia e Traumatologia Buco-Maxilo-Facial: Pol\u00edticas de Sa\u00fade\/SUS. Indicadores epidemiol\u00f3gicos. Par\u00e2metros pertinentes a Sa\u00fade da Fam\u00edlia. Constitui\u00e7\u00e3o Federal 88 (artigo 196 a 200). Princ\u00edpios e Diretrizes da Estrat\u00e9gia de Sa\u00fade da Fam\u00edlia. Bio\u00e9tica e \u00e9tica na odontologia. Biosseguran\u00e7a: Conceitos e defini\u00e7\u00f5es. Acessos cir\u00fargicos. Acidentes e complica\u00e7\u00f5es. Ambiente cir\u00fargico. Anamnese. Anatomia buco maxilo facial. Anestesiologia. Aparelho para bloqueio maxilo mandibular. Articula\u00e7\u00e3o t\u00eamporo mandibular (ATM). Cirurgia dos Dentes Inclusos. Cirurgia das Les\u00f5es Benignas \u00d3sseas e de Mucosa do Complexo Maxilo-Mandibular: Gl\u00e2ndulas Salivares, Cistos e Tumores. Bi\u00f3psia. Cirurgia do seio maxilar. Cirurgia Pr\u00e9-Prot\u00e9tica. Cirurgia Parendod\u00f4ntica. Controle de infec\u00e7\u00f5es em Odontologia. Exodontias. Enxertos \u00d3sseos. Farmacologia e terap\u00eautica: Farmacocin\u00e9tica, farmacodin\u00e2mica, antibi\u00f3ticos, analg\u00e9sicos perif\u00e9ricos e centrais, anti-inflamat\u00f3rio esteroidais e n\u00e3o-esteroidais, ansiol\u00edticos. Imaginologia. Manobras cir\u00fargicas fundamentais. Patologia e diagn\u00f3stico oral. Princ\u00edpios de T\u00e9cnica Cir\u00fargica: Di\u00e9rese, Hemostasia, S\u00edntese, instrumentais, tipos de sutura e fios. Redu\u00e7\u00e3o cruenta e incruenta de fratura alv\u00e9olo dent\u00e1ria. Repara\u00e7\u00e3o Tecidual. Trauma de face: Ter\u00e7o superior, m\u00e9dio e inferior. Tratamento Cir\u00fargico de F\u00edstulas e Comunica\u00e7\u00f5es Buco-Sinusais. Traumatismo dental, dento alveolar e buco maxilo facial. Tumores benignos e malignos da cavidade oral. Urg\u00eancias e emerg\u00eancias em odontologia. Os demais itens e subitens do referido edital permanecem inalterados. Confira o Edital na \u00edntegra:\u00a0EDITAL DE RETIFICA\u00c7\u00c3O DO CONCURSO P\u00daBLICO 2017\u00a0 Cariri em Destaque\u00a0 Ascom &nbsp;<\/p>\n","protected":false},"author":2,"featured_media":3633,"comment_status":"closed","ping_status":"open","sticky":false,"template":"","format":"standard","meta":{"_eb_attr":"","_jetpack_memberships_contains_paid_content":false,"footnotes":""},"categories":[11],"tags":[],"class_list":["post-3632","post","type-post","status-publish","format-standard","has-post-thumbnail","hentry","category-economia"],"yoast_head":"<!-- This site is optimized with the Yoast SEO plugin v26.5 - https:\/\/yoast.com\/wordpress\/plugins\/seo\/ -->\n<title>CPCON retifica edital de Concurso P\u00fablico da Prefeitura de Sum\u00e9 para o cargo de Cirurgi\u00e3o Dentista - Not&iacute;cias em Destaque<\/title>\n<meta name=\"robots\" content=\"index, follow, max-snippet:-1, max-image-preview:large, max-video-preview:-1\" \/>\n<link rel=\"canonical\" href=\"https:\/\/noticiasemdestaque.com\/cd\/?p=3632\" \/>\n<meta property=\"og:locale\" content=\"pt_BR\" \/>\n<meta property=\"og:type\" content=\"article\" \/>\n<meta property=\"og:title\" content=\"CPCON retifica edital de Concurso P\u00fablico da Prefeitura de Sum\u00e9 para o cargo de Cirurgi\u00e3o Dentista - Not&iacute;cias em Destaque\" \/>\n<meta property=\"og:description\" content=\"A Comiss\u00e3o de Supervis\u00e3o e Acompanhamento da Execu\u00e7\u00e3o do Concurso P\u00fablico da Prefeitura de Sum\u00e9 torna p\u00fablica a retifica\u00e7\u00e3o no\u00a0Anexo I, do Edital n\u00ba 02\/2017 \u2013 Grupo Ocupacional Servi\u00e7os de Sa\u00fade (SSA-600), do Conte\u00fado Espec\u00edfico para Cirurgi\u00e3o Dentista Especialista em Cirurgia e Traumatologia Buco Maxilo Facial, conforme a seguir especificado: 01-Cirurgi\u00e3o-Dentista-A-Especialista em Cirurgia e Traumatologia Buco-Maxilo-Facial: Pol\u00edticas de Sa\u00fade\/SUS. Indicadores epidemiol\u00f3gicos. Par\u00e2metros pertinentes a Sa\u00fade da Fam\u00edlia. Constitui\u00e7\u00e3o Federal 88 (artigo 196 a 200). Princ\u00edpios e Diretrizes da Estrat\u00e9gia de Sa\u00fade da Fam\u00edlia. Bio\u00e9tica e \u00e9tica na odontologia. Biosseguran\u00e7a: Conceitos e defini\u00e7\u00f5es. Acessos cir\u00fargicos. Acidentes e complica\u00e7\u00f5es. Ambiente cir\u00fargico. Anamnese. Anatomia buco maxilo facial. Anestesiologia. Aparelho para bloqueio maxilo mandibular. Articula\u00e7\u00e3o t\u00eamporo mandibular (ATM). Cirurgia dos Dentes Inclusos. Cirurgia das Les\u00f5es Benignas \u00d3sseas e de Mucosa do Complexo Maxilo-Mandibular: Gl\u00e2ndulas Salivares, Cistos e Tumores. Bi\u00f3psia. Cirurgia do seio maxilar. Cirurgia Pr\u00e9-Prot\u00e9tica. Cirurgia Parendod\u00f4ntica. Controle de infec\u00e7\u00f5es em Odontologia. Exodontias. Enxertos \u00d3sseos. Farmacologia e terap\u00eautica: Farmacocin\u00e9tica, farmacodin\u00e2mica, antibi\u00f3ticos, analg\u00e9sicos perif\u00e9ricos e centrais, anti-inflamat\u00f3rio esteroidais e n\u00e3o-esteroidais, ansiol\u00edticos. Imaginologia. Manobras cir\u00fargicas fundamentais. Patologia e diagn\u00f3stico oral. Princ\u00edpios de T\u00e9cnica Cir\u00fargica: Di\u00e9rese, Hemostasia, S\u00edntese, instrumentais, tipos de sutura e fios. Redu\u00e7\u00e3o cruenta e incruenta de fratura alv\u00e9olo dent\u00e1ria. Repara\u00e7\u00e3o Tecidual. Trauma de face: Ter\u00e7o superior, m\u00e9dio e inferior. Tratamento Cir\u00fargico de F\u00edstulas e Comunica\u00e7\u00f5es Buco-Sinusais. Traumatismo dental, dento alveolar e buco maxilo facial. Tumores benignos e malignos da cavidade oral. Urg\u00eancias e emerg\u00eancias em odontologia. Os demais itens e subitens do referido edital permanecem inalterados. Confira o Edital na \u00edntegra:\u00a0EDITAL DE RETIFICA\u00c7\u00c3O DO CONCURSO P\u00daBLICO 2017\u00a0 Cariri em Destaque\u00a0 Ascom &nbsp;\" \/>\n<meta property=\"og:url\" content=\"https:\/\/noticiasemdestaque.com\/cd\/?p=3632\" \/>\n<meta property=\"og:site_name\" content=\"Not&iacute;cias em Destaque\" \/>\n<meta property=\"article:published_time\" content=\"2017-08-25T17:24:48+00:00\" \/>\n<meta property=\"og:image\" content=\"https:\/\/noticiasemdestaque.com\/cd\/wp-content\/uploads\/2017\/08\/concursopublico.jpg\" \/>\n\t<meta property=\"og:image:width\" content=\"495\" \/>\n\t<meta property=\"og:image:height\" content=\"250\" \/>\n\t<meta property=\"og:image:type\" content=\"image\/jpeg\" \/>\n<meta name=\"author\" content=\"Not\u00edcias em Destaque\" \/>\n<meta name=\"twitter:card\" content=\"summary_large_image\" \/>\n<meta name=\"twitter:label1\" content=\"Escrito por\" \/>\n\t<meta name=\"twitter:data1\" content=\"Not\u00edcias em Destaque\" \/>\n\t<meta name=\"twitter:label2\" content=\"Est. tempo de leitura\" \/>\n\t<meta name=\"twitter:data2\" content=\"2 minutos\" \/>\n<script type=\"application\/ld+json\" class=\"yoast-schema-graph\">{\"@context\":\"https:\/\/schema.org\",\"@graph\":[{\"@type\":\"Article\",\"@id\":\"https:\/\/noticiasemdestaque.com\/cd\/?p=3632#article\",\"isPartOf\":{\"@id\":\"https:\/\/noticiasemdestaque.com\/cd\/?p=3632\"},\"author\":{\"name\":\"Not\u00edcias em Destaque\",\"@id\":\"https:\/\/noticiasemdestaque.com\/cd\/#\/schema\/person\/4a81fb71f77579d059c3045891fa1786\"},\"headline\":\"CPCON retifica edital de Concurso P\u00fablico da Prefeitura de Sum\u00e9 para o cargo de Cirurgi\u00e3o Dentista\",\"datePublished\":\"2017-08-25T17:24:48+00:00\",\"mainEntityOfPage\":{\"@id\":\"https:\/\/noticiasemdestaque.com\/cd\/?p=3632\"},\"wordCount\":340,\"publisher\":{\"@id\":\"https:\/\/noticiasemdestaque.com\/cd\/#organization\"},\"image\":{\"@id\":\"https:\/\/noticiasemdestaque.com\/cd\/?p=3632#primaryimage\"},\"thumbnailUrl\":\"https:\/\/noticiasemdestaque.com\/cd\/wp-content\/uploads\/2017\/08\/concursopublico.jpg\",\"articleSection\":[\"Economia\"],\"inLanguage\":\"pt-BR\"},{\"@type\":\"WebPage\",\"@id\":\"https:\/\/noticiasemdestaque.com\/cd\/?p=3632\",\"url\":\"https:\/\/noticiasemdestaque.com\/cd\/?p=3632\",\"name\":\"CPCON retifica edital de Concurso P\u00fablico da Prefeitura de Sum\u00e9 para o cargo de Cirurgi\u00e3o Dentista - Not&iacute;cias em Destaque\",\"isPartOf\":{\"@id\":\"https:\/\/noticiasemdestaque.com\/cd\/#website\"},\"primaryImageOfPage\":{\"@id\":\"https:\/\/noticiasemdestaque.com\/cd\/?p=3632#primaryimage\"},\"image\":{\"@id\":\"https:\/\/noticiasemdestaque.com\/cd\/?p=3632#primaryimage\"},\"thumbnailUrl\":\"https:\/\/noticiasemdestaque.com\/cd\/wp-content\/uploads\/2017\/08\/concursopublico.jpg\",\"datePublished\":\"2017-08-25T17:24:48+00:00\",\"breadcrumb\":{\"@id\":\"https:\/\/noticiasemdestaque.com\/cd\/?p=3632#breadcrumb\"},\"inLanguage\":\"pt-BR\",\"potentialAction\":[{\"@type\":\"ReadAction\",\"target\":[\"https:\/\/noticiasemdestaque.com\/cd\/?p=3632\"]}]},{\"@type\":\"ImageObject\",\"inLanguage\":\"pt-BR\",\"@id\":\"https:\/\/noticiasemdestaque.com\/cd\/?p=3632#primaryimage\",\"url\":\"https:\/\/noticiasemdestaque.com\/cd\/wp-content\/uploads\/2017\/08\/concursopublico.jpg\",\"contentUrl\":\"https:\/\/noticiasemdestaque.com\/cd\/wp-content\/uploads\/2017\/08\/concursopublico.jpg\",\"width\":495,\"height\":250},{\"@type\":\"BreadcrumbList\",\"@id\":\"https:\/\/noticiasemdestaque.com\/cd\/?p=3632#breadcrumb\",\"itemListElement\":[{\"@type\":\"ListItem\",\"position\":1,\"name\":\"In\u00edcio\",\"item\":\"https:\/\/noticiasemdestaque.com\/cd\/\"},{\"@type\":\"ListItem\",\"position\":2,\"name\":\"CPCON retifica edital de Concurso P\u00fablico da Prefeitura de Sum\u00e9 para o cargo de Cirurgi\u00e3o Dentista\"}]},{\"@type\":\"WebSite\",\"@id\":\"https:\/\/noticiasemdestaque.com\/cd\/#website\",\"url\":\"https:\/\/noticiasemdestaque.com\/cd\/\",\"name\":\"Not&iacute;cias em Destaque\",\"description\":\"\",\"publisher\":{\"@id\":\"https:\/\/noticiasemdestaque.com\/cd\/#organization\"},\"potentialAction\":[{\"@type\":\"SearchAction\",\"target\":{\"@type\":\"EntryPoint\",\"urlTemplate\":\"https:\/\/noticiasemdestaque.com\/cd\/?s={search_term_string}\"},\"query-input\":{\"@type\":\"PropertyValueSpecification\",\"valueRequired\":true,\"valueName\":\"search_term_string\"}}],\"inLanguage\":\"pt-BR\"},{\"@type\":\"Organization\",\"@id\":\"https:\/\/noticiasemdestaque.com\/cd\/#organization\",\"name\":\"Not\u00edcias em Destaque\",\"url\":\"https:\/\/noticiasemdestaque.com\/cd\/\",\"logo\":{\"@type\":\"ImageObject\",\"inLanguage\":\"pt-BR\",\"@id\":\"https:\/\/noticiasemdestaque.com\/cd\/#\/schema\/logo\/image\/\",\"url\":\"https:\/\/noticiasemdestaque.com\/cd\/wp-content\/uploads\/2022\/05\/imagem-base-noticiasemdestaque.png\",\"contentUrl\":\"https:\/\/noticiasemdestaque.com\/cd\/wp-content\/uploads\/2022\/05\/imagem-base-noticiasemdestaque.png\",\"width\":1200,\"height\":630,\"caption\":\"Not\u00edcias em Destaque\"},\"image\":{\"@id\":\"https:\/\/noticiasemdestaque.com\/cd\/#\/schema\/logo\/image\/\"}},{\"@type\":\"Person\",\"@id\":\"https:\/\/noticiasemdestaque.com\/cd\/#\/schema\/person\/4a81fb71f77579d059c3045891fa1786\",\"name\":\"Not\u00edcias em Destaque\",\"url\":\"https:\/\/noticiasemdestaque.com\/cd\/?author=2\"}]}<\/script>\n<!-- \/ Yoast SEO plugin. -->","yoast_head_json":{"title":"CPCON retifica edital de Concurso P\u00fablico da Prefeitura de Sum\u00e9 para o cargo de Cirurgi\u00e3o Dentista - Not&iacute;cias em Destaque","robots":{"index":"index","follow":"follow","max-snippet":"max-snippet:-1","max-image-preview":"max-image-preview:large","max-video-preview":"max-video-preview:-1"},"canonical":"https:\/\/noticiasemdestaque.com\/cd\/?p=3632","og_locale":"pt_BR","og_type":"article","og_title":"CPCON retifica edital de Concurso P\u00fablico da Prefeitura de Sum\u00e9 para o cargo de Cirurgi\u00e3o Dentista - Not&iacute;cias em Destaque","og_description":"A Comiss\u00e3o de Supervis\u00e3o e Acompanhamento da Execu\u00e7\u00e3o do Concurso P\u00fablico da Prefeitura de Sum\u00e9 torna p\u00fablica a retifica\u00e7\u00e3o no\u00a0Anexo I, do Edital n\u00ba 02\/2017 \u2013 Grupo Ocupacional Servi\u00e7os de Sa\u00fade (SSA-600), do Conte\u00fado Espec\u00edfico para Cirurgi\u00e3o Dentista Especialista em Cirurgia e Traumatologia Buco Maxilo Facial, conforme a seguir especificado: 01-Cirurgi\u00e3o-Dentista-A-Especialista em Cirurgia e Traumatologia Buco-Maxilo-Facial: Pol\u00edticas de Sa\u00fade\/SUS. Indicadores epidemiol\u00f3gicos. Par\u00e2metros pertinentes a Sa\u00fade da Fam\u00edlia. Constitui\u00e7\u00e3o Federal 88 (artigo 196 a 200). Princ\u00edpios e Diretrizes da Estrat\u00e9gia de Sa\u00fade da Fam\u00edlia. Bio\u00e9tica e \u00e9tica na odontologia. Biosseguran\u00e7a: Conceitos e defini\u00e7\u00f5es. Acessos cir\u00fargicos. Acidentes e complica\u00e7\u00f5es. Ambiente cir\u00fargico. Anamnese. Anatomia buco maxilo facial. Anestesiologia. Aparelho para bloqueio maxilo mandibular. Articula\u00e7\u00e3o t\u00eamporo mandibular (ATM). Cirurgia dos Dentes Inclusos. Cirurgia das Les\u00f5es Benignas \u00d3sseas e de Mucosa do Complexo Maxilo-Mandibular: Gl\u00e2ndulas Salivares, Cistos e Tumores. Bi\u00f3psia. Cirurgia do seio maxilar. Cirurgia Pr\u00e9-Prot\u00e9tica. Cirurgia Parendod\u00f4ntica. Controle de infec\u00e7\u00f5es em Odontologia. Exodontias. Enxertos \u00d3sseos. Farmacologia e terap\u00eautica: Farmacocin\u00e9tica, farmacodin\u00e2mica, antibi\u00f3ticos, analg\u00e9sicos perif\u00e9ricos e centrais, anti-inflamat\u00f3rio esteroidais e n\u00e3o-esteroidais, ansiol\u00edticos. Imaginologia. Manobras cir\u00fargicas fundamentais. Patologia e diagn\u00f3stico oral. Princ\u00edpios de T\u00e9cnica Cir\u00fargica: Di\u00e9rese, Hemostasia, S\u00edntese, instrumentais, tipos de sutura e fios. Redu\u00e7\u00e3o cruenta e incruenta de fratura alv\u00e9olo dent\u00e1ria. Repara\u00e7\u00e3o Tecidual. Trauma de face: Ter\u00e7o superior, m\u00e9dio e inferior. Tratamento Cir\u00fargico de F\u00edstulas e Comunica\u00e7\u00f5es Buco-Sinusais. Traumatismo dental, dento alveolar e buco maxilo facial. Tumores benignos e malignos da cavidade oral. Urg\u00eancias e emerg\u00eancias em odontologia. Os demais itens e subitens do referido edital permanecem inalterados. Confira o Edital na \u00edntegra:\u00a0EDITAL DE RETIFICA\u00c7\u00c3O DO CONCURSO P\u00daBLICO 2017\u00a0 Cariri em Destaque\u00a0 Ascom &nbsp;","og_url":"https:\/\/noticiasemdestaque.com\/cd\/?p=3632","og_site_name":"Not&iacute;cias em Destaque","article_published_time":"2017-08-25T17:24:48+00:00","og_image":[{"width":495,"height":250,"url":"https:\/\/noticiasemdestaque.com\/cd\/wp-content\/uploads\/2017\/08\/concursopublico.jpg","type":"image\/jpeg"}],"author":"Not\u00edcias em Destaque","twitter_card":"summary_large_image","twitter_misc":{"Escrito por":"Not\u00edcias em Destaque","Est. tempo de leitura":"2 minutos"},"schema":{"@context":"https:\/\/schema.org","@graph":[{"@type":"Article","@id":"https:\/\/noticiasemdestaque.com\/cd\/?p=3632#article","isPartOf":{"@id":"https:\/\/noticiasemdestaque.com\/cd\/?p=3632"},"author":{"name":"Not\u00edcias em Destaque","@id":"https:\/\/noticiasemdestaque.com\/cd\/#\/schema\/person\/4a81fb71f77579d059c3045891fa1786"},"headline":"CPCON retifica edital de Concurso P\u00fablico da Prefeitura de Sum\u00e9 para o cargo de Cirurgi\u00e3o Dentista","datePublished":"2017-08-25T17:24:48+00:00","mainEntityOfPage":{"@id":"https:\/\/noticiasemdestaque.com\/cd\/?p=3632"},"wordCount":340,"publisher":{"@id":"https:\/\/noticiasemdestaque.com\/cd\/#organization"},"image":{"@id":"https:\/\/noticiasemdestaque.com\/cd\/?p=3632#primaryimage"},"thumbnailUrl":"https:\/\/noticiasemdestaque.com\/cd\/wp-content\/uploads\/2017\/08\/concursopublico.jpg","articleSection":["Economia"],"inLanguage":"pt-BR"},{"@type":"WebPage","@id":"https:\/\/noticiasemdestaque.com\/cd\/?p=3632","url":"https:\/\/noticiasemdestaque.com\/cd\/?p=3632","name":"CPCON retifica edital de Concurso P\u00fablico da Prefeitura de Sum\u00e9 para o cargo de Cirurgi\u00e3o Dentista - Not&iacute;cias em Destaque","isPartOf":{"@id":"https:\/\/noticiasemdestaque.com\/cd\/#website"},"primaryImageOfPage":{"@id":"https:\/\/noticiasemdestaque.com\/cd\/?p=3632#primaryimage"},"image":{"@id":"https:\/\/noticiasemdestaque.com\/cd\/?p=3632#primaryimage"},"thumbnailUrl":"https:\/\/noticiasemdestaque.com\/cd\/wp-content\/uploads\/2017\/08\/concursopublico.jpg","datePublished":"2017-08-25T17:24:48+00:00","breadcrumb":{"@id":"https:\/\/noticiasemdestaque.com\/cd\/?p=3632#breadcrumb"},"inLanguage":"pt-BR","potentialAction":[{"@type":"ReadAction","target":["https:\/\/noticiasemdestaque.com\/cd\/?p=3632"]}]},{"@type":"ImageObject","inLanguage":"pt-BR","@id":"https:\/\/noticiasemdestaque.com\/cd\/?p=3632#primaryimage","url":"https:\/\/noticiasemdestaque.com\/cd\/wp-content\/uploads\/2017\/08\/concursopublico.jpg","contentUrl":"https:\/\/noticiasemdestaque.com\/cd\/wp-content\/uploads\/2017\/08\/concursopublico.jpg","width":495,"height":250},{"@type":"BreadcrumbList","@id":"https:\/\/noticiasemdestaque.com\/cd\/?p=3632#breadcrumb","itemListElement":[{"@type":"ListItem","position":1,"name":"In\u00edcio","item":"https:\/\/noticiasemdestaque.com\/cd\/"},{"@type":"ListItem","position":2,"name":"CPCON retifica edital de Concurso P\u00fablico da Prefeitura de Sum\u00e9 para o cargo de Cirurgi\u00e3o Dentista"}]},{"@type":"WebSite","@id":"https:\/\/noticiasemdestaque.com\/cd\/#website","url":"https:\/\/noticiasemdestaque.com\/cd\/","name":"Not&iacute;cias em Destaque","description":"","publisher":{"@id":"https:\/\/noticiasemdestaque.com\/cd\/#organization"},"potentialAction":[{"@type":"SearchAction","target":{"@type":"EntryPoint","urlTemplate":"https:\/\/noticiasemdestaque.com\/cd\/?s={search_term_string}"},"query-input":{"@type":"PropertyValueSpecification","valueRequired":true,"valueName":"search_term_string"}}],"inLanguage":"pt-BR"},{"@type":"Organization","@id":"https:\/\/noticiasemdestaque.com\/cd\/#organization","name":"Not\u00edcias em Destaque","url":"https:\/\/noticiasemdestaque.com\/cd\/","logo":{"@type":"ImageObject","inLanguage":"pt-BR","@id":"https:\/\/noticiasemdestaque.com\/cd\/#\/schema\/logo\/image\/","url":"https:\/\/noticiasemdestaque.com\/cd\/wp-content\/uploads\/2022\/05\/imagem-base-noticiasemdestaque.png","contentUrl":"https:\/\/noticiasemdestaque.com\/cd\/wp-content\/uploads\/2022\/05\/imagem-base-noticiasemdestaque.png","width":1200,"height":630,"caption":"Not\u00edcias em Destaque"},"image":{"@id":"https:\/\/noticiasemdestaque.com\/cd\/#\/schema\/logo\/image\/"}},{"@type":"Person","@id":"https:\/\/noticiasemdestaque.com\/cd\/#\/schema\/person\/4a81fb71f77579d059c3045891fa1786","name":"Not\u00edcias em Destaque","url":"https:\/\/noticiasemdestaque.com\/cd\/?author=2"}]}},"jetpack_featured_media_url":"https:\/\/noticiasemdestaque.com\/cd\/wp-content\/uploads\/2017\/08\/concursopublico.jpg","jetpack_sharing_enabled":true,"_links":{"self":[{"href":"https:\/\/noticiasemdestaque.com\/cd\/index.php?rest_route=\/wp\/v2\/posts\/3632","targetHints":{"allow":["GET"]}}],"collection":[{"href":"https:\/\/noticiasemdestaque.com\/cd\/index.php?rest_route=\/wp\/v2\/posts"}],"about":[{"href":"https:\/\/noticiasemdestaque.com\/cd\/index.php?rest_route=\/wp\/v2\/types\/post"}],"author":[{"embeddable":true,"href":"https:\/\/noticiasemdestaque.com\/cd\/index.php?rest_route=\/wp\/v2\/users\/2"}],"replies":[{"embeddable":true,"href":"https:\/\/noticiasemdestaque.com\/cd\/index.php?rest_route=%2Fwp%2Fv2%2Fcomments&post=3632"}],"version-history":[{"count":1,"href":"https:\/\/noticiasemdestaque.com\/cd\/index.php?rest_route=\/wp\/v2\/posts\/3632\/revisions"}],"predecessor-version":[{"id":3634,"href":"https:\/\/noticiasemdestaque.com\/cd\/index.php?rest_route=\/wp\/v2\/posts\/3632\/revisions\/3634"}],"wp:featuredmedia":[{"embeddable":true,"href":"https:\/\/noticiasemdestaque.com\/cd\/index.php?rest_route=\/wp\/v2\/media\/3633"}],"wp:attachment":[{"href":"https:\/\/noticiasemdestaque.com\/cd\/index.php?rest_route=%2Fwp%2Fv2%2Fmedia&parent=3632"}],"wp:term":[{"taxonomy":"category","embeddable":true,"href":"https:\/\/noticiasemdestaque.com\/cd\/index.php?rest_route=%2Fwp%2Fv2%2Fcategories&post=3632"},{"taxonomy":"post_tag","embeddable":true,"href":"https:\/\/noticiasemdestaque.com\/cd\/index.php?rest_route=%2Fwp%2Fv2%2Ftags&post=3632"}],"curies":[{"name":"wp","href":"https:\/\/api.w.org\/{rel}","templated":true}]}}