{"id":36150,"date":"2022-01-03T16:32:56","date_gmt":"2022-01-03T19:32:56","guid":{"rendered":"http:\/\/noticiasemdestaque.com\/cd\/?p=36150"},"modified":"2022-01-03T16:32:56","modified_gmt":"2022-01-03T19:32:56","slug":"debitos-de-quase-60-mil-motociclistas-sao-perdoados-com-adesao-ao-beneficio","status":"publish","type":"post","link":"https:\/\/noticiasemdestaque.com\/cd\/?p=36150","title":{"rendered":"D\u00e9bitos de quase 60 mil motociclistas s\u00e3o perdoados com ades\u00e3o ao benef\u00edcio"},"content":{"rendered":"<p><a href=\"https:\/\/noticiasemdestaque.com\/cd\/wp-content\/uploads\/2021\/09\/motos_ipva-1200x675-1.jpg\"><img fetchpriority=\"high\" decoding=\"async\" class=\"size-medium wp-image-34393 aligncenter\" src=\"https:\/\/noticiasemdestaque.com\/cd\/wp-content\/uploads\/2021\/09\/motos_ipva-1200x675-1-300x169.jpg\" alt=\"\" width=\"300\" height=\"169\" srcset=\"https:\/\/noticiasemdestaque.com\/cd\/wp-content\/uploads\/2021\/09\/motos_ipva-1200x675-1-300x169.jpg 300w, https:\/\/noticiasemdestaque.com\/cd\/wp-content\/uploads\/2021\/09\/motos_ipva-1200x675-1-1024x576.jpg 1024w, https:\/\/noticiasemdestaque.com\/cd\/wp-content\/uploads\/2021\/09\/motos_ipva-1200x675-1-768x432.jpg 768w, https:\/\/noticiasemdestaque.com\/cd\/wp-content\/uploads\/2021\/09\/motos_ipva-1200x675-1.jpg 1200w\" sizes=\"(max-width: 300px) 100vw, 300px\" \/><\/a><\/p>\n<p>Quase 60 mil condutores aderiram ao benef\u00edcio do perd\u00e3o dos d\u00e9bitos das motocicletas de at\u00e9 162 cilindradas, conforme levantamento feito pelo Departamento Estadual de Tr\u00e2nsito da Para\u00edba (Detran-PB) e pela Secretaria de Estado da Fazenda (Sefaz). O benef\u00edcio foi assegurado pela Lei n\u00ba 12.030\/2021, do Governo do Estado, e o prazo para ades\u00e3o foi encerrado na \u00faltima quinta-feira (30).<\/p>\n<p>De acordo com a lei, para o usu\u00e1rio ter direito \u00e0 remiss\u00e3o dos cinco anos do IPVA e das taxas atrasadas de sua moto de at\u00e9 162 cilindradas precisou efetuar o emplacamento do exerc\u00edcio de 2021 completo (IPVA e taxas do Detran). Para facilitar a ades\u00e3o, o Governo da Para\u00edba disponibilizou tr\u00eas formas de pagamento. Assim, o propriet\u00e1rio optou pelo pagamento da cota \u00fanica \u00e0 vista, com desconto de 10% e com prazo-limite at\u00e9 outubro passado.<\/p>\n<p>A segunda op\u00e7\u00e3o foi o parcelamento em at\u00e9 tr\u00eas vezes sem desconto. Nesse caso, a primeira parcela foi paga at\u00e9 outubro, a segunda at\u00e9 novembro e a terceira at\u00e9 a \u00faltima quarta-feira (29). A terceira op\u00e7\u00e3o foi o pagamento total at\u00e9 essa quinta-feira (30). O perd\u00e3o incluiu os d\u00e9bitos do IPVA, de responsabilidade da Sefaz-PB, e as taxas de bombeiro, de licenciamento, de dep\u00f3sito (moto apreendida em pr\u00e9dio p\u00fablico do Estado), que s\u00e3o de compet\u00eancia do Detran-PB.<\/p>\n","protected":false},"excerpt":{"rendered":"<p>Quase 60 mil condutores aderiram ao benef\u00edcio do perd\u00e3o dos d\u00e9bitos das motocicletas de at\u00e9 162 cilindradas, conforme levantamento feito pelo Departamento Estadual de Tr\u00e2nsito da Para\u00edba (Detran-PB) e pela Secretaria de Estado da Fazenda (Sefaz). O benef\u00edcio foi assegurado pela Lei n\u00ba 12.030\/2021, do Governo do Estado, e o prazo para ades\u00e3o foi encerrado na \u00faltima quinta-feira (30). De acordo com a lei, para o usu\u00e1rio ter direito \u00e0 remiss\u00e3o dos cinco anos do IPVA e das taxas atrasadas de sua moto de at\u00e9 162 cilindradas precisou efetuar o emplacamento do exerc\u00edcio de 2021 completo (IPVA e taxas do Detran). Para facilitar a ades\u00e3o, o Governo da Para\u00edba disponibilizou tr\u00eas formas de pagamento. Assim, o propriet\u00e1rio optou pelo pagamento da cota \u00fanica \u00e0 vista, com desconto de 10% e com prazo-limite at\u00e9 outubro passado. A segunda op\u00e7\u00e3o foi o parcelamento em at\u00e9 tr\u00eas vezes sem desconto. Nesse caso, a primeira parcela foi paga at\u00e9 outubro, a segunda at\u00e9 novembro e a terceira at\u00e9 a \u00faltima quarta-feira (29). A terceira op\u00e7\u00e3o foi o pagamento total at\u00e9 essa quinta-feira (30). O perd\u00e3o incluiu os d\u00e9bitos do IPVA, de responsabilidade da Sefaz-PB, e as taxas de bombeiro, de licenciamento, de dep\u00f3sito (moto apreendida em pr\u00e9dio p\u00fablico do Estado), que s\u00e3o de compet\u00eancia do Detran-PB.<\/p>\n","protected":false},"author":2,"featured_media":34393,"comment_status":"closed","ping_status":"open","sticky":false,"template":"","format":"standard","meta":{"_eb_attr":"","_jetpack_memberships_contains_paid_content":false,"footnotes":""},"categories":[11],"tags":[],"class_list":["post-36150","post","type-post","status-publish","format-standard","has-post-thumbnail","hentry","category-economia"],"yoast_head":"<!-- This site is optimized with the Yoast SEO plugin v26.5 - https:\/\/yoast.com\/wordpress\/plugins\/seo\/ -->\n<title>D\u00e9bitos de quase 60 mil motociclistas s\u00e3o perdoados com ades\u00e3o ao benef\u00edcio - Not&iacute;cias em Destaque<\/title>\n<meta name=\"robots\" content=\"index, follow, max-snippet:-1, max-image-preview:large, max-video-preview:-1\" \/>\n<link rel=\"canonical\" href=\"https:\/\/noticiasemdestaque.com\/cd\/?p=36150\" \/>\n<meta property=\"og:locale\" content=\"pt_BR\" \/>\n<meta property=\"og:type\" content=\"article\" \/>\n<meta property=\"og:title\" content=\"D\u00e9bitos de quase 60 mil motociclistas s\u00e3o perdoados com ades\u00e3o ao benef\u00edcio - Not&iacute;cias em Destaque\" \/>\n<meta property=\"og:description\" content=\"Quase 60 mil condutores aderiram ao benef\u00edcio do perd\u00e3o dos d\u00e9bitos das motocicletas de at\u00e9 162 cilindradas, conforme levantamento feito pelo Departamento Estadual de Tr\u00e2nsito da Para\u00edba (Detran-PB) e pela Secretaria de Estado da Fazenda (Sefaz). O benef\u00edcio foi assegurado pela Lei n\u00ba 12.030\/2021, do Governo do Estado, e o prazo para ades\u00e3o foi encerrado na \u00faltima quinta-feira (30). De acordo com a lei, para o usu\u00e1rio ter direito \u00e0 remiss\u00e3o dos cinco anos do IPVA e das taxas atrasadas de sua moto de at\u00e9 162 cilindradas precisou efetuar o emplacamento do exerc\u00edcio de 2021 completo (IPVA e taxas do Detran). Para facilitar a ades\u00e3o, o Governo da Para\u00edba disponibilizou tr\u00eas formas de pagamento. Assim, o propriet\u00e1rio optou pelo pagamento da cota \u00fanica \u00e0 vista, com desconto de 10% e com prazo-limite at\u00e9 outubro passado. A segunda op\u00e7\u00e3o foi o parcelamento em at\u00e9 tr\u00eas vezes sem desconto. Nesse caso, a primeira parcela foi paga at\u00e9 outubro, a segunda at\u00e9 novembro e a terceira at\u00e9 a \u00faltima quarta-feira (29). A terceira op\u00e7\u00e3o foi o pagamento total at\u00e9 essa quinta-feira (30). O perd\u00e3o incluiu os d\u00e9bitos do IPVA, de responsabilidade da Sefaz-PB, e as taxas de bombeiro, de licenciamento, de dep\u00f3sito (moto apreendida em pr\u00e9dio p\u00fablico do Estado), que s\u00e3o de compet\u00eancia do Detran-PB.\" \/>\n<meta property=\"og:url\" content=\"https:\/\/noticiasemdestaque.com\/cd\/?p=36150\" \/>\n<meta property=\"og:site_name\" content=\"Not&iacute;cias em Destaque\" \/>\n<meta property=\"article:published_time\" content=\"2022-01-03T19:32:56+00:00\" \/>\n<meta property=\"og:image\" content=\"https:\/\/noticiasemdestaque.com\/cd\/wp-content\/uploads\/2021\/09\/motos_ipva-1200x675-1.jpg\" \/>\n\t<meta property=\"og:image:width\" content=\"1200\" \/>\n\t<meta property=\"og:image:height\" content=\"675\" \/>\n\t<meta property=\"og:image:type\" content=\"image\/jpeg\" \/>\n<meta name=\"author\" content=\"Not\u00edcias em Destaque\" \/>\n<meta name=\"twitter:card\" content=\"summary_large_image\" \/>\n<meta name=\"twitter:label1\" content=\"Escrito por\" \/>\n\t<meta name=\"twitter:data1\" content=\"Not\u00edcias em Destaque\" \/>\n\t<meta name=\"twitter:label2\" content=\"Est. tempo de leitura\" \/>\n\t<meta name=\"twitter:data2\" content=\"1 minuto\" \/>\n<script type=\"application\/ld+json\" class=\"yoast-schema-graph\">{\"@context\":\"https:\/\/schema.org\",\"@graph\":[{\"@type\":\"Article\",\"@id\":\"https:\/\/noticiasemdestaque.com\/cd\/?p=36150#article\",\"isPartOf\":{\"@id\":\"https:\/\/noticiasemdestaque.com\/cd\/?p=36150\"},\"author\":{\"name\":\"Not\u00edcias em Destaque\",\"@id\":\"https:\/\/noticiasemdestaque.com\/cd\/#\/schema\/person\/21320b03a7e8bb90128938dafc9b908a\"},\"headline\":\"D\u00e9bitos de quase 60 mil motociclistas s\u00e3o perdoados com ades\u00e3o ao benef\u00edcio\",\"datePublished\":\"2022-01-03T19:32:56+00:00\",\"mainEntityOfPage\":{\"@id\":\"https:\/\/noticiasemdestaque.com\/cd\/?p=36150\"},\"wordCount\":240,\"publisher\":{\"@id\":\"https:\/\/noticiasemdestaque.com\/cd\/#organization\"},\"image\":{\"@id\":\"https:\/\/noticiasemdestaque.com\/cd\/?p=36150#primaryimage\"},\"thumbnailUrl\":\"https:\/\/noticiasemdestaque.com\/cd\/wp-content\/uploads\/2021\/09\/motos_ipva-1200x675-1.jpg\",\"articleSection\":[\"Economia\"],\"inLanguage\":\"pt-BR\"},{\"@type\":\"WebPage\",\"@id\":\"https:\/\/noticiasemdestaque.com\/cd\/?p=36150\",\"url\":\"https:\/\/noticiasemdestaque.com\/cd\/?p=36150\",\"name\":\"D\u00e9bitos de quase 60 mil motociclistas s\u00e3o perdoados com ades\u00e3o ao benef\u00edcio - Not&iacute;cias em Destaque\",\"isPartOf\":{\"@id\":\"https:\/\/noticiasemdestaque.com\/cd\/#website\"},\"primaryImageOfPage\":{\"@id\":\"https:\/\/noticiasemdestaque.com\/cd\/?p=36150#primaryimage\"},\"image\":{\"@id\":\"https:\/\/noticiasemdestaque.com\/cd\/?p=36150#primaryimage\"},\"thumbnailUrl\":\"https:\/\/noticiasemdestaque.com\/cd\/wp-content\/uploads\/2021\/09\/motos_ipva-1200x675-1.jpg\",\"datePublished\":\"2022-01-03T19:32:56+00:00\",\"breadcrumb\":{\"@id\":\"https:\/\/noticiasemdestaque.com\/cd\/?p=36150#breadcrumb\"},\"inLanguage\":\"pt-BR\",\"potentialAction\":[{\"@type\":\"ReadAction\",\"target\":[\"https:\/\/noticiasemdestaque.com\/cd\/?p=36150\"]}]},{\"@type\":\"ImageObject\",\"inLanguage\":\"pt-BR\",\"@id\":\"https:\/\/noticiasemdestaque.com\/cd\/?p=36150#primaryimage\",\"url\":\"https:\/\/noticiasemdestaque.com\/cd\/wp-content\/uploads\/2021\/09\/motos_ipva-1200x675-1.jpg\",\"contentUrl\":\"https:\/\/noticiasemdestaque.com\/cd\/wp-content\/uploads\/2021\/09\/motos_ipva-1200x675-1.jpg\",\"width\":1200,\"height\":675},{\"@type\":\"BreadcrumbList\",\"@id\":\"https:\/\/noticiasemdestaque.com\/cd\/?p=36150#breadcrumb\",\"itemListElement\":[{\"@type\":\"ListItem\",\"position\":1,\"name\":\"In\u00edcio\",\"item\":\"https:\/\/noticiasemdestaque.com\/cd\/\"},{\"@type\":\"ListItem\",\"position\":2,\"name\":\"D\u00e9bitos de quase 60 mil motociclistas s\u00e3o perdoados com ades\u00e3o ao benef\u00edcio\"}]},{\"@type\":\"WebSite\",\"@id\":\"https:\/\/noticiasemdestaque.com\/cd\/#website\",\"url\":\"https:\/\/noticiasemdestaque.com\/cd\/\",\"name\":\"Not&iacute;cias em Destaque\",\"description\":\"\",\"publisher\":{\"@id\":\"https:\/\/noticiasemdestaque.com\/cd\/#organization\"},\"potentialAction\":[{\"@type\":\"SearchAction\",\"target\":{\"@type\":\"EntryPoint\",\"urlTemplate\":\"https:\/\/noticiasemdestaque.com\/cd\/?s={search_term_string}\"},\"query-input\":{\"@type\":\"PropertyValueSpecification\",\"valueRequired\":true,\"valueName\":\"search_term_string\"}}],\"inLanguage\":\"pt-BR\"},{\"@type\":\"Organization\",\"@id\":\"https:\/\/noticiasemdestaque.com\/cd\/#organization\",\"name\":\"Not\u00edcias em Destaque\",\"url\":\"https:\/\/noticiasemdestaque.com\/cd\/\",\"logo\":{\"@type\":\"ImageObject\",\"inLanguage\":\"pt-BR\",\"@id\":\"https:\/\/noticiasemdestaque.com\/cd\/#\/schema\/logo\/image\/\",\"url\":\"https:\/\/noticiasemdestaque.com\/cd\/wp-content\/uploads\/2022\/05\/imagem-base-noticiasemdestaque.png\",\"contentUrl\":\"https:\/\/noticiasemdestaque.com\/cd\/wp-content\/uploads\/2022\/05\/imagem-base-noticiasemdestaque.png\",\"width\":1200,\"height\":630,\"caption\":\"Not\u00edcias em Destaque\"},\"image\":{\"@id\":\"https:\/\/noticiasemdestaque.com\/cd\/#\/schema\/logo\/image\/\"}},{\"@type\":\"Person\",\"@id\":\"https:\/\/noticiasemdestaque.com\/cd\/#\/schema\/person\/21320b03a7e8bb90128938dafc9b908a\",\"name\":\"Not\u00edcias em Destaque\",\"url\":\"https:\/\/noticiasemdestaque.com\/cd\/?author=2\"}]}<\/script>\n<!-- \/ Yoast SEO plugin. -->","yoast_head_json":{"title":"D\u00e9bitos de quase 60 mil motociclistas s\u00e3o perdoados com ades\u00e3o ao benef\u00edcio - Not&iacute;cias em Destaque","robots":{"index":"index","follow":"follow","max-snippet":"max-snippet:-1","max-image-preview":"max-image-preview:large","max-video-preview":"max-video-preview:-1"},"canonical":"https:\/\/noticiasemdestaque.com\/cd\/?p=36150","og_locale":"pt_BR","og_type":"article","og_title":"D\u00e9bitos de quase 60 mil motociclistas s\u00e3o perdoados com ades\u00e3o ao benef\u00edcio - Not&iacute;cias em Destaque","og_description":"Quase 60 mil condutores aderiram ao benef\u00edcio do perd\u00e3o dos d\u00e9bitos das motocicletas de at\u00e9 162 cilindradas, conforme levantamento feito pelo Departamento Estadual de Tr\u00e2nsito da Para\u00edba (Detran-PB) e pela Secretaria de Estado da Fazenda (Sefaz). O benef\u00edcio foi assegurado pela Lei n\u00ba 12.030\/2021, do Governo do Estado, e o prazo para ades\u00e3o foi encerrado na \u00faltima quinta-feira (30). De acordo com a lei, para o usu\u00e1rio ter direito \u00e0 remiss\u00e3o dos cinco anos do IPVA e das taxas atrasadas de sua moto de at\u00e9 162 cilindradas precisou efetuar o emplacamento do exerc\u00edcio de 2021 completo (IPVA e taxas do Detran). Para facilitar a ades\u00e3o, o Governo da Para\u00edba disponibilizou tr\u00eas formas de pagamento. Assim, o propriet\u00e1rio optou pelo pagamento da cota \u00fanica \u00e0 vista, com desconto de 10% e com prazo-limite at\u00e9 outubro passado. A segunda op\u00e7\u00e3o foi o parcelamento em at\u00e9 tr\u00eas vezes sem desconto. Nesse caso, a primeira parcela foi paga at\u00e9 outubro, a segunda at\u00e9 novembro e a terceira at\u00e9 a \u00faltima quarta-feira (29). A terceira op\u00e7\u00e3o foi o pagamento total at\u00e9 essa quinta-feira (30). O perd\u00e3o incluiu os d\u00e9bitos do IPVA, de responsabilidade da Sefaz-PB, e as taxas de bombeiro, de licenciamento, de dep\u00f3sito (moto apreendida em pr\u00e9dio p\u00fablico do Estado), que s\u00e3o de compet\u00eancia do Detran-PB.","og_url":"https:\/\/noticiasemdestaque.com\/cd\/?p=36150","og_site_name":"Not&iacute;cias em Destaque","article_published_time":"2022-01-03T19:32:56+00:00","og_image":[{"width":1200,"height":675,"url":"https:\/\/noticiasemdestaque.com\/cd\/wp-content\/uploads\/2021\/09\/motos_ipva-1200x675-1.jpg","type":"image\/jpeg"}],"author":"Not\u00edcias em Destaque","twitter_card":"summary_large_image","twitter_misc":{"Escrito por":"Not\u00edcias em Destaque","Est. tempo de leitura":"1 minuto"},"schema":{"@context":"https:\/\/schema.org","@graph":[{"@type":"Article","@id":"https:\/\/noticiasemdestaque.com\/cd\/?p=36150#article","isPartOf":{"@id":"https:\/\/noticiasemdestaque.com\/cd\/?p=36150"},"author":{"name":"Not\u00edcias em Destaque","@id":"https:\/\/noticiasemdestaque.com\/cd\/#\/schema\/person\/21320b03a7e8bb90128938dafc9b908a"},"headline":"D\u00e9bitos de quase 60 mil motociclistas s\u00e3o perdoados com ades\u00e3o ao benef\u00edcio","datePublished":"2022-01-03T19:32:56+00:00","mainEntityOfPage":{"@id":"https:\/\/noticiasemdestaque.com\/cd\/?p=36150"},"wordCount":240,"publisher":{"@id":"https:\/\/noticiasemdestaque.com\/cd\/#organization"},"image":{"@id":"https:\/\/noticiasemdestaque.com\/cd\/?p=36150#primaryimage"},"thumbnailUrl":"https:\/\/noticiasemdestaque.com\/cd\/wp-content\/uploads\/2021\/09\/motos_ipva-1200x675-1.jpg","articleSection":["Economia"],"inLanguage":"pt-BR"},{"@type":"WebPage","@id":"https:\/\/noticiasemdestaque.com\/cd\/?p=36150","url":"https:\/\/noticiasemdestaque.com\/cd\/?p=36150","name":"D\u00e9bitos de quase 60 mil motociclistas s\u00e3o perdoados com ades\u00e3o ao benef\u00edcio - Not&iacute;cias em Destaque","isPartOf":{"@id":"https:\/\/noticiasemdestaque.com\/cd\/#website"},"primaryImageOfPage":{"@id":"https:\/\/noticiasemdestaque.com\/cd\/?p=36150#primaryimage"},"image":{"@id":"https:\/\/noticiasemdestaque.com\/cd\/?p=36150#primaryimage"},"thumbnailUrl":"https:\/\/noticiasemdestaque.com\/cd\/wp-content\/uploads\/2021\/09\/motos_ipva-1200x675-1.jpg","datePublished":"2022-01-03T19:32:56+00:00","breadcrumb":{"@id":"https:\/\/noticiasemdestaque.com\/cd\/?p=36150#breadcrumb"},"inLanguage":"pt-BR","potentialAction":[{"@type":"ReadAction","target":["https:\/\/noticiasemdestaque.com\/cd\/?p=36150"]}]},{"@type":"ImageObject","inLanguage":"pt-BR","@id":"https:\/\/noticiasemdestaque.com\/cd\/?p=36150#primaryimage","url":"https:\/\/noticiasemdestaque.com\/cd\/wp-content\/uploads\/2021\/09\/motos_ipva-1200x675-1.jpg","contentUrl":"https:\/\/noticiasemdestaque.com\/cd\/wp-content\/uploads\/2021\/09\/motos_ipva-1200x675-1.jpg","width":1200,"height":675},{"@type":"BreadcrumbList","@id":"https:\/\/noticiasemdestaque.com\/cd\/?p=36150#breadcrumb","itemListElement":[{"@type":"ListItem","position":1,"name":"In\u00edcio","item":"https:\/\/noticiasemdestaque.com\/cd\/"},{"@type":"ListItem","position":2,"name":"D\u00e9bitos de quase 60 mil motociclistas s\u00e3o perdoados com ades\u00e3o ao benef\u00edcio"}]},{"@type":"WebSite","@id":"https:\/\/noticiasemdestaque.com\/cd\/#website","url":"https:\/\/noticiasemdestaque.com\/cd\/","name":"Not&iacute;cias em Destaque","description":"","publisher":{"@id":"https:\/\/noticiasemdestaque.com\/cd\/#organization"},"potentialAction":[{"@type":"SearchAction","target":{"@type":"EntryPoint","urlTemplate":"https:\/\/noticiasemdestaque.com\/cd\/?s={search_term_string}"},"query-input":{"@type":"PropertyValueSpecification","valueRequired":true,"valueName":"search_term_string"}}],"inLanguage":"pt-BR"},{"@type":"Organization","@id":"https:\/\/noticiasemdestaque.com\/cd\/#organization","name":"Not\u00edcias em Destaque","url":"https:\/\/noticiasemdestaque.com\/cd\/","logo":{"@type":"ImageObject","inLanguage":"pt-BR","@id":"https:\/\/noticiasemdestaque.com\/cd\/#\/schema\/logo\/image\/","url":"https:\/\/noticiasemdestaque.com\/cd\/wp-content\/uploads\/2022\/05\/imagem-base-noticiasemdestaque.png","contentUrl":"https:\/\/noticiasemdestaque.com\/cd\/wp-content\/uploads\/2022\/05\/imagem-base-noticiasemdestaque.png","width":1200,"height":630,"caption":"Not\u00edcias em Destaque"},"image":{"@id":"https:\/\/noticiasemdestaque.com\/cd\/#\/schema\/logo\/image\/"}},{"@type":"Person","@id":"https:\/\/noticiasemdestaque.com\/cd\/#\/schema\/person\/21320b03a7e8bb90128938dafc9b908a","name":"Not\u00edcias em Destaque","url":"https:\/\/noticiasemdestaque.com\/cd\/?author=2"}]}},"jetpack_featured_media_url":"https:\/\/noticiasemdestaque.com\/cd\/wp-content\/uploads\/2021\/09\/motos_ipva-1200x675-1.jpg","jetpack_sharing_enabled":true,"_links":{"self":[{"href":"https:\/\/noticiasemdestaque.com\/cd\/index.php?rest_route=\/wp\/v2\/posts\/36150","targetHints":{"allow":["GET"]}}],"collection":[{"href":"https:\/\/noticiasemdestaque.com\/cd\/index.php?rest_route=\/wp\/v2\/posts"}],"about":[{"href":"https:\/\/noticiasemdestaque.com\/cd\/index.php?rest_route=\/wp\/v2\/types\/post"}],"author":[{"embeddable":true,"href":"https:\/\/noticiasemdestaque.com\/cd\/index.php?rest_route=\/wp\/v2\/users\/2"}],"replies":[{"embeddable":true,"href":"https:\/\/noticiasemdestaque.com\/cd\/index.php?rest_route=%2Fwp%2Fv2%2Fcomments&post=36150"}],"version-history":[{"count":1,"href":"https:\/\/noticiasemdestaque.com\/cd\/index.php?rest_route=\/wp\/v2\/posts\/36150\/revisions"}],"predecessor-version":[{"id":36151,"href":"https:\/\/noticiasemdestaque.com\/cd\/index.php?rest_route=\/wp\/v2\/posts\/36150\/revisions\/36151"}],"wp:featuredmedia":[{"embeddable":true,"href":"https:\/\/noticiasemdestaque.com\/cd\/index.php?rest_route=\/wp\/v2\/media\/34393"}],"wp:attachment":[{"href":"https:\/\/noticiasemdestaque.com\/cd\/index.php?rest_route=%2Fwp%2Fv2%2Fmedia&parent=36150"}],"wp:term":[{"taxonomy":"category","embeddable":true,"href":"https:\/\/noticiasemdestaque.com\/cd\/index.php?rest_route=%2Fwp%2Fv2%2Fcategories&post=36150"},{"taxonomy":"post_tag","embeddable":true,"href":"https:\/\/noticiasemdestaque.com\/cd\/index.php?rest_route=%2Fwp%2Fv2%2Ftags&post=36150"}],"curies":[{"name":"wp","href":"https:\/\/api.w.org\/{rel}","templated":true}]}}