{"id":3614,"date":"2017-08-24T21:17:28","date_gmt":"2017-08-25T00:17:28","guid":{"rendered":"http:\/\/caririemdestaque.com\/cd\/?p=3614"},"modified":"2017-08-24T21:17:28","modified_gmt":"2017-08-25T00:17:28","slug":"aposentados-e-pensionistas-comecam-a-receber-parcela-do-13o-nesta-sexta-feira-25","status":"publish","type":"post","link":"https:\/\/noticiasemdestaque.com\/cd\/?p=3614","title":{"rendered":"Aposentados e pensionistas come\u00e7am a receber parcela do 13\u00ba nesta sexta-feira (25)"},"content":{"rendered":"<p><a href=\"http:\/\/caririemdestaque.com\/cd\/wp-content\/uploads\/2017\/08\/dinheiroo-1-1.jpg\"><img fetchpriority=\"high\" decoding=\"async\" class=\"size-medium wp-image-3615 alignleft\" src=\"http:\/\/caririemdestaque.com\/cd\/wp-content\/uploads\/2017\/08\/dinheiroo-1-1-300x200.jpg\" alt=\"\" width=\"300\" height=\"200\" srcset=\"https:\/\/noticiasemdestaque.com\/cd\/wp-content\/uploads\/2017\/08\/dinheiroo-1-1-300x200.jpg 300w, https:\/\/noticiasemdestaque.com\/cd\/wp-content\/uploads\/2017\/08\/dinheiroo-1-1-768x512.jpg 768w, https:\/\/noticiasemdestaque.com\/cd\/wp-content\/uploads\/2017\/08\/dinheiroo-1-1-1024x682.jpg 1024w, https:\/\/noticiasemdestaque.com\/cd\/wp-content\/uploads\/2017\/08\/dinheiroo-1-1-480x320.jpg 480w, https:\/\/noticiasemdestaque.com\/cd\/wp-content\/uploads\/2017\/08\/dinheiroo-1-1.jpg 1201w\" sizes=\"(max-width: 300px) 100vw, 300px\" \/><\/a>Valor corresponde a 50% do abono anual e representa uma inje\u00e7\u00e3o extra na economia de pelo menos R$ 19,8 bilh\u00f5es<\/p>\n<p>Mais de 29,2 milh\u00f5es de aposentados e pensionistas de todo o Pa\u00eds come\u00e7am a receber a antecipa\u00e7\u00e3o da primeira parcela do 13\u00ba a partir desta sexta-feira (25).<\/p>\n<p>O dep\u00f3sito da gratifica\u00e7\u00e3o ser\u00e1 realizado junto \u00e0 folha de pagamentos mensal do INSS e segue at\u00e9 o dia 8 de setembro, conforme Tabela de Pagamentos de Benef\u00edcios 2017.<\/p>\n<p>A parcela corresponde a 50% do abono anual e, de acordo com a Secretaria da Previd\u00eancia, representa uma inje\u00e7\u00e3o extra na economia de pelo menos R$ 19,8 bilh\u00f5es nos meses de agosto e setembro.<\/p>\n<p>N\u00e3o haver\u00e1 desconto de Imposto de Renda (IR) nesta primeira parcela. De acordo com a legisla\u00e7\u00e3o, o IR sobre o 13\u00ba somente \u00e9 cobrado em novembro e dezembro, quando ser\u00e1 paga a segunda parcela da gratifica\u00e7\u00e3o natalina.<\/p>\n<p>Valor<\/p>\n<p>A maioria dos aposentados e pensionistas receber\u00e3o 50% do valor do benef\u00edcio. A exce\u00e7\u00e3o \u00e9 para quem passou a receber o benef\u00edcio depois de janeiro. Neste caso, o valor ser\u00e1 calculado proporcionalmente.<\/p>\n<p>Os segurados que est\u00e3o em aux\u00edlio-doen\u00e7a tamb\u00e9m recebem uma parcela menor que os 50%. Como esse benef\u00edcio \u00e9 tempor\u00e1rio, o INSS calcula a antecipa\u00e7\u00e3o proporcional ao per\u00edodo.<\/p>\n<p>Por exemplo, um benef\u00edcio iniciado em janeiro e ainda em vigor em agosto ter\u00e1 o 13\u00ba terceiro sal\u00e1rio calculado sobre oito meses. O segurado receber\u00e1, portanto, metade desse valor. Em dezembro, caso ainda esteja afastado, o segurado ir\u00e1 receber o restante. Se tiver alta antes, o valor ser\u00e1 calculado at\u00e9 o m\u00eas em que o benef\u00edcio vigorar e acrescido ao \u00faltimo pagamento do benef\u00edcio.<\/p>\n<p>Benef\u00edcios assistenciais<\/p>\n<p>Por lei, os segurados que recebem benef\u00edcios Assistenciais (LOAS) n\u00e3o t\u00eam direito ao 13\u00ba sal\u00e1rio, que corresponde a cerca de 4,5 milh\u00f5es de benef\u00edcios.<\/p>\n<p><strong><em>Cariri em Destaque <\/em><\/strong><\/p>\n<p>Fonte: Rep\u00f3rter PB<\/p>\n","protected":false},"excerpt":{"rendered":"<p>Valor corresponde a 50% do abono anual e representa uma inje\u00e7\u00e3o extra na economia de pelo menos R$ 19,8 bilh\u00f5es Mais de 29,2 milh\u00f5es de aposentados e pensionistas de todo o Pa\u00eds come\u00e7am a receber a antecipa\u00e7\u00e3o da primeira parcela do 13\u00ba a partir desta sexta-feira (25). O dep\u00f3sito da gratifica\u00e7\u00e3o ser\u00e1 realizado junto \u00e0 folha de pagamentos mensal do INSS e segue at\u00e9 o dia 8 de setembro, conforme Tabela de Pagamentos de Benef\u00edcios 2017. A parcela corresponde a 50% do abono anual e, de acordo com a Secretaria da Previd\u00eancia, representa uma inje\u00e7\u00e3o extra na economia de pelo menos R$ 19,8 bilh\u00f5es nos meses de agosto e setembro. N\u00e3o haver\u00e1 desconto de Imposto de Renda (IR) nesta primeira parcela. De acordo com a legisla\u00e7\u00e3o, o IR sobre o 13\u00ba somente \u00e9 cobrado em novembro e dezembro, quando ser\u00e1 paga a segunda parcela da gratifica\u00e7\u00e3o natalina. Valor A maioria dos aposentados e pensionistas receber\u00e3o 50% do valor do benef\u00edcio. A exce\u00e7\u00e3o \u00e9 para quem passou a receber o benef\u00edcio depois de janeiro. Neste caso, o valor ser\u00e1 calculado proporcionalmente. Os segurados que est\u00e3o em aux\u00edlio-doen\u00e7a tamb\u00e9m recebem uma parcela menor que os 50%. Como esse benef\u00edcio \u00e9 tempor\u00e1rio, o INSS calcula a antecipa\u00e7\u00e3o proporcional ao per\u00edodo. Por exemplo, um benef\u00edcio iniciado em janeiro e ainda em vigor em agosto ter\u00e1 o 13\u00ba terceiro sal\u00e1rio calculado sobre oito meses. O segurado receber\u00e1, portanto, metade desse valor. Em dezembro, caso ainda esteja afastado, o segurado ir\u00e1 receber o restante. Se tiver alta antes, o valor ser\u00e1 calculado at\u00e9 o m\u00eas em que o benef\u00edcio vigorar e acrescido ao \u00faltimo pagamento do benef\u00edcio. Benef\u00edcios assistenciais Por lei, os segurados que recebem benef\u00edcios Assistenciais (LOAS) n\u00e3o t\u00eam direito ao 13\u00ba sal\u00e1rio, que corresponde a cerca de 4,5 milh\u00f5es de benef\u00edcios. Cariri em Destaque Fonte: Rep\u00f3rter PB<\/p>\n","protected":false},"author":2,"featured_media":0,"comment_status":"closed","ping_status":"open","sticky":false,"template":"","format":"standard","meta":{"_eb_attr":"","_jetpack_memberships_contains_paid_content":false,"footnotes":""},"categories":[11],"tags":[],"class_list":["post-3614","post","type-post","status-publish","format-standard","hentry","category-economia"],"yoast_head":"<!-- This site is optimized with the Yoast SEO plugin v26.5 - https:\/\/yoast.com\/wordpress\/plugins\/seo\/ -->\n<title>Aposentados e pensionistas come\u00e7am a receber parcela do 13\u00ba nesta sexta-feira (25) - Not&iacute;cias em Destaque<\/title>\n<meta name=\"robots\" content=\"index, follow, max-snippet:-1, max-image-preview:large, max-video-preview:-1\" \/>\n<link rel=\"canonical\" href=\"https:\/\/noticiasemdestaque.com\/cd\/?p=3614\" \/>\n<meta property=\"og:locale\" content=\"pt_BR\" \/>\n<meta property=\"og:type\" content=\"article\" \/>\n<meta property=\"og:title\" content=\"Aposentados e pensionistas come\u00e7am a receber parcela do 13\u00ba nesta sexta-feira (25) - Not&iacute;cias em Destaque\" \/>\n<meta property=\"og:description\" content=\"Valor corresponde a 50% do abono anual e representa uma inje\u00e7\u00e3o extra na economia de pelo menos R$ 19,8 bilh\u00f5es Mais de 29,2 milh\u00f5es de aposentados e pensionistas de todo o Pa\u00eds come\u00e7am a receber a antecipa\u00e7\u00e3o da primeira parcela do 13\u00ba a partir desta sexta-feira (25). O dep\u00f3sito da gratifica\u00e7\u00e3o ser\u00e1 realizado junto \u00e0 folha de pagamentos mensal do INSS e segue at\u00e9 o dia 8 de setembro, conforme Tabela de Pagamentos de Benef\u00edcios 2017. A parcela corresponde a 50% do abono anual e, de acordo com a Secretaria da Previd\u00eancia, representa uma inje\u00e7\u00e3o extra na economia de pelo menos R$ 19,8 bilh\u00f5es nos meses de agosto e setembro. N\u00e3o haver\u00e1 desconto de Imposto de Renda (IR) nesta primeira parcela. De acordo com a legisla\u00e7\u00e3o, o IR sobre o 13\u00ba somente \u00e9 cobrado em novembro e dezembro, quando ser\u00e1 paga a segunda parcela da gratifica\u00e7\u00e3o natalina. Valor A maioria dos aposentados e pensionistas receber\u00e3o 50% do valor do benef\u00edcio. A exce\u00e7\u00e3o \u00e9 para quem passou a receber o benef\u00edcio depois de janeiro. Neste caso, o valor ser\u00e1 calculado proporcionalmente. Os segurados que est\u00e3o em aux\u00edlio-doen\u00e7a tamb\u00e9m recebem uma parcela menor que os 50%. Como esse benef\u00edcio \u00e9 tempor\u00e1rio, o INSS calcula a antecipa\u00e7\u00e3o proporcional ao per\u00edodo. Por exemplo, um benef\u00edcio iniciado em janeiro e ainda em vigor em agosto ter\u00e1 o 13\u00ba terceiro sal\u00e1rio calculado sobre oito meses. O segurado receber\u00e1, portanto, metade desse valor. Em dezembro, caso ainda esteja afastado, o segurado ir\u00e1 receber o restante. Se tiver alta antes, o valor ser\u00e1 calculado at\u00e9 o m\u00eas em que o benef\u00edcio vigorar e acrescido ao \u00faltimo pagamento do benef\u00edcio. Benef\u00edcios assistenciais Por lei, os segurados que recebem benef\u00edcios Assistenciais (LOAS) n\u00e3o t\u00eam direito ao 13\u00ba sal\u00e1rio, que corresponde a cerca de 4,5 milh\u00f5es de benef\u00edcios. Cariri em Destaque Fonte: Rep\u00f3rter PB\" \/>\n<meta property=\"og:url\" content=\"https:\/\/noticiasemdestaque.com\/cd\/?p=3614\" \/>\n<meta property=\"og:site_name\" content=\"Not&iacute;cias em Destaque\" \/>\n<meta property=\"article:published_time\" content=\"2017-08-25T00:17:28+00:00\" \/>\n<meta property=\"og:image\" content=\"http:\/\/caririemdestaque.com\/cd\/wp-content\/uploads\/2017\/08\/dinheiroo-1-1-300x200.jpg\" \/>\n<meta name=\"author\" content=\"Not\u00edcias em Destaque\" \/>\n<meta name=\"twitter:card\" content=\"summary_large_image\" \/>\n<meta name=\"twitter:label1\" content=\"Escrito por\" \/>\n\t<meta name=\"twitter:data1\" content=\"Not\u00edcias em Destaque\" \/>\n\t<meta name=\"twitter:label2\" content=\"Est. tempo de leitura\" \/>\n\t<meta name=\"twitter:data2\" content=\"2 minutos\" \/>\n<script type=\"application\/ld+json\" class=\"yoast-schema-graph\">{\"@context\":\"https:\/\/schema.org\",\"@graph\":[{\"@type\":\"Article\",\"@id\":\"https:\/\/noticiasemdestaque.com\/cd\/?p=3614#article\",\"isPartOf\":{\"@id\":\"https:\/\/noticiasemdestaque.com\/cd\/?p=3614\"},\"author\":{\"name\":\"Not\u00edcias em Destaque\",\"@id\":\"https:\/\/noticiasemdestaque.com\/cd\/#\/schema\/person\/21320b03a7e8bb90128938dafc9b908a\"},\"headline\":\"Aposentados e pensionistas come\u00e7am a receber parcela do 13\u00ba nesta sexta-feira (25)\",\"datePublished\":\"2017-08-25T00:17:28+00:00\",\"mainEntityOfPage\":{\"@id\":\"https:\/\/noticiasemdestaque.com\/cd\/?p=3614\"},\"wordCount\":335,\"publisher\":{\"@id\":\"https:\/\/noticiasemdestaque.com\/cd\/#organization\"},\"image\":{\"@id\":\"https:\/\/noticiasemdestaque.com\/cd\/?p=3614#primaryimage\"},\"thumbnailUrl\":\"http:\/\/caririemdestaque.com\/cd\/wp-content\/uploads\/2017\/08\/dinheiroo-1-1-300x200.jpg\",\"articleSection\":[\"Economia\"],\"inLanguage\":\"pt-BR\"},{\"@type\":\"WebPage\",\"@id\":\"https:\/\/noticiasemdestaque.com\/cd\/?p=3614\",\"url\":\"https:\/\/noticiasemdestaque.com\/cd\/?p=3614\",\"name\":\"Aposentados e pensionistas come\u00e7am a receber parcela do 13\u00ba nesta sexta-feira (25) - Not&iacute;cias em Destaque\",\"isPartOf\":{\"@id\":\"https:\/\/noticiasemdestaque.com\/cd\/#website\"},\"primaryImageOfPage\":{\"@id\":\"https:\/\/noticiasemdestaque.com\/cd\/?p=3614#primaryimage\"},\"image\":{\"@id\":\"https:\/\/noticiasemdestaque.com\/cd\/?p=3614#primaryimage\"},\"thumbnailUrl\":\"http:\/\/caririemdestaque.com\/cd\/wp-content\/uploads\/2017\/08\/dinheiroo-1-1-300x200.jpg\",\"datePublished\":\"2017-08-25T00:17:28+00:00\",\"breadcrumb\":{\"@id\":\"https:\/\/noticiasemdestaque.com\/cd\/?p=3614#breadcrumb\"},\"inLanguage\":\"pt-BR\",\"potentialAction\":[{\"@type\":\"ReadAction\",\"target\":[\"https:\/\/noticiasemdestaque.com\/cd\/?p=3614\"]}]},{\"@type\":\"ImageObject\",\"inLanguage\":\"pt-BR\",\"@id\":\"https:\/\/noticiasemdestaque.com\/cd\/?p=3614#primaryimage\",\"url\":\"http:\/\/caririemdestaque.com\/cd\/wp-content\/uploads\/2017\/08\/dinheiroo-1-1-300x200.jpg\",\"contentUrl\":\"http:\/\/caririemdestaque.com\/cd\/wp-content\/uploads\/2017\/08\/dinheiroo-1-1-300x200.jpg\"},{\"@type\":\"BreadcrumbList\",\"@id\":\"https:\/\/noticiasemdestaque.com\/cd\/?p=3614#breadcrumb\",\"itemListElement\":[{\"@type\":\"ListItem\",\"position\":1,\"name\":\"In\u00edcio\",\"item\":\"https:\/\/noticiasemdestaque.com\/cd\/\"},{\"@type\":\"ListItem\",\"position\":2,\"name\":\"Aposentados e pensionistas come\u00e7am a receber parcela do 13\u00ba nesta sexta-feira (25)\"}]},{\"@type\":\"WebSite\",\"@id\":\"https:\/\/noticiasemdestaque.com\/cd\/#website\",\"url\":\"https:\/\/noticiasemdestaque.com\/cd\/\",\"name\":\"Not&iacute;cias em Destaque\",\"description\":\"\",\"publisher\":{\"@id\":\"https:\/\/noticiasemdestaque.com\/cd\/#organization\"},\"potentialAction\":[{\"@type\":\"SearchAction\",\"target\":{\"@type\":\"EntryPoint\",\"urlTemplate\":\"https:\/\/noticiasemdestaque.com\/cd\/?s={search_term_string}\"},\"query-input\":{\"@type\":\"PropertyValueSpecification\",\"valueRequired\":true,\"valueName\":\"search_term_string\"}}],\"inLanguage\":\"pt-BR\"},{\"@type\":\"Organization\",\"@id\":\"https:\/\/noticiasemdestaque.com\/cd\/#organization\",\"name\":\"Not\u00edcias em Destaque\",\"url\":\"https:\/\/noticiasemdestaque.com\/cd\/\",\"logo\":{\"@type\":\"ImageObject\",\"inLanguage\":\"pt-BR\",\"@id\":\"https:\/\/noticiasemdestaque.com\/cd\/#\/schema\/logo\/image\/\",\"url\":\"https:\/\/noticiasemdestaque.com\/cd\/wp-content\/uploads\/2022\/05\/imagem-base-noticiasemdestaque.png\",\"contentUrl\":\"https:\/\/noticiasemdestaque.com\/cd\/wp-content\/uploads\/2022\/05\/imagem-base-noticiasemdestaque.png\",\"width\":1200,\"height\":630,\"caption\":\"Not\u00edcias em Destaque\"},\"image\":{\"@id\":\"https:\/\/noticiasemdestaque.com\/cd\/#\/schema\/logo\/image\/\"}},{\"@type\":\"Person\",\"@id\":\"https:\/\/noticiasemdestaque.com\/cd\/#\/schema\/person\/21320b03a7e8bb90128938dafc9b908a\",\"name\":\"Not\u00edcias em Destaque\",\"url\":\"https:\/\/noticiasemdestaque.com\/cd\/?author=2\"}]}<\/script>\n<!-- \/ Yoast SEO plugin. -->","yoast_head_json":{"title":"Aposentados e pensionistas come\u00e7am a receber parcela do 13\u00ba nesta sexta-feira (25) - Not&iacute;cias em Destaque","robots":{"index":"index","follow":"follow","max-snippet":"max-snippet:-1","max-image-preview":"max-image-preview:large","max-video-preview":"max-video-preview:-1"},"canonical":"https:\/\/noticiasemdestaque.com\/cd\/?p=3614","og_locale":"pt_BR","og_type":"article","og_title":"Aposentados e pensionistas come\u00e7am a receber parcela do 13\u00ba nesta sexta-feira (25) - Not&iacute;cias em Destaque","og_description":"Valor corresponde a 50% do abono anual e representa uma inje\u00e7\u00e3o extra na economia de pelo menos R$ 19,8 bilh\u00f5es Mais de 29,2 milh\u00f5es de aposentados e pensionistas de todo o Pa\u00eds come\u00e7am a receber a antecipa\u00e7\u00e3o da primeira parcela do 13\u00ba a partir desta sexta-feira (25). O dep\u00f3sito da gratifica\u00e7\u00e3o ser\u00e1 realizado junto \u00e0 folha de pagamentos mensal do INSS e segue at\u00e9 o dia 8 de setembro, conforme Tabela de Pagamentos de Benef\u00edcios 2017. A parcela corresponde a 50% do abono anual e, de acordo com a Secretaria da Previd\u00eancia, representa uma inje\u00e7\u00e3o extra na economia de pelo menos R$ 19,8 bilh\u00f5es nos meses de agosto e setembro. N\u00e3o haver\u00e1 desconto de Imposto de Renda (IR) nesta primeira parcela. De acordo com a legisla\u00e7\u00e3o, o IR sobre o 13\u00ba somente \u00e9 cobrado em novembro e dezembro, quando ser\u00e1 paga a segunda parcela da gratifica\u00e7\u00e3o natalina. Valor A maioria dos aposentados e pensionistas receber\u00e3o 50% do valor do benef\u00edcio. A exce\u00e7\u00e3o \u00e9 para quem passou a receber o benef\u00edcio depois de janeiro. Neste caso, o valor ser\u00e1 calculado proporcionalmente. Os segurados que est\u00e3o em aux\u00edlio-doen\u00e7a tamb\u00e9m recebem uma parcela menor que os 50%. Como esse benef\u00edcio \u00e9 tempor\u00e1rio, o INSS calcula a antecipa\u00e7\u00e3o proporcional ao per\u00edodo. Por exemplo, um benef\u00edcio iniciado em janeiro e ainda em vigor em agosto ter\u00e1 o 13\u00ba terceiro sal\u00e1rio calculado sobre oito meses. O segurado receber\u00e1, portanto, metade desse valor. Em dezembro, caso ainda esteja afastado, o segurado ir\u00e1 receber o restante. Se tiver alta antes, o valor ser\u00e1 calculado at\u00e9 o m\u00eas em que o benef\u00edcio vigorar e acrescido ao \u00faltimo pagamento do benef\u00edcio. Benef\u00edcios assistenciais Por lei, os segurados que recebem benef\u00edcios Assistenciais (LOAS) n\u00e3o t\u00eam direito ao 13\u00ba sal\u00e1rio, que corresponde a cerca de 4,5 milh\u00f5es de benef\u00edcios. Cariri em Destaque Fonte: Rep\u00f3rter PB","og_url":"https:\/\/noticiasemdestaque.com\/cd\/?p=3614","og_site_name":"Not&iacute;cias em Destaque","article_published_time":"2017-08-25T00:17:28+00:00","og_image":[{"url":"http:\/\/caririemdestaque.com\/cd\/wp-content\/uploads\/2017\/08\/dinheiroo-1-1-300x200.jpg","type":"","width":"","height":""}],"author":"Not\u00edcias em Destaque","twitter_card":"summary_large_image","twitter_misc":{"Escrito por":"Not\u00edcias em Destaque","Est. tempo de leitura":"2 minutos"},"schema":{"@context":"https:\/\/schema.org","@graph":[{"@type":"Article","@id":"https:\/\/noticiasemdestaque.com\/cd\/?p=3614#article","isPartOf":{"@id":"https:\/\/noticiasemdestaque.com\/cd\/?p=3614"},"author":{"name":"Not\u00edcias em Destaque","@id":"https:\/\/noticiasemdestaque.com\/cd\/#\/schema\/person\/21320b03a7e8bb90128938dafc9b908a"},"headline":"Aposentados e pensionistas come\u00e7am a receber parcela do 13\u00ba nesta sexta-feira (25)","datePublished":"2017-08-25T00:17:28+00:00","mainEntityOfPage":{"@id":"https:\/\/noticiasemdestaque.com\/cd\/?p=3614"},"wordCount":335,"publisher":{"@id":"https:\/\/noticiasemdestaque.com\/cd\/#organization"},"image":{"@id":"https:\/\/noticiasemdestaque.com\/cd\/?p=3614#primaryimage"},"thumbnailUrl":"http:\/\/caririemdestaque.com\/cd\/wp-content\/uploads\/2017\/08\/dinheiroo-1-1-300x200.jpg","articleSection":["Economia"],"inLanguage":"pt-BR"},{"@type":"WebPage","@id":"https:\/\/noticiasemdestaque.com\/cd\/?p=3614","url":"https:\/\/noticiasemdestaque.com\/cd\/?p=3614","name":"Aposentados e pensionistas come\u00e7am a receber parcela do 13\u00ba nesta sexta-feira (25) - Not&iacute;cias em Destaque","isPartOf":{"@id":"https:\/\/noticiasemdestaque.com\/cd\/#website"},"primaryImageOfPage":{"@id":"https:\/\/noticiasemdestaque.com\/cd\/?p=3614#primaryimage"},"image":{"@id":"https:\/\/noticiasemdestaque.com\/cd\/?p=3614#primaryimage"},"thumbnailUrl":"http:\/\/caririemdestaque.com\/cd\/wp-content\/uploads\/2017\/08\/dinheiroo-1-1-300x200.jpg","datePublished":"2017-08-25T00:17:28+00:00","breadcrumb":{"@id":"https:\/\/noticiasemdestaque.com\/cd\/?p=3614#breadcrumb"},"inLanguage":"pt-BR","potentialAction":[{"@type":"ReadAction","target":["https:\/\/noticiasemdestaque.com\/cd\/?p=3614"]}]},{"@type":"ImageObject","inLanguage":"pt-BR","@id":"https:\/\/noticiasemdestaque.com\/cd\/?p=3614#primaryimage","url":"http:\/\/caririemdestaque.com\/cd\/wp-content\/uploads\/2017\/08\/dinheiroo-1-1-300x200.jpg","contentUrl":"http:\/\/caririemdestaque.com\/cd\/wp-content\/uploads\/2017\/08\/dinheiroo-1-1-300x200.jpg"},{"@type":"BreadcrumbList","@id":"https:\/\/noticiasemdestaque.com\/cd\/?p=3614#breadcrumb","itemListElement":[{"@type":"ListItem","position":1,"name":"In\u00edcio","item":"https:\/\/noticiasemdestaque.com\/cd\/"},{"@type":"ListItem","position":2,"name":"Aposentados e pensionistas come\u00e7am a receber parcela do 13\u00ba nesta sexta-feira (25)"}]},{"@type":"WebSite","@id":"https:\/\/noticiasemdestaque.com\/cd\/#website","url":"https:\/\/noticiasemdestaque.com\/cd\/","name":"Not&iacute;cias em Destaque","description":"","publisher":{"@id":"https:\/\/noticiasemdestaque.com\/cd\/#organization"},"potentialAction":[{"@type":"SearchAction","target":{"@type":"EntryPoint","urlTemplate":"https:\/\/noticiasemdestaque.com\/cd\/?s={search_term_string}"},"query-input":{"@type":"PropertyValueSpecification","valueRequired":true,"valueName":"search_term_string"}}],"inLanguage":"pt-BR"},{"@type":"Organization","@id":"https:\/\/noticiasemdestaque.com\/cd\/#organization","name":"Not\u00edcias em Destaque","url":"https:\/\/noticiasemdestaque.com\/cd\/","logo":{"@type":"ImageObject","inLanguage":"pt-BR","@id":"https:\/\/noticiasemdestaque.com\/cd\/#\/schema\/logo\/image\/","url":"https:\/\/noticiasemdestaque.com\/cd\/wp-content\/uploads\/2022\/05\/imagem-base-noticiasemdestaque.png","contentUrl":"https:\/\/noticiasemdestaque.com\/cd\/wp-content\/uploads\/2022\/05\/imagem-base-noticiasemdestaque.png","width":1200,"height":630,"caption":"Not\u00edcias em Destaque"},"image":{"@id":"https:\/\/noticiasemdestaque.com\/cd\/#\/schema\/logo\/image\/"}},{"@type":"Person","@id":"https:\/\/noticiasemdestaque.com\/cd\/#\/schema\/person\/21320b03a7e8bb90128938dafc9b908a","name":"Not\u00edcias em Destaque","url":"https:\/\/noticiasemdestaque.com\/cd\/?author=2"}]}},"jetpack_featured_media_url":"","jetpack_sharing_enabled":true,"_links":{"self":[{"href":"https:\/\/noticiasemdestaque.com\/cd\/index.php?rest_route=\/wp\/v2\/posts\/3614","targetHints":{"allow":["GET"]}}],"collection":[{"href":"https:\/\/noticiasemdestaque.com\/cd\/index.php?rest_route=\/wp\/v2\/posts"}],"about":[{"href":"https:\/\/noticiasemdestaque.com\/cd\/index.php?rest_route=\/wp\/v2\/types\/post"}],"author":[{"embeddable":true,"href":"https:\/\/noticiasemdestaque.com\/cd\/index.php?rest_route=\/wp\/v2\/users\/2"}],"replies":[{"embeddable":true,"href":"https:\/\/noticiasemdestaque.com\/cd\/index.php?rest_route=%2Fwp%2Fv2%2Fcomments&post=3614"}],"version-history":[{"count":1,"href":"https:\/\/noticiasemdestaque.com\/cd\/index.php?rest_route=\/wp\/v2\/posts\/3614\/revisions"}],"predecessor-version":[{"id":3616,"href":"https:\/\/noticiasemdestaque.com\/cd\/index.php?rest_route=\/wp\/v2\/posts\/3614\/revisions\/3616"}],"wp:attachment":[{"href":"https:\/\/noticiasemdestaque.com\/cd\/index.php?rest_route=%2Fwp%2Fv2%2Fmedia&parent=3614"}],"wp:term":[{"taxonomy":"category","embeddable":true,"href":"https:\/\/noticiasemdestaque.com\/cd\/index.php?rest_route=%2Fwp%2Fv2%2Fcategories&post=3614"},{"taxonomy":"post_tag","embeddable":true,"href":"https:\/\/noticiasemdestaque.com\/cd\/index.php?rest_route=%2Fwp%2Fv2%2Ftags&post=3614"}],"curies":[{"name":"wp","href":"https:\/\/api.w.org\/{rel}","templated":true}]}}