{"id":35834,"date":"2021-12-13T18:41:53","date_gmt":"2021-12-13T21:41:53","guid":{"rendered":"http:\/\/noticiasemdestaque.com\/cd\/?p=35834"},"modified":"2021-12-13T18:41:53","modified_gmt":"2021-12-13T21:41:53","slug":"sao-jose-dos-cordeiros-esta-entre-os-municipios-do-cariri-que-serao-contemplados-com-pagamento-do-garantia-safra-2020-2021","status":"publish","type":"post","link":"https:\/\/noticiasemdestaque.com\/cd\/?p=35834","title":{"rendered":"S\u00e3o Jos\u00e9 dos Cordeiros est\u00e1 entre os munic\u00edpios do Cariri que ser\u00e3o contemplados com pagamento do Garantia Safra 2020\/2021"},"content":{"rendered":"<p><a href=\"https:\/\/noticiasemdestaque.com\/cd\/wp-content\/uploads\/2021\/12\/267165623_4461298140635122_4274348036803687308_n.jpg\"><img fetchpriority=\"high\" decoding=\"async\" class=\"size-medium wp-image-35835 aligncenter\" src=\"https:\/\/noticiasemdestaque.com\/cd\/wp-content\/uploads\/2021\/12\/267165623_4461298140635122_4274348036803687308_n-300x300.jpg\" alt=\"\" width=\"300\" height=\"300\" srcset=\"https:\/\/noticiasemdestaque.com\/cd\/wp-content\/uploads\/2021\/12\/267165623_4461298140635122_4274348036803687308_n-300x300.jpg 300w, https:\/\/noticiasemdestaque.com\/cd\/wp-content\/uploads\/2021\/12\/267165623_4461298140635122_4274348036803687308_n-1024x1024.jpg 1024w, https:\/\/noticiasemdestaque.com\/cd\/wp-content\/uploads\/2021\/12\/267165623_4461298140635122_4274348036803687308_n-150x150.jpg 150w, https:\/\/noticiasemdestaque.com\/cd\/wp-content\/uploads\/2021\/12\/267165623_4461298140635122_4274348036803687308_n-768x768.jpg 768w, https:\/\/noticiasemdestaque.com\/cd\/wp-content\/uploads\/2021\/12\/267165623_4461298140635122_4274348036803687308_n.jpg 1080w\" sizes=\"(max-width: 300px) 100vw, 300px\" \/><\/a><\/p>\n<p>Foi publicado no Di\u00e1rio Oficial da Uni\u00e3o a Portaria n\u00ba 263 de 08 de dezembro de 2021 do SAF\/MAPA, que informa os primeiros munic\u00edpios com perda decretada na Safra 2020\/2021.<\/p>\n<p>S\u00e3o Jos\u00e9 dos Cordeiros est\u00e1 na lista e, portanto, tem garantido o pagamento do benef\u00edcio aos nossos agricultores.<\/p>\n<p>O benef\u00edcio Garantia Safra ser\u00e1 pago em parcela \u00fanica, observando o calend\u00e1rio do Bolsa Fam\u00edlia, no valor de R$ 850,00 (oitocentos e cinquenta reais).<\/p>\n","protected":false},"excerpt":{"rendered":"<p>Foi publicado no Di\u00e1rio Oficial da Uni\u00e3o a Portaria n\u00ba 263 de 08 de dezembro de 2021 do SAF\/MAPA, que informa os primeiros munic\u00edpios com perda decretada na Safra 2020\/2021. S\u00e3o Jos\u00e9 dos Cordeiros est\u00e1 na lista e, portanto, tem garantido o pagamento do benef\u00edcio aos nossos agricultores. O benef\u00edcio Garantia Safra ser\u00e1 pago em parcela \u00fanica, observando o calend\u00e1rio do Bolsa Fam\u00edlia, no valor de R$ 850,00 (oitocentos e cinquenta reais).<\/p>\n","protected":false},"author":2,"featured_media":35835,"comment_status":"closed","ping_status":"open","sticky":false,"template":"","format":"standard","meta":{"_eb_attr":"","_jetpack_memberships_contains_paid_content":false,"footnotes":""},"categories":[12],"tags":[],"class_list":["post-35834","post","type-post","status-publish","format-standard","has-post-thumbnail","hentry","category-geral"],"yoast_head":"<!-- This site is optimized with the Yoast SEO plugin v26.5 - https:\/\/yoast.com\/wordpress\/plugins\/seo\/ -->\n<title>S\u00e3o Jos\u00e9 dos Cordeiros est\u00e1 entre os munic\u00edpios do Cariri que ser\u00e3o contemplados com pagamento do Garantia Safra 2020\/2021 - Not&iacute;cias em Destaque<\/title>\n<meta name=\"robots\" content=\"index, follow, max-snippet:-1, max-image-preview:large, max-video-preview:-1\" \/>\n<link rel=\"canonical\" href=\"https:\/\/noticiasemdestaque.com\/cd\/?p=35834\" \/>\n<meta property=\"og:locale\" content=\"pt_BR\" \/>\n<meta property=\"og:type\" content=\"article\" \/>\n<meta property=\"og:title\" content=\"S\u00e3o Jos\u00e9 dos Cordeiros est\u00e1 entre os munic\u00edpios do Cariri que ser\u00e3o contemplados com pagamento do Garantia Safra 2020\/2021 - Not&iacute;cias em Destaque\" \/>\n<meta property=\"og:description\" content=\"Foi publicado no Di\u00e1rio Oficial da Uni\u00e3o a Portaria n\u00ba 263 de 08 de dezembro de 2021 do SAF\/MAPA, que informa os primeiros munic\u00edpios com perda decretada na Safra 2020\/2021. S\u00e3o Jos\u00e9 dos Cordeiros est\u00e1 na lista e, portanto, tem garantido o pagamento do benef\u00edcio aos nossos agricultores. O benef\u00edcio Garantia Safra ser\u00e1 pago em parcela \u00fanica, observando o calend\u00e1rio do Bolsa Fam\u00edlia, no valor de R$ 850,00 (oitocentos e cinquenta reais).\" \/>\n<meta property=\"og:url\" content=\"https:\/\/noticiasemdestaque.com\/cd\/?p=35834\" \/>\n<meta property=\"og:site_name\" content=\"Not&iacute;cias em Destaque\" \/>\n<meta property=\"article:published_time\" content=\"2021-12-13T21:41:53+00:00\" \/>\n<meta property=\"og:image\" content=\"https:\/\/noticiasemdestaque.com\/cd\/wp-content\/uploads\/2021\/12\/267165623_4461298140635122_4274348036803687308_n.jpg\" \/>\n\t<meta property=\"og:image:width\" content=\"1080\" \/>\n\t<meta property=\"og:image:height\" content=\"1080\" \/>\n\t<meta property=\"og:image:type\" content=\"image\/jpeg\" \/>\n<meta name=\"author\" content=\"Not\u00edcias em Destaque\" \/>\n<meta name=\"twitter:card\" content=\"summary_large_image\" \/>\n<meta name=\"twitter:label1\" content=\"Escrito por\" \/>\n\t<meta name=\"twitter:data1\" content=\"Not\u00edcias em Destaque\" \/>\n<script type=\"application\/ld+json\" class=\"yoast-schema-graph\">{\"@context\":\"https:\/\/schema.org\",\"@graph\":[{\"@type\":\"Article\",\"@id\":\"https:\/\/noticiasemdestaque.com\/cd\/?p=35834#article\",\"isPartOf\":{\"@id\":\"https:\/\/noticiasemdestaque.com\/cd\/?p=35834\"},\"author\":{\"name\":\"Not\u00edcias em Destaque\",\"@id\":\"https:\/\/noticiasemdestaque.com\/cd\/#\/schema\/person\/9c05c6816b191977f47499b3494ace52\"},\"headline\":\"S\u00e3o Jos\u00e9 dos Cordeiros est\u00e1 entre os munic\u00edpios do Cariri que ser\u00e3o contemplados com pagamento do Garantia Safra 2020\/2021\",\"datePublished\":\"2021-12-13T21:41:53+00:00\",\"mainEntityOfPage\":{\"@id\":\"https:\/\/noticiasemdestaque.com\/cd\/?p=35834\"},\"wordCount\":97,\"publisher\":{\"@id\":\"https:\/\/noticiasemdestaque.com\/cd\/#organization\"},\"image\":{\"@id\":\"https:\/\/noticiasemdestaque.com\/cd\/?p=35834#primaryimage\"},\"thumbnailUrl\":\"https:\/\/noticiasemdestaque.com\/cd\/wp-content\/uploads\/2021\/12\/267165623_4461298140635122_4274348036803687308_n.jpg\",\"articleSection\":[\"Geral\"],\"inLanguage\":\"pt-BR\"},{\"@type\":\"WebPage\",\"@id\":\"https:\/\/noticiasemdestaque.com\/cd\/?p=35834\",\"url\":\"https:\/\/noticiasemdestaque.com\/cd\/?p=35834\",\"name\":\"S\u00e3o Jos\u00e9 dos Cordeiros est\u00e1 entre os munic\u00edpios do Cariri que ser\u00e3o contemplados com pagamento do Garantia Safra 2020\/2021 - Not&iacute;cias em Destaque\",\"isPartOf\":{\"@id\":\"https:\/\/noticiasemdestaque.com\/cd\/#website\"},\"primaryImageOfPage\":{\"@id\":\"https:\/\/noticiasemdestaque.com\/cd\/?p=35834#primaryimage\"},\"image\":{\"@id\":\"https:\/\/noticiasemdestaque.com\/cd\/?p=35834#primaryimage\"},\"thumbnailUrl\":\"https:\/\/noticiasemdestaque.com\/cd\/wp-content\/uploads\/2021\/12\/267165623_4461298140635122_4274348036803687308_n.jpg\",\"datePublished\":\"2021-12-13T21:41:53+00:00\",\"breadcrumb\":{\"@id\":\"https:\/\/noticiasemdestaque.com\/cd\/?p=35834#breadcrumb\"},\"inLanguage\":\"pt-BR\",\"potentialAction\":[{\"@type\":\"ReadAction\",\"target\":[\"https:\/\/noticiasemdestaque.com\/cd\/?p=35834\"]}]},{\"@type\":\"ImageObject\",\"inLanguage\":\"pt-BR\",\"@id\":\"https:\/\/noticiasemdestaque.com\/cd\/?p=35834#primaryimage\",\"url\":\"https:\/\/noticiasemdestaque.com\/cd\/wp-content\/uploads\/2021\/12\/267165623_4461298140635122_4274348036803687308_n.jpg\",\"contentUrl\":\"https:\/\/noticiasemdestaque.com\/cd\/wp-content\/uploads\/2021\/12\/267165623_4461298140635122_4274348036803687308_n.jpg\",\"width\":1080,\"height\":1080},{\"@type\":\"BreadcrumbList\",\"@id\":\"https:\/\/noticiasemdestaque.com\/cd\/?p=35834#breadcrumb\",\"itemListElement\":[{\"@type\":\"ListItem\",\"position\":1,\"name\":\"In\u00edcio\",\"item\":\"https:\/\/noticiasemdestaque.com\/cd\/\"},{\"@type\":\"ListItem\",\"position\":2,\"name\":\"S\u00e3o Jos\u00e9 dos Cordeiros est\u00e1 entre os munic\u00edpios do Cariri que ser\u00e3o contemplados com pagamento do Garantia Safra 2020\/2021\"}]},{\"@type\":\"WebSite\",\"@id\":\"https:\/\/noticiasemdestaque.com\/cd\/#website\",\"url\":\"https:\/\/noticiasemdestaque.com\/cd\/\",\"name\":\"Not&iacute;cias em Destaque\",\"description\":\"\",\"publisher\":{\"@id\":\"https:\/\/noticiasemdestaque.com\/cd\/#organization\"},\"potentialAction\":[{\"@type\":\"SearchAction\",\"target\":{\"@type\":\"EntryPoint\",\"urlTemplate\":\"https:\/\/noticiasemdestaque.com\/cd\/?s={search_term_string}\"},\"query-input\":{\"@type\":\"PropertyValueSpecification\",\"valueRequired\":true,\"valueName\":\"search_term_string\"}}],\"inLanguage\":\"pt-BR\"},{\"@type\":\"Organization\",\"@id\":\"https:\/\/noticiasemdestaque.com\/cd\/#organization\",\"name\":\"Not\u00edcias em Destaque\",\"url\":\"https:\/\/noticiasemdestaque.com\/cd\/\",\"logo\":{\"@type\":\"ImageObject\",\"inLanguage\":\"pt-BR\",\"@id\":\"https:\/\/noticiasemdestaque.com\/cd\/#\/schema\/logo\/image\/\",\"url\":\"https:\/\/noticiasemdestaque.com\/cd\/wp-content\/uploads\/2022\/05\/imagem-base-noticiasemdestaque.png\",\"contentUrl\":\"https:\/\/noticiasemdestaque.com\/cd\/wp-content\/uploads\/2022\/05\/imagem-base-noticiasemdestaque.png\",\"width\":1200,\"height\":630,\"caption\":\"Not\u00edcias em Destaque\"},\"image\":{\"@id\":\"https:\/\/noticiasemdestaque.com\/cd\/#\/schema\/logo\/image\/\"}},{\"@type\":\"Person\",\"@id\":\"https:\/\/noticiasemdestaque.com\/cd\/#\/schema\/person\/9c05c6816b191977f47499b3494ace52\",\"name\":\"Not\u00edcias em Destaque\",\"url\":\"https:\/\/noticiasemdestaque.com\/cd\/?author=2\"}]}<\/script>\n<!-- \/ Yoast SEO plugin. -->","yoast_head_json":{"title":"S\u00e3o Jos\u00e9 dos Cordeiros est\u00e1 entre os munic\u00edpios do Cariri que ser\u00e3o contemplados com pagamento do Garantia Safra 2020\/2021 - Not&iacute;cias em Destaque","robots":{"index":"index","follow":"follow","max-snippet":"max-snippet:-1","max-image-preview":"max-image-preview:large","max-video-preview":"max-video-preview:-1"},"canonical":"https:\/\/noticiasemdestaque.com\/cd\/?p=35834","og_locale":"pt_BR","og_type":"article","og_title":"S\u00e3o Jos\u00e9 dos Cordeiros est\u00e1 entre os munic\u00edpios do Cariri que ser\u00e3o contemplados com pagamento do Garantia Safra 2020\/2021 - Not&iacute;cias em Destaque","og_description":"Foi publicado no Di\u00e1rio Oficial da Uni\u00e3o a Portaria n\u00ba 263 de 08 de dezembro de 2021 do SAF\/MAPA, que informa os primeiros munic\u00edpios com perda decretada na Safra 2020\/2021. S\u00e3o Jos\u00e9 dos Cordeiros est\u00e1 na lista e, portanto, tem garantido o pagamento do benef\u00edcio aos nossos agricultores. O benef\u00edcio Garantia Safra ser\u00e1 pago em parcela \u00fanica, observando o calend\u00e1rio do Bolsa Fam\u00edlia, no valor de R$ 850,00 (oitocentos e cinquenta reais).","og_url":"https:\/\/noticiasemdestaque.com\/cd\/?p=35834","og_site_name":"Not&iacute;cias em Destaque","article_published_time":"2021-12-13T21:41:53+00:00","og_image":[{"width":1080,"height":1080,"url":"https:\/\/noticiasemdestaque.com\/cd\/wp-content\/uploads\/2021\/12\/267165623_4461298140635122_4274348036803687308_n.jpg","type":"image\/jpeg"}],"author":"Not\u00edcias em Destaque","twitter_card":"summary_large_image","twitter_misc":{"Escrito por":"Not\u00edcias em Destaque"},"schema":{"@context":"https:\/\/schema.org","@graph":[{"@type":"Article","@id":"https:\/\/noticiasemdestaque.com\/cd\/?p=35834#article","isPartOf":{"@id":"https:\/\/noticiasemdestaque.com\/cd\/?p=35834"},"author":{"name":"Not\u00edcias em Destaque","@id":"https:\/\/noticiasemdestaque.com\/cd\/#\/schema\/person\/9c05c6816b191977f47499b3494ace52"},"headline":"S\u00e3o Jos\u00e9 dos Cordeiros est\u00e1 entre os munic\u00edpios do Cariri que ser\u00e3o contemplados com pagamento do Garantia Safra 2020\/2021","datePublished":"2021-12-13T21:41:53+00:00","mainEntityOfPage":{"@id":"https:\/\/noticiasemdestaque.com\/cd\/?p=35834"},"wordCount":97,"publisher":{"@id":"https:\/\/noticiasemdestaque.com\/cd\/#organization"},"image":{"@id":"https:\/\/noticiasemdestaque.com\/cd\/?p=35834#primaryimage"},"thumbnailUrl":"https:\/\/noticiasemdestaque.com\/cd\/wp-content\/uploads\/2021\/12\/267165623_4461298140635122_4274348036803687308_n.jpg","articleSection":["Geral"],"inLanguage":"pt-BR"},{"@type":"WebPage","@id":"https:\/\/noticiasemdestaque.com\/cd\/?p=35834","url":"https:\/\/noticiasemdestaque.com\/cd\/?p=35834","name":"S\u00e3o Jos\u00e9 dos Cordeiros est\u00e1 entre os munic\u00edpios do Cariri que ser\u00e3o contemplados com pagamento do Garantia Safra 2020\/2021 - Not&iacute;cias em Destaque","isPartOf":{"@id":"https:\/\/noticiasemdestaque.com\/cd\/#website"},"primaryImageOfPage":{"@id":"https:\/\/noticiasemdestaque.com\/cd\/?p=35834#primaryimage"},"image":{"@id":"https:\/\/noticiasemdestaque.com\/cd\/?p=35834#primaryimage"},"thumbnailUrl":"https:\/\/noticiasemdestaque.com\/cd\/wp-content\/uploads\/2021\/12\/267165623_4461298140635122_4274348036803687308_n.jpg","datePublished":"2021-12-13T21:41:53+00:00","breadcrumb":{"@id":"https:\/\/noticiasemdestaque.com\/cd\/?p=35834#breadcrumb"},"inLanguage":"pt-BR","potentialAction":[{"@type":"ReadAction","target":["https:\/\/noticiasemdestaque.com\/cd\/?p=35834"]}]},{"@type":"ImageObject","inLanguage":"pt-BR","@id":"https:\/\/noticiasemdestaque.com\/cd\/?p=35834#primaryimage","url":"https:\/\/noticiasemdestaque.com\/cd\/wp-content\/uploads\/2021\/12\/267165623_4461298140635122_4274348036803687308_n.jpg","contentUrl":"https:\/\/noticiasemdestaque.com\/cd\/wp-content\/uploads\/2021\/12\/267165623_4461298140635122_4274348036803687308_n.jpg","width":1080,"height":1080},{"@type":"BreadcrumbList","@id":"https:\/\/noticiasemdestaque.com\/cd\/?p=35834#breadcrumb","itemListElement":[{"@type":"ListItem","position":1,"name":"In\u00edcio","item":"https:\/\/noticiasemdestaque.com\/cd\/"},{"@type":"ListItem","position":2,"name":"S\u00e3o Jos\u00e9 dos Cordeiros est\u00e1 entre os munic\u00edpios do Cariri que ser\u00e3o contemplados com pagamento do Garantia Safra 2020\/2021"}]},{"@type":"WebSite","@id":"https:\/\/noticiasemdestaque.com\/cd\/#website","url":"https:\/\/noticiasemdestaque.com\/cd\/","name":"Not&iacute;cias em Destaque","description":"","publisher":{"@id":"https:\/\/noticiasemdestaque.com\/cd\/#organization"},"potentialAction":[{"@type":"SearchAction","target":{"@type":"EntryPoint","urlTemplate":"https:\/\/noticiasemdestaque.com\/cd\/?s={search_term_string}"},"query-input":{"@type":"PropertyValueSpecification","valueRequired":true,"valueName":"search_term_string"}}],"inLanguage":"pt-BR"},{"@type":"Organization","@id":"https:\/\/noticiasemdestaque.com\/cd\/#organization","name":"Not\u00edcias em Destaque","url":"https:\/\/noticiasemdestaque.com\/cd\/","logo":{"@type":"ImageObject","inLanguage":"pt-BR","@id":"https:\/\/noticiasemdestaque.com\/cd\/#\/schema\/logo\/image\/","url":"https:\/\/noticiasemdestaque.com\/cd\/wp-content\/uploads\/2022\/05\/imagem-base-noticiasemdestaque.png","contentUrl":"https:\/\/noticiasemdestaque.com\/cd\/wp-content\/uploads\/2022\/05\/imagem-base-noticiasemdestaque.png","width":1200,"height":630,"caption":"Not\u00edcias em Destaque"},"image":{"@id":"https:\/\/noticiasemdestaque.com\/cd\/#\/schema\/logo\/image\/"}},{"@type":"Person","@id":"https:\/\/noticiasemdestaque.com\/cd\/#\/schema\/person\/9c05c6816b191977f47499b3494ace52","name":"Not\u00edcias em Destaque","url":"https:\/\/noticiasemdestaque.com\/cd\/?author=2"}]}},"jetpack_featured_media_url":"https:\/\/noticiasemdestaque.com\/cd\/wp-content\/uploads\/2021\/12\/267165623_4461298140635122_4274348036803687308_n.jpg","jetpack_sharing_enabled":true,"_links":{"self":[{"href":"https:\/\/noticiasemdestaque.com\/cd\/index.php?rest_route=\/wp\/v2\/posts\/35834","targetHints":{"allow":["GET"]}}],"collection":[{"href":"https:\/\/noticiasemdestaque.com\/cd\/index.php?rest_route=\/wp\/v2\/posts"}],"about":[{"href":"https:\/\/noticiasemdestaque.com\/cd\/index.php?rest_route=\/wp\/v2\/types\/post"}],"author":[{"embeddable":true,"href":"https:\/\/noticiasemdestaque.com\/cd\/index.php?rest_route=\/wp\/v2\/users\/2"}],"replies":[{"embeddable":true,"href":"https:\/\/noticiasemdestaque.com\/cd\/index.php?rest_route=%2Fwp%2Fv2%2Fcomments&post=35834"}],"version-history":[{"count":1,"href":"https:\/\/noticiasemdestaque.com\/cd\/index.php?rest_route=\/wp\/v2\/posts\/35834\/revisions"}],"predecessor-version":[{"id":35836,"href":"https:\/\/noticiasemdestaque.com\/cd\/index.php?rest_route=\/wp\/v2\/posts\/35834\/revisions\/35836"}],"wp:featuredmedia":[{"embeddable":true,"href":"https:\/\/noticiasemdestaque.com\/cd\/index.php?rest_route=\/wp\/v2\/media\/35835"}],"wp:attachment":[{"href":"https:\/\/noticiasemdestaque.com\/cd\/index.php?rest_route=%2Fwp%2Fv2%2Fmedia&parent=35834"}],"wp:term":[{"taxonomy":"category","embeddable":true,"href":"https:\/\/noticiasemdestaque.com\/cd\/index.php?rest_route=%2Fwp%2Fv2%2Fcategories&post=35834"},{"taxonomy":"post_tag","embeddable":true,"href":"https:\/\/noticiasemdestaque.com\/cd\/index.php?rest_route=%2Fwp%2Fv2%2Ftags&post=35834"}],"curies":[{"name":"wp","href":"https:\/\/api.w.org\/{rel}","templated":true}]}}