{"id":35831,"date":"2021-12-13T18:38:21","date_gmt":"2021-12-13T21:38:21","guid":{"rendered":"http:\/\/noticiasemdestaque.com\/cd\/?p=35831"},"modified":"2021-12-13T18:38:21","modified_gmt":"2021-12-13T21:38:21","slug":"prefeito-de-ouro-velho-assina-convenio-para-complementacao-da-construcao-do-novo-matadouro-municipal","status":"publish","type":"post","link":"https:\/\/noticiasemdestaque.com\/cd\/?p=35831","title":{"rendered":"Prefeito de Ouro Velho assina Conv\u00eanio para complementa\u00e7\u00e3o da constru\u00e7\u00e3o do novo matadouro municipal"},"content":{"rendered":"<p><a href=\"https:\/\/noticiasemdestaque.com\/cd\/wp-content\/uploads\/2021\/12\/1.jpg\"><img fetchpriority=\"high\" decoding=\"async\" class=\"size-medium wp-image-35832 aligncenter\" src=\"https:\/\/noticiasemdestaque.com\/cd\/wp-content\/uploads\/2021\/12\/1-300x225.jpg\" alt=\"\" width=\"300\" height=\"225\" srcset=\"https:\/\/noticiasemdestaque.com\/cd\/wp-content\/uploads\/2021\/12\/1-300x225.jpg 300w, https:\/\/noticiasemdestaque.com\/cd\/wp-content\/uploads\/2021\/12\/1.jpg 400w\" sizes=\"(max-width: 300px) 100vw, 300px\" \/><\/a><\/p>\n<p style=\"font-weight: 400;\">O prefeito de Ouro Velho Dr. Augusto Valadares esteve nesta segunda feira (13) na sede da Sedam\/PB, Secretaria do Desenvolvimento e Articula\u00e7\u00e3o Municipal do Estado.<\/p>\n<p style=\"font-weight: 400;\">Na oportunidade, o prefeito assinou um conv\u00eanio fruto de emendas impositivas para complementa\u00e7\u00e3o da constru\u00e7\u00e3o do novo matadouro\u00a0\u00a0municipal.<\/p>\n<p style=\"font-weight: 400;\">As emendas foram destinadas pelos deputados Tovar Correia Lima e Wilson Filho no valor de R$ 200 mil reais.<\/p>\n<p style=\"font-weight: 400;\">O prefeito Dr. Augusto Valadares agradeceu aos parlamentares pela articula\u00e7\u00e3o dos recursos junto ao governador, ao Secret\u00e1rio executivo Galego do Leite e a Secret\u00e1ria Estadual Ana Cl\u00e1udia.<\/p>\n<p style=\"font-weight: 400;\">BLOG DO POETA TEIXEIRINHA<\/p>\n","protected":false},"excerpt":{"rendered":"<p>O prefeito de Ouro Velho Dr. Augusto Valadares esteve nesta segunda feira (13) na sede da Sedam\/PB, Secretaria do Desenvolvimento e Articula\u00e7\u00e3o Municipal do Estado. Na oportunidade, o prefeito assinou um conv\u00eanio fruto de emendas impositivas para complementa\u00e7\u00e3o da constru\u00e7\u00e3o do novo matadouro\u00a0\u00a0municipal. As emendas foram destinadas pelos deputados Tovar Correia Lima e Wilson Filho no valor de R$ 200 mil reais. O prefeito Dr. Augusto Valadares agradeceu aos parlamentares pela articula\u00e7\u00e3o dos recursos junto ao governador, ao Secret\u00e1rio executivo Galego do Leite e a Secret\u00e1ria Estadual Ana Cl\u00e1udia. BLOG DO POETA TEIXEIRINHA<\/p>\n","protected":false},"author":2,"featured_media":35832,"comment_status":"closed","ping_status":"open","sticky":false,"template":"","format":"standard","meta":{"_eb_attr":"","_jetpack_memberships_contains_paid_content":false,"footnotes":""},"categories":[3],"tags":[],"class_list":["post-35831","post","type-post","status-publish","format-standard","has-post-thumbnail","hentry","category-cidades"],"yoast_head":"<!-- This site is optimized with the Yoast SEO plugin v26.5 - https:\/\/yoast.com\/wordpress\/plugins\/seo\/ -->\n<title>Prefeito de Ouro Velho assina Conv\u00eanio para complementa\u00e7\u00e3o da constru\u00e7\u00e3o do novo matadouro municipal - Not&iacute;cias em Destaque<\/title>\n<meta name=\"robots\" content=\"index, follow, max-snippet:-1, max-image-preview:large, max-video-preview:-1\" \/>\n<link rel=\"canonical\" href=\"https:\/\/noticiasemdestaque.com\/cd\/?p=35831\" \/>\n<meta property=\"og:locale\" content=\"pt_BR\" \/>\n<meta property=\"og:type\" content=\"article\" \/>\n<meta property=\"og:title\" content=\"Prefeito de Ouro Velho assina Conv\u00eanio para complementa\u00e7\u00e3o da constru\u00e7\u00e3o do novo matadouro municipal - Not&iacute;cias em Destaque\" \/>\n<meta property=\"og:description\" content=\"O prefeito de Ouro Velho Dr. Augusto Valadares esteve nesta segunda feira (13) na sede da Sedam\/PB, Secretaria do Desenvolvimento e Articula\u00e7\u00e3o Municipal do Estado. Na oportunidade, o prefeito assinou um conv\u00eanio fruto de emendas impositivas para complementa\u00e7\u00e3o da constru\u00e7\u00e3o do novo matadouro\u00a0\u00a0municipal. As emendas foram destinadas pelos deputados Tovar Correia Lima e Wilson Filho no valor de R$ 200 mil reais. O prefeito Dr. Augusto Valadares agradeceu aos parlamentares pela articula\u00e7\u00e3o dos recursos junto ao governador, ao Secret\u00e1rio executivo Galego do Leite e a Secret\u00e1ria Estadual Ana Cl\u00e1udia. BLOG DO POETA TEIXEIRINHA\" \/>\n<meta property=\"og:url\" content=\"https:\/\/noticiasemdestaque.com\/cd\/?p=35831\" \/>\n<meta property=\"og:site_name\" content=\"Not&iacute;cias em Destaque\" \/>\n<meta property=\"article:published_time\" content=\"2021-12-13T21:38:21+00:00\" \/>\n<meta property=\"og:image\" content=\"https:\/\/noticiasemdestaque.com\/cd\/wp-content\/uploads\/2021\/12\/1.jpg\" \/>\n\t<meta property=\"og:image:width\" content=\"400\" \/>\n\t<meta property=\"og:image:height\" content=\"300\" \/>\n\t<meta property=\"og:image:type\" content=\"image\/jpeg\" \/>\n<meta name=\"author\" content=\"Not\u00edcias em Destaque\" \/>\n<meta name=\"twitter:card\" content=\"summary_large_image\" \/>\n<meta name=\"twitter:label1\" content=\"Escrito por\" \/>\n\t<meta name=\"twitter:data1\" content=\"Not\u00edcias em Destaque\" \/>\n\t<meta name=\"twitter:label2\" content=\"Est. tempo de leitura\" \/>\n\t<meta name=\"twitter:data2\" content=\"1 minuto\" \/>\n<script type=\"application\/ld+json\" class=\"yoast-schema-graph\">{\"@context\":\"https:\/\/schema.org\",\"@graph\":[{\"@type\":\"Article\",\"@id\":\"https:\/\/noticiasemdestaque.com\/cd\/?p=35831#article\",\"isPartOf\":{\"@id\":\"https:\/\/noticiasemdestaque.com\/cd\/?p=35831\"},\"author\":{\"name\":\"Not\u00edcias em Destaque\",\"@id\":\"https:\/\/noticiasemdestaque.com\/cd\/#\/schema\/person\/9c05c6816b191977f47499b3494ace52\"},\"headline\":\"Prefeito de Ouro Velho assina Conv\u00eanio para complementa\u00e7\u00e3o da constru\u00e7\u00e3o do novo matadouro municipal\",\"datePublished\":\"2021-12-13T21:38:21+00:00\",\"mainEntityOfPage\":{\"@id\":\"https:\/\/noticiasemdestaque.com\/cd\/?p=35831\"},\"wordCount\":118,\"publisher\":{\"@id\":\"https:\/\/noticiasemdestaque.com\/cd\/#organization\"},\"image\":{\"@id\":\"https:\/\/noticiasemdestaque.com\/cd\/?p=35831#primaryimage\"},\"thumbnailUrl\":\"https:\/\/noticiasemdestaque.com\/cd\/wp-content\/uploads\/2021\/12\/1.jpg\",\"articleSection\":[\"Cidades\"],\"inLanguage\":\"pt-BR\"},{\"@type\":\"WebPage\",\"@id\":\"https:\/\/noticiasemdestaque.com\/cd\/?p=35831\",\"url\":\"https:\/\/noticiasemdestaque.com\/cd\/?p=35831\",\"name\":\"Prefeito de Ouro Velho assina Conv\u00eanio para complementa\u00e7\u00e3o da constru\u00e7\u00e3o do novo matadouro municipal - Not&iacute;cias em Destaque\",\"isPartOf\":{\"@id\":\"https:\/\/noticiasemdestaque.com\/cd\/#website\"},\"primaryImageOfPage\":{\"@id\":\"https:\/\/noticiasemdestaque.com\/cd\/?p=35831#primaryimage\"},\"image\":{\"@id\":\"https:\/\/noticiasemdestaque.com\/cd\/?p=35831#primaryimage\"},\"thumbnailUrl\":\"https:\/\/noticiasemdestaque.com\/cd\/wp-content\/uploads\/2021\/12\/1.jpg\",\"datePublished\":\"2021-12-13T21:38:21+00:00\",\"breadcrumb\":{\"@id\":\"https:\/\/noticiasemdestaque.com\/cd\/?p=35831#breadcrumb\"},\"inLanguage\":\"pt-BR\",\"potentialAction\":[{\"@type\":\"ReadAction\",\"target\":[\"https:\/\/noticiasemdestaque.com\/cd\/?p=35831\"]}]},{\"@type\":\"ImageObject\",\"inLanguage\":\"pt-BR\",\"@id\":\"https:\/\/noticiasemdestaque.com\/cd\/?p=35831#primaryimage\",\"url\":\"https:\/\/noticiasemdestaque.com\/cd\/wp-content\/uploads\/2021\/12\/1.jpg\",\"contentUrl\":\"https:\/\/noticiasemdestaque.com\/cd\/wp-content\/uploads\/2021\/12\/1.jpg\",\"width\":400,\"height\":300},{\"@type\":\"BreadcrumbList\",\"@id\":\"https:\/\/noticiasemdestaque.com\/cd\/?p=35831#breadcrumb\",\"itemListElement\":[{\"@type\":\"ListItem\",\"position\":1,\"name\":\"In\u00edcio\",\"item\":\"https:\/\/noticiasemdestaque.com\/cd\/\"},{\"@type\":\"ListItem\",\"position\":2,\"name\":\"Prefeito de Ouro Velho assina Conv\u00eanio para complementa\u00e7\u00e3o da constru\u00e7\u00e3o do novo matadouro municipal\"}]},{\"@type\":\"WebSite\",\"@id\":\"https:\/\/noticiasemdestaque.com\/cd\/#website\",\"url\":\"https:\/\/noticiasemdestaque.com\/cd\/\",\"name\":\"Not&iacute;cias em Destaque\",\"description\":\"\",\"publisher\":{\"@id\":\"https:\/\/noticiasemdestaque.com\/cd\/#organization\"},\"potentialAction\":[{\"@type\":\"SearchAction\",\"target\":{\"@type\":\"EntryPoint\",\"urlTemplate\":\"https:\/\/noticiasemdestaque.com\/cd\/?s={search_term_string}\"},\"query-input\":{\"@type\":\"PropertyValueSpecification\",\"valueRequired\":true,\"valueName\":\"search_term_string\"}}],\"inLanguage\":\"pt-BR\"},{\"@type\":\"Organization\",\"@id\":\"https:\/\/noticiasemdestaque.com\/cd\/#organization\",\"name\":\"Not\u00edcias em Destaque\",\"url\":\"https:\/\/noticiasemdestaque.com\/cd\/\",\"logo\":{\"@type\":\"ImageObject\",\"inLanguage\":\"pt-BR\",\"@id\":\"https:\/\/noticiasemdestaque.com\/cd\/#\/schema\/logo\/image\/\",\"url\":\"https:\/\/noticiasemdestaque.com\/cd\/wp-content\/uploads\/2022\/05\/imagem-base-noticiasemdestaque.png\",\"contentUrl\":\"https:\/\/noticiasemdestaque.com\/cd\/wp-content\/uploads\/2022\/05\/imagem-base-noticiasemdestaque.png\",\"width\":1200,\"height\":630,\"caption\":\"Not\u00edcias em Destaque\"},\"image\":{\"@id\":\"https:\/\/noticiasemdestaque.com\/cd\/#\/schema\/logo\/image\/\"}},{\"@type\":\"Person\",\"@id\":\"https:\/\/noticiasemdestaque.com\/cd\/#\/schema\/person\/9c05c6816b191977f47499b3494ace52\",\"name\":\"Not\u00edcias em Destaque\",\"url\":\"https:\/\/noticiasemdestaque.com\/cd\/?author=2\"}]}<\/script>\n<!-- \/ Yoast SEO plugin. -->","yoast_head_json":{"title":"Prefeito de Ouro Velho assina Conv\u00eanio para complementa\u00e7\u00e3o da constru\u00e7\u00e3o do novo matadouro municipal - Not&iacute;cias em Destaque","robots":{"index":"index","follow":"follow","max-snippet":"max-snippet:-1","max-image-preview":"max-image-preview:large","max-video-preview":"max-video-preview:-1"},"canonical":"https:\/\/noticiasemdestaque.com\/cd\/?p=35831","og_locale":"pt_BR","og_type":"article","og_title":"Prefeito de Ouro Velho assina Conv\u00eanio para complementa\u00e7\u00e3o da constru\u00e7\u00e3o do novo matadouro municipal - Not&iacute;cias em Destaque","og_description":"O prefeito de Ouro Velho Dr. Augusto Valadares esteve nesta segunda feira (13) na sede da Sedam\/PB, Secretaria do Desenvolvimento e Articula\u00e7\u00e3o Municipal do Estado. Na oportunidade, o prefeito assinou um conv\u00eanio fruto de emendas impositivas para complementa\u00e7\u00e3o da constru\u00e7\u00e3o do novo matadouro\u00a0\u00a0municipal. As emendas foram destinadas pelos deputados Tovar Correia Lima e Wilson Filho no valor de R$ 200 mil reais. O prefeito Dr. Augusto Valadares agradeceu aos parlamentares pela articula\u00e7\u00e3o dos recursos junto ao governador, ao Secret\u00e1rio executivo Galego do Leite e a Secret\u00e1ria Estadual Ana Cl\u00e1udia. BLOG DO POETA TEIXEIRINHA","og_url":"https:\/\/noticiasemdestaque.com\/cd\/?p=35831","og_site_name":"Not&iacute;cias em Destaque","article_published_time":"2021-12-13T21:38:21+00:00","og_image":[{"width":400,"height":300,"url":"https:\/\/noticiasemdestaque.com\/cd\/wp-content\/uploads\/2021\/12\/1.jpg","type":"image\/jpeg"}],"author":"Not\u00edcias em Destaque","twitter_card":"summary_large_image","twitter_misc":{"Escrito por":"Not\u00edcias em Destaque","Est. tempo de leitura":"1 minuto"},"schema":{"@context":"https:\/\/schema.org","@graph":[{"@type":"Article","@id":"https:\/\/noticiasemdestaque.com\/cd\/?p=35831#article","isPartOf":{"@id":"https:\/\/noticiasemdestaque.com\/cd\/?p=35831"},"author":{"name":"Not\u00edcias em Destaque","@id":"https:\/\/noticiasemdestaque.com\/cd\/#\/schema\/person\/9c05c6816b191977f47499b3494ace52"},"headline":"Prefeito de Ouro Velho assina Conv\u00eanio para complementa\u00e7\u00e3o da constru\u00e7\u00e3o do novo matadouro municipal","datePublished":"2021-12-13T21:38:21+00:00","mainEntityOfPage":{"@id":"https:\/\/noticiasemdestaque.com\/cd\/?p=35831"},"wordCount":118,"publisher":{"@id":"https:\/\/noticiasemdestaque.com\/cd\/#organization"},"image":{"@id":"https:\/\/noticiasemdestaque.com\/cd\/?p=35831#primaryimage"},"thumbnailUrl":"https:\/\/noticiasemdestaque.com\/cd\/wp-content\/uploads\/2021\/12\/1.jpg","articleSection":["Cidades"],"inLanguage":"pt-BR"},{"@type":"WebPage","@id":"https:\/\/noticiasemdestaque.com\/cd\/?p=35831","url":"https:\/\/noticiasemdestaque.com\/cd\/?p=35831","name":"Prefeito de Ouro Velho assina Conv\u00eanio para complementa\u00e7\u00e3o da constru\u00e7\u00e3o do novo matadouro municipal - Not&iacute;cias em Destaque","isPartOf":{"@id":"https:\/\/noticiasemdestaque.com\/cd\/#website"},"primaryImageOfPage":{"@id":"https:\/\/noticiasemdestaque.com\/cd\/?p=35831#primaryimage"},"image":{"@id":"https:\/\/noticiasemdestaque.com\/cd\/?p=35831#primaryimage"},"thumbnailUrl":"https:\/\/noticiasemdestaque.com\/cd\/wp-content\/uploads\/2021\/12\/1.jpg","datePublished":"2021-12-13T21:38:21+00:00","breadcrumb":{"@id":"https:\/\/noticiasemdestaque.com\/cd\/?p=35831#breadcrumb"},"inLanguage":"pt-BR","potentialAction":[{"@type":"ReadAction","target":["https:\/\/noticiasemdestaque.com\/cd\/?p=35831"]}]},{"@type":"ImageObject","inLanguage":"pt-BR","@id":"https:\/\/noticiasemdestaque.com\/cd\/?p=35831#primaryimage","url":"https:\/\/noticiasemdestaque.com\/cd\/wp-content\/uploads\/2021\/12\/1.jpg","contentUrl":"https:\/\/noticiasemdestaque.com\/cd\/wp-content\/uploads\/2021\/12\/1.jpg","width":400,"height":300},{"@type":"BreadcrumbList","@id":"https:\/\/noticiasemdestaque.com\/cd\/?p=35831#breadcrumb","itemListElement":[{"@type":"ListItem","position":1,"name":"In\u00edcio","item":"https:\/\/noticiasemdestaque.com\/cd\/"},{"@type":"ListItem","position":2,"name":"Prefeito de Ouro Velho assina Conv\u00eanio para complementa\u00e7\u00e3o da constru\u00e7\u00e3o do novo matadouro municipal"}]},{"@type":"WebSite","@id":"https:\/\/noticiasemdestaque.com\/cd\/#website","url":"https:\/\/noticiasemdestaque.com\/cd\/","name":"Not&iacute;cias em Destaque","description":"","publisher":{"@id":"https:\/\/noticiasemdestaque.com\/cd\/#organization"},"potentialAction":[{"@type":"SearchAction","target":{"@type":"EntryPoint","urlTemplate":"https:\/\/noticiasemdestaque.com\/cd\/?s={search_term_string}"},"query-input":{"@type":"PropertyValueSpecification","valueRequired":true,"valueName":"search_term_string"}}],"inLanguage":"pt-BR"},{"@type":"Organization","@id":"https:\/\/noticiasemdestaque.com\/cd\/#organization","name":"Not\u00edcias em Destaque","url":"https:\/\/noticiasemdestaque.com\/cd\/","logo":{"@type":"ImageObject","inLanguage":"pt-BR","@id":"https:\/\/noticiasemdestaque.com\/cd\/#\/schema\/logo\/image\/","url":"https:\/\/noticiasemdestaque.com\/cd\/wp-content\/uploads\/2022\/05\/imagem-base-noticiasemdestaque.png","contentUrl":"https:\/\/noticiasemdestaque.com\/cd\/wp-content\/uploads\/2022\/05\/imagem-base-noticiasemdestaque.png","width":1200,"height":630,"caption":"Not\u00edcias em Destaque"},"image":{"@id":"https:\/\/noticiasemdestaque.com\/cd\/#\/schema\/logo\/image\/"}},{"@type":"Person","@id":"https:\/\/noticiasemdestaque.com\/cd\/#\/schema\/person\/9c05c6816b191977f47499b3494ace52","name":"Not\u00edcias em Destaque","url":"https:\/\/noticiasemdestaque.com\/cd\/?author=2"}]}},"jetpack_featured_media_url":"https:\/\/noticiasemdestaque.com\/cd\/wp-content\/uploads\/2021\/12\/1.jpg","jetpack_sharing_enabled":true,"_links":{"self":[{"href":"https:\/\/noticiasemdestaque.com\/cd\/index.php?rest_route=\/wp\/v2\/posts\/35831","targetHints":{"allow":["GET"]}}],"collection":[{"href":"https:\/\/noticiasemdestaque.com\/cd\/index.php?rest_route=\/wp\/v2\/posts"}],"about":[{"href":"https:\/\/noticiasemdestaque.com\/cd\/index.php?rest_route=\/wp\/v2\/types\/post"}],"author":[{"embeddable":true,"href":"https:\/\/noticiasemdestaque.com\/cd\/index.php?rest_route=\/wp\/v2\/users\/2"}],"replies":[{"embeddable":true,"href":"https:\/\/noticiasemdestaque.com\/cd\/index.php?rest_route=%2Fwp%2Fv2%2Fcomments&post=35831"}],"version-history":[{"count":1,"href":"https:\/\/noticiasemdestaque.com\/cd\/index.php?rest_route=\/wp\/v2\/posts\/35831\/revisions"}],"predecessor-version":[{"id":35833,"href":"https:\/\/noticiasemdestaque.com\/cd\/index.php?rest_route=\/wp\/v2\/posts\/35831\/revisions\/35833"}],"wp:featuredmedia":[{"embeddable":true,"href":"https:\/\/noticiasemdestaque.com\/cd\/index.php?rest_route=\/wp\/v2\/media\/35832"}],"wp:attachment":[{"href":"https:\/\/noticiasemdestaque.com\/cd\/index.php?rest_route=%2Fwp%2Fv2%2Fmedia&parent=35831"}],"wp:term":[{"taxonomy":"category","embeddable":true,"href":"https:\/\/noticiasemdestaque.com\/cd\/index.php?rest_route=%2Fwp%2Fv2%2Fcategories&post=35831"},{"taxonomy":"post_tag","embeddable":true,"href":"https:\/\/noticiasemdestaque.com\/cd\/index.php?rest_route=%2Fwp%2Fv2%2Ftags&post=35831"}],"curies":[{"name":"wp","href":"https:\/\/api.w.org\/{rel}","templated":true}]}}