{"id":35828,"date":"2021-12-13T17:26:39","date_gmt":"2021-12-13T20:26:39","guid":{"rendered":"http:\/\/noticiasemdestaque.com\/cd\/?p=35828"},"modified":"2021-12-13T17:26:39","modified_gmt":"2021-12-13T20:26:39","slug":"prefeito-da-prata-fala-sobre-abastecimento-dagua-na-zona-rural","status":"publish","type":"post","link":"https:\/\/noticiasemdestaque.com\/cd\/?p=35828","title":{"rendered":"Prefeito da Prata fala sobre abastecimento d&#8217;\u00e1gua na zona rural"},"content":{"rendered":"<p><a href=\"https:\/\/noticiasemdestaque.com\/cd\/wp-content\/uploads\/2021\/12\/IMG-20211123-WA0169.jpg\"><img fetchpriority=\"high\" decoding=\"async\" class=\"wp-image-35829 size-large aligncenter\" src=\"https:\/\/noticiasemdestaque.com\/cd\/wp-content\/uploads\/2021\/12\/IMG-20211123-WA0169-1024x768.jpg\" alt=\"\" width=\"1024\" height=\"768\" srcset=\"https:\/\/noticiasemdestaque.com\/cd\/wp-content\/uploads\/2021\/12\/IMG-20211123-WA0169-1024x768.jpg 1024w, https:\/\/noticiasemdestaque.com\/cd\/wp-content\/uploads\/2021\/12\/IMG-20211123-WA0169-300x225.jpg 300w, https:\/\/noticiasemdestaque.com\/cd\/wp-content\/uploads\/2021\/12\/IMG-20211123-WA0169-768x576.jpg 768w, https:\/\/noticiasemdestaque.com\/cd\/wp-content\/uploads\/2021\/12\/IMG-20211123-WA0169-640x480.jpg 640w, https:\/\/noticiasemdestaque.com\/cd\/wp-content\/uploads\/2021\/12\/IMG-20211123-WA0169.jpg 1040w\" sizes=\"(max-width: 1024px) 100vw, 1024px\" \/><\/a><\/p>\n<p><span data-contrast=\"auto\">O abastecimento d&#8217;\u00e1gua atrav\u00e9s de carro pipa est\u00e1 a todo vapor no munic\u00edpio da Prata, segundo o prefeito\u00a0Genivaldo, o caminh\u00e3o pipa da Prefeitura encontra-se parado devido \u00e0 dificuldade de encontrar pe\u00e7as, mas mesmo assim, outras atitudes foram tomadas para n\u00e3o prejudicar a popula\u00e7\u00e3o.\u00a0\u00a0<\/span><span data-ccp-props=\"{&quot;201341983&quot;:0,&quot;335551550&quot;:6,&quot;335551620&quot;:6,&quot;335559739&quot;:160,&quot;335559740&quot;:259}\">\u00a0<\/span><\/p>\n<p><span data-contrast=\"auto\">Dois motivos s\u00e3o fundamentais para explicar a demora da manuten\u00e7\u00e3o do ve\u00edculo, primeiro o caminh\u00e3o \u00e9 importado e existe uma grande dificuldade de encontrar pe\u00e7as. Segundo, com a pandemia aumentou a dificuldade das empresas em cumprir as entregas. \u00a0<\/span><span data-ccp-props=\"{&quot;201341983&quot;:0,&quot;335551550&quot;:6,&quot;335551620&quot;:6,&quot;335559739&quot;:160,&quot;335559740&quot;:259}\">\u00a0<\/span><\/p>\n<p><span data-contrast=\"auto\">De acordo com o prefeito, a gest\u00e3o est\u00e1 em contato e cobrando insistentemente das empresas a entrega para fazermos o conserto.\u00a0Para suprir a necessidade e atender a popula\u00e7\u00e3o da zona rural, a Prefeitura contratou\u00a0um pipa\u00a0que est\u00e1 atendendo toda popula\u00e7\u00e3o.\u00a0\u00a0<\/span><span data-ccp-props=\"{&quot;201341983&quot;:0,&quot;335551550&quot;:6,&quot;335551620&quot;:6,&quot;335559739&quot;:160,&quot;335559740&quot;:259}\">\u00a0<\/span><\/p>\n<p><span data-contrast=\"auto\">O gestor informou que est\u00e1 avan\u00e7ando ainda com a parte burocr\u00e1tica para instala\u00e7\u00e3o de v\u00e1rios po\u00e7os juntamente com as adutoras, para assim, resolver o problema em definitivo.<\/span><span data-ccp-props=\"{&quot;201341983&quot;:0,&quot;335551550&quot;:6,&quot;335551620&quot;:6,&quot;335559739&quot;:160,&quot;335559740&quot;:259}\">\u00a0<\/span><\/p>\n<p><b><span data-contrast=\"none\">Not\u00edcias em Destaque\u00a0<\/span><\/b><span data-ccp-props=\"{&quot;201341983&quot;:1,&quot;335551550&quot;:6,&quot;335551620&quot;:6,&quot;335559739&quot;:160,&quot;335559740&quot;:356}\">\u00a0<\/span><\/p>\n<p><span data-contrast=\"none\">Com Portal Cariri\u00a0\u00a0<\/span><span data-ccp-props=\"{&quot;201341983&quot;:1,&quot;335551550&quot;:6,&quot;335551620&quot;:6,&quot;335559739&quot;:160,&quot;335559740&quot;:356}\">\u00a0<\/span><\/p>\n","protected":false},"excerpt":{"rendered":"<p>O abastecimento d&#8217;\u00e1gua atrav\u00e9s de carro pipa est\u00e1 a todo vapor no munic\u00edpio da Prata, segundo o prefeito\u00a0Genivaldo, o caminh\u00e3o pipa da Prefeitura encontra-se parado devido \u00e0 dificuldade de encontrar pe\u00e7as, mas mesmo assim, outras atitudes foram tomadas para n\u00e3o prejudicar a popula\u00e7\u00e3o.\u00a0\u00a0\u00a0 Dois motivos s\u00e3o fundamentais para explicar a demora da manuten\u00e7\u00e3o do ve\u00edculo, primeiro o caminh\u00e3o \u00e9 importado e existe uma grande dificuldade de encontrar pe\u00e7as. Segundo, com a pandemia aumentou a dificuldade das empresas em cumprir as entregas. \u00a0\u00a0 De acordo com o prefeito, a gest\u00e3o est\u00e1 em contato e cobrando insistentemente das empresas a entrega para fazermos o conserto.\u00a0Para suprir a necessidade e atender a popula\u00e7\u00e3o da zona rural, a Prefeitura contratou\u00a0um pipa\u00a0que est\u00e1 atendendo toda popula\u00e7\u00e3o.\u00a0\u00a0\u00a0 O gestor informou que est\u00e1 avan\u00e7ando ainda com a parte burocr\u00e1tica para instala\u00e7\u00e3o de v\u00e1rios po\u00e7os juntamente com as adutoras, para assim, resolver o problema em definitivo.\u00a0 Not\u00edcias em Destaque\u00a0\u00a0 Com Portal Cariri\u00a0\u00a0\u00a0<\/p>\n","protected":false},"author":2,"featured_media":35829,"comment_status":"closed","ping_status":"open","sticky":false,"template":"","format":"standard","meta":{"_eb_attr":"","_jetpack_memberships_contains_paid_content":false,"footnotes":""},"categories":[3],"tags":[],"class_list":["post-35828","post","type-post","status-publish","format-standard","has-post-thumbnail","hentry","category-cidades"],"yoast_head":"<!-- This site is optimized with the Yoast SEO plugin v26.5 - https:\/\/yoast.com\/wordpress\/plugins\/seo\/ -->\n<title>Prefeito da Prata fala sobre abastecimento d&#039;\u00e1gua na zona rural - Not&iacute;cias em Destaque<\/title>\n<meta name=\"robots\" content=\"index, follow, max-snippet:-1, max-image-preview:large, max-video-preview:-1\" \/>\n<link rel=\"canonical\" href=\"https:\/\/noticiasemdestaque.com\/cd\/?p=35828\" \/>\n<meta property=\"og:locale\" content=\"pt_BR\" \/>\n<meta property=\"og:type\" content=\"article\" \/>\n<meta property=\"og:title\" content=\"Prefeito da Prata fala sobre abastecimento d&#039;\u00e1gua na zona rural - Not&iacute;cias em Destaque\" \/>\n<meta property=\"og:description\" content=\"O abastecimento d&#8217;\u00e1gua atrav\u00e9s de carro pipa est\u00e1 a todo vapor no munic\u00edpio da Prata, segundo o prefeito\u00a0Genivaldo, o caminh\u00e3o pipa da Prefeitura encontra-se parado devido \u00e0 dificuldade de encontrar pe\u00e7as, mas mesmo assim, outras atitudes foram tomadas para n\u00e3o prejudicar a popula\u00e7\u00e3o.\u00a0\u00a0\u00a0 Dois motivos s\u00e3o fundamentais para explicar a demora da manuten\u00e7\u00e3o do ve\u00edculo, primeiro o caminh\u00e3o \u00e9 importado e existe uma grande dificuldade de encontrar pe\u00e7as. Segundo, com a pandemia aumentou a dificuldade das empresas em cumprir as entregas. \u00a0\u00a0 De acordo com o prefeito, a gest\u00e3o est\u00e1 em contato e cobrando insistentemente das empresas a entrega para fazermos o conserto.\u00a0Para suprir a necessidade e atender a popula\u00e7\u00e3o da zona rural, a Prefeitura contratou\u00a0um pipa\u00a0que est\u00e1 atendendo toda popula\u00e7\u00e3o.\u00a0\u00a0\u00a0 O gestor informou que est\u00e1 avan\u00e7ando ainda com a parte burocr\u00e1tica para instala\u00e7\u00e3o de v\u00e1rios po\u00e7os juntamente com as adutoras, para assim, resolver o problema em definitivo.\u00a0 Not\u00edcias em Destaque\u00a0\u00a0 Com Portal Cariri\u00a0\u00a0\u00a0\" \/>\n<meta property=\"og:url\" content=\"https:\/\/noticiasemdestaque.com\/cd\/?p=35828\" \/>\n<meta property=\"og:site_name\" content=\"Not&iacute;cias em Destaque\" \/>\n<meta property=\"article:published_time\" content=\"2021-12-13T20:26:39+00:00\" \/>\n<meta property=\"og:image\" content=\"https:\/\/noticiasemdestaque.com\/cd\/wp-content\/uploads\/2021\/12\/IMG-20211123-WA0169.jpg\" \/>\n\t<meta property=\"og:image:width\" content=\"1040\" \/>\n\t<meta property=\"og:image:height\" content=\"780\" \/>\n\t<meta property=\"og:image:type\" content=\"image\/jpeg\" \/>\n<meta name=\"author\" content=\"Not\u00edcias em Destaque\" \/>\n<meta name=\"twitter:card\" content=\"summary_large_image\" \/>\n<meta name=\"twitter:label1\" content=\"Escrito por\" \/>\n\t<meta name=\"twitter:data1\" content=\"Not\u00edcias em Destaque\" \/>\n\t<meta name=\"twitter:label2\" content=\"Est. tempo de leitura\" \/>\n\t<meta name=\"twitter:data2\" content=\"1 minuto\" \/>\n<script type=\"application\/ld+json\" class=\"yoast-schema-graph\">{\"@context\":\"https:\/\/schema.org\",\"@graph\":[{\"@type\":\"Article\",\"@id\":\"https:\/\/noticiasemdestaque.com\/cd\/?p=35828#article\",\"isPartOf\":{\"@id\":\"https:\/\/noticiasemdestaque.com\/cd\/?p=35828\"},\"author\":{\"name\":\"Not\u00edcias em Destaque\",\"@id\":\"https:\/\/noticiasemdestaque.com\/cd\/#\/schema\/person\/9c05c6816b191977f47499b3494ace52\"},\"headline\":\"Prefeito da Prata fala sobre abastecimento d&#8217;\u00e1gua na zona rural\",\"datePublished\":\"2021-12-13T20:26:39+00:00\",\"mainEntityOfPage\":{\"@id\":\"https:\/\/noticiasemdestaque.com\/cd\/?p=35828\"},\"wordCount\":187,\"publisher\":{\"@id\":\"https:\/\/noticiasemdestaque.com\/cd\/#organization\"},\"image\":{\"@id\":\"https:\/\/noticiasemdestaque.com\/cd\/?p=35828#primaryimage\"},\"thumbnailUrl\":\"https:\/\/noticiasemdestaque.com\/cd\/wp-content\/uploads\/2021\/12\/IMG-20211123-WA0169.jpg\",\"articleSection\":[\"Cidades\"],\"inLanguage\":\"pt-BR\"},{\"@type\":\"WebPage\",\"@id\":\"https:\/\/noticiasemdestaque.com\/cd\/?p=35828\",\"url\":\"https:\/\/noticiasemdestaque.com\/cd\/?p=35828\",\"name\":\"Prefeito da Prata fala sobre abastecimento d'\u00e1gua na zona rural - Not&iacute;cias em Destaque\",\"isPartOf\":{\"@id\":\"https:\/\/noticiasemdestaque.com\/cd\/#website\"},\"primaryImageOfPage\":{\"@id\":\"https:\/\/noticiasemdestaque.com\/cd\/?p=35828#primaryimage\"},\"image\":{\"@id\":\"https:\/\/noticiasemdestaque.com\/cd\/?p=35828#primaryimage\"},\"thumbnailUrl\":\"https:\/\/noticiasemdestaque.com\/cd\/wp-content\/uploads\/2021\/12\/IMG-20211123-WA0169.jpg\",\"datePublished\":\"2021-12-13T20:26:39+00:00\",\"breadcrumb\":{\"@id\":\"https:\/\/noticiasemdestaque.com\/cd\/?p=35828#breadcrumb\"},\"inLanguage\":\"pt-BR\",\"potentialAction\":[{\"@type\":\"ReadAction\",\"target\":[\"https:\/\/noticiasemdestaque.com\/cd\/?p=35828\"]}]},{\"@type\":\"ImageObject\",\"inLanguage\":\"pt-BR\",\"@id\":\"https:\/\/noticiasemdestaque.com\/cd\/?p=35828#primaryimage\",\"url\":\"https:\/\/noticiasemdestaque.com\/cd\/wp-content\/uploads\/2021\/12\/IMG-20211123-WA0169.jpg\",\"contentUrl\":\"https:\/\/noticiasemdestaque.com\/cd\/wp-content\/uploads\/2021\/12\/IMG-20211123-WA0169.jpg\",\"width\":1040,\"height\":780},{\"@type\":\"BreadcrumbList\",\"@id\":\"https:\/\/noticiasemdestaque.com\/cd\/?p=35828#breadcrumb\",\"itemListElement\":[{\"@type\":\"ListItem\",\"position\":1,\"name\":\"In\u00edcio\",\"item\":\"https:\/\/noticiasemdestaque.com\/cd\/\"},{\"@type\":\"ListItem\",\"position\":2,\"name\":\"Prefeito da Prata fala sobre abastecimento d&#8217;\u00e1gua na zona rural\"}]},{\"@type\":\"WebSite\",\"@id\":\"https:\/\/noticiasemdestaque.com\/cd\/#website\",\"url\":\"https:\/\/noticiasemdestaque.com\/cd\/\",\"name\":\"Not&iacute;cias em Destaque\",\"description\":\"\",\"publisher\":{\"@id\":\"https:\/\/noticiasemdestaque.com\/cd\/#organization\"},\"potentialAction\":[{\"@type\":\"SearchAction\",\"target\":{\"@type\":\"EntryPoint\",\"urlTemplate\":\"https:\/\/noticiasemdestaque.com\/cd\/?s={search_term_string}\"},\"query-input\":{\"@type\":\"PropertyValueSpecification\",\"valueRequired\":true,\"valueName\":\"search_term_string\"}}],\"inLanguage\":\"pt-BR\"},{\"@type\":\"Organization\",\"@id\":\"https:\/\/noticiasemdestaque.com\/cd\/#organization\",\"name\":\"Not\u00edcias em Destaque\",\"url\":\"https:\/\/noticiasemdestaque.com\/cd\/\",\"logo\":{\"@type\":\"ImageObject\",\"inLanguage\":\"pt-BR\",\"@id\":\"https:\/\/noticiasemdestaque.com\/cd\/#\/schema\/logo\/image\/\",\"url\":\"https:\/\/noticiasemdestaque.com\/cd\/wp-content\/uploads\/2022\/05\/imagem-base-noticiasemdestaque.png\",\"contentUrl\":\"https:\/\/noticiasemdestaque.com\/cd\/wp-content\/uploads\/2022\/05\/imagem-base-noticiasemdestaque.png\",\"width\":1200,\"height\":630,\"caption\":\"Not\u00edcias em Destaque\"},\"image\":{\"@id\":\"https:\/\/noticiasemdestaque.com\/cd\/#\/schema\/logo\/image\/\"}},{\"@type\":\"Person\",\"@id\":\"https:\/\/noticiasemdestaque.com\/cd\/#\/schema\/person\/9c05c6816b191977f47499b3494ace52\",\"name\":\"Not\u00edcias em Destaque\",\"url\":\"https:\/\/noticiasemdestaque.com\/cd\/?author=2\"}]}<\/script>\n<!-- \/ Yoast SEO plugin. -->","yoast_head_json":{"title":"Prefeito da Prata fala sobre abastecimento d'\u00e1gua na zona rural - Not&iacute;cias em Destaque","robots":{"index":"index","follow":"follow","max-snippet":"max-snippet:-1","max-image-preview":"max-image-preview:large","max-video-preview":"max-video-preview:-1"},"canonical":"https:\/\/noticiasemdestaque.com\/cd\/?p=35828","og_locale":"pt_BR","og_type":"article","og_title":"Prefeito da Prata fala sobre abastecimento d'\u00e1gua na zona rural - Not&iacute;cias em Destaque","og_description":"O abastecimento d&#8217;\u00e1gua atrav\u00e9s de carro pipa est\u00e1 a todo vapor no munic\u00edpio da Prata, segundo o prefeito\u00a0Genivaldo, o caminh\u00e3o pipa da Prefeitura encontra-se parado devido \u00e0 dificuldade de encontrar pe\u00e7as, mas mesmo assim, outras atitudes foram tomadas para n\u00e3o prejudicar a popula\u00e7\u00e3o.\u00a0\u00a0\u00a0 Dois motivos s\u00e3o fundamentais para explicar a demora da manuten\u00e7\u00e3o do ve\u00edculo, primeiro o caminh\u00e3o \u00e9 importado e existe uma grande dificuldade de encontrar pe\u00e7as. Segundo, com a pandemia aumentou a dificuldade das empresas em cumprir as entregas. \u00a0\u00a0 De acordo com o prefeito, a gest\u00e3o est\u00e1 em contato e cobrando insistentemente das empresas a entrega para fazermos o conserto.\u00a0Para suprir a necessidade e atender a popula\u00e7\u00e3o da zona rural, a Prefeitura contratou\u00a0um pipa\u00a0que est\u00e1 atendendo toda popula\u00e7\u00e3o.\u00a0\u00a0\u00a0 O gestor informou que est\u00e1 avan\u00e7ando ainda com a parte burocr\u00e1tica para instala\u00e7\u00e3o de v\u00e1rios po\u00e7os juntamente com as adutoras, para assim, resolver o problema em definitivo.\u00a0 Not\u00edcias em Destaque\u00a0\u00a0 Com Portal Cariri\u00a0\u00a0\u00a0","og_url":"https:\/\/noticiasemdestaque.com\/cd\/?p=35828","og_site_name":"Not&iacute;cias em Destaque","article_published_time":"2021-12-13T20:26:39+00:00","og_image":[{"width":1040,"height":780,"url":"https:\/\/noticiasemdestaque.com\/cd\/wp-content\/uploads\/2021\/12\/IMG-20211123-WA0169.jpg","type":"image\/jpeg"}],"author":"Not\u00edcias em Destaque","twitter_card":"summary_large_image","twitter_misc":{"Escrito por":"Not\u00edcias em Destaque","Est. tempo de leitura":"1 minuto"},"schema":{"@context":"https:\/\/schema.org","@graph":[{"@type":"Article","@id":"https:\/\/noticiasemdestaque.com\/cd\/?p=35828#article","isPartOf":{"@id":"https:\/\/noticiasemdestaque.com\/cd\/?p=35828"},"author":{"name":"Not\u00edcias em Destaque","@id":"https:\/\/noticiasemdestaque.com\/cd\/#\/schema\/person\/9c05c6816b191977f47499b3494ace52"},"headline":"Prefeito da Prata fala sobre abastecimento d&#8217;\u00e1gua na zona rural","datePublished":"2021-12-13T20:26:39+00:00","mainEntityOfPage":{"@id":"https:\/\/noticiasemdestaque.com\/cd\/?p=35828"},"wordCount":187,"publisher":{"@id":"https:\/\/noticiasemdestaque.com\/cd\/#organization"},"image":{"@id":"https:\/\/noticiasemdestaque.com\/cd\/?p=35828#primaryimage"},"thumbnailUrl":"https:\/\/noticiasemdestaque.com\/cd\/wp-content\/uploads\/2021\/12\/IMG-20211123-WA0169.jpg","articleSection":["Cidades"],"inLanguage":"pt-BR"},{"@type":"WebPage","@id":"https:\/\/noticiasemdestaque.com\/cd\/?p=35828","url":"https:\/\/noticiasemdestaque.com\/cd\/?p=35828","name":"Prefeito da Prata fala sobre abastecimento d'\u00e1gua na zona rural - Not&iacute;cias em Destaque","isPartOf":{"@id":"https:\/\/noticiasemdestaque.com\/cd\/#website"},"primaryImageOfPage":{"@id":"https:\/\/noticiasemdestaque.com\/cd\/?p=35828#primaryimage"},"image":{"@id":"https:\/\/noticiasemdestaque.com\/cd\/?p=35828#primaryimage"},"thumbnailUrl":"https:\/\/noticiasemdestaque.com\/cd\/wp-content\/uploads\/2021\/12\/IMG-20211123-WA0169.jpg","datePublished":"2021-12-13T20:26:39+00:00","breadcrumb":{"@id":"https:\/\/noticiasemdestaque.com\/cd\/?p=35828#breadcrumb"},"inLanguage":"pt-BR","potentialAction":[{"@type":"ReadAction","target":["https:\/\/noticiasemdestaque.com\/cd\/?p=35828"]}]},{"@type":"ImageObject","inLanguage":"pt-BR","@id":"https:\/\/noticiasemdestaque.com\/cd\/?p=35828#primaryimage","url":"https:\/\/noticiasemdestaque.com\/cd\/wp-content\/uploads\/2021\/12\/IMG-20211123-WA0169.jpg","contentUrl":"https:\/\/noticiasemdestaque.com\/cd\/wp-content\/uploads\/2021\/12\/IMG-20211123-WA0169.jpg","width":1040,"height":780},{"@type":"BreadcrumbList","@id":"https:\/\/noticiasemdestaque.com\/cd\/?p=35828#breadcrumb","itemListElement":[{"@type":"ListItem","position":1,"name":"In\u00edcio","item":"https:\/\/noticiasemdestaque.com\/cd\/"},{"@type":"ListItem","position":2,"name":"Prefeito da Prata fala sobre abastecimento d&#8217;\u00e1gua na zona rural"}]},{"@type":"WebSite","@id":"https:\/\/noticiasemdestaque.com\/cd\/#website","url":"https:\/\/noticiasemdestaque.com\/cd\/","name":"Not&iacute;cias em Destaque","description":"","publisher":{"@id":"https:\/\/noticiasemdestaque.com\/cd\/#organization"},"potentialAction":[{"@type":"SearchAction","target":{"@type":"EntryPoint","urlTemplate":"https:\/\/noticiasemdestaque.com\/cd\/?s={search_term_string}"},"query-input":{"@type":"PropertyValueSpecification","valueRequired":true,"valueName":"search_term_string"}}],"inLanguage":"pt-BR"},{"@type":"Organization","@id":"https:\/\/noticiasemdestaque.com\/cd\/#organization","name":"Not\u00edcias em Destaque","url":"https:\/\/noticiasemdestaque.com\/cd\/","logo":{"@type":"ImageObject","inLanguage":"pt-BR","@id":"https:\/\/noticiasemdestaque.com\/cd\/#\/schema\/logo\/image\/","url":"https:\/\/noticiasemdestaque.com\/cd\/wp-content\/uploads\/2022\/05\/imagem-base-noticiasemdestaque.png","contentUrl":"https:\/\/noticiasemdestaque.com\/cd\/wp-content\/uploads\/2022\/05\/imagem-base-noticiasemdestaque.png","width":1200,"height":630,"caption":"Not\u00edcias em Destaque"},"image":{"@id":"https:\/\/noticiasemdestaque.com\/cd\/#\/schema\/logo\/image\/"}},{"@type":"Person","@id":"https:\/\/noticiasemdestaque.com\/cd\/#\/schema\/person\/9c05c6816b191977f47499b3494ace52","name":"Not\u00edcias em Destaque","url":"https:\/\/noticiasemdestaque.com\/cd\/?author=2"}]}},"jetpack_featured_media_url":"https:\/\/noticiasemdestaque.com\/cd\/wp-content\/uploads\/2021\/12\/IMG-20211123-WA0169.jpg","jetpack_sharing_enabled":true,"_links":{"self":[{"href":"https:\/\/noticiasemdestaque.com\/cd\/index.php?rest_route=\/wp\/v2\/posts\/35828","targetHints":{"allow":["GET"]}}],"collection":[{"href":"https:\/\/noticiasemdestaque.com\/cd\/index.php?rest_route=\/wp\/v2\/posts"}],"about":[{"href":"https:\/\/noticiasemdestaque.com\/cd\/index.php?rest_route=\/wp\/v2\/types\/post"}],"author":[{"embeddable":true,"href":"https:\/\/noticiasemdestaque.com\/cd\/index.php?rest_route=\/wp\/v2\/users\/2"}],"replies":[{"embeddable":true,"href":"https:\/\/noticiasemdestaque.com\/cd\/index.php?rest_route=%2Fwp%2Fv2%2Fcomments&post=35828"}],"version-history":[{"count":1,"href":"https:\/\/noticiasemdestaque.com\/cd\/index.php?rest_route=\/wp\/v2\/posts\/35828\/revisions"}],"predecessor-version":[{"id":35830,"href":"https:\/\/noticiasemdestaque.com\/cd\/index.php?rest_route=\/wp\/v2\/posts\/35828\/revisions\/35830"}],"wp:featuredmedia":[{"embeddable":true,"href":"https:\/\/noticiasemdestaque.com\/cd\/index.php?rest_route=\/wp\/v2\/media\/35829"}],"wp:attachment":[{"href":"https:\/\/noticiasemdestaque.com\/cd\/index.php?rest_route=%2Fwp%2Fv2%2Fmedia&parent=35828"}],"wp:term":[{"taxonomy":"category","embeddable":true,"href":"https:\/\/noticiasemdestaque.com\/cd\/index.php?rest_route=%2Fwp%2Fv2%2Fcategories&post=35828"},{"taxonomy":"post_tag","embeddable":true,"href":"https:\/\/noticiasemdestaque.com\/cd\/index.php?rest_route=%2Fwp%2Fv2%2Ftags&post=35828"}],"curies":[{"name":"wp","href":"https:\/\/api.w.org\/{rel}","templated":true}]}}