{"id":3569,"date":"2017-08-24T07:36:05","date_gmt":"2017-08-24T10:36:05","guid":{"rendered":"http:\/\/caririemdestaque.com\/cd\/?p=3569"},"modified":"2017-08-24T07:36:05","modified_gmt":"2017-08-24T10:36:05","slug":"governo-do-estado-promove-debate-sobre-politicas-publicas-para-a-juventude-na-midia","status":"publish","type":"post","link":"https:\/\/noticiasemdestaque.com\/cd\/?p=3569","title":{"rendered":"Governo do Estado promove debate sobre pol\u00edticas p\u00fablicas para a juventude na m\u00eddia"},"content":{"rendered":"<p><a href=\"http:\/\/caririemdestaque.com\/cd\/wp-content\/uploads\/2017\/08\/AVAN\u00c7O-PARA-OS-DIREITOS-E-POL\u00cdTICAS-P\u00daBLICAS-DA-JUVENTUDE-NO-ESTADO.jpg\"><img fetchpriority=\"high\" decoding=\"async\" class=\"alignleft wp-image-3570 size-medium\" src=\"http:\/\/caririemdestaque.com\/cd\/wp-content\/uploads\/2017\/08\/AVAN\u00c7O-PARA-OS-DIREITOS-E-POL\u00cdTICAS-P\u00daBLICAS-DA-JUVENTUDE-NO-ESTADO-300x167.jpg\" alt=\"\" width=\"300\" height=\"167\" srcset=\"https:\/\/noticiasemdestaque.com\/cd\/wp-content\/uploads\/2017\/08\/AVAN\u00c7O-PARA-OS-DIREITOS-E-POL\u00cdTICAS-P\u00daBLICAS-DA-JUVENTUDE-NO-ESTADO-300x167.jpg 300w, https:\/\/noticiasemdestaque.com\/cd\/wp-content\/uploads\/2017\/08\/AVAN\u00c7O-PARA-OS-DIREITOS-E-POL\u00cdTICAS-P\u00daBLICAS-DA-JUVENTUDE-NO-ESTADO.jpg 570w\" sizes=\"(max-width: 300px) 100vw, 300px\" \/><\/a><\/p>\n<p>O Governo do Estado, por meio da Secretaria da Juventude, Esporte e Lazer (Sejel), em parceria com a Secretaria de Comunica\u00e7\u00e3o Institucional (Secom), realizou, nessa ter\u00e7a-feira (22), uma palestra dentro da programa\u00e7\u00e3o do M\u00eas da Juventude 2017 para debater o papel do jornalismo paraibano na constru\u00e7\u00e3o de pol\u00edticas p\u00fablicas para os jovens. Com o tema \u201cJuventude, Vulnerabilidade Social e Cobertura Midi\u00e1tica\u201d, o evento ocorreu no Cine Aruanda, no Campus I da Universidade Federal da Para\u00edba (UFPB).<\/p>\n<p>De acordo com a secret\u00e1ria executiva da Sejel, Priscilla Gomes, o debate reafirma o compromisso do Governo do Estado com a juventude paraibana. \u201cAl\u00e9m de todas as pol\u00edticas p\u00fablicas implementadas pelo Governo do Estado em prol da juventude, como a constru\u00e7\u00e3o de escolas t\u00e9cnicas, programas de inclus\u00e3o social, como o Prima, \u00e9 necess\u00e1rio tamb\u00e9m que essas constru\u00e7\u00f5es ocorram no \u00e2mbito das ideias, da conscientiza\u00e7\u00e3o\u201d, destacou, lembrando o tema desta edi\u00e7\u00e3o do M\u00eas da Juventude, focado na pluralidade: \u201cSem r\u00f3tulos &#8211; quem me define sou eu\u201d.<\/p>\n<p>Durante a mesa redonda, que contou com a participa\u00e7\u00e3o de profissionais dos principais meios de comunica\u00e7\u00e3o do Estado, foram discutidos temas como a influ\u00eancia que a m\u00eddia exerce na constru\u00e7\u00e3o de pol\u00edticas p\u00fablicas para a juventude, o papel do jornalista como mediador da informa\u00e7\u00e3o, as a\u00e7\u00f5es do Governo do Estado e a import\u00e2ncia de espa\u00e7os democr\u00e1ticos no jornalismo para possibilitar a constru\u00e7\u00e3o de novas narrativas para as minorias sociais na efetiva\u00e7\u00e3o de pol\u00edticas p\u00fablicas para a juventude Na ocasi\u00e3o, o diretor executivo de Desenvolvimento Estudantil da Secretaria de Educa\u00e7\u00e3o do Estado, Tulhio Serrano, apresentou as a\u00e7\u00f5es do Governo do Estado no \u00e2mbito da Educa\u00e7\u00e3o, a exemplo do projeto Liga pela Paz, desenvolvido para refletir a educa\u00e7\u00e3o emocional e social dos jovens em situa\u00e7\u00e3o de risco social. \u201cA gente tem trazido a metodologia cultura pela paz para desenvolver no jovem o respeito ao pr\u00f3ximo, n\u00e3o pensamos apenas na educa\u00e7\u00e3o do portugu\u00eas e matem\u00e1tica, mas na forma\u00e7\u00e3o integral desse aluno. Outro projeto desenvolvido pela Secretaria de Educa\u00e7\u00e3o \u00e9 o Se Sabe De repente que estimula o protagonismo juvenil dentro da escola, \u201d explicou.<\/p>\n<p>Por sua vez, Jana\u00edna Santos, gerente operacional de Equidade Racial da Secretaria da Mulher e Diversidade Humana, afirmou que um dos objetivos da pasta \u00e9 compreender de que forma os meios de comunica\u00e7\u00e3o auxiliam na constru\u00e7\u00e3o dessas pol\u00edticas. \u201cN\u00f3s precisamos entender qual o papel da m\u00eddia, do Estado, das pol\u00edticas p\u00fablicas, entender a quest\u00e3o da intersetorialidade para trabalharmos a vulnerabilidade social e o racismo, para que a equidade racial aconte\u00e7a\u201d, disse.<\/p>\n<p>O que dizem os profissionais \u2013 Para Felipe Gesteira, editor-geral do jornal A Uni\u00e3o, h\u00e1 fragilidade na concess\u00e3o p\u00fablica dos ve\u00edculos de comunica\u00e7\u00e3o, o que permite que a viol\u00eancia seja banalizada e minorias sociais desqualificadas. \u201cSe h\u00e1 espa\u00e7o na grande m\u00eddia para veicular tanto interesse de empres\u00e1rios e pol\u00edticos quanto a difus\u00e3o de conte\u00fado que banaliza a viol\u00eancia e desqualifica as minorias sociais em nome da audi\u00eancia, a exemplo de programas policiais, \u00e9 porque existe uma concess\u00e3o p\u00fablica que permite tal pr\u00e1tica\u201d, completou, destacando o papel do jornal em pautar temas transversais, abordando quest\u00f5es como machismo, homofobia e visibilidade trans, temas esquecidos pela grande m\u00eddia.<\/p>\n<p>A subeditora do site de not\u00edcias G1 Para\u00edba, Aline Oliveira, ressaltou a import\u00e2ncia de um jornalismo que priorize a constru\u00e7\u00e3o de pol\u00edticas p\u00fablicas para a juventude. \u201cNossa equipe trata com muita sensibilidade temas transversais, e principalmente, temos o cuidado com a viola\u00e7\u00e3o de direitos de qualquer jovem que esteja em situa\u00e7\u00e3o de vulnerabilidade social, seja uma v\u00edtima ou agente da viol\u00eancia. N\u00e3o \u00e9 nosso papel julgar ou denegrir a imagem, nosso compromisso \u00e9 com a informa\u00e7\u00e3o\u201d, pontuou.<\/p>\n<p>Para o subeditor do caderno de cidades do jornal Correio da Para\u00edba, J\u00falio Silva, a tem\u00e1tica da juventude perpassa diversas inst\u00e2ncias sociais \u201cAs institui\u00e7\u00f5es precisam funcionar bem, para que a juventude tenha acesso a direitos fundamentais, como educa\u00e7\u00e3o e sa\u00fade. N\u00f3s, comunicadores, temos a responsabilidade de construir isso por meio da informa\u00e7\u00e3o, fazendo um jornalismo diferenciado\u201d, finalizou.<\/p>\n<p>O debate teve a media\u00e7\u00e3o de J\u00fanior Pinheiro, representante da Universidade Federal da Para\u00edba.<\/p>\n<p>Com Secom-PB<\/p>\n","protected":false},"excerpt":{"rendered":"<p>O Governo do Estado, por meio da Secretaria da Juventude, Esporte e Lazer (Sejel), em parceria com a Secretaria de Comunica\u00e7\u00e3o Institucional (Secom), realizou, nessa ter\u00e7a-feira (22), uma palestra dentro da programa\u00e7\u00e3o do M\u00eas da Juventude 2017 para debater o papel do jornalismo paraibano na constru\u00e7\u00e3o de pol\u00edticas p\u00fablicas para os jovens. Com o tema \u201cJuventude, Vulnerabilidade Social e Cobertura Midi\u00e1tica\u201d, o evento ocorreu no Cine Aruanda, no Campus I da Universidade Federal da Para\u00edba (UFPB). De acordo com a secret\u00e1ria executiva da Sejel, Priscilla Gomes, o debate reafirma o compromisso do Governo do Estado com a juventude paraibana. \u201cAl\u00e9m de todas as pol\u00edticas p\u00fablicas implementadas pelo Governo do Estado em prol da juventude, como a constru\u00e7\u00e3o de escolas t\u00e9cnicas, programas de inclus\u00e3o social, como o Prima, \u00e9 necess\u00e1rio tamb\u00e9m que essas constru\u00e7\u00f5es ocorram no \u00e2mbito das ideias, da conscientiza\u00e7\u00e3o\u201d, destacou, lembrando o tema desta edi\u00e7\u00e3o do M\u00eas da Juventude, focado na pluralidade: \u201cSem r\u00f3tulos &#8211; quem me define sou eu\u201d. Durante a mesa redonda, que contou com a participa\u00e7\u00e3o de profissionais dos principais meios de comunica\u00e7\u00e3o do Estado, foram discutidos temas como a influ\u00eancia que a m\u00eddia exerce na constru\u00e7\u00e3o de pol\u00edticas p\u00fablicas para a juventude, o papel do jornalista como mediador da informa\u00e7\u00e3o, as a\u00e7\u00f5es do Governo do Estado e a import\u00e2ncia de espa\u00e7os democr\u00e1ticos no jornalismo para possibilitar a constru\u00e7\u00e3o de novas narrativas para as minorias sociais na efetiva\u00e7\u00e3o de pol\u00edticas p\u00fablicas para a juventude Na ocasi\u00e3o, o diretor executivo de Desenvolvimento Estudantil da Secretaria de Educa\u00e7\u00e3o do Estado, Tulhio Serrano, apresentou as a\u00e7\u00f5es do Governo do Estado no \u00e2mbito da Educa\u00e7\u00e3o, a exemplo do projeto Liga pela Paz, desenvolvido para refletir a educa\u00e7\u00e3o emocional e social dos jovens em situa\u00e7\u00e3o de risco social. \u201cA gente tem trazido a metodologia cultura pela paz para desenvolver no jovem o respeito ao pr\u00f3ximo, n\u00e3o pensamos apenas na educa\u00e7\u00e3o do portugu\u00eas e matem\u00e1tica, mas na forma\u00e7\u00e3o integral desse aluno. Outro projeto desenvolvido pela Secretaria de Educa\u00e7\u00e3o \u00e9 o Se Sabe De repente que estimula o protagonismo juvenil dentro da escola, \u201d explicou. Por sua vez, Jana\u00edna Santos, gerente operacional de Equidade Racial da Secretaria da Mulher e Diversidade Humana, afirmou que um dos objetivos da pasta \u00e9 compreender de que forma os meios de comunica\u00e7\u00e3o auxiliam na constru\u00e7\u00e3o dessas pol\u00edticas. \u201cN\u00f3s precisamos entender qual o papel da m\u00eddia, do Estado, das pol\u00edticas p\u00fablicas, entender a quest\u00e3o da intersetorialidade para trabalharmos a vulnerabilidade social e o racismo, para que a equidade racial aconte\u00e7a\u201d, disse. O que dizem os profissionais \u2013 Para Felipe Gesteira, editor-geral do jornal A Uni\u00e3o, h\u00e1 fragilidade na concess\u00e3o p\u00fablica dos ve\u00edculos de comunica\u00e7\u00e3o, o que permite que a viol\u00eancia seja banalizada e minorias sociais desqualificadas. \u201cSe h\u00e1 espa\u00e7o na grande m\u00eddia para veicular tanto interesse de empres\u00e1rios e pol\u00edticos quanto a difus\u00e3o de conte\u00fado que banaliza a viol\u00eancia e desqualifica as minorias sociais em nome da audi\u00eancia, a exemplo de programas policiais, \u00e9 porque existe uma concess\u00e3o p\u00fablica que permite tal pr\u00e1tica\u201d, completou, destacando o papel do jornal em pautar temas transversais, abordando quest\u00f5es como machismo, homofobia e visibilidade trans, temas esquecidos pela grande m\u00eddia. A subeditora do site de not\u00edcias G1 Para\u00edba, Aline Oliveira, ressaltou a import\u00e2ncia de um jornalismo que priorize a constru\u00e7\u00e3o de pol\u00edticas p\u00fablicas para a juventude. \u201cNossa equipe trata com muita sensibilidade temas transversais, e principalmente, temos o cuidado com a viola\u00e7\u00e3o de direitos de qualquer jovem que esteja em situa\u00e7\u00e3o de vulnerabilidade social, seja uma v\u00edtima ou agente da viol\u00eancia. N\u00e3o \u00e9 nosso papel julgar ou denegrir a imagem, nosso compromisso \u00e9 com a informa\u00e7\u00e3o\u201d, pontuou. Para o subeditor do caderno de cidades do jornal Correio da Para\u00edba, J\u00falio Silva, a tem\u00e1tica da juventude perpassa diversas inst\u00e2ncias sociais \u201cAs institui\u00e7\u00f5es precisam funcionar bem, para que a juventude tenha acesso a direitos fundamentais, como educa\u00e7\u00e3o e sa\u00fade. N\u00f3s, comunicadores, temos a responsabilidade de construir isso por meio da informa\u00e7\u00e3o, fazendo um jornalismo diferenciado\u201d, finalizou. O debate teve a media\u00e7\u00e3o de J\u00fanior Pinheiro, representante da Universidade Federal da Para\u00edba. Com Secom-PB<\/p>\n","protected":false},"author":2,"featured_media":3570,"comment_status":"closed","ping_status":"open","sticky":false,"template":"","format":"standard","meta":{"_eb_attr":"","_jetpack_memberships_contains_paid_content":false,"footnotes":""},"categories":[6],"tags":[],"class_list":["post-3569","post","type-post","status-publish","format-standard","has-post-thumbnail","hentry","category-educacao"],"yoast_head":"<!-- This site is optimized with the Yoast SEO plugin v26.5 - https:\/\/yoast.com\/wordpress\/plugins\/seo\/ -->\n<title>Governo do Estado promove debate sobre pol\u00edticas p\u00fablicas para a juventude na m\u00eddia - Not&iacute;cias em Destaque<\/title>\n<meta name=\"robots\" content=\"index, follow, max-snippet:-1, max-image-preview:large, max-video-preview:-1\" \/>\n<link rel=\"canonical\" href=\"https:\/\/noticiasemdestaque.com\/cd\/?p=3569\" \/>\n<meta property=\"og:locale\" content=\"pt_BR\" \/>\n<meta property=\"og:type\" content=\"article\" \/>\n<meta property=\"og:title\" content=\"Governo do Estado promove debate sobre pol\u00edticas p\u00fablicas para a juventude na m\u00eddia - Not&iacute;cias em Destaque\" \/>\n<meta property=\"og:description\" content=\"O Governo do Estado, por meio da Secretaria da Juventude, Esporte e Lazer (Sejel), em parceria com a Secretaria de Comunica\u00e7\u00e3o Institucional (Secom), realizou, nessa ter\u00e7a-feira (22), uma palestra dentro da programa\u00e7\u00e3o do M\u00eas da Juventude 2017 para debater o papel do jornalismo paraibano na constru\u00e7\u00e3o de pol\u00edticas p\u00fablicas para os jovens. Com o tema \u201cJuventude, Vulnerabilidade Social e Cobertura Midi\u00e1tica\u201d, o evento ocorreu no Cine Aruanda, no Campus I da Universidade Federal da Para\u00edba (UFPB). De acordo com a secret\u00e1ria executiva da Sejel, Priscilla Gomes, o debate reafirma o compromisso do Governo do Estado com a juventude paraibana. \u201cAl\u00e9m de todas as pol\u00edticas p\u00fablicas implementadas pelo Governo do Estado em prol da juventude, como a constru\u00e7\u00e3o de escolas t\u00e9cnicas, programas de inclus\u00e3o social, como o Prima, \u00e9 necess\u00e1rio tamb\u00e9m que essas constru\u00e7\u00f5es ocorram no \u00e2mbito das ideias, da conscientiza\u00e7\u00e3o\u201d, destacou, lembrando o tema desta edi\u00e7\u00e3o do M\u00eas da Juventude, focado na pluralidade: \u201cSem r\u00f3tulos &#8211; quem me define sou eu\u201d. Durante a mesa redonda, que contou com a participa\u00e7\u00e3o de profissionais dos principais meios de comunica\u00e7\u00e3o do Estado, foram discutidos temas como a influ\u00eancia que a m\u00eddia exerce na constru\u00e7\u00e3o de pol\u00edticas p\u00fablicas para a juventude, o papel do jornalista como mediador da informa\u00e7\u00e3o, as a\u00e7\u00f5es do Governo do Estado e a import\u00e2ncia de espa\u00e7os democr\u00e1ticos no jornalismo para possibilitar a constru\u00e7\u00e3o de novas narrativas para as minorias sociais na efetiva\u00e7\u00e3o de pol\u00edticas p\u00fablicas para a juventude Na ocasi\u00e3o, o diretor executivo de Desenvolvimento Estudantil da Secretaria de Educa\u00e7\u00e3o do Estado, Tulhio Serrano, apresentou as a\u00e7\u00f5es do Governo do Estado no \u00e2mbito da Educa\u00e7\u00e3o, a exemplo do projeto Liga pela Paz, desenvolvido para refletir a educa\u00e7\u00e3o emocional e social dos jovens em situa\u00e7\u00e3o de risco social. \u201cA gente tem trazido a metodologia cultura pela paz para desenvolver no jovem o respeito ao pr\u00f3ximo, n\u00e3o pensamos apenas na educa\u00e7\u00e3o do portugu\u00eas e matem\u00e1tica, mas na forma\u00e7\u00e3o integral desse aluno. Outro projeto desenvolvido pela Secretaria de Educa\u00e7\u00e3o \u00e9 o Se Sabe De repente que estimula o protagonismo juvenil dentro da escola, \u201d explicou. Por sua vez, Jana\u00edna Santos, gerente operacional de Equidade Racial da Secretaria da Mulher e Diversidade Humana, afirmou que um dos objetivos da pasta \u00e9 compreender de que forma os meios de comunica\u00e7\u00e3o auxiliam na constru\u00e7\u00e3o dessas pol\u00edticas. \u201cN\u00f3s precisamos entender qual o papel da m\u00eddia, do Estado, das pol\u00edticas p\u00fablicas, entender a quest\u00e3o da intersetorialidade para trabalharmos a vulnerabilidade social e o racismo, para que a equidade racial aconte\u00e7a\u201d, disse. O que dizem os profissionais \u2013 Para Felipe Gesteira, editor-geral do jornal A Uni\u00e3o, h\u00e1 fragilidade na concess\u00e3o p\u00fablica dos ve\u00edculos de comunica\u00e7\u00e3o, o que permite que a viol\u00eancia seja banalizada e minorias sociais desqualificadas. \u201cSe h\u00e1 espa\u00e7o na grande m\u00eddia para veicular tanto interesse de empres\u00e1rios e pol\u00edticos quanto a difus\u00e3o de conte\u00fado que banaliza a viol\u00eancia e desqualifica as minorias sociais em nome da audi\u00eancia, a exemplo de programas policiais, \u00e9 porque existe uma concess\u00e3o p\u00fablica que permite tal pr\u00e1tica\u201d, completou, destacando o papel do jornal em pautar temas transversais, abordando quest\u00f5es como machismo, homofobia e visibilidade trans, temas esquecidos pela grande m\u00eddia. A subeditora do site de not\u00edcias G1 Para\u00edba, Aline Oliveira, ressaltou a import\u00e2ncia de um jornalismo que priorize a constru\u00e7\u00e3o de pol\u00edticas p\u00fablicas para a juventude. \u201cNossa equipe trata com muita sensibilidade temas transversais, e principalmente, temos o cuidado com a viola\u00e7\u00e3o de direitos de qualquer jovem que esteja em situa\u00e7\u00e3o de vulnerabilidade social, seja uma v\u00edtima ou agente da viol\u00eancia. N\u00e3o \u00e9 nosso papel julgar ou denegrir a imagem, nosso compromisso \u00e9 com a informa\u00e7\u00e3o\u201d, pontuou. Para o subeditor do caderno de cidades do jornal Correio da Para\u00edba, J\u00falio Silva, a tem\u00e1tica da juventude perpassa diversas inst\u00e2ncias sociais \u201cAs institui\u00e7\u00f5es precisam funcionar bem, para que a juventude tenha acesso a direitos fundamentais, como educa\u00e7\u00e3o e sa\u00fade. N\u00f3s, comunicadores, temos a responsabilidade de construir isso por meio da informa\u00e7\u00e3o, fazendo um jornalismo diferenciado\u201d, finalizou. O debate teve a media\u00e7\u00e3o de J\u00fanior Pinheiro, representante da Universidade Federal da Para\u00edba. Com Secom-PB\" \/>\n<meta property=\"og:url\" content=\"https:\/\/noticiasemdestaque.com\/cd\/?p=3569\" \/>\n<meta property=\"og:site_name\" content=\"Not&iacute;cias em Destaque\" \/>\n<meta property=\"article:published_time\" content=\"2017-08-24T10:36:05+00:00\" \/>\n<meta property=\"og:image\" content=\"https:\/\/noticiasemdestaque.com\/cd\/wp-content\/uploads\/2017\/08\/AVAN\u00c7O-PARA-OS-DIREITOS-E-POL\u00cdTICAS-P\u00daBLICAS-DA-JUVENTUDE-NO-ESTADO.jpg\" \/>\n\t<meta property=\"og:image:width\" content=\"570\" \/>\n\t<meta property=\"og:image:height\" content=\"318\" \/>\n\t<meta property=\"og:image:type\" content=\"image\/jpeg\" \/>\n<meta name=\"author\" content=\"Not\u00edcias em Destaque\" \/>\n<meta name=\"twitter:card\" content=\"summary_large_image\" \/>\n<meta name=\"twitter:label1\" content=\"Escrito por\" \/>\n\t<meta name=\"twitter:data1\" content=\"Not\u00edcias em Destaque\" \/>\n\t<meta name=\"twitter:label2\" content=\"Est. tempo de leitura\" \/>\n\t<meta name=\"twitter:data2\" content=\"4 minutos\" \/>\n<script type=\"application\/ld+json\" class=\"yoast-schema-graph\">{\"@context\":\"https:\/\/schema.org\",\"@graph\":[{\"@type\":\"Article\",\"@id\":\"https:\/\/noticiasemdestaque.com\/cd\/?p=3569#article\",\"isPartOf\":{\"@id\":\"https:\/\/noticiasemdestaque.com\/cd\/?p=3569\"},\"author\":{\"name\":\"Not\u00edcias em Destaque\",\"@id\":\"https:\/\/noticiasemdestaque.com\/cd\/#\/schema\/person\/21320b03a7e8bb90128938dafc9b908a\"},\"headline\":\"Governo do Estado promove debate sobre pol\u00edticas p\u00fablicas para a juventude na m\u00eddia\",\"datePublished\":\"2017-08-24T10:36:05+00:00\",\"mainEntityOfPage\":{\"@id\":\"https:\/\/noticiasemdestaque.com\/cd\/?p=3569\"},\"wordCount\":779,\"publisher\":{\"@id\":\"https:\/\/noticiasemdestaque.com\/cd\/#organization\"},\"image\":{\"@id\":\"https:\/\/noticiasemdestaque.com\/cd\/?p=3569#primaryimage\"},\"thumbnailUrl\":\"https:\/\/noticiasemdestaque.com\/cd\/wp-content\/uploads\/2017\/08\/AVAN\u00c7O-PARA-OS-DIREITOS-E-POL\u00cdTICAS-P\u00daBLICAS-DA-JUVENTUDE-NO-ESTADO.jpg\",\"articleSection\":[\"Educa\u00e7\u00e3o\"],\"inLanguage\":\"pt-BR\"},{\"@type\":\"WebPage\",\"@id\":\"https:\/\/noticiasemdestaque.com\/cd\/?p=3569\",\"url\":\"https:\/\/noticiasemdestaque.com\/cd\/?p=3569\",\"name\":\"Governo do Estado promove debate sobre pol\u00edticas p\u00fablicas para a juventude na m\u00eddia - Not&iacute;cias em Destaque\",\"isPartOf\":{\"@id\":\"https:\/\/noticiasemdestaque.com\/cd\/#website\"},\"primaryImageOfPage\":{\"@id\":\"https:\/\/noticiasemdestaque.com\/cd\/?p=3569#primaryimage\"},\"image\":{\"@id\":\"https:\/\/noticiasemdestaque.com\/cd\/?p=3569#primaryimage\"},\"thumbnailUrl\":\"https:\/\/noticiasemdestaque.com\/cd\/wp-content\/uploads\/2017\/08\/AVAN\u00c7O-PARA-OS-DIREITOS-E-POL\u00cdTICAS-P\u00daBLICAS-DA-JUVENTUDE-NO-ESTADO.jpg\",\"datePublished\":\"2017-08-24T10:36:05+00:00\",\"breadcrumb\":{\"@id\":\"https:\/\/noticiasemdestaque.com\/cd\/?p=3569#breadcrumb\"},\"inLanguage\":\"pt-BR\",\"potentialAction\":[{\"@type\":\"ReadAction\",\"target\":[\"https:\/\/noticiasemdestaque.com\/cd\/?p=3569\"]}]},{\"@type\":\"ImageObject\",\"inLanguage\":\"pt-BR\",\"@id\":\"https:\/\/noticiasemdestaque.com\/cd\/?p=3569#primaryimage\",\"url\":\"https:\/\/noticiasemdestaque.com\/cd\/wp-content\/uploads\/2017\/08\/AVAN\u00c7O-PARA-OS-DIREITOS-E-POL\u00cdTICAS-P\u00daBLICAS-DA-JUVENTUDE-NO-ESTADO.jpg\",\"contentUrl\":\"https:\/\/noticiasemdestaque.com\/cd\/wp-content\/uploads\/2017\/08\/AVAN\u00c7O-PARA-OS-DIREITOS-E-POL\u00cdTICAS-P\u00daBLICAS-DA-JUVENTUDE-NO-ESTADO.jpg\",\"width\":570,\"height\":318,\"caption\":\"many different colorful people icons - vector illustration\"},{\"@type\":\"BreadcrumbList\",\"@id\":\"https:\/\/noticiasemdestaque.com\/cd\/?p=3569#breadcrumb\",\"itemListElement\":[{\"@type\":\"ListItem\",\"position\":1,\"name\":\"In\u00edcio\",\"item\":\"https:\/\/noticiasemdestaque.com\/cd\/\"},{\"@type\":\"ListItem\",\"position\":2,\"name\":\"Governo do Estado promove debate sobre pol\u00edticas p\u00fablicas para a juventude na m\u00eddia\"}]},{\"@type\":\"WebSite\",\"@id\":\"https:\/\/noticiasemdestaque.com\/cd\/#website\",\"url\":\"https:\/\/noticiasemdestaque.com\/cd\/\",\"name\":\"Not&iacute;cias em Destaque\",\"description\":\"\",\"publisher\":{\"@id\":\"https:\/\/noticiasemdestaque.com\/cd\/#organization\"},\"potentialAction\":[{\"@type\":\"SearchAction\",\"target\":{\"@type\":\"EntryPoint\",\"urlTemplate\":\"https:\/\/noticiasemdestaque.com\/cd\/?s={search_term_string}\"},\"query-input\":{\"@type\":\"PropertyValueSpecification\",\"valueRequired\":true,\"valueName\":\"search_term_string\"}}],\"inLanguage\":\"pt-BR\"},{\"@type\":\"Organization\",\"@id\":\"https:\/\/noticiasemdestaque.com\/cd\/#organization\",\"name\":\"Not\u00edcias em Destaque\",\"url\":\"https:\/\/noticiasemdestaque.com\/cd\/\",\"logo\":{\"@type\":\"ImageObject\",\"inLanguage\":\"pt-BR\",\"@id\":\"https:\/\/noticiasemdestaque.com\/cd\/#\/schema\/logo\/image\/\",\"url\":\"https:\/\/noticiasemdestaque.com\/cd\/wp-content\/uploads\/2022\/05\/imagem-base-noticiasemdestaque.png\",\"contentUrl\":\"https:\/\/noticiasemdestaque.com\/cd\/wp-content\/uploads\/2022\/05\/imagem-base-noticiasemdestaque.png\",\"width\":1200,\"height\":630,\"caption\":\"Not\u00edcias em Destaque\"},\"image\":{\"@id\":\"https:\/\/noticiasemdestaque.com\/cd\/#\/schema\/logo\/image\/\"}},{\"@type\":\"Person\",\"@id\":\"https:\/\/noticiasemdestaque.com\/cd\/#\/schema\/person\/21320b03a7e8bb90128938dafc9b908a\",\"name\":\"Not\u00edcias em Destaque\",\"url\":\"https:\/\/noticiasemdestaque.com\/cd\/?author=2\"}]}<\/script>\n<!-- \/ Yoast SEO plugin. -->","yoast_head_json":{"title":"Governo do Estado promove debate sobre pol\u00edticas p\u00fablicas para a juventude na m\u00eddia - Not&iacute;cias em Destaque","robots":{"index":"index","follow":"follow","max-snippet":"max-snippet:-1","max-image-preview":"max-image-preview:large","max-video-preview":"max-video-preview:-1"},"canonical":"https:\/\/noticiasemdestaque.com\/cd\/?p=3569","og_locale":"pt_BR","og_type":"article","og_title":"Governo do Estado promove debate sobre pol\u00edticas p\u00fablicas para a juventude na m\u00eddia - Not&iacute;cias em Destaque","og_description":"O Governo do Estado, por meio da Secretaria da Juventude, Esporte e Lazer (Sejel), em parceria com a Secretaria de Comunica\u00e7\u00e3o Institucional (Secom), realizou, nessa ter\u00e7a-feira (22), uma palestra dentro da programa\u00e7\u00e3o do M\u00eas da Juventude 2017 para debater o papel do jornalismo paraibano na constru\u00e7\u00e3o de pol\u00edticas p\u00fablicas para os jovens. Com o tema \u201cJuventude, Vulnerabilidade Social e Cobertura Midi\u00e1tica\u201d, o evento ocorreu no Cine Aruanda, no Campus I da Universidade Federal da Para\u00edba (UFPB). De acordo com a secret\u00e1ria executiva da Sejel, Priscilla Gomes, o debate reafirma o compromisso do Governo do Estado com a juventude paraibana. \u201cAl\u00e9m de todas as pol\u00edticas p\u00fablicas implementadas pelo Governo do Estado em prol da juventude, como a constru\u00e7\u00e3o de escolas t\u00e9cnicas, programas de inclus\u00e3o social, como o Prima, \u00e9 necess\u00e1rio tamb\u00e9m que essas constru\u00e7\u00f5es ocorram no \u00e2mbito das ideias, da conscientiza\u00e7\u00e3o\u201d, destacou, lembrando o tema desta edi\u00e7\u00e3o do M\u00eas da Juventude, focado na pluralidade: \u201cSem r\u00f3tulos &#8211; quem me define sou eu\u201d. Durante a mesa redonda, que contou com a participa\u00e7\u00e3o de profissionais dos principais meios de comunica\u00e7\u00e3o do Estado, foram discutidos temas como a influ\u00eancia que a m\u00eddia exerce na constru\u00e7\u00e3o de pol\u00edticas p\u00fablicas para a juventude, o papel do jornalista como mediador da informa\u00e7\u00e3o, as a\u00e7\u00f5es do Governo do Estado e a import\u00e2ncia de espa\u00e7os democr\u00e1ticos no jornalismo para possibilitar a constru\u00e7\u00e3o de novas narrativas para as minorias sociais na efetiva\u00e7\u00e3o de pol\u00edticas p\u00fablicas para a juventude Na ocasi\u00e3o, o diretor executivo de Desenvolvimento Estudantil da Secretaria de Educa\u00e7\u00e3o do Estado, Tulhio Serrano, apresentou as a\u00e7\u00f5es do Governo do Estado no \u00e2mbito da Educa\u00e7\u00e3o, a exemplo do projeto Liga pela Paz, desenvolvido para refletir a educa\u00e7\u00e3o emocional e social dos jovens em situa\u00e7\u00e3o de risco social. \u201cA gente tem trazido a metodologia cultura pela paz para desenvolver no jovem o respeito ao pr\u00f3ximo, n\u00e3o pensamos apenas na educa\u00e7\u00e3o do portugu\u00eas e matem\u00e1tica, mas na forma\u00e7\u00e3o integral desse aluno. Outro projeto desenvolvido pela Secretaria de Educa\u00e7\u00e3o \u00e9 o Se Sabe De repente que estimula o protagonismo juvenil dentro da escola, \u201d explicou. Por sua vez, Jana\u00edna Santos, gerente operacional de Equidade Racial da Secretaria da Mulher e Diversidade Humana, afirmou que um dos objetivos da pasta \u00e9 compreender de que forma os meios de comunica\u00e7\u00e3o auxiliam na constru\u00e7\u00e3o dessas pol\u00edticas. \u201cN\u00f3s precisamos entender qual o papel da m\u00eddia, do Estado, das pol\u00edticas p\u00fablicas, entender a quest\u00e3o da intersetorialidade para trabalharmos a vulnerabilidade social e o racismo, para que a equidade racial aconte\u00e7a\u201d, disse. O que dizem os profissionais \u2013 Para Felipe Gesteira, editor-geral do jornal A Uni\u00e3o, h\u00e1 fragilidade na concess\u00e3o p\u00fablica dos ve\u00edculos de comunica\u00e7\u00e3o, o que permite que a viol\u00eancia seja banalizada e minorias sociais desqualificadas. \u201cSe h\u00e1 espa\u00e7o na grande m\u00eddia para veicular tanto interesse de empres\u00e1rios e pol\u00edticos quanto a difus\u00e3o de conte\u00fado que banaliza a viol\u00eancia e desqualifica as minorias sociais em nome da audi\u00eancia, a exemplo de programas policiais, \u00e9 porque existe uma concess\u00e3o p\u00fablica que permite tal pr\u00e1tica\u201d, completou, destacando o papel do jornal em pautar temas transversais, abordando quest\u00f5es como machismo, homofobia e visibilidade trans, temas esquecidos pela grande m\u00eddia. A subeditora do site de not\u00edcias G1 Para\u00edba, Aline Oliveira, ressaltou a import\u00e2ncia de um jornalismo que priorize a constru\u00e7\u00e3o de pol\u00edticas p\u00fablicas para a juventude. \u201cNossa equipe trata com muita sensibilidade temas transversais, e principalmente, temos o cuidado com a viola\u00e7\u00e3o de direitos de qualquer jovem que esteja em situa\u00e7\u00e3o de vulnerabilidade social, seja uma v\u00edtima ou agente da viol\u00eancia. N\u00e3o \u00e9 nosso papel julgar ou denegrir a imagem, nosso compromisso \u00e9 com a informa\u00e7\u00e3o\u201d, pontuou. Para o subeditor do caderno de cidades do jornal Correio da Para\u00edba, J\u00falio Silva, a tem\u00e1tica da juventude perpassa diversas inst\u00e2ncias sociais \u201cAs institui\u00e7\u00f5es precisam funcionar bem, para que a juventude tenha acesso a direitos fundamentais, como educa\u00e7\u00e3o e sa\u00fade. N\u00f3s, comunicadores, temos a responsabilidade de construir isso por meio da informa\u00e7\u00e3o, fazendo um jornalismo diferenciado\u201d, finalizou. O debate teve a media\u00e7\u00e3o de J\u00fanior Pinheiro, representante da Universidade Federal da Para\u00edba. Com Secom-PB","og_url":"https:\/\/noticiasemdestaque.com\/cd\/?p=3569","og_site_name":"Not&iacute;cias em Destaque","article_published_time":"2017-08-24T10:36:05+00:00","og_image":[{"width":570,"height":318,"url":"https:\/\/noticiasemdestaque.com\/cd\/wp-content\/uploads\/2017\/08\/AVAN\u00c7O-PARA-OS-DIREITOS-E-POL\u00cdTICAS-P\u00daBLICAS-DA-JUVENTUDE-NO-ESTADO.jpg","type":"image\/jpeg"}],"author":"Not\u00edcias em Destaque","twitter_card":"summary_large_image","twitter_misc":{"Escrito por":"Not\u00edcias em Destaque","Est. tempo de leitura":"4 minutos"},"schema":{"@context":"https:\/\/schema.org","@graph":[{"@type":"Article","@id":"https:\/\/noticiasemdestaque.com\/cd\/?p=3569#article","isPartOf":{"@id":"https:\/\/noticiasemdestaque.com\/cd\/?p=3569"},"author":{"name":"Not\u00edcias em Destaque","@id":"https:\/\/noticiasemdestaque.com\/cd\/#\/schema\/person\/21320b03a7e8bb90128938dafc9b908a"},"headline":"Governo do Estado promove debate sobre pol\u00edticas p\u00fablicas para a juventude na m\u00eddia","datePublished":"2017-08-24T10:36:05+00:00","mainEntityOfPage":{"@id":"https:\/\/noticiasemdestaque.com\/cd\/?p=3569"},"wordCount":779,"publisher":{"@id":"https:\/\/noticiasemdestaque.com\/cd\/#organization"},"image":{"@id":"https:\/\/noticiasemdestaque.com\/cd\/?p=3569#primaryimage"},"thumbnailUrl":"https:\/\/noticiasemdestaque.com\/cd\/wp-content\/uploads\/2017\/08\/AVAN\u00c7O-PARA-OS-DIREITOS-E-POL\u00cdTICAS-P\u00daBLICAS-DA-JUVENTUDE-NO-ESTADO.jpg","articleSection":["Educa\u00e7\u00e3o"],"inLanguage":"pt-BR"},{"@type":"WebPage","@id":"https:\/\/noticiasemdestaque.com\/cd\/?p=3569","url":"https:\/\/noticiasemdestaque.com\/cd\/?p=3569","name":"Governo do Estado promove debate sobre pol\u00edticas p\u00fablicas para a juventude na m\u00eddia - Not&iacute;cias em Destaque","isPartOf":{"@id":"https:\/\/noticiasemdestaque.com\/cd\/#website"},"primaryImageOfPage":{"@id":"https:\/\/noticiasemdestaque.com\/cd\/?p=3569#primaryimage"},"image":{"@id":"https:\/\/noticiasemdestaque.com\/cd\/?p=3569#primaryimage"},"thumbnailUrl":"https:\/\/noticiasemdestaque.com\/cd\/wp-content\/uploads\/2017\/08\/AVAN\u00c7O-PARA-OS-DIREITOS-E-POL\u00cdTICAS-P\u00daBLICAS-DA-JUVENTUDE-NO-ESTADO.jpg","datePublished":"2017-08-24T10:36:05+00:00","breadcrumb":{"@id":"https:\/\/noticiasemdestaque.com\/cd\/?p=3569#breadcrumb"},"inLanguage":"pt-BR","potentialAction":[{"@type":"ReadAction","target":["https:\/\/noticiasemdestaque.com\/cd\/?p=3569"]}]},{"@type":"ImageObject","inLanguage":"pt-BR","@id":"https:\/\/noticiasemdestaque.com\/cd\/?p=3569#primaryimage","url":"https:\/\/noticiasemdestaque.com\/cd\/wp-content\/uploads\/2017\/08\/AVAN\u00c7O-PARA-OS-DIREITOS-E-POL\u00cdTICAS-P\u00daBLICAS-DA-JUVENTUDE-NO-ESTADO.jpg","contentUrl":"https:\/\/noticiasemdestaque.com\/cd\/wp-content\/uploads\/2017\/08\/AVAN\u00c7O-PARA-OS-DIREITOS-E-POL\u00cdTICAS-P\u00daBLICAS-DA-JUVENTUDE-NO-ESTADO.jpg","width":570,"height":318,"caption":"many different colorful people icons - vector illustration"},{"@type":"BreadcrumbList","@id":"https:\/\/noticiasemdestaque.com\/cd\/?p=3569#breadcrumb","itemListElement":[{"@type":"ListItem","position":1,"name":"In\u00edcio","item":"https:\/\/noticiasemdestaque.com\/cd\/"},{"@type":"ListItem","position":2,"name":"Governo do Estado promove debate sobre pol\u00edticas p\u00fablicas para a juventude na m\u00eddia"}]},{"@type":"WebSite","@id":"https:\/\/noticiasemdestaque.com\/cd\/#website","url":"https:\/\/noticiasemdestaque.com\/cd\/","name":"Not&iacute;cias em Destaque","description":"","publisher":{"@id":"https:\/\/noticiasemdestaque.com\/cd\/#organization"},"potentialAction":[{"@type":"SearchAction","target":{"@type":"EntryPoint","urlTemplate":"https:\/\/noticiasemdestaque.com\/cd\/?s={search_term_string}"},"query-input":{"@type":"PropertyValueSpecification","valueRequired":true,"valueName":"search_term_string"}}],"inLanguage":"pt-BR"},{"@type":"Organization","@id":"https:\/\/noticiasemdestaque.com\/cd\/#organization","name":"Not\u00edcias em Destaque","url":"https:\/\/noticiasemdestaque.com\/cd\/","logo":{"@type":"ImageObject","inLanguage":"pt-BR","@id":"https:\/\/noticiasemdestaque.com\/cd\/#\/schema\/logo\/image\/","url":"https:\/\/noticiasemdestaque.com\/cd\/wp-content\/uploads\/2022\/05\/imagem-base-noticiasemdestaque.png","contentUrl":"https:\/\/noticiasemdestaque.com\/cd\/wp-content\/uploads\/2022\/05\/imagem-base-noticiasemdestaque.png","width":1200,"height":630,"caption":"Not\u00edcias em Destaque"},"image":{"@id":"https:\/\/noticiasemdestaque.com\/cd\/#\/schema\/logo\/image\/"}},{"@type":"Person","@id":"https:\/\/noticiasemdestaque.com\/cd\/#\/schema\/person\/21320b03a7e8bb90128938dafc9b908a","name":"Not\u00edcias em Destaque","url":"https:\/\/noticiasemdestaque.com\/cd\/?author=2"}]}},"jetpack_featured_media_url":"https:\/\/noticiasemdestaque.com\/cd\/wp-content\/uploads\/2017\/08\/AVAN\u00c7O-PARA-OS-DIREITOS-E-POL\u00cdTICAS-P\u00daBLICAS-DA-JUVENTUDE-NO-ESTADO.jpg","jetpack_sharing_enabled":true,"_links":{"self":[{"href":"https:\/\/noticiasemdestaque.com\/cd\/index.php?rest_route=\/wp\/v2\/posts\/3569","targetHints":{"allow":["GET"]}}],"collection":[{"href":"https:\/\/noticiasemdestaque.com\/cd\/index.php?rest_route=\/wp\/v2\/posts"}],"about":[{"href":"https:\/\/noticiasemdestaque.com\/cd\/index.php?rest_route=\/wp\/v2\/types\/post"}],"author":[{"embeddable":true,"href":"https:\/\/noticiasemdestaque.com\/cd\/index.php?rest_route=\/wp\/v2\/users\/2"}],"replies":[{"embeddable":true,"href":"https:\/\/noticiasemdestaque.com\/cd\/index.php?rest_route=%2Fwp%2Fv2%2Fcomments&post=3569"}],"version-history":[{"count":1,"href":"https:\/\/noticiasemdestaque.com\/cd\/index.php?rest_route=\/wp\/v2\/posts\/3569\/revisions"}],"predecessor-version":[{"id":3571,"href":"https:\/\/noticiasemdestaque.com\/cd\/index.php?rest_route=\/wp\/v2\/posts\/3569\/revisions\/3571"}],"wp:featuredmedia":[{"embeddable":true,"href":"https:\/\/noticiasemdestaque.com\/cd\/index.php?rest_route=\/wp\/v2\/media\/3570"}],"wp:attachment":[{"href":"https:\/\/noticiasemdestaque.com\/cd\/index.php?rest_route=%2Fwp%2Fv2%2Fmedia&parent=3569"}],"wp:term":[{"taxonomy":"category","embeddable":true,"href":"https:\/\/noticiasemdestaque.com\/cd\/index.php?rest_route=%2Fwp%2Fv2%2Fcategories&post=3569"},{"taxonomy":"post_tag","embeddable":true,"href":"https:\/\/noticiasemdestaque.com\/cd\/index.php?rest_route=%2Fwp%2Fv2%2Ftags&post=3569"}],"curies":[{"name":"wp","href":"https:\/\/api.w.org\/{rel}","templated":true}]}}