{"id":3562,"date":"2017-08-24T07:18:48","date_gmt":"2017-08-24T10:18:48","guid":{"rendered":"http:\/\/caririemdestaque.com\/cd\/?p=3562"},"modified":"2017-08-24T07:18:48","modified_gmt":"2017-08-24T10:18:48","slug":"estudo-avalia-influencia-de-temperaturas-da-agua-para-superar-a-dormencia-em-semente-de-planta-do-semiarido","status":"publish","type":"post","link":"https:\/\/noticiasemdestaque.com\/cd\/?p=3562","title":{"rendered":"Estudo avalia influ\u00eancia de temperaturas da \u00e1gua para superar a dorm\u00eancia em semente de planta do semi\u00e1rido"},"content":{"rendered":"<p><a href=\"http:\/\/caririemdestaque.com\/cd\/wp-content\/uploads\/2017\/08\/plantas-brotando-da-terra-1308255983749_560x400.jpg\"><img fetchpriority=\"high\" decoding=\"async\" class=\"size-medium wp-image-3563 alignleft\" src=\"http:\/\/caririemdestaque.com\/cd\/wp-content\/uploads\/2017\/08\/plantas-brotando-da-terra-1308255983749_560x400-300x214.jpg\" alt=\"\" width=\"300\" height=\"214\" srcset=\"https:\/\/noticiasemdestaque.com\/cd\/wp-content\/uploads\/2017\/08\/plantas-brotando-da-terra-1308255983749_560x400-300x214.jpg 300w, https:\/\/noticiasemdestaque.com\/cd\/wp-content\/uploads\/2017\/08\/plantas-brotando-da-terra-1308255983749_560x400.jpg 560w\" sizes=\"(max-width: 300px) 100vw, 300px\" \/><\/a>Um estudo que aborda quest\u00f5es que marcam popula\u00e7\u00f5es vegetais de refer\u00eancia nos sistemas ecol\u00f3gicos do Semi\u00e1rido brasileiro foi publicado por integrantes e colaboradores do Laborat\u00f3rio de Ecologia e Bot\u00e2nica (LAEB) do Centro de Desenvolvimento Sustent\u00e1vel do Semi\u00e1rido no peri\u00f3dico Brazilian Journal of Biological Sciences. O objetivo foi avaliar a influ\u00eancia de diferentes temperaturas da \u00e1gua como supera\u00e7\u00e3o da dorm\u00eancia da semente em Mimosa ophthalmocentra Mart. Ex Benth. (conhecida como jurema de imbira) de forma simples e econ\u00f4mica, na regi\u00e3o semi\u00e1rida brasileira.<\/p>\n<p>O artigo &#8220;Hydrothermal treatments for overcoming dormancy in seeds of Mimosa ophthalmocentra Mart. ex Benth.\u00a0(Fabaceae: Mimosoideae)&#8221; est\u00e1 dispon\u00edvel na edi\u00e7\u00e3o n\u00famero 7, de 2017 da referida publica\u00e7\u00e3o.<\/p>\n<p>&#8220;A efici\u00eancia na produ\u00e7\u00e3o de mudas \u00e9 decisiva para o resultado final da sua aplicabilidade. Portanto, s\u00e3o necess\u00e1rias estrat\u00e9gias para assegurar um surgimento r\u00e1pido e uniforme, especialmente quando est\u00e1 associada a m\u00e9todos sustent\u00e1veis&#8221;, diz o estudo.<\/p>\n<p>A publica\u00e7\u00e3o foi assinada por Azenate Campos, Alecksandra Vieira, Riselane Lucena, Edna Ursulino, Carina Seixas, Amelya Lopes, Adriano Lopes e Francisca Maria Barbosa. &#8220;\u00c9 uma importante sinaliza\u00e7\u00e3o de que estamos trabalhando e difundindo o conhecimento gerado e isto \u00e9 o que define a base de atua\u00e7\u00e3o de todos os que est\u00e3o envolvidos no LAEB&#8221;, disse a coordenadora do Laborat\u00f3rio, professora Alecksandra Vieira.<\/p>\n<p><em><strong>Cariri em Destaque<\/strong><\/em><\/p>\n<p>Com Assimp CDSA\/UFCG<\/p>\n","protected":false},"excerpt":{"rendered":"<p>Um estudo que aborda quest\u00f5es que marcam popula\u00e7\u00f5es vegetais de refer\u00eancia nos sistemas ecol\u00f3gicos do Semi\u00e1rido brasileiro foi publicado por integrantes e colaboradores do Laborat\u00f3rio de Ecologia e Bot\u00e2nica (LAEB) do Centro de Desenvolvimento Sustent\u00e1vel do Semi\u00e1rido no peri\u00f3dico Brazilian Journal of Biological Sciences. O objetivo foi avaliar a influ\u00eancia de diferentes temperaturas da \u00e1gua como supera\u00e7\u00e3o da dorm\u00eancia da semente em Mimosa ophthalmocentra Mart. Ex Benth. (conhecida como jurema de imbira) de forma simples e econ\u00f4mica, na regi\u00e3o semi\u00e1rida brasileira. O artigo &#8220;Hydrothermal treatments for overcoming dormancy in seeds of Mimosa ophthalmocentra Mart. ex Benth.\u00a0(Fabaceae: Mimosoideae)&#8221; est\u00e1 dispon\u00edvel na edi\u00e7\u00e3o n\u00famero 7, de 2017 da referida publica\u00e7\u00e3o. &#8220;A efici\u00eancia na produ\u00e7\u00e3o de mudas \u00e9 decisiva para o resultado final da sua aplicabilidade. Portanto, s\u00e3o necess\u00e1rias estrat\u00e9gias para assegurar um surgimento r\u00e1pido e uniforme, especialmente quando est\u00e1 associada a m\u00e9todos sustent\u00e1veis&#8221;, diz o estudo. A publica\u00e7\u00e3o foi assinada por Azenate Campos, Alecksandra Vieira, Riselane Lucena, Edna Ursulino, Carina Seixas, Amelya Lopes, Adriano Lopes e Francisca Maria Barbosa. &#8220;\u00c9 uma importante sinaliza\u00e7\u00e3o de que estamos trabalhando e difundindo o conhecimento gerado e isto \u00e9 o que define a base de atua\u00e7\u00e3o de todos os que est\u00e3o envolvidos no LAEB&#8221;, disse a coordenadora do Laborat\u00f3rio, professora Alecksandra Vieira. Cariri em Destaque Com Assimp CDSA\/UFCG<\/p>\n","protected":false},"author":2,"featured_media":3563,"comment_status":"closed","ping_status":"open","sticky":false,"template":"","format":"standard","meta":{"_eb_attr":"","_jetpack_memberships_contains_paid_content":false,"footnotes":""},"categories":[6],"tags":[],"class_list":["post-3562","post","type-post","status-publish","format-standard","has-post-thumbnail","hentry","category-educacao"],"yoast_head":"<!-- This site is optimized with the Yoast SEO plugin v26.5 - https:\/\/yoast.com\/wordpress\/plugins\/seo\/ -->\n<title>Estudo avalia influ\u00eancia de temperaturas da \u00e1gua para superar a dorm\u00eancia em semente de planta do semi\u00e1rido - Not&iacute;cias em Destaque<\/title>\n<meta name=\"robots\" content=\"index, follow, max-snippet:-1, max-image-preview:large, max-video-preview:-1\" \/>\n<link rel=\"canonical\" href=\"https:\/\/noticiasemdestaque.com\/cd\/?p=3562\" \/>\n<meta property=\"og:locale\" content=\"pt_BR\" \/>\n<meta property=\"og:type\" content=\"article\" \/>\n<meta property=\"og:title\" content=\"Estudo avalia influ\u00eancia de temperaturas da \u00e1gua para superar a dorm\u00eancia em semente de planta do semi\u00e1rido - Not&iacute;cias em Destaque\" \/>\n<meta property=\"og:description\" content=\"Um estudo que aborda quest\u00f5es que marcam popula\u00e7\u00f5es vegetais de refer\u00eancia nos sistemas ecol\u00f3gicos do Semi\u00e1rido brasileiro foi publicado por integrantes e colaboradores do Laborat\u00f3rio de Ecologia e Bot\u00e2nica (LAEB) do Centro de Desenvolvimento Sustent\u00e1vel do Semi\u00e1rido no peri\u00f3dico Brazilian Journal of Biological Sciences. O objetivo foi avaliar a influ\u00eancia de diferentes temperaturas da \u00e1gua como supera\u00e7\u00e3o da dorm\u00eancia da semente em Mimosa ophthalmocentra Mart. Ex Benth. (conhecida como jurema de imbira) de forma simples e econ\u00f4mica, na regi\u00e3o semi\u00e1rida brasileira. O artigo &#8220;Hydrothermal treatments for overcoming dormancy in seeds of Mimosa ophthalmocentra Mart. ex Benth.\u00a0(Fabaceae: Mimosoideae)&#8221; est\u00e1 dispon\u00edvel na edi\u00e7\u00e3o n\u00famero 7, de 2017 da referida publica\u00e7\u00e3o. &#8220;A efici\u00eancia na produ\u00e7\u00e3o de mudas \u00e9 decisiva para o resultado final da sua aplicabilidade. Portanto, s\u00e3o necess\u00e1rias estrat\u00e9gias para assegurar um surgimento r\u00e1pido e uniforme, especialmente quando est\u00e1 associada a m\u00e9todos sustent\u00e1veis&#8221;, diz o estudo. A publica\u00e7\u00e3o foi assinada por Azenate Campos, Alecksandra Vieira, Riselane Lucena, Edna Ursulino, Carina Seixas, Amelya Lopes, Adriano Lopes e Francisca Maria Barbosa. &#8220;\u00c9 uma importante sinaliza\u00e7\u00e3o de que estamos trabalhando e difundindo o conhecimento gerado e isto \u00e9 o que define a base de atua\u00e7\u00e3o de todos os que est\u00e3o envolvidos no LAEB&#8221;, disse a coordenadora do Laborat\u00f3rio, professora Alecksandra Vieira. Cariri em Destaque Com Assimp CDSA\/UFCG\" \/>\n<meta property=\"og:url\" content=\"https:\/\/noticiasemdestaque.com\/cd\/?p=3562\" \/>\n<meta property=\"og:site_name\" content=\"Not&iacute;cias em Destaque\" \/>\n<meta property=\"article:published_time\" content=\"2017-08-24T10:18:48+00:00\" \/>\n<meta property=\"og:image\" content=\"https:\/\/noticiasemdestaque.com\/cd\/wp-content\/uploads\/2017\/08\/plantas-brotando-da-terra-1308255983749_560x400.jpg\" \/>\n\t<meta property=\"og:image:width\" content=\"560\" \/>\n\t<meta property=\"og:image:height\" content=\"400\" \/>\n\t<meta property=\"og:image:type\" content=\"image\/jpeg\" \/>\n<meta name=\"author\" content=\"Not\u00edcias em Destaque\" \/>\n<meta name=\"twitter:card\" content=\"summary_large_image\" \/>\n<meta name=\"twitter:label1\" content=\"Escrito por\" \/>\n\t<meta name=\"twitter:data1\" content=\"Not\u00edcias em Destaque\" \/>\n\t<meta name=\"twitter:label2\" content=\"Est. tempo de leitura\" \/>\n\t<meta name=\"twitter:data2\" content=\"1 minuto\" \/>\n<script type=\"application\/ld+json\" class=\"yoast-schema-graph\">{\"@context\":\"https:\/\/schema.org\",\"@graph\":[{\"@type\":\"Article\",\"@id\":\"https:\/\/noticiasemdestaque.com\/cd\/?p=3562#article\",\"isPartOf\":{\"@id\":\"https:\/\/noticiasemdestaque.com\/cd\/?p=3562\"},\"author\":{\"name\":\"Not\u00edcias em Destaque\",\"@id\":\"https:\/\/noticiasemdestaque.com\/cd\/#\/schema\/person\/21320b03a7e8bb90128938dafc9b908a\"},\"headline\":\"Estudo avalia influ\u00eancia de temperaturas da \u00e1gua para superar a dorm\u00eancia em semente de planta do semi\u00e1rido\",\"datePublished\":\"2017-08-24T10:18:48+00:00\",\"mainEntityOfPage\":{\"@id\":\"https:\/\/noticiasemdestaque.com\/cd\/?p=3562\"},\"wordCount\":262,\"publisher\":{\"@id\":\"https:\/\/noticiasemdestaque.com\/cd\/#organization\"},\"image\":{\"@id\":\"https:\/\/noticiasemdestaque.com\/cd\/?p=3562#primaryimage\"},\"thumbnailUrl\":\"https:\/\/noticiasemdestaque.com\/cd\/wp-content\/uploads\/2017\/08\/plantas-brotando-da-terra-1308255983749_560x400.jpg\",\"articleSection\":[\"Educa\u00e7\u00e3o\"],\"inLanguage\":\"pt-BR\"},{\"@type\":\"WebPage\",\"@id\":\"https:\/\/noticiasemdestaque.com\/cd\/?p=3562\",\"url\":\"https:\/\/noticiasemdestaque.com\/cd\/?p=3562\",\"name\":\"Estudo avalia influ\u00eancia de temperaturas da \u00e1gua para superar a dorm\u00eancia em semente de planta do semi\u00e1rido - Not&iacute;cias em Destaque\",\"isPartOf\":{\"@id\":\"https:\/\/noticiasemdestaque.com\/cd\/#website\"},\"primaryImageOfPage\":{\"@id\":\"https:\/\/noticiasemdestaque.com\/cd\/?p=3562#primaryimage\"},\"image\":{\"@id\":\"https:\/\/noticiasemdestaque.com\/cd\/?p=3562#primaryimage\"},\"thumbnailUrl\":\"https:\/\/noticiasemdestaque.com\/cd\/wp-content\/uploads\/2017\/08\/plantas-brotando-da-terra-1308255983749_560x400.jpg\",\"datePublished\":\"2017-08-24T10:18:48+00:00\",\"breadcrumb\":{\"@id\":\"https:\/\/noticiasemdestaque.com\/cd\/?p=3562#breadcrumb\"},\"inLanguage\":\"pt-BR\",\"potentialAction\":[{\"@type\":\"ReadAction\",\"target\":[\"https:\/\/noticiasemdestaque.com\/cd\/?p=3562\"]}]},{\"@type\":\"ImageObject\",\"inLanguage\":\"pt-BR\",\"@id\":\"https:\/\/noticiasemdestaque.com\/cd\/?p=3562#primaryimage\",\"url\":\"https:\/\/noticiasemdestaque.com\/cd\/wp-content\/uploads\/2017\/08\/plantas-brotando-da-terra-1308255983749_560x400.jpg\",\"contentUrl\":\"https:\/\/noticiasemdestaque.com\/cd\/wp-content\/uploads\/2017\/08\/plantas-brotando-da-terra-1308255983749_560x400.jpg\",\"width\":560,\"height\":400},{\"@type\":\"BreadcrumbList\",\"@id\":\"https:\/\/noticiasemdestaque.com\/cd\/?p=3562#breadcrumb\",\"itemListElement\":[{\"@type\":\"ListItem\",\"position\":1,\"name\":\"In\u00edcio\",\"item\":\"https:\/\/noticiasemdestaque.com\/cd\/\"},{\"@type\":\"ListItem\",\"position\":2,\"name\":\"Estudo avalia influ\u00eancia de temperaturas da \u00e1gua para superar a dorm\u00eancia em semente de planta do semi\u00e1rido\"}]},{\"@type\":\"WebSite\",\"@id\":\"https:\/\/noticiasemdestaque.com\/cd\/#website\",\"url\":\"https:\/\/noticiasemdestaque.com\/cd\/\",\"name\":\"Not&iacute;cias em Destaque\",\"description\":\"\",\"publisher\":{\"@id\":\"https:\/\/noticiasemdestaque.com\/cd\/#organization\"},\"potentialAction\":[{\"@type\":\"SearchAction\",\"target\":{\"@type\":\"EntryPoint\",\"urlTemplate\":\"https:\/\/noticiasemdestaque.com\/cd\/?s={search_term_string}\"},\"query-input\":{\"@type\":\"PropertyValueSpecification\",\"valueRequired\":true,\"valueName\":\"search_term_string\"}}],\"inLanguage\":\"pt-BR\"},{\"@type\":\"Organization\",\"@id\":\"https:\/\/noticiasemdestaque.com\/cd\/#organization\",\"name\":\"Not\u00edcias em Destaque\",\"url\":\"https:\/\/noticiasemdestaque.com\/cd\/\",\"logo\":{\"@type\":\"ImageObject\",\"inLanguage\":\"pt-BR\",\"@id\":\"https:\/\/noticiasemdestaque.com\/cd\/#\/schema\/logo\/image\/\",\"url\":\"https:\/\/noticiasemdestaque.com\/cd\/wp-content\/uploads\/2022\/05\/imagem-base-noticiasemdestaque.png\",\"contentUrl\":\"https:\/\/noticiasemdestaque.com\/cd\/wp-content\/uploads\/2022\/05\/imagem-base-noticiasemdestaque.png\",\"width\":1200,\"height\":630,\"caption\":\"Not\u00edcias em Destaque\"},\"image\":{\"@id\":\"https:\/\/noticiasemdestaque.com\/cd\/#\/schema\/logo\/image\/\"}},{\"@type\":\"Person\",\"@id\":\"https:\/\/noticiasemdestaque.com\/cd\/#\/schema\/person\/21320b03a7e8bb90128938dafc9b908a\",\"name\":\"Not\u00edcias em Destaque\",\"url\":\"https:\/\/noticiasemdestaque.com\/cd\/?author=2\"}]}<\/script>\n<!-- \/ Yoast SEO plugin. -->","yoast_head_json":{"title":"Estudo avalia influ\u00eancia de temperaturas da \u00e1gua para superar a dorm\u00eancia em semente de planta do semi\u00e1rido - Not&iacute;cias em Destaque","robots":{"index":"index","follow":"follow","max-snippet":"max-snippet:-1","max-image-preview":"max-image-preview:large","max-video-preview":"max-video-preview:-1"},"canonical":"https:\/\/noticiasemdestaque.com\/cd\/?p=3562","og_locale":"pt_BR","og_type":"article","og_title":"Estudo avalia influ\u00eancia de temperaturas da \u00e1gua para superar a dorm\u00eancia em semente de planta do semi\u00e1rido - Not&iacute;cias em Destaque","og_description":"Um estudo que aborda quest\u00f5es que marcam popula\u00e7\u00f5es vegetais de refer\u00eancia nos sistemas ecol\u00f3gicos do Semi\u00e1rido brasileiro foi publicado por integrantes e colaboradores do Laborat\u00f3rio de Ecologia e Bot\u00e2nica (LAEB) do Centro de Desenvolvimento Sustent\u00e1vel do Semi\u00e1rido no peri\u00f3dico Brazilian Journal of Biological Sciences. O objetivo foi avaliar a influ\u00eancia de diferentes temperaturas da \u00e1gua como supera\u00e7\u00e3o da dorm\u00eancia da semente em Mimosa ophthalmocentra Mart. Ex Benth. (conhecida como jurema de imbira) de forma simples e econ\u00f4mica, na regi\u00e3o semi\u00e1rida brasileira. O artigo &#8220;Hydrothermal treatments for overcoming dormancy in seeds of Mimosa ophthalmocentra Mart. ex Benth.\u00a0(Fabaceae: Mimosoideae)&#8221; est\u00e1 dispon\u00edvel na edi\u00e7\u00e3o n\u00famero 7, de 2017 da referida publica\u00e7\u00e3o. &#8220;A efici\u00eancia na produ\u00e7\u00e3o de mudas \u00e9 decisiva para o resultado final da sua aplicabilidade. Portanto, s\u00e3o necess\u00e1rias estrat\u00e9gias para assegurar um surgimento r\u00e1pido e uniforme, especialmente quando est\u00e1 associada a m\u00e9todos sustent\u00e1veis&#8221;, diz o estudo. A publica\u00e7\u00e3o foi assinada por Azenate Campos, Alecksandra Vieira, Riselane Lucena, Edna Ursulino, Carina Seixas, Amelya Lopes, Adriano Lopes e Francisca Maria Barbosa. &#8220;\u00c9 uma importante sinaliza\u00e7\u00e3o de que estamos trabalhando e difundindo o conhecimento gerado e isto \u00e9 o que define a base de atua\u00e7\u00e3o de todos os que est\u00e3o envolvidos no LAEB&#8221;, disse a coordenadora do Laborat\u00f3rio, professora Alecksandra Vieira. Cariri em Destaque Com Assimp CDSA\/UFCG","og_url":"https:\/\/noticiasemdestaque.com\/cd\/?p=3562","og_site_name":"Not&iacute;cias em Destaque","article_published_time":"2017-08-24T10:18:48+00:00","og_image":[{"width":560,"height":400,"url":"https:\/\/noticiasemdestaque.com\/cd\/wp-content\/uploads\/2017\/08\/plantas-brotando-da-terra-1308255983749_560x400.jpg","type":"image\/jpeg"}],"author":"Not\u00edcias em Destaque","twitter_card":"summary_large_image","twitter_misc":{"Escrito por":"Not\u00edcias em Destaque","Est. tempo de leitura":"1 minuto"},"schema":{"@context":"https:\/\/schema.org","@graph":[{"@type":"Article","@id":"https:\/\/noticiasemdestaque.com\/cd\/?p=3562#article","isPartOf":{"@id":"https:\/\/noticiasemdestaque.com\/cd\/?p=3562"},"author":{"name":"Not\u00edcias em Destaque","@id":"https:\/\/noticiasemdestaque.com\/cd\/#\/schema\/person\/21320b03a7e8bb90128938dafc9b908a"},"headline":"Estudo avalia influ\u00eancia de temperaturas da \u00e1gua para superar a dorm\u00eancia em semente de planta do semi\u00e1rido","datePublished":"2017-08-24T10:18:48+00:00","mainEntityOfPage":{"@id":"https:\/\/noticiasemdestaque.com\/cd\/?p=3562"},"wordCount":262,"publisher":{"@id":"https:\/\/noticiasemdestaque.com\/cd\/#organization"},"image":{"@id":"https:\/\/noticiasemdestaque.com\/cd\/?p=3562#primaryimage"},"thumbnailUrl":"https:\/\/noticiasemdestaque.com\/cd\/wp-content\/uploads\/2017\/08\/plantas-brotando-da-terra-1308255983749_560x400.jpg","articleSection":["Educa\u00e7\u00e3o"],"inLanguage":"pt-BR"},{"@type":"WebPage","@id":"https:\/\/noticiasemdestaque.com\/cd\/?p=3562","url":"https:\/\/noticiasemdestaque.com\/cd\/?p=3562","name":"Estudo avalia influ\u00eancia de temperaturas da \u00e1gua para superar a dorm\u00eancia em semente de planta do semi\u00e1rido - Not&iacute;cias em Destaque","isPartOf":{"@id":"https:\/\/noticiasemdestaque.com\/cd\/#website"},"primaryImageOfPage":{"@id":"https:\/\/noticiasemdestaque.com\/cd\/?p=3562#primaryimage"},"image":{"@id":"https:\/\/noticiasemdestaque.com\/cd\/?p=3562#primaryimage"},"thumbnailUrl":"https:\/\/noticiasemdestaque.com\/cd\/wp-content\/uploads\/2017\/08\/plantas-brotando-da-terra-1308255983749_560x400.jpg","datePublished":"2017-08-24T10:18:48+00:00","breadcrumb":{"@id":"https:\/\/noticiasemdestaque.com\/cd\/?p=3562#breadcrumb"},"inLanguage":"pt-BR","potentialAction":[{"@type":"ReadAction","target":["https:\/\/noticiasemdestaque.com\/cd\/?p=3562"]}]},{"@type":"ImageObject","inLanguage":"pt-BR","@id":"https:\/\/noticiasemdestaque.com\/cd\/?p=3562#primaryimage","url":"https:\/\/noticiasemdestaque.com\/cd\/wp-content\/uploads\/2017\/08\/plantas-brotando-da-terra-1308255983749_560x400.jpg","contentUrl":"https:\/\/noticiasemdestaque.com\/cd\/wp-content\/uploads\/2017\/08\/plantas-brotando-da-terra-1308255983749_560x400.jpg","width":560,"height":400},{"@type":"BreadcrumbList","@id":"https:\/\/noticiasemdestaque.com\/cd\/?p=3562#breadcrumb","itemListElement":[{"@type":"ListItem","position":1,"name":"In\u00edcio","item":"https:\/\/noticiasemdestaque.com\/cd\/"},{"@type":"ListItem","position":2,"name":"Estudo avalia influ\u00eancia de temperaturas da \u00e1gua para superar a dorm\u00eancia em semente de planta do semi\u00e1rido"}]},{"@type":"WebSite","@id":"https:\/\/noticiasemdestaque.com\/cd\/#website","url":"https:\/\/noticiasemdestaque.com\/cd\/","name":"Not&iacute;cias em Destaque","description":"","publisher":{"@id":"https:\/\/noticiasemdestaque.com\/cd\/#organization"},"potentialAction":[{"@type":"SearchAction","target":{"@type":"EntryPoint","urlTemplate":"https:\/\/noticiasemdestaque.com\/cd\/?s={search_term_string}"},"query-input":{"@type":"PropertyValueSpecification","valueRequired":true,"valueName":"search_term_string"}}],"inLanguage":"pt-BR"},{"@type":"Organization","@id":"https:\/\/noticiasemdestaque.com\/cd\/#organization","name":"Not\u00edcias em Destaque","url":"https:\/\/noticiasemdestaque.com\/cd\/","logo":{"@type":"ImageObject","inLanguage":"pt-BR","@id":"https:\/\/noticiasemdestaque.com\/cd\/#\/schema\/logo\/image\/","url":"https:\/\/noticiasemdestaque.com\/cd\/wp-content\/uploads\/2022\/05\/imagem-base-noticiasemdestaque.png","contentUrl":"https:\/\/noticiasemdestaque.com\/cd\/wp-content\/uploads\/2022\/05\/imagem-base-noticiasemdestaque.png","width":1200,"height":630,"caption":"Not\u00edcias em Destaque"},"image":{"@id":"https:\/\/noticiasemdestaque.com\/cd\/#\/schema\/logo\/image\/"}},{"@type":"Person","@id":"https:\/\/noticiasemdestaque.com\/cd\/#\/schema\/person\/21320b03a7e8bb90128938dafc9b908a","name":"Not\u00edcias em Destaque","url":"https:\/\/noticiasemdestaque.com\/cd\/?author=2"}]}},"jetpack_featured_media_url":"https:\/\/noticiasemdestaque.com\/cd\/wp-content\/uploads\/2017\/08\/plantas-brotando-da-terra-1308255983749_560x400.jpg","jetpack_sharing_enabled":true,"_links":{"self":[{"href":"https:\/\/noticiasemdestaque.com\/cd\/index.php?rest_route=\/wp\/v2\/posts\/3562","targetHints":{"allow":["GET"]}}],"collection":[{"href":"https:\/\/noticiasemdestaque.com\/cd\/index.php?rest_route=\/wp\/v2\/posts"}],"about":[{"href":"https:\/\/noticiasemdestaque.com\/cd\/index.php?rest_route=\/wp\/v2\/types\/post"}],"author":[{"embeddable":true,"href":"https:\/\/noticiasemdestaque.com\/cd\/index.php?rest_route=\/wp\/v2\/users\/2"}],"replies":[{"embeddable":true,"href":"https:\/\/noticiasemdestaque.com\/cd\/index.php?rest_route=%2Fwp%2Fv2%2Fcomments&post=3562"}],"version-history":[{"count":1,"href":"https:\/\/noticiasemdestaque.com\/cd\/index.php?rest_route=\/wp\/v2\/posts\/3562\/revisions"}],"predecessor-version":[{"id":3564,"href":"https:\/\/noticiasemdestaque.com\/cd\/index.php?rest_route=\/wp\/v2\/posts\/3562\/revisions\/3564"}],"wp:featuredmedia":[{"embeddable":true,"href":"https:\/\/noticiasemdestaque.com\/cd\/index.php?rest_route=\/wp\/v2\/media\/3563"}],"wp:attachment":[{"href":"https:\/\/noticiasemdestaque.com\/cd\/index.php?rest_route=%2Fwp%2Fv2%2Fmedia&parent=3562"}],"wp:term":[{"taxonomy":"category","embeddable":true,"href":"https:\/\/noticiasemdestaque.com\/cd\/index.php?rest_route=%2Fwp%2Fv2%2Fcategories&post=3562"},{"taxonomy":"post_tag","embeddable":true,"href":"https:\/\/noticiasemdestaque.com\/cd\/index.php?rest_route=%2Fwp%2Fv2%2Ftags&post=3562"}],"curies":[{"name":"wp","href":"https:\/\/api.w.org\/{rel}","templated":true}]}}