{"id":3552,"date":"2017-08-24T07:05:46","date_gmt":"2017-08-24T10:05:46","guid":{"rendered":"http:\/\/caririemdestaque.com\/cd\/?p=3552"},"modified":"2017-08-23T19:12:06","modified_gmt":"2017-08-23T22:12:06","slug":"ministro-do-tcu-e-politicos-paraibanos-devem-responder-na-justica-por-farra-das-passagens","status":"publish","type":"post","link":"https:\/\/noticiasemdestaque.com\/cd\/?p=3552","title":{"rendered":"Ministro do TCU e pol\u00edticos paraibanos devem responder na Justi\u00e7a por \u2018farra das passagens\u2019"},"content":{"rendered":"<p><a href=\"http:\/\/caririemdestaque.com\/cd\/wp-content\/uploads\/2017\/08\/tcu-300x268.jpg\"><img fetchpriority=\"high\" decoding=\"async\" class=\"size-medium wp-image-3553 alignleft\" src=\"http:\/\/caririemdestaque.com\/cd\/wp-content\/uploads\/2017\/08\/tcu-300x268-300x268.jpg\" alt=\"\" width=\"300\" height=\"268\" \/><\/a>O Minist\u00e9rio P\u00fablico se prepara para ir \u00e0 Justi\u00e7a cobrar cerca de R$ 50 milh\u00f5es de mais de 500 pol\u00edticos envolvidos no caso que ficou conhecido como \u2018farra das passagens\u2019, que veio \u00e0 tona em 2009. Na lista figuram cinco paraibanos, dentre eles o ministro do Tribunal de Contas da Uni\u00e3o (TCU) Vital do R\u00eago. Al\u00e9m dele, tem Wilson Santiago, Armando Ab\u00edlio, Marcondes Gadelha e Wilson Braga.<\/p>\n<p>A lista ainda inclui nomes que figuram no governo de Temer. Como o chefe da Casa Civil, Eliseu Padilha (PMDB), o ministro da Sa\u00fade, Ricardo Barros (PP), os presidente do Senado, Eun\u00edcio Oliveira (PMDB-CE), e da C\u00e2mara, Rodrigo Maia (DEM-RJ), os ministros do TCU Jos\u00e9 M\u00facio e Ana Arraes e os governadores de Bras\u00edlia, Rodrigo Rollemberg (PSB), do Maranh\u00e3o, Fl\u00e1vio Dino (PCdoB), e de Sergipe, Jackson Barreto (PMDB). Todos eram deputados em 2009, quando as investiga\u00e7\u00f5es avan\u00e7aram.<\/p>\n<p>De acordo com a procuradora Sara Moreira Leite, que assumiu um inqu\u00e9rito civil que se arrasta pelo Minist\u00e9rio P\u00fablico, a inten\u00e7\u00e3o \u00e9 processar todas as 558 pessoas da rela\u00e7\u00e3o, que gastaram 76 mil bilhetes a\u00e9reos irregularmente. Desses, 1.606 eram para o exterior. Mas antes \u00e9 preciso atualizar os valores, excluir eventuais pol\u00edticos falecidos e passar a abrir a\u00e7\u00f5es na Justi\u00e7a at\u00e9 concluir tudo em menos de um ano. Dois tipos de processos devem ser abertos.<\/p>\n<p>O primeiro \u00e9 de ressarcimento aos cofres p\u00fablicos pelo uso de passagens a\u00e9reas pagas com dinheiro p\u00fablico mas que serviram para fins privados, como viagens ao exterior, passeios com a fam\u00edlia, cess\u00e3o para eleitores ou outras pessoas sem vincula\u00e7\u00e3o ao mandato. O segundo s\u00e3o a\u00e7\u00f5es de improbidade administrativa que servem tamb\u00e9m para pedir que a Justi\u00e7a impe\u00e7a o pol\u00edtico de ocupar cargos p\u00fablicos, manter contratos com o Estado ou obter incentivos fiscais \u2013 mas esse tipo de processo s\u00f3 pode ser aberto at\u00e9 cinco anos depois de os pol\u00edticos terem deixado seus cargos de deputado.<\/p>\n<p>Os atos considerados il\u00edcitos foram cometidos entre 2007 e 2009. Na semana retrasada, Sara Moreira ajuizou a\u00e7\u00f5es criminais por peculato contra 72 pol\u00edticos da lista na 12\u00aa Vara Federal de Bras\u00edlia.<\/p>\n<p>blogdogordinho com Congresso em Foco<\/p>\n","protected":false},"excerpt":{"rendered":"<p>O Minist\u00e9rio P\u00fablico se prepara para ir \u00e0 Justi\u00e7a cobrar cerca de R$ 50 milh\u00f5es de mais de 500 pol\u00edticos envolvidos no caso que ficou conhecido como \u2018farra das passagens\u2019, que veio \u00e0 tona em 2009. Na lista figuram cinco paraibanos, dentre eles o ministro do Tribunal de Contas da Uni\u00e3o (TCU) Vital do R\u00eago. Al\u00e9m dele, tem Wilson Santiago, Armando Ab\u00edlio, Marcondes Gadelha e Wilson Braga. A lista ainda inclui nomes que figuram no governo de Temer. Como o chefe da Casa Civil, Eliseu Padilha (PMDB), o ministro da Sa\u00fade, Ricardo Barros (PP), os presidente do Senado, Eun\u00edcio Oliveira (PMDB-CE), e da C\u00e2mara, Rodrigo Maia (DEM-RJ), os ministros do TCU Jos\u00e9 M\u00facio e Ana Arraes e os governadores de Bras\u00edlia, Rodrigo Rollemberg (PSB), do Maranh\u00e3o, Fl\u00e1vio Dino (PCdoB), e de Sergipe, Jackson Barreto (PMDB). Todos eram deputados em 2009, quando as investiga\u00e7\u00f5es avan\u00e7aram. De acordo com a procuradora Sara Moreira Leite, que assumiu um inqu\u00e9rito civil que se arrasta pelo Minist\u00e9rio P\u00fablico, a inten\u00e7\u00e3o \u00e9 processar todas as 558 pessoas da rela\u00e7\u00e3o, que gastaram 76 mil bilhetes a\u00e9reos irregularmente. Desses, 1.606 eram para o exterior. Mas antes \u00e9 preciso atualizar os valores, excluir eventuais pol\u00edticos falecidos e passar a abrir a\u00e7\u00f5es na Justi\u00e7a at\u00e9 concluir tudo em menos de um ano. Dois tipos de processos devem ser abertos. O primeiro \u00e9 de ressarcimento aos cofres p\u00fablicos pelo uso de passagens a\u00e9reas pagas com dinheiro p\u00fablico mas que serviram para fins privados, como viagens ao exterior, passeios com a fam\u00edlia, cess\u00e3o para eleitores ou outras pessoas sem vincula\u00e7\u00e3o ao mandato. O segundo s\u00e3o a\u00e7\u00f5es de improbidade administrativa que servem tamb\u00e9m para pedir que a Justi\u00e7a impe\u00e7a o pol\u00edtico de ocupar cargos p\u00fablicos, manter contratos com o Estado ou obter incentivos fiscais \u2013 mas esse tipo de processo s\u00f3 pode ser aberto at\u00e9 cinco anos depois de os pol\u00edticos terem deixado seus cargos de deputado. Os atos considerados il\u00edcitos foram cometidos entre 2007 e 2009. Na semana retrasada, Sara Moreira ajuizou a\u00e7\u00f5es criminais por peculato contra 72 pol\u00edticos da lista na 12\u00aa Vara Federal de Bras\u00edlia. blogdogordinho com Congresso em Foco<\/p>\n","protected":false},"author":2,"featured_media":3553,"comment_status":"closed","ping_status":"open","sticky":false,"template":"","format":"standard","meta":{"_eb_attr":"","_jetpack_memberships_contains_paid_content":false,"footnotes":""},"categories":[4],"tags":[],"class_list":["post-3552","post","type-post","status-publish","format-standard","has-post-thumbnail","hentry","category-politica"],"yoast_head":"<!-- This site is optimized with the Yoast SEO plugin v26.5 - https:\/\/yoast.com\/wordpress\/plugins\/seo\/ -->\n<title>Ministro do TCU e pol\u00edticos paraibanos devem responder na Justi\u00e7a por \u2018farra das passagens\u2019 - Not&iacute;cias em Destaque<\/title>\n<meta name=\"robots\" content=\"index, follow, max-snippet:-1, max-image-preview:large, max-video-preview:-1\" \/>\n<link rel=\"canonical\" href=\"https:\/\/noticiasemdestaque.com\/cd\/?p=3552\" \/>\n<meta property=\"og:locale\" content=\"pt_BR\" \/>\n<meta property=\"og:type\" content=\"article\" \/>\n<meta property=\"og:title\" content=\"Ministro do TCU e pol\u00edticos paraibanos devem responder na Justi\u00e7a por \u2018farra das passagens\u2019 - Not&iacute;cias em Destaque\" \/>\n<meta property=\"og:description\" content=\"O Minist\u00e9rio P\u00fablico se prepara para ir \u00e0 Justi\u00e7a cobrar cerca de R$ 50 milh\u00f5es de mais de 500 pol\u00edticos envolvidos no caso que ficou conhecido como \u2018farra das passagens\u2019, que veio \u00e0 tona em 2009. Na lista figuram cinco paraibanos, dentre eles o ministro do Tribunal de Contas da Uni\u00e3o (TCU) Vital do R\u00eago. Al\u00e9m dele, tem Wilson Santiago, Armando Ab\u00edlio, Marcondes Gadelha e Wilson Braga. A lista ainda inclui nomes que figuram no governo de Temer. Como o chefe da Casa Civil, Eliseu Padilha (PMDB), o ministro da Sa\u00fade, Ricardo Barros (PP), os presidente do Senado, Eun\u00edcio Oliveira (PMDB-CE), e da C\u00e2mara, Rodrigo Maia (DEM-RJ), os ministros do TCU Jos\u00e9 M\u00facio e Ana Arraes e os governadores de Bras\u00edlia, Rodrigo Rollemberg (PSB), do Maranh\u00e3o, Fl\u00e1vio Dino (PCdoB), e de Sergipe, Jackson Barreto (PMDB). Todos eram deputados em 2009, quando as investiga\u00e7\u00f5es avan\u00e7aram. De acordo com a procuradora Sara Moreira Leite, que assumiu um inqu\u00e9rito civil que se arrasta pelo Minist\u00e9rio P\u00fablico, a inten\u00e7\u00e3o \u00e9 processar todas as 558 pessoas da rela\u00e7\u00e3o, que gastaram 76 mil bilhetes a\u00e9reos irregularmente. Desses, 1.606 eram para o exterior. Mas antes \u00e9 preciso atualizar os valores, excluir eventuais pol\u00edticos falecidos e passar a abrir a\u00e7\u00f5es na Justi\u00e7a at\u00e9 concluir tudo em menos de um ano. Dois tipos de processos devem ser abertos. O primeiro \u00e9 de ressarcimento aos cofres p\u00fablicos pelo uso de passagens a\u00e9reas pagas com dinheiro p\u00fablico mas que serviram para fins privados, como viagens ao exterior, passeios com a fam\u00edlia, cess\u00e3o para eleitores ou outras pessoas sem vincula\u00e7\u00e3o ao mandato. O segundo s\u00e3o a\u00e7\u00f5es de improbidade administrativa que servem tamb\u00e9m para pedir que a Justi\u00e7a impe\u00e7a o pol\u00edtico de ocupar cargos p\u00fablicos, manter contratos com o Estado ou obter incentivos fiscais \u2013 mas esse tipo de processo s\u00f3 pode ser aberto at\u00e9 cinco anos depois de os pol\u00edticos terem deixado seus cargos de deputado. Os atos considerados il\u00edcitos foram cometidos entre 2007 e 2009. Na semana retrasada, Sara Moreira ajuizou a\u00e7\u00f5es criminais por peculato contra 72 pol\u00edticos da lista na 12\u00aa Vara Federal de Bras\u00edlia. blogdogordinho com Congresso em Foco\" \/>\n<meta property=\"og:url\" content=\"https:\/\/noticiasemdestaque.com\/cd\/?p=3552\" \/>\n<meta property=\"og:site_name\" content=\"Not&iacute;cias em Destaque\" \/>\n<meta property=\"article:published_time\" content=\"2017-08-24T10:05:46+00:00\" \/>\n<meta property=\"og:image\" content=\"https:\/\/noticiasemdestaque.com\/cd\/wp-content\/uploads\/2017\/08\/tcu-300x268.jpg\" \/>\n\t<meta property=\"og:image:width\" content=\"300\" \/>\n\t<meta property=\"og:image:height\" content=\"268\" \/>\n\t<meta property=\"og:image:type\" content=\"image\/jpeg\" \/>\n<meta name=\"author\" content=\"Not\u00edcias em Destaque\" \/>\n<meta name=\"twitter:card\" content=\"summary_large_image\" \/>\n<meta name=\"twitter:label1\" content=\"Escrito por\" \/>\n\t<meta name=\"twitter:data1\" content=\"Not\u00edcias em Destaque\" \/>\n\t<meta name=\"twitter:label2\" content=\"Est. tempo de leitura\" \/>\n\t<meta name=\"twitter:data2\" content=\"2 minutos\" \/>\n<script type=\"application\/ld+json\" class=\"yoast-schema-graph\">{\"@context\":\"https:\/\/schema.org\",\"@graph\":[{\"@type\":\"Article\",\"@id\":\"https:\/\/noticiasemdestaque.com\/cd\/?p=3552#article\",\"isPartOf\":{\"@id\":\"https:\/\/noticiasemdestaque.com\/cd\/?p=3552\"},\"author\":{\"name\":\"Not\u00edcias em Destaque\",\"@id\":\"https:\/\/noticiasemdestaque.com\/cd\/#\/schema\/person\/21320b03a7e8bb90128938dafc9b908a\"},\"headline\":\"Ministro do TCU e pol\u00edticos paraibanos devem responder na Justi\u00e7a por \u2018farra das passagens\u2019\",\"datePublished\":\"2017-08-24T10:05:46+00:00\",\"mainEntityOfPage\":{\"@id\":\"https:\/\/noticiasemdestaque.com\/cd\/?p=3552\"},\"wordCount\":394,\"publisher\":{\"@id\":\"https:\/\/noticiasemdestaque.com\/cd\/#organization\"},\"image\":{\"@id\":\"https:\/\/noticiasemdestaque.com\/cd\/?p=3552#primaryimage\"},\"thumbnailUrl\":\"https:\/\/noticiasemdestaque.com\/cd\/wp-content\/uploads\/2017\/08\/tcu-300x268.jpg\",\"articleSection\":[\"Pol\u00edtica\"],\"inLanguage\":\"pt-BR\"},{\"@type\":\"WebPage\",\"@id\":\"https:\/\/noticiasemdestaque.com\/cd\/?p=3552\",\"url\":\"https:\/\/noticiasemdestaque.com\/cd\/?p=3552\",\"name\":\"Ministro do TCU e pol\u00edticos paraibanos devem responder na Justi\u00e7a por \u2018farra das passagens\u2019 - Not&iacute;cias em Destaque\",\"isPartOf\":{\"@id\":\"https:\/\/noticiasemdestaque.com\/cd\/#website\"},\"primaryImageOfPage\":{\"@id\":\"https:\/\/noticiasemdestaque.com\/cd\/?p=3552#primaryimage\"},\"image\":{\"@id\":\"https:\/\/noticiasemdestaque.com\/cd\/?p=3552#primaryimage\"},\"thumbnailUrl\":\"https:\/\/noticiasemdestaque.com\/cd\/wp-content\/uploads\/2017\/08\/tcu-300x268.jpg\",\"datePublished\":\"2017-08-24T10:05:46+00:00\",\"breadcrumb\":{\"@id\":\"https:\/\/noticiasemdestaque.com\/cd\/?p=3552#breadcrumb\"},\"inLanguage\":\"pt-BR\",\"potentialAction\":[{\"@type\":\"ReadAction\",\"target\":[\"https:\/\/noticiasemdestaque.com\/cd\/?p=3552\"]}]},{\"@type\":\"ImageObject\",\"inLanguage\":\"pt-BR\",\"@id\":\"https:\/\/noticiasemdestaque.com\/cd\/?p=3552#primaryimage\",\"url\":\"https:\/\/noticiasemdestaque.com\/cd\/wp-content\/uploads\/2017\/08\/tcu-300x268.jpg\",\"contentUrl\":\"https:\/\/noticiasemdestaque.com\/cd\/wp-content\/uploads\/2017\/08\/tcu-300x268.jpg\",\"width\":300,\"height\":268},{\"@type\":\"BreadcrumbList\",\"@id\":\"https:\/\/noticiasemdestaque.com\/cd\/?p=3552#breadcrumb\",\"itemListElement\":[{\"@type\":\"ListItem\",\"position\":1,\"name\":\"In\u00edcio\",\"item\":\"https:\/\/noticiasemdestaque.com\/cd\/\"},{\"@type\":\"ListItem\",\"position\":2,\"name\":\"Ministro do TCU e pol\u00edticos paraibanos devem responder na Justi\u00e7a por \u2018farra das passagens\u2019\"}]},{\"@type\":\"WebSite\",\"@id\":\"https:\/\/noticiasemdestaque.com\/cd\/#website\",\"url\":\"https:\/\/noticiasemdestaque.com\/cd\/\",\"name\":\"Not&iacute;cias em Destaque\",\"description\":\"\",\"publisher\":{\"@id\":\"https:\/\/noticiasemdestaque.com\/cd\/#organization\"},\"potentialAction\":[{\"@type\":\"SearchAction\",\"target\":{\"@type\":\"EntryPoint\",\"urlTemplate\":\"https:\/\/noticiasemdestaque.com\/cd\/?s={search_term_string}\"},\"query-input\":{\"@type\":\"PropertyValueSpecification\",\"valueRequired\":true,\"valueName\":\"search_term_string\"}}],\"inLanguage\":\"pt-BR\"},{\"@type\":\"Organization\",\"@id\":\"https:\/\/noticiasemdestaque.com\/cd\/#organization\",\"name\":\"Not\u00edcias em Destaque\",\"url\":\"https:\/\/noticiasemdestaque.com\/cd\/\",\"logo\":{\"@type\":\"ImageObject\",\"inLanguage\":\"pt-BR\",\"@id\":\"https:\/\/noticiasemdestaque.com\/cd\/#\/schema\/logo\/image\/\",\"url\":\"https:\/\/noticiasemdestaque.com\/cd\/wp-content\/uploads\/2022\/05\/imagem-base-noticiasemdestaque.png\",\"contentUrl\":\"https:\/\/noticiasemdestaque.com\/cd\/wp-content\/uploads\/2022\/05\/imagem-base-noticiasemdestaque.png\",\"width\":1200,\"height\":630,\"caption\":\"Not\u00edcias em Destaque\"},\"image\":{\"@id\":\"https:\/\/noticiasemdestaque.com\/cd\/#\/schema\/logo\/image\/\"}},{\"@type\":\"Person\",\"@id\":\"https:\/\/noticiasemdestaque.com\/cd\/#\/schema\/person\/21320b03a7e8bb90128938dafc9b908a\",\"name\":\"Not\u00edcias em Destaque\",\"url\":\"https:\/\/noticiasemdestaque.com\/cd\/?author=2\"}]}<\/script>\n<!-- \/ Yoast SEO plugin. -->","yoast_head_json":{"title":"Ministro do TCU e pol\u00edticos paraibanos devem responder na Justi\u00e7a por \u2018farra das passagens\u2019 - Not&iacute;cias em Destaque","robots":{"index":"index","follow":"follow","max-snippet":"max-snippet:-1","max-image-preview":"max-image-preview:large","max-video-preview":"max-video-preview:-1"},"canonical":"https:\/\/noticiasemdestaque.com\/cd\/?p=3552","og_locale":"pt_BR","og_type":"article","og_title":"Ministro do TCU e pol\u00edticos paraibanos devem responder na Justi\u00e7a por \u2018farra das passagens\u2019 - Not&iacute;cias em Destaque","og_description":"O Minist\u00e9rio P\u00fablico se prepara para ir \u00e0 Justi\u00e7a cobrar cerca de R$ 50 milh\u00f5es de mais de 500 pol\u00edticos envolvidos no caso que ficou conhecido como \u2018farra das passagens\u2019, que veio \u00e0 tona em 2009. Na lista figuram cinco paraibanos, dentre eles o ministro do Tribunal de Contas da Uni\u00e3o (TCU) Vital do R\u00eago. Al\u00e9m dele, tem Wilson Santiago, Armando Ab\u00edlio, Marcondes Gadelha e Wilson Braga. A lista ainda inclui nomes que figuram no governo de Temer. Como o chefe da Casa Civil, Eliseu Padilha (PMDB), o ministro da Sa\u00fade, Ricardo Barros (PP), os presidente do Senado, Eun\u00edcio Oliveira (PMDB-CE), e da C\u00e2mara, Rodrigo Maia (DEM-RJ), os ministros do TCU Jos\u00e9 M\u00facio e Ana Arraes e os governadores de Bras\u00edlia, Rodrigo Rollemberg (PSB), do Maranh\u00e3o, Fl\u00e1vio Dino (PCdoB), e de Sergipe, Jackson Barreto (PMDB). Todos eram deputados em 2009, quando as investiga\u00e7\u00f5es avan\u00e7aram. De acordo com a procuradora Sara Moreira Leite, que assumiu um inqu\u00e9rito civil que se arrasta pelo Minist\u00e9rio P\u00fablico, a inten\u00e7\u00e3o \u00e9 processar todas as 558 pessoas da rela\u00e7\u00e3o, que gastaram 76 mil bilhetes a\u00e9reos irregularmente. Desses, 1.606 eram para o exterior. Mas antes \u00e9 preciso atualizar os valores, excluir eventuais pol\u00edticos falecidos e passar a abrir a\u00e7\u00f5es na Justi\u00e7a at\u00e9 concluir tudo em menos de um ano. Dois tipos de processos devem ser abertos. O primeiro \u00e9 de ressarcimento aos cofres p\u00fablicos pelo uso de passagens a\u00e9reas pagas com dinheiro p\u00fablico mas que serviram para fins privados, como viagens ao exterior, passeios com a fam\u00edlia, cess\u00e3o para eleitores ou outras pessoas sem vincula\u00e7\u00e3o ao mandato. O segundo s\u00e3o a\u00e7\u00f5es de improbidade administrativa que servem tamb\u00e9m para pedir que a Justi\u00e7a impe\u00e7a o pol\u00edtico de ocupar cargos p\u00fablicos, manter contratos com o Estado ou obter incentivos fiscais \u2013 mas esse tipo de processo s\u00f3 pode ser aberto at\u00e9 cinco anos depois de os pol\u00edticos terem deixado seus cargos de deputado. Os atos considerados il\u00edcitos foram cometidos entre 2007 e 2009. Na semana retrasada, Sara Moreira ajuizou a\u00e7\u00f5es criminais por peculato contra 72 pol\u00edticos da lista na 12\u00aa Vara Federal de Bras\u00edlia. blogdogordinho com Congresso em Foco","og_url":"https:\/\/noticiasemdestaque.com\/cd\/?p=3552","og_site_name":"Not&iacute;cias em Destaque","article_published_time":"2017-08-24T10:05:46+00:00","og_image":[{"width":300,"height":268,"url":"https:\/\/noticiasemdestaque.com\/cd\/wp-content\/uploads\/2017\/08\/tcu-300x268.jpg","type":"image\/jpeg"}],"author":"Not\u00edcias em Destaque","twitter_card":"summary_large_image","twitter_misc":{"Escrito por":"Not\u00edcias em Destaque","Est. tempo de leitura":"2 minutos"},"schema":{"@context":"https:\/\/schema.org","@graph":[{"@type":"Article","@id":"https:\/\/noticiasemdestaque.com\/cd\/?p=3552#article","isPartOf":{"@id":"https:\/\/noticiasemdestaque.com\/cd\/?p=3552"},"author":{"name":"Not\u00edcias em Destaque","@id":"https:\/\/noticiasemdestaque.com\/cd\/#\/schema\/person\/21320b03a7e8bb90128938dafc9b908a"},"headline":"Ministro do TCU e pol\u00edticos paraibanos devem responder na Justi\u00e7a por \u2018farra das passagens\u2019","datePublished":"2017-08-24T10:05:46+00:00","mainEntityOfPage":{"@id":"https:\/\/noticiasemdestaque.com\/cd\/?p=3552"},"wordCount":394,"publisher":{"@id":"https:\/\/noticiasemdestaque.com\/cd\/#organization"},"image":{"@id":"https:\/\/noticiasemdestaque.com\/cd\/?p=3552#primaryimage"},"thumbnailUrl":"https:\/\/noticiasemdestaque.com\/cd\/wp-content\/uploads\/2017\/08\/tcu-300x268.jpg","articleSection":["Pol\u00edtica"],"inLanguage":"pt-BR"},{"@type":"WebPage","@id":"https:\/\/noticiasemdestaque.com\/cd\/?p=3552","url":"https:\/\/noticiasemdestaque.com\/cd\/?p=3552","name":"Ministro do TCU e pol\u00edticos paraibanos devem responder na Justi\u00e7a por \u2018farra das passagens\u2019 - Not&iacute;cias em Destaque","isPartOf":{"@id":"https:\/\/noticiasemdestaque.com\/cd\/#website"},"primaryImageOfPage":{"@id":"https:\/\/noticiasemdestaque.com\/cd\/?p=3552#primaryimage"},"image":{"@id":"https:\/\/noticiasemdestaque.com\/cd\/?p=3552#primaryimage"},"thumbnailUrl":"https:\/\/noticiasemdestaque.com\/cd\/wp-content\/uploads\/2017\/08\/tcu-300x268.jpg","datePublished":"2017-08-24T10:05:46+00:00","breadcrumb":{"@id":"https:\/\/noticiasemdestaque.com\/cd\/?p=3552#breadcrumb"},"inLanguage":"pt-BR","potentialAction":[{"@type":"ReadAction","target":["https:\/\/noticiasemdestaque.com\/cd\/?p=3552"]}]},{"@type":"ImageObject","inLanguage":"pt-BR","@id":"https:\/\/noticiasemdestaque.com\/cd\/?p=3552#primaryimage","url":"https:\/\/noticiasemdestaque.com\/cd\/wp-content\/uploads\/2017\/08\/tcu-300x268.jpg","contentUrl":"https:\/\/noticiasemdestaque.com\/cd\/wp-content\/uploads\/2017\/08\/tcu-300x268.jpg","width":300,"height":268},{"@type":"BreadcrumbList","@id":"https:\/\/noticiasemdestaque.com\/cd\/?p=3552#breadcrumb","itemListElement":[{"@type":"ListItem","position":1,"name":"In\u00edcio","item":"https:\/\/noticiasemdestaque.com\/cd\/"},{"@type":"ListItem","position":2,"name":"Ministro do TCU e pol\u00edticos paraibanos devem responder na Justi\u00e7a por \u2018farra das passagens\u2019"}]},{"@type":"WebSite","@id":"https:\/\/noticiasemdestaque.com\/cd\/#website","url":"https:\/\/noticiasemdestaque.com\/cd\/","name":"Not&iacute;cias em Destaque","description":"","publisher":{"@id":"https:\/\/noticiasemdestaque.com\/cd\/#organization"},"potentialAction":[{"@type":"SearchAction","target":{"@type":"EntryPoint","urlTemplate":"https:\/\/noticiasemdestaque.com\/cd\/?s={search_term_string}"},"query-input":{"@type":"PropertyValueSpecification","valueRequired":true,"valueName":"search_term_string"}}],"inLanguage":"pt-BR"},{"@type":"Organization","@id":"https:\/\/noticiasemdestaque.com\/cd\/#organization","name":"Not\u00edcias em Destaque","url":"https:\/\/noticiasemdestaque.com\/cd\/","logo":{"@type":"ImageObject","inLanguage":"pt-BR","@id":"https:\/\/noticiasemdestaque.com\/cd\/#\/schema\/logo\/image\/","url":"https:\/\/noticiasemdestaque.com\/cd\/wp-content\/uploads\/2022\/05\/imagem-base-noticiasemdestaque.png","contentUrl":"https:\/\/noticiasemdestaque.com\/cd\/wp-content\/uploads\/2022\/05\/imagem-base-noticiasemdestaque.png","width":1200,"height":630,"caption":"Not\u00edcias em Destaque"},"image":{"@id":"https:\/\/noticiasemdestaque.com\/cd\/#\/schema\/logo\/image\/"}},{"@type":"Person","@id":"https:\/\/noticiasemdestaque.com\/cd\/#\/schema\/person\/21320b03a7e8bb90128938dafc9b908a","name":"Not\u00edcias em Destaque","url":"https:\/\/noticiasemdestaque.com\/cd\/?author=2"}]}},"jetpack_featured_media_url":"https:\/\/noticiasemdestaque.com\/cd\/wp-content\/uploads\/2017\/08\/tcu-300x268.jpg","jetpack_sharing_enabled":true,"_links":{"self":[{"href":"https:\/\/noticiasemdestaque.com\/cd\/index.php?rest_route=\/wp\/v2\/posts\/3552","targetHints":{"allow":["GET"]}}],"collection":[{"href":"https:\/\/noticiasemdestaque.com\/cd\/index.php?rest_route=\/wp\/v2\/posts"}],"about":[{"href":"https:\/\/noticiasemdestaque.com\/cd\/index.php?rest_route=\/wp\/v2\/types\/post"}],"author":[{"embeddable":true,"href":"https:\/\/noticiasemdestaque.com\/cd\/index.php?rest_route=\/wp\/v2\/users\/2"}],"replies":[{"embeddable":true,"href":"https:\/\/noticiasemdestaque.com\/cd\/index.php?rest_route=%2Fwp%2Fv2%2Fcomments&post=3552"}],"version-history":[{"count":1,"href":"https:\/\/noticiasemdestaque.com\/cd\/index.php?rest_route=\/wp\/v2\/posts\/3552\/revisions"}],"predecessor-version":[{"id":3554,"href":"https:\/\/noticiasemdestaque.com\/cd\/index.php?rest_route=\/wp\/v2\/posts\/3552\/revisions\/3554"}],"wp:featuredmedia":[{"embeddable":true,"href":"https:\/\/noticiasemdestaque.com\/cd\/index.php?rest_route=\/wp\/v2\/media\/3553"}],"wp:attachment":[{"href":"https:\/\/noticiasemdestaque.com\/cd\/index.php?rest_route=%2Fwp%2Fv2%2Fmedia&parent=3552"}],"wp:term":[{"taxonomy":"category","embeddable":true,"href":"https:\/\/noticiasemdestaque.com\/cd\/index.php?rest_route=%2Fwp%2Fv2%2Fcategories&post=3552"},{"taxonomy":"post_tag","embeddable":true,"href":"https:\/\/noticiasemdestaque.com\/cd\/index.php?rest_route=%2Fwp%2Fv2%2Ftags&post=3552"}],"curies":[{"name":"wp","href":"https:\/\/api.w.org\/{rel}","templated":true}]}}