{"id":3546,"date":"2017-08-24T07:02:38","date_gmt":"2017-08-24T10:02:38","guid":{"rendered":"http:\/\/caririemdestaque.com\/cd\/?p=3546"},"modified":"2017-08-24T07:13:38","modified_gmt":"2017-08-24T10:13:38","slug":"ministerio-retira-motobombas-que-garantem-vazao-da-agua-do-sao-francisco-na-paraiba","status":"publish","type":"post","link":"https:\/\/noticiasemdestaque.com\/cd\/?p=3546","title":{"rendered":"Minist\u00e9rio retira motobombas que garantem vaz\u00e3o da \u00e1gua do S\u00e3o Francisco na Para\u00edba"},"content":{"rendered":"<p><a href=\"http:\/\/caririemdestaque.com\/cd\/wp-content\/uploads\/2017\/08\/bombas.jpg\"><img fetchpriority=\"high\" decoding=\"async\" class=\"size-medium wp-image-3547 alignleft\" src=\"http:\/\/caririemdestaque.com\/cd\/wp-content\/uploads\/2017\/08\/bombas-300x225.jpg\" alt=\"\" width=\"300\" height=\"225\" srcset=\"https:\/\/noticiasemdestaque.com\/cd\/wp-content\/uploads\/2017\/08\/bombas-300x225.jpg 300w, https:\/\/noticiasemdestaque.com\/cd\/wp-content\/uploads\/2017\/08\/bombas.jpg 362w\" sizes=\"(max-width: 300px) 100vw, 300px\" \/><\/a>O Minist\u00e9rio da Integra\u00e7\u00e3o Nacional confirmou na segunda-feira (21) que vai reposicionar os quatro conjuntos de motobombas que est\u00e3o atualmente no eixo leste da transposi\u00e7\u00e3o do S\u00e3o Francisco para o eixo norte da transposi\u00e7\u00e3o. O objetivo \u00e9 fazer a \u00e1gua chegar mais r\u00e1pido em Fortaleza-CE, que tamb\u00e9m vive crise h\u00eddrica. Mesmo com a retirada das bombas, a promessa \u00e9 de que a vaz\u00e3o da transposi\u00e7\u00e3o para a Para\u00edba vai ser mantida. Geraldo Alckmin falou \u00e0 TV Correio.<\/p>\n<p>Segundo o minist\u00e9rio, a mudan\u00e7a de localiza\u00e7\u00e3o das bombas vai beneficiar 7,1 milh\u00f5es de pessoas que vivem nos estados do Cear\u00e1, Para\u00edba, Pernambuco e Rio Grande do Norte.<\/p>\n<p>\u201cHoje, os equipamentos disponibilizados pela Sabesp ao eixo leste do S\u00e3o Francisco est\u00e3o no munic\u00edpio de Sert\u00e2nia-PE. Depois de terem agilizado o enchimento das barragens naquele eixo, eles ainda ser\u00e3o utilizados na manuten\u00e7\u00e3o das estruturas, que est\u00e3o em fase de pr\u00e9-opera\u00e7\u00e3o. Em seguida, as m\u00e1quinas ser\u00e3o transportadas para o eixo norte e poder\u00e3o ser instaladas ao longo dos 15 reservat\u00f3rios do trecho, de acordo com o avan\u00e7o das \u00e1guas do Rio S\u00e3o Francisco. A previs\u00e3o \u00e9 de que o deslocamento das motobombas ocorra em at\u00e9 90 dias\u201d, informou o minist\u00e9rio.<\/p>\n<p>Com Portal Correio<\/p>\n","protected":false},"excerpt":{"rendered":"<p>O Minist\u00e9rio da Integra\u00e7\u00e3o Nacional confirmou na segunda-feira (21) que vai reposicionar os quatro conjuntos de motobombas que est\u00e3o atualmente no eixo leste da transposi\u00e7\u00e3o do S\u00e3o Francisco para o eixo norte da transposi\u00e7\u00e3o. O objetivo \u00e9 fazer a \u00e1gua chegar mais r\u00e1pido em Fortaleza-CE, que tamb\u00e9m vive crise h\u00eddrica. Mesmo com a retirada das bombas, a promessa \u00e9 de que a vaz\u00e3o da transposi\u00e7\u00e3o para a Para\u00edba vai ser mantida. Geraldo Alckmin falou \u00e0 TV Correio. Segundo o minist\u00e9rio, a mudan\u00e7a de localiza\u00e7\u00e3o das bombas vai beneficiar 7,1 milh\u00f5es de pessoas que vivem nos estados do Cear\u00e1, Para\u00edba, Pernambuco e Rio Grande do Norte. \u201cHoje, os equipamentos disponibilizados pela Sabesp ao eixo leste do S\u00e3o Francisco est\u00e3o no munic\u00edpio de Sert\u00e2nia-PE. Depois de terem agilizado o enchimento das barragens naquele eixo, eles ainda ser\u00e3o utilizados na manuten\u00e7\u00e3o das estruturas, que est\u00e3o em fase de pr\u00e9-opera\u00e7\u00e3o. Em seguida, as m\u00e1quinas ser\u00e3o transportadas para o eixo norte e poder\u00e3o ser instaladas ao longo dos 15 reservat\u00f3rios do trecho, de acordo com o avan\u00e7o das \u00e1guas do Rio S\u00e3o Francisco. A previs\u00e3o \u00e9 de que o deslocamento das motobombas ocorra em at\u00e9 90 dias\u201d, informou o minist\u00e9rio. Com Portal Correio<\/p>\n","protected":false},"author":2,"featured_media":3547,"comment_status":"closed","ping_status":"open","sticky":false,"template":"","format":"standard","meta":{"_eb_attr":"","_jetpack_memberships_contains_paid_content":false,"footnotes":""},"categories":[3],"tags":[],"class_list":["post-3546","post","type-post","status-publish","format-standard","has-post-thumbnail","hentry","category-cidades"],"yoast_head":"<!-- This site is optimized with the Yoast SEO plugin v26.5 - https:\/\/yoast.com\/wordpress\/plugins\/seo\/ -->\n<title>Minist\u00e9rio retira motobombas que garantem vaz\u00e3o da \u00e1gua do S\u00e3o Francisco na Para\u00edba - Not&iacute;cias em Destaque<\/title>\n<meta name=\"robots\" content=\"index, follow, max-snippet:-1, max-image-preview:large, max-video-preview:-1\" \/>\n<link rel=\"canonical\" href=\"https:\/\/noticiasemdestaque.com\/cd\/?p=3546\" \/>\n<meta property=\"og:locale\" content=\"pt_BR\" \/>\n<meta property=\"og:type\" content=\"article\" \/>\n<meta property=\"og:title\" content=\"Minist\u00e9rio retira motobombas que garantem vaz\u00e3o da \u00e1gua do S\u00e3o Francisco na Para\u00edba - Not&iacute;cias em Destaque\" \/>\n<meta property=\"og:description\" content=\"O Minist\u00e9rio da Integra\u00e7\u00e3o Nacional confirmou na segunda-feira (21) que vai reposicionar os quatro conjuntos de motobombas que est\u00e3o atualmente no eixo leste da transposi\u00e7\u00e3o do S\u00e3o Francisco para o eixo norte da transposi\u00e7\u00e3o. O objetivo \u00e9 fazer a \u00e1gua chegar mais r\u00e1pido em Fortaleza-CE, que tamb\u00e9m vive crise h\u00eddrica. Mesmo com a retirada das bombas, a promessa \u00e9 de que a vaz\u00e3o da transposi\u00e7\u00e3o para a Para\u00edba vai ser mantida. Geraldo Alckmin falou \u00e0 TV Correio. Segundo o minist\u00e9rio, a mudan\u00e7a de localiza\u00e7\u00e3o das bombas vai beneficiar 7,1 milh\u00f5es de pessoas que vivem nos estados do Cear\u00e1, Para\u00edba, Pernambuco e Rio Grande do Norte. \u201cHoje, os equipamentos disponibilizados pela Sabesp ao eixo leste do S\u00e3o Francisco est\u00e3o no munic\u00edpio de Sert\u00e2nia-PE. Depois de terem agilizado o enchimento das barragens naquele eixo, eles ainda ser\u00e3o utilizados na manuten\u00e7\u00e3o das estruturas, que est\u00e3o em fase de pr\u00e9-opera\u00e7\u00e3o. Em seguida, as m\u00e1quinas ser\u00e3o transportadas para o eixo norte e poder\u00e3o ser instaladas ao longo dos 15 reservat\u00f3rios do trecho, de acordo com o avan\u00e7o das \u00e1guas do Rio S\u00e3o Francisco. A previs\u00e3o \u00e9 de que o deslocamento das motobombas ocorra em at\u00e9 90 dias\u201d, informou o minist\u00e9rio. Com Portal Correio\" \/>\n<meta property=\"og:url\" content=\"https:\/\/noticiasemdestaque.com\/cd\/?p=3546\" \/>\n<meta property=\"og:site_name\" content=\"Not&iacute;cias em Destaque\" \/>\n<meta property=\"article:published_time\" content=\"2017-08-24T10:02:38+00:00\" \/>\n<meta property=\"article:modified_time\" content=\"2017-08-24T10:13:38+00:00\" \/>\n<meta property=\"og:image\" content=\"https:\/\/noticiasemdestaque.com\/cd\/wp-content\/uploads\/2017\/08\/bombas.jpg\" \/>\n\t<meta property=\"og:image:width\" content=\"362\" \/>\n\t<meta property=\"og:image:height\" content=\"271\" \/>\n\t<meta property=\"og:image:type\" content=\"image\/jpeg\" \/>\n<meta name=\"author\" content=\"Not\u00edcias em Destaque\" \/>\n<meta name=\"twitter:card\" content=\"summary_large_image\" \/>\n<meta name=\"twitter:label1\" content=\"Escrito por\" \/>\n\t<meta name=\"twitter:data1\" content=\"Not\u00edcias em Destaque\" \/>\n\t<meta name=\"twitter:label2\" content=\"Est. tempo de leitura\" \/>\n\t<meta name=\"twitter:data2\" content=\"1 minuto\" \/>\n<script type=\"application\/ld+json\" class=\"yoast-schema-graph\">{\"@context\":\"https:\/\/schema.org\",\"@graph\":[{\"@type\":\"Article\",\"@id\":\"https:\/\/noticiasemdestaque.com\/cd\/?p=3546#article\",\"isPartOf\":{\"@id\":\"https:\/\/noticiasemdestaque.com\/cd\/?p=3546\"},\"author\":{\"name\":\"Not\u00edcias em Destaque\",\"@id\":\"https:\/\/noticiasemdestaque.com\/cd\/#\/schema\/person\/21320b03a7e8bb90128938dafc9b908a\"},\"headline\":\"Minist\u00e9rio retira motobombas que garantem vaz\u00e3o da \u00e1gua do S\u00e3o Francisco na Para\u00edba\",\"datePublished\":\"2017-08-24T10:02:38+00:00\",\"dateModified\":\"2017-08-24T10:13:38+00:00\",\"mainEntityOfPage\":{\"@id\":\"https:\/\/noticiasemdestaque.com\/cd\/?p=3546\"},\"wordCount\":241,\"publisher\":{\"@id\":\"https:\/\/noticiasemdestaque.com\/cd\/#organization\"},\"image\":{\"@id\":\"https:\/\/noticiasemdestaque.com\/cd\/?p=3546#primaryimage\"},\"thumbnailUrl\":\"https:\/\/noticiasemdestaque.com\/cd\/wp-content\/uploads\/2017\/08\/bombas.jpg\",\"articleSection\":[\"Cidades\"],\"inLanguage\":\"pt-BR\"},{\"@type\":\"WebPage\",\"@id\":\"https:\/\/noticiasemdestaque.com\/cd\/?p=3546\",\"url\":\"https:\/\/noticiasemdestaque.com\/cd\/?p=3546\",\"name\":\"Minist\u00e9rio retira motobombas que garantem vaz\u00e3o da \u00e1gua do S\u00e3o Francisco na Para\u00edba - Not&iacute;cias em Destaque\",\"isPartOf\":{\"@id\":\"https:\/\/noticiasemdestaque.com\/cd\/#website\"},\"primaryImageOfPage\":{\"@id\":\"https:\/\/noticiasemdestaque.com\/cd\/?p=3546#primaryimage\"},\"image\":{\"@id\":\"https:\/\/noticiasemdestaque.com\/cd\/?p=3546#primaryimage\"},\"thumbnailUrl\":\"https:\/\/noticiasemdestaque.com\/cd\/wp-content\/uploads\/2017\/08\/bombas.jpg\",\"datePublished\":\"2017-08-24T10:02:38+00:00\",\"dateModified\":\"2017-08-24T10:13:38+00:00\",\"breadcrumb\":{\"@id\":\"https:\/\/noticiasemdestaque.com\/cd\/?p=3546#breadcrumb\"},\"inLanguage\":\"pt-BR\",\"potentialAction\":[{\"@type\":\"ReadAction\",\"target\":[\"https:\/\/noticiasemdestaque.com\/cd\/?p=3546\"]}]},{\"@type\":\"ImageObject\",\"inLanguage\":\"pt-BR\",\"@id\":\"https:\/\/noticiasemdestaque.com\/cd\/?p=3546#primaryimage\",\"url\":\"https:\/\/noticiasemdestaque.com\/cd\/wp-content\/uploads\/2017\/08\/bombas.jpg\",\"contentUrl\":\"https:\/\/noticiasemdestaque.com\/cd\/wp-content\/uploads\/2017\/08\/bombas.jpg\",\"width\":362,\"height\":271},{\"@type\":\"BreadcrumbList\",\"@id\":\"https:\/\/noticiasemdestaque.com\/cd\/?p=3546#breadcrumb\",\"itemListElement\":[{\"@type\":\"ListItem\",\"position\":1,\"name\":\"In\u00edcio\",\"item\":\"https:\/\/noticiasemdestaque.com\/cd\/\"},{\"@type\":\"ListItem\",\"position\":2,\"name\":\"Minist\u00e9rio retira motobombas que garantem vaz\u00e3o da \u00e1gua do S\u00e3o Francisco na Para\u00edba\"}]},{\"@type\":\"WebSite\",\"@id\":\"https:\/\/noticiasemdestaque.com\/cd\/#website\",\"url\":\"https:\/\/noticiasemdestaque.com\/cd\/\",\"name\":\"Not&iacute;cias em Destaque\",\"description\":\"\",\"publisher\":{\"@id\":\"https:\/\/noticiasemdestaque.com\/cd\/#organization\"},\"potentialAction\":[{\"@type\":\"SearchAction\",\"target\":{\"@type\":\"EntryPoint\",\"urlTemplate\":\"https:\/\/noticiasemdestaque.com\/cd\/?s={search_term_string}\"},\"query-input\":{\"@type\":\"PropertyValueSpecification\",\"valueRequired\":true,\"valueName\":\"search_term_string\"}}],\"inLanguage\":\"pt-BR\"},{\"@type\":\"Organization\",\"@id\":\"https:\/\/noticiasemdestaque.com\/cd\/#organization\",\"name\":\"Not\u00edcias em Destaque\",\"url\":\"https:\/\/noticiasemdestaque.com\/cd\/\",\"logo\":{\"@type\":\"ImageObject\",\"inLanguage\":\"pt-BR\",\"@id\":\"https:\/\/noticiasemdestaque.com\/cd\/#\/schema\/logo\/image\/\",\"url\":\"https:\/\/noticiasemdestaque.com\/cd\/wp-content\/uploads\/2022\/05\/imagem-base-noticiasemdestaque.png\",\"contentUrl\":\"https:\/\/noticiasemdestaque.com\/cd\/wp-content\/uploads\/2022\/05\/imagem-base-noticiasemdestaque.png\",\"width\":1200,\"height\":630,\"caption\":\"Not\u00edcias em Destaque\"},\"image\":{\"@id\":\"https:\/\/noticiasemdestaque.com\/cd\/#\/schema\/logo\/image\/\"}},{\"@type\":\"Person\",\"@id\":\"https:\/\/noticiasemdestaque.com\/cd\/#\/schema\/person\/21320b03a7e8bb90128938dafc9b908a\",\"name\":\"Not\u00edcias em Destaque\",\"url\":\"https:\/\/noticiasemdestaque.com\/cd\/?author=2\"}]}<\/script>\n<!-- \/ Yoast SEO plugin. -->","yoast_head_json":{"title":"Minist\u00e9rio retira motobombas que garantem vaz\u00e3o da \u00e1gua do S\u00e3o Francisco na Para\u00edba - Not&iacute;cias em Destaque","robots":{"index":"index","follow":"follow","max-snippet":"max-snippet:-1","max-image-preview":"max-image-preview:large","max-video-preview":"max-video-preview:-1"},"canonical":"https:\/\/noticiasemdestaque.com\/cd\/?p=3546","og_locale":"pt_BR","og_type":"article","og_title":"Minist\u00e9rio retira motobombas que garantem vaz\u00e3o da \u00e1gua do S\u00e3o Francisco na Para\u00edba - Not&iacute;cias em Destaque","og_description":"O Minist\u00e9rio da Integra\u00e7\u00e3o Nacional confirmou na segunda-feira (21) que vai reposicionar os quatro conjuntos de motobombas que est\u00e3o atualmente no eixo leste da transposi\u00e7\u00e3o do S\u00e3o Francisco para o eixo norte da transposi\u00e7\u00e3o. O objetivo \u00e9 fazer a \u00e1gua chegar mais r\u00e1pido em Fortaleza-CE, que tamb\u00e9m vive crise h\u00eddrica. Mesmo com a retirada das bombas, a promessa \u00e9 de que a vaz\u00e3o da transposi\u00e7\u00e3o para a Para\u00edba vai ser mantida. Geraldo Alckmin falou \u00e0 TV Correio. Segundo o minist\u00e9rio, a mudan\u00e7a de localiza\u00e7\u00e3o das bombas vai beneficiar 7,1 milh\u00f5es de pessoas que vivem nos estados do Cear\u00e1, Para\u00edba, Pernambuco e Rio Grande do Norte. \u201cHoje, os equipamentos disponibilizados pela Sabesp ao eixo leste do S\u00e3o Francisco est\u00e3o no munic\u00edpio de Sert\u00e2nia-PE. Depois de terem agilizado o enchimento das barragens naquele eixo, eles ainda ser\u00e3o utilizados na manuten\u00e7\u00e3o das estruturas, que est\u00e3o em fase de pr\u00e9-opera\u00e7\u00e3o. Em seguida, as m\u00e1quinas ser\u00e3o transportadas para o eixo norte e poder\u00e3o ser instaladas ao longo dos 15 reservat\u00f3rios do trecho, de acordo com o avan\u00e7o das \u00e1guas do Rio S\u00e3o Francisco. A previs\u00e3o \u00e9 de que o deslocamento das motobombas ocorra em at\u00e9 90 dias\u201d, informou o minist\u00e9rio. Com Portal Correio","og_url":"https:\/\/noticiasemdestaque.com\/cd\/?p=3546","og_site_name":"Not&iacute;cias em Destaque","article_published_time":"2017-08-24T10:02:38+00:00","article_modified_time":"2017-08-24T10:13:38+00:00","og_image":[{"width":362,"height":271,"url":"https:\/\/noticiasemdestaque.com\/cd\/wp-content\/uploads\/2017\/08\/bombas.jpg","type":"image\/jpeg"}],"author":"Not\u00edcias em Destaque","twitter_card":"summary_large_image","twitter_misc":{"Escrito por":"Not\u00edcias em Destaque","Est. tempo de leitura":"1 minuto"},"schema":{"@context":"https:\/\/schema.org","@graph":[{"@type":"Article","@id":"https:\/\/noticiasemdestaque.com\/cd\/?p=3546#article","isPartOf":{"@id":"https:\/\/noticiasemdestaque.com\/cd\/?p=3546"},"author":{"name":"Not\u00edcias em Destaque","@id":"https:\/\/noticiasemdestaque.com\/cd\/#\/schema\/person\/21320b03a7e8bb90128938dafc9b908a"},"headline":"Minist\u00e9rio retira motobombas que garantem vaz\u00e3o da \u00e1gua do S\u00e3o Francisco na Para\u00edba","datePublished":"2017-08-24T10:02:38+00:00","dateModified":"2017-08-24T10:13:38+00:00","mainEntityOfPage":{"@id":"https:\/\/noticiasemdestaque.com\/cd\/?p=3546"},"wordCount":241,"publisher":{"@id":"https:\/\/noticiasemdestaque.com\/cd\/#organization"},"image":{"@id":"https:\/\/noticiasemdestaque.com\/cd\/?p=3546#primaryimage"},"thumbnailUrl":"https:\/\/noticiasemdestaque.com\/cd\/wp-content\/uploads\/2017\/08\/bombas.jpg","articleSection":["Cidades"],"inLanguage":"pt-BR"},{"@type":"WebPage","@id":"https:\/\/noticiasemdestaque.com\/cd\/?p=3546","url":"https:\/\/noticiasemdestaque.com\/cd\/?p=3546","name":"Minist\u00e9rio retira motobombas que garantem vaz\u00e3o da \u00e1gua do S\u00e3o Francisco na Para\u00edba - Not&iacute;cias em Destaque","isPartOf":{"@id":"https:\/\/noticiasemdestaque.com\/cd\/#website"},"primaryImageOfPage":{"@id":"https:\/\/noticiasemdestaque.com\/cd\/?p=3546#primaryimage"},"image":{"@id":"https:\/\/noticiasemdestaque.com\/cd\/?p=3546#primaryimage"},"thumbnailUrl":"https:\/\/noticiasemdestaque.com\/cd\/wp-content\/uploads\/2017\/08\/bombas.jpg","datePublished":"2017-08-24T10:02:38+00:00","dateModified":"2017-08-24T10:13:38+00:00","breadcrumb":{"@id":"https:\/\/noticiasemdestaque.com\/cd\/?p=3546#breadcrumb"},"inLanguage":"pt-BR","potentialAction":[{"@type":"ReadAction","target":["https:\/\/noticiasemdestaque.com\/cd\/?p=3546"]}]},{"@type":"ImageObject","inLanguage":"pt-BR","@id":"https:\/\/noticiasemdestaque.com\/cd\/?p=3546#primaryimage","url":"https:\/\/noticiasemdestaque.com\/cd\/wp-content\/uploads\/2017\/08\/bombas.jpg","contentUrl":"https:\/\/noticiasemdestaque.com\/cd\/wp-content\/uploads\/2017\/08\/bombas.jpg","width":362,"height":271},{"@type":"BreadcrumbList","@id":"https:\/\/noticiasemdestaque.com\/cd\/?p=3546#breadcrumb","itemListElement":[{"@type":"ListItem","position":1,"name":"In\u00edcio","item":"https:\/\/noticiasemdestaque.com\/cd\/"},{"@type":"ListItem","position":2,"name":"Minist\u00e9rio retira motobombas que garantem vaz\u00e3o da \u00e1gua do S\u00e3o Francisco na Para\u00edba"}]},{"@type":"WebSite","@id":"https:\/\/noticiasemdestaque.com\/cd\/#website","url":"https:\/\/noticiasemdestaque.com\/cd\/","name":"Not&iacute;cias em Destaque","description":"","publisher":{"@id":"https:\/\/noticiasemdestaque.com\/cd\/#organization"},"potentialAction":[{"@type":"SearchAction","target":{"@type":"EntryPoint","urlTemplate":"https:\/\/noticiasemdestaque.com\/cd\/?s={search_term_string}"},"query-input":{"@type":"PropertyValueSpecification","valueRequired":true,"valueName":"search_term_string"}}],"inLanguage":"pt-BR"},{"@type":"Organization","@id":"https:\/\/noticiasemdestaque.com\/cd\/#organization","name":"Not\u00edcias em Destaque","url":"https:\/\/noticiasemdestaque.com\/cd\/","logo":{"@type":"ImageObject","inLanguage":"pt-BR","@id":"https:\/\/noticiasemdestaque.com\/cd\/#\/schema\/logo\/image\/","url":"https:\/\/noticiasemdestaque.com\/cd\/wp-content\/uploads\/2022\/05\/imagem-base-noticiasemdestaque.png","contentUrl":"https:\/\/noticiasemdestaque.com\/cd\/wp-content\/uploads\/2022\/05\/imagem-base-noticiasemdestaque.png","width":1200,"height":630,"caption":"Not\u00edcias em Destaque"},"image":{"@id":"https:\/\/noticiasemdestaque.com\/cd\/#\/schema\/logo\/image\/"}},{"@type":"Person","@id":"https:\/\/noticiasemdestaque.com\/cd\/#\/schema\/person\/21320b03a7e8bb90128938dafc9b908a","name":"Not\u00edcias em Destaque","url":"https:\/\/noticiasemdestaque.com\/cd\/?author=2"}]}},"jetpack_featured_media_url":"https:\/\/noticiasemdestaque.com\/cd\/wp-content\/uploads\/2017\/08\/bombas.jpg","jetpack_sharing_enabled":true,"_links":{"self":[{"href":"https:\/\/noticiasemdestaque.com\/cd\/index.php?rest_route=\/wp\/v2\/posts\/3546","targetHints":{"allow":["GET"]}}],"collection":[{"href":"https:\/\/noticiasemdestaque.com\/cd\/index.php?rest_route=\/wp\/v2\/posts"}],"about":[{"href":"https:\/\/noticiasemdestaque.com\/cd\/index.php?rest_route=\/wp\/v2\/types\/post"}],"author":[{"embeddable":true,"href":"https:\/\/noticiasemdestaque.com\/cd\/index.php?rest_route=\/wp\/v2\/users\/2"}],"replies":[{"embeddable":true,"href":"https:\/\/noticiasemdestaque.com\/cd\/index.php?rest_route=%2Fwp%2Fv2%2Fcomments&post=3546"}],"version-history":[{"count":1,"href":"https:\/\/noticiasemdestaque.com\/cd\/index.php?rest_route=\/wp\/v2\/posts\/3546\/revisions"}],"predecessor-version":[{"id":3548,"href":"https:\/\/noticiasemdestaque.com\/cd\/index.php?rest_route=\/wp\/v2\/posts\/3546\/revisions\/3548"}],"wp:featuredmedia":[{"embeddable":true,"href":"https:\/\/noticiasemdestaque.com\/cd\/index.php?rest_route=\/wp\/v2\/media\/3547"}],"wp:attachment":[{"href":"https:\/\/noticiasemdestaque.com\/cd\/index.php?rest_route=%2Fwp%2Fv2%2Fmedia&parent=3546"}],"wp:term":[{"taxonomy":"category","embeddable":true,"href":"https:\/\/noticiasemdestaque.com\/cd\/index.php?rest_route=%2Fwp%2Fv2%2Fcategories&post=3546"},{"taxonomy":"post_tag","embeddable":true,"href":"https:\/\/noticiasemdestaque.com\/cd\/index.php?rest_route=%2Fwp%2Fv2%2Ftags&post=3546"}],"curies":[{"name":"wp","href":"https:\/\/api.w.org\/{rel}","templated":true}]}}