{"id":3543,"date":"2017-08-24T07:01:51","date_gmt":"2017-08-24T10:01:51","guid":{"rendered":"http:\/\/caririemdestaque.com\/cd\/?p=3543"},"modified":"2017-08-23T19:07:28","modified_gmt":"2017-08-23T22:07:28","slug":"governo-anuncia-pacote-de-57-privatizacoes-e-inclui-casa-da-moeda","status":"publish","type":"post","link":"https:\/\/noticiasemdestaque.com\/cd\/?p=3543","title":{"rendered":"Governo anuncia pacote de 57 privatiza\u00e7\u00f5es e inclui Casa da Moeda"},"content":{"rendered":"<p><a href=\"http:\/\/caririemdestaque.com\/cd\/wp-content\/uploads\/2017\/08\/Casa-da-Moeda-do-Brasil-300x168.jpg\"><img fetchpriority=\"high\" decoding=\"async\" class=\"size-medium wp-image-3544 alignleft\" src=\"http:\/\/caririemdestaque.com\/cd\/wp-content\/uploads\/2017\/08\/Casa-da-Moeda-do-Brasil-300x168-300x168.jpg\" alt=\"\" width=\"300\" height=\"168\" \/><\/a>O governo federal anunciou nesta quarta-feira (23) que pretende privatizar a Casa da Moeda, \u00f3rg\u00e3o que confecciona as notas de real, al\u00e9m de passaportes brasileiros, selos postais e diplomas.<\/p>\n<p>&nbsp;<\/p>\n<p>A expectativa \u00e9 de que o edital seja publicado no terceiro trimestre do ano que vem e que o leil\u00e3o ocorra no final de 2018. A Casa da Moeda est\u00e1 hoje vinculada ao Minist\u00e9rio da Fazenda.<\/p>\n<p>O plano faz parte do Programa de Parcerias de Investimento (PPI), que discute, dentro do governo Michel Temer, as concess\u00f5es e privatiza\u00e7\u00f5es.<\/p>\n<p>O PPI divulgou nesta quarta um calend\u00e1rio prevendo uma s\u00e9rie de a\u00e7\u00f5es voltadas para leil\u00e3o de novos bens p\u00fablicos, como aeroportos, rodovias e terminais portu\u00e1rios. O objetivo \u00e9 de elevar as receitas do governo em um momento de arrecada\u00e7\u00e3o fraca, e tentar cumprir a meta fiscal.<\/p>\n<p>Segundo o ministro da secretaria-geral da Presid\u00eancia, Moreira Franco, 57 novos ativos foram disponibilizados para concess\u00e3o ou desestatiza\u00e7\u00e3o nesta segunda fase do programa. A primeira foi anunciada em setembro do ano passado e inclu\u00eda 34 projetos.<\/p>\n<p>Moreira Franco disse que o objetivo \u00e9 \u201cenfrentar a quest\u00e3o do emprego e da renda.\u201d O governo n\u00e3o estimou quanto pretende arrecadar com os novos leil\u00f5es, mas informou que eles representar\u00e3o R$ 44 bilh\u00f5es em investimentos ao longo da vig\u00eancia dos contratos.<\/p>\n<p>Nesta semana, o Minist\u00e9rio de Minas e Energia j\u00e1 havia anunciado a proposta de privatizar a Eletrobras, atrav\u00e9s da venda de parte das a\u00e7\u00f5es da estatal que pertencem hoje \u00e0 Uni\u00e3o. A proposta foi aprovada nesta quarta pelo conselho do PPI (veja mais abaixo neste reportagem).<\/p>\n<p>Veja abaixo as propostas do governo para concess\u00f5es e privatiza\u00e7\u00f5es:<\/p>\n<p>Rodovias<\/p>\n<p>O governo anunciou que quer leiloar um trecho de 806 quil\u00f4metros da BR-364, entre Porto Velho, em Rond\u00f4nia, e Comodoro, no Mato Grosso, e relicitar o trecho de 634 km da BR-153, entre An\u00e1polis, em Goi\u00e1s, e Alian\u00e7a do Tocantins.<\/p>\n<p>A BR-153 foi leiloada durante o governo Dilma Rousseff, em 2014, por\u00e9m a concession\u00e1ria Galv\u00e3o n\u00e3o cumpriu os investimentos previstos e teve o contrato encerrado.<\/p>\n<p>A previs\u00e3o oficial \u00e9 realizar os leil\u00f5es dos dois trechos no \u00faltimo trimestre de 2018.<\/p>\n<p>Terminais portu\u00e1rios<\/p>\n<p>O Minist\u00e9rio dos Transportes prop\u00f4s ainda a concess\u00e3o de 15 terminais portu\u00e1rios, que s\u00e3o \u00e1reas dedicadas a movimenta\u00e7\u00e3o de carga nos portos.<\/p>\n<p>Os terminais que ir\u00e3o a leil\u00e3o ficam nos portos de Bel\u00e9m (GLP e gran\u00e9is l\u00edquidos), Vila do Conde (gran\u00e9is l\u00edquidos), Paranagu\u00e1 (gr\u00e3os) e Vit\u00f3ria (gran\u00e9is l\u00edquidos).<\/p>\n<p>A proposta do governo tamb\u00e9m inclui a prorroga\u00e7\u00e3o antecipada do terminal de fertilizantes do porto de Itaqui e a autoriza\u00e7\u00e3o para amplia\u00e7\u00e3o de capacidade do Terminal Agrovia do Nordeste, no porto de Suape. Os leil\u00f5es est\u00e3o previstos para 2018.<\/p>\n<p>Aeroportos e controle a\u00e9reo<\/p>\n<p>O PPI confirmou a previs\u00e3o, j\u00e1 anunciada pelo governo, de que novos aeroportos sejam leiloados no segundo semestre do ano que vem. De acordo com documento divulgado pelo PPI, o Minist\u00e9rio dos Transportes prop\u00f4s a concess\u00e3o de 12 aeroportos, em dois blocos regionais:<\/p>\n<p>Bloco Nordeste: Macei\u00f3, Aracaju, Jo\u00e3o Pessoa, Campina Grande, Juazeiro do Norte e Recife.<\/p>\n<p>Bloco Centro-Oeste: Cuiab\u00e1, Sinop, Alta Floresta, Barra do Gar\u00e7as e Rondon\u00f3polis.<\/p>\n<p>Al\u00e9m disso, segundo o ministro dos Transportes, Maur\u00edcio Quintella, o governo ainda vai estudar o leil\u00e3o dos aeroportos de Congonhas (SP), Vit\u00f3ria (ES) e Maca\u00e9 (RJ). Na semana passada, o Minist\u00e9rio do Planejamento deu como certo o leil\u00e3o de Congonhas.<\/p>\n<p>O documento confirma ainda a inten\u00e7\u00e3o do governo de vender a participa\u00e7\u00e3o acion\u00e1ria da Infraero nos aeroportos de Guarulhos, Confins, Bras\u00edlia e Gale\u00e3o, que foram leiloados durante o governo da ex-presidente Dilma Rousseff.<\/p>\n<p>Al\u00e9m disso, o Minist\u00e9rio da Defesa incluiu na rela\u00e7\u00e3o de projetos do PPI a proposta de uma Parceria-P\u00fablico Privada (PPP), na modalidade concess\u00e3o administrativa, voltada ao servi\u00e7o de transporte de sinais de telecomunica\u00e7\u00f5es para o Departamento de Controle do Espa\u00e7o A\u00e9reo (Decea) e organiza\u00e7\u00f5es militares no pa\u00eds.<\/p>\n<p>O projeto trata do controle do espa\u00e7o a\u00e9reo, com previs\u00e3o de investimento de R$ 1,1 bilh\u00e3o ao longo de 25 anos de concess\u00e3o.<\/p>\n<p>Energia el\u00e9trica<\/p>\n<p>Consta ainda da lista o leil\u00e3o de 11 lotes de linhas de transmiss\u00e3o de energia, al\u00e9m de subesta\u00e7\u00f5es. S\u00e3o novas estruturas, que ser\u00e3o constru\u00eddas pelas empresas vencedoras dos leil\u00f5es e que v\u00e3o ampliar a rede de transmiss\u00e3o de energia do pa\u00eds.<\/p>\n<p>Os lotes est\u00e3o distribu\u00eddos em dez estados: Bahia, Cear\u00e1, Par\u00e1, Paran\u00e1, Para\u00edba, Pernambuco, Piau\u00ed, Rio Grande do Norte, Minas Gerais e Tocantins.<\/p>\n<p>Eletrobras<\/p>\n<p>Sobre a Eletrobras, o governo informou que a redu\u00e7\u00e3o da participa\u00e7\u00e3o do governo na empresa ser\u00e1 feita por meio de emiss\u00e3o de pap\u00e9is pela estatal, sem subscri\u00e7\u00e3o da Uni\u00e3o, que, com isso, perder\u00e1 o controle acion\u00e1rio.<\/p>\n<p>\u201cNo entanto, a Uni\u00e3o manter\u00e1 o poder de veto para garantir a preserva\u00e7\u00e3o de decis\u00f5es estrat\u00e9gicas para o pa\u00eds. Esse modelo j\u00e1 tem sido usado com sucesso em pa\u00edses como Portugal, Fran\u00e7a e It\u00e1lia\u201d, informou.<\/p>\n<p>De acordo com o governo, a venda injetar\u00e1 \u201cexpressivos recursos\u201d no Tesouro Nacional, mas tamb\u00e9m proporcionar\u00e1 a \u201cmoderniza\u00e7\u00e3o de processos, o aumento da efici\u00eancia e melhoria da governan\u00e7a, sem que as tarifas sejam afetadas.\u201d<\/p>\n<p>Na reuni\u00e3o desta quarta, o conselho do Programa de Parcerias de Investimentos (PPI) aprovou a proposta do Minist\u00e9rio de Minas e Energia de privatizar a Eletrobras.<\/p>\n<p>Meta fiscal e crise econ\u00f4mica<\/p>\n<p>O governo conta com a verba extra que vir\u00e1 das concess\u00f5es e privatiza\u00e7\u00f5es para elevar suas receitas e conseguir fechar as contas em 2018.<\/p>\n<p>Recentemente, prop\u00f4s ao Congresso elevar o teto para o rombo das contas p\u00fablicas em 2017 e 2018 para R$ 159 bilh\u00f5es devido \u00e0 arrecada\u00e7\u00e3o abaixo da esperada, reflexo da recupera\u00e7\u00e3o da economia mais lenta que a prevista.<\/p>\n<p>A meta atual j\u00e1 \u00e9 de d\u00e9ficit (despesas maiores que receitas), ou seja, de resultado negativo, de R$ 139 bilh\u00f5es em 2017 e de R$ 129 bilh\u00f5es em 2018.<\/p>\n<p>O fortalecimento do PPI tamb\u00e9m acontece em um momento de forte queda nos investimentos do Programa de Acelera\u00e7\u00e3o do Crescimento (PAC) \u2013 que pode ter, em 2017, o menor or\u00e7amento em v\u00e1rios anos \u2013 e de cortes no or\u00e7amento, feitos pelo governo, e que vem prejudicando a continu\u00e7\u00e3o de alguns servi\u00e7os p\u00fablicos.<\/p>\n<p>Segundo analistas, com a queda dos juros neste ano e o refor\u00e7o do PPI, a expectativa \u00e9 de que as parcerias com o setor privado avancem nos pr\u00f3ximos anos e ocupem um espa\u00e7o maior no setor de infraestrutura.<\/p>\n<p>Com G1<\/p>\n","protected":false},"excerpt":{"rendered":"<p>O governo federal anunciou nesta quarta-feira (23) que pretende privatizar a Casa da Moeda, \u00f3rg\u00e3o que confecciona as notas de real, al\u00e9m de passaportes brasileiros, selos postais e diplomas. &nbsp; A expectativa \u00e9 de que o edital seja publicado no terceiro trimestre do ano que vem e que o leil\u00e3o ocorra no final de 2018. A Casa da Moeda est\u00e1 hoje vinculada ao Minist\u00e9rio da Fazenda. O plano faz parte do Programa de Parcerias de Investimento (PPI), que discute, dentro do governo Michel Temer, as concess\u00f5es e privatiza\u00e7\u00f5es. O PPI divulgou nesta quarta um calend\u00e1rio prevendo uma s\u00e9rie de a\u00e7\u00f5es voltadas para leil\u00e3o de novos bens p\u00fablicos, como aeroportos, rodovias e terminais portu\u00e1rios. O objetivo \u00e9 de elevar as receitas do governo em um momento de arrecada\u00e7\u00e3o fraca, e tentar cumprir a meta fiscal. Segundo o ministro da secretaria-geral da Presid\u00eancia, Moreira Franco, 57 novos ativos foram disponibilizados para concess\u00e3o ou desestatiza\u00e7\u00e3o nesta segunda fase do programa. A primeira foi anunciada em setembro do ano passado e inclu\u00eda 34 projetos. Moreira Franco disse que o objetivo \u00e9 \u201cenfrentar a quest\u00e3o do emprego e da renda.\u201d O governo n\u00e3o estimou quanto pretende arrecadar com os novos leil\u00f5es, mas informou que eles representar\u00e3o R$ 44 bilh\u00f5es em investimentos ao longo da vig\u00eancia dos contratos. Nesta semana, o Minist\u00e9rio de Minas e Energia j\u00e1 havia anunciado a proposta de privatizar a Eletrobras, atrav\u00e9s da venda de parte das a\u00e7\u00f5es da estatal que pertencem hoje \u00e0 Uni\u00e3o. A proposta foi aprovada nesta quarta pelo conselho do PPI (veja mais abaixo neste reportagem). Veja abaixo as propostas do governo para concess\u00f5es e privatiza\u00e7\u00f5es: Rodovias O governo anunciou que quer leiloar um trecho de 806 quil\u00f4metros da BR-364, entre Porto Velho, em Rond\u00f4nia, e Comodoro, no Mato Grosso, e relicitar o trecho de 634 km da BR-153, entre An\u00e1polis, em Goi\u00e1s, e Alian\u00e7a do Tocantins. A BR-153 foi leiloada durante o governo Dilma Rousseff, em 2014, por\u00e9m a concession\u00e1ria Galv\u00e3o n\u00e3o cumpriu os investimentos previstos e teve o contrato encerrado. A previs\u00e3o oficial \u00e9 realizar os leil\u00f5es dos dois trechos no \u00faltimo trimestre de 2018. Terminais portu\u00e1rios O Minist\u00e9rio dos Transportes prop\u00f4s ainda a concess\u00e3o de 15 terminais portu\u00e1rios, que s\u00e3o \u00e1reas dedicadas a movimenta\u00e7\u00e3o de carga nos portos. Os terminais que ir\u00e3o a leil\u00e3o ficam nos portos de Bel\u00e9m (GLP e gran\u00e9is l\u00edquidos), Vila do Conde (gran\u00e9is l\u00edquidos), Paranagu\u00e1 (gr\u00e3os) e Vit\u00f3ria (gran\u00e9is l\u00edquidos). A proposta do governo tamb\u00e9m inclui a prorroga\u00e7\u00e3o antecipada do terminal de fertilizantes do porto de Itaqui e a autoriza\u00e7\u00e3o para amplia\u00e7\u00e3o de capacidade do Terminal Agrovia do Nordeste, no porto de Suape. Os leil\u00f5es est\u00e3o previstos para 2018. Aeroportos e controle a\u00e9reo O PPI confirmou a previs\u00e3o, j\u00e1 anunciada pelo governo, de que novos aeroportos sejam leiloados no segundo semestre do ano que vem. De acordo com documento divulgado pelo PPI, o Minist\u00e9rio dos Transportes prop\u00f4s a concess\u00e3o de 12 aeroportos, em dois blocos regionais: Bloco Nordeste: Macei\u00f3, Aracaju, Jo\u00e3o Pessoa, Campina Grande, Juazeiro do Norte e Recife. Bloco Centro-Oeste: Cuiab\u00e1, Sinop, Alta Floresta, Barra do Gar\u00e7as e Rondon\u00f3polis. Al\u00e9m disso, segundo o ministro dos Transportes, Maur\u00edcio Quintella, o governo ainda vai estudar o leil\u00e3o dos aeroportos de Congonhas (SP), Vit\u00f3ria (ES) e Maca\u00e9 (RJ). Na semana passada, o Minist\u00e9rio do Planejamento deu como certo o leil\u00e3o de Congonhas. O documento confirma ainda a inten\u00e7\u00e3o do governo de vender a participa\u00e7\u00e3o acion\u00e1ria da Infraero nos aeroportos de Guarulhos, Confins, Bras\u00edlia e Gale\u00e3o, que foram leiloados durante o governo da ex-presidente Dilma Rousseff. Al\u00e9m disso, o Minist\u00e9rio da Defesa incluiu na rela\u00e7\u00e3o de projetos do PPI a proposta de uma Parceria-P\u00fablico Privada (PPP), na modalidade concess\u00e3o administrativa, voltada ao servi\u00e7o de transporte de sinais de telecomunica\u00e7\u00f5es para o Departamento de Controle do Espa\u00e7o A\u00e9reo (Decea) e organiza\u00e7\u00f5es militares no pa\u00eds. O projeto trata do controle do espa\u00e7o a\u00e9reo, com previs\u00e3o de investimento de R$ 1,1 bilh\u00e3o ao longo de 25 anos de concess\u00e3o. Energia el\u00e9trica Consta ainda da lista o leil\u00e3o de 11 lotes de linhas de transmiss\u00e3o de energia, al\u00e9m de subesta\u00e7\u00f5es. S\u00e3o novas estruturas, que ser\u00e3o constru\u00eddas pelas empresas vencedoras dos leil\u00f5es e que v\u00e3o ampliar a rede de transmiss\u00e3o de energia do pa\u00eds. Os lotes est\u00e3o distribu\u00eddos em dez estados: Bahia, Cear\u00e1, Par\u00e1, Paran\u00e1, Para\u00edba, Pernambuco, Piau\u00ed, Rio Grande do Norte, Minas Gerais e Tocantins. Eletrobras Sobre a Eletrobras, o governo informou que a redu\u00e7\u00e3o da participa\u00e7\u00e3o do governo na empresa ser\u00e1 feita por meio de emiss\u00e3o de pap\u00e9is pela estatal, sem subscri\u00e7\u00e3o da Uni\u00e3o, que, com isso, perder\u00e1 o controle acion\u00e1rio. \u201cNo entanto, a Uni\u00e3o manter\u00e1 o poder de veto para garantir a preserva\u00e7\u00e3o de decis\u00f5es estrat\u00e9gicas para o pa\u00eds. Esse modelo j\u00e1 tem sido usado com sucesso em pa\u00edses como Portugal, Fran\u00e7a e It\u00e1lia\u201d, informou. De acordo com o governo, a venda injetar\u00e1 \u201cexpressivos recursos\u201d no Tesouro Nacional, mas tamb\u00e9m proporcionar\u00e1 a \u201cmoderniza\u00e7\u00e3o de processos, o aumento da efici\u00eancia e melhoria da governan\u00e7a, sem que as tarifas sejam afetadas.\u201d Na reuni\u00e3o desta quarta, o conselho do Programa de Parcerias de Investimentos (PPI) aprovou a proposta do Minist\u00e9rio de Minas e Energia de privatizar a Eletrobras. Meta fiscal e crise econ\u00f4mica O governo conta com a verba extra que vir\u00e1 das concess\u00f5es e privatiza\u00e7\u00f5es para elevar suas receitas e conseguir fechar as contas em 2018. Recentemente, prop\u00f4s ao Congresso elevar o teto para o rombo das contas p\u00fablicas em 2017 e 2018 para R$ 159 bilh\u00f5es devido \u00e0 arrecada\u00e7\u00e3o abaixo da esperada, reflexo da recupera\u00e7\u00e3o da economia mais lenta que a prevista. A meta atual j\u00e1 \u00e9 de d\u00e9ficit (despesas maiores que receitas), ou seja, de resultado negativo, de R$ 139 bilh\u00f5es em 2017 e de R$ 129 bilh\u00f5es em 2018. O fortalecimento do PPI tamb\u00e9m acontece em um momento de forte queda nos investimentos do Programa de Acelera\u00e7\u00e3o do Crescimento (PAC) \u2013 que pode ter, em 2017, o menor or\u00e7amento em v\u00e1rios anos \u2013 e de cortes no or\u00e7amento, feitos pelo governo, e que vem prejudicando a continu\u00e7\u00e3o de alguns servi\u00e7os p\u00fablicos. Segundo analistas, com<\/p>\n","protected":false},"author":2,"featured_media":3544,"comment_status":"closed","ping_status":"open","sticky":false,"template":"","format":"standard","meta":{"_eb_attr":"","_jetpack_memberships_contains_paid_content":false,"footnotes":""},"categories":[4],"tags":[],"class_list":["post-3543","post","type-post","status-publish","format-standard","has-post-thumbnail","hentry","category-politica"],"yoast_head":"<!-- This site is optimized with the Yoast SEO plugin v26.5 - https:\/\/yoast.com\/wordpress\/plugins\/seo\/ -->\n<title>Governo anuncia pacote de 57 privatiza\u00e7\u00f5es e inclui Casa da Moeda - Not&iacute;cias em Destaque<\/title>\n<meta name=\"robots\" content=\"index, follow, max-snippet:-1, max-image-preview:large, max-video-preview:-1\" \/>\n<link rel=\"canonical\" href=\"https:\/\/noticiasemdestaque.com\/cd\/?p=3543\" \/>\n<meta property=\"og:locale\" content=\"pt_BR\" \/>\n<meta property=\"og:type\" content=\"article\" \/>\n<meta property=\"og:title\" content=\"Governo anuncia pacote de 57 privatiza\u00e7\u00f5es e inclui Casa da Moeda - Not&iacute;cias em Destaque\" \/>\n<meta property=\"og:description\" content=\"O governo federal anunciou nesta quarta-feira (23) que pretende privatizar a Casa da Moeda, \u00f3rg\u00e3o que confecciona as notas de real, al\u00e9m de passaportes brasileiros, selos postais e diplomas. &nbsp; A expectativa \u00e9 de que o edital seja publicado no terceiro trimestre do ano que vem e que o leil\u00e3o ocorra no final de 2018. A Casa da Moeda est\u00e1 hoje vinculada ao Minist\u00e9rio da Fazenda. O plano faz parte do Programa de Parcerias de Investimento (PPI), que discute, dentro do governo Michel Temer, as concess\u00f5es e privatiza\u00e7\u00f5es. O PPI divulgou nesta quarta um calend\u00e1rio prevendo uma s\u00e9rie de a\u00e7\u00f5es voltadas para leil\u00e3o de novos bens p\u00fablicos, como aeroportos, rodovias e terminais portu\u00e1rios. O objetivo \u00e9 de elevar as receitas do governo em um momento de arrecada\u00e7\u00e3o fraca, e tentar cumprir a meta fiscal. Segundo o ministro da secretaria-geral da Presid\u00eancia, Moreira Franco, 57 novos ativos foram disponibilizados para concess\u00e3o ou desestatiza\u00e7\u00e3o nesta segunda fase do programa. A primeira foi anunciada em setembro do ano passado e inclu\u00eda 34 projetos. Moreira Franco disse que o objetivo \u00e9 \u201cenfrentar a quest\u00e3o do emprego e da renda.\u201d O governo n\u00e3o estimou quanto pretende arrecadar com os novos leil\u00f5es, mas informou que eles representar\u00e3o R$ 44 bilh\u00f5es em investimentos ao longo da vig\u00eancia dos contratos. Nesta semana, o Minist\u00e9rio de Minas e Energia j\u00e1 havia anunciado a proposta de privatizar a Eletrobras, atrav\u00e9s da venda de parte das a\u00e7\u00f5es da estatal que pertencem hoje \u00e0 Uni\u00e3o. A proposta foi aprovada nesta quarta pelo conselho do PPI (veja mais abaixo neste reportagem). Veja abaixo as propostas do governo para concess\u00f5es e privatiza\u00e7\u00f5es: Rodovias O governo anunciou que quer leiloar um trecho de 806 quil\u00f4metros da BR-364, entre Porto Velho, em Rond\u00f4nia, e Comodoro, no Mato Grosso, e relicitar o trecho de 634 km da BR-153, entre An\u00e1polis, em Goi\u00e1s, e Alian\u00e7a do Tocantins. A BR-153 foi leiloada durante o governo Dilma Rousseff, em 2014, por\u00e9m a concession\u00e1ria Galv\u00e3o n\u00e3o cumpriu os investimentos previstos e teve o contrato encerrado. A previs\u00e3o oficial \u00e9 realizar os leil\u00f5es dos dois trechos no \u00faltimo trimestre de 2018. Terminais portu\u00e1rios O Minist\u00e9rio dos Transportes prop\u00f4s ainda a concess\u00e3o de 15 terminais portu\u00e1rios, que s\u00e3o \u00e1reas dedicadas a movimenta\u00e7\u00e3o de carga nos portos. Os terminais que ir\u00e3o a leil\u00e3o ficam nos portos de Bel\u00e9m (GLP e gran\u00e9is l\u00edquidos), Vila do Conde (gran\u00e9is l\u00edquidos), Paranagu\u00e1 (gr\u00e3os) e Vit\u00f3ria (gran\u00e9is l\u00edquidos). A proposta do governo tamb\u00e9m inclui a prorroga\u00e7\u00e3o antecipada do terminal de fertilizantes do porto de Itaqui e a autoriza\u00e7\u00e3o para amplia\u00e7\u00e3o de capacidade do Terminal Agrovia do Nordeste, no porto de Suape. Os leil\u00f5es est\u00e3o previstos para 2018. Aeroportos e controle a\u00e9reo O PPI confirmou a previs\u00e3o, j\u00e1 anunciada pelo governo, de que novos aeroportos sejam leiloados no segundo semestre do ano que vem. De acordo com documento divulgado pelo PPI, o Minist\u00e9rio dos Transportes prop\u00f4s a concess\u00e3o de 12 aeroportos, em dois blocos regionais: Bloco Nordeste: Macei\u00f3, Aracaju, Jo\u00e3o Pessoa, Campina Grande, Juazeiro do Norte e Recife. Bloco Centro-Oeste: Cuiab\u00e1, Sinop, Alta Floresta, Barra do Gar\u00e7as e Rondon\u00f3polis. Al\u00e9m disso, segundo o ministro dos Transportes, Maur\u00edcio Quintella, o governo ainda vai estudar o leil\u00e3o dos aeroportos de Congonhas (SP), Vit\u00f3ria (ES) e Maca\u00e9 (RJ). Na semana passada, o Minist\u00e9rio do Planejamento deu como certo o leil\u00e3o de Congonhas. O documento confirma ainda a inten\u00e7\u00e3o do governo de vender a participa\u00e7\u00e3o acion\u00e1ria da Infraero nos aeroportos de Guarulhos, Confins, Bras\u00edlia e Gale\u00e3o, que foram leiloados durante o governo da ex-presidente Dilma Rousseff. Al\u00e9m disso, o Minist\u00e9rio da Defesa incluiu na rela\u00e7\u00e3o de projetos do PPI a proposta de uma Parceria-P\u00fablico Privada (PPP), na modalidade concess\u00e3o administrativa, voltada ao servi\u00e7o de transporte de sinais de telecomunica\u00e7\u00f5es para o Departamento de Controle do Espa\u00e7o A\u00e9reo (Decea) e organiza\u00e7\u00f5es militares no pa\u00eds. O projeto trata do controle do espa\u00e7o a\u00e9reo, com previs\u00e3o de investimento de R$ 1,1 bilh\u00e3o ao longo de 25 anos de concess\u00e3o. Energia el\u00e9trica Consta ainda da lista o leil\u00e3o de 11 lotes de linhas de transmiss\u00e3o de energia, al\u00e9m de subesta\u00e7\u00f5es. S\u00e3o novas estruturas, que ser\u00e3o constru\u00eddas pelas empresas vencedoras dos leil\u00f5es e que v\u00e3o ampliar a rede de transmiss\u00e3o de energia do pa\u00eds. Os lotes est\u00e3o distribu\u00eddos em dez estados: Bahia, Cear\u00e1, Par\u00e1, Paran\u00e1, Para\u00edba, Pernambuco, Piau\u00ed, Rio Grande do Norte, Minas Gerais e Tocantins. Eletrobras Sobre a Eletrobras, o governo informou que a redu\u00e7\u00e3o da participa\u00e7\u00e3o do governo na empresa ser\u00e1 feita por meio de emiss\u00e3o de pap\u00e9is pela estatal, sem subscri\u00e7\u00e3o da Uni\u00e3o, que, com isso, perder\u00e1 o controle acion\u00e1rio. \u201cNo entanto, a Uni\u00e3o manter\u00e1 o poder de veto para garantir a preserva\u00e7\u00e3o de decis\u00f5es estrat\u00e9gicas para o pa\u00eds. Esse modelo j\u00e1 tem sido usado com sucesso em pa\u00edses como Portugal, Fran\u00e7a e It\u00e1lia\u201d, informou. De acordo com o governo, a venda injetar\u00e1 \u201cexpressivos recursos\u201d no Tesouro Nacional, mas tamb\u00e9m proporcionar\u00e1 a \u201cmoderniza\u00e7\u00e3o de processos, o aumento da efici\u00eancia e melhoria da governan\u00e7a, sem que as tarifas sejam afetadas.\u201d Na reuni\u00e3o desta quarta, o conselho do Programa de Parcerias de Investimentos (PPI) aprovou a proposta do Minist\u00e9rio de Minas e Energia de privatizar a Eletrobras. Meta fiscal e crise econ\u00f4mica O governo conta com a verba extra que vir\u00e1 das concess\u00f5es e privatiza\u00e7\u00f5es para elevar suas receitas e conseguir fechar as contas em 2018. Recentemente, prop\u00f4s ao Congresso elevar o teto para o rombo das contas p\u00fablicas em 2017 e 2018 para R$ 159 bilh\u00f5es devido \u00e0 arrecada\u00e7\u00e3o abaixo da esperada, reflexo da recupera\u00e7\u00e3o da economia mais lenta que a prevista. A meta atual j\u00e1 \u00e9 de d\u00e9ficit (despesas maiores que receitas), ou seja, de resultado negativo, de R$ 139 bilh\u00f5es em 2017 e de R$ 129 bilh\u00f5es em 2018. O fortalecimento do PPI tamb\u00e9m acontece em um momento de forte queda nos investimentos do Programa de Acelera\u00e7\u00e3o do Crescimento (PAC) \u2013 que pode ter, em 2017, o menor or\u00e7amento em v\u00e1rios anos \u2013 e de cortes no or\u00e7amento, feitos pelo governo, e que vem prejudicando a continu\u00e7\u00e3o de alguns servi\u00e7os p\u00fablicos. Segundo analistas, com\" \/>\n<meta property=\"og:url\" content=\"https:\/\/noticiasemdestaque.com\/cd\/?p=3543\" \/>\n<meta property=\"og:site_name\" content=\"Not&iacute;cias em Destaque\" \/>\n<meta property=\"article:published_time\" content=\"2017-08-24T10:01:51+00:00\" \/>\n<meta property=\"og:image\" content=\"https:\/\/noticiasemdestaque.com\/cd\/wp-content\/uploads\/2017\/08\/Casa-da-Moeda-do-Brasil-300x168.jpg\" \/>\n\t<meta property=\"og:image:width\" content=\"300\" \/>\n\t<meta property=\"og:image:height\" content=\"168\" \/>\n\t<meta property=\"og:image:type\" content=\"image\/jpeg\" \/>\n<meta name=\"author\" content=\"Not\u00edcias em Destaque\" \/>\n<meta name=\"twitter:card\" content=\"summary_large_image\" \/>\n<meta name=\"twitter:label1\" content=\"Escrito por\" \/>\n\t<meta name=\"twitter:data1\" content=\"Not\u00edcias em Destaque\" \/>\n\t<meta name=\"twitter:label2\" content=\"Est. tempo de leitura\" \/>\n\t<meta name=\"twitter:data2\" content=\"6 minutos\" \/>\n<script type=\"application\/ld+json\" class=\"yoast-schema-graph\">{\"@context\":\"https:\/\/schema.org\",\"@graph\":[{\"@type\":\"Article\",\"@id\":\"https:\/\/noticiasemdestaque.com\/cd\/?p=3543#article\",\"isPartOf\":{\"@id\":\"https:\/\/noticiasemdestaque.com\/cd\/?p=3543\"},\"author\":{\"name\":\"Not\u00edcias em Destaque\",\"@id\":\"https:\/\/noticiasemdestaque.com\/cd\/#\/schema\/person\/21320b03a7e8bb90128938dafc9b908a\"},\"headline\":\"Governo anuncia pacote de 57 privatiza\u00e7\u00f5es e inclui Casa da Moeda\",\"datePublished\":\"2017-08-24T10:01:51+00:00\",\"mainEntityOfPage\":{\"@id\":\"https:\/\/noticiasemdestaque.com\/cd\/?p=3543\"},\"wordCount\":1170,\"publisher\":{\"@id\":\"https:\/\/noticiasemdestaque.com\/cd\/#organization\"},\"image\":{\"@id\":\"https:\/\/noticiasemdestaque.com\/cd\/?p=3543#primaryimage\"},\"thumbnailUrl\":\"https:\/\/noticiasemdestaque.com\/cd\/wp-content\/uploads\/2017\/08\/Casa-da-Moeda-do-Brasil-300x168.jpg\",\"articleSection\":[\"Pol\u00edtica\"],\"inLanguage\":\"pt-BR\"},{\"@type\":\"WebPage\",\"@id\":\"https:\/\/noticiasemdestaque.com\/cd\/?p=3543\",\"url\":\"https:\/\/noticiasemdestaque.com\/cd\/?p=3543\",\"name\":\"Governo anuncia pacote de 57 privatiza\u00e7\u00f5es e inclui Casa da Moeda - Not&iacute;cias em Destaque\",\"isPartOf\":{\"@id\":\"https:\/\/noticiasemdestaque.com\/cd\/#website\"},\"primaryImageOfPage\":{\"@id\":\"https:\/\/noticiasemdestaque.com\/cd\/?p=3543#primaryimage\"},\"image\":{\"@id\":\"https:\/\/noticiasemdestaque.com\/cd\/?p=3543#primaryimage\"},\"thumbnailUrl\":\"https:\/\/noticiasemdestaque.com\/cd\/wp-content\/uploads\/2017\/08\/Casa-da-Moeda-do-Brasil-300x168.jpg\",\"datePublished\":\"2017-08-24T10:01:51+00:00\",\"breadcrumb\":{\"@id\":\"https:\/\/noticiasemdestaque.com\/cd\/?p=3543#breadcrumb\"},\"inLanguage\":\"pt-BR\",\"potentialAction\":[{\"@type\":\"ReadAction\",\"target\":[\"https:\/\/noticiasemdestaque.com\/cd\/?p=3543\"]}]},{\"@type\":\"ImageObject\",\"inLanguage\":\"pt-BR\",\"@id\":\"https:\/\/noticiasemdestaque.com\/cd\/?p=3543#primaryimage\",\"url\":\"https:\/\/noticiasemdestaque.com\/cd\/wp-content\/uploads\/2017\/08\/Casa-da-Moeda-do-Brasil-300x168.jpg\",\"contentUrl\":\"https:\/\/noticiasemdestaque.com\/cd\/wp-content\/uploads\/2017\/08\/Casa-da-Moeda-do-Brasil-300x168.jpg\",\"width\":300,\"height\":168},{\"@type\":\"BreadcrumbList\",\"@id\":\"https:\/\/noticiasemdestaque.com\/cd\/?p=3543#breadcrumb\",\"itemListElement\":[{\"@type\":\"ListItem\",\"position\":1,\"name\":\"In\u00edcio\",\"item\":\"https:\/\/noticiasemdestaque.com\/cd\/\"},{\"@type\":\"ListItem\",\"position\":2,\"name\":\"Governo anuncia pacote de 57 privatiza\u00e7\u00f5es e inclui Casa da Moeda\"}]},{\"@type\":\"WebSite\",\"@id\":\"https:\/\/noticiasemdestaque.com\/cd\/#website\",\"url\":\"https:\/\/noticiasemdestaque.com\/cd\/\",\"name\":\"Not&iacute;cias em Destaque\",\"description\":\"\",\"publisher\":{\"@id\":\"https:\/\/noticiasemdestaque.com\/cd\/#organization\"},\"potentialAction\":[{\"@type\":\"SearchAction\",\"target\":{\"@type\":\"EntryPoint\",\"urlTemplate\":\"https:\/\/noticiasemdestaque.com\/cd\/?s={search_term_string}\"},\"query-input\":{\"@type\":\"PropertyValueSpecification\",\"valueRequired\":true,\"valueName\":\"search_term_string\"}}],\"inLanguage\":\"pt-BR\"},{\"@type\":\"Organization\",\"@id\":\"https:\/\/noticiasemdestaque.com\/cd\/#organization\",\"name\":\"Not\u00edcias em Destaque\",\"url\":\"https:\/\/noticiasemdestaque.com\/cd\/\",\"logo\":{\"@type\":\"ImageObject\",\"inLanguage\":\"pt-BR\",\"@id\":\"https:\/\/noticiasemdestaque.com\/cd\/#\/schema\/logo\/image\/\",\"url\":\"https:\/\/noticiasemdestaque.com\/cd\/wp-content\/uploads\/2022\/05\/imagem-base-noticiasemdestaque.png\",\"contentUrl\":\"https:\/\/noticiasemdestaque.com\/cd\/wp-content\/uploads\/2022\/05\/imagem-base-noticiasemdestaque.png\",\"width\":1200,\"height\":630,\"caption\":\"Not\u00edcias em Destaque\"},\"image\":{\"@id\":\"https:\/\/noticiasemdestaque.com\/cd\/#\/schema\/logo\/image\/\"}},{\"@type\":\"Person\",\"@id\":\"https:\/\/noticiasemdestaque.com\/cd\/#\/schema\/person\/21320b03a7e8bb90128938dafc9b908a\",\"name\":\"Not\u00edcias em Destaque\",\"url\":\"https:\/\/noticiasemdestaque.com\/cd\/?author=2\"}]}<\/script>\n<!-- \/ Yoast SEO plugin. -->","yoast_head_json":{"title":"Governo anuncia pacote de 57 privatiza\u00e7\u00f5es e inclui Casa da Moeda - Not&iacute;cias em Destaque","robots":{"index":"index","follow":"follow","max-snippet":"max-snippet:-1","max-image-preview":"max-image-preview:large","max-video-preview":"max-video-preview:-1"},"canonical":"https:\/\/noticiasemdestaque.com\/cd\/?p=3543","og_locale":"pt_BR","og_type":"article","og_title":"Governo anuncia pacote de 57 privatiza\u00e7\u00f5es e inclui Casa da Moeda - Not&iacute;cias em Destaque","og_description":"O governo federal anunciou nesta quarta-feira (23) que pretende privatizar a Casa da Moeda, \u00f3rg\u00e3o que confecciona as notas de real, al\u00e9m de passaportes brasileiros, selos postais e diplomas. &nbsp; A expectativa \u00e9 de que o edital seja publicado no terceiro trimestre do ano que vem e que o leil\u00e3o ocorra no final de 2018. A Casa da Moeda est\u00e1 hoje vinculada ao Minist\u00e9rio da Fazenda. O plano faz parte do Programa de Parcerias de Investimento (PPI), que discute, dentro do governo Michel Temer, as concess\u00f5es e privatiza\u00e7\u00f5es. O PPI divulgou nesta quarta um calend\u00e1rio prevendo uma s\u00e9rie de a\u00e7\u00f5es voltadas para leil\u00e3o de novos bens p\u00fablicos, como aeroportos, rodovias e terminais portu\u00e1rios. O objetivo \u00e9 de elevar as receitas do governo em um momento de arrecada\u00e7\u00e3o fraca, e tentar cumprir a meta fiscal. Segundo o ministro da secretaria-geral da Presid\u00eancia, Moreira Franco, 57 novos ativos foram disponibilizados para concess\u00e3o ou desestatiza\u00e7\u00e3o nesta segunda fase do programa. A primeira foi anunciada em setembro do ano passado e inclu\u00eda 34 projetos. Moreira Franco disse que o objetivo \u00e9 \u201cenfrentar a quest\u00e3o do emprego e da renda.\u201d O governo n\u00e3o estimou quanto pretende arrecadar com os novos leil\u00f5es, mas informou que eles representar\u00e3o R$ 44 bilh\u00f5es em investimentos ao longo da vig\u00eancia dos contratos. Nesta semana, o Minist\u00e9rio de Minas e Energia j\u00e1 havia anunciado a proposta de privatizar a Eletrobras, atrav\u00e9s da venda de parte das a\u00e7\u00f5es da estatal que pertencem hoje \u00e0 Uni\u00e3o. A proposta foi aprovada nesta quarta pelo conselho do PPI (veja mais abaixo neste reportagem). Veja abaixo as propostas do governo para concess\u00f5es e privatiza\u00e7\u00f5es: Rodovias O governo anunciou que quer leiloar um trecho de 806 quil\u00f4metros da BR-364, entre Porto Velho, em Rond\u00f4nia, e Comodoro, no Mato Grosso, e relicitar o trecho de 634 km da BR-153, entre An\u00e1polis, em Goi\u00e1s, e Alian\u00e7a do Tocantins. A BR-153 foi leiloada durante o governo Dilma Rousseff, em 2014, por\u00e9m a concession\u00e1ria Galv\u00e3o n\u00e3o cumpriu os investimentos previstos e teve o contrato encerrado. A previs\u00e3o oficial \u00e9 realizar os leil\u00f5es dos dois trechos no \u00faltimo trimestre de 2018. Terminais portu\u00e1rios O Minist\u00e9rio dos Transportes prop\u00f4s ainda a concess\u00e3o de 15 terminais portu\u00e1rios, que s\u00e3o \u00e1reas dedicadas a movimenta\u00e7\u00e3o de carga nos portos. Os terminais que ir\u00e3o a leil\u00e3o ficam nos portos de Bel\u00e9m (GLP e gran\u00e9is l\u00edquidos), Vila do Conde (gran\u00e9is l\u00edquidos), Paranagu\u00e1 (gr\u00e3os) e Vit\u00f3ria (gran\u00e9is l\u00edquidos). A proposta do governo tamb\u00e9m inclui a prorroga\u00e7\u00e3o antecipada do terminal de fertilizantes do porto de Itaqui e a autoriza\u00e7\u00e3o para amplia\u00e7\u00e3o de capacidade do Terminal Agrovia do Nordeste, no porto de Suape. Os leil\u00f5es est\u00e3o previstos para 2018. Aeroportos e controle a\u00e9reo O PPI confirmou a previs\u00e3o, j\u00e1 anunciada pelo governo, de que novos aeroportos sejam leiloados no segundo semestre do ano que vem. De acordo com documento divulgado pelo PPI, o Minist\u00e9rio dos Transportes prop\u00f4s a concess\u00e3o de 12 aeroportos, em dois blocos regionais: Bloco Nordeste: Macei\u00f3, Aracaju, Jo\u00e3o Pessoa, Campina Grande, Juazeiro do Norte e Recife. Bloco Centro-Oeste: Cuiab\u00e1, Sinop, Alta Floresta, Barra do Gar\u00e7as e Rondon\u00f3polis. Al\u00e9m disso, segundo o ministro dos Transportes, Maur\u00edcio Quintella, o governo ainda vai estudar o leil\u00e3o dos aeroportos de Congonhas (SP), Vit\u00f3ria (ES) e Maca\u00e9 (RJ). Na semana passada, o Minist\u00e9rio do Planejamento deu como certo o leil\u00e3o de Congonhas. O documento confirma ainda a inten\u00e7\u00e3o do governo de vender a participa\u00e7\u00e3o acion\u00e1ria da Infraero nos aeroportos de Guarulhos, Confins, Bras\u00edlia e Gale\u00e3o, que foram leiloados durante o governo da ex-presidente Dilma Rousseff. Al\u00e9m disso, o Minist\u00e9rio da Defesa incluiu na rela\u00e7\u00e3o de projetos do PPI a proposta de uma Parceria-P\u00fablico Privada (PPP), na modalidade concess\u00e3o administrativa, voltada ao servi\u00e7o de transporte de sinais de telecomunica\u00e7\u00f5es para o Departamento de Controle do Espa\u00e7o A\u00e9reo (Decea) e organiza\u00e7\u00f5es militares no pa\u00eds. O projeto trata do controle do espa\u00e7o a\u00e9reo, com previs\u00e3o de investimento de R$ 1,1 bilh\u00e3o ao longo de 25 anos de concess\u00e3o. Energia el\u00e9trica Consta ainda da lista o leil\u00e3o de 11 lotes de linhas de transmiss\u00e3o de energia, al\u00e9m de subesta\u00e7\u00f5es. S\u00e3o novas estruturas, que ser\u00e3o constru\u00eddas pelas empresas vencedoras dos leil\u00f5es e que v\u00e3o ampliar a rede de transmiss\u00e3o de energia do pa\u00eds. Os lotes est\u00e3o distribu\u00eddos em dez estados: Bahia, Cear\u00e1, Par\u00e1, Paran\u00e1, Para\u00edba, Pernambuco, Piau\u00ed, Rio Grande do Norte, Minas Gerais e Tocantins. Eletrobras Sobre a Eletrobras, o governo informou que a redu\u00e7\u00e3o da participa\u00e7\u00e3o do governo na empresa ser\u00e1 feita por meio de emiss\u00e3o de pap\u00e9is pela estatal, sem subscri\u00e7\u00e3o da Uni\u00e3o, que, com isso, perder\u00e1 o controle acion\u00e1rio. \u201cNo entanto, a Uni\u00e3o manter\u00e1 o poder de veto para garantir a preserva\u00e7\u00e3o de decis\u00f5es estrat\u00e9gicas para o pa\u00eds. Esse modelo j\u00e1 tem sido usado com sucesso em pa\u00edses como Portugal, Fran\u00e7a e It\u00e1lia\u201d, informou. De acordo com o governo, a venda injetar\u00e1 \u201cexpressivos recursos\u201d no Tesouro Nacional, mas tamb\u00e9m proporcionar\u00e1 a \u201cmoderniza\u00e7\u00e3o de processos, o aumento da efici\u00eancia e melhoria da governan\u00e7a, sem que as tarifas sejam afetadas.\u201d Na reuni\u00e3o desta quarta, o conselho do Programa de Parcerias de Investimentos (PPI) aprovou a proposta do Minist\u00e9rio de Minas e Energia de privatizar a Eletrobras. Meta fiscal e crise econ\u00f4mica O governo conta com a verba extra que vir\u00e1 das concess\u00f5es e privatiza\u00e7\u00f5es para elevar suas receitas e conseguir fechar as contas em 2018. Recentemente, prop\u00f4s ao Congresso elevar o teto para o rombo das contas p\u00fablicas em 2017 e 2018 para R$ 159 bilh\u00f5es devido \u00e0 arrecada\u00e7\u00e3o abaixo da esperada, reflexo da recupera\u00e7\u00e3o da economia mais lenta que a prevista. A meta atual j\u00e1 \u00e9 de d\u00e9ficit (despesas maiores que receitas), ou seja, de resultado negativo, de R$ 139 bilh\u00f5es em 2017 e de R$ 129 bilh\u00f5es em 2018. O fortalecimento do PPI tamb\u00e9m acontece em um momento de forte queda nos investimentos do Programa de Acelera\u00e7\u00e3o do Crescimento (PAC) \u2013 que pode ter, em 2017, o menor or\u00e7amento em v\u00e1rios anos \u2013 e de cortes no or\u00e7amento, feitos pelo governo, e que vem prejudicando a continu\u00e7\u00e3o de alguns servi\u00e7os p\u00fablicos. Segundo analistas, com","og_url":"https:\/\/noticiasemdestaque.com\/cd\/?p=3543","og_site_name":"Not&iacute;cias em Destaque","article_published_time":"2017-08-24T10:01:51+00:00","og_image":[{"width":300,"height":168,"url":"https:\/\/noticiasemdestaque.com\/cd\/wp-content\/uploads\/2017\/08\/Casa-da-Moeda-do-Brasil-300x168.jpg","type":"image\/jpeg"}],"author":"Not\u00edcias em Destaque","twitter_card":"summary_large_image","twitter_misc":{"Escrito por":"Not\u00edcias em Destaque","Est. tempo de leitura":"6 minutos"},"schema":{"@context":"https:\/\/schema.org","@graph":[{"@type":"Article","@id":"https:\/\/noticiasemdestaque.com\/cd\/?p=3543#article","isPartOf":{"@id":"https:\/\/noticiasemdestaque.com\/cd\/?p=3543"},"author":{"name":"Not\u00edcias em Destaque","@id":"https:\/\/noticiasemdestaque.com\/cd\/#\/schema\/person\/21320b03a7e8bb90128938dafc9b908a"},"headline":"Governo anuncia pacote de 57 privatiza\u00e7\u00f5es e inclui Casa da Moeda","datePublished":"2017-08-24T10:01:51+00:00","mainEntityOfPage":{"@id":"https:\/\/noticiasemdestaque.com\/cd\/?p=3543"},"wordCount":1170,"publisher":{"@id":"https:\/\/noticiasemdestaque.com\/cd\/#organization"},"image":{"@id":"https:\/\/noticiasemdestaque.com\/cd\/?p=3543#primaryimage"},"thumbnailUrl":"https:\/\/noticiasemdestaque.com\/cd\/wp-content\/uploads\/2017\/08\/Casa-da-Moeda-do-Brasil-300x168.jpg","articleSection":["Pol\u00edtica"],"inLanguage":"pt-BR"},{"@type":"WebPage","@id":"https:\/\/noticiasemdestaque.com\/cd\/?p=3543","url":"https:\/\/noticiasemdestaque.com\/cd\/?p=3543","name":"Governo anuncia pacote de 57 privatiza\u00e7\u00f5es e inclui Casa da Moeda - Not&iacute;cias em Destaque","isPartOf":{"@id":"https:\/\/noticiasemdestaque.com\/cd\/#website"},"primaryImageOfPage":{"@id":"https:\/\/noticiasemdestaque.com\/cd\/?p=3543#primaryimage"},"image":{"@id":"https:\/\/noticiasemdestaque.com\/cd\/?p=3543#primaryimage"},"thumbnailUrl":"https:\/\/noticiasemdestaque.com\/cd\/wp-content\/uploads\/2017\/08\/Casa-da-Moeda-do-Brasil-300x168.jpg","datePublished":"2017-08-24T10:01:51+00:00","breadcrumb":{"@id":"https:\/\/noticiasemdestaque.com\/cd\/?p=3543#breadcrumb"},"inLanguage":"pt-BR","potentialAction":[{"@type":"ReadAction","target":["https:\/\/noticiasemdestaque.com\/cd\/?p=3543"]}]},{"@type":"ImageObject","inLanguage":"pt-BR","@id":"https:\/\/noticiasemdestaque.com\/cd\/?p=3543#primaryimage","url":"https:\/\/noticiasemdestaque.com\/cd\/wp-content\/uploads\/2017\/08\/Casa-da-Moeda-do-Brasil-300x168.jpg","contentUrl":"https:\/\/noticiasemdestaque.com\/cd\/wp-content\/uploads\/2017\/08\/Casa-da-Moeda-do-Brasil-300x168.jpg","width":300,"height":168},{"@type":"BreadcrumbList","@id":"https:\/\/noticiasemdestaque.com\/cd\/?p=3543#breadcrumb","itemListElement":[{"@type":"ListItem","position":1,"name":"In\u00edcio","item":"https:\/\/noticiasemdestaque.com\/cd\/"},{"@type":"ListItem","position":2,"name":"Governo anuncia pacote de 57 privatiza\u00e7\u00f5es e inclui Casa da Moeda"}]},{"@type":"WebSite","@id":"https:\/\/noticiasemdestaque.com\/cd\/#website","url":"https:\/\/noticiasemdestaque.com\/cd\/","name":"Not&iacute;cias em Destaque","description":"","publisher":{"@id":"https:\/\/noticiasemdestaque.com\/cd\/#organization"},"potentialAction":[{"@type":"SearchAction","target":{"@type":"EntryPoint","urlTemplate":"https:\/\/noticiasemdestaque.com\/cd\/?s={search_term_string}"},"query-input":{"@type":"PropertyValueSpecification","valueRequired":true,"valueName":"search_term_string"}}],"inLanguage":"pt-BR"},{"@type":"Organization","@id":"https:\/\/noticiasemdestaque.com\/cd\/#organization","name":"Not\u00edcias em Destaque","url":"https:\/\/noticiasemdestaque.com\/cd\/","logo":{"@type":"ImageObject","inLanguage":"pt-BR","@id":"https:\/\/noticiasemdestaque.com\/cd\/#\/schema\/logo\/image\/","url":"https:\/\/noticiasemdestaque.com\/cd\/wp-content\/uploads\/2022\/05\/imagem-base-noticiasemdestaque.png","contentUrl":"https:\/\/noticiasemdestaque.com\/cd\/wp-content\/uploads\/2022\/05\/imagem-base-noticiasemdestaque.png","width":1200,"height":630,"caption":"Not\u00edcias em Destaque"},"image":{"@id":"https:\/\/noticiasemdestaque.com\/cd\/#\/schema\/logo\/image\/"}},{"@type":"Person","@id":"https:\/\/noticiasemdestaque.com\/cd\/#\/schema\/person\/21320b03a7e8bb90128938dafc9b908a","name":"Not\u00edcias em Destaque","url":"https:\/\/noticiasemdestaque.com\/cd\/?author=2"}]}},"jetpack_featured_media_url":"https:\/\/noticiasemdestaque.com\/cd\/wp-content\/uploads\/2017\/08\/Casa-da-Moeda-do-Brasil-300x168.jpg","jetpack_sharing_enabled":true,"_links":{"self":[{"href":"https:\/\/noticiasemdestaque.com\/cd\/index.php?rest_route=\/wp\/v2\/posts\/3543","targetHints":{"allow":["GET"]}}],"collection":[{"href":"https:\/\/noticiasemdestaque.com\/cd\/index.php?rest_route=\/wp\/v2\/posts"}],"about":[{"href":"https:\/\/noticiasemdestaque.com\/cd\/index.php?rest_route=\/wp\/v2\/types\/post"}],"author":[{"embeddable":true,"href":"https:\/\/noticiasemdestaque.com\/cd\/index.php?rest_route=\/wp\/v2\/users\/2"}],"replies":[{"embeddable":true,"href":"https:\/\/noticiasemdestaque.com\/cd\/index.php?rest_route=%2Fwp%2Fv2%2Fcomments&post=3543"}],"version-history":[{"count":1,"href":"https:\/\/noticiasemdestaque.com\/cd\/index.php?rest_route=\/wp\/v2\/posts\/3543\/revisions"}],"predecessor-version":[{"id":3545,"href":"https:\/\/noticiasemdestaque.com\/cd\/index.php?rest_route=\/wp\/v2\/posts\/3543\/revisions\/3545"}],"wp:featuredmedia":[{"embeddable":true,"href":"https:\/\/noticiasemdestaque.com\/cd\/index.php?rest_route=\/wp\/v2\/media\/3544"}],"wp:attachment":[{"href":"https:\/\/noticiasemdestaque.com\/cd\/index.php?rest_route=%2Fwp%2Fv2%2Fmedia&parent=3543"}],"wp:term":[{"taxonomy":"category","embeddable":true,"href":"https:\/\/noticiasemdestaque.com\/cd\/index.php?rest_route=%2Fwp%2Fv2%2Fcategories&post=3543"},{"taxonomy":"post_tag","embeddable":true,"href":"https:\/\/noticiasemdestaque.com\/cd\/index.php?rest_route=%2Fwp%2Fv2%2Ftags&post=3543"}],"curies":[{"name":"wp","href":"https:\/\/api.w.org\/{rel}","templated":true}]}}