{"id":351,"date":"2017-06-09T20:01:34","date_gmt":"2017-06-09T23:01:34","guid":{"rendered":"http:\/\/caririemdestaque.com\/cd\/?p=351"},"modified":"2017-06-09T20:01:34","modified_gmt":"2017-06-09T23:01:34","slug":"laboratorio-do-cdsa-ufcg-comemora-semana-do-meio-ambiente","status":"publish","type":"post","link":"https:\/\/noticiasemdestaque.com\/cd\/?p=351","title":{"rendered":"Laborat\u00f3rio do CDSA-UFCG comemora Semana do Meio Ambiente"},"content":{"rendered":"<p>&nbsp;<\/p>\n<p style=\"text-align: left;\"><a href=\"http:\/\/caririemdestaque.com\/cd\/wp-content\/uploads\/2017\/06\/unnamed-2.jpg\"><img fetchpriority=\"high\" decoding=\"async\" class=\"size-medium wp-image-352 alignleft\" src=\"http:\/\/caririemdestaque.com\/cd\/wp-content\/uploads\/2017\/06\/unnamed-2-300x200.jpg\" alt=\"\" width=\"300\" height=\"200\" srcset=\"https:\/\/noticiasemdestaque.com\/cd\/wp-content\/uploads\/2017\/06\/unnamed-2-300x200.jpg 300w, https:\/\/noticiasemdestaque.com\/cd\/wp-content\/uploads\/2017\/06\/unnamed-2-768x512.jpg 768w, https:\/\/noticiasemdestaque.com\/cd\/wp-content\/uploads\/2017\/06\/unnamed-2-480x320.jpg 480w, https:\/\/noticiasemdestaque.com\/cd\/wp-content\/uploads\/2017\/06\/unnamed-2.jpg 800w\" sizes=\"(max-width: 300px) 100vw, 300px\" \/><\/a>Para comemorar a Semana do Meio Ambiente, o Laborat\u00f3rio de Ecologia e Bot\u00e2nica (LAEB) do Centro de Desenvolvimento Sustent\u00e1vel do Semi\u00e1rido da UFCG, organizou visitas \u00e0 experimentos mantidos pelo LAEB na \u00e1rea da fazenda experimental do Campus Sum\u00e9.<\/p>\n<p>Um grupo de estudantes das turmas concluintes do Ensino M\u00e9dio da Escola Estadual Professor Jos\u00e9 Gaud\u00eancio, de Serra Branca, acompanhados de suas professoras abriram a programa\u00e7\u00e3o de visitas, na segunda-feira (5). As visitas foram encerradas com a uma turma de estudantes do Projovem Campo Saberes da Terra, do munic\u00edpio de Monteiro, nesta sexta-feira (9).<\/p>\n<p>&#8220;Viemos realizar uma atividade de campo para descobrir um pouco mais sobre a nossa cultura e a nossa pr\u00f3pria terra. H\u00e1 certo preconceito sobre o Semi\u00e1rido e a nossa regi\u00e3o. Na escola professor Jos\u00e9 Gaud\u00eancio as professoras Simone e Jacira, promoveram essa atividade com o objetivo de destruir esses preconceitos atrav\u00e9s da ci\u00eancia. Aqui aprendi muita coisa que eu n\u00e3o sabia sobre a terra, sobre as plantas, sobre a utilidades dessas plantas. Nem sempre damos o devido valor ao o que \u00e9 nosso, ent\u00e3o essa experi\u00eancia foi v\u00e1lida&#8221;, disse o estudante Alisson Rodrigues da Silva.<\/p>\n<p>&#8220;Trouxemos as turmas concluintes do Ensino M\u00e9dio para que eles pudessem adquirir experi\u00eancia sobre como aprender a respeitar o meio ambiente e levar esse conhecimento visto aqui para um projeto na nossa escola j\u00e1 que esse ano estamos trabalhamos sobre o meio ambiente e sustentabilidade e isso para os alunos ser\u00e1 importante para a observa\u00e7\u00e3o na pr\u00e1tica&#8221;, falou a professora de Qu\u00edmica Jacira Ribeiro, da Escola Estadual Professor Jos\u00e9 Gaud\u00eancio.<\/p>\n<p>Parceria<\/p>\n<p>Ainda comemorando a Semana do Meio Ambiente, foi realizada uma reuni\u00e3o na quinta-feira (8) entre a coordenadora do LAEB, professora Alecksandra Vieira, o gestor da RPPN Fazenda Almas e representando a Associa\u00e7\u00e3o Plantas do Nordeste (APNE), Roberto Lima e o secret\u00e1rio de Educa\u00e7\u00e3o do Munic\u00edpio de Sum\u00e9 Odilon Ara\u00fajo e Bet\u00e2nia Macedo, tamb\u00e9m do munic\u00edpio, resultando numa parceria para a implementa\u00e7\u00e3o das estrat\u00e9gias do programa de educa\u00e7\u00e3o ambiental contemplado no Plano de Manejo da referida unidade de conserva\u00e7\u00e3o, sendo um compromisso firmado para a conserva\u00e7\u00e3o dos recursos naturais no Cariri paraibano.<\/p>\n<p><em><strong>Cariri em Destaque<\/strong><\/em><\/p>\n<p>Com Ascom\/Rosenato Barreto<\/p>\n","protected":false},"excerpt":{"rendered":"<p>&nbsp; Para comemorar a Semana do Meio Ambiente, o Laborat\u00f3rio de Ecologia e Bot\u00e2nica (LAEB) do Centro de Desenvolvimento Sustent\u00e1vel do Semi\u00e1rido da UFCG, organizou visitas \u00e0 experimentos mantidos pelo LAEB na \u00e1rea da fazenda experimental do Campus Sum\u00e9. Um grupo de estudantes das turmas concluintes do Ensino M\u00e9dio da Escola Estadual Professor Jos\u00e9 Gaud\u00eancio, de Serra Branca, acompanhados de suas professoras abriram a programa\u00e7\u00e3o de visitas, na segunda-feira (5). As visitas foram encerradas com a uma turma de estudantes do Projovem Campo Saberes da Terra, do munic\u00edpio de Monteiro, nesta sexta-feira (9). &#8220;Viemos realizar uma atividade de campo para descobrir um pouco mais sobre a nossa cultura e a nossa pr\u00f3pria terra. H\u00e1 certo preconceito sobre o Semi\u00e1rido e a nossa regi\u00e3o. Na escola professor Jos\u00e9 Gaud\u00eancio as professoras Simone e Jacira, promoveram essa atividade com o objetivo de destruir esses preconceitos atrav\u00e9s da ci\u00eancia. Aqui aprendi muita coisa que eu n\u00e3o sabia sobre a terra, sobre as plantas, sobre a utilidades dessas plantas. Nem sempre damos o devido valor ao o que \u00e9 nosso, ent\u00e3o essa experi\u00eancia foi v\u00e1lida&#8221;, disse o estudante Alisson Rodrigues da Silva. &#8220;Trouxemos as turmas concluintes do Ensino M\u00e9dio para que eles pudessem adquirir experi\u00eancia sobre como aprender a respeitar o meio ambiente e levar esse conhecimento visto aqui para um projeto na nossa escola j\u00e1 que esse ano estamos trabalhamos sobre o meio ambiente e sustentabilidade e isso para os alunos ser\u00e1 importante para a observa\u00e7\u00e3o na pr\u00e1tica&#8221;, falou a professora de Qu\u00edmica Jacira Ribeiro, da Escola Estadual Professor Jos\u00e9 Gaud\u00eancio. Parceria Ainda comemorando a Semana do Meio Ambiente, foi realizada uma reuni\u00e3o na quinta-feira (8) entre a coordenadora do LAEB, professora Alecksandra Vieira, o gestor da RPPN Fazenda Almas e representando a Associa\u00e7\u00e3o Plantas do Nordeste (APNE), Roberto Lima e o secret\u00e1rio de Educa\u00e7\u00e3o do Munic\u00edpio de Sum\u00e9 Odilon Ara\u00fajo e Bet\u00e2nia Macedo, tamb\u00e9m do munic\u00edpio, resultando numa parceria para a implementa\u00e7\u00e3o das estrat\u00e9gias do programa de educa\u00e7\u00e3o ambiental contemplado no Plano de Manejo da referida unidade de conserva\u00e7\u00e3o, sendo um compromisso firmado para a conserva\u00e7\u00e3o dos recursos naturais no Cariri paraibano. Cariri em Destaque Com Ascom\/Rosenato Barreto<\/p>\n","protected":false},"author":2,"featured_media":352,"comment_status":"closed","ping_status":"open","sticky":false,"template":"","format":"standard","meta":{"_eb_attr":"","_jetpack_memberships_contains_paid_content":false,"footnotes":""},"categories":[6],"tags":[],"class_list":["post-351","post","type-post","status-publish","format-standard","has-post-thumbnail","hentry","category-educacao"],"yoast_head":"<!-- This site is optimized with the Yoast SEO plugin v26.5 - https:\/\/yoast.com\/wordpress\/plugins\/seo\/ -->\n<title>Laborat\u00f3rio do CDSA-UFCG comemora Semana do Meio Ambiente - Not&iacute;cias em Destaque<\/title>\n<meta name=\"robots\" content=\"index, follow, max-snippet:-1, max-image-preview:large, max-video-preview:-1\" \/>\n<link rel=\"canonical\" href=\"https:\/\/noticiasemdestaque.com\/cd\/?p=351\" \/>\n<meta property=\"og:locale\" content=\"pt_BR\" \/>\n<meta property=\"og:type\" content=\"article\" \/>\n<meta property=\"og:title\" content=\"Laborat\u00f3rio do CDSA-UFCG comemora Semana do Meio Ambiente - Not&iacute;cias em Destaque\" \/>\n<meta property=\"og:description\" content=\"&nbsp; Para comemorar a Semana do Meio Ambiente, o Laborat\u00f3rio de Ecologia e Bot\u00e2nica (LAEB) do Centro de Desenvolvimento Sustent\u00e1vel do Semi\u00e1rido da UFCG, organizou visitas \u00e0 experimentos mantidos pelo LAEB na \u00e1rea da fazenda experimental do Campus Sum\u00e9. Um grupo de estudantes das turmas concluintes do Ensino M\u00e9dio da Escola Estadual Professor Jos\u00e9 Gaud\u00eancio, de Serra Branca, acompanhados de suas professoras abriram a programa\u00e7\u00e3o de visitas, na segunda-feira (5). As visitas foram encerradas com a uma turma de estudantes do Projovem Campo Saberes da Terra, do munic\u00edpio de Monteiro, nesta sexta-feira (9). &#8220;Viemos realizar uma atividade de campo para descobrir um pouco mais sobre a nossa cultura e a nossa pr\u00f3pria terra. H\u00e1 certo preconceito sobre o Semi\u00e1rido e a nossa regi\u00e3o. Na escola professor Jos\u00e9 Gaud\u00eancio as professoras Simone e Jacira, promoveram essa atividade com o objetivo de destruir esses preconceitos atrav\u00e9s da ci\u00eancia. Aqui aprendi muita coisa que eu n\u00e3o sabia sobre a terra, sobre as plantas, sobre a utilidades dessas plantas. Nem sempre damos o devido valor ao o que \u00e9 nosso, ent\u00e3o essa experi\u00eancia foi v\u00e1lida&#8221;, disse o estudante Alisson Rodrigues da Silva. &#8220;Trouxemos as turmas concluintes do Ensino M\u00e9dio para que eles pudessem adquirir experi\u00eancia sobre como aprender a respeitar o meio ambiente e levar esse conhecimento visto aqui para um projeto na nossa escola j\u00e1 que esse ano estamos trabalhamos sobre o meio ambiente e sustentabilidade e isso para os alunos ser\u00e1 importante para a observa\u00e7\u00e3o na pr\u00e1tica&#8221;, falou a professora de Qu\u00edmica Jacira Ribeiro, da Escola Estadual Professor Jos\u00e9 Gaud\u00eancio. Parceria Ainda comemorando a Semana do Meio Ambiente, foi realizada uma reuni\u00e3o na quinta-feira (8) entre a coordenadora do LAEB, professora Alecksandra Vieira, o gestor da RPPN Fazenda Almas e representando a Associa\u00e7\u00e3o Plantas do Nordeste (APNE), Roberto Lima e o secret\u00e1rio de Educa\u00e7\u00e3o do Munic\u00edpio de Sum\u00e9 Odilon Ara\u00fajo e Bet\u00e2nia Macedo, tamb\u00e9m do munic\u00edpio, resultando numa parceria para a implementa\u00e7\u00e3o das estrat\u00e9gias do programa de educa\u00e7\u00e3o ambiental contemplado no Plano de Manejo da referida unidade de conserva\u00e7\u00e3o, sendo um compromisso firmado para a conserva\u00e7\u00e3o dos recursos naturais no Cariri paraibano. Cariri em Destaque Com Ascom\/Rosenato Barreto\" \/>\n<meta property=\"og:url\" content=\"https:\/\/noticiasemdestaque.com\/cd\/?p=351\" \/>\n<meta property=\"og:site_name\" content=\"Not&iacute;cias em Destaque\" \/>\n<meta property=\"article:published_time\" content=\"2017-06-09T23:01:34+00:00\" \/>\n<meta property=\"og:image\" content=\"https:\/\/noticiasemdestaque.com\/cd\/wp-content\/uploads\/2017\/06\/unnamed-2.jpg\" \/>\n\t<meta property=\"og:image:width\" content=\"800\" \/>\n\t<meta property=\"og:image:height\" content=\"533\" \/>\n\t<meta property=\"og:image:type\" content=\"image\/jpeg\" \/>\n<meta name=\"author\" content=\"Not\u00edcias em Destaque\" \/>\n<meta name=\"twitter:card\" content=\"summary_large_image\" \/>\n<meta name=\"twitter:label1\" content=\"Escrito por\" \/>\n\t<meta name=\"twitter:data1\" content=\"Not\u00edcias em Destaque\" \/>\n\t<meta name=\"twitter:label2\" content=\"Est. tempo de leitura\" \/>\n\t<meta name=\"twitter:data2\" content=\"2 minutos\" \/>\n<script type=\"application\/ld+json\" class=\"yoast-schema-graph\">{\"@context\":\"https:\/\/schema.org\",\"@graph\":[{\"@type\":\"Article\",\"@id\":\"https:\/\/noticiasemdestaque.com\/cd\/?p=351#article\",\"isPartOf\":{\"@id\":\"https:\/\/noticiasemdestaque.com\/cd\/?p=351\"},\"author\":{\"name\":\"Not\u00edcias em Destaque\",\"@id\":\"https:\/\/noticiasemdestaque.com\/cd\/#\/schema\/person\/45ca272b3e1246ef14ebb78a48dbb218\"},\"headline\":\"Laborat\u00f3rio do CDSA-UFCG comemora Semana do Meio Ambiente\",\"datePublished\":\"2017-06-09T23:01:34+00:00\",\"mainEntityOfPage\":{\"@id\":\"https:\/\/noticiasemdestaque.com\/cd\/?p=351\"},\"wordCount\":399,\"publisher\":{\"@id\":\"https:\/\/noticiasemdestaque.com\/cd\/#organization\"},\"image\":{\"@id\":\"https:\/\/noticiasemdestaque.com\/cd\/?p=351#primaryimage\"},\"thumbnailUrl\":\"https:\/\/noticiasemdestaque.com\/cd\/wp-content\/uploads\/2017\/06\/unnamed-2.jpg\",\"articleSection\":[\"Educa\u00e7\u00e3o\"],\"inLanguage\":\"pt-BR\"},{\"@type\":\"WebPage\",\"@id\":\"https:\/\/noticiasemdestaque.com\/cd\/?p=351\",\"url\":\"https:\/\/noticiasemdestaque.com\/cd\/?p=351\",\"name\":\"Laborat\u00f3rio do CDSA-UFCG comemora Semana do Meio Ambiente - Not&iacute;cias em Destaque\",\"isPartOf\":{\"@id\":\"https:\/\/noticiasemdestaque.com\/cd\/#website\"},\"primaryImageOfPage\":{\"@id\":\"https:\/\/noticiasemdestaque.com\/cd\/?p=351#primaryimage\"},\"image\":{\"@id\":\"https:\/\/noticiasemdestaque.com\/cd\/?p=351#primaryimage\"},\"thumbnailUrl\":\"https:\/\/noticiasemdestaque.com\/cd\/wp-content\/uploads\/2017\/06\/unnamed-2.jpg\",\"datePublished\":\"2017-06-09T23:01:34+00:00\",\"breadcrumb\":{\"@id\":\"https:\/\/noticiasemdestaque.com\/cd\/?p=351#breadcrumb\"},\"inLanguage\":\"pt-BR\",\"potentialAction\":[{\"@type\":\"ReadAction\",\"target\":[\"https:\/\/noticiasemdestaque.com\/cd\/?p=351\"]}]},{\"@type\":\"ImageObject\",\"inLanguage\":\"pt-BR\",\"@id\":\"https:\/\/noticiasemdestaque.com\/cd\/?p=351#primaryimage\",\"url\":\"https:\/\/noticiasemdestaque.com\/cd\/wp-content\/uploads\/2017\/06\/unnamed-2.jpg\",\"contentUrl\":\"https:\/\/noticiasemdestaque.com\/cd\/wp-content\/uploads\/2017\/06\/unnamed-2.jpg\",\"width\":800,\"height\":533},{\"@type\":\"BreadcrumbList\",\"@id\":\"https:\/\/noticiasemdestaque.com\/cd\/?p=351#breadcrumb\",\"itemListElement\":[{\"@type\":\"ListItem\",\"position\":1,\"name\":\"In\u00edcio\",\"item\":\"https:\/\/noticiasemdestaque.com\/cd\/\"},{\"@type\":\"ListItem\",\"position\":2,\"name\":\"Laborat\u00f3rio do CDSA-UFCG comemora Semana do Meio Ambiente\"}]},{\"@type\":\"WebSite\",\"@id\":\"https:\/\/noticiasemdestaque.com\/cd\/#website\",\"url\":\"https:\/\/noticiasemdestaque.com\/cd\/\",\"name\":\"Not&iacute;cias em Destaque\",\"description\":\"\",\"publisher\":{\"@id\":\"https:\/\/noticiasemdestaque.com\/cd\/#organization\"},\"potentialAction\":[{\"@type\":\"SearchAction\",\"target\":{\"@type\":\"EntryPoint\",\"urlTemplate\":\"https:\/\/noticiasemdestaque.com\/cd\/?s={search_term_string}\"},\"query-input\":{\"@type\":\"PropertyValueSpecification\",\"valueRequired\":true,\"valueName\":\"search_term_string\"}}],\"inLanguage\":\"pt-BR\"},{\"@type\":\"Organization\",\"@id\":\"https:\/\/noticiasemdestaque.com\/cd\/#organization\",\"name\":\"Not\u00edcias em Destaque\",\"url\":\"https:\/\/noticiasemdestaque.com\/cd\/\",\"logo\":{\"@type\":\"ImageObject\",\"inLanguage\":\"pt-BR\",\"@id\":\"https:\/\/noticiasemdestaque.com\/cd\/#\/schema\/logo\/image\/\",\"url\":\"https:\/\/noticiasemdestaque.com\/cd\/wp-content\/uploads\/2022\/05\/imagem-base-noticiasemdestaque.png\",\"contentUrl\":\"https:\/\/noticiasemdestaque.com\/cd\/wp-content\/uploads\/2022\/05\/imagem-base-noticiasemdestaque.png\",\"width\":1200,\"height\":630,\"caption\":\"Not\u00edcias em Destaque\"},\"image\":{\"@id\":\"https:\/\/noticiasemdestaque.com\/cd\/#\/schema\/logo\/image\/\"}},{\"@type\":\"Person\",\"@id\":\"https:\/\/noticiasemdestaque.com\/cd\/#\/schema\/person\/45ca272b3e1246ef14ebb78a48dbb218\",\"name\":\"Not\u00edcias em Destaque\",\"url\":\"https:\/\/noticiasemdestaque.com\/cd\/?author=2\"}]}<\/script>\n<!-- \/ Yoast SEO plugin. -->","yoast_head_json":{"title":"Laborat\u00f3rio do CDSA-UFCG comemora Semana do Meio Ambiente - Not&iacute;cias em Destaque","robots":{"index":"index","follow":"follow","max-snippet":"max-snippet:-1","max-image-preview":"max-image-preview:large","max-video-preview":"max-video-preview:-1"},"canonical":"https:\/\/noticiasemdestaque.com\/cd\/?p=351","og_locale":"pt_BR","og_type":"article","og_title":"Laborat\u00f3rio do CDSA-UFCG comemora Semana do Meio Ambiente - Not&iacute;cias em Destaque","og_description":"&nbsp; Para comemorar a Semana do Meio Ambiente, o Laborat\u00f3rio de Ecologia e Bot\u00e2nica (LAEB) do Centro de Desenvolvimento Sustent\u00e1vel do Semi\u00e1rido da UFCG, organizou visitas \u00e0 experimentos mantidos pelo LAEB na \u00e1rea da fazenda experimental do Campus Sum\u00e9. Um grupo de estudantes das turmas concluintes do Ensino M\u00e9dio da Escola Estadual Professor Jos\u00e9 Gaud\u00eancio, de Serra Branca, acompanhados de suas professoras abriram a programa\u00e7\u00e3o de visitas, na segunda-feira (5). As visitas foram encerradas com a uma turma de estudantes do Projovem Campo Saberes da Terra, do munic\u00edpio de Monteiro, nesta sexta-feira (9). &#8220;Viemos realizar uma atividade de campo para descobrir um pouco mais sobre a nossa cultura e a nossa pr\u00f3pria terra. H\u00e1 certo preconceito sobre o Semi\u00e1rido e a nossa regi\u00e3o. Na escola professor Jos\u00e9 Gaud\u00eancio as professoras Simone e Jacira, promoveram essa atividade com o objetivo de destruir esses preconceitos atrav\u00e9s da ci\u00eancia. Aqui aprendi muita coisa que eu n\u00e3o sabia sobre a terra, sobre as plantas, sobre a utilidades dessas plantas. Nem sempre damos o devido valor ao o que \u00e9 nosso, ent\u00e3o essa experi\u00eancia foi v\u00e1lida&#8221;, disse o estudante Alisson Rodrigues da Silva. &#8220;Trouxemos as turmas concluintes do Ensino M\u00e9dio para que eles pudessem adquirir experi\u00eancia sobre como aprender a respeitar o meio ambiente e levar esse conhecimento visto aqui para um projeto na nossa escola j\u00e1 que esse ano estamos trabalhamos sobre o meio ambiente e sustentabilidade e isso para os alunos ser\u00e1 importante para a observa\u00e7\u00e3o na pr\u00e1tica&#8221;, falou a professora de Qu\u00edmica Jacira Ribeiro, da Escola Estadual Professor Jos\u00e9 Gaud\u00eancio. Parceria Ainda comemorando a Semana do Meio Ambiente, foi realizada uma reuni\u00e3o na quinta-feira (8) entre a coordenadora do LAEB, professora Alecksandra Vieira, o gestor da RPPN Fazenda Almas e representando a Associa\u00e7\u00e3o Plantas do Nordeste (APNE), Roberto Lima e o secret\u00e1rio de Educa\u00e7\u00e3o do Munic\u00edpio de Sum\u00e9 Odilon Ara\u00fajo e Bet\u00e2nia Macedo, tamb\u00e9m do munic\u00edpio, resultando numa parceria para a implementa\u00e7\u00e3o das estrat\u00e9gias do programa de educa\u00e7\u00e3o ambiental contemplado no Plano de Manejo da referida unidade de conserva\u00e7\u00e3o, sendo um compromisso firmado para a conserva\u00e7\u00e3o dos recursos naturais no Cariri paraibano. Cariri em Destaque Com Ascom\/Rosenato Barreto","og_url":"https:\/\/noticiasemdestaque.com\/cd\/?p=351","og_site_name":"Not&iacute;cias em Destaque","article_published_time":"2017-06-09T23:01:34+00:00","og_image":[{"width":800,"height":533,"url":"https:\/\/noticiasemdestaque.com\/cd\/wp-content\/uploads\/2017\/06\/unnamed-2.jpg","type":"image\/jpeg"}],"author":"Not\u00edcias em Destaque","twitter_card":"summary_large_image","twitter_misc":{"Escrito por":"Not\u00edcias em Destaque","Est. tempo de leitura":"2 minutos"},"schema":{"@context":"https:\/\/schema.org","@graph":[{"@type":"Article","@id":"https:\/\/noticiasemdestaque.com\/cd\/?p=351#article","isPartOf":{"@id":"https:\/\/noticiasemdestaque.com\/cd\/?p=351"},"author":{"name":"Not\u00edcias em Destaque","@id":"https:\/\/noticiasemdestaque.com\/cd\/#\/schema\/person\/45ca272b3e1246ef14ebb78a48dbb218"},"headline":"Laborat\u00f3rio do CDSA-UFCG comemora Semana do Meio Ambiente","datePublished":"2017-06-09T23:01:34+00:00","mainEntityOfPage":{"@id":"https:\/\/noticiasemdestaque.com\/cd\/?p=351"},"wordCount":399,"publisher":{"@id":"https:\/\/noticiasemdestaque.com\/cd\/#organization"},"image":{"@id":"https:\/\/noticiasemdestaque.com\/cd\/?p=351#primaryimage"},"thumbnailUrl":"https:\/\/noticiasemdestaque.com\/cd\/wp-content\/uploads\/2017\/06\/unnamed-2.jpg","articleSection":["Educa\u00e7\u00e3o"],"inLanguage":"pt-BR"},{"@type":"WebPage","@id":"https:\/\/noticiasemdestaque.com\/cd\/?p=351","url":"https:\/\/noticiasemdestaque.com\/cd\/?p=351","name":"Laborat\u00f3rio do CDSA-UFCG comemora Semana do Meio Ambiente - Not&iacute;cias em Destaque","isPartOf":{"@id":"https:\/\/noticiasemdestaque.com\/cd\/#website"},"primaryImageOfPage":{"@id":"https:\/\/noticiasemdestaque.com\/cd\/?p=351#primaryimage"},"image":{"@id":"https:\/\/noticiasemdestaque.com\/cd\/?p=351#primaryimage"},"thumbnailUrl":"https:\/\/noticiasemdestaque.com\/cd\/wp-content\/uploads\/2017\/06\/unnamed-2.jpg","datePublished":"2017-06-09T23:01:34+00:00","breadcrumb":{"@id":"https:\/\/noticiasemdestaque.com\/cd\/?p=351#breadcrumb"},"inLanguage":"pt-BR","potentialAction":[{"@type":"ReadAction","target":["https:\/\/noticiasemdestaque.com\/cd\/?p=351"]}]},{"@type":"ImageObject","inLanguage":"pt-BR","@id":"https:\/\/noticiasemdestaque.com\/cd\/?p=351#primaryimage","url":"https:\/\/noticiasemdestaque.com\/cd\/wp-content\/uploads\/2017\/06\/unnamed-2.jpg","contentUrl":"https:\/\/noticiasemdestaque.com\/cd\/wp-content\/uploads\/2017\/06\/unnamed-2.jpg","width":800,"height":533},{"@type":"BreadcrumbList","@id":"https:\/\/noticiasemdestaque.com\/cd\/?p=351#breadcrumb","itemListElement":[{"@type":"ListItem","position":1,"name":"In\u00edcio","item":"https:\/\/noticiasemdestaque.com\/cd\/"},{"@type":"ListItem","position":2,"name":"Laborat\u00f3rio do CDSA-UFCG comemora Semana do Meio Ambiente"}]},{"@type":"WebSite","@id":"https:\/\/noticiasemdestaque.com\/cd\/#website","url":"https:\/\/noticiasemdestaque.com\/cd\/","name":"Not&iacute;cias em Destaque","description":"","publisher":{"@id":"https:\/\/noticiasemdestaque.com\/cd\/#organization"},"potentialAction":[{"@type":"SearchAction","target":{"@type":"EntryPoint","urlTemplate":"https:\/\/noticiasemdestaque.com\/cd\/?s={search_term_string}"},"query-input":{"@type":"PropertyValueSpecification","valueRequired":true,"valueName":"search_term_string"}}],"inLanguage":"pt-BR"},{"@type":"Organization","@id":"https:\/\/noticiasemdestaque.com\/cd\/#organization","name":"Not\u00edcias em Destaque","url":"https:\/\/noticiasemdestaque.com\/cd\/","logo":{"@type":"ImageObject","inLanguage":"pt-BR","@id":"https:\/\/noticiasemdestaque.com\/cd\/#\/schema\/logo\/image\/","url":"https:\/\/noticiasemdestaque.com\/cd\/wp-content\/uploads\/2022\/05\/imagem-base-noticiasemdestaque.png","contentUrl":"https:\/\/noticiasemdestaque.com\/cd\/wp-content\/uploads\/2022\/05\/imagem-base-noticiasemdestaque.png","width":1200,"height":630,"caption":"Not\u00edcias em Destaque"},"image":{"@id":"https:\/\/noticiasemdestaque.com\/cd\/#\/schema\/logo\/image\/"}},{"@type":"Person","@id":"https:\/\/noticiasemdestaque.com\/cd\/#\/schema\/person\/45ca272b3e1246ef14ebb78a48dbb218","name":"Not\u00edcias em Destaque","url":"https:\/\/noticiasemdestaque.com\/cd\/?author=2"}]}},"jetpack_featured_media_url":"https:\/\/noticiasemdestaque.com\/cd\/wp-content\/uploads\/2017\/06\/unnamed-2.jpg","jetpack_sharing_enabled":true,"_links":{"self":[{"href":"https:\/\/noticiasemdestaque.com\/cd\/index.php?rest_route=\/wp\/v2\/posts\/351","targetHints":{"allow":["GET"]}}],"collection":[{"href":"https:\/\/noticiasemdestaque.com\/cd\/index.php?rest_route=\/wp\/v2\/posts"}],"about":[{"href":"https:\/\/noticiasemdestaque.com\/cd\/index.php?rest_route=\/wp\/v2\/types\/post"}],"author":[{"embeddable":true,"href":"https:\/\/noticiasemdestaque.com\/cd\/index.php?rest_route=\/wp\/v2\/users\/2"}],"replies":[{"embeddable":true,"href":"https:\/\/noticiasemdestaque.com\/cd\/index.php?rest_route=%2Fwp%2Fv2%2Fcomments&post=351"}],"version-history":[{"count":1,"href":"https:\/\/noticiasemdestaque.com\/cd\/index.php?rest_route=\/wp\/v2\/posts\/351\/revisions"}],"predecessor-version":[{"id":353,"href":"https:\/\/noticiasemdestaque.com\/cd\/index.php?rest_route=\/wp\/v2\/posts\/351\/revisions\/353"}],"wp:featuredmedia":[{"embeddable":true,"href":"https:\/\/noticiasemdestaque.com\/cd\/index.php?rest_route=\/wp\/v2\/media\/352"}],"wp:attachment":[{"href":"https:\/\/noticiasemdestaque.com\/cd\/index.php?rest_route=%2Fwp%2Fv2%2Fmedia&parent=351"}],"wp:term":[{"taxonomy":"category","embeddable":true,"href":"https:\/\/noticiasemdestaque.com\/cd\/index.php?rest_route=%2Fwp%2Fv2%2Fcategories&post=351"},{"taxonomy":"post_tag","embeddable":true,"href":"https:\/\/noticiasemdestaque.com\/cd\/index.php?rest_route=%2Fwp%2Fv2%2Ftags&post=351"}],"curies":[{"name":"wp","href":"https:\/\/api.w.org\/{rel}","templated":true}]}}