{"id":3508,"date":"2017-08-23T13:13:15","date_gmt":"2017-08-23T16:13:15","guid":{"rendered":"http:\/\/caririemdestaque.com\/cd\/?p=3508"},"modified":"2017-08-23T13:13:15","modified_gmt":"2017-08-23T16:13:15","slug":"prefeitura-de-sao-jose-dos-cordeiros-divulga-programacao-tecnica-do-9o-festival-do-mel","status":"publish","type":"post","link":"https:\/\/noticiasemdestaque.com\/cd\/?p=3508","title":{"rendered":"Prefeitura de S\u00e3o Jos\u00e9 dos Cordeiros divulga programa\u00e7\u00e3o t\u00e9cnica do 9\u00ba Festival do Mel"},"content":{"rendered":"<p><a href=\"http:\/\/caririemdestaque.com\/cd\/wp-content\/uploads\/2017\/08\/21100496_1400968633344187_1994171325_n-400x232.jpg\"><img fetchpriority=\"high\" decoding=\"async\" class=\"size-medium wp-image-3509 alignleft\" src=\"http:\/\/caririemdestaque.com\/cd\/wp-content\/uploads\/2017\/08\/21100496_1400968633344187_1994171325_n-400x232-300x174.jpg\" alt=\"\" width=\"300\" height=\"174\" srcset=\"https:\/\/noticiasemdestaque.com\/cd\/wp-content\/uploads\/2017\/08\/21100496_1400968633344187_1994171325_n-400x232-300x174.jpg 300w, https:\/\/noticiasemdestaque.com\/cd\/wp-content\/uploads\/2017\/08\/21100496_1400968633344187_1994171325_n-400x232.jpg 400w\" sizes=\"(max-width: 300px) 100vw, 300px\" \/><\/a>O munic\u00edpio de S\u00e3o Jos\u00e9 dos Cordeiros j\u00e1 est\u00e1 com preparativos a todo vapor para a 9\u00aa edi\u00e7\u00e3o do Festival do Mel.<\/p>\n<p>O evento acontecer\u00e1 este ano nos dias 22, 23 e 24 de setembro e contar\u00e1 com muitas atividades como palestras, oficinas, visitas t\u00e9cnicas, apresenta\u00e7\u00e3o de trabalhos cient\u00edficos e shows variados.<\/p>\n<p>De acordo com o prefeito Jefferson Roberto, a programa\u00e7\u00e3o t\u00e9cnica foi definida num trabalho conjunto da Secretaria de Agricultura do munic\u00edpio junto \u00e0 Emater e outros parceiros a n\u00edvel estadual. Autoridades no segmento da apicultura n\u00e3o apenas da Para\u00edba, mas de todo o Brasil estar\u00e3o presentes no Festival do Mel compartilhando experi\u00eancias e discutindo alternativas para a atividade econ\u00f4mica.<\/p>\n<p>O secret\u00e1rio de finan\u00e7as de S\u00e3o Jos\u00e9 dos Cordeiro Fel\u00edcio Queiroz, disse que a grade de shows do festival j\u00e1 est\u00e1 sendo conclu\u00edda e dever\u00e1 ser divulgada at\u00e9 o final deste m\u00eas de agosto.<\/p>\n<p><strong>Confira a programa\u00e7\u00e3o t\u00e9cnica do 9\u00ba Festival do Mel:<\/strong><\/p>\n<p><strong>Dia 22 \u2013 SEXTA-FEIRA<\/strong><br \/>\n19:00 \u2013 Solenidade de Abertura;<br \/>\n19:30 \u2013 Concurso da Garota do Mel.<\/p>\n<p><strong>Dia 23 \u2013 S\u00c1BADO<\/strong><br \/>\n8:00 \u2013 Credenciamento;<br \/>\n9:00 \u2013 Palestra: Profissionaliza\u00e7\u00e3o da Apicultura no Brasil;<br \/>\nPalestrante: Jos\u00e9 Soares de Arag\u00e3o Brito \u2013 Presidente da Confedera\u00e7\u00e3o Brasileira de Apicultura.<br \/>\n10:00 \u2013 Palestra: Manejo avan\u00e7ado para a alta produ\u00e7\u00e3o visando a profissionaliza\u00e7\u00e3o do setor;<br \/>\nPalestrante: Gustavo Nadeu Bijos \u2013 M\u00e9dico Veterin\u00e1rio \/ SENAR-MS.<br \/>\n11:30 \u2013 Visita T\u00e9cnica ao Api\u00e1rio;<br \/>\n12:00 \u2013 Almo\u00e7o;<br \/>\n14:00 \u2013 Palestra: Meliponicultura no Semi\u00e1rio \u2013 A Jandaira como propulsora de uma atividade sustent\u00e1vel;<br \/>\nPalestrante: Victor Hugo Pedra\u00e7a Dias \u2013 Eng. Agr\u00f4nomo \/ EMATER-RN.<br \/>\n15:30 \u2013 Palestra: Empoderamento Feminino na Apicultura;<br \/>\nPalestrante: Prof.\u00aa Luciene Xavier de Mesquita Carvalho \/ IFRN Pau dos Ferros.<br \/>\n16:30 \u2013 Plen\u00e1ria da FEAMEPB \u2013 Federa\u00e7\u00e3o de Apicultura e Meliponicultura da Para\u00edba;<br \/>\nModerador: Leon Denis Batista do Carmo \u2013 Presidente da FEAMEPB.<br \/>\n17:30 \u2013 Apresenta\u00e7\u00e3o de Trabalhos Cient\u00edficos;<\/p>\n<p><strong>Dia 24 \u2013 DOMINGO<\/strong><br \/>\nOficinas 1 e 2 de 10:00h as 11:00h e de 11:00h as 12:00<\/p>\n<p>Oficina 1: Novas T\u00e9cnicas para Alimenta\u00e7\u00e3o artificial de abelhas;<br \/>\nInstrutor: Leon Denis Batista do Carmo \u2013 EMEPA PB \/ SENAR PB \/ FEAMEPB.<\/p>\n<p>Oficina 2: Passo a Passo para a cria\u00e7\u00e3o de Abelhas sem ferr\u00e3o no Semi\u00e1rido;<br \/>\nInstrutor: Josenildo Querino Dias \u2013 Zootecnista \/ Consultor SEBRAE-PB.<\/p>\n<p>&nbsp;<\/p>\n<p>&nbsp;<\/p>\n","protected":false},"excerpt":{"rendered":"<p>O munic\u00edpio de S\u00e3o Jos\u00e9 dos Cordeiros j\u00e1 est\u00e1 com preparativos a todo vapor para a 9\u00aa edi\u00e7\u00e3o do Festival do Mel. O evento acontecer\u00e1 este ano nos dias 22, 23 e 24 de setembro e contar\u00e1 com muitas atividades como palestras, oficinas, visitas t\u00e9cnicas, apresenta\u00e7\u00e3o de trabalhos cient\u00edficos e shows variados. De acordo com o prefeito Jefferson Roberto, a programa\u00e7\u00e3o t\u00e9cnica foi definida num trabalho conjunto da Secretaria de Agricultura do munic\u00edpio junto \u00e0 Emater e outros parceiros a n\u00edvel estadual. Autoridades no segmento da apicultura n\u00e3o apenas da Para\u00edba, mas de todo o Brasil estar\u00e3o presentes no Festival do Mel compartilhando experi\u00eancias e discutindo alternativas para a atividade econ\u00f4mica. O secret\u00e1rio de finan\u00e7as de S\u00e3o Jos\u00e9 dos Cordeiro Fel\u00edcio Queiroz, disse que a grade de shows do festival j\u00e1 est\u00e1 sendo conclu\u00edda e dever\u00e1 ser divulgada at\u00e9 o final deste m\u00eas de agosto. Confira a programa\u00e7\u00e3o t\u00e9cnica do 9\u00ba Festival do Mel: Dia 22 \u2013 SEXTA-FEIRA 19:00 \u2013 Solenidade de Abertura; 19:30 \u2013 Concurso da Garota do Mel. Dia 23 \u2013 S\u00c1BADO 8:00 \u2013 Credenciamento; 9:00 \u2013 Palestra: Profissionaliza\u00e7\u00e3o da Apicultura no Brasil; Palestrante: Jos\u00e9 Soares de Arag\u00e3o Brito \u2013 Presidente da Confedera\u00e7\u00e3o Brasileira de Apicultura. 10:00 \u2013 Palestra: Manejo avan\u00e7ado para a alta produ\u00e7\u00e3o visando a profissionaliza\u00e7\u00e3o do setor; Palestrante: Gustavo Nadeu Bijos \u2013 M\u00e9dico Veterin\u00e1rio \/ SENAR-MS. 11:30 \u2013 Visita T\u00e9cnica ao Api\u00e1rio; 12:00 \u2013 Almo\u00e7o; 14:00 \u2013 Palestra: Meliponicultura no Semi\u00e1rio \u2013 A Jandaira como propulsora de uma atividade sustent\u00e1vel; Palestrante: Victor Hugo Pedra\u00e7a Dias \u2013 Eng. Agr\u00f4nomo \/ EMATER-RN. 15:30 \u2013 Palestra: Empoderamento Feminino na Apicultura; Palestrante: Prof.\u00aa Luciene Xavier de Mesquita Carvalho \/ IFRN Pau dos Ferros. 16:30 \u2013 Plen\u00e1ria da FEAMEPB \u2013 Federa\u00e7\u00e3o de Apicultura e Meliponicultura da Para\u00edba; Moderador: Leon Denis Batista do Carmo \u2013 Presidente da FEAMEPB. 17:30 \u2013 Apresenta\u00e7\u00e3o de Trabalhos Cient\u00edficos; Dia 24 \u2013 DOMINGO Oficinas 1 e 2 de 10:00h as 11:00h e de 11:00h as 12:00 Oficina 1: Novas T\u00e9cnicas para Alimenta\u00e7\u00e3o artificial de abelhas; Instrutor: Leon Denis Batista do Carmo \u2013 EMEPA PB \/ SENAR PB \/ FEAMEPB. Oficina 2: Passo a Passo para a cria\u00e7\u00e3o de Abelhas sem ferr\u00e3o no Semi\u00e1rido; Instrutor: Josenildo Querino Dias \u2013 Zootecnista \/ Consultor SEBRAE-PB. &nbsp; &nbsp;<\/p>\n","protected":false},"author":2,"featured_media":3509,"comment_status":"closed","ping_status":"open","sticky":false,"template":"","format":"standard","meta":{"_eb_attr":"","_jetpack_memberships_contains_paid_content":false,"footnotes":""},"categories":[3],"tags":[],"class_list":["post-3508","post","type-post","status-publish","format-standard","has-post-thumbnail","hentry","category-cidades"],"yoast_head":"<!-- This site is optimized with the Yoast SEO plugin v26.5 - https:\/\/yoast.com\/wordpress\/plugins\/seo\/ -->\n<title>Prefeitura de S\u00e3o Jos\u00e9 dos Cordeiros divulga programa\u00e7\u00e3o t\u00e9cnica do 9\u00ba Festival do Mel - Not&iacute;cias em Destaque<\/title>\n<meta name=\"robots\" content=\"index, follow, max-snippet:-1, max-image-preview:large, max-video-preview:-1\" \/>\n<link rel=\"canonical\" href=\"https:\/\/noticiasemdestaque.com\/cd\/?p=3508\" \/>\n<meta property=\"og:locale\" content=\"pt_BR\" \/>\n<meta property=\"og:type\" content=\"article\" \/>\n<meta property=\"og:title\" content=\"Prefeitura de S\u00e3o Jos\u00e9 dos Cordeiros divulga programa\u00e7\u00e3o t\u00e9cnica do 9\u00ba Festival do Mel - Not&iacute;cias em Destaque\" \/>\n<meta property=\"og:description\" content=\"O munic\u00edpio de S\u00e3o Jos\u00e9 dos Cordeiros j\u00e1 est\u00e1 com preparativos a todo vapor para a 9\u00aa edi\u00e7\u00e3o do Festival do Mel. O evento acontecer\u00e1 este ano nos dias 22, 23 e 24 de setembro e contar\u00e1 com muitas atividades como palestras, oficinas, visitas t\u00e9cnicas, apresenta\u00e7\u00e3o de trabalhos cient\u00edficos e shows variados. De acordo com o prefeito Jefferson Roberto, a programa\u00e7\u00e3o t\u00e9cnica foi definida num trabalho conjunto da Secretaria de Agricultura do munic\u00edpio junto \u00e0 Emater e outros parceiros a n\u00edvel estadual. Autoridades no segmento da apicultura n\u00e3o apenas da Para\u00edba, mas de todo o Brasil estar\u00e3o presentes no Festival do Mel compartilhando experi\u00eancias e discutindo alternativas para a atividade econ\u00f4mica. O secret\u00e1rio de finan\u00e7as de S\u00e3o Jos\u00e9 dos Cordeiro Fel\u00edcio Queiroz, disse que a grade de shows do festival j\u00e1 est\u00e1 sendo conclu\u00edda e dever\u00e1 ser divulgada at\u00e9 o final deste m\u00eas de agosto. Confira a programa\u00e7\u00e3o t\u00e9cnica do 9\u00ba Festival do Mel: Dia 22 \u2013 SEXTA-FEIRA 19:00 \u2013 Solenidade de Abertura; 19:30 \u2013 Concurso da Garota do Mel. Dia 23 \u2013 S\u00c1BADO 8:00 \u2013 Credenciamento; 9:00 \u2013 Palestra: Profissionaliza\u00e7\u00e3o da Apicultura no Brasil; Palestrante: Jos\u00e9 Soares de Arag\u00e3o Brito \u2013 Presidente da Confedera\u00e7\u00e3o Brasileira de Apicultura. 10:00 \u2013 Palestra: Manejo avan\u00e7ado para a alta produ\u00e7\u00e3o visando a profissionaliza\u00e7\u00e3o do setor; Palestrante: Gustavo Nadeu Bijos \u2013 M\u00e9dico Veterin\u00e1rio \/ SENAR-MS. 11:30 \u2013 Visita T\u00e9cnica ao Api\u00e1rio; 12:00 \u2013 Almo\u00e7o; 14:00 \u2013 Palestra: Meliponicultura no Semi\u00e1rio \u2013 A Jandaira como propulsora de uma atividade sustent\u00e1vel; Palestrante: Victor Hugo Pedra\u00e7a Dias \u2013 Eng. Agr\u00f4nomo \/ EMATER-RN. 15:30 \u2013 Palestra: Empoderamento Feminino na Apicultura; Palestrante: Prof.\u00aa Luciene Xavier de Mesquita Carvalho \/ IFRN Pau dos Ferros. 16:30 \u2013 Plen\u00e1ria da FEAMEPB \u2013 Federa\u00e7\u00e3o de Apicultura e Meliponicultura da Para\u00edba; Moderador: Leon Denis Batista do Carmo \u2013 Presidente da FEAMEPB. 17:30 \u2013 Apresenta\u00e7\u00e3o de Trabalhos Cient\u00edficos; Dia 24 \u2013 DOMINGO Oficinas 1 e 2 de 10:00h as 11:00h e de 11:00h as 12:00 Oficina 1: Novas T\u00e9cnicas para Alimenta\u00e7\u00e3o artificial de abelhas; Instrutor: Leon Denis Batista do Carmo \u2013 EMEPA PB \/ SENAR PB \/ FEAMEPB. Oficina 2: Passo a Passo para a cria\u00e7\u00e3o de Abelhas sem ferr\u00e3o no Semi\u00e1rido; Instrutor: Josenildo Querino Dias \u2013 Zootecnista \/ Consultor SEBRAE-PB. &nbsp; &nbsp;\" \/>\n<meta property=\"og:url\" content=\"https:\/\/noticiasemdestaque.com\/cd\/?p=3508\" \/>\n<meta property=\"og:site_name\" content=\"Not&iacute;cias em Destaque\" \/>\n<meta property=\"article:published_time\" content=\"2017-08-23T16:13:15+00:00\" \/>\n<meta property=\"og:image\" content=\"https:\/\/noticiasemdestaque.com\/cd\/wp-content\/uploads\/2017\/08\/21100496_1400968633344187_1994171325_n-400x232.jpg\" \/>\n\t<meta property=\"og:image:width\" content=\"400\" \/>\n\t<meta property=\"og:image:height\" content=\"232\" \/>\n\t<meta property=\"og:image:type\" content=\"image\/jpeg\" \/>\n<meta name=\"author\" content=\"Not\u00edcias em Destaque\" \/>\n<meta name=\"twitter:card\" content=\"summary_large_image\" \/>\n<meta name=\"twitter:label1\" content=\"Escrito por\" \/>\n\t<meta name=\"twitter:data1\" content=\"Not\u00edcias em Destaque\" \/>\n\t<meta name=\"twitter:label2\" content=\"Est. tempo de leitura\" \/>\n\t<meta name=\"twitter:data2\" content=\"2 minutos\" \/>\n<script type=\"application\/ld+json\" class=\"yoast-schema-graph\">{\"@context\":\"https:\/\/schema.org\",\"@graph\":[{\"@type\":\"Article\",\"@id\":\"https:\/\/noticiasemdestaque.com\/cd\/?p=3508#article\",\"isPartOf\":{\"@id\":\"https:\/\/noticiasemdestaque.com\/cd\/?p=3508\"},\"author\":{\"name\":\"Not\u00edcias em Destaque\",\"@id\":\"https:\/\/noticiasemdestaque.com\/cd\/#\/schema\/person\/21320b03a7e8bb90128938dafc9b908a\"},\"headline\":\"Prefeitura de S\u00e3o Jos\u00e9 dos Cordeiros divulga programa\u00e7\u00e3o t\u00e9cnica do 9\u00ba Festival do Mel\",\"datePublished\":\"2017-08-23T16:13:15+00:00\",\"mainEntityOfPage\":{\"@id\":\"https:\/\/noticiasemdestaque.com\/cd\/?p=3508\"},\"wordCount\":380,\"publisher\":{\"@id\":\"https:\/\/noticiasemdestaque.com\/cd\/#organization\"},\"image\":{\"@id\":\"https:\/\/noticiasemdestaque.com\/cd\/?p=3508#primaryimage\"},\"thumbnailUrl\":\"https:\/\/noticiasemdestaque.com\/cd\/wp-content\/uploads\/2017\/08\/21100496_1400968633344187_1994171325_n-400x232.jpg\",\"articleSection\":[\"Cidades\"],\"inLanguage\":\"pt-BR\"},{\"@type\":\"WebPage\",\"@id\":\"https:\/\/noticiasemdestaque.com\/cd\/?p=3508\",\"url\":\"https:\/\/noticiasemdestaque.com\/cd\/?p=3508\",\"name\":\"Prefeitura de S\u00e3o Jos\u00e9 dos Cordeiros divulga programa\u00e7\u00e3o t\u00e9cnica do 9\u00ba Festival do Mel - Not&iacute;cias em Destaque\",\"isPartOf\":{\"@id\":\"https:\/\/noticiasemdestaque.com\/cd\/#website\"},\"primaryImageOfPage\":{\"@id\":\"https:\/\/noticiasemdestaque.com\/cd\/?p=3508#primaryimage\"},\"image\":{\"@id\":\"https:\/\/noticiasemdestaque.com\/cd\/?p=3508#primaryimage\"},\"thumbnailUrl\":\"https:\/\/noticiasemdestaque.com\/cd\/wp-content\/uploads\/2017\/08\/21100496_1400968633344187_1994171325_n-400x232.jpg\",\"datePublished\":\"2017-08-23T16:13:15+00:00\",\"breadcrumb\":{\"@id\":\"https:\/\/noticiasemdestaque.com\/cd\/?p=3508#breadcrumb\"},\"inLanguage\":\"pt-BR\",\"potentialAction\":[{\"@type\":\"ReadAction\",\"target\":[\"https:\/\/noticiasemdestaque.com\/cd\/?p=3508\"]}]},{\"@type\":\"ImageObject\",\"inLanguage\":\"pt-BR\",\"@id\":\"https:\/\/noticiasemdestaque.com\/cd\/?p=3508#primaryimage\",\"url\":\"https:\/\/noticiasemdestaque.com\/cd\/wp-content\/uploads\/2017\/08\/21100496_1400968633344187_1994171325_n-400x232.jpg\",\"contentUrl\":\"https:\/\/noticiasemdestaque.com\/cd\/wp-content\/uploads\/2017\/08\/21100496_1400968633344187_1994171325_n-400x232.jpg\",\"width\":400,\"height\":232},{\"@type\":\"BreadcrumbList\",\"@id\":\"https:\/\/noticiasemdestaque.com\/cd\/?p=3508#breadcrumb\",\"itemListElement\":[{\"@type\":\"ListItem\",\"position\":1,\"name\":\"In\u00edcio\",\"item\":\"https:\/\/noticiasemdestaque.com\/cd\/\"},{\"@type\":\"ListItem\",\"position\":2,\"name\":\"Prefeitura de S\u00e3o Jos\u00e9 dos Cordeiros divulga programa\u00e7\u00e3o t\u00e9cnica do 9\u00ba Festival do Mel\"}]},{\"@type\":\"WebSite\",\"@id\":\"https:\/\/noticiasemdestaque.com\/cd\/#website\",\"url\":\"https:\/\/noticiasemdestaque.com\/cd\/\",\"name\":\"Not&iacute;cias em Destaque\",\"description\":\"\",\"publisher\":{\"@id\":\"https:\/\/noticiasemdestaque.com\/cd\/#organization\"},\"potentialAction\":[{\"@type\":\"SearchAction\",\"target\":{\"@type\":\"EntryPoint\",\"urlTemplate\":\"https:\/\/noticiasemdestaque.com\/cd\/?s={search_term_string}\"},\"query-input\":{\"@type\":\"PropertyValueSpecification\",\"valueRequired\":true,\"valueName\":\"search_term_string\"}}],\"inLanguage\":\"pt-BR\"},{\"@type\":\"Organization\",\"@id\":\"https:\/\/noticiasemdestaque.com\/cd\/#organization\",\"name\":\"Not\u00edcias em Destaque\",\"url\":\"https:\/\/noticiasemdestaque.com\/cd\/\",\"logo\":{\"@type\":\"ImageObject\",\"inLanguage\":\"pt-BR\",\"@id\":\"https:\/\/noticiasemdestaque.com\/cd\/#\/schema\/logo\/image\/\",\"url\":\"https:\/\/noticiasemdestaque.com\/cd\/wp-content\/uploads\/2022\/05\/imagem-base-noticiasemdestaque.png\",\"contentUrl\":\"https:\/\/noticiasemdestaque.com\/cd\/wp-content\/uploads\/2022\/05\/imagem-base-noticiasemdestaque.png\",\"width\":1200,\"height\":630,\"caption\":\"Not\u00edcias em Destaque\"},\"image\":{\"@id\":\"https:\/\/noticiasemdestaque.com\/cd\/#\/schema\/logo\/image\/\"}},{\"@type\":\"Person\",\"@id\":\"https:\/\/noticiasemdestaque.com\/cd\/#\/schema\/person\/21320b03a7e8bb90128938dafc9b908a\",\"name\":\"Not\u00edcias em Destaque\",\"url\":\"https:\/\/noticiasemdestaque.com\/cd\/?author=2\"}]}<\/script>\n<!-- \/ Yoast SEO plugin. -->","yoast_head_json":{"title":"Prefeitura de S\u00e3o Jos\u00e9 dos Cordeiros divulga programa\u00e7\u00e3o t\u00e9cnica do 9\u00ba Festival do Mel - Not&iacute;cias em Destaque","robots":{"index":"index","follow":"follow","max-snippet":"max-snippet:-1","max-image-preview":"max-image-preview:large","max-video-preview":"max-video-preview:-1"},"canonical":"https:\/\/noticiasemdestaque.com\/cd\/?p=3508","og_locale":"pt_BR","og_type":"article","og_title":"Prefeitura de S\u00e3o Jos\u00e9 dos Cordeiros divulga programa\u00e7\u00e3o t\u00e9cnica do 9\u00ba Festival do Mel - Not&iacute;cias em Destaque","og_description":"O munic\u00edpio de S\u00e3o Jos\u00e9 dos Cordeiros j\u00e1 est\u00e1 com preparativos a todo vapor para a 9\u00aa edi\u00e7\u00e3o do Festival do Mel. O evento acontecer\u00e1 este ano nos dias 22, 23 e 24 de setembro e contar\u00e1 com muitas atividades como palestras, oficinas, visitas t\u00e9cnicas, apresenta\u00e7\u00e3o de trabalhos cient\u00edficos e shows variados. De acordo com o prefeito Jefferson Roberto, a programa\u00e7\u00e3o t\u00e9cnica foi definida num trabalho conjunto da Secretaria de Agricultura do munic\u00edpio junto \u00e0 Emater e outros parceiros a n\u00edvel estadual. Autoridades no segmento da apicultura n\u00e3o apenas da Para\u00edba, mas de todo o Brasil estar\u00e3o presentes no Festival do Mel compartilhando experi\u00eancias e discutindo alternativas para a atividade econ\u00f4mica. O secret\u00e1rio de finan\u00e7as de S\u00e3o Jos\u00e9 dos Cordeiro Fel\u00edcio Queiroz, disse que a grade de shows do festival j\u00e1 est\u00e1 sendo conclu\u00edda e dever\u00e1 ser divulgada at\u00e9 o final deste m\u00eas de agosto. Confira a programa\u00e7\u00e3o t\u00e9cnica do 9\u00ba Festival do Mel: Dia 22 \u2013 SEXTA-FEIRA 19:00 \u2013 Solenidade de Abertura; 19:30 \u2013 Concurso da Garota do Mel. Dia 23 \u2013 S\u00c1BADO 8:00 \u2013 Credenciamento; 9:00 \u2013 Palestra: Profissionaliza\u00e7\u00e3o da Apicultura no Brasil; Palestrante: Jos\u00e9 Soares de Arag\u00e3o Brito \u2013 Presidente da Confedera\u00e7\u00e3o Brasileira de Apicultura. 10:00 \u2013 Palestra: Manejo avan\u00e7ado para a alta produ\u00e7\u00e3o visando a profissionaliza\u00e7\u00e3o do setor; Palestrante: Gustavo Nadeu Bijos \u2013 M\u00e9dico Veterin\u00e1rio \/ SENAR-MS. 11:30 \u2013 Visita T\u00e9cnica ao Api\u00e1rio; 12:00 \u2013 Almo\u00e7o; 14:00 \u2013 Palestra: Meliponicultura no Semi\u00e1rio \u2013 A Jandaira como propulsora de uma atividade sustent\u00e1vel; Palestrante: Victor Hugo Pedra\u00e7a Dias \u2013 Eng. Agr\u00f4nomo \/ EMATER-RN. 15:30 \u2013 Palestra: Empoderamento Feminino na Apicultura; Palestrante: Prof.\u00aa Luciene Xavier de Mesquita Carvalho \/ IFRN Pau dos Ferros. 16:30 \u2013 Plen\u00e1ria da FEAMEPB \u2013 Federa\u00e7\u00e3o de Apicultura e Meliponicultura da Para\u00edba; Moderador: Leon Denis Batista do Carmo \u2013 Presidente da FEAMEPB. 17:30 \u2013 Apresenta\u00e7\u00e3o de Trabalhos Cient\u00edficos; Dia 24 \u2013 DOMINGO Oficinas 1 e 2 de 10:00h as 11:00h e de 11:00h as 12:00 Oficina 1: Novas T\u00e9cnicas para Alimenta\u00e7\u00e3o artificial de abelhas; Instrutor: Leon Denis Batista do Carmo \u2013 EMEPA PB \/ SENAR PB \/ FEAMEPB. Oficina 2: Passo a Passo para a cria\u00e7\u00e3o de Abelhas sem ferr\u00e3o no Semi\u00e1rido; Instrutor: Josenildo Querino Dias \u2013 Zootecnista \/ Consultor SEBRAE-PB. &nbsp; &nbsp;","og_url":"https:\/\/noticiasemdestaque.com\/cd\/?p=3508","og_site_name":"Not&iacute;cias em Destaque","article_published_time":"2017-08-23T16:13:15+00:00","og_image":[{"width":400,"height":232,"url":"https:\/\/noticiasemdestaque.com\/cd\/wp-content\/uploads\/2017\/08\/21100496_1400968633344187_1994171325_n-400x232.jpg","type":"image\/jpeg"}],"author":"Not\u00edcias em Destaque","twitter_card":"summary_large_image","twitter_misc":{"Escrito por":"Not\u00edcias em Destaque","Est. tempo de leitura":"2 minutos"},"schema":{"@context":"https:\/\/schema.org","@graph":[{"@type":"Article","@id":"https:\/\/noticiasemdestaque.com\/cd\/?p=3508#article","isPartOf":{"@id":"https:\/\/noticiasemdestaque.com\/cd\/?p=3508"},"author":{"name":"Not\u00edcias em Destaque","@id":"https:\/\/noticiasemdestaque.com\/cd\/#\/schema\/person\/21320b03a7e8bb90128938dafc9b908a"},"headline":"Prefeitura de S\u00e3o Jos\u00e9 dos Cordeiros divulga programa\u00e7\u00e3o t\u00e9cnica do 9\u00ba Festival do Mel","datePublished":"2017-08-23T16:13:15+00:00","mainEntityOfPage":{"@id":"https:\/\/noticiasemdestaque.com\/cd\/?p=3508"},"wordCount":380,"publisher":{"@id":"https:\/\/noticiasemdestaque.com\/cd\/#organization"},"image":{"@id":"https:\/\/noticiasemdestaque.com\/cd\/?p=3508#primaryimage"},"thumbnailUrl":"https:\/\/noticiasemdestaque.com\/cd\/wp-content\/uploads\/2017\/08\/21100496_1400968633344187_1994171325_n-400x232.jpg","articleSection":["Cidades"],"inLanguage":"pt-BR"},{"@type":"WebPage","@id":"https:\/\/noticiasemdestaque.com\/cd\/?p=3508","url":"https:\/\/noticiasemdestaque.com\/cd\/?p=3508","name":"Prefeitura de S\u00e3o Jos\u00e9 dos Cordeiros divulga programa\u00e7\u00e3o t\u00e9cnica do 9\u00ba Festival do Mel - Not&iacute;cias em Destaque","isPartOf":{"@id":"https:\/\/noticiasemdestaque.com\/cd\/#website"},"primaryImageOfPage":{"@id":"https:\/\/noticiasemdestaque.com\/cd\/?p=3508#primaryimage"},"image":{"@id":"https:\/\/noticiasemdestaque.com\/cd\/?p=3508#primaryimage"},"thumbnailUrl":"https:\/\/noticiasemdestaque.com\/cd\/wp-content\/uploads\/2017\/08\/21100496_1400968633344187_1994171325_n-400x232.jpg","datePublished":"2017-08-23T16:13:15+00:00","breadcrumb":{"@id":"https:\/\/noticiasemdestaque.com\/cd\/?p=3508#breadcrumb"},"inLanguage":"pt-BR","potentialAction":[{"@type":"ReadAction","target":["https:\/\/noticiasemdestaque.com\/cd\/?p=3508"]}]},{"@type":"ImageObject","inLanguage":"pt-BR","@id":"https:\/\/noticiasemdestaque.com\/cd\/?p=3508#primaryimage","url":"https:\/\/noticiasemdestaque.com\/cd\/wp-content\/uploads\/2017\/08\/21100496_1400968633344187_1994171325_n-400x232.jpg","contentUrl":"https:\/\/noticiasemdestaque.com\/cd\/wp-content\/uploads\/2017\/08\/21100496_1400968633344187_1994171325_n-400x232.jpg","width":400,"height":232},{"@type":"BreadcrumbList","@id":"https:\/\/noticiasemdestaque.com\/cd\/?p=3508#breadcrumb","itemListElement":[{"@type":"ListItem","position":1,"name":"In\u00edcio","item":"https:\/\/noticiasemdestaque.com\/cd\/"},{"@type":"ListItem","position":2,"name":"Prefeitura de S\u00e3o Jos\u00e9 dos Cordeiros divulga programa\u00e7\u00e3o t\u00e9cnica do 9\u00ba Festival do Mel"}]},{"@type":"WebSite","@id":"https:\/\/noticiasemdestaque.com\/cd\/#website","url":"https:\/\/noticiasemdestaque.com\/cd\/","name":"Not&iacute;cias em Destaque","description":"","publisher":{"@id":"https:\/\/noticiasemdestaque.com\/cd\/#organization"},"potentialAction":[{"@type":"SearchAction","target":{"@type":"EntryPoint","urlTemplate":"https:\/\/noticiasemdestaque.com\/cd\/?s={search_term_string}"},"query-input":{"@type":"PropertyValueSpecification","valueRequired":true,"valueName":"search_term_string"}}],"inLanguage":"pt-BR"},{"@type":"Organization","@id":"https:\/\/noticiasemdestaque.com\/cd\/#organization","name":"Not\u00edcias em Destaque","url":"https:\/\/noticiasemdestaque.com\/cd\/","logo":{"@type":"ImageObject","inLanguage":"pt-BR","@id":"https:\/\/noticiasemdestaque.com\/cd\/#\/schema\/logo\/image\/","url":"https:\/\/noticiasemdestaque.com\/cd\/wp-content\/uploads\/2022\/05\/imagem-base-noticiasemdestaque.png","contentUrl":"https:\/\/noticiasemdestaque.com\/cd\/wp-content\/uploads\/2022\/05\/imagem-base-noticiasemdestaque.png","width":1200,"height":630,"caption":"Not\u00edcias em Destaque"},"image":{"@id":"https:\/\/noticiasemdestaque.com\/cd\/#\/schema\/logo\/image\/"}},{"@type":"Person","@id":"https:\/\/noticiasemdestaque.com\/cd\/#\/schema\/person\/21320b03a7e8bb90128938dafc9b908a","name":"Not\u00edcias em Destaque","url":"https:\/\/noticiasemdestaque.com\/cd\/?author=2"}]}},"jetpack_featured_media_url":"https:\/\/noticiasemdestaque.com\/cd\/wp-content\/uploads\/2017\/08\/21100496_1400968633344187_1994171325_n-400x232.jpg","jetpack_sharing_enabled":true,"_links":{"self":[{"href":"https:\/\/noticiasemdestaque.com\/cd\/index.php?rest_route=\/wp\/v2\/posts\/3508","targetHints":{"allow":["GET"]}}],"collection":[{"href":"https:\/\/noticiasemdestaque.com\/cd\/index.php?rest_route=\/wp\/v2\/posts"}],"about":[{"href":"https:\/\/noticiasemdestaque.com\/cd\/index.php?rest_route=\/wp\/v2\/types\/post"}],"author":[{"embeddable":true,"href":"https:\/\/noticiasemdestaque.com\/cd\/index.php?rest_route=\/wp\/v2\/users\/2"}],"replies":[{"embeddable":true,"href":"https:\/\/noticiasemdestaque.com\/cd\/index.php?rest_route=%2Fwp%2Fv2%2Fcomments&post=3508"}],"version-history":[{"count":1,"href":"https:\/\/noticiasemdestaque.com\/cd\/index.php?rest_route=\/wp\/v2\/posts\/3508\/revisions"}],"predecessor-version":[{"id":3510,"href":"https:\/\/noticiasemdestaque.com\/cd\/index.php?rest_route=\/wp\/v2\/posts\/3508\/revisions\/3510"}],"wp:featuredmedia":[{"embeddable":true,"href":"https:\/\/noticiasemdestaque.com\/cd\/index.php?rest_route=\/wp\/v2\/media\/3509"}],"wp:attachment":[{"href":"https:\/\/noticiasemdestaque.com\/cd\/index.php?rest_route=%2Fwp%2Fv2%2Fmedia&parent=3508"}],"wp:term":[{"taxonomy":"category","embeddable":true,"href":"https:\/\/noticiasemdestaque.com\/cd\/index.php?rest_route=%2Fwp%2Fv2%2Fcategories&post=3508"},{"taxonomy":"post_tag","embeddable":true,"href":"https:\/\/noticiasemdestaque.com\/cd\/index.php?rest_route=%2Fwp%2Fv2%2Ftags&post=3508"}],"curies":[{"name":"wp","href":"https:\/\/api.w.org\/{rel}","templated":true}]}}