{"id":35067,"date":"2021-10-28T16:42:12","date_gmt":"2021-10-28T19:42:12","guid":{"rendered":"http:\/\/noticiasemdestaque.com\/cd\/?p=35067"},"modified":"2021-10-28T16:42:12","modified_gmt":"2021-10-28T19:42:12","slug":"camara-realiza-sessao-solene-para-entrega-de-titulos-de-cidadao-sumeense","status":"publish","type":"post","link":"https:\/\/noticiasemdestaque.com\/cd\/?p=35067","title":{"rendered":"C\u00e2mara realiza Sess\u00e3o Solene para Entrega de T\u00edtulos de Cidad\u00e3o Sumeense"},"content":{"rendered":"<div>\n<p><a href=\"https:\/\/noticiasemdestaque.com\/cd\/wp-content\/uploads\/2021\/10\/e5b3a299-6565-45b4-9001-f901ba4e4dd9.jpg\"><img fetchpriority=\"high\" decoding=\"async\" class=\"wp-image-35072 size-large aligncenter\" src=\"https:\/\/noticiasemdestaque.com\/cd\/wp-content\/uploads\/2021\/10\/e5b3a299-6565-45b4-9001-f901ba4e4dd9-1024x768.jpg\" alt=\"\" width=\"1024\" height=\"768\" srcset=\"https:\/\/noticiasemdestaque.com\/cd\/wp-content\/uploads\/2021\/10\/e5b3a299-6565-45b4-9001-f901ba4e4dd9-1024x768.jpg 1024w, https:\/\/noticiasemdestaque.com\/cd\/wp-content\/uploads\/2021\/10\/e5b3a299-6565-45b4-9001-f901ba4e4dd9-300x225.jpg 300w, https:\/\/noticiasemdestaque.com\/cd\/wp-content\/uploads\/2021\/10\/e5b3a299-6565-45b4-9001-f901ba4e4dd9-768x576.jpg 768w, https:\/\/noticiasemdestaque.com\/cd\/wp-content\/uploads\/2021\/10\/e5b3a299-6565-45b4-9001-f901ba4e4dd9-1536x1152.jpg 1536w, https:\/\/noticiasemdestaque.com\/cd\/wp-content\/uploads\/2021\/10\/e5b3a299-6565-45b4-9001-f901ba4e4dd9-640x480.jpg 640w, https:\/\/noticiasemdestaque.com\/cd\/wp-content\/uploads\/2021\/10\/e5b3a299-6565-45b4-9001-f901ba4e4dd9.jpg 1600w\" sizes=\"(max-width: 1024px) 100vw, 1024px\" \/><\/a><\/p>\n<p><span lang=\"PT-BR\">A C\u00e2mara de Vereadores de Sum\u00e9 esteve reunida na noite desta ter\u00e7a-feira (26), inicialmente ocorreu uma sess\u00e3o ordin\u00e1ria, com a aprova\u00e7\u00e3o do Projeto de Lei que autoriza o Poder Executivo Municipal a abrir cr\u00e9dito especial no valor de R$ 717.819,27 (Setecentos e dezessete mil e oitocentos e dezenove reais e vinte e sete centavos), destinado a preservar a manuten\u00e7\u00e3o do equil\u00edbrio das contas do er\u00e1rio, bem como objetivando o saneamento do planejamento or\u00e7ament\u00e1rio e a melhor execu\u00e7\u00e3o do cumprimento das metas previstas na Lei Or\u00e7ament\u00e1ria Anual do Munic\u00edpio de Sum\u00e9.<\/span><\/p>\n<\/div>\n<div>\n<p lang=\"PT-BR\"><span lang=\"PT-BR\">Foi aprovado ainda, o Projeto de Lei que autoriza o Poder Executivo\u00a0Municipal a\u00a0abrir cr\u00e9dito suplementar no valor de R$ 1.433.240,00 (Um milh\u00e3o e quatrocentos e trinta e tr\u00eas mil e duzentos e quarenta reais), destinado a preservar a manuten\u00e7\u00e3o do equil\u00edbrio das contas do er\u00e1rio, bem como objetivando o saneamento do planejamento or\u00e7ament\u00e1rio e a melhor execu\u00e7\u00e3o do cumprimento das metas previstas na Lei Or\u00e7ament\u00e1ria Anual do Munic\u00edpio de Sum\u00e9.<\/span><\/p>\n<\/div>\n<div>\n<p lang=\"PT-BR\"><span lang=\"PT-BR\">Logo ap\u00f3s a reuni\u00e3o ordin\u00e1ria desta ter\u00e7a-feira, aconteceu uma sess\u00e3o solene para a entrega de t\u00edtulos de cidad\u00e3o sumeense.<\/span><\/p>\n<\/div>\n<div>\n<p lang=\"PT-BR\"><span lang=\"PT-BR\">O evento contou com a presen\u00e7a dos homenageados, dos vereadores, do chefe de gabinete da Prefeitura Municipal, Heleno J\u00fanior, que representou o prefeito \u00c9den Duarte e do ex-vereador,\u00a0Jeffeson\u00a0Menezes.<wbr \/>\u00a0<\/span><\/p>\n<\/div>\n<div>\n<p lang=\"PT-BR\"><span lang=\"PT-BR\">Receberam o t\u00edtulo,\u00a0o Padre\u00a0Claudeci\u00a0Silva Soares, Padre\u00a0Naelson\u00a0Moura, Pastor Bruce Lee do Nascimento Moreira, que foi representado pelo Presb\u00edtero\u00a0Jailson\u00a0Pereira da Silva da Assembleia de Deus Madureira e o Pastor\u00a0Silm\u00e1\u00a0Ferreira Costa.<\/span><\/p>\n<\/div>\n<div>\n<p lang=\"PT-BR\"><strong><span lang=\"PT-BR\">Homenageados:\u00a0<\/span>\u00a0<\/strong><\/p>\n<p lang=\"PT-BR\"><a href=\"https:\/\/noticiasemdestaque.com\/cd\/wp-content\/uploads\/2021\/10\/461055b4-5d13-463f-9ffd-978d5759c6d1.jpg\"><img decoding=\"async\" class=\"size-medium wp-image-35071 aligncenter\" src=\"https:\/\/noticiasemdestaque.com\/cd\/wp-content\/uploads\/2021\/10\/461055b4-5d13-463f-9ffd-978d5759c6d1-300x225.jpg\" alt=\"\" width=\"300\" height=\"225\" srcset=\"https:\/\/noticiasemdestaque.com\/cd\/wp-content\/uploads\/2021\/10\/461055b4-5d13-463f-9ffd-978d5759c6d1-300x225.jpg 300w, https:\/\/noticiasemdestaque.com\/cd\/wp-content\/uploads\/2021\/10\/461055b4-5d13-463f-9ffd-978d5759c6d1-1024x768.jpg 1024w, https:\/\/noticiasemdestaque.com\/cd\/wp-content\/uploads\/2021\/10\/461055b4-5d13-463f-9ffd-978d5759c6d1-768x576.jpg 768w, https:\/\/noticiasemdestaque.com\/cd\/wp-content\/uploads\/2021\/10\/461055b4-5d13-463f-9ffd-978d5759c6d1-1536x1152.jpg 1536w, https:\/\/noticiasemdestaque.com\/cd\/wp-content\/uploads\/2021\/10\/461055b4-5d13-463f-9ffd-978d5759c6d1-640x480.jpg 640w, https:\/\/noticiasemdestaque.com\/cd\/wp-content\/uploads\/2021\/10\/461055b4-5d13-463f-9ffd-978d5759c6d1.jpg 1600w\" sizes=\"(max-width: 300px) 100vw, 300px\" \/><\/a><\/p>\n<\/div>\n<div>\n<p lang=\"PT-BR\"><span lang=\"PT-BR\">Pe.\u00a0Claudeci\u00a0Silva Soares, nascido em 12 de outubro de 1972 no munic\u00edpio de Barra de Santa Rosa \u2013 PB. Filho de Francisco de Assis Soares e Maria das Dores Silva Soares.\u00a0No dia seguinte, 26 de fevereiro assumiu como P\u00e1roco a Par\u00f3quia Nossa Senhora da Concei\u00e7\u00e3o na cidade de Sum\u00e9 \u2013 PB, ficando at\u00e9 os dias atuais. O autor da propositura foi o ex-vereador Elias\u00a0Antonio\u00a0Freire<\/span><\/p>\n<p lang=\"PT-BR\"><a href=\"https:\/\/noticiasemdestaque.com\/cd\/wp-content\/uploads\/2021\/10\/5df04df3-a72a-4ecd-a72c-34fb5793d44c.jpg\"><img decoding=\"async\" class=\"size-medium wp-image-35069 aligncenter\" src=\"https:\/\/noticiasemdestaque.com\/cd\/wp-content\/uploads\/2021\/10\/5df04df3-a72a-4ecd-a72c-34fb5793d44c-300x225.jpg\" alt=\"\" width=\"300\" height=\"225\" srcset=\"https:\/\/noticiasemdestaque.com\/cd\/wp-content\/uploads\/2021\/10\/5df04df3-a72a-4ecd-a72c-34fb5793d44c-300x225.jpg 300w, https:\/\/noticiasemdestaque.com\/cd\/wp-content\/uploads\/2021\/10\/5df04df3-a72a-4ecd-a72c-34fb5793d44c-1024x768.jpg 1024w, https:\/\/noticiasemdestaque.com\/cd\/wp-content\/uploads\/2021\/10\/5df04df3-a72a-4ecd-a72c-34fb5793d44c-768x576.jpg 768w, https:\/\/noticiasemdestaque.com\/cd\/wp-content\/uploads\/2021\/10\/5df04df3-a72a-4ecd-a72c-34fb5793d44c-1536x1152.jpg 1536w, https:\/\/noticiasemdestaque.com\/cd\/wp-content\/uploads\/2021\/10\/5df04df3-a72a-4ecd-a72c-34fb5793d44c-640x480.jpg 640w, https:\/\/noticiasemdestaque.com\/cd\/wp-content\/uploads\/2021\/10\/5df04df3-a72a-4ecd-a72c-34fb5793d44c.jpg 1600w\" sizes=\"(max-width: 300px) 100vw, 300px\" \/><\/a><\/p>\n<\/div>\n<div>\n<p><span lang=\"PT-BR\">Bruce Lee do Nascimento Moreira, casado com\u00a0Claudin\u00e9ia\u00a0Pulcina\u00a0da Silva Moreira, os quais tiveram dois filhos: Anthony do Nascimento Moreira e Emanuel Soares da Silva Moreira, foi Pastor da Igreja Evang\u00e9lica Assembleia de Deus Minist\u00e9rio de Madureira, no bairro de V\u00e1rzea Redonda. O autor da propositura foi o vereador, Ant\u00f4nio Carlos Sarmento\u00a0<\/span><\/p>\n<p><a href=\"https:\/\/noticiasemdestaque.com\/cd\/wp-content\/uploads\/2021\/10\/647ce51a-07e3-4bd4-8636-a1d675852229.jpg\"><img loading=\"lazy\" decoding=\"async\" class=\"size-medium wp-image-35070 aligncenter\" src=\"https:\/\/noticiasemdestaque.com\/cd\/wp-content\/uploads\/2021\/10\/647ce51a-07e3-4bd4-8636-a1d675852229-300x225.jpg\" alt=\"\" width=\"300\" height=\"225\" srcset=\"https:\/\/noticiasemdestaque.com\/cd\/wp-content\/uploads\/2021\/10\/647ce51a-07e3-4bd4-8636-a1d675852229-300x225.jpg 300w, https:\/\/noticiasemdestaque.com\/cd\/wp-content\/uploads\/2021\/10\/647ce51a-07e3-4bd4-8636-a1d675852229-1024x768.jpg 1024w, https:\/\/noticiasemdestaque.com\/cd\/wp-content\/uploads\/2021\/10\/647ce51a-07e3-4bd4-8636-a1d675852229-768x576.jpg 768w, https:\/\/noticiasemdestaque.com\/cd\/wp-content\/uploads\/2021\/10\/647ce51a-07e3-4bd4-8636-a1d675852229-1536x1152.jpg 1536w, https:\/\/noticiasemdestaque.com\/cd\/wp-content\/uploads\/2021\/10\/647ce51a-07e3-4bd4-8636-a1d675852229-640x480.jpg 640w, https:\/\/noticiasemdestaque.com\/cd\/wp-content\/uploads\/2021\/10\/647ce51a-07e3-4bd4-8636-a1d675852229.jpg 1600w\" sizes=\"(max-width: 300px) 100vw, 300px\" \/><\/a><\/p>\n<\/div>\n<div>\n<p lang=\"PT-BR\"><span lang=\"PT-BR\">Padre\u00a0Naelson\u00a0dos Santos Moura nasceu em Frei Miguelinho,\u00a0na regi\u00e3o\u00a0agreste\u00a0pernambucano, tendo como seus pais o Sr. Modesto Vitorino e a\u00a0Sr\u00aa\u00a0Maria Jos\u00e9 (de saudosa mem\u00f3ria), sendo o filho ca\u00e7ula de seis irm\u00e3os.\u00a0 Atualmente encontra-se como vig\u00e1rio paroquial de Sum\u00e9-PB, chegando ao munic\u00edpio no dia 07 de fevereiro de 2016 para trabalhar com o Pe.\u00a0Claudeci\u00a0Soares. O autor da propositura foi o vereador Sabugo.\u00a0<\/span><\/p>\n<p lang=\"PT-BR\"><a href=\"https:\/\/noticiasemdestaque.com\/cd\/wp-content\/uploads\/2021\/10\/3c1e03a3-d615-4151-ac97-bdc9aa87dc28.jpg\"><img loading=\"lazy\" decoding=\"async\" class=\"size-medium wp-image-35068 aligncenter\" src=\"https:\/\/noticiasemdestaque.com\/cd\/wp-content\/uploads\/2021\/10\/3c1e03a3-d615-4151-ac97-bdc9aa87dc28-300x225.jpg\" alt=\"\" width=\"300\" height=\"225\" srcset=\"https:\/\/noticiasemdestaque.com\/cd\/wp-content\/uploads\/2021\/10\/3c1e03a3-d615-4151-ac97-bdc9aa87dc28-300x225.jpg 300w, https:\/\/noticiasemdestaque.com\/cd\/wp-content\/uploads\/2021\/10\/3c1e03a3-d615-4151-ac97-bdc9aa87dc28-1024x768.jpg 1024w, https:\/\/noticiasemdestaque.com\/cd\/wp-content\/uploads\/2021\/10\/3c1e03a3-d615-4151-ac97-bdc9aa87dc28-768x576.jpg 768w, https:\/\/noticiasemdestaque.com\/cd\/wp-content\/uploads\/2021\/10\/3c1e03a3-d615-4151-ac97-bdc9aa87dc28-1536x1152.jpg 1536w, https:\/\/noticiasemdestaque.com\/cd\/wp-content\/uploads\/2021\/10\/3c1e03a3-d615-4151-ac97-bdc9aa87dc28-640x480.jpg 640w, https:\/\/noticiasemdestaque.com\/cd\/wp-content\/uploads\/2021\/10\/3c1e03a3-d615-4151-ac97-bdc9aa87dc28.jpg 1600w\" sizes=\"(max-width: 300px) 100vw, 300px\" \/><\/a><\/p>\n<\/div>\n<div>\n<p lang=\"PT-BR\"><span lang=\"PT-BR\">Pastor\u00a0Silm\u00e1\u00a0Ferreira Costa,\u202fnascido no ano de 1960 no sul da Bahia, na divisa com o Estado de Minas Gerais e Esp\u00edrito Santo, filho de pais mineiros e trabalhadores.\u202f\u202fChegou no munic\u00edpio de Sum\u00e9 em 2010, quando assumiu a Igreja no Distrito de Pio-X. O autor da propositura foi o ex-vereador\u00a0Jeffeson\u00a0Menezes.\u00a0<\/span><wbr \/><\/p>\n<\/div>\n<div>\n<p lang=\"PT-BR\"><span lang=\"PT-BR\">Ascom\/C\u00e2mara\u00a0<\/span><\/p>\n<\/div>\n","protected":false},"excerpt":{"rendered":"<p>A C\u00e2mara de Vereadores de Sum\u00e9 esteve reunida na noite desta ter\u00e7a-feira (26), inicialmente ocorreu uma sess\u00e3o ordin\u00e1ria, com a aprova\u00e7\u00e3o do Projeto de Lei que autoriza o Poder Executivo Municipal a abrir cr\u00e9dito especial no valor de R$ 717.819,27 (Setecentos e dezessete mil e oitocentos e dezenove reais e vinte e sete centavos), destinado a preservar a manuten\u00e7\u00e3o do equil\u00edbrio das contas do er\u00e1rio, bem como objetivando o saneamento do planejamento or\u00e7ament\u00e1rio e a melhor execu\u00e7\u00e3o do cumprimento das metas previstas na Lei Or\u00e7ament\u00e1ria Anual do Munic\u00edpio de Sum\u00e9. Foi aprovado ainda, o Projeto de Lei que autoriza o Poder Executivo\u00a0Municipal a\u00a0abrir cr\u00e9dito suplementar no valor de R$ 1.433.240,00 (Um milh\u00e3o e quatrocentos e trinta e tr\u00eas mil e duzentos e quarenta reais), destinado a preservar a manuten\u00e7\u00e3o do equil\u00edbrio das contas do er\u00e1rio, bem como objetivando o saneamento do planejamento or\u00e7ament\u00e1rio e a melhor execu\u00e7\u00e3o do cumprimento das metas previstas na Lei Or\u00e7ament\u00e1ria Anual do Munic\u00edpio de Sum\u00e9. Logo ap\u00f3s a reuni\u00e3o ordin\u00e1ria desta ter\u00e7a-feira, aconteceu uma sess\u00e3o solene para a entrega de t\u00edtulos de cidad\u00e3o sumeense. O evento contou com a presen\u00e7a dos homenageados, dos vereadores, do chefe de gabinete da Prefeitura Municipal, Heleno J\u00fanior, que representou o prefeito \u00c9den Duarte e do ex-vereador,\u00a0Jeffeson\u00a0Menezes.\u00a0 Receberam o t\u00edtulo,\u00a0o Padre\u00a0Claudeci\u00a0Silva Soares, Padre\u00a0Naelson\u00a0Moura, Pastor Bruce Lee do Nascimento Moreira, que foi representado pelo Presb\u00edtero\u00a0Jailson\u00a0Pereira da Silva da Assembleia de Deus Madureira e o Pastor\u00a0Silm\u00e1\u00a0Ferreira Costa. Homenageados:\u00a0\u00a0 Pe.\u00a0Claudeci\u00a0Silva Soares, nascido em 12 de outubro de 1972 no munic\u00edpio de Barra de Santa Rosa \u2013 PB. Filho de Francisco de Assis Soares e Maria das Dores Silva Soares.\u00a0No dia seguinte, 26 de fevereiro assumiu como P\u00e1roco a Par\u00f3quia Nossa Senhora da Concei\u00e7\u00e3o na cidade de Sum\u00e9 \u2013 PB, ficando at\u00e9 os dias atuais. O autor da propositura foi o ex-vereador Elias\u00a0Antonio\u00a0Freire Bruce Lee do Nascimento Moreira, casado com\u00a0Claudin\u00e9ia\u00a0Pulcina\u00a0da Silva Moreira, os quais tiveram dois filhos: Anthony do Nascimento Moreira e Emanuel Soares da Silva Moreira, foi Pastor da Igreja Evang\u00e9lica Assembleia de Deus Minist\u00e9rio de Madureira, no bairro de V\u00e1rzea Redonda. O autor da propositura foi o vereador, Ant\u00f4nio Carlos Sarmento\u00a0 Padre\u00a0Naelson\u00a0dos Santos Moura nasceu em Frei Miguelinho,\u00a0na regi\u00e3o\u00a0agreste\u00a0pernambucano, tendo como seus pais o Sr. Modesto Vitorino e a\u00a0Sr\u00aa\u00a0Maria Jos\u00e9 (de saudosa mem\u00f3ria), sendo o filho ca\u00e7ula de seis irm\u00e3os.\u00a0 Atualmente encontra-se como vig\u00e1rio paroquial de Sum\u00e9-PB, chegando ao munic\u00edpio no dia 07 de fevereiro de 2016 para trabalhar com o Pe.\u00a0Claudeci\u00a0Soares. O autor da propositura foi o vereador Sabugo.\u00a0 Pastor\u00a0Silm\u00e1\u00a0Ferreira Costa,\u202fnascido no ano de 1960 no sul da Bahia, na divisa com o Estado de Minas Gerais e Esp\u00edrito Santo, filho de pais mineiros e trabalhadores.\u202f\u202fChegou no munic\u00edpio de Sum\u00e9 em 2010, quando assumiu a Igreja no Distrito de Pio-X. O autor da propositura foi o ex-vereador\u00a0Jeffeson\u00a0Menezes.\u00a0 Ascom\/C\u00e2mara\u00a0<\/p>\n","protected":false},"author":2,"featured_media":35072,"comment_status":"closed","ping_status":"open","sticky":false,"template":"","format":"standard","meta":{"_eb_attr":"","_jetpack_memberships_contains_paid_content":false,"footnotes":""},"categories":[4],"tags":[],"class_list":["post-35067","post","type-post","status-publish","format-standard","has-post-thumbnail","hentry","category-politica"],"yoast_head":"<!-- This site is optimized with the Yoast SEO plugin v26.5 - https:\/\/yoast.com\/wordpress\/plugins\/seo\/ -->\n<title>C\u00e2mara realiza Sess\u00e3o Solene para Entrega de T\u00edtulos de Cidad\u00e3o Sumeense - Not&iacute;cias em Destaque<\/title>\n<meta name=\"robots\" content=\"index, follow, max-snippet:-1, max-image-preview:large, max-video-preview:-1\" \/>\n<link rel=\"canonical\" href=\"https:\/\/noticiasemdestaque.com\/cd\/?p=35067\" \/>\n<meta property=\"og:locale\" content=\"pt_BR\" \/>\n<meta property=\"og:type\" content=\"article\" \/>\n<meta property=\"og:title\" content=\"C\u00e2mara realiza Sess\u00e3o Solene para Entrega de T\u00edtulos de Cidad\u00e3o Sumeense - Not&iacute;cias em Destaque\" \/>\n<meta property=\"og:description\" content=\"A C\u00e2mara de Vereadores de Sum\u00e9 esteve reunida na noite desta ter\u00e7a-feira (26), inicialmente ocorreu uma sess\u00e3o ordin\u00e1ria, com a aprova\u00e7\u00e3o do Projeto de Lei que autoriza o Poder Executivo Municipal a abrir cr\u00e9dito especial no valor de R$ 717.819,27 (Setecentos e dezessete mil e oitocentos e dezenove reais e vinte e sete centavos), destinado a preservar a manuten\u00e7\u00e3o do equil\u00edbrio das contas do er\u00e1rio, bem como objetivando o saneamento do planejamento or\u00e7ament\u00e1rio e a melhor execu\u00e7\u00e3o do cumprimento das metas previstas na Lei Or\u00e7ament\u00e1ria Anual do Munic\u00edpio de Sum\u00e9. Foi aprovado ainda, o Projeto de Lei que autoriza o Poder Executivo\u00a0Municipal a\u00a0abrir cr\u00e9dito suplementar no valor de R$ 1.433.240,00 (Um milh\u00e3o e quatrocentos e trinta e tr\u00eas mil e duzentos e quarenta reais), destinado a preservar a manuten\u00e7\u00e3o do equil\u00edbrio das contas do er\u00e1rio, bem como objetivando o saneamento do planejamento or\u00e7ament\u00e1rio e a melhor execu\u00e7\u00e3o do cumprimento das metas previstas na Lei Or\u00e7ament\u00e1ria Anual do Munic\u00edpio de Sum\u00e9. Logo ap\u00f3s a reuni\u00e3o ordin\u00e1ria desta ter\u00e7a-feira, aconteceu uma sess\u00e3o solene para a entrega de t\u00edtulos de cidad\u00e3o sumeense. O evento contou com a presen\u00e7a dos homenageados, dos vereadores, do chefe de gabinete da Prefeitura Municipal, Heleno J\u00fanior, que representou o prefeito \u00c9den Duarte e do ex-vereador,\u00a0Jeffeson\u00a0Menezes.\u00a0 Receberam o t\u00edtulo,\u00a0o Padre\u00a0Claudeci\u00a0Silva Soares, Padre\u00a0Naelson\u00a0Moura, Pastor Bruce Lee do Nascimento Moreira, que foi representado pelo Presb\u00edtero\u00a0Jailson\u00a0Pereira da Silva da Assembleia de Deus Madureira e o Pastor\u00a0Silm\u00e1\u00a0Ferreira Costa. Homenageados:\u00a0\u00a0 Pe.\u00a0Claudeci\u00a0Silva Soares, nascido em 12 de outubro de 1972 no munic\u00edpio de Barra de Santa Rosa \u2013 PB. Filho de Francisco de Assis Soares e Maria das Dores Silva Soares.\u00a0No dia seguinte, 26 de fevereiro assumiu como P\u00e1roco a Par\u00f3quia Nossa Senhora da Concei\u00e7\u00e3o na cidade de Sum\u00e9 \u2013 PB, ficando at\u00e9 os dias atuais. O autor da propositura foi o ex-vereador Elias\u00a0Antonio\u00a0Freire Bruce Lee do Nascimento Moreira, casado com\u00a0Claudin\u00e9ia\u00a0Pulcina\u00a0da Silva Moreira, os quais tiveram dois filhos: Anthony do Nascimento Moreira e Emanuel Soares da Silva Moreira, foi Pastor da Igreja Evang\u00e9lica Assembleia de Deus Minist\u00e9rio de Madureira, no bairro de V\u00e1rzea Redonda. O autor da propositura foi o vereador, Ant\u00f4nio Carlos Sarmento\u00a0 Padre\u00a0Naelson\u00a0dos Santos Moura nasceu em Frei Miguelinho,\u00a0na regi\u00e3o\u00a0agreste\u00a0pernambucano, tendo como seus pais o Sr. Modesto Vitorino e a\u00a0Sr\u00aa\u00a0Maria Jos\u00e9 (de saudosa mem\u00f3ria), sendo o filho ca\u00e7ula de seis irm\u00e3os.\u00a0 Atualmente encontra-se como vig\u00e1rio paroquial de Sum\u00e9-PB, chegando ao munic\u00edpio no dia 07 de fevereiro de 2016 para trabalhar com o Pe.\u00a0Claudeci\u00a0Soares. O autor da propositura foi o vereador Sabugo.\u00a0 Pastor\u00a0Silm\u00e1\u00a0Ferreira Costa,\u202fnascido no ano de 1960 no sul da Bahia, na divisa com o Estado de Minas Gerais e Esp\u00edrito Santo, filho de pais mineiros e trabalhadores.\u202f\u202fChegou no munic\u00edpio de Sum\u00e9 em 2010, quando assumiu a Igreja no Distrito de Pio-X. O autor da propositura foi o ex-vereador\u00a0Jeffeson\u00a0Menezes.\u00a0 Ascom\/C\u00e2mara\u00a0\" \/>\n<meta property=\"og:url\" content=\"https:\/\/noticiasemdestaque.com\/cd\/?p=35067\" \/>\n<meta property=\"og:site_name\" content=\"Not&iacute;cias em Destaque\" \/>\n<meta property=\"article:published_time\" content=\"2021-10-28T19:42:12+00:00\" \/>\n<meta property=\"og:image\" content=\"https:\/\/noticiasemdestaque.com\/cd\/wp-content\/uploads\/2021\/10\/e5b3a299-6565-45b4-9001-f901ba4e4dd9.jpg\" \/>\n\t<meta property=\"og:image:width\" content=\"1600\" \/>\n\t<meta property=\"og:image:height\" content=\"1200\" \/>\n\t<meta property=\"og:image:type\" content=\"image\/jpeg\" \/>\n<meta name=\"author\" content=\"Not\u00edcias em Destaque\" \/>\n<meta name=\"twitter:card\" content=\"summary_large_image\" \/>\n<meta name=\"twitter:label1\" content=\"Escrito por\" \/>\n\t<meta name=\"twitter:data1\" content=\"Not\u00edcias em Destaque\" \/>\n\t<meta name=\"twitter:label2\" content=\"Est. tempo de leitura\" \/>\n\t<meta name=\"twitter:data2\" content=\"3 minutos\" \/>\n<script type=\"application\/ld+json\" class=\"yoast-schema-graph\">{\"@context\":\"https:\/\/schema.org\",\"@graph\":[{\"@type\":\"Article\",\"@id\":\"https:\/\/noticiasemdestaque.com\/cd\/?p=35067#article\",\"isPartOf\":{\"@id\":\"https:\/\/noticiasemdestaque.com\/cd\/?p=35067\"},\"author\":{\"name\":\"Not\u00edcias em Destaque\",\"@id\":\"https:\/\/noticiasemdestaque.com\/cd\/#\/schema\/person\/c1451142d5e4d7aa7848244ea9e4606f\"},\"headline\":\"C\u00e2mara realiza Sess\u00e3o Solene para Entrega de T\u00edtulos de Cidad\u00e3o Sumeense\",\"datePublished\":\"2021-10-28T19:42:12+00:00\",\"mainEntityOfPage\":{\"@id\":\"https:\/\/noticiasemdestaque.com\/cd\/?p=35067\"},\"wordCount\":554,\"publisher\":{\"@id\":\"https:\/\/noticiasemdestaque.com\/cd\/#organization\"},\"image\":{\"@id\":\"https:\/\/noticiasemdestaque.com\/cd\/?p=35067#primaryimage\"},\"thumbnailUrl\":\"https:\/\/noticiasemdestaque.com\/cd\/wp-content\/uploads\/2021\/10\/e5b3a299-6565-45b4-9001-f901ba4e4dd9.jpg\",\"articleSection\":[\"Pol\u00edtica\"],\"inLanguage\":\"pt-BR\"},{\"@type\":\"WebPage\",\"@id\":\"https:\/\/noticiasemdestaque.com\/cd\/?p=35067\",\"url\":\"https:\/\/noticiasemdestaque.com\/cd\/?p=35067\",\"name\":\"C\u00e2mara realiza Sess\u00e3o Solene para Entrega de T\u00edtulos de Cidad\u00e3o Sumeense - Not&iacute;cias em Destaque\",\"isPartOf\":{\"@id\":\"https:\/\/noticiasemdestaque.com\/cd\/#website\"},\"primaryImageOfPage\":{\"@id\":\"https:\/\/noticiasemdestaque.com\/cd\/?p=35067#primaryimage\"},\"image\":{\"@id\":\"https:\/\/noticiasemdestaque.com\/cd\/?p=35067#primaryimage\"},\"thumbnailUrl\":\"https:\/\/noticiasemdestaque.com\/cd\/wp-content\/uploads\/2021\/10\/e5b3a299-6565-45b4-9001-f901ba4e4dd9.jpg\",\"datePublished\":\"2021-10-28T19:42:12+00:00\",\"breadcrumb\":{\"@id\":\"https:\/\/noticiasemdestaque.com\/cd\/?p=35067#breadcrumb\"},\"inLanguage\":\"pt-BR\",\"potentialAction\":[{\"@type\":\"ReadAction\",\"target\":[\"https:\/\/noticiasemdestaque.com\/cd\/?p=35067\"]}]},{\"@type\":\"ImageObject\",\"inLanguage\":\"pt-BR\",\"@id\":\"https:\/\/noticiasemdestaque.com\/cd\/?p=35067#primaryimage\",\"url\":\"https:\/\/noticiasemdestaque.com\/cd\/wp-content\/uploads\/2021\/10\/e5b3a299-6565-45b4-9001-f901ba4e4dd9.jpg\",\"contentUrl\":\"https:\/\/noticiasemdestaque.com\/cd\/wp-content\/uploads\/2021\/10\/e5b3a299-6565-45b4-9001-f901ba4e4dd9.jpg\",\"width\":1600,\"height\":1200},{\"@type\":\"BreadcrumbList\",\"@id\":\"https:\/\/noticiasemdestaque.com\/cd\/?p=35067#breadcrumb\",\"itemListElement\":[{\"@type\":\"ListItem\",\"position\":1,\"name\":\"In\u00edcio\",\"item\":\"https:\/\/noticiasemdestaque.com\/cd\/\"},{\"@type\":\"ListItem\",\"position\":2,\"name\":\"C\u00e2mara realiza Sess\u00e3o Solene para Entrega de T\u00edtulos de Cidad\u00e3o Sumeense\"}]},{\"@type\":\"WebSite\",\"@id\":\"https:\/\/noticiasemdestaque.com\/cd\/#website\",\"url\":\"https:\/\/noticiasemdestaque.com\/cd\/\",\"name\":\"Not&iacute;cias em Destaque\",\"description\":\"\",\"publisher\":{\"@id\":\"https:\/\/noticiasemdestaque.com\/cd\/#organization\"},\"potentialAction\":[{\"@type\":\"SearchAction\",\"target\":{\"@type\":\"EntryPoint\",\"urlTemplate\":\"https:\/\/noticiasemdestaque.com\/cd\/?s={search_term_string}\"},\"query-input\":{\"@type\":\"PropertyValueSpecification\",\"valueRequired\":true,\"valueName\":\"search_term_string\"}}],\"inLanguage\":\"pt-BR\"},{\"@type\":\"Organization\",\"@id\":\"https:\/\/noticiasemdestaque.com\/cd\/#organization\",\"name\":\"Not\u00edcias em Destaque\",\"url\":\"https:\/\/noticiasemdestaque.com\/cd\/\",\"logo\":{\"@type\":\"ImageObject\",\"inLanguage\":\"pt-BR\",\"@id\":\"https:\/\/noticiasemdestaque.com\/cd\/#\/schema\/logo\/image\/\",\"url\":\"https:\/\/noticiasemdestaque.com\/cd\/wp-content\/uploads\/2022\/05\/imagem-base-noticiasemdestaque.png\",\"contentUrl\":\"https:\/\/noticiasemdestaque.com\/cd\/wp-content\/uploads\/2022\/05\/imagem-base-noticiasemdestaque.png\",\"width\":1200,\"height\":630,\"caption\":\"Not\u00edcias em Destaque\"},\"image\":{\"@id\":\"https:\/\/noticiasemdestaque.com\/cd\/#\/schema\/logo\/image\/\"}},{\"@type\":\"Person\",\"@id\":\"https:\/\/noticiasemdestaque.com\/cd\/#\/schema\/person\/c1451142d5e4d7aa7848244ea9e4606f\",\"name\":\"Not\u00edcias em Destaque\",\"url\":\"https:\/\/noticiasemdestaque.com\/cd\/?author=2\"}]}<\/script>\n<!-- \/ Yoast SEO plugin. -->","yoast_head_json":{"title":"C\u00e2mara realiza Sess\u00e3o Solene para Entrega de T\u00edtulos de Cidad\u00e3o Sumeense - Not&iacute;cias em Destaque","robots":{"index":"index","follow":"follow","max-snippet":"max-snippet:-1","max-image-preview":"max-image-preview:large","max-video-preview":"max-video-preview:-1"},"canonical":"https:\/\/noticiasemdestaque.com\/cd\/?p=35067","og_locale":"pt_BR","og_type":"article","og_title":"C\u00e2mara realiza Sess\u00e3o Solene para Entrega de T\u00edtulos de Cidad\u00e3o Sumeense - Not&iacute;cias em Destaque","og_description":"A C\u00e2mara de Vereadores de Sum\u00e9 esteve reunida na noite desta ter\u00e7a-feira (26), inicialmente ocorreu uma sess\u00e3o ordin\u00e1ria, com a aprova\u00e7\u00e3o do Projeto de Lei que autoriza o Poder Executivo Municipal a abrir cr\u00e9dito especial no valor de R$ 717.819,27 (Setecentos e dezessete mil e oitocentos e dezenove reais e vinte e sete centavos), destinado a preservar a manuten\u00e7\u00e3o do equil\u00edbrio das contas do er\u00e1rio, bem como objetivando o saneamento do planejamento or\u00e7ament\u00e1rio e a melhor execu\u00e7\u00e3o do cumprimento das metas previstas na Lei Or\u00e7ament\u00e1ria Anual do Munic\u00edpio de Sum\u00e9. Foi aprovado ainda, o Projeto de Lei que autoriza o Poder Executivo\u00a0Municipal a\u00a0abrir cr\u00e9dito suplementar no valor de R$ 1.433.240,00 (Um milh\u00e3o e quatrocentos e trinta e tr\u00eas mil e duzentos e quarenta reais), destinado a preservar a manuten\u00e7\u00e3o do equil\u00edbrio das contas do er\u00e1rio, bem como objetivando o saneamento do planejamento or\u00e7ament\u00e1rio e a melhor execu\u00e7\u00e3o do cumprimento das metas previstas na Lei Or\u00e7ament\u00e1ria Anual do Munic\u00edpio de Sum\u00e9. Logo ap\u00f3s a reuni\u00e3o ordin\u00e1ria desta ter\u00e7a-feira, aconteceu uma sess\u00e3o solene para a entrega de t\u00edtulos de cidad\u00e3o sumeense. O evento contou com a presen\u00e7a dos homenageados, dos vereadores, do chefe de gabinete da Prefeitura Municipal, Heleno J\u00fanior, que representou o prefeito \u00c9den Duarte e do ex-vereador,\u00a0Jeffeson\u00a0Menezes.\u00a0 Receberam o t\u00edtulo,\u00a0o Padre\u00a0Claudeci\u00a0Silva Soares, Padre\u00a0Naelson\u00a0Moura, Pastor Bruce Lee do Nascimento Moreira, que foi representado pelo Presb\u00edtero\u00a0Jailson\u00a0Pereira da Silva da Assembleia de Deus Madureira e o Pastor\u00a0Silm\u00e1\u00a0Ferreira Costa. Homenageados:\u00a0\u00a0 Pe.\u00a0Claudeci\u00a0Silva Soares, nascido em 12 de outubro de 1972 no munic\u00edpio de Barra de Santa Rosa \u2013 PB. Filho de Francisco de Assis Soares e Maria das Dores Silva Soares.\u00a0No dia seguinte, 26 de fevereiro assumiu como P\u00e1roco a Par\u00f3quia Nossa Senhora da Concei\u00e7\u00e3o na cidade de Sum\u00e9 \u2013 PB, ficando at\u00e9 os dias atuais. O autor da propositura foi o ex-vereador Elias\u00a0Antonio\u00a0Freire Bruce Lee do Nascimento Moreira, casado com\u00a0Claudin\u00e9ia\u00a0Pulcina\u00a0da Silva Moreira, os quais tiveram dois filhos: Anthony do Nascimento Moreira e Emanuel Soares da Silva Moreira, foi Pastor da Igreja Evang\u00e9lica Assembleia de Deus Minist\u00e9rio de Madureira, no bairro de V\u00e1rzea Redonda. O autor da propositura foi o vereador, Ant\u00f4nio Carlos Sarmento\u00a0 Padre\u00a0Naelson\u00a0dos Santos Moura nasceu em Frei Miguelinho,\u00a0na regi\u00e3o\u00a0agreste\u00a0pernambucano, tendo como seus pais o Sr. Modesto Vitorino e a\u00a0Sr\u00aa\u00a0Maria Jos\u00e9 (de saudosa mem\u00f3ria), sendo o filho ca\u00e7ula de seis irm\u00e3os.\u00a0 Atualmente encontra-se como vig\u00e1rio paroquial de Sum\u00e9-PB, chegando ao munic\u00edpio no dia 07 de fevereiro de 2016 para trabalhar com o Pe.\u00a0Claudeci\u00a0Soares. O autor da propositura foi o vereador Sabugo.\u00a0 Pastor\u00a0Silm\u00e1\u00a0Ferreira Costa,\u202fnascido no ano de 1960 no sul da Bahia, na divisa com o Estado de Minas Gerais e Esp\u00edrito Santo, filho de pais mineiros e trabalhadores.\u202f\u202fChegou no munic\u00edpio de Sum\u00e9 em 2010, quando assumiu a Igreja no Distrito de Pio-X. O autor da propositura foi o ex-vereador\u00a0Jeffeson\u00a0Menezes.\u00a0 Ascom\/C\u00e2mara\u00a0","og_url":"https:\/\/noticiasemdestaque.com\/cd\/?p=35067","og_site_name":"Not&iacute;cias em Destaque","article_published_time":"2021-10-28T19:42:12+00:00","og_image":[{"width":1600,"height":1200,"url":"https:\/\/noticiasemdestaque.com\/cd\/wp-content\/uploads\/2021\/10\/e5b3a299-6565-45b4-9001-f901ba4e4dd9.jpg","type":"image\/jpeg"}],"author":"Not\u00edcias em Destaque","twitter_card":"summary_large_image","twitter_misc":{"Escrito por":"Not\u00edcias em Destaque","Est. tempo de leitura":"3 minutos"},"schema":{"@context":"https:\/\/schema.org","@graph":[{"@type":"Article","@id":"https:\/\/noticiasemdestaque.com\/cd\/?p=35067#article","isPartOf":{"@id":"https:\/\/noticiasemdestaque.com\/cd\/?p=35067"},"author":{"name":"Not\u00edcias em Destaque","@id":"https:\/\/noticiasemdestaque.com\/cd\/#\/schema\/person\/c1451142d5e4d7aa7848244ea9e4606f"},"headline":"C\u00e2mara realiza Sess\u00e3o Solene para Entrega de T\u00edtulos de Cidad\u00e3o Sumeense","datePublished":"2021-10-28T19:42:12+00:00","mainEntityOfPage":{"@id":"https:\/\/noticiasemdestaque.com\/cd\/?p=35067"},"wordCount":554,"publisher":{"@id":"https:\/\/noticiasemdestaque.com\/cd\/#organization"},"image":{"@id":"https:\/\/noticiasemdestaque.com\/cd\/?p=35067#primaryimage"},"thumbnailUrl":"https:\/\/noticiasemdestaque.com\/cd\/wp-content\/uploads\/2021\/10\/e5b3a299-6565-45b4-9001-f901ba4e4dd9.jpg","articleSection":["Pol\u00edtica"],"inLanguage":"pt-BR"},{"@type":"WebPage","@id":"https:\/\/noticiasemdestaque.com\/cd\/?p=35067","url":"https:\/\/noticiasemdestaque.com\/cd\/?p=35067","name":"C\u00e2mara realiza Sess\u00e3o Solene para Entrega de T\u00edtulos de Cidad\u00e3o Sumeense - Not&iacute;cias em Destaque","isPartOf":{"@id":"https:\/\/noticiasemdestaque.com\/cd\/#website"},"primaryImageOfPage":{"@id":"https:\/\/noticiasemdestaque.com\/cd\/?p=35067#primaryimage"},"image":{"@id":"https:\/\/noticiasemdestaque.com\/cd\/?p=35067#primaryimage"},"thumbnailUrl":"https:\/\/noticiasemdestaque.com\/cd\/wp-content\/uploads\/2021\/10\/e5b3a299-6565-45b4-9001-f901ba4e4dd9.jpg","datePublished":"2021-10-28T19:42:12+00:00","breadcrumb":{"@id":"https:\/\/noticiasemdestaque.com\/cd\/?p=35067#breadcrumb"},"inLanguage":"pt-BR","potentialAction":[{"@type":"ReadAction","target":["https:\/\/noticiasemdestaque.com\/cd\/?p=35067"]}]},{"@type":"ImageObject","inLanguage":"pt-BR","@id":"https:\/\/noticiasemdestaque.com\/cd\/?p=35067#primaryimage","url":"https:\/\/noticiasemdestaque.com\/cd\/wp-content\/uploads\/2021\/10\/e5b3a299-6565-45b4-9001-f901ba4e4dd9.jpg","contentUrl":"https:\/\/noticiasemdestaque.com\/cd\/wp-content\/uploads\/2021\/10\/e5b3a299-6565-45b4-9001-f901ba4e4dd9.jpg","width":1600,"height":1200},{"@type":"BreadcrumbList","@id":"https:\/\/noticiasemdestaque.com\/cd\/?p=35067#breadcrumb","itemListElement":[{"@type":"ListItem","position":1,"name":"In\u00edcio","item":"https:\/\/noticiasemdestaque.com\/cd\/"},{"@type":"ListItem","position":2,"name":"C\u00e2mara realiza Sess\u00e3o Solene para Entrega de T\u00edtulos de Cidad\u00e3o Sumeense"}]},{"@type":"WebSite","@id":"https:\/\/noticiasemdestaque.com\/cd\/#website","url":"https:\/\/noticiasemdestaque.com\/cd\/","name":"Not&iacute;cias em Destaque","description":"","publisher":{"@id":"https:\/\/noticiasemdestaque.com\/cd\/#organization"},"potentialAction":[{"@type":"SearchAction","target":{"@type":"EntryPoint","urlTemplate":"https:\/\/noticiasemdestaque.com\/cd\/?s={search_term_string}"},"query-input":{"@type":"PropertyValueSpecification","valueRequired":true,"valueName":"search_term_string"}}],"inLanguage":"pt-BR"},{"@type":"Organization","@id":"https:\/\/noticiasemdestaque.com\/cd\/#organization","name":"Not\u00edcias em Destaque","url":"https:\/\/noticiasemdestaque.com\/cd\/","logo":{"@type":"ImageObject","inLanguage":"pt-BR","@id":"https:\/\/noticiasemdestaque.com\/cd\/#\/schema\/logo\/image\/","url":"https:\/\/noticiasemdestaque.com\/cd\/wp-content\/uploads\/2022\/05\/imagem-base-noticiasemdestaque.png","contentUrl":"https:\/\/noticiasemdestaque.com\/cd\/wp-content\/uploads\/2022\/05\/imagem-base-noticiasemdestaque.png","width":1200,"height":630,"caption":"Not\u00edcias em Destaque"},"image":{"@id":"https:\/\/noticiasemdestaque.com\/cd\/#\/schema\/logo\/image\/"}},{"@type":"Person","@id":"https:\/\/noticiasemdestaque.com\/cd\/#\/schema\/person\/c1451142d5e4d7aa7848244ea9e4606f","name":"Not\u00edcias em Destaque","url":"https:\/\/noticiasemdestaque.com\/cd\/?author=2"}]}},"jetpack_featured_media_url":"https:\/\/noticiasemdestaque.com\/cd\/wp-content\/uploads\/2021\/10\/e5b3a299-6565-45b4-9001-f901ba4e4dd9.jpg","jetpack_sharing_enabled":true,"_links":{"self":[{"href":"https:\/\/noticiasemdestaque.com\/cd\/index.php?rest_route=\/wp\/v2\/posts\/35067","targetHints":{"allow":["GET"]}}],"collection":[{"href":"https:\/\/noticiasemdestaque.com\/cd\/index.php?rest_route=\/wp\/v2\/posts"}],"about":[{"href":"https:\/\/noticiasemdestaque.com\/cd\/index.php?rest_route=\/wp\/v2\/types\/post"}],"author":[{"embeddable":true,"href":"https:\/\/noticiasemdestaque.com\/cd\/index.php?rest_route=\/wp\/v2\/users\/2"}],"replies":[{"embeddable":true,"href":"https:\/\/noticiasemdestaque.com\/cd\/index.php?rest_route=%2Fwp%2Fv2%2Fcomments&post=35067"}],"version-history":[{"count":1,"href":"https:\/\/noticiasemdestaque.com\/cd\/index.php?rest_route=\/wp\/v2\/posts\/35067\/revisions"}],"predecessor-version":[{"id":35073,"href":"https:\/\/noticiasemdestaque.com\/cd\/index.php?rest_route=\/wp\/v2\/posts\/35067\/revisions\/35073"}],"wp:featuredmedia":[{"embeddable":true,"href":"https:\/\/noticiasemdestaque.com\/cd\/index.php?rest_route=\/wp\/v2\/media\/35072"}],"wp:attachment":[{"href":"https:\/\/noticiasemdestaque.com\/cd\/index.php?rest_route=%2Fwp%2Fv2%2Fmedia&parent=35067"}],"wp:term":[{"taxonomy":"category","embeddable":true,"href":"https:\/\/noticiasemdestaque.com\/cd\/index.php?rest_route=%2Fwp%2Fv2%2Fcategories&post=35067"},{"taxonomy":"post_tag","embeddable":true,"href":"https:\/\/noticiasemdestaque.com\/cd\/index.php?rest_route=%2Fwp%2Fv2%2Ftags&post=35067"}],"curies":[{"name":"wp","href":"https:\/\/api.w.org\/{rel}","templated":true}]}}