{"id":35065,"date":"2021-10-28T16:40:02","date_gmt":"2021-10-28T19:40:02","guid":{"rendered":"http:\/\/noticiasemdestaque.com\/cd\/?p=35065"},"modified":"2021-10-28T16:40:02","modified_gmt":"2021-10-28T19:40:02","slug":"domingo-encerra-o-prazo-para-optar-por-perdao-da-divida-do-ipva-de-motos","status":"publish","type":"post","link":"https:\/\/noticiasemdestaque.com\/cd\/?p=35065","title":{"rendered":"Domingo encerra o prazo para optar por perd\u00e3o da d\u00edvida do IPVA de motos"},"content":{"rendered":"<p data-uw-styling-context=\"true\"><a href=\"https:\/\/noticiasemdestaque.com\/cd\/wp-content\/uploads\/2021\/09\/motos_ipva-1200x675-1.jpg\"><img fetchpriority=\"high\" decoding=\"async\" class=\"size-medium wp-image-34393 aligncenter\" src=\"https:\/\/noticiasemdestaque.com\/cd\/wp-content\/uploads\/2021\/09\/motos_ipva-1200x675-1-300x169.jpg\" alt=\"\" width=\"300\" height=\"169\" srcset=\"https:\/\/noticiasemdestaque.com\/cd\/wp-content\/uploads\/2021\/09\/motos_ipva-1200x675-1-300x169.jpg 300w, https:\/\/noticiasemdestaque.com\/cd\/wp-content\/uploads\/2021\/09\/motos_ipva-1200x675-1-1024x576.jpg 1024w, https:\/\/noticiasemdestaque.com\/cd\/wp-content\/uploads\/2021\/09\/motos_ipva-1200x675-1-768x432.jpg 768w, https:\/\/noticiasemdestaque.com\/cd\/wp-content\/uploads\/2021\/09\/motos_ipva-1200x675-1.jpg 1200w\" sizes=\"(max-width: 300px) 100vw, 300px\" \/><\/a><\/p>\n<p data-uw-styling-context=\"true\">Encerra no domingo, dia 31 de outubro, o prazo para o propriet\u00e1rio de moto, de at\u00e9 162 cilindradas, solicitar o perd\u00e3o da d\u00edvida dos \u00faltimos 05 anos do IPVA e das taxas atrasadas.<\/p>\n<p data-uw-styling-context=\"true\">Os interessado em Sum\u00e9 devem procurar o posto Detran na Casa da Cidadania, que funciona dentro do Shopping Sum\u00e9, de segunda a sexta-feira, das 08h \u00e0s\u00a013h ou ligar para (83) 3353 2525.<\/p>\n<p data-uw-styling-context=\"true\">Para ter direito ao perd\u00e3o da d\u00edvida, pelo Governo do Estado da Para\u00edba, o usu\u00e1rio ter\u00e1 de efetuar o emplacamento do exerc\u00edcio do ano de 2021 completo, que s\u00e3o o IPVA e taxas do Detran.<\/p>\n<p data-uw-styling-context=\"true\">Ascom\/PMS<\/p>\n","protected":false},"excerpt":{"rendered":"<p>Encerra no domingo, dia 31 de outubro, o prazo para o propriet\u00e1rio de moto, de at\u00e9 162 cilindradas, solicitar o perd\u00e3o da d\u00edvida dos \u00faltimos 05 anos do IPVA e das taxas atrasadas. Os interessado em Sum\u00e9 devem procurar o posto Detran na Casa da Cidadania, que funciona dentro do Shopping Sum\u00e9, de segunda a sexta-feira, das 08h \u00e0s\u00a013h ou ligar para (83) 3353 2525. Para ter direito ao perd\u00e3o da d\u00edvida, pelo Governo do Estado da Para\u00edba, o usu\u00e1rio ter\u00e1 de efetuar o emplacamento do exerc\u00edcio do ano de 2021 completo, que s\u00e3o o IPVA e taxas do Detran. Ascom\/PMS<\/p>\n","protected":false},"author":2,"featured_media":34393,"comment_status":"closed","ping_status":"open","sticky":false,"template":"","format":"standard","meta":{"_eb_attr":"","_jetpack_memberships_contains_paid_content":false,"footnotes":""},"categories":[11],"tags":[],"class_list":["post-35065","post","type-post","status-publish","format-standard","has-post-thumbnail","hentry","category-economia"],"yoast_head":"<!-- This site is optimized with the Yoast SEO plugin v26.5 - https:\/\/yoast.com\/wordpress\/plugins\/seo\/ -->\n<title>Domingo encerra o prazo para optar por perd\u00e3o da d\u00edvida do IPVA de motos - Not&iacute;cias em Destaque<\/title>\n<meta name=\"robots\" content=\"index, follow, max-snippet:-1, max-image-preview:large, max-video-preview:-1\" \/>\n<link rel=\"canonical\" href=\"https:\/\/noticiasemdestaque.com\/cd\/?p=35065\" \/>\n<meta property=\"og:locale\" content=\"pt_BR\" \/>\n<meta property=\"og:type\" content=\"article\" \/>\n<meta property=\"og:title\" content=\"Domingo encerra o prazo para optar por perd\u00e3o da d\u00edvida do IPVA de motos - Not&iacute;cias em Destaque\" \/>\n<meta property=\"og:description\" content=\"Encerra no domingo, dia 31 de outubro, o prazo para o propriet\u00e1rio de moto, de at\u00e9 162 cilindradas, solicitar o perd\u00e3o da d\u00edvida dos \u00faltimos 05 anos do IPVA e das taxas atrasadas. Os interessado em Sum\u00e9 devem procurar o posto Detran na Casa da Cidadania, que funciona dentro do Shopping Sum\u00e9, de segunda a sexta-feira, das 08h \u00e0s\u00a013h ou ligar para (83) 3353 2525. Para ter direito ao perd\u00e3o da d\u00edvida, pelo Governo do Estado da Para\u00edba, o usu\u00e1rio ter\u00e1 de efetuar o emplacamento do exerc\u00edcio do ano de 2021 completo, que s\u00e3o o IPVA e taxas do Detran. Ascom\/PMS\" \/>\n<meta property=\"og:url\" content=\"https:\/\/noticiasemdestaque.com\/cd\/?p=35065\" \/>\n<meta property=\"og:site_name\" content=\"Not&iacute;cias em Destaque\" \/>\n<meta property=\"article:published_time\" content=\"2021-10-28T19:40:02+00:00\" \/>\n<meta property=\"og:image\" content=\"https:\/\/noticiasemdestaque.com\/cd\/wp-content\/uploads\/2021\/09\/motos_ipva-1200x675-1.jpg\" \/>\n\t<meta property=\"og:image:width\" content=\"1200\" \/>\n\t<meta property=\"og:image:height\" content=\"675\" \/>\n\t<meta property=\"og:image:type\" content=\"image\/jpeg\" \/>\n<meta name=\"author\" content=\"Not\u00edcias em Destaque\" \/>\n<meta name=\"twitter:card\" content=\"summary_large_image\" \/>\n<meta name=\"twitter:label1\" content=\"Escrito por\" \/>\n\t<meta name=\"twitter:data1\" content=\"Not\u00edcias em Destaque\" \/>\n\t<meta name=\"twitter:label2\" content=\"Est. tempo de leitura\" \/>\n\t<meta name=\"twitter:data2\" content=\"1 minuto\" \/>\n<script type=\"application\/ld+json\" class=\"yoast-schema-graph\">{\"@context\":\"https:\/\/schema.org\",\"@graph\":[{\"@type\":\"Article\",\"@id\":\"https:\/\/noticiasemdestaque.com\/cd\/?p=35065#article\",\"isPartOf\":{\"@id\":\"https:\/\/noticiasemdestaque.com\/cd\/?p=35065\"},\"author\":{\"name\":\"Not\u00edcias em Destaque\",\"@id\":\"https:\/\/noticiasemdestaque.com\/cd\/#\/schema\/person\/c1451142d5e4d7aa7848244ea9e4606f\"},\"headline\":\"Domingo encerra o prazo para optar por perd\u00e3o da d\u00edvida do IPVA de motos\",\"datePublished\":\"2021-10-28T19:40:02+00:00\",\"mainEntityOfPage\":{\"@id\":\"https:\/\/noticiasemdestaque.com\/cd\/?p=35065\"},\"wordCount\":121,\"publisher\":{\"@id\":\"https:\/\/noticiasemdestaque.com\/cd\/#organization\"},\"image\":{\"@id\":\"https:\/\/noticiasemdestaque.com\/cd\/?p=35065#primaryimage\"},\"thumbnailUrl\":\"https:\/\/noticiasemdestaque.com\/cd\/wp-content\/uploads\/2021\/09\/motos_ipva-1200x675-1.jpg\",\"articleSection\":[\"Economia\"],\"inLanguage\":\"pt-BR\"},{\"@type\":\"WebPage\",\"@id\":\"https:\/\/noticiasemdestaque.com\/cd\/?p=35065\",\"url\":\"https:\/\/noticiasemdestaque.com\/cd\/?p=35065\",\"name\":\"Domingo encerra o prazo para optar por perd\u00e3o da d\u00edvida do IPVA de motos - Not&iacute;cias em Destaque\",\"isPartOf\":{\"@id\":\"https:\/\/noticiasemdestaque.com\/cd\/#website\"},\"primaryImageOfPage\":{\"@id\":\"https:\/\/noticiasemdestaque.com\/cd\/?p=35065#primaryimage\"},\"image\":{\"@id\":\"https:\/\/noticiasemdestaque.com\/cd\/?p=35065#primaryimage\"},\"thumbnailUrl\":\"https:\/\/noticiasemdestaque.com\/cd\/wp-content\/uploads\/2021\/09\/motos_ipva-1200x675-1.jpg\",\"datePublished\":\"2021-10-28T19:40:02+00:00\",\"breadcrumb\":{\"@id\":\"https:\/\/noticiasemdestaque.com\/cd\/?p=35065#breadcrumb\"},\"inLanguage\":\"pt-BR\",\"potentialAction\":[{\"@type\":\"ReadAction\",\"target\":[\"https:\/\/noticiasemdestaque.com\/cd\/?p=35065\"]}]},{\"@type\":\"ImageObject\",\"inLanguage\":\"pt-BR\",\"@id\":\"https:\/\/noticiasemdestaque.com\/cd\/?p=35065#primaryimage\",\"url\":\"https:\/\/noticiasemdestaque.com\/cd\/wp-content\/uploads\/2021\/09\/motos_ipva-1200x675-1.jpg\",\"contentUrl\":\"https:\/\/noticiasemdestaque.com\/cd\/wp-content\/uploads\/2021\/09\/motos_ipva-1200x675-1.jpg\",\"width\":1200,\"height\":675},{\"@type\":\"BreadcrumbList\",\"@id\":\"https:\/\/noticiasemdestaque.com\/cd\/?p=35065#breadcrumb\",\"itemListElement\":[{\"@type\":\"ListItem\",\"position\":1,\"name\":\"In\u00edcio\",\"item\":\"https:\/\/noticiasemdestaque.com\/cd\/\"},{\"@type\":\"ListItem\",\"position\":2,\"name\":\"Domingo encerra o prazo para optar por perd\u00e3o da d\u00edvida do IPVA de motos\"}]},{\"@type\":\"WebSite\",\"@id\":\"https:\/\/noticiasemdestaque.com\/cd\/#website\",\"url\":\"https:\/\/noticiasemdestaque.com\/cd\/\",\"name\":\"Not&iacute;cias em Destaque\",\"description\":\"\",\"publisher\":{\"@id\":\"https:\/\/noticiasemdestaque.com\/cd\/#organization\"},\"potentialAction\":[{\"@type\":\"SearchAction\",\"target\":{\"@type\":\"EntryPoint\",\"urlTemplate\":\"https:\/\/noticiasemdestaque.com\/cd\/?s={search_term_string}\"},\"query-input\":{\"@type\":\"PropertyValueSpecification\",\"valueRequired\":true,\"valueName\":\"search_term_string\"}}],\"inLanguage\":\"pt-BR\"},{\"@type\":\"Organization\",\"@id\":\"https:\/\/noticiasemdestaque.com\/cd\/#organization\",\"name\":\"Not\u00edcias em Destaque\",\"url\":\"https:\/\/noticiasemdestaque.com\/cd\/\",\"logo\":{\"@type\":\"ImageObject\",\"inLanguage\":\"pt-BR\",\"@id\":\"https:\/\/noticiasemdestaque.com\/cd\/#\/schema\/logo\/image\/\",\"url\":\"https:\/\/noticiasemdestaque.com\/cd\/wp-content\/uploads\/2022\/05\/imagem-base-noticiasemdestaque.png\",\"contentUrl\":\"https:\/\/noticiasemdestaque.com\/cd\/wp-content\/uploads\/2022\/05\/imagem-base-noticiasemdestaque.png\",\"width\":1200,\"height\":630,\"caption\":\"Not\u00edcias em Destaque\"},\"image\":{\"@id\":\"https:\/\/noticiasemdestaque.com\/cd\/#\/schema\/logo\/image\/\"}},{\"@type\":\"Person\",\"@id\":\"https:\/\/noticiasemdestaque.com\/cd\/#\/schema\/person\/c1451142d5e4d7aa7848244ea9e4606f\",\"name\":\"Not\u00edcias em Destaque\",\"url\":\"https:\/\/noticiasemdestaque.com\/cd\/?author=2\"}]}<\/script>\n<!-- \/ Yoast SEO plugin. -->","yoast_head_json":{"title":"Domingo encerra o prazo para optar por perd\u00e3o da d\u00edvida do IPVA de motos - Not&iacute;cias em Destaque","robots":{"index":"index","follow":"follow","max-snippet":"max-snippet:-1","max-image-preview":"max-image-preview:large","max-video-preview":"max-video-preview:-1"},"canonical":"https:\/\/noticiasemdestaque.com\/cd\/?p=35065","og_locale":"pt_BR","og_type":"article","og_title":"Domingo encerra o prazo para optar por perd\u00e3o da d\u00edvida do IPVA de motos - Not&iacute;cias em Destaque","og_description":"Encerra no domingo, dia 31 de outubro, o prazo para o propriet\u00e1rio de moto, de at\u00e9 162 cilindradas, solicitar o perd\u00e3o da d\u00edvida dos \u00faltimos 05 anos do IPVA e das taxas atrasadas. Os interessado em Sum\u00e9 devem procurar o posto Detran na Casa da Cidadania, que funciona dentro do Shopping Sum\u00e9, de segunda a sexta-feira, das 08h \u00e0s\u00a013h ou ligar para (83) 3353 2525. Para ter direito ao perd\u00e3o da d\u00edvida, pelo Governo do Estado da Para\u00edba, o usu\u00e1rio ter\u00e1 de efetuar o emplacamento do exerc\u00edcio do ano de 2021 completo, que s\u00e3o o IPVA e taxas do Detran. Ascom\/PMS","og_url":"https:\/\/noticiasemdestaque.com\/cd\/?p=35065","og_site_name":"Not&iacute;cias em Destaque","article_published_time":"2021-10-28T19:40:02+00:00","og_image":[{"width":1200,"height":675,"url":"https:\/\/noticiasemdestaque.com\/cd\/wp-content\/uploads\/2021\/09\/motos_ipva-1200x675-1.jpg","type":"image\/jpeg"}],"author":"Not\u00edcias em Destaque","twitter_card":"summary_large_image","twitter_misc":{"Escrito por":"Not\u00edcias em Destaque","Est. tempo de leitura":"1 minuto"},"schema":{"@context":"https:\/\/schema.org","@graph":[{"@type":"Article","@id":"https:\/\/noticiasemdestaque.com\/cd\/?p=35065#article","isPartOf":{"@id":"https:\/\/noticiasemdestaque.com\/cd\/?p=35065"},"author":{"name":"Not\u00edcias em Destaque","@id":"https:\/\/noticiasemdestaque.com\/cd\/#\/schema\/person\/c1451142d5e4d7aa7848244ea9e4606f"},"headline":"Domingo encerra o prazo para optar por perd\u00e3o da d\u00edvida do IPVA de motos","datePublished":"2021-10-28T19:40:02+00:00","mainEntityOfPage":{"@id":"https:\/\/noticiasemdestaque.com\/cd\/?p=35065"},"wordCount":121,"publisher":{"@id":"https:\/\/noticiasemdestaque.com\/cd\/#organization"},"image":{"@id":"https:\/\/noticiasemdestaque.com\/cd\/?p=35065#primaryimage"},"thumbnailUrl":"https:\/\/noticiasemdestaque.com\/cd\/wp-content\/uploads\/2021\/09\/motos_ipva-1200x675-1.jpg","articleSection":["Economia"],"inLanguage":"pt-BR"},{"@type":"WebPage","@id":"https:\/\/noticiasemdestaque.com\/cd\/?p=35065","url":"https:\/\/noticiasemdestaque.com\/cd\/?p=35065","name":"Domingo encerra o prazo para optar por perd\u00e3o da d\u00edvida do IPVA de motos - Not&iacute;cias em Destaque","isPartOf":{"@id":"https:\/\/noticiasemdestaque.com\/cd\/#website"},"primaryImageOfPage":{"@id":"https:\/\/noticiasemdestaque.com\/cd\/?p=35065#primaryimage"},"image":{"@id":"https:\/\/noticiasemdestaque.com\/cd\/?p=35065#primaryimage"},"thumbnailUrl":"https:\/\/noticiasemdestaque.com\/cd\/wp-content\/uploads\/2021\/09\/motos_ipva-1200x675-1.jpg","datePublished":"2021-10-28T19:40:02+00:00","breadcrumb":{"@id":"https:\/\/noticiasemdestaque.com\/cd\/?p=35065#breadcrumb"},"inLanguage":"pt-BR","potentialAction":[{"@type":"ReadAction","target":["https:\/\/noticiasemdestaque.com\/cd\/?p=35065"]}]},{"@type":"ImageObject","inLanguage":"pt-BR","@id":"https:\/\/noticiasemdestaque.com\/cd\/?p=35065#primaryimage","url":"https:\/\/noticiasemdestaque.com\/cd\/wp-content\/uploads\/2021\/09\/motos_ipva-1200x675-1.jpg","contentUrl":"https:\/\/noticiasemdestaque.com\/cd\/wp-content\/uploads\/2021\/09\/motos_ipva-1200x675-1.jpg","width":1200,"height":675},{"@type":"BreadcrumbList","@id":"https:\/\/noticiasemdestaque.com\/cd\/?p=35065#breadcrumb","itemListElement":[{"@type":"ListItem","position":1,"name":"In\u00edcio","item":"https:\/\/noticiasemdestaque.com\/cd\/"},{"@type":"ListItem","position":2,"name":"Domingo encerra o prazo para optar por perd\u00e3o da d\u00edvida do IPVA de motos"}]},{"@type":"WebSite","@id":"https:\/\/noticiasemdestaque.com\/cd\/#website","url":"https:\/\/noticiasemdestaque.com\/cd\/","name":"Not&iacute;cias em Destaque","description":"","publisher":{"@id":"https:\/\/noticiasemdestaque.com\/cd\/#organization"},"potentialAction":[{"@type":"SearchAction","target":{"@type":"EntryPoint","urlTemplate":"https:\/\/noticiasemdestaque.com\/cd\/?s={search_term_string}"},"query-input":{"@type":"PropertyValueSpecification","valueRequired":true,"valueName":"search_term_string"}}],"inLanguage":"pt-BR"},{"@type":"Organization","@id":"https:\/\/noticiasemdestaque.com\/cd\/#organization","name":"Not\u00edcias em Destaque","url":"https:\/\/noticiasemdestaque.com\/cd\/","logo":{"@type":"ImageObject","inLanguage":"pt-BR","@id":"https:\/\/noticiasemdestaque.com\/cd\/#\/schema\/logo\/image\/","url":"https:\/\/noticiasemdestaque.com\/cd\/wp-content\/uploads\/2022\/05\/imagem-base-noticiasemdestaque.png","contentUrl":"https:\/\/noticiasemdestaque.com\/cd\/wp-content\/uploads\/2022\/05\/imagem-base-noticiasemdestaque.png","width":1200,"height":630,"caption":"Not\u00edcias em Destaque"},"image":{"@id":"https:\/\/noticiasemdestaque.com\/cd\/#\/schema\/logo\/image\/"}},{"@type":"Person","@id":"https:\/\/noticiasemdestaque.com\/cd\/#\/schema\/person\/c1451142d5e4d7aa7848244ea9e4606f","name":"Not\u00edcias em Destaque","url":"https:\/\/noticiasemdestaque.com\/cd\/?author=2"}]}},"jetpack_featured_media_url":"https:\/\/noticiasemdestaque.com\/cd\/wp-content\/uploads\/2021\/09\/motos_ipva-1200x675-1.jpg","jetpack_sharing_enabled":true,"_links":{"self":[{"href":"https:\/\/noticiasemdestaque.com\/cd\/index.php?rest_route=\/wp\/v2\/posts\/35065","targetHints":{"allow":["GET"]}}],"collection":[{"href":"https:\/\/noticiasemdestaque.com\/cd\/index.php?rest_route=\/wp\/v2\/posts"}],"about":[{"href":"https:\/\/noticiasemdestaque.com\/cd\/index.php?rest_route=\/wp\/v2\/types\/post"}],"author":[{"embeddable":true,"href":"https:\/\/noticiasemdestaque.com\/cd\/index.php?rest_route=\/wp\/v2\/users\/2"}],"replies":[{"embeddable":true,"href":"https:\/\/noticiasemdestaque.com\/cd\/index.php?rest_route=%2Fwp%2Fv2%2Fcomments&post=35065"}],"version-history":[{"count":1,"href":"https:\/\/noticiasemdestaque.com\/cd\/index.php?rest_route=\/wp\/v2\/posts\/35065\/revisions"}],"predecessor-version":[{"id":35066,"href":"https:\/\/noticiasemdestaque.com\/cd\/index.php?rest_route=\/wp\/v2\/posts\/35065\/revisions\/35066"}],"wp:featuredmedia":[{"embeddable":true,"href":"https:\/\/noticiasemdestaque.com\/cd\/index.php?rest_route=\/wp\/v2\/media\/34393"}],"wp:attachment":[{"href":"https:\/\/noticiasemdestaque.com\/cd\/index.php?rest_route=%2Fwp%2Fv2%2Fmedia&parent=35065"}],"wp:term":[{"taxonomy":"category","embeddable":true,"href":"https:\/\/noticiasemdestaque.com\/cd\/index.php?rest_route=%2Fwp%2Fv2%2Fcategories&post=35065"},{"taxonomy":"post_tag","embeddable":true,"href":"https:\/\/noticiasemdestaque.com\/cd\/index.php?rest_route=%2Fwp%2Fv2%2Ftags&post=35065"}],"curies":[{"name":"wp","href":"https:\/\/api.w.org\/{rel}","templated":true}]}}