{"id":35011,"date":"2021-10-25T16:19:37","date_gmt":"2021-10-25T19:19:37","guid":{"rendered":"http:\/\/noticiasemdestaque.com\/cd\/?p=35011"},"modified":"2021-10-25T16:19:37","modified_gmt":"2021-10-25T19:19:37","slug":"calendario-da-ultima-semana-do-outubro-rosa-em-sume","status":"publish","type":"post","link":"https:\/\/noticiasemdestaque.com\/cd\/?p=35011","title":{"rendered":"Calend\u00e1rio da \u00faltima semana do Outubro Rosa em Sum\u00e9"},"content":{"rendered":"<p data-uw-styling-context=\"true\"><a href=\"https:\/\/noticiasemdestaque.com\/cd\/wp-content\/uploads\/2021\/10\/MAMA-CAPA-2-1-735x450-1.jpeg\"><img fetchpriority=\"high\" decoding=\"async\" class=\"wp-image-35012 size-full aligncenter\" src=\"https:\/\/noticiasemdestaque.com\/cd\/wp-content\/uploads\/2021\/10\/MAMA-CAPA-2-1-735x450-1.jpeg\" alt=\"\" width=\"735\" height=\"450\" srcset=\"https:\/\/noticiasemdestaque.com\/cd\/wp-content\/uploads\/2021\/10\/MAMA-CAPA-2-1-735x450-1.jpeg 735w, https:\/\/noticiasemdestaque.com\/cd\/wp-content\/uploads\/2021\/10\/MAMA-CAPA-2-1-735x450-1-300x184.jpeg 300w\" sizes=\"(max-width: 735px) 100vw, 735px\" \/><\/a><\/p>\n<p data-uw-styling-context=\"true\">Em comemora\u00e7\u00e3o ao Outubro Rosa, m\u00eas de conscientiza\u00e7\u00e3o e preven\u00e7\u00e3o ao c\u00e2ncer de mama, a Prefeitura de Sum\u00e9, atrav\u00e9s da Secretaria de Sa\u00fade ofertam servi\u00e7os de sa\u00fade da mulher como exames gratuitos de mamografia, ultrassonografia mam\u00e1ria e transvaginal e a\u00e7\u00f5es preventivas contra o c\u00e2ncer.<\/p>\n<p data-uw-styling-context=\"true\">As a\u00e7\u00f5es est\u00e3o acontecendo em todas as Unidades B\u00e1sicas de Sa\u00fade da zona urbana e rural. Confira a programa\u00e7\u00e3o da semana de 25 a 28 de outubro:<\/p>\n<p><strong data-uw-styling-context=\"true\">Ter\u00e7a-feira dia 26\/10<\/strong><strong>\u00a0<\/strong><\/p>\n<ul>\n<li data-uw-styling-context=\"true\">Hor\u00e1rio: 07h \u00e0s 13h<\/li>\n<\/ul>\n<p data-uw-styling-context=\"true\">A\u00e7\u00e3o: Atendimento Integral a Sa\u00fade da Mulher<\/p>\n<p data-uw-styling-context=\"true\">Local: Unidade B\u00e1sica de Sa\u00fade IV \u2013 Enf. Maria do Carmo Ramos<\/p>\n<ul>\n<li data-uw-styling-context=\"true\">Hor\u00e1rio: 09h<\/li>\n<\/ul>\n<p data-uw-styling-context=\"true\">A\u00e7\u00e3o: Atendimento Integral a Sa\u00fade da Mulher<\/p>\n<p data-uw-styling-context=\"true\">Local: Unidade B\u00e1sica de Sa\u00fade \u2013 Esmerino Barbosa \u2013 Terra Vermelha<\/p>\n<ul>\n<li data-uw-styling-context=\"true\">Hor\u00e1rio: 09h<\/li>\n<\/ul>\n<p data-uw-styling-context=\"true\">A\u00e7\u00e3o: Acolhimento as M\u00e3es e Mulheres Atendidas pelo NASF<\/p>\n<p data-uw-styling-context=\"true\">Local: Centro de Servi\u00e7os Socioassistenciais, V\u00e1rzea Redonda<\/p>\n<ul>\n<li data-uw-styling-context=\"true\">Hor\u00e1rio: 09h<\/li>\n<\/ul>\n<p data-uw-styling-context=\"true\">A\u00e7\u00e3o: Atividade Coletiva \u201cUm Toque que Muda Vida\u201d e Atendimento Integral a Sa\u00fade da Mulher.<\/p>\n<p data-uw-styling-context=\"true\">Local: Unidade B\u00e1sica de Sa\u00fade Marcolino de Freitas Barros, s\u00edtio Carna\u00faba<\/p>\n<p><strong data-uw-styling-context=\"true\">Quarta-feira dia 27\/10<\/strong><strong>\u00a0<\/strong><\/p>\n<ul>\n<li data-uw-styling-context=\"true\">Hor\u00e1rio: 08h e 17h<\/li>\n<\/ul>\n<p data-uw-styling-context=\"true\">A\u00e7\u00e3o: Atendimento Pr\u00e9-agendado (mamografia).<\/p>\n<p data-uw-styling-context=\"true\">Local: Unidade B\u00e1sica de Sa\u00fade IV \u2013 Enf. Maria do Carmo Ramos \u2013 Centro<\/p>\n<ul>\n<li data-uw-styling-context=\"true\">Hor\u00e1rio: 08h<\/li>\n<\/ul>\n<p data-uw-styling-context=\"true\">A\u00e7\u00e3o: Atendimento Integral a Sa\u00fade da Mulher<\/p>\n<p data-uw-styling-context=\"true\">Local: Unidade B\u00e1sica de Sa\u00fade II \u2013 Maria das Neves Nogueira \u2013 V\u00e1rzea Redonda<\/p>\n<ul>\n<li data-uw-styling-context=\"true\">Hor\u00e1rio: 17h<\/li>\n<\/ul>\n<p data-uw-styling-context=\"true\">A\u00e7\u00e3o: Atendimento Odontol\u00f3gico e Exame Citopatol\u00f3gico.<\/p>\n<p data-uw-styling-context=\"true\">Local: Unidade B\u00e1sica de Sa\u00fade I \u2013 Dr. Nilo Feitosa \u2013 Alto Alegre<\/p>\n<p><strong data-uw-styling-context=\"true\">Quinta-feira dia 28\/10<\/strong><strong>\u00a0<\/strong><\/p>\n<ul>\n<li data-uw-styling-context=\"true\">Hor\u00e1rio: 08h e 14h<\/li>\n<\/ul>\n<p data-uw-styling-context=\"true\">A\u00e7\u00e3o: Atendimento Pr\u00e9-agendado (mamografia)<\/p>\n<p data-uw-styling-context=\"true\">Local: Unidade B\u00e1sica de Sa\u00fade IV \u2013 Enf. Maria do Carmo Ramos \u2013 Centro<\/p>\n<ul>\n<li data-uw-styling-context=\"true\">Hor\u00e1rio: 18h<\/li>\n<\/ul>\n<p data-uw-styling-context=\"true\">A\u00e7\u00e3o: Atendimento Integral a Sa\u00fade da Mulher.<\/p>\n<p data-uw-styling-context=\"true\">Local: Unidade B\u00e1sica de Sa\u00fade II \u2013 Maria das Neves Nogueira \u2013 V\u00e1rzea Redonda<\/p>\n","protected":false},"excerpt":{"rendered":"<p>Em comemora\u00e7\u00e3o ao Outubro Rosa, m\u00eas de conscientiza\u00e7\u00e3o e preven\u00e7\u00e3o ao c\u00e2ncer de mama, a Prefeitura de Sum\u00e9, atrav\u00e9s da Secretaria de Sa\u00fade ofertam servi\u00e7os de sa\u00fade da mulher como exames gratuitos de mamografia, ultrassonografia mam\u00e1ria e transvaginal e a\u00e7\u00f5es preventivas contra o c\u00e2ncer. As a\u00e7\u00f5es est\u00e3o acontecendo em todas as Unidades B\u00e1sicas de Sa\u00fade da zona urbana e rural. Confira a programa\u00e7\u00e3o da semana de 25 a 28 de outubro: Ter\u00e7a-feira dia 26\/10\u00a0 Hor\u00e1rio: 07h \u00e0s 13h A\u00e7\u00e3o: Atendimento Integral a Sa\u00fade da Mulher Local: Unidade B\u00e1sica de Sa\u00fade IV \u2013 Enf. Maria do Carmo Ramos Hor\u00e1rio: 09h A\u00e7\u00e3o: Atendimento Integral a Sa\u00fade da Mulher Local: Unidade B\u00e1sica de Sa\u00fade \u2013 Esmerino Barbosa \u2013 Terra Vermelha Hor\u00e1rio: 09h A\u00e7\u00e3o: Acolhimento as M\u00e3es e Mulheres Atendidas pelo NASF Local: Centro de Servi\u00e7os Socioassistenciais, V\u00e1rzea Redonda Hor\u00e1rio: 09h A\u00e7\u00e3o: Atividade Coletiva \u201cUm Toque que Muda Vida\u201d e Atendimento Integral a Sa\u00fade da Mulher. Local: Unidade B\u00e1sica de Sa\u00fade Marcolino de Freitas Barros, s\u00edtio Carna\u00faba Quarta-feira dia 27\/10\u00a0 Hor\u00e1rio: 08h e 17h A\u00e7\u00e3o: Atendimento Pr\u00e9-agendado (mamografia). Local: Unidade B\u00e1sica de Sa\u00fade IV \u2013 Enf. Maria do Carmo Ramos \u2013 Centro Hor\u00e1rio: 08h A\u00e7\u00e3o: Atendimento Integral a Sa\u00fade da Mulher Local: Unidade B\u00e1sica de Sa\u00fade II \u2013 Maria das Neves Nogueira \u2013 V\u00e1rzea Redonda Hor\u00e1rio: 17h A\u00e7\u00e3o: Atendimento Odontol\u00f3gico e Exame Citopatol\u00f3gico. Local: Unidade B\u00e1sica de Sa\u00fade I \u2013 Dr. Nilo Feitosa \u2013 Alto Alegre Quinta-feira dia 28\/10\u00a0 Hor\u00e1rio: 08h e 14h A\u00e7\u00e3o: Atendimento Pr\u00e9-agendado (mamografia) Local: Unidade B\u00e1sica de Sa\u00fade IV \u2013 Enf. Maria do Carmo Ramos \u2013 Centro Hor\u00e1rio: 18h A\u00e7\u00e3o: Atendimento Integral a Sa\u00fade da Mulher. Local: Unidade B\u00e1sica de Sa\u00fade II \u2013 Maria das Neves Nogueira \u2013 V\u00e1rzea Redonda<\/p>\n","protected":false},"author":2,"featured_media":35012,"comment_status":"closed","ping_status":"open","sticky":false,"template":"","format":"standard","meta":{"_eb_attr":"","_jetpack_memberships_contains_paid_content":false,"footnotes":""},"categories":[12],"tags":[],"class_list":["post-35011","post","type-post","status-publish","format-standard","has-post-thumbnail","hentry","category-geral"],"yoast_head":"<!-- This site is optimized with the Yoast SEO plugin v26.5 - https:\/\/yoast.com\/wordpress\/plugins\/seo\/ -->\n<title>Calend\u00e1rio da \u00faltima semana do Outubro Rosa em Sum\u00e9 - Not&iacute;cias em Destaque<\/title>\n<meta name=\"robots\" content=\"index, follow, max-snippet:-1, max-image-preview:large, max-video-preview:-1\" \/>\n<link rel=\"canonical\" href=\"https:\/\/noticiasemdestaque.com\/cd\/?p=35011\" \/>\n<meta property=\"og:locale\" content=\"pt_BR\" \/>\n<meta property=\"og:type\" content=\"article\" \/>\n<meta property=\"og:title\" content=\"Calend\u00e1rio da \u00faltima semana do Outubro Rosa em Sum\u00e9 - Not&iacute;cias em Destaque\" \/>\n<meta property=\"og:description\" content=\"Em comemora\u00e7\u00e3o ao Outubro Rosa, m\u00eas de conscientiza\u00e7\u00e3o e preven\u00e7\u00e3o ao c\u00e2ncer de mama, a Prefeitura de Sum\u00e9, atrav\u00e9s da Secretaria de Sa\u00fade ofertam servi\u00e7os de sa\u00fade da mulher como exames gratuitos de mamografia, ultrassonografia mam\u00e1ria e transvaginal e a\u00e7\u00f5es preventivas contra o c\u00e2ncer. As a\u00e7\u00f5es est\u00e3o acontecendo em todas as Unidades B\u00e1sicas de Sa\u00fade da zona urbana e rural. Confira a programa\u00e7\u00e3o da semana de 25 a 28 de outubro: Ter\u00e7a-feira dia 26\/10\u00a0 Hor\u00e1rio: 07h \u00e0s 13h A\u00e7\u00e3o: Atendimento Integral a Sa\u00fade da Mulher Local: Unidade B\u00e1sica de Sa\u00fade IV \u2013 Enf. Maria do Carmo Ramos Hor\u00e1rio: 09h A\u00e7\u00e3o: Atendimento Integral a Sa\u00fade da Mulher Local: Unidade B\u00e1sica de Sa\u00fade \u2013 Esmerino Barbosa \u2013 Terra Vermelha Hor\u00e1rio: 09h A\u00e7\u00e3o: Acolhimento as M\u00e3es e Mulheres Atendidas pelo NASF Local: Centro de Servi\u00e7os Socioassistenciais, V\u00e1rzea Redonda Hor\u00e1rio: 09h A\u00e7\u00e3o: Atividade Coletiva \u201cUm Toque que Muda Vida\u201d e Atendimento Integral a Sa\u00fade da Mulher. Local: Unidade B\u00e1sica de Sa\u00fade Marcolino de Freitas Barros, s\u00edtio Carna\u00faba Quarta-feira dia 27\/10\u00a0 Hor\u00e1rio: 08h e 17h A\u00e7\u00e3o: Atendimento Pr\u00e9-agendado (mamografia). Local: Unidade B\u00e1sica de Sa\u00fade IV \u2013 Enf. Maria do Carmo Ramos \u2013 Centro Hor\u00e1rio: 08h A\u00e7\u00e3o: Atendimento Integral a Sa\u00fade da Mulher Local: Unidade B\u00e1sica de Sa\u00fade II \u2013 Maria das Neves Nogueira \u2013 V\u00e1rzea Redonda Hor\u00e1rio: 17h A\u00e7\u00e3o: Atendimento Odontol\u00f3gico e Exame Citopatol\u00f3gico. Local: Unidade B\u00e1sica de Sa\u00fade I \u2013 Dr. Nilo Feitosa \u2013 Alto Alegre Quinta-feira dia 28\/10\u00a0 Hor\u00e1rio: 08h e 14h A\u00e7\u00e3o: Atendimento Pr\u00e9-agendado (mamografia) Local: Unidade B\u00e1sica de Sa\u00fade IV \u2013 Enf. Maria do Carmo Ramos \u2013 Centro Hor\u00e1rio: 18h A\u00e7\u00e3o: Atendimento Integral a Sa\u00fade da Mulher. Local: Unidade B\u00e1sica de Sa\u00fade II \u2013 Maria das Neves Nogueira \u2013 V\u00e1rzea Redonda\" \/>\n<meta property=\"og:url\" content=\"https:\/\/noticiasemdestaque.com\/cd\/?p=35011\" \/>\n<meta property=\"og:site_name\" content=\"Not&iacute;cias em Destaque\" \/>\n<meta property=\"article:published_time\" content=\"2021-10-25T19:19:37+00:00\" \/>\n<meta property=\"og:image\" content=\"https:\/\/noticiasemdestaque.com\/cd\/wp-content\/uploads\/2021\/10\/MAMA-CAPA-2-1-735x450-1.jpeg\" \/>\n\t<meta property=\"og:image:width\" content=\"735\" \/>\n\t<meta property=\"og:image:height\" content=\"450\" \/>\n\t<meta property=\"og:image:type\" content=\"image\/jpeg\" \/>\n<meta name=\"author\" content=\"Not\u00edcias em Destaque\" \/>\n<meta name=\"twitter:card\" content=\"summary_large_image\" \/>\n<meta name=\"twitter:label1\" content=\"Escrito por\" \/>\n\t<meta name=\"twitter:data1\" content=\"Not\u00edcias em Destaque\" \/>\n\t<meta name=\"twitter:label2\" content=\"Est. tempo de leitura\" \/>\n\t<meta name=\"twitter:data2\" content=\"2 minutos\" \/>\n<script type=\"application\/ld+json\" class=\"yoast-schema-graph\">{\"@context\":\"https:\/\/schema.org\",\"@graph\":[{\"@type\":\"Article\",\"@id\":\"https:\/\/noticiasemdestaque.com\/cd\/?p=35011#article\",\"isPartOf\":{\"@id\":\"https:\/\/noticiasemdestaque.com\/cd\/?p=35011\"},\"author\":{\"name\":\"Not\u00edcias em Destaque\",\"@id\":\"https:\/\/noticiasemdestaque.com\/cd\/#\/schema\/person\/21320b03a7e8bb90128938dafc9b908a\"},\"headline\":\"Calend\u00e1rio da \u00faltima semana do Outubro Rosa em Sum\u00e9\",\"datePublished\":\"2021-10-25T19:19:37+00:00\",\"mainEntityOfPage\":{\"@id\":\"https:\/\/noticiasemdestaque.com\/cd\/?p=35011\"},\"wordCount\":340,\"publisher\":{\"@id\":\"https:\/\/noticiasemdestaque.com\/cd\/#organization\"},\"image\":{\"@id\":\"https:\/\/noticiasemdestaque.com\/cd\/?p=35011#primaryimage\"},\"thumbnailUrl\":\"https:\/\/noticiasemdestaque.com\/cd\/wp-content\/uploads\/2021\/10\/MAMA-CAPA-2-1-735x450-1.jpeg\",\"articleSection\":[\"Geral\"],\"inLanguage\":\"pt-BR\"},{\"@type\":\"WebPage\",\"@id\":\"https:\/\/noticiasemdestaque.com\/cd\/?p=35011\",\"url\":\"https:\/\/noticiasemdestaque.com\/cd\/?p=35011\",\"name\":\"Calend\u00e1rio da \u00faltima semana do Outubro Rosa em Sum\u00e9 - Not&iacute;cias em Destaque\",\"isPartOf\":{\"@id\":\"https:\/\/noticiasemdestaque.com\/cd\/#website\"},\"primaryImageOfPage\":{\"@id\":\"https:\/\/noticiasemdestaque.com\/cd\/?p=35011#primaryimage\"},\"image\":{\"@id\":\"https:\/\/noticiasemdestaque.com\/cd\/?p=35011#primaryimage\"},\"thumbnailUrl\":\"https:\/\/noticiasemdestaque.com\/cd\/wp-content\/uploads\/2021\/10\/MAMA-CAPA-2-1-735x450-1.jpeg\",\"datePublished\":\"2021-10-25T19:19:37+00:00\",\"breadcrumb\":{\"@id\":\"https:\/\/noticiasemdestaque.com\/cd\/?p=35011#breadcrumb\"},\"inLanguage\":\"pt-BR\",\"potentialAction\":[{\"@type\":\"ReadAction\",\"target\":[\"https:\/\/noticiasemdestaque.com\/cd\/?p=35011\"]}]},{\"@type\":\"ImageObject\",\"inLanguage\":\"pt-BR\",\"@id\":\"https:\/\/noticiasemdestaque.com\/cd\/?p=35011#primaryimage\",\"url\":\"https:\/\/noticiasemdestaque.com\/cd\/wp-content\/uploads\/2021\/10\/MAMA-CAPA-2-1-735x450-1.jpeg\",\"contentUrl\":\"https:\/\/noticiasemdestaque.com\/cd\/wp-content\/uploads\/2021\/10\/MAMA-CAPA-2-1-735x450-1.jpeg\",\"width\":735,\"height\":450},{\"@type\":\"BreadcrumbList\",\"@id\":\"https:\/\/noticiasemdestaque.com\/cd\/?p=35011#breadcrumb\",\"itemListElement\":[{\"@type\":\"ListItem\",\"position\":1,\"name\":\"In\u00edcio\",\"item\":\"https:\/\/noticiasemdestaque.com\/cd\/\"},{\"@type\":\"ListItem\",\"position\":2,\"name\":\"Calend\u00e1rio da \u00faltima semana do Outubro Rosa em Sum\u00e9\"}]},{\"@type\":\"WebSite\",\"@id\":\"https:\/\/noticiasemdestaque.com\/cd\/#website\",\"url\":\"https:\/\/noticiasemdestaque.com\/cd\/\",\"name\":\"Not&iacute;cias em Destaque\",\"description\":\"\",\"publisher\":{\"@id\":\"https:\/\/noticiasemdestaque.com\/cd\/#organization\"},\"potentialAction\":[{\"@type\":\"SearchAction\",\"target\":{\"@type\":\"EntryPoint\",\"urlTemplate\":\"https:\/\/noticiasemdestaque.com\/cd\/?s={search_term_string}\"},\"query-input\":{\"@type\":\"PropertyValueSpecification\",\"valueRequired\":true,\"valueName\":\"search_term_string\"}}],\"inLanguage\":\"pt-BR\"},{\"@type\":\"Organization\",\"@id\":\"https:\/\/noticiasemdestaque.com\/cd\/#organization\",\"name\":\"Not\u00edcias em Destaque\",\"url\":\"https:\/\/noticiasemdestaque.com\/cd\/\",\"logo\":{\"@type\":\"ImageObject\",\"inLanguage\":\"pt-BR\",\"@id\":\"https:\/\/noticiasemdestaque.com\/cd\/#\/schema\/logo\/image\/\",\"url\":\"https:\/\/noticiasemdestaque.com\/cd\/wp-content\/uploads\/2022\/05\/imagem-base-noticiasemdestaque.png\",\"contentUrl\":\"https:\/\/noticiasemdestaque.com\/cd\/wp-content\/uploads\/2022\/05\/imagem-base-noticiasemdestaque.png\",\"width\":1200,\"height\":630,\"caption\":\"Not\u00edcias em Destaque\"},\"image\":{\"@id\":\"https:\/\/noticiasemdestaque.com\/cd\/#\/schema\/logo\/image\/\"}},{\"@type\":\"Person\",\"@id\":\"https:\/\/noticiasemdestaque.com\/cd\/#\/schema\/person\/21320b03a7e8bb90128938dafc9b908a\",\"name\":\"Not\u00edcias em Destaque\",\"url\":\"https:\/\/noticiasemdestaque.com\/cd\/?author=2\"}]}<\/script>\n<!-- \/ Yoast SEO plugin. -->","yoast_head_json":{"title":"Calend\u00e1rio da \u00faltima semana do Outubro Rosa em Sum\u00e9 - Not&iacute;cias em Destaque","robots":{"index":"index","follow":"follow","max-snippet":"max-snippet:-1","max-image-preview":"max-image-preview:large","max-video-preview":"max-video-preview:-1"},"canonical":"https:\/\/noticiasemdestaque.com\/cd\/?p=35011","og_locale":"pt_BR","og_type":"article","og_title":"Calend\u00e1rio da \u00faltima semana do Outubro Rosa em Sum\u00e9 - Not&iacute;cias em Destaque","og_description":"Em comemora\u00e7\u00e3o ao Outubro Rosa, m\u00eas de conscientiza\u00e7\u00e3o e preven\u00e7\u00e3o ao c\u00e2ncer de mama, a Prefeitura de Sum\u00e9, atrav\u00e9s da Secretaria de Sa\u00fade ofertam servi\u00e7os de sa\u00fade da mulher como exames gratuitos de mamografia, ultrassonografia mam\u00e1ria e transvaginal e a\u00e7\u00f5es preventivas contra o c\u00e2ncer. As a\u00e7\u00f5es est\u00e3o acontecendo em todas as Unidades B\u00e1sicas de Sa\u00fade da zona urbana e rural. Confira a programa\u00e7\u00e3o da semana de 25 a 28 de outubro: Ter\u00e7a-feira dia 26\/10\u00a0 Hor\u00e1rio: 07h \u00e0s 13h A\u00e7\u00e3o: Atendimento Integral a Sa\u00fade da Mulher Local: Unidade B\u00e1sica de Sa\u00fade IV \u2013 Enf. Maria do Carmo Ramos Hor\u00e1rio: 09h A\u00e7\u00e3o: Atendimento Integral a Sa\u00fade da Mulher Local: Unidade B\u00e1sica de Sa\u00fade \u2013 Esmerino Barbosa \u2013 Terra Vermelha Hor\u00e1rio: 09h A\u00e7\u00e3o: Acolhimento as M\u00e3es e Mulheres Atendidas pelo NASF Local: Centro de Servi\u00e7os Socioassistenciais, V\u00e1rzea Redonda Hor\u00e1rio: 09h A\u00e7\u00e3o: Atividade Coletiva \u201cUm Toque que Muda Vida\u201d e Atendimento Integral a Sa\u00fade da Mulher. Local: Unidade B\u00e1sica de Sa\u00fade Marcolino de Freitas Barros, s\u00edtio Carna\u00faba Quarta-feira dia 27\/10\u00a0 Hor\u00e1rio: 08h e 17h A\u00e7\u00e3o: Atendimento Pr\u00e9-agendado (mamografia). Local: Unidade B\u00e1sica de Sa\u00fade IV \u2013 Enf. Maria do Carmo Ramos \u2013 Centro Hor\u00e1rio: 08h A\u00e7\u00e3o: Atendimento Integral a Sa\u00fade da Mulher Local: Unidade B\u00e1sica de Sa\u00fade II \u2013 Maria das Neves Nogueira \u2013 V\u00e1rzea Redonda Hor\u00e1rio: 17h A\u00e7\u00e3o: Atendimento Odontol\u00f3gico e Exame Citopatol\u00f3gico. Local: Unidade B\u00e1sica de Sa\u00fade I \u2013 Dr. Nilo Feitosa \u2013 Alto Alegre Quinta-feira dia 28\/10\u00a0 Hor\u00e1rio: 08h e 14h A\u00e7\u00e3o: Atendimento Pr\u00e9-agendado (mamografia) Local: Unidade B\u00e1sica de Sa\u00fade IV \u2013 Enf. Maria do Carmo Ramos \u2013 Centro Hor\u00e1rio: 18h A\u00e7\u00e3o: Atendimento Integral a Sa\u00fade da Mulher. Local: Unidade B\u00e1sica de Sa\u00fade II \u2013 Maria das Neves Nogueira \u2013 V\u00e1rzea Redonda","og_url":"https:\/\/noticiasemdestaque.com\/cd\/?p=35011","og_site_name":"Not&iacute;cias em Destaque","article_published_time":"2021-10-25T19:19:37+00:00","og_image":[{"width":735,"height":450,"url":"https:\/\/noticiasemdestaque.com\/cd\/wp-content\/uploads\/2021\/10\/MAMA-CAPA-2-1-735x450-1.jpeg","type":"image\/jpeg"}],"author":"Not\u00edcias em Destaque","twitter_card":"summary_large_image","twitter_misc":{"Escrito por":"Not\u00edcias em Destaque","Est. tempo de leitura":"2 minutos"},"schema":{"@context":"https:\/\/schema.org","@graph":[{"@type":"Article","@id":"https:\/\/noticiasemdestaque.com\/cd\/?p=35011#article","isPartOf":{"@id":"https:\/\/noticiasemdestaque.com\/cd\/?p=35011"},"author":{"name":"Not\u00edcias em Destaque","@id":"https:\/\/noticiasemdestaque.com\/cd\/#\/schema\/person\/21320b03a7e8bb90128938dafc9b908a"},"headline":"Calend\u00e1rio da \u00faltima semana do Outubro Rosa em Sum\u00e9","datePublished":"2021-10-25T19:19:37+00:00","mainEntityOfPage":{"@id":"https:\/\/noticiasemdestaque.com\/cd\/?p=35011"},"wordCount":340,"publisher":{"@id":"https:\/\/noticiasemdestaque.com\/cd\/#organization"},"image":{"@id":"https:\/\/noticiasemdestaque.com\/cd\/?p=35011#primaryimage"},"thumbnailUrl":"https:\/\/noticiasemdestaque.com\/cd\/wp-content\/uploads\/2021\/10\/MAMA-CAPA-2-1-735x450-1.jpeg","articleSection":["Geral"],"inLanguage":"pt-BR"},{"@type":"WebPage","@id":"https:\/\/noticiasemdestaque.com\/cd\/?p=35011","url":"https:\/\/noticiasemdestaque.com\/cd\/?p=35011","name":"Calend\u00e1rio da \u00faltima semana do Outubro Rosa em Sum\u00e9 - Not&iacute;cias em Destaque","isPartOf":{"@id":"https:\/\/noticiasemdestaque.com\/cd\/#website"},"primaryImageOfPage":{"@id":"https:\/\/noticiasemdestaque.com\/cd\/?p=35011#primaryimage"},"image":{"@id":"https:\/\/noticiasemdestaque.com\/cd\/?p=35011#primaryimage"},"thumbnailUrl":"https:\/\/noticiasemdestaque.com\/cd\/wp-content\/uploads\/2021\/10\/MAMA-CAPA-2-1-735x450-1.jpeg","datePublished":"2021-10-25T19:19:37+00:00","breadcrumb":{"@id":"https:\/\/noticiasemdestaque.com\/cd\/?p=35011#breadcrumb"},"inLanguage":"pt-BR","potentialAction":[{"@type":"ReadAction","target":["https:\/\/noticiasemdestaque.com\/cd\/?p=35011"]}]},{"@type":"ImageObject","inLanguage":"pt-BR","@id":"https:\/\/noticiasemdestaque.com\/cd\/?p=35011#primaryimage","url":"https:\/\/noticiasemdestaque.com\/cd\/wp-content\/uploads\/2021\/10\/MAMA-CAPA-2-1-735x450-1.jpeg","contentUrl":"https:\/\/noticiasemdestaque.com\/cd\/wp-content\/uploads\/2021\/10\/MAMA-CAPA-2-1-735x450-1.jpeg","width":735,"height":450},{"@type":"BreadcrumbList","@id":"https:\/\/noticiasemdestaque.com\/cd\/?p=35011#breadcrumb","itemListElement":[{"@type":"ListItem","position":1,"name":"In\u00edcio","item":"https:\/\/noticiasemdestaque.com\/cd\/"},{"@type":"ListItem","position":2,"name":"Calend\u00e1rio da \u00faltima semana do Outubro Rosa em Sum\u00e9"}]},{"@type":"WebSite","@id":"https:\/\/noticiasemdestaque.com\/cd\/#website","url":"https:\/\/noticiasemdestaque.com\/cd\/","name":"Not&iacute;cias em Destaque","description":"","publisher":{"@id":"https:\/\/noticiasemdestaque.com\/cd\/#organization"},"potentialAction":[{"@type":"SearchAction","target":{"@type":"EntryPoint","urlTemplate":"https:\/\/noticiasemdestaque.com\/cd\/?s={search_term_string}"},"query-input":{"@type":"PropertyValueSpecification","valueRequired":true,"valueName":"search_term_string"}}],"inLanguage":"pt-BR"},{"@type":"Organization","@id":"https:\/\/noticiasemdestaque.com\/cd\/#organization","name":"Not\u00edcias em Destaque","url":"https:\/\/noticiasemdestaque.com\/cd\/","logo":{"@type":"ImageObject","inLanguage":"pt-BR","@id":"https:\/\/noticiasemdestaque.com\/cd\/#\/schema\/logo\/image\/","url":"https:\/\/noticiasemdestaque.com\/cd\/wp-content\/uploads\/2022\/05\/imagem-base-noticiasemdestaque.png","contentUrl":"https:\/\/noticiasemdestaque.com\/cd\/wp-content\/uploads\/2022\/05\/imagem-base-noticiasemdestaque.png","width":1200,"height":630,"caption":"Not\u00edcias em Destaque"},"image":{"@id":"https:\/\/noticiasemdestaque.com\/cd\/#\/schema\/logo\/image\/"}},{"@type":"Person","@id":"https:\/\/noticiasemdestaque.com\/cd\/#\/schema\/person\/21320b03a7e8bb90128938dafc9b908a","name":"Not\u00edcias em Destaque","url":"https:\/\/noticiasemdestaque.com\/cd\/?author=2"}]}},"jetpack_featured_media_url":"https:\/\/noticiasemdestaque.com\/cd\/wp-content\/uploads\/2021\/10\/MAMA-CAPA-2-1-735x450-1.jpeg","jetpack_sharing_enabled":true,"_links":{"self":[{"href":"https:\/\/noticiasemdestaque.com\/cd\/index.php?rest_route=\/wp\/v2\/posts\/35011","targetHints":{"allow":["GET"]}}],"collection":[{"href":"https:\/\/noticiasemdestaque.com\/cd\/index.php?rest_route=\/wp\/v2\/posts"}],"about":[{"href":"https:\/\/noticiasemdestaque.com\/cd\/index.php?rest_route=\/wp\/v2\/types\/post"}],"author":[{"embeddable":true,"href":"https:\/\/noticiasemdestaque.com\/cd\/index.php?rest_route=\/wp\/v2\/users\/2"}],"replies":[{"embeddable":true,"href":"https:\/\/noticiasemdestaque.com\/cd\/index.php?rest_route=%2Fwp%2Fv2%2Fcomments&post=35011"}],"version-history":[{"count":1,"href":"https:\/\/noticiasemdestaque.com\/cd\/index.php?rest_route=\/wp\/v2\/posts\/35011\/revisions"}],"predecessor-version":[{"id":35013,"href":"https:\/\/noticiasemdestaque.com\/cd\/index.php?rest_route=\/wp\/v2\/posts\/35011\/revisions\/35013"}],"wp:featuredmedia":[{"embeddable":true,"href":"https:\/\/noticiasemdestaque.com\/cd\/index.php?rest_route=\/wp\/v2\/media\/35012"}],"wp:attachment":[{"href":"https:\/\/noticiasemdestaque.com\/cd\/index.php?rest_route=%2Fwp%2Fv2%2Fmedia&parent=35011"}],"wp:term":[{"taxonomy":"category","embeddable":true,"href":"https:\/\/noticiasemdestaque.com\/cd\/index.php?rest_route=%2Fwp%2Fv2%2Fcategories&post=35011"},{"taxonomy":"post_tag","embeddable":true,"href":"https:\/\/noticiasemdestaque.com\/cd\/index.php?rest_route=%2Fwp%2Fv2%2Ftags&post=35011"}],"curies":[{"name":"wp","href":"https:\/\/api.w.org\/{rel}","templated":true}]}}