{"id":3496,"date":"2017-08-22T20:28:26","date_gmt":"2017-08-22T23:28:26","guid":{"rendered":"http:\/\/caririemdestaque.com\/cd\/?p=3496"},"modified":"2017-08-22T20:28:26","modified_gmt":"2017-08-22T23:28:26","slug":"prefeito-eden-inaugura-ouvidoria-municipal-e-anuncia-calcamento-para-diversas-ruas","status":"publish","type":"post","link":"https:\/\/noticiasemdestaque.com\/cd\/?p=3496","title":{"rendered":"PREFEITO \u00c9DEN INAUGURA OUVIDORIA MUNICIPAL E ANUNCIA CAL\u00c7AMENTO PARA DIVERSAS RUAS"},"content":{"rendered":"<p><a href=\"http:\/\/caririemdestaque.com\/cd\/wp-content\/uploads\/2017\/08\/20993978_1119389674861228_3159538464099908980_n.jpg\"><img fetchpriority=\"high\" decoding=\"async\" class=\"size-medium wp-image-3501 alignleft\" src=\"http:\/\/caririemdestaque.com\/cd\/wp-content\/uploads\/2017\/08\/20993978_1119389674861228_3159538464099908980_n-300x200.jpg\" alt=\"\" width=\"300\" height=\"200\" srcset=\"https:\/\/noticiasemdestaque.com\/cd\/wp-content\/uploads\/2017\/08\/20993978_1119389674861228_3159538464099908980_n-300x200.jpg 300w, https:\/\/noticiasemdestaque.com\/cd\/wp-content\/uploads\/2017\/08\/20993978_1119389674861228_3159538464099908980_n-768x512.jpg 768w, https:\/\/noticiasemdestaque.com\/cd\/wp-content\/uploads\/2017\/08\/20993978_1119389674861228_3159538464099908980_n-480x320.jpg 480w, https:\/\/noticiasemdestaque.com\/cd\/wp-content\/uploads\/2017\/08\/20993978_1119389674861228_3159538464099908980_n.jpg 960w\" sizes=\"(max-width: 300px) 100vw, 300px\" \/><\/a>O prefeito de Sum\u00e9, \u00c9den Duarte e o vice-prefeito, Jos\u00e9 Deocleciano (Dr\u00f3), inauguraram nesta ter\u00e7a-feira (22), o servi\u00e7o de Ouvidoria Municipal. Um canal oficial de comunica\u00e7\u00e3o da prefeitura que ir\u00e1 possibilitar ao cidad\u00e3o levar os seus reclames, sugest\u00f5es, elogios, cr\u00edticas e informa\u00e7\u00f5es dos servi\u00e7os prestados pelo Munic\u00edpio.<\/p>\n<p>A instala\u00e7\u00e3o da ouvidoria foi idealizada pelo prefeito \u00c9den Duarte desde a sua candidatura na \u00faltima elei\u00e7\u00e3o, sendo um projeto pioneiro na regi\u00e3o do Cariri em ouvidorias p\u00fablicas.<\/p>\n<p>De acordo com \u00c9den, a cria\u00e7\u00e3o da ouvidoria foi pensada principalmente na coletividade, em administrar o munic\u00edpio <a href=\"http:\/\/caririemdestaque.com\/cd\/wp-content\/uploads\/2017\/08\/20953793_1119389594861236_4309488854263876330_n.jpg\"><img decoding=\"async\" class=\"size-medium wp-image-3498 alignright\" src=\"http:\/\/caririemdestaque.com\/cd\/wp-content\/uploads\/2017\/08\/20953793_1119389594861236_4309488854263876330_n-300x200.jpg\" alt=\"\" width=\"300\" height=\"200\" srcset=\"https:\/\/noticiasemdestaque.com\/cd\/wp-content\/uploads\/2017\/08\/20953793_1119389594861236_4309488854263876330_n-300x200.jpg 300w, https:\/\/noticiasemdestaque.com\/cd\/wp-content\/uploads\/2017\/08\/20953793_1119389594861236_4309488854263876330_n-768x512.jpg 768w, https:\/\/noticiasemdestaque.com\/cd\/wp-content\/uploads\/2017\/08\/20953793_1119389594861236_4309488854263876330_n-480x320.jpg 480w, https:\/\/noticiasemdestaque.com\/cd\/wp-content\/uploads\/2017\/08\/20953793_1119389594861236_4309488854263876330_n.jpg 960w\" sizes=\"(max-width: 300px) 100vw, 300px\" \/><\/a>em todos os seus aspectos. \u201cNingu\u00e9m faz um governo sozinho, a administra\u00e7\u00e3o acontece com a contribui\u00e7\u00e3o de cada um, daqueles que fazem a gest\u00e3o e a sociedade\u201d, falou o prefeito.<\/p>\n<p>Participaram da solenidade os vereadores da C\u00e2mara Municipal de Sum\u00e9 &#8211; presidente Jos\u00e9 Ant\u00f4nio, vereadora Br\u00edgida Xavier, Ant\u00f4nio Carlos Sarmento, Alo\u00edzio Salvador (Sabugo), Bon\u00edlson Tim\u00f3teo, Daniel L\u00eala, Nilson Brito e Jeffeson Menezes.<\/p>\n<p>Tamb\u00e9m estiveram prestigiando o evento os secret\u00e1rios municipais Tanniery L\u00eala (Assist\u00eancia Social), Alessandra Regina (Sa\u00fade), Isca Viana (Obras), Odilon Ara\u00fajo (Educa\u00e7\u00e3o), Miguel Rob\u00e9rio (Finan\u00e7as), al\u00e9m de servidores e pessoas da comunidade.<\/p>\n<p><a href=\"http:\/\/caririemdestaque.com\/cd\/wp-content\/uploads\/2017\/08\/20992716_1119392501527612_8338390540688258088_n.jpg\"><img decoding=\"async\" class=\"wp-image-3502 alignleft\" src=\"http:\/\/caririemdestaque.com\/cd\/wp-content\/uploads\/2017\/08\/20992716_1119392501527612_8338390540688258088_n-300x200.jpg\" alt=\"\" width=\"261\" height=\"174\" srcset=\"https:\/\/noticiasemdestaque.com\/cd\/wp-content\/uploads\/2017\/08\/20992716_1119392501527612_8338390540688258088_n-300x200.jpg 300w, https:\/\/noticiasemdestaque.com\/cd\/wp-content\/uploads\/2017\/08\/20992716_1119392501527612_8338390540688258088_n-768x512.jpg 768w, https:\/\/noticiasemdestaque.com\/cd\/wp-content\/uploads\/2017\/08\/20992716_1119392501527612_8338390540688258088_n-480x320.jpg 480w, https:\/\/noticiasemdestaque.com\/cd\/wp-content\/uploads\/2017\/08\/20992716_1119392501527612_8338390540688258088_n.jpg 960w\" sizes=\"(max-width: 261px) 100vw, 261px\" \/><\/a>A ouvidoria receber\u00e1 as manifesta\u00e7\u00f5es e as encaminhar\u00e1 para o setor respons\u00e1vel, monitorando-as at\u00e9 a resposta final, que ser\u00e1 levada diretamente ao cidad\u00e3o interessado.<\/p>\n<p>A ouvidoria da prefeitura tem como instrumentos o contato por telefone, atrav\u00e9s do n\u00famero 0800 083 1403, que recebe liga\u00e7\u00e3o de telefone celular e de fixo, conta ainda com o servi\u00e7o de e-mail (ouvidoria@sume.pb.gov.br) e a sala de atendimento presencial, localizada no edif\u00edcio sede da prefeitura.<\/p>\n<p>O funcionamento da ouvidoria p\u00fablica \u00e9 de segunda a sexta-feira, das 08h \u00e0s 14h.<\/p>\n<p>Durante a solenidade, o prefeito \u00c9den tamb\u00e9m assinou a ordem de servi\u00e7o para pavimenta\u00e7\u00e3o das ruas Ant\u00f4nio <a href=\"http:\/\/caririemdestaque.com\/cd\/wp-content\/uploads\/2017\/08\/20993940_1119392748194254_2330915192765458361_n.jpg\"><img loading=\"lazy\" decoding=\"async\" class=\"size-medium wp-image-3500 alignright\" src=\"http:\/\/caririemdestaque.com\/cd\/wp-content\/uploads\/2017\/08\/20993940_1119392748194254_2330915192765458361_n-300x200.jpg\" alt=\"\" width=\"300\" height=\"200\" srcset=\"https:\/\/noticiasemdestaque.com\/cd\/wp-content\/uploads\/2017\/08\/20993940_1119392748194254_2330915192765458361_n-300x200.jpg 300w, https:\/\/noticiasemdestaque.com\/cd\/wp-content\/uploads\/2017\/08\/20993940_1119392748194254_2330915192765458361_n-768x512.jpg 768w, https:\/\/noticiasemdestaque.com\/cd\/wp-content\/uploads\/2017\/08\/20993940_1119392748194254_2330915192765458361_n-480x320.jpg 480w, https:\/\/noticiasemdestaque.com\/cd\/wp-content\/uploads\/2017\/08\/20993940_1119392748194254_2330915192765458361_n.jpg 960w\" sizes=\"(max-width: 300px) 100vw, 300px\" \/><\/a>Bezerra de Souza e Ant\u00f4nio Batista Dias, localizadas no Alto da Caixa d\u2019\u00c1gua e assinou autoriza\u00e7\u00e3o de abertura de processo licitat\u00f3rio para pavimenta\u00e7\u00e3o das ruas Francisco Paulino Gomes, Gedalva Sousa Silva, Senhorzinho Viana, Rua Santa Mendon\u00e7a, Ant\u00f4nio Rom\u00e3o, Rua Ant\u00f4nio Sabi\u00e1 e Travessa Adamastor Gomes de Ara\u00fajo, localizadas no bairro de V\u00e1rzea Redonda a serem pavimentadas com recursos pr\u00f3prios do munic\u00edpio, or\u00e7adas no valor de R$ 214.712,20.<\/p>\n<p>O prefeito tamb\u00e9m anunciou a compra de um novo ve\u00edculo para a Secretaria de Obras e Servi\u00e7os Urbanos.<\/p>\n<p>CONFIRA MAIS FOTOS: <a href=\"https:\/\/www.facebook.com\/media\/set\/?set=a.1119385851528277.1073741850.1051584748308388&amp;type=3\"><strong>CLICK AQUI\u00a0<\/strong><\/a><\/p>\n<p><em><strong>Cariri em Destaque<\/strong><\/em><\/p>\n<p>Com Ascom<\/p>\n<p>Leia mais not\u00edcias em\u00a0<a href=\"http:\/\/caririemdestaque.com\/cd\/\">www.caririemdestaque.com<\/a>, siga a nossa p\u00e1gina no\u00a0<a href=\"https:\/\/www.facebook.com\/EmdestaqueCariri\/\">Facebook<\/a>, veja nossos v\u00eddeos no\u00a0<a href=\"https:\/\/www.youtube.com\/channel\/UCS206pN3VbgsMpRgG0x3KHw\">Youtube<\/a>. Voc\u00ea tamb\u00e9m pode enviar informa\u00e7\u00f5es \u00e0 Reda\u00e7\u00e3o do CARIRI EM EM DESTAQUE pelo WhatsApp (83) 99941-8939 ou (83) 9 9676-6234.<\/p>\n","protected":false},"excerpt":{"rendered":"<p>O prefeito de Sum\u00e9, \u00c9den Duarte e o vice-prefeito, Jos\u00e9 Deocleciano (Dr\u00f3), inauguraram nesta ter\u00e7a-feira (22), o servi\u00e7o de Ouvidoria Municipal. Um canal oficial de comunica\u00e7\u00e3o da prefeitura que ir\u00e1 possibilitar ao cidad\u00e3o levar os seus reclames, sugest\u00f5es, elogios, cr\u00edticas e informa\u00e7\u00f5es dos servi\u00e7os prestados pelo Munic\u00edpio. A instala\u00e7\u00e3o da ouvidoria foi idealizada pelo prefeito \u00c9den Duarte desde a sua candidatura na \u00faltima elei\u00e7\u00e3o, sendo um projeto pioneiro na regi\u00e3o do Cariri em ouvidorias p\u00fablicas. De acordo com \u00c9den, a cria\u00e7\u00e3o da ouvidoria foi pensada principalmente na coletividade, em administrar o munic\u00edpio em todos os seus aspectos. \u201cNingu\u00e9m faz um governo sozinho, a administra\u00e7\u00e3o acontece com a contribui\u00e7\u00e3o de cada um, daqueles que fazem a gest\u00e3o e a sociedade\u201d, falou o prefeito. Participaram da solenidade os vereadores da C\u00e2mara Municipal de Sum\u00e9 &#8211; presidente Jos\u00e9 Ant\u00f4nio, vereadora Br\u00edgida Xavier, Ant\u00f4nio Carlos Sarmento, Alo\u00edzio Salvador (Sabugo), Bon\u00edlson Tim\u00f3teo, Daniel L\u00eala, Nilson Brito e Jeffeson Menezes. Tamb\u00e9m estiveram prestigiando o evento os secret\u00e1rios municipais Tanniery L\u00eala (Assist\u00eancia Social), Alessandra Regina (Sa\u00fade), Isca Viana (Obras), Odilon Ara\u00fajo (Educa\u00e7\u00e3o), Miguel Rob\u00e9rio (Finan\u00e7as), al\u00e9m de servidores e pessoas da comunidade. A ouvidoria receber\u00e1 as manifesta\u00e7\u00f5es e as encaminhar\u00e1 para o setor respons\u00e1vel, monitorando-as at\u00e9 a resposta final, que ser\u00e1 levada diretamente ao cidad\u00e3o interessado. A ouvidoria da prefeitura tem como instrumentos o contato por telefone, atrav\u00e9s do n\u00famero 0800 083 1403, que recebe liga\u00e7\u00e3o de telefone celular e de fixo, conta ainda com o servi\u00e7o de e-mail (ouvidoria@sume.pb.gov.br) e a sala de atendimento presencial, localizada no edif\u00edcio sede da prefeitura. O funcionamento da ouvidoria p\u00fablica \u00e9 de segunda a sexta-feira, das 08h \u00e0s 14h. Durante a solenidade, o prefeito \u00c9den tamb\u00e9m assinou a ordem de servi\u00e7o para pavimenta\u00e7\u00e3o das ruas Ant\u00f4nio Bezerra de Souza e Ant\u00f4nio Batista Dias, localizadas no Alto da Caixa d\u2019\u00c1gua e assinou autoriza\u00e7\u00e3o de abertura de processo licitat\u00f3rio para pavimenta\u00e7\u00e3o das ruas Francisco Paulino Gomes, Gedalva Sousa Silva, Senhorzinho Viana, Rua Santa Mendon\u00e7a, Ant\u00f4nio Rom\u00e3o, Rua Ant\u00f4nio Sabi\u00e1 e Travessa Adamastor Gomes de Ara\u00fajo, localizadas no bairro de V\u00e1rzea Redonda a serem pavimentadas com recursos pr\u00f3prios do munic\u00edpio, or\u00e7adas no valor de R$ 214.712,20. O prefeito tamb\u00e9m anunciou a compra de um novo ve\u00edculo para a Secretaria de Obras e Servi\u00e7os Urbanos. CONFIRA MAIS FOTOS: CLICK AQUI\u00a0 Cariri em Destaque Com Ascom Leia mais not\u00edcias em\u00a0www.caririemdestaque.com, siga a nossa p\u00e1gina no\u00a0Facebook, veja nossos v\u00eddeos no\u00a0Youtube. Voc\u00ea tamb\u00e9m pode enviar informa\u00e7\u00f5es \u00e0 Reda\u00e7\u00e3o do CARIRI EM EM DESTAQUE pelo WhatsApp (83) 99941-8939 ou (83) 9 9676-6234.<\/p>\n","protected":false},"author":2,"featured_media":3503,"comment_status":"closed","ping_status":"open","sticky":false,"template":"","format":"standard","meta":{"_eb_attr":"","_jetpack_memberships_contains_paid_content":false,"footnotes":""},"categories":[4],"tags":[],"class_list":["post-3496","post","type-post","status-publish","format-standard","has-post-thumbnail","hentry","category-politica"],"yoast_head":"<!-- This site is optimized with the Yoast SEO plugin v26.5 - https:\/\/yoast.com\/wordpress\/plugins\/seo\/ -->\n<title>PREFEITO \u00c9DEN INAUGURA OUVIDORIA MUNICIPAL E ANUNCIA CAL\u00c7AMENTO PARA DIVERSAS RUAS - Not&iacute;cias em Destaque<\/title>\n<meta name=\"robots\" content=\"index, follow, max-snippet:-1, max-image-preview:large, max-video-preview:-1\" \/>\n<link rel=\"canonical\" href=\"https:\/\/noticiasemdestaque.com\/cd\/?p=3496\" \/>\n<meta property=\"og:locale\" content=\"pt_BR\" \/>\n<meta property=\"og:type\" content=\"article\" \/>\n<meta property=\"og:title\" content=\"PREFEITO \u00c9DEN INAUGURA OUVIDORIA MUNICIPAL E ANUNCIA CAL\u00c7AMENTO PARA DIVERSAS RUAS - Not&iacute;cias em Destaque\" \/>\n<meta property=\"og:description\" content=\"O prefeito de Sum\u00e9, \u00c9den Duarte e o vice-prefeito, Jos\u00e9 Deocleciano (Dr\u00f3), inauguraram nesta ter\u00e7a-feira (22), o servi\u00e7o de Ouvidoria Municipal. Um canal oficial de comunica\u00e7\u00e3o da prefeitura que ir\u00e1 possibilitar ao cidad\u00e3o levar os seus reclames, sugest\u00f5es, elogios, cr\u00edticas e informa\u00e7\u00f5es dos servi\u00e7os prestados pelo Munic\u00edpio. A instala\u00e7\u00e3o da ouvidoria foi idealizada pelo prefeito \u00c9den Duarte desde a sua candidatura na \u00faltima elei\u00e7\u00e3o, sendo um projeto pioneiro na regi\u00e3o do Cariri em ouvidorias p\u00fablicas. De acordo com \u00c9den, a cria\u00e7\u00e3o da ouvidoria foi pensada principalmente na coletividade, em administrar o munic\u00edpio em todos os seus aspectos. \u201cNingu\u00e9m faz um governo sozinho, a administra\u00e7\u00e3o acontece com a contribui\u00e7\u00e3o de cada um, daqueles que fazem a gest\u00e3o e a sociedade\u201d, falou o prefeito. Participaram da solenidade os vereadores da C\u00e2mara Municipal de Sum\u00e9 &#8211; presidente Jos\u00e9 Ant\u00f4nio, vereadora Br\u00edgida Xavier, Ant\u00f4nio Carlos Sarmento, Alo\u00edzio Salvador (Sabugo), Bon\u00edlson Tim\u00f3teo, Daniel L\u00eala, Nilson Brito e Jeffeson Menezes. Tamb\u00e9m estiveram prestigiando o evento os secret\u00e1rios municipais Tanniery L\u00eala (Assist\u00eancia Social), Alessandra Regina (Sa\u00fade), Isca Viana (Obras), Odilon Ara\u00fajo (Educa\u00e7\u00e3o), Miguel Rob\u00e9rio (Finan\u00e7as), al\u00e9m de servidores e pessoas da comunidade. A ouvidoria receber\u00e1 as manifesta\u00e7\u00f5es e as encaminhar\u00e1 para o setor respons\u00e1vel, monitorando-as at\u00e9 a resposta final, que ser\u00e1 levada diretamente ao cidad\u00e3o interessado. A ouvidoria da prefeitura tem como instrumentos o contato por telefone, atrav\u00e9s do n\u00famero 0800 083 1403, que recebe liga\u00e7\u00e3o de telefone celular e de fixo, conta ainda com o servi\u00e7o de e-mail (ouvidoria@sume.pb.gov.br) e a sala de atendimento presencial, localizada no edif\u00edcio sede da prefeitura. O funcionamento da ouvidoria p\u00fablica \u00e9 de segunda a sexta-feira, das 08h \u00e0s 14h. Durante a solenidade, o prefeito \u00c9den tamb\u00e9m assinou a ordem de servi\u00e7o para pavimenta\u00e7\u00e3o das ruas Ant\u00f4nio Bezerra de Souza e Ant\u00f4nio Batista Dias, localizadas no Alto da Caixa d\u2019\u00c1gua e assinou autoriza\u00e7\u00e3o de abertura de processo licitat\u00f3rio para pavimenta\u00e7\u00e3o das ruas Francisco Paulino Gomes, Gedalva Sousa Silva, Senhorzinho Viana, Rua Santa Mendon\u00e7a, Ant\u00f4nio Rom\u00e3o, Rua Ant\u00f4nio Sabi\u00e1 e Travessa Adamastor Gomes de Ara\u00fajo, localizadas no bairro de V\u00e1rzea Redonda a serem pavimentadas com recursos pr\u00f3prios do munic\u00edpio, or\u00e7adas no valor de R$ 214.712,20. O prefeito tamb\u00e9m anunciou a compra de um novo ve\u00edculo para a Secretaria de Obras e Servi\u00e7os Urbanos. CONFIRA MAIS FOTOS: CLICK AQUI\u00a0 Cariri em Destaque Com Ascom Leia mais not\u00edcias em\u00a0www.caririemdestaque.com, siga a nossa p\u00e1gina no\u00a0Facebook, veja nossos v\u00eddeos no\u00a0Youtube. Voc\u00ea tamb\u00e9m pode enviar informa\u00e7\u00f5es \u00e0 Reda\u00e7\u00e3o do CARIRI EM EM DESTAQUE pelo WhatsApp (83) 99941-8939 ou (83) 9 9676-6234.\" \/>\n<meta property=\"og:url\" content=\"https:\/\/noticiasemdestaque.com\/cd\/?p=3496\" \/>\n<meta property=\"og:site_name\" content=\"Not&iacute;cias em Destaque\" \/>\n<meta property=\"article:published_time\" content=\"2017-08-22T23:28:26+00:00\" \/>\n<meta property=\"og:image\" content=\"https:\/\/noticiasemdestaque.com\/cd\/wp-content\/uploads\/2017\/08\/20992739_860303587465568_6919787361219747477_n.jpg\" \/>\n\t<meta property=\"og:image:width\" content=\"960\" \/>\n\t<meta property=\"og:image:height\" content=\"640\" \/>\n\t<meta property=\"og:image:type\" content=\"image\/jpeg\" \/>\n<meta name=\"author\" content=\"Not\u00edcias em Destaque\" \/>\n<meta name=\"twitter:card\" content=\"summary_large_image\" \/>\n<meta name=\"twitter:label1\" content=\"Escrito por\" \/>\n\t<meta name=\"twitter:data1\" content=\"Not\u00edcias em Destaque\" \/>\n\t<meta name=\"twitter:label2\" content=\"Est. tempo de leitura\" \/>\n\t<meta name=\"twitter:data2\" content=\"2 minutos\" \/>\n<script type=\"application\/ld+json\" class=\"yoast-schema-graph\">{\"@context\":\"https:\/\/schema.org\",\"@graph\":[{\"@type\":\"Article\",\"@id\":\"https:\/\/noticiasemdestaque.com\/cd\/?p=3496#article\",\"isPartOf\":{\"@id\":\"https:\/\/noticiasemdestaque.com\/cd\/?p=3496\"},\"author\":{\"name\":\"Not\u00edcias em Destaque\",\"@id\":\"https:\/\/noticiasemdestaque.com\/cd\/#\/schema\/person\/21320b03a7e8bb90128938dafc9b908a\"},\"headline\":\"PREFEITO \u00c9DEN INAUGURA OUVIDORIA MUNICIPAL E ANUNCIA CAL\u00c7AMENTO PARA DIVERSAS RUAS\",\"datePublished\":\"2017-08-22T23:28:26+00:00\",\"mainEntityOfPage\":{\"@id\":\"https:\/\/noticiasemdestaque.com\/cd\/?p=3496\"},\"wordCount\":498,\"publisher\":{\"@id\":\"https:\/\/noticiasemdestaque.com\/cd\/#organization\"},\"image\":{\"@id\":\"https:\/\/noticiasemdestaque.com\/cd\/?p=3496#primaryimage\"},\"thumbnailUrl\":\"https:\/\/noticiasemdestaque.com\/cd\/wp-content\/uploads\/2017\/08\/20992739_860303587465568_6919787361219747477_n.jpg\",\"articleSection\":[\"Pol\u00edtica\"],\"inLanguage\":\"pt-BR\"},{\"@type\":\"WebPage\",\"@id\":\"https:\/\/noticiasemdestaque.com\/cd\/?p=3496\",\"url\":\"https:\/\/noticiasemdestaque.com\/cd\/?p=3496\",\"name\":\"PREFEITO \u00c9DEN INAUGURA OUVIDORIA MUNICIPAL E ANUNCIA CAL\u00c7AMENTO PARA DIVERSAS RUAS - Not&iacute;cias em Destaque\",\"isPartOf\":{\"@id\":\"https:\/\/noticiasemdestaque.com\/cd\/#website\"},\"primaryImageOfPage\":{\"@id\":\"https:\/\/noticiasemdestaque.com\/cd\/?p=3496#primaryimage\"},\"image\":{\"@id\":\"https:\/\/noticiasemdestaque.com\/cd\/?p=3496#primaryimage\"},\"thumbnailUrl\":\"https:\/\/noticiasemdestaque.com\/cd\/wp-content\/uploads\/2017\/08\/20992739_860303587465568_6919787361219747477_n.jpg\",\"datePublished\":\"2017-08-22T23:28:26+00:00\",\"breadcrumb\":{\"@id\":\"https:\/\/noticiasemdestaque.com\/cd\/?p=3496#breadcrumb\"},\"inLanguage\":\"pt-BR\",\"potentialAction\":[{\"@type\":\"ReadAction\",\"target\":[\"https:\/\/noticiasemdestaque.com\/cd\/?p=3496\"]}]},{\"@type\":\"ImageObject\",\"inLanguage\":\"pt-BR\",\"@id\":\"https:\/\/noticiasemdestaque.com\/cd\/?p=3496#primaryimage\",\"url\":\"https:\/\/noticiasemdestaque.com\/cd\/wp-content\/uploads\/2017\/08\/20992739_860303587465568_6919787361219747477_n.jpg\",\"contentUrl\":\"https:\/\/noticiasemdestaque.com\/cd\/wp-content\/uploads\/2017\/08\/20992739_860303587465568_6919787361219747477_n.jpg\",\"width\":960,\"height\":640},{\"@type\":\"BreadcrumbList\",\"@id\":\"https:\/\/noticiasemdestaque.com\/cd\/?p=3496#breadcrumb\",\"itemListElement\":[{\"@type\":\"ListItem\",\"position\":1,\"name\":\"In\u00edcio\",\"item\":\"https:\/\/noticiasemdestaque.com\/cd\/\"},{\"@type\":\"ListItem\",\"position\":2,\"name\":\"PREFEITO \u00c9DEN INAUGURA OUVIDORIA MUNICIPAL E ANUNCIA CAL\u00c7AMENTO PARA DIVERSAS RUAS\"}]},{\"@type\":\"WebSite\",\"@id\":\"https:\/\/noticiasemdestaque.com\/cd\/#website\",\"url\":\"https:\/\/noticiasemdestaque.com\/cd\/\",\"name\":\"Not&iacute;cias em Destaque\",\"description\":\"\",\"publisher\":{\"@id\":\"https:\/\/noticiasemdestaque.com\/cd\/#organization\"},\"potentialAction\":[{\"@type\":\"SearchAction\",\"target\":{\"@type\":\"EntryPoint\",\"urlTemplate\":\"https:\/\/noticiasemdestaque.com\/cd\/?s={search_term_string}\"},\"query-input\":{\"@type\":\"PropertyValueSpecification\",\"valueRequired\":true,\"valueName\":\"search_term_string\"}}],\"inLanguage\":\"pt-BR\"},{\"@type\":\"Organization\",\"@id\":\"https:\/\/noticiasemdestaque.com\/cd\/#organization\",\"name\":\"Not\u00edcias em Destaque\",\"url\":\"https:\/\/noticiasemdestaque.com\/cd\/\",\"logo\":{\"@type\":\"ImageObject\",\"inLanguage\":\"pt-BR\",\"@id\":\"https:\/\/noticiasemdestaque.com\/cd\/#\/schema\/logo\/image\/\",\"url\":\"https:\/\/noticiasemdestaque.com\/cd\/wp-content\/uploads\/2022\/05\/imagem-base-noticiasemdestaque.png\",\"contentUrl\":\"https:\/\/noticiasemdestaque.com\/cd\/wp-content\/uploads\/2022\/05\/imagem-base-noticiasemdestaque.png\",\"width\":1200,\"height\":630,\"caption\":\"Not\u00edcias em Destaque\"},\"image\":{\"@id\":\"https:\/\/noticiasemdestaque.com\/cd\/#\/schema\/logo\/image\/\"}},{\"@type\":\"Person\",\"@id\":\"https:\/\/noticiasemdestaque.com\/cd\/#\/schema\/person\/21320b03a7e8bb90128938dafc9b908a\",\"name\":\"Not\u00edcias em Destaque\",\"url\":\"https:\/\/noticiasemdestaque.com\/cd\/?author=2\"}]}<\/script>\n<!-- \/ Yoast SEO plugin. -->","yoast_head_json":{"title":"PREFEITO \u00c9DEN INAUGURA OUVIDORIA MUNICIPAL E ANUNCIA CAL\u00c7AMENTO PARA DIVERSAS RUAS - Not&iacute;cias em Destaque","robots":{"index":"index","follow":"follow","max-snippet":"max-snippet:-1","max-image-preview":"max-image-preview:large","max-video-preview":"max-video-preview:-1"},"canonical":"https:\/\/noticiasemdestaque.com\/cd\/?p=3496","og_locale":"pt_BR","og_type":"article","og_title":"PREFEITO \u00c9DEN INAUGURA OUVIDORIA MUNICIPAL E ANUNCIA CAL\u00c7AMENTO PARA DIVERSAS RUAS - Not&iacute;cias em Destaque","og_description":"O prefeito de Sum\u00e9, \u00c9den Duarte e o vice-prefeito, Jos\u00e9 Deocleciano (Dr\u00f3), inauguraram nesta ter\u00e7a-feira (22), o servi\u00e7o de Ouvidoria Municipal. Um canal oficial de comunica\u00e7\u00e3o da prefeitura que ir\u00e1 possibilitar ao cidad\u00e3o levar os seus reclames, sugest\u00f5es, elogios, cr\u00edticas e informa\u00e7\u00f5es dos servi\u00e7os prestados pelo Munic\u00edpio. A instala\u00e7\u00e3o da ouvidoria foi idealizada pelo prefeito \u00c9den Duarte desde a sua candidatura na \u00faltima elei\u00e7\u00e3o, sendo um projeto pioneiro na regi\u00e3o do Cariri em ouvidorias p\u00fablicas. De acordo com \u00c9den, a cria\u00e7\u00e3o da ouvidoria foi pensada principalmente na coletividade, em administrar o munic\u00edpio em todos os seus aspectos. \u201cNingu\u00e9m faz um governo sozinho, a administra\u00e7\u00e3o acontece com a contribui\u00e7\u00e3o de cada um, daqueles que fazem a gest\u00e3o e a sociedade\u201d, falou o prefeito. Participaram da solenidade os vereadores da C\u00e2mara Municipal de Sum\u00e9 &#8211; presidente Jos\u00e9 Ant\u00f4nio, vereadora Br\u00edgida Xavier, Ant\u00f4nio Carlos Sarmento, Alo\u00edzio Salvador (Sabugo), Bon\u00edlson Tim\u00f3teo, Daniel L\u00eala, Nilson Brito e Jeffeson Menezes. Tamb\u00e9m estiveram prestigiando o evento os secret\u00e1rios municipais Tanniery L\u00eala (Assist\u00eancia Social), Alessandra Regina (Sa\u00fade), Isca Viana (Obras), Odilon Ara\u00fajo (Educa\u00e7\u00e3o), Miguel Rob\u00e9rio (Finan\u00e7as), al\u00e9m de servidores e pessoas da comunidade. A ouvidoria receber\u00e1 as manifesta\u00e7\u00f5es e as encaminhar\u00e1 para o setor respons\u00e1vel, monitorando-as at\u00e9 a resposta final, que ser\u00e1 levada diretamente ao cidad\u00e3o interessado. A ouvidoria da prefeitura tem como instrumentos o contato por telefone, atrav\u00e9s do n\u00famero 0800 083 1403, que recebe liga\u00e7\u00e3o de telefone celular e de fixo, conta ainda com o servi\u00e7o de e-mail (ouvidoria@sume.pb.gov.br) e a sala de atendimento presencial, localizada no edif\u00edcio sede da prefeitura. O funcionamento da ouvidoria p\u00fablica \u00e9 de segunda a sexta-feira, das 08h \u00e0s 14h. Durante a solenidade, o prefeito \u00c9den tamb\u00e9m assinou a ordem de servi\u00e7o para pavimenta\u00e7\u00e3o das ruas Ant\u00f4nio Bezerra de Souza e Ant\u00f4nio Batista Dias, localizadas no Alto da Caixa d\u2019\u00c1gua e assinou autoriza\u00e7\u00e3o de abertura de processo licitat\u00f3rio para pavimenta\u00e7\u00e3o das ruas Francisco Paulino Gomes, Gedalva Sousa Silva, Senhorzinho Viana, Rua Santa Mendon\u00e7a, Ant\u00f4nio Rom\u00e3o, Rua Ant\u00f4nio Sabi\u00e1 e Travessa Adamastor Gomes de Ara\u00fajo, localizadas no bairro de V\u00e1rzea Redonda a serem pavimentadas com recursos pr\u00f3prios do munic\u00edpio, or\u00e7adas no valor de R$ 214.712,20. O prefeito tamb\u00e9m anunciou a compra de um novo ve\u00edculo para a Secretaria de Obras e Servi\u00e7os Urbanos. CONFIRA MAIS FOTOS: CLICK AQUI\u00a0 Cariri em Destaque Com Ascom Leia mais not\u00edcias em\u00a0www.caririemdestaque.com, siga a nossa p\u00e1gina no\u00a0Facebook, veja nossos v\u00eddeos no\u00a0Youtube. Voc\u00ea tamb\u00e9m pode enviar informa\u00e7\u00f5es \u00e0 Reda\u00e7\u00e3o do CARIRI EM EM DESTAQUE pelo WhatsApp (83) 99941-8939 ou (83) 9 9676-6234.","og_url":"https:\/\/noticiasemdestaque.com\/cd\/?p=3496","og_site_name":"Not&iacute;cias em Destaque","article_published_time":"2017-08-22T23:28:26+00:00","og_image":[{"width":960,"height":640,"url":"https:\/\/noticiasemdestaque.com\/cd\/wp-content\/uploads\/2017\/08\/20992739_860303587465568_6919787361219747477_n.jpg","type":"image\/jpeg"}],"author":"Not\u00edcias em Destaque","twitter_card":"summary_large_image","twitter_misc":{"Escrito por":"Not\u00edcias em Destaque","Est. tempo de leitura":"2 minutos"},"schema":{"@context":"https:\/\/schema.org","@graph":[{"@type":"Article","@id":"https:\/\/noticiasemdestaque.com\/cd\/?p=3496#article","isPartOf":{"@id":"https:\/\/noticiasemdestaque.com\/cd\/?p=3496"},"author":{"name":"Not\u00edcias em Destaque","@id":"https:\/\/noticiasemdestaque.com\/cd\/#\/schema\/person\/21320b03a7e8bb90128938dafc9b908a"},"headline":"PREFEITO \u00c9DEN INAUGURA OUVIDORIA MUNICIPAL E ANUNCIA CAL\u00c7AMENTO PARA DIVERSAS RUAS","datePublished":"2017-08-22T23:28:26+00:00","mainEntityOfPage":{"@id":"https:\/\/noticiasemdestaque.com\/cd\/?p=3496"},"wordCount":498,"publisher":{"@id":"https:\/\/noticiasemdestaque.com\/cd\/#organization"},"image":{"@id":"https:\/\/noticiasemdestaque.com\/cd\/?p=3496#primaryimage"},"thumbnailUrl":"https:\/\/noticiasemdestaque.com\/cd\/wp-content\/uploads\/2017\/08\/20992739_860303587465568_6919787361219747477_n.jpg","articleSection":["Pol\u00edtica"],"inLanguage":"pt-BR"},{"@type":"WebPage","@id":"https:\/\/noticiasemdestaque.com\/cd\/?p=3496","url":"https:\/\/noticiasemdestaque.com\/cd\/?p=3496","name":"PREFEITO \u00c9DEN INAUGURA OUVIDORIA MUNICIPAL E ANUNCIA CAL\u00c7AMENTO PARA DIVERSAS RUAS - Not&iacute;cias em Destaque","isPartOf":{"@id":"https:\/\/noticiasemdestaque.com\/cd\/#website"},"primaryImageOfPage":{"@id":"https:\/\/noticiasemdestaque.com\/cd\/?p=3496#primaryimage"},"image":{"@id":"https:\/\/noticiasemdestaque.com\/cd\/?p=3496#primaryimage"},"thumbnailUrl":"https:\/\/noticiasemdestaque.com\/cd\/wp-content\/uploads\/2017\/08\/20992739_860303587465568_6919787361219747477_n.jpg","datePublished":"2017-08-22T23:28:26+00:00","breadcrumb":{"@id":"https:\/\/noticiasemdestaque.com\/cd\/?p=3496#breadcrumb"},"inLanguage":"pt-BR","potentialAction":[{"@type":"ReadAction","target":["https:\/\/noticiasemdestaque.com\/cd\/?p=3496"]}]},{"@type":"ImageObject","inLanguage":"pt-BR","@id":"https:\/\/noticiasemdestaque.com\/cd\/?p=3496#primaryimage","url":"https:\/\/noticiasemdestaque.com\/cd\/wp-content\/uploads\/2017\/08\/20992739_860303587465568_6919787361219747477_n.jpg","contentUrl":"https:\/\/noticiasemdestaque.com\/cd\/wp-content\/uploads\/2017\/08\/20992739_860303587465568_6919787361219747477_n.jpg","width":960,"height":640},{"@type":"BreadcrumbList","@id":"https:\/\/noticiasemdestaque.com\/cd\/?p=3496#breadcrumb","itemListElement":[{"@type":"ListItem","position":1,"name":"In\u00edcio","item":"https:\/\/noticiasemdestaque.com\/cd\/"},{"@type":"ListItem","position":2,"name":"PREFEITO \u00c9DEN INAUGURA OUVIDORIA MUNICIPAL E ANUNCIA CAL\u00c7AMENTO PARA DIVERSAS RUAS"}]},{"@type":"WebSite","@id":"https:\/\/noticiasemdestaque.com\/cd\/#website","url":"https:\/\/noticiasemdestaque.com\/cd\/","name":"Not&iacute;cias em Destaque","description":"","publisher":{"@id":"https:\/\/noticiasemdestaque.com\/cd\/#organization"},"potentialAction":[{"@type":"SearchAction","target":{"@type":"EntryPoint","urlTemplate":"https:\/\/noticiasemdestaque.com\/cd\/?s={search_term_string}"},"query-input":{"@type":"PropertyValueSpecification","valueRequired":true,"valueName":"search_term_string"}}],"inLanguage":"pt-BR"},{"@type":"Organization","@id":"https:\/\/noticiasemdestaque.com\/cd\/#organization","name":"Not\u00edcias em Destaque","url":"https:\/\/noticiasemdestaque.com\/cd\/","logo":{"@type":"ImageObject","inLanguage":"pt-BR","@id":"https:\/\/noticiasemdestaque.com\/cd\/#\/schema\/logo\/image\/","url":"https:\/\/noticiasemdestaque.com\/cd\/wp-content\/uploads\/2022\/05\/imagem-base-noticiasemdestaque.png","contentUrl":"https:\/\/noticiasemdestaque.com\/cd\/wp-content\/uploads\/2022\/05\/imagem-base-noticiasemdestaque.png","width":1200,"height":630,"caption":"Not\u00edcias em Destaque"},"image":{"@id":"https:\/\/noticiasemdestaque.com\/cd\/#\/schema\/logo\/image\/"}},{"@type":"Person","@id":"https:\/\/noticiasemdestaque.com\/cd\/#\/schema\/person\/21320b03a7e8bb90128938dafc9b908a","name":"Not\u00edcias em Destaque","url":"https:\/\/noticiasemdestaque.com\/cd\/?author=2"}]}},"jetpack_featured_media_url":"https:\/\/noticiasemdestaque.com\/cd\/wp-content\/uploads\/2017\/08\/20992739_860303587465568_6919787361219747477_n.jpg","jetpack_sharing_enabled":true,"_links":{"self":[{"href":"https:\/\/noticiasemdestaque.com\/cd\/index.php?rest_route=\/wp\/v2\/posts\/3496","targetHints":{"allow":["GET"]}}],"collection":[{"href":"https:\/\/noticiasemdestaque.com\/cd\/index.php?rest_route=\/wp\/v2\/posts"}],"about":[{"href":"https:\/\/noticiasemdestaque.com\/cd\/index.php?rest_route=\/wp\/v2\/types\/post"}],"author":[{"embeddable":true,"href":"https:\/\/noticiasemdestaque.com\/cd\/index.php?rest_route=\/wp\/v2\/users\/2"}],"replies":[{"embeddable":true,"href":"https:\/\/noticiasemdestaque.com\/cd\/index.php?rest_route=%2Fwp%2Fv2%2Fcomments&post=3496"}],"version-history":[{"count":1,"href":"https:\/\/noticiasemdestaque.com\/cd\/index.php?rest_route=\/wp\/v2\/posts\/3496\/revisions"}],"predecessor-version":[{"id":3504,"href":"https:\/\/noticiasemdestaque.com\/cd\/index.php?rest_route=\/wp\/v2\/posts\/3496\/revisions\/3504"}],"wp:featuredmedia":[{"embeddable":true,"href":"https:\/\/noticiasemdestaque.com\/cd\/index.php?rest_route=\/wp\/v2\/media\/3503"}],"wp:attachment":[{"href":"https:\/\/noticiasemdestaque.com\/cd\/index.php?rest_route=%2Fwp%2Fv2%2Fmedia&parent=3496"}],"wp:term":[{"taxonomy":"category","embeddable":true,"href":"https:\/\/noticiasemdestaque.com\/cd\/index.php?rest_route=%2Fwp%2Fv2%2Fcategories&post=3496"},{"taxonomy":"post_tag","embeddable":true,"href":"https:\/\/noticiasemdestaque.com\/cd\/index.php?rest_route=%2Fwp%2Fv2%2Ftags&post=3496"}],"curies":[{"name":"wp","href":"https:\/\/api.w.org\/{rel}","templated":true}]}}