{"id":3489,"date":"2017-08-22T17:42:02","date_gmt":"2017-08-22T20:42:02","guid":{"rendered":"http:\/\/caririemdestaque.com\/cd\/?p=3489"},"modified":"2017-08-22T17:42:02","modified_gmt":"2017-08-22T20:42:02","slug":"sine-realizara-palestra-em-serra-branca-e-cadastro-de-interessados-para-concorrer-a-vagas-de-emprego","status":"publish","type":"post","link":"https:\/\/noticiasemdestaque.com\/cd\/?p=3489","title":{"rendered":"SINE realizar\u00e1 palestra em Serra Branca e cadastro de interessados para concorrer a vagas de emprego"},"content":{"rendered":"<p><a href=\"http:\/\/caririemdestaque.com\/cd\/wp-content\/uploads\/2017\/08\/imagem42301_1.jpg\"><img fetchpriority=\"high\" decoding=\"async\" class=\"size-medium wp-image-3491 alignleft\" src=\"http:\/\/caririemdestaque.com\/cd\/wp-content\/uploads\/2017\/08\/imagem42301_1-300x225.jpg\" alt=\"\" width=\"300\" height=\"225\" srcset=\"https:\/\/noticiasemdestaque.com\/cd\/wp-content\/uploads\/2017\/08\/imagem42301_1-300x225.jpg 300w, https:\/\/noticiasemdestaque.com\/cd\/wp-content\/uploads\/2017\/08\/imagem42301_1.jpg 600w\" sizes=\"(max-width: 300px) 100vw, 300px\" \/><\/a>A cidade de Serra Branca receber\u00e1 nesta quinta-feira (24) os servi\u00e7os do Sistema Nacional de Emprego (SINE). Trata-se de um \u00f3rg\u00e3o coordenado pelo Minist\u00e9rio do Trabalho e Emprego que tem como objetivo realizar a intermedia\u00e7\u00e3o de m\u00e3o-de-obra atrav\u00e9s de suas ag\u00eancias espalhadas por todo o pa\u00eds.<\/p>\n<p>Esta a\u00e7\u00e3o acontecer\u00e1 em Serra Branca por interm\u00e9dio do vereador Valber Pinto que esteve reunido com o coordenador do SINE Campina Grande, H\u00e9rcules Lafite, que garantiu os servi\u00e7os para a cidade.<\/p>\n<p>Nesta quinta-feira (24) a equipe do Sine estar\u00e1 na C\u00e2mara Municipal de Serra Branca, a partir das 8h \u00a0para realizar uma palestra sobre como agir em uma entrevista de emprego e tamb\u00e9m direito ao seguro-desemprego. Na oportunidade tamb\u00e9m estar\u00e1 sendo realizado um cadastro de interessados em empregos.<\/p>\n<p><a href=\"http:\/\/caririemdestaque.com\/cd\/wp-content\/uploads\/2017\/08\/21076889_1725998174078322_535441940_n.jpg\"><img decoding=\"async\" class=\"alignleft wp-image-3490 size-medium\" src=\"http:\/\/caririemdestaque.com\/cd\/wp-content\/uploads\/2017\/08\/21076889_1725998174078322_535441940_n-300x248.jpg\" alt=\"\" width=\"300\" height=\"248\" srcset=\"https:\/\/noticiasemdestaque.com\/cd\/wp-content\/uploads\/2017\/08\/21076889_1725998174078322_535441940_n-300x248.jpg 300w, https:\/\/noticiasemdestaque.com\/cd\/wp-content\/uploads\/2017\/08\/21076889_1725998174078322_535441940_n.jpg 533w\" sizes=\"(max-width: 300px) 100vw, 300px\" \/><\/a>Os documentos necess\u00e1rios para realizar o cadastro s\u00e3o: RG, Carteira de Trabalho, CPF e o curr\u00edculo.<\/p>\n<p>O vereador Valber Pinto disse que foi eleito para legislar e fiscalizar as a\u00e7\u00f5es do executivo, mas que sempre usar\u00e1 seu mandato a favor de importantes conquistas para Serra Branca.<\/p>\n<p>Com Para\u00edba Mix<\/p>\n","protected":false},"excerpt":{"rendered":"<p>A cidade de Serra Branca receber\u00e1 nesta quinta-feira (24) os servi\u00e7os do Sistema Nacional de Emprego (SINE). Trata-se de um \u00f3rg\u00e3o coordenado pelo Minist\u00e9rio do Trabalho e Emprego que tem como objetivo realizar a intermedia\u00e7\u00e3o de m\u00e3o-de-obra atrav\u00e9s de suas ag\u00eancias espalhadas por todo o pa\u00eds. Esta a\u00e7\u00e3o acontecer\u00e1 em Serra Branca por interm\u00e9dio do vereador Valber Pinto que esteve reunido com o coordenador do SINE Campina Grande, H\u00e9rcules Lafite, que garantiu os servi\u00e7os para a cidade. Nesta quinta-feira (24) a equipe do Sine estar\u00e1 na C\u00e2mara Municipal de Serra Branca, a partir das 8h \u00a0para realizar uma palestra sobre como agir em uma entrevista de emprego e tamb\u00e9m direito ao seguro-desemprego. Na oportunidade tamb\u00e9m estar\u00e1 sendo realizado um cadastro de interessados em empregos. Os documentos necess\u00e1rios para realizar o cadastro s\u00e3o: RG, Carteira de Trabalho, CPF e o curr\u00edculo. O vereador Valber Pinto disse que foi eleito para legislar e fiscalizar as a\u00e7\u00f5es do executivo, mas que sempre usar\u00e1 seu mandato a favor de importantes conquistas para Serra Branca. Com Para\u00edba Mix<\/p>\n","protected":false},"author":2,"featured_media":3491,"comment_status":"closed","ping_status":"open","sticky":false,"template":"","format":"standard","meta":{"_eb_attr":"","_jetpack_memberships_contains_paid_content":false,"footnotes":""},"categories":[3],"tags":[],"class_list":["post-3489","post","type-post","status-publish","format-standard","has-post-thumbnail","hentry","category-cidades"],"yoast_head":"<!-- This site is optimized with the Yoast SEO plugin v26.5 - https:\/\/yoast.com\/wordpress\/plugins\/seo\/ -->\n<title>SINE realizar\u00e1 palestra em Serra Branca e cadastro de interessados para concorrer a vagas de emprego - Not&iacute;cias em Destaque<\/title>\n<meta name=\"robots\" content=\"index, follow, max-snippet:-1, max-image-preview:large, max-video-preview:-1\" \/>\n<link rel=\"canonical\" href=\"https:\/\/noticiasemdestaque.com\/cd\/?p=3489\" \/>\n<meta property=\"og:locale\" content=\"pt_BR\" \/>\n<meta property=\"og:type\" content=\"article\" \/>\n<meta property=\"og:title\" content=\"SINE realizar\u00e1 palestra em Serra Branca e cadastro de interessados para concorrer a vagas de emprego - Not&iacute;cias em Destaque\" \/>\n<meta property=\"og:description\" content=\"A cidade de Serra Branca receber\u00e1 nesta quinta-feira (24) os servi\u00e7os do Sistema Nacional de Emprego (SINE). Trata-se de um \u00f3rg\u00e3o coordenado pelo Minist\u00e9rio do Trabalho e Emprego que tem como objetivo realizar a intermedia\u00e7\u00e3o de m\u00e3o-de-obra atrav\u00e9s de suas ag\u00eancias espalhadas por todo o pa\u00eds. Esta a\u00e7\u00e3o acontecer\u00e1 em Serra Branca por interm\u00e9dio do vereador Valber Pinto que esteve reunido com o coordenador do SINE Campina Grande, H\u00e9rcules Lafite, que garantiu os servi\u00e7os para a cidade. Nesta quinta-feira (24) a equipe do Sine estar\u00e1 na C\u00e2mara Municipal de Serra Branca, a partir das 8h \u00a0para realizar uma palestra sobre como agir em uma entrevista de emprego e tamb\u00e9m direito ao seguro-desemprego. Na oportunidade tamb\u00e9m estar\u00e1 sendo realizado um cadastro de interessados em empregos. Os documentos necess\u00e1rios para realizar o cadastro s\u00e3o: RG, Carteira de Trabalho, CPF e o curr\u00edculo. O vereador Valber Pinto disse que foi eleito para legislar e fiscalizar as a\u00e7\u00f5es do executivo, mas que sempre usar\u00e1 seu mandato a favor de importantes conquistas para Serra Branca. Com Para\u00edba Mix\" \/>\n<meta property=\"og:url\" content=\"https:\/\/noticiasemdestaque.com\/cd\/?p=3489\" \/>\n<meta property=\"og:site_name\" content=\"Not&iacute;cias em Destaque\" \/>\n<meta property=\"article:published_time\" content=\"2017-08-22T20:42:02+00:00\" \/>\n<meta property=\"og:image\" content=\"https:\/\/noticiasemdestaque.com\/cd\/wp-content\/uploads\/2017\/08\/imagem42301_1.jpg\" \/>\n\t<meta property=\"og:image:width\" content=\"600\" \/>\n\t<meta property=\"og:image:height\" content=\"450\" \/>\n\t<meta property=\"og:image:type\" content=\"image\/jpeg\" \/>\n<meta name=\"author\" content=\"Not\u00edcias em Destaque\" \/>\n<meta name=\"twitter:card\" content=\"summary_large_image\" \/>\n<meta name=\"twitter:label1\" content=\"Escrito por\" \/>\n\t<meta name=\"twitter:data1\" content=\"Not\u00edcias em Destaque\" \/>\n\t<meta name=\"twitter:label2\" content=\"Est. tempo de leitura\" \/>\n\t<meta name=\"twitter:data2\" content=\"1 minuto\" \/>\n<script type=\"application\/ld+json\" class=\"yoast-schema-graph\">{\"@context\":\"https:\/\/schema.org\",\"@graph\":[{\"@type\":\"Article\",\"@id\":\"https:\/\/noticiasemdestaque.com\/cd\/?p=3489#article\",\"isPartOf\":{\"@id\":\"https:\/\/noticiasemdestaque.com\/cd\/?p=3489\"},\"author\":{\"name\":\"Not\u00edcias em Destaque\",\"@id\":\"https:\/\/noticiasemdestaque.com\/cd\/#\/schema\/person\/21320b03a7e8bb90128938dafc9b908a\"},\"headline\":\"SINE realizar\u00e1 palestra em Serra Branca e cadastro de interessados para concorrer a vagas de emprego\",\"datePublished\":\"2017-08-22T20:42:02+00:00\",\"mainEntityOfPage\":{\"@id\":\"https:\/\/noticiasemdestaque.com\/cd\/?p=3489\"},\"wordCount\":207,\"publisher\":{\"@id\":\"https:\/\/noticiasemdestaque.com\/cd\/#organization\"},\"image\":{\"@id\":\"https:\/\/noticiasemdestaque.com\/cd\/?p=3489#primaryimage\"},\"thumbnailUrl\":\"https:\/\/noticiasemdestaque.com\/cd\/wp-content\/uploads\/2017\/08\/imagem42301_1.jpg\",\"articleSection\":[\"Cidades\"],\"inLanguage\":\"pt-BR\"},{\"@type\":\"WebPage\",\"@id\":\"https:\/\/noticiasemdestaque.com\/cd\/?p=3489\",\"url\":\"https:\/\/noticiasemdestaque.com\/cd\/?p=3489\",\"name\":\"SINE realizar\u00e1 palestra em Serra Branca e cadastro de interessados para concorrer a vagas de emprego - Not&iacute;cias em Destaque\",\"isPartOf\":{\"@id\":\"https:\/\/noticiasemdestaque.com\/cd\/#website\"},\"primaryImageOfPage\":{\"@id\":\"https:\/\/noticiasemdestaque.com\/cd\/?p=3489#primaryimage\"},\"image\":{\"@id\":\"https:\/\/noticiasemdestaque.com\/cd\/?p=3489#primaryimage\"},\"thumbnailUrl\":\"https:\/\/noticiasemdestaque.com\/cd\/wp-content\/uploads\/2017\/08\/imagem42301_1.jpg\",\"datePublished\":\"2017-08-22T20:42:02+00:00\",\"breadcrumb\":{\"@id\":\"https:\/\/noticiasemdestaque.com\/cd\/?p=3489#breadcrumb\"},\"inLanguage\":\"pt-BR\",\"potentialAction\":[{\"@type\":\"ReadAction\",\"target\":[\"https:\/\/noticiasemdestaque.com\/cd\/?p=3489\"]}]},{\"@type\":\"ImageObject\",\"inLanguage\":\"pt-BR\",\"@id\":\"https:\/\/noticiasemdestaque.com\/cd\/?p=3489#primaryimage\",\"url\":\"https:\/\/noticiasemdestaque.com\/cd\/wp-content\/uploads\/2017\/08\/imagem42301_1.jpg\",\"contentUrl\":\"https:\/\/noticiasemdestaque.com\/cd\/wp-content\/uploads\/2017\/08\/imagem42301_1.jpg\",\"width\":600,\"height\":450},{\"@type\":\"BreadcrumbList\",\"@id\":\"https:\/\/noticiasemdestaque.com\/cd\/?p=3489#breadcrumb\",\"itemListElement\":[{\"@type\":\"ListItem\",\"position\":1,\"name\":\"In\u00edcio\",\"item\":\"https:\/\/noticiasemdestaque.com\/cd\/\"},{\"@type\":\"ListItem\",\"position\":2,\"name\":\"SINE realizar\u00e1 palestra em Serra Branca e cadastro de interessados para concorrer a vagas de emprego\"}]},{\"@type\":\"WebSite\",\"@id\":\"https:\/\/noticiasemdestaque.com\/cd\/#website\",\"url\":\"https:\/\/noticiasemdestaque.com\/cd\/\",\"name\":\"Not&iacute;cias em Destaque\",\"description\":\"\",\"publisher\":{\"@id\":\"https:\/\/noticiasemdestaque.com\/cd\/#organization\"},\"potentialAction\":[{\"@type\":\"SearchAction\",\"target\":{\"@type\":\"EntryPoint\",\"urlTemplate\":\"https:\/\/noticiasemdestaque.com\/cd\/?s={search_term_string}\"},\"query-input\":{\"@type\":\"PropertyValueSpecification\",\"valueRequired\":true,\"valueName\":\"search_term_string\"}}],\"inLanguage\":\"pt-BR\"},{\"@type\":\"Organization\",\"@id\":\"https:\/\/noticiasemdestaque.com\/cd\/#organization\",\"name\":\"Not\u00edcias em Destaque\",\"url\":\"https:\/\/noticiasemdestaque.com\/cd\/\",\"logo\":{\"@type\":\"ImageObject\",\"inLanguage\":\"pt-BR\",\"@id\":\"https:\/\/noticiasemdestaque.com\/cd\/#\/schema\/logo\/image\/\",\"url\":\"https:\/\/noticiasemdestaque.com\/cd\/wp-content\/uploads\/2022\/05\/imagem-base-noticiasemdestaque.png\",\"contentUrl\":\"https:\/\/noticiasemdestaque.com\/cd\/wp-content\/uploads\/2022\/05\/imagem-base-noticiasemdestaque.png\",\"width\":1200,\"height\":630,\"caption\":\"Not\u00edcias em Destaque\"},\"image\":{\"@id\":\"https:\/\/noticiasemdestaque.com\/cd\/#\/schema\/logo\/image\/\"}},{\"@type\":\"Person\",\"@id\":\"https:\/\/noticiasemdestaque.com\/cd\/#\/schema\/person\/21320b03a7e8bb90128938dafc9b908a\",\"name\":\"Not\u00edcias em Destaque\",\"url\":\"https:\/\/noticiasemdestaque.com\/cd\/?author=2\"}]}<\/script>\n<!-- \/ Yoast SEO plugin. -->","yoast_head_json":{"title":"SINE realizar\u00e1 palestra em Serra Branca e cadastro de interessados para concorrer a vagas de emprego - Not&iacute;cias em Destaque","robots":{"index":"index","follow":"follow","max-snippet":"max-snippet:-1","max-image-preview":"max-image-preview:large","max-video-preview":"max-video-preview:-1"},"canonical":"https:\/\/noticiasemdestaque.com\/cd\/?p=3489","og_locale":"pt_BR","og_type":"article","og_title":"SINE realizar\u00e1 palestra em Serra Branca e cadastro de interessados para concorrer a vagas de emprego - Not&iacute;cias em Destaque","og_description":"A cidade de Serra Branca receber\u00e1 nesta quinta-feira (24) os servi\u00e7os do Sistema Nacional de Emprego (SINE). Trata-se de um \u00f3rg\u00e3o coordenado pelo Minist\u00e9rio do Trabalho e Emprego que tem como objetivo realizar a intermedia\u00e7\u00e3o de m\u00e3o-de-obra atrav\u00e9s de suas ag\u00eancias espalhadas por todo o pa\u00eds. Esta a\u00e7\u00e3o acontecer\u00e1 em Serra Branca por interm\u00e9dio do vereador Valber Pinto que esteve reunido com o coordenador do SINE Campina Grande, H\u00e9rcules Lafite, que garantiu os servi\u00e7os para a cidade. Nesta quinta-feira (24) a equipe do Sine estar\u00e1 na C\u00e2mara Municipal de Serra Branca, a partir das 8h \u00a0para realizar uma palestra sobre como agir em uma entrevista de emprego e tamb\u00e9m direito ao seguro-desemprego. Na oportunidade tamb\u00e9m estar\u00e1 sendo realizado um cadastro de interessados em empregos. Os documentos necess\u00e1rios para realizar o cadastro s\u00e3o: RG, Carteira de Trabalho, CPF e o curr\u00edculo. O vereador Valber Pinto disse que foi eleito para legislar e fiscalizar as a\u00e7\u00f5es do executivo, mas que sempre usar\u00e1 seu mandato a favor de importantes conquistas para Serra Branca. Com Para\u00edba Mix","og_url":"https:\/\/noticiasemdestaque.com\/cd\/?p=3489","og_site_name":"Not&iacute;cias em Destaque","article_published_time":"2017-08-22T20:42:02+00:00","og_image":[{"width":600,"height":450,"url":"https:\/\/noticiasemdestaque.com\/cd\/wp-content\/uploads\/2017\/08\/imagem42301_1.jpg","type":"image\/jpeg"}],"author":"Not\u00edcias em Destaque","twitter_card":"summary_large_image","twitter_misc":{"Escrito por":"Not\u00edcias em Destaque","Est. tempo de leitura":"1 minuto"},"schema":{"@context":"https:\/\/schema.org","@graph":[{"@type":"Article","@id":"https:\/\/noticiasemdestaque.com\/cd\/?p=3489#article","isPartOf":{"@id":"https:\/\/noticiasemdestaque.com\/cd\/?p=3489"},"author":{"name":"Not\u00edcias em Destaque","@id":"https:\/\/noticiasemdestaque.com\/cd\/#\/schema\/person\/21320b03a7e8bb90128938dafc9b908a"},"headline":"SINE realizar\u00e1 palestra em Serra Branca e cadastro de interessados para concorrer a vagas de emprego","datePublished":"2017-08-22T20:42:02+00:00","mainEntityOfPage":{"@id":"https:\/\/noticiasemdestaque.com\/cd\/?p=3489"},"wordCount":207,"publisher":{"@id":"https:\/\/noticiasemdestaque.com\/cd\/#organization"},"image":{"@id":"https:\/\/noticiasemdestaque.com\/cd\/?p=3489#primaryimage"},"thumbnailUrl":"https:\/\/noticiasemdestaque.com\/cd\/wp-content\/uploads\/2017\/08\/imagem42301_1.jpg","articleSection":["Cidades"],"inLanguage":"pt-BR"},{"@type":"WebPage","@id":"https:\/\/noticiasemdestaque.com\/cd\/?p=3489","url":"https:\/\/noticiasemdestaque.com\/cd\/?p=3489","name":"SINE realizar\u00e1 palestra em Serra Branca e cadastro de interessados para concorrer a vagas de emprego - Not&iacute;cias em Destaque","isPartOf":{"@id":"https:\/\/noticiasemdestaque.com\/cd\/#website"},"primaryImageOfPage":{"@id":"https:\/\/noticiasemdestaque.com\/cd\/?p=3489#primaryimage"},"image":{"@id":"https:\/\/noticiasemdestaque.com\/cd\/?p=3489#primaryimage"},"thumbnailUrl":"https:\/\/noticiasemdestaque.com\/cd\/wp-content\/uploads\/2017\/08\/imagem42301_1.jpg","datePublished":"2017-08-22T20:42:02+00:00","breadcrumb":{"@id":"https:\/\/noticiasemdestaque.com\/cd\/?p=3489#breadcrumb"},"inLanguage":"pt-BR","potentialAction":[{"@type":"ReadAction","target":["https:\/\/noticiasemdestaque.com\/cd\/?p=3489"]}]},{"@type":"ImageObject","inLanguage":"pt-BR","@id":"https:\/\/noticiasemdestaque.com\/cd\/?p=3489#primaryimage","url":"https:\/\/noticiasemdestaque.com\/cd\/wp-content\/uploads\/2017\/08\/imagem42301_1.jpg","contentUrl":"https:\/\/noticiasemdestaque.com\/cd\/wp-content\/uploads\/2017\/08\/imagem42301_1.jpg","width":600,"height":450},{"@type":"BreadcrumbList","@id":"https:\/\/noticiasemdestaque.com\/cd\/?p=3489#breadcrumb","itemListElement":[{"@type":"ListItem","position":1,"name":"In\u00edcio","item":"https:\/\/noticiasemdestaque.com\/cd\/"},{"@type":"ListItem","position":2,"name":"SINE realizar\u00e1 palestra em Serra Branca e cadastro de interessados para concorrer a vagas de emprego"}]},{"@type":"WebSite","@id":"https:\/\/noticiasemdestaque.com\/cd\/#website","url":"https:\/\/noticiasemdestaque.com\/cd\/","name":"Not&iacute;cias em Destaque","description":"","publisher":{"@id":"https:\/\/noticiasemdestaque.com\/cd\/#organization"},"potentialAction":[{"@type":"SearchAction","target":{"@type":"EntryPoint","urlTemplate":"https:\/\/noticiasemdestaque.com\/cd\/?s={search_term_string}"},"query-input":{"@type":"PropertyValueSpecification","valueRequired":true,"valueName":"search_term_string"}}],"inLanguage":"pt-BR"},{"@type":"Organization","@id":"https:\/\/noticiasemdestaque.com\/cd\/#organization","name":"Not\u00edcias em Destaque","url":"https:\/\/noticiasemdestaque.com\/cd\/","logo":{"@type":"ImageObject","inLanguage":"pt-BR","@id":"https:\/\/noticiasemdestaque.com\/cd\/#\/schema\/logo\/image\/","url":"https:\/\/noticiasemdestaque.com\/cd\/wp-content\/uploads\/2022\/05\/imagem-base-noticiasemdestaque.png","contentUrl":"https:\/\/noticiasemdestaque.com\/cd\/wp-content\/uploads\/2022\/05\/imagem-base-noticiasemdestaque.png","width":1200,"height":630,"caption":"Not\u00edcias em Destaque"},"image":{"@id":"https:\/\/noticiasemdestaque.com\/cd\/#\/schema\/logo\/image\/"}},{"@type":"Person","@id":"https:\/\/noticiasemdestaque.com\/cd\/#\/schema\/person\/21320b03a7e8bb90128938dafc9b908a","name":"Not\u00edcias em Destaque","url":"https:\/\/noticiasemdestaque.com\/cd\/?author=2"}]}},"jetpack_featured_media_url":"https:\/\/noticiasemdestaque.com\/cd\/wp-content\/uploads\/2017\/08\/imagem42301_1.jpg","jetpack_sharing_enabled":true,"_links":{"self":[{"href":"https:\/\/noticiasemdestaque.com\/cd\/index.php?rest_route=\/wp\/v2\/posts\/3489","targetHints":{"allow":["GET"]}}],"collection":[{"href":"https:\/\/noticiasemdestaque.com\/cd\/index.php?rest_route=\/wp\/v2\/posts"}],"about":[{"href":"https:\/\/noticiasemdestaque.com\/cd\/index.php?rest_route=\/wp\/v2\/types\/post"}],"author":[{"embeddable":true,"href":"https:\/\/noticiasemdestaque.com\/cd\/index.php?rest_route=\/wp\/v2\/users\/2"}],"replies":[{"embeddable":true,"href":"https:\/\/noticiasemdestaque.com\/cd\/index.php?rest_route=%2Fwp%2Fv2%2Fcomments&post=3489"}],"version-history":[{"count":1,"href":"https:\/\/noticiasemdestaque.com\/cd\/index.php?rest_route=\/wp\/v2\/posts\/3489\/revisions"}],"predecessor-version":[{"id":3492,"href":"https:\/\/noticiasemdestaque.com\/cd\/index.php?rest_route=\/wp\/v2\/posts\/3489\/revisions\/3492"}],"wp:featuredmedia":[{"embeddable":true,"href":"https:\/\/noticiasemdestaque.com\/cd\/index.php?rest_route=\/wp\/v2\/media\/3491"}],"wp:attachment":[{"href":"https:\/\/noticiasemdestaque.com\/cd\/index.php?rest_route=%2Fwp%2Fv2%2Fmedia&parent=3489"}],"wp:term":[{"taxonomy":"category","embeddable":true,"href":"https:\/\/noticiasemdestaque.com\/cd\/index.php?rest_route=%2Fwp%2Fv2%2Fcategories&post=3489"},{"taxonomy":"post_tag","embeddable":true,"href":"https:\/\/noticiasemdestaque.com\/cd\/index.php?rest_route=%2Fwp%2Fv2%2Ftags&post=3489"}],"curies":[{"name":"wp","href":"https:\/\/api.w.org\/{rel}","templated":true}]}}