{"id":3483,"date":"2017-08-22T17:36:22","date_gmt":"2017-08-22T20:36:22","guid":{"rendered":"http:\/\/caririemdestaque.com\/cd\/?p=3483"},"modified":"2017-08-22T17:36:22","modified_gmt":"2017-08-22T20:36:22","slug":"numero-de-mortes-por-influenza-cai-mais-de-80-em-2017","status":"publish","type":"post","link":"https:\/\/noticiasemdestaque.com\/cd\/?p=3483","title":{"rendered":"N\u00famero de mortes por influenza cai mais de 80% em 2017"},"content":{"rendered":"<p><a href=\"http:\/\/caririemdestaque.com\/cd\/wp-content\/uploads\/2017\/08\/vacinacao-professores.jpg\"><img fetchpriority=\"high\" decoding=\"async\" class=\"size-medium wp-image-3484 alignleft\" src=\"http:\/\/caririemdestaque.com\/cd\/wp-content\/uploads\/2017\/08\/vacinacao-professores-300x200.jpg\" alt=\"\" width=\"300\" height=\"200\" srcset=\"https:\/\/noticiasemdestaque.com\/cd\/wp-content\/uploads\/2017\/08\/vacinacao-professores-300x200.jpg 300w, https:\/\/noticiasemdestaque.com\/cd\/wp-content\/uploads\/2017\/08\/vacinacao-professores-480x320.jpg 480w, https:\/\/noticiasemdestaque.com\/cd\/wp-content\/uploads\/2017\/08\/vacinacao-professores.jpg 692w\" sizes=\"(max-width: 300px) 100vw, 300px\" \/><\/a>\u00d3bitos provocados pelos v\u00e1rios subtipos do influenza, o v\u00edrus da gripe, ca\u00edram 82,4% esse ano, levando-se em conta o mesmo per\u00edodo do ano anterior (de janeiro a agosto de 2016).<\/p>\n<p>Entre janeiro e agosto de 2017 \u2014 considerada a 32\u00aa semana epidemiol\u00f3gica \u2014 o Brasil registrou 341 mortes provocadas por algum tipo de influenza. J\u00e1 nesse intervalo em 2016, 1944 \u00f3bitos foram confirmados.<\/p>\n<p>As informa\u00e7\u00f5es s\u00e3o de boletim epidemiol\u00f3gico publicado periodicamente pelo Minist\u00e9rio da Sa\u00fade.<\/p>\n<p>Do total de \u00f3bitos esse ano, no entanto, os idosos foram mais afetados quando considerados o n\u00famero total de \u00f3bitos. Enquanto em 2016, eles representavam 41,6% do total de mortes; at\u00e9 agosto desse ano, eles foram 68,8% do total.<\/p>\n<p>Cardiopatas figuram em segundo entre os mais atingidos. Em 2016, eles foram 28,8% do total de mortes; j\u00e1 esse ano, representam 41,3% do total.<\/p>\n<p>A participa\u00e7ao de diab\u00e9ticos e de portadores de pneumopatias cr\u00f4nicas no n\u00famero de mortes tamb\u00e9m cresceu. A \u00fanica diminui\u00e7\u00e3o percentual foi notada entre obesos \u2013 de 16,9% em 2016 para 11,9% em 2017.<\/p>\n<p>O estado com maior n\u00famero de \u00f3bitos por influenza \u00e9 S\u00e3o Paulo, com 32,6% em rela\u00e7\u00e3o ao pa\u00eds \u2014 a regi\u00e3o, no entanto, conseguiu diminuir o \u00edndice em rela\u00e7\u00e3o ao ano passado, quando representou 40,5% dos \u00f3bitos brasileiros.<\/p>\n<p>Mogi das Cruzes, em S\u00e3o Paulo, vacinou mais de 87% contra a gripe (Foto: Reprodu\u00e7\u00e3o\/TV Di\u00e1rio)<\/p>\n<p><strong>Campanha em 2017 incluiu professores<\/strong><\/p>\n<p>Al\u00e9m de idosos, a campanha de vacina\u00e7\u00e3o atingiu crian\u00e7as entre seis meses e menores de 5 anos de idade, gestantes e as pu\u00e9rperas (mulheres com at\u00e9 45 dias ap\u00f3s o parto).<\/p>\n<p>Tamb\u00e9m foram vacinados trabalhadores de sa\u00fade, povos \u00edndigenas, jovens em unidades socioeducativas, popula\u00e7\u00e3o privada de liberdade e funcion\u00e1rios do sistema prisional.<\/p>\n<p>A novidade da campanha em 2017 foi \u00e0 inclus\u00e3o de professores de escolas p\u00fablicas e privadas entre os que receberam o imunizante.<\/p>\n<p>Com G1<\/p>\n<p>&nbsp;<\/p>\n","protected":false},"excerpt":{"rendered":"<p>\u00d3bitos provocados pelos v\u00e1rios subtipos do influenza, o v\u00edrus da gripe, ca\u00edram 82,4% esse ano, levando-se em conta o mesmo per\u00edodo do ano anterior (de janeiro a agosto de 2016). Entre janeiro e agosto de 2017 \u2014 considerada a 32\u00aa semana epidemiol\u00f3gica \u2014 o Brasil registrou 341 mortes provocadas por algum tipo de influenza. J\u00e1 nesse intervalo em 2016, 1944 \u00f3bitos foram confirmados. As informa\u00e7\u00f5es s\u00e3o de boletim epidemiol\u00f3gico publicado periodicamente pelo Minist\u00e9rio da Sa\u00fade. Do total de \u00f3bitos esse ano, no entanto, os idosos foram mais afetados quando considerados o n\u00famero total de \u00f3bitos. Enquanto em 2016, eles representavam 41,6% do total de mortes; at\u00e9 agosto desse ano, eles foram 68,8% do total. Cardiopatas figuram em segundo entre os mais atingidos. Em 2016, eles foram 28,8% do total de mortes; j\u00e1 esse ano, representam 41,3% do total. A participa\u00e7ao de diab\u00e9ticos e de portadores de pneumopatias cr\u00f4nicas no n\u00famero de mortes tamb\u00e9m cresceu. A \u00fanica diminui\u00e7\u00e3o percentual foi notada entre obesos \u2013 de 16,9% em 2016 para 11,9% em 2017. O estado com maior n\u00famero de \u00f3bitos por influenza \u00e9 S\u00e3o Paulo, com 32,6% em rela\u00e7\u00e3o ao pa\u00eds \u2014 a regi\u00e3o, no entanto, conseguiu diminuir o \u00edndice em rela\u00e7\u00e3o ao ano passado, quando representou 40,5% dos \u00f3bitos brasileiros. Mogi das Cruzes, em S\u00e3o Paulo, vacinou mais de 87% contra a gripe (Foto: Reprodu\u00e7\u00e3o\/TV Di\u00e1rio) Campanha em 2017 incluiu professores Al\u00e9m de idosos, a campanha de vacina\u00e7\u00e3o atingiu crian\u00e7as entre seis meses e menores de 5 anos de idade, gestantes e as pu\u00e9rperas (mulheres com at\u00e9 45 dias ap\u00f3s o parto). Tamb\u00e9m foram vacinados trabalhadores de sa\u00fade, povos \u00edndigenas, jovens em unidades socioeducativas, popula\u00e7\u00e3o privada de liberdade e funcion\u00e1rios do sistema prisional. A novidade da campanha em 2017 foi \u00e0 inclus\u00e3o de professores de escolas p\u00fablicas e privadas entre os que receberam o imunizante. Com G1 &nbsp;<\/p>\n","protected":false},"author":2,"featured_media":3484,"comment_status":"closed","ping_status":"open","sticky":false,"template":"","format":"standard","meta":{"_eb_attr":"","_jetpack_memberships_contains_paid_content":false,"footnotes":""},"categories":[8],"tags":[],"class_list":["post-3483","post","type-post","status-publish","format-standard","has-post-thumbnail","hentry","category-saude"],"yoast_head":"<!-- This site is optimized with the Yoast SEO plugin v26.5 - https:\/\/yoast.com\/wordpress\/plugins\/seo\/ -->\n<title>N\u00famero de mortes por influenza cai mais de 80% em 2017 - Not&iacute;cias em Destaque<\/title>\n<meta name=\"robots\" content=\"index, follow, max-snippet:-1, max-image-preview:large, max-video-preview:-1\" \/>\n<link rel=\"canonical\" href=\"https:\/\/noticiasemdestaque.com\/cd\/?p=3483\" \/>\n<meta property=\"og:locale\" content=\"pt_BR\" \/>\n<meta property=\"og:type\" content=\"article\" \/>\n<meta property=\"og:title\" content=\"N\u00famero de mortes por influenza cai mais de 80% em 2017 - Not&iacute;cias em Destaque\" \/>\n<meta property=\"og:description\" content=\"\u00d3bitos provocados pelos v\u00e1rios subtipos do influenza, o v\u00edrus da gripe, ca\u00edram 82,4% esse ano, levando-se em conta o mesmo per\u00edodo do ano anterior (de janeiro a agosto de 2016). Entre janeiro e agosto de 2017 \u2014 considerada a 32\u00aa semana epidemiol\u00f3gica \u2014 o Brasil registrou 341 mortes provocadas por algum tipo de influenza. J\u00e1 nesse intervalo em 2016, 1944 \u00f3bitos foram confirmados. As informa\u00e7\u00f5es s\u00e3o de boletim epidemiol\u00f3gico publicado periodicamente pelo Minist\u00e9rio da Sa\u00fade. Do total de \u00f3bitos esse ano, no entanto, os idosos foram mais afetados quando considerados o n\u00famero total de \u00f3bitos. Enquanto em 2016, eles representavam 41,6% do total de mortes; at\u00e9 agosto desse ano, eles foram 68,8% do total. Cardiopatas figuram em segundo entre os mais atingidos. Em 2016, eles foram 28,8% do total de mortes; j\u00e1 esse ano, representam 41,3% do total. A participa\u00e7ao de diab\u00e9ticos e de portadores de pneumopatias cr\u00f4nicas no n\u00famero de mortes tamb\u00e9m cresceu. A \u00fanica diminui\u00e7\u00e3o percentual foi notada entre obesos \u2013 de 16,9% em 2016 para 11,9% em 2017. O estado com maior n\u00famero de \u00f3bitos por influenza \u00e9 S\u00e3o Paulo, com 32,6% em rela\u00e7\u00e3o ao pa\u00eds \u2014 a regi\u00e3o, no entanto, conseguiu diminuir o \u00edndice em rela\u00e7\u00e3o ao ano passado, quando representou 40,5% dos \u00f3bitos brasileiros. Mogi das Cruzes, em S\u00e3o Paulo, vacinou mais de 87% contra a gripe (Foto: Reprodu\u00e7\u00e3o\/TV Di\u00e1rio) Campanha em 2017 incluiu professores Al\u00e9m de idosos, a campanha de vacina\u00e7\u00e3o atingiu crian\u00e7as entre seis meses e menores de 5 anos de idade, gestantes e as pu\u00e9rperas (mulheres com at\u00e9 45 dias ap\u00f3s o parto). Tamb\u00e9m foram vacinados trabalhadores de sa\u00fade, povos \u00edndigenas, jovens em unidades socioeducativas, popula\u00e7\u00e3o privada de liberdade e funcion\u00e1rios do sistema prisional. A novidade da campanha em 2017 foi \u00e0 inclus\u00e3o de professores de escolas p\u00fablicas e privadas entre os que receberam o imunizante. Com G1 &nbsp;\" \/>\n<meta property=\"og:url\" content=\"https:\/\/noticiasemdestaque.com\/cd\/?p=3483\" \/>\n<meta property=\"og:site_name\" content=\"Not&iacute;cias em Destaque\" \/>\n<meta property=\"article:published_time\" content=\"2017-08-22T20:36:22+00:00\" \/>\n<meta property=\"og:image\" content=\"https:\/\/noticiasemdestaque.com\/cd\/wp-content\/uploads\/2017\/08\/vacinacao-professores.jpg\" \/>\n\t<meta property=\"og:image:width\" content=\"692\" \/>\n\t<meta property=\"og:image:height\" content=\"461\" \/>\n\t<meta property=\"og:image:type\" content=\"image\/jpeg\" \/>\n<meta name=\"author\" content=\"Not\u00edcias em Destaque\" \/>\n<meta name=\"twitter:card\" content=\"summary_large_image\" \/>\n<meta name=\"twitter:label1\" content=\"Escrito por\" \/>\n\t<meta name=\"twitter:data1\" content=\"Not\u00edcias em Destaque\" \/>\n\t<meta name=\"twitter:label2\" content=\"Est. tempo de leitura\" \/>\n\t<meta name=\"twitter:data2\" content=\"2 minutos\" \/>\n<script type=\"application\/ld+json\" class=\"yoast-schema-graph\">{\"@context\":\"https:\/\/schema.org\",\"@graph\":[{\"@type\":\"Article\",\"@id\":\"https:\/\/noticiasemdestaque.com\/cd\/?p=3483#article\",\"isPartOf\":{\"@id\":\"https:\/\/noticiasemdestaque.com\/cd\/?p=3483\"},\"author\":{\"name\":\"Not\u00edcias em Destaque\",\"@id\":\"https:\/\/noticiasemdestaque.com\/cd\/#\/schema\/person\/21320b03a7e8bb90128938dafc9b908a\"},\"headline\":\"N\u00famero de mortes por influenza cai mais de 80% em 2017\",\"datePublished\":\"2017-08-22T20:36:22+00:00\",\"mainEntityOfPage\":{\"@id\":\"https:\/\/noticiasemdestaque.com\/cd\/?p=3483\"},\"wordCount\":325,\"publisher\":{\"@id\":\"https:\/\/noticiasemdestaque.com\/cd\/#organization\"},\"image\":{\"@id\":\"https:\/\/noticiasemdestaque.com\/cd\/?p=3483#primaryimage\"},\"thumbnailUrl\":\"https:\/\/noticiasemdestaque.com\/cd\/wp-content\/uploads\/2017\/08\/vacinacao-professores.jpg\",\"articleSection\":[\"Sa\u00fade\"],\"inLanguage\":\"pt-BR\"},{\"@type\":\"WebPage\",\"@id\":\"https:\/\/noticiasemdestaque.com\/cd\/?p=3483\",\"url\":\"https:\/\/noticiasemdestaque.com\/cd\/?p=3483\",\"name\":\"N\u00famero de mortes por influenza cai mais de 80% em 2017 - Not&iacute;cias em Destaque\",\"isPartOf\":{\"@id\":\"https:\/\/noticiasemdestaque.com\/cd\/#website\"},\"primaryImageOfPage\":{\"@id\":\"https:\/\/noticiasemdestaque.com\/cd\/?p=3483#primaryimage\"},\"image\":{\"@id\":\"https:\/\/noticiasemdestaque.com\/cd\/?p=3483#primaryimage\"},\"thumbnailUrl\":\"https:\/\/noticiasemdestaque.com\/cd\/wp-content\/uploads\/2017\/08\/vacinacao-professores.jpg\",\"datePublished\":\"2017-08-22T20:36:22+00:00\",\"breadcrumb\":{\"@id\":\"https:\/\/noticiasemdestaque.com\/cd\/?p=3483#breadcrumb\"},\"inLanguage\":\"pt-BR\",\"potentialAction\":[{\"@type\":\"ReadAction\",\"target\":[\"https:\/\/noticiasemdestaque.com\/cd\/?p=3483\"]}]},{\"@type\":\"ImageObject\",\"inLanguage\":\"pt-BR\",\"@id\":\"https:\/\/noticiasemdestaque.com\/cd\/?p=3483#primaryimage\",\"url\":\"https:\/\/noticiasemdestaque.com\/cd\/wp-content\/uploads\/2017\/08\/vacinacao-professores.jpg\",\"contentUrl\":\"https:\/\/noticiasemdestaque.com\/cd\/wp-content\/uploads\/2017\/08\/vacinacao-professores.jpg\",\"width\":692,\"height\":461},{\"@type\":\"BreadcrumbList\",\"@id\":\"https:\/\/noticiasemdestaque.com\/cd\/?p=3483#breadcrumb\",\"itemListElement\":[{\"@type\":\"ListItem\",\"position\":1,\"name\":\"In\u00edcio\",\"item\":\"https:\/\/noticiasemdestaque.com\/cd\/\"},{\"@type\":\"ListItem\",\"position\":2,\"name\":\"N\u00famero de mortes por influenza cai mais de 80% em 2017\"}]},{\"@type\":\"WebSite\",\"@id\":\"https:\/\/noticiasemdestaque.com\/cd\/#website\",\"url\":\"https:\/\/noticiasemdestaque.com\/cd\/\",\"name\":\"Not&iacute;cias em Destaque\",\"description\":\"\",\"publisher\":{\"@id\":\"https:\/\/noticiasemdestaque.com\/cd\/#organization\"},\"potentialAction\":[{\"@type\":\"SearchAction\",\"target\":{\"@type\":\"EntryPoint\",\"urlTemplate\":\"https:\/\/noticiasemdestaque.com\/cd\/?s={search_term_string}\"},\"query-input\":{\"@type\":\"PropertyValueSpecification\",\"valueRequired\":true,\"valueName\":\"search_term_string\"}}],\"inLanguage\":\"pt-BR\"},{\"@type\":\"Organization\",\"@id\":\"https:\/\/noticiasemdestaque.com\/cd\/#organization\",\"name\":\"Not\u00edcias em Destaque\",\"url\":\"https:\/\/noticiasemdestaque.com\/cd\/\",\"logo\":{\"@type\":\"ImageObject\",\"inLanguage\":\"pt-BR\",\"@id\":\"https:\/\/noticiasemdestaque.com\/cd\/#\/schema\/logo\/image\/\",\"url\":\"https:\/\/noticiasemdestaque.com\/cd\/wp-content\/uploads\/2022\/05\/imagem-base-noticiasemdestaque.png\",\"contentUrl\":\"https:\/\/noticiasemdestaque.com\/cd\/wp-content\/uploads\/2022\/05\/imagem-base-noticiasemdestaque.png\",\"width\":1200,\"height\":630,\"caption\":\"Not\u00edcias em Destaque\"},\"image\":{\"@id\":\"https:\/\/noticiasemdestaque.com\/cd\/#\/schema\/logo\/image\/\"}},{\"@type\":\"Person\",\"@id\":\"https:\/\/noticiasemdestaque.com\/cd\/#\/schema\/person\/21320b03a7e8bb90128938dafc9b908a\",\"name\":\"Not\u00edcias em Destaque\",\"url\":\"https:\/\/noticiasemdestaque.com\/cd\/?author=2\"}]}<\/script>\n<!-- \/ Yoast SEO plugin. -->","yoast_head_json":{"title":"N\u00famero de mortes por influenza cai mais de 80% em 2017 - Not&iacute;cias em Destaque","robots":{"index":"index","follow":"follow","max-snippet":"max-snippet:-1","max-image-preview":"max-image-preview:large","max-video-preview":"max-video-preview:-1"},"canonical":"https:\/\/noticiasemdestaque.com\/cd\/?p=3483","og_locale":"pt_BR","og_type":"article","og_title":"N\u00famero de mortes por influenza cai mais de 80% em 2017 - Not&iacute;cias em Destaque","og_description":"\u00d3bitos provocados pelos v\u00e1rios subtipos do influenza, o v\u00edrus da gripe, ca\u00edram 82,4% esse ano, levando-se em conta o mesmo per\u00edodo do ano anterior (de janeiro a agosto de 2016). Entre janeiro e agosto de 2017 \u2014 considerada a 32\u00aa semana epidemiol\u00f3gica \u2014 o Brasil registrou 341 mortes provocadas por algum tipo de influenza. J\u00e1 nesse intervalo em 2016, 1944 \u00f3bitos foram confirmados. As informa\u00e7\u00f5es s\u00e3o de boletim epidemiol\u00f3gico publicado periodicamente pelo Minist\u00e9rio da Sa\u00fade. Do total de \u00f3bitos esse ano, no entanto, os idosos foram mais afetados quando considerados o n\u00famero total de \u00f3bitos. Enquanto em 2016, eles representavam 41,6% do total de mortes; at\u00e9 agosto desse ano, eles foram 68,8% do total. Cardiopatas figuram em segundo entre os mais atingidos. Em 2016, eles foram 28,8% do total de mortes; j\u00e1 esse ano, representam 41,3% do total. A participa\u00e7ao de diab\u00e9ticos e de portadores de pneumopatias cr\u00f4nicas no n\u00famero de mortes tamb\u00e9m cresceu. A \u00fanica diminui\u00e7\u00e3o percentual foi notada entre obesos \u2013 de 16,9% em 2016 para 11,9% em 2017. O estado com maior n\u00famero de \u00f3bitos por influenza \u00e9 S\u00e3o Paulo, com 32,6% em rela\u00e7\u00e3o ao pa\u00eds \u2014 a regi\u00e3o, no entanto, conseguiu diminuir o \u00edndice em rela\u00e7\u00e3o ao ano passado, quando representou 40,5% dos \u00f3bitos brasileiros. Mogi das Cruzes, em S\u00e3o Paulo, vacinou mais de 87% contra a gripe (Foto: Reprodu\u00e7\u00e3o\/TV Di\u00e1rio) Campanha em 2017 incluiu professores Al\u00e9m de idosos, a campanha de vacina\u00e7\u00e3o atingiu crian\u00e7as entre seis meses e menores de 5 anos de idade, gestantes e as pu\u00e9rperas (mulheres com at\u00e9 45 dias ap\u00f3s o parto). Tamb\u00e9m foram vacinados trabalhadores de sa\u00fade, povos \u00edndigenas, jovens em unidades socioeducativas, popula\u00e7\u00e3o privada de liberdade e funcion\u00e1rios do sistema prisional. A novidade da campanha em 2017 foi \u00e0 inclus\u00e3o de professores de escolas p\u00fablicas e privadas entre os que receberam o imunizante. Com G1 &nbsp;","og_url":"https:\/\/noticiasemdestaque.com\/cd\/?p=3483","og_site_name":"Not&iacute;cias em Destaque","article_published_time":"2017-08-22T20:36:22+00:00","og_image":[{"width":692,"height":461,"url":"https:\/\/noticiasemdestaque.com\/cd\/wp-content\/uploads\/2017\/08\/vacinacao-professores.jpg","type":"image\/jpeg"}],"author":"Not\u00edcias em Destaque","twitter_card":"summary_large_image","twitter_misc":{"Escrito por":"Not\u00edcias em Destaque","Est. tempo de leitura":"2 minutos"},"schema":{"@context":"https:\/\/schema.org","@graph":[{"@type":"Article","@id":"https:\/\/noticiasemdestaque.com\/cd\/?p=3483#article","isPartOf":{"@id":"https:\/\/noticiasemdestaque.com\/cd\/?p=3483"},"author":{"name":"Not\u00edcias em Destaque","@id":"https:\/\/noticiasemdestaque.com\/cd\/#\/schema\/person\/21320b03a7e8bb90128938dafc9b908a"},"headline":"N\u00famero de mortes por influenza cai mais de 80% em 2017","datePublished":"2017-08-22T20:36:22+00:00","mainEntityOfPage":{"@id":"https:\/\/noticiasemdestaque.com\/cd\/?p=3483"},"wordCount":325,"publisher":{"@id":"https:\/\/noticiasemdestaque.com\/cd\/#organization"},"image":{"@id":"https:\/\/noticiasemdestaque.com\/cd\/?p=3483#primaryimage"},"thumbnailUrl":"https:\/\/noticiasemdestaque.com\/cd\/wp-content\/uploads\/2017\/08\/vacinacao-professores.jpg","articleSection":["Sa\u00fade"],"inLanguage":"pt-BR"},{"@type":"WebPage","@id":"https:\/\/noticiasemdestaque.com\/cd\/?p=3483","url":"https:\/\/noticiasemdestaque.com\/cd\/?p=3483","name":"N\u00famero de mortes por influenza cai mais de 80% em 2017 - Not&iacute;cias em Destaque","isPartOf":{"@id":"https:\/\/noticiasemdestaque.com\/cd\/#website"},"primaryImageOfPage":{"@id":"https:\/\/noticiasemdestaque.com\/cd\/?p=3483#primaryimage"},"image":{"@id":"https:\/\/noticiasemdestaque.com\/cd\/?p=3483#primaryimage"},"thumbnailUrl":"https:\/\/noticiasemdestaque.com\/cd\/wp-content\/uploads\/2017\/08\/vacinacao-professores.jpg","datePublished":"2017-08-22T20:36:22+00:00","breadcrumb":{"@id":"https:\/\/noticiasemdestaque.com\/cd\/?p=3483#breadcrumb"},"inLanguage":"pt-BR","potentialAction":[{"@type":"ReadAction","target":["https:\/\/noticiasemdestaque.com\/cd\/?p=3483"]}]},{"@type":"ImageObject","inLanguage":"pt-BR","@id":"https:\/\/noticiasemdestaque.com\/cd\/?p=3483#primaryimage","url":"https:\/\/noticiasemdestaque.com\/cd\/wp-content\/uploads\/2017\/08\/vacinacao-professores.jpg","contentUrl":"https:\/\/noticiasemdestaque.com\/cd\/wp-content\/uploads\/2017\/08\/vacinacao-professores.jpg","width":692,"height":461},{"@type":"BreadcrumbList","@id":"https:\/\/noticiasemdestaque.com\/cd\/?p=3483#breadcrumb","itemListElement":[{"@type":"ListItem","position":1,"name":"In\u00edcio","item":"https:\/\/noticiasemdestaque.com\/cd\/"},{"@type":"ListItem","position":2,"name":"N\u00famero de mortes por influenza cai mais de 80% em 2017"}]},{"@type":"WebSite","@id":"https:\/\/noticiasemdestaque.com\/cd\/#website","url":"https:\/\/noticiasemdestaque.com\/cd\/","name":"Not&iacute;cias em Destaque","description":"","publisher":{"@id":"https:\/\/noticiasemdestaque.com\/cd\/#organization"},"potentialAction":[{"@type":"SearchAction","target":{"@type":"EntryPoint","urlTemplate":"https:\/\/noticiasemdestaque.com\/cd\/?s={search_term_string}"},"query-input":{"@type":"PropertyValueSpecification","valueRequired":true,"valueName":"search_term_string"}}],"inLanguage":"pt-BR"},{"@type":"Organization","@id":"https:\/\/noticiasemdestaque.com\/cd\/#organization","name":"Not\u00edcias em Destaque","url":"https:\/\/noticiasemdestaque.com\/cd\/","logo":{"@type":"ImageObject","inLanguage":"pt-BR","@id":"https:\/\/noticiasemdestaque.com\/cd\/#\/schema\/logo\/image\/","url":"https:\/\/noticiasemdestaque.com\/cd\/wp-content\/uploads\/2022\/05\/imagem-base-noticiasemdestaque.png","contentUrl":"https:\/\/noticiasemdestaque.com\/cd\/wp-content\/uploads\/2022\/05\/imagem-base-noticiasemdestaque.png","width":1200,"height":630,"caption":"Not\u00edcias em Destaque"},"image":{"@id":"https:\/\/noticiasemdestaque.com\/cd\/#\/schema\/logo\/image\/"}},{"@type":"Person","@id":"https:\/\/noticiasemdestaque.com\/cd\/#\/schema\/person\/21320b03a7e8bb90128938dafc9b908a","name":"Not\u00edcias em Destaque","url":"https:\/\/noticiasemdestaque.com\/cd\/?author=2"}]}},"jetpack_featured_media_url":"https:\/\/noticiasemdestaque.com\/cd\/wp-content\/uploads\/2017\/08\/vacinacao-professores.jpg","jetpack_sharing_enabled":true,"_links":{"self":[{"href":"https:\/\/noticiasemdestaque.com\/cd\/index.php?rest_route=\/wp\/v2\/posts\/3483","targetHints":{"allow":["GET"]}}],"collection":[{"href":"https:\/\/noticiasemdestaque.com\/cd\/index.php?rest_route=\/wp\/v2\/posts"}],"about":[{"href":"https:\/\/noticiasemdestaque.com\/cd\/index.php?rest_route=\/wp\/v2\/types\/post"}],"author":[{"embeddable":true,"href":"https:\/\/noticiasemdestaque.com\/cd\/index.php?rest_route=\/wp\/v2\/users\/2"}],"replies":[{"embeddable":true,"href":"https:\/\/noticiasemdestaque.com\/cd\/index.php?rest_route=%2Fwp%2Fv2%2Fcomments&post=3483"}],"version-history":[{"count":1,"href":"https:\/\/noticiasemdestaque.com\/cd\/index.php?rest_route=\/wp\/v2\/posts\/3483\/revisions"}],"predecessor-version":[{"id":3485,"href":"https:\/\/noticiasemdestaque.com\/cd\/index.php?rest_route=\/wp\/v2\/posts\/3483\/revisions\/3485"}],"wp:featuredmedia":[{"embeddable":true,"href":"https:\/\/noticiasemdestaque.com\/cd\/index.php?rest_route=\/wp\/v2\/media\/3484"}],"wp:attachment":[{"href":"https:\/\/noticiasemdestaque.com\/cd\/index.php?rest_route=%2Fwp%2Fv2%2Fmedia&parent=3483"}],"wp:term":[{"taxonomy":"category","embeddable":true,"href":"https:\/\/noticiasemdestaque.com\/cd\/index.php?rest_route=%2Fwp%2Fv2%2Fcategories&post=3483"},{"taxonomy":"post_tag","embeddable":true,"href":"https:\/\/noticiasemdestaque.com\/cd\/index.php?rest_route=%2Fwp%2Fv2%2Ftags&post=3483"}],"curies":[{"name":"wp","href":"https:\/\/api.w.org\/{rel}","templated":true}]}}