{"id":348,"date":"2017-06-08T23:08:46","date_gmt":"2017-06-09T02:08:46","guid":{"rendered":"http:\/\/caririemdestaque.com\/cd\/?p=348"},"modified":"2017-06-08T23:08:46","modified_gmt":"2017-06-09T02:08:46","slug":"ministros-fazem-acordo-e-resultado-de-julgamento-da-chapa-dilma-temer-sai-amanha","status":"publish","type":"post","link":"https:\/\/noticiasemdestaque.com\/cd\/?p=348","title":{"rendered":"Ministros fazem acordo e resultado de julgamento da chapa Dilma-Temer sai amanh\u00e3"},"content":{"rendered":"<p>O resultado do julgamento da a\u00e7\u00e3o que pede a cassa\u00e7\u00e3o da chapa Dilma Temer da elei\u00e7\u00e3o de 2014 ser\u00e1 conhecido amanh\u00e3 (9). Hoje (8), ap\u00f3s intervalo da sess\u00e3o do Tribunal Superior Eleitoral (TSE), o ministro Luiz Fux disse que houve um acordo para que o relator, ministro Herman Benjamin, termine a apresenta\u00e7\u00e3o de seu voto esta noite, e amanh\u00e3 os demais integrantes da Corte votem.<\/p>\n<p>\u201cEstabelecemos um calend\u00e1rio em n\u00edvel bem flex\u00edvel que o ministro Herman tomar\u00e1 toda a sess\u00e3o at\u00e9 as 21h para concluir o voto dele e n\u00f3s disporemos de 20 minutos cada um para expor os pontos de vista e os senhores [advogados] ter\u00e3o o veredicto amanh\u00e3\u201d, disse Fux enquanto presidia momentaneamente a sess\u00e3o na aus\u00eancia do presidente do tribunal, ministro Gilmar Mendes.<\/p>\n<p>A expectativa era que o julgamento se estendesse at\u00e9 o fim de semana. Ontem, Gilmar Mendes convocou sess\u00f5es extras para an\u00e1lise do caso, inclusive para o s\u00e1bado (10). Com o acordo entre os ministros, o julgamento deve ser finalizado nesta sexta-feira.<\/p>\n<p>Ap\u00f3s o voto do relator, dever\u00e3o votar os ministros Napole\u00e3o Nunes Maia, Admar Gonzaga, Tarcisio Vieira, Rosa Weber, Luiz Fux, e o presidente do tribunal, Gilmar Mendes.<\/p>\n<p>Esta tarde, em seu voto, o relator disse que h\u00e1 provas de que a chapa Dilma-Temer praticou abuso de pode pol\u00edtico e econ\u00f4mico na elei\u00e7\u00e3o presidencial de 2014. Benjamin, no entanto, ponderou que os crimes atribu\u00eddos \u00e0 chapa vencedora tamb\u00e9m foram praticados por outros partidos. \u201cN\u00e3o se pense por um segundo que isso que tratamos aqui foi cria\u00e7\u00e3o desses partidos alvos da a\u00e7\u00e3o [PT e PMDB] ou se tratou de anomalia deles, mas permitiu-lhes desequilibrar a balan\u00e7a. Talvez n\u00e3o em rela\u00e7\u00e3o aos autores [PSDB], sabemos agora, mas a outros candidatos que concorriam em completa desigualdade.\u201d<\/p>\n<p><strong><em>Cariri em Destaque<\/em><\/strong><\/p>\n<p>Com EBC<\/p>\n","protected":false},"excerpt":{"rendered":"<p>O resultado do julgamento da a\u00e7\u00e3o que pede a cassa\u00e7\u00e3o da chapa Dilma Temer da elei\u00e7\u00e3o de 2014 ser\u00e1 conhecido amanh\u00e3 (9). Hoje (8), ap\u00f3s intervalo da sess\u00e3o do Tribunal Superior Eleitoral (TSE), o ministro Luiz Fux disse que houve um acordo para que o relator, ministro Herman Benjamin, termine a apresenta\u00e7\u00e3o de seu voto esta noite, e amanh\u00e3 os demais integrantes da Corte votem. \u201cEstabelecemos um calend\u00e1rio em n\u00edvel bem flex\u00edvel que o ministro Herman tomar\u00e1 toda a sess\u00e3o at\u00e9 as 21h para concluir o voto dele e n\u00f3s disporemos de 20 minutos cada um para expor os pontos de vista e os senhores [advogados] ter\u00e3o o veredicto amanh\u00e3\u201d, disse Fux enquanto presidia momentaneamente a sess\u00e3o na aus\u00eancia do presidente do tribunal, ministro Gilmar Mendes. A expectativa era que o julgamento se estendesse at\u00e9 o fim de semana. Ontem, Gilmar Mendes convocou sess\u00f5es extras para an\u00e1lise do caso, inclusive para o s\u00e1bado (10). Com o acordo entre os ministros, o julgamento deve ser finalizado nesta sexta-feira. Ap\u00f3s o voto do relator, dever\u00e3o votar os ministros Napole\u00e3o Nunes Maia, Admar Gonzaga, Tarcisio Vieira, Rosa Weber, Luiz Fux, e o presidente do tribunal, Gilmar Mendes. Esta tarde, em seu voto, o relator disse que h\u00e1 provas de que a chapa Dilma-Temer praticou abuso de pode pol\u00edtico e econ\u00f4mico na elei\u00e7\u00e3o presidencial de 2014. Benjamin, no entanto, ponderou que os crimes atribu\u00eddos \u00e0 chapa vencedora tamb\u00e9m foram praticados por outros partidos. \u201cN\u00e3o se pense por um segundo que isso que tratamos aqui foi cria\u00e7\u00e3o desses partidos alvos da a\u00e7\u00e3o [PT e PMDB] ou se tratou de anomalia deles, mas permitiu-lhes desequilibrar a balan\u00e7a. Talvez n\u00e3o em rela\u00e7\u00e3o aos autores [PSDB], sabemos agora, mas a outros candidatos que concorriam em completa desigualdade.\u201d Cariri em Destaque Com EBC<\/p>\n","protected":false},"author":2,"featured_media":349,"comment_status":"closed","ping_status":"open","sticky":false,"template":"","format":"standard","meta":{"_eb_attr":"","_jetpack_memberships_contains_paid_content":false,"footnotes":""},"categories":[4],"tags":[],"class_list":["post-348","post","type-post","status-publish","format-standard","has-post-thumbnail","hentry","category-politica"],"yoast_head":"<!-- This site is optimized with the Yoast SEO plugin v26.5 - https:\/\/yoast.com\/wordpress\/plugins\/seo\/ -->\n<title>Ministros fazem acordo e resultado de julgamento da chapa Dilma-Temer sai amanh\u00e3 - Not&iacute;cias em Destaque<\/title>\n<meta name=\"robots\" content=\"index, follow, max-snippet:-1, max-image-preview:large, max-video-preview:-1\" \/>\n<link rel=\"canonical\" href=\"https:\/\/noticiasemdestaque.com\/cd\/?p=348\" \/>\n<meta property=\"og:locale\" content=\"pt_BR\" \/>\n<meta property=\"og:type\" content=\"article\" \/>\n<meta property=\"og:title\" content=\"Ministros fazem acordo e resultado de julgamento da chapa Dilma-Temer sai amanh\u00e3 - Not&iacute;cias em Destaque\" \/>\n<meta property=\"og:description\" content=\"O resultado do julgamento da a\u00e7\u00e3o que pede a cassa\u00e7\u00e3o da chapa Dilma Temer da elei\u00e7\u00e3o de 2014 ser\u00e1 conhecido amanh\u00e3 (9). Hoje (8), ap\u00f3s intervalo da sess\u00e3o do Tribunal Superior Eleitoral (TSE), o ministro Luiz Fux disse que houve um acordo para que o relator, ministro Herman Benjamin, termine a apresenta\u00e7\u00e3o de seu voto esta noite, e amanh\u00e3 os demais integrantes da Corte votem. \u201cEstabelecemos um calend\u00e1rio em n\u00edvel bem flex\u00edvel que o ministro Herman tomar\u00e1 toda a sess\u00e3o at\u00e9 as 21h para concluir o voto dele e n\u00f3s disporemos de 20 minutos cada um para expor os pontos de vista e os senhores [advogados] ter\u00e3o o veredicto amanh\u00e3\u201d, disse Fux enquanto presidia momentaneamente a sess\u00e3o na aus\u00eancia do presidente do tribunal, ministro Gilmar Mendes. A expectativa era que o julgamento se estendesse at\u00e9 o fim de semana. Ontem, Gilmar Mendes convocou sess\u00f5es extras para an\u00e1lise do caso, inclusive para o s\u00e1bado (10). Com o acordo entre os ministros, o julgamento deve ser finalizado nesta sexta-feira. Ap\u00f3s o voto do relator, dever\u00e3o votar os ministros Napole\u00e3o Nunes Maia, Admar Gonzaga, Tarcisio Vieira, Rosa Weber, Luiz Fux, e o presidente do tribunal, Gilmar Mendes. Esta tarde, em seu voto, o relator disse que h\u00e1 provas de que a chapa Dilma-Temer praticou abuso de pode pol\u00edtico e econ\u00f4mico na elei\u00e7\u00e3o presidencial de 2014. Benjamin, no entanto, ponderou que os crimes atribu\u00eddos \u00e0 chapa vencedora tamb\u00e9m foram praticados por outros partidos. \u201cN\u00e3o se pense por um segundo que isso que tratamos aqui foi cria\u00e7\u00e3o desses partidos alvos da a\u00e7\u00e3o [PT e PMDB] ou se tratou de anomalia deles, mas permitiu-lhes desequilibrar a balan\u00e7a. Talvez n\u00e3o em rela\u00e7\u00e3o aos autores [PSDB], sabemos agora, mas a outros candidatos que concorriam em completa desigualdade.\u201d Cariri em Destaque Com EBC\" \/>\n<meta property=\"og:url\" content=\"https:\/\/noticiasemdestaque.com\/cd\/?p=348\" \/>\n<meta property=\"og:site_name\" content=\"Not&iacute;cias em Destaque\" \/>\n<meta property=\"article:published_time\" content=\"2017-06-09T02:08:46+00:00\" \/>\n<meta property=\"og:image\" content=\"https:\/\/noticiasemdestaque.com\/cd\/wp-content\/uploads\/2017\/06\/1079987-jfcrz_df_abr080617363_1.jpg\" \/>\n\t<meta property=\"og:image:width\" content=\"576\" \/>\n\t<meta property=\"og:image:height\" content=\"264\" \/>\n\t<meta property=\"og:image:type\" content=\"image\/jpeg\" \/>\n<meta name=\"author\" content=\"Not\u00edcias em Destaque\" \/>\n<meta name=\"twitter:card\" content=\"summary_large_image\" \/>\n<meta name=\"twitter:label1\" content=\"Escrito por\" \/>\n\t<meta name=\"twitter:data1\" content=\"Not\u00edcias em Destaque\" \/>\n\t<meta name=\"twitter:label2\" content=\"Est. tempo de leitura\" \/>\n\t<meta name=\"twitter:data2\" content=\"2 minutos\" \/>\n<script type=\"application\/ld+json\" class=\"yoast-schema-graph\">{\"@context\":\"https:\/\/schema.org\",\"@graph\":[{\"@type\":\"Article\",\"@id\":\"https:\/\/noticiasemdestaque.com\/cd\/?p=348#article\",\"isPartOf\":{\"@id\":\"https:\/\/noticiasemdestaque.com\/cd\/?p=348\"},\"author\":{\"name\":\"Not\u00edcias em Destaque\",\"@id\":\"https:\/\/noticiasemdestaque.com\/cd\/#\/schema\/person\/47f7d4f55eec17c6b2ca036c5500f6ce\"},\"headline\":\"Ministros fazem acordo e resultado de julgamento da chapa Dilma-Temer sai amanh\u00e3\",\"datePublished\":\"2017-06-09T02:08:46+00:00\",\"mainEntityOfPage\":{\"@id\":\"https:\/\/noticiasemdestaque.com\/cd\/?p=348\"},\"wordCount\":330,\"publisher\":{\"@id\":\"https:\/\/noticiasemdestaque.com\/cd\/#organization\"},\"image\":{\"@id\":\"https:\/\/noticiasemdestaque.com\/cd\/?p=348#primaryimage\"},\"thumbnailUrl\":\"https:\/\/noticiasemdestaque.com\/cd\/wp-content\/uploads\/2017\/06\/1079987-jfcrz_df_abr080617363_1.jpg\",\"articleSection\":[\"Pol\u00edtica\"],\"inLanguage\":\"pt-BR\"},{\"@type\":\"WebPage\",\"@id\":\"https:\/\/noticiasemdestaque.com\/cd\/?p=348\",\"url\":\"https:\/\/noticiasemdestaque.com\/cd\/?p=348\",\"name\":\"Ministros fazem acordo e resultado de julgamento da chapa Dilma-Temer sai amanh\u00e3 - Not&iacute;cias em Destaque\",\"isPartOf\":{\"@id\":\"https:\/\/noticiasemdestaque.com\/cd\/#website\"},\"primaryImageOfPage\":{\"@id\":\"https:\/\/noticiasemdestaque.com\/cd\/?p=348#primaryimage\"},\"image\":{\"@id\":\"https:\/\/noticiasemdestaque.com\/cd\/?p=348#primaryimage\"},\"thumbnailUrl\":\"https:\/\/noticiasemdestaque.com\/cd\/wp-content\/uploads\/2017\/06\/1079987-jfcrz_df_abr080617363_1.jpg\",\"datePublished\":\"2017-06-09T02:08:46+00:00\",\"breadcrumb\":{\"@id\":\"https:\/\/noticiasemdestaque.com\/cd\/?p=348#breadcrumb\"},\"inLanguage\":\"pt-BR\",\"potentialAction\":[{\"@type\":\"ReadAction\",\"target\":[\"https:\/\/noticiasemdestaque.com\/cd\/?p=348\"]}]},{\"@type\":\"ImageObject\",\"inLanguage\":\"pt-BR\",\"@id\":\"https:\/\/noticiasemdestaque.com\/cd\/?p=348#primaryimage\",\"url\":\"https:\/\/noticiasemdestaque.com\/cd\/wp-content\/uploads\/2017\/06\/1079987-jfcrz_df_abr080617363_1.jpg\",\"contentUrl\":\"https:\/\/noticiasemdestaque.com\/cd\/wp-content\/uploads\/2017\/06\/1079987-jfcrz_df_abr080617363_1.jpg\",\"width\":576,\"height\":264,\"caption\":\"Bras\u00edlia - O Tribunal Superior Eleitoral (TSE) retoma o julgamento da a\u00e7\u00e3o em que o PSDB pede a cassa\u00e7\u00e3o da chapa Dilma-Temer, vencedora das elei\u00e7\u00f5es presidenciais de 2014 (Jos\u00e9 Cruz\/Ag\u00eancia Brasil)\"},{\"@type\":\"BreadcrumbList\",\"@id\":\"https:\/\/noticiasemdestaque.com\/cd\/?p=348#breadcrumb\",\"itemListElement\":[{\"@type\":\"ListItem\",\"position\":1,\"name\":\"In\u00edcio\",\"item\":\"https:\/\/noticiasemdestaque.com\/cd\/\"},{\"@type\":\"ListItem\",\"position\":2,\"name\":\"Ministros fazem acordo e resultado de julgamento da chapa Dilma-Temer sai amanh\u00e3\"}]},{\"@type\":\"WebSite\",\"@id\":\"https:\/\/noticiasemdestaque.com\/cd\/#website\",\"url\":\"https:\/\/noticiasemdestaque.com\/cd\/\",\"name\":\"Not&iacute;cias em Destaque\",\"description\":\"\",\"publisher\":{\"@id\":\"https:\/\/noticiasemdestaque.com\/cd\/#organization\"},\"potentialAction\":[{\"@type\":\"SearchAction\",\"target\":{\"@type\":\"EntryPoint\",\"urlTemplate\":\"https:\/\/noticiasemdestaque.com\/cd\/?s={search_term_string}\"},\"query-input\":{\"@type\":\"PropertyValueSpecification\",\"valueRequired\":true,\"valueName\":\"search_term_string\"}}],\"inLanguage\":\"pt-BR\"},{\"@type\":\"Organization\",\"@id\":\"https:\/\/noticiasemdestaque.com\/cd\/#organization\",\"name\":\"Not\u00edcias em Destaque\",\"url\":\"https:\/\/noticiasemdestaque.com\/cd\/\",\"logo\":{\"@type\":\"ImageObject\",\"inLanguage\":\"pt-BR\",\"@id\":\"https:\/\/noticiasemdestaque.com\/cd\/#\/schema\/logo\/image\/\",\"url\":\"https:\/\/noticiasemdestaque.com\/cd\/wp-content\/uploads\/2022\/05\/imagem-base-noticiasemdestaque.png\",\"contentUrl\":\"https:\/\/noticiasemdestaque.com\/cd\/wp-content\/uploads\/2022\/05\/imagem-base-noticiasemdestaque.png\",\"width\":1200,\"height\":630,\"caption\":\"Not\u00edcias em Destaque\"},\"image\":{\"@id\":\"https:\/\/noticiasemdestaque.com\/cd\/#\/schema\/logo\/image\/\"}},{\"@type\":\"Person\",\"@id\":\"https:\/\/noticiasemdestaque.com\/cd\/#\/schema\/person\/47f7d4f55eec17c6b2ca036c5500f6ce\",\"name\":\"Not\u00edcias em Destaque\",\"url\":\"https:\/\/noticiasemdestaque.com\/cd\/?author=2\"}]}<\/script>\n<!-- \/ Yoast SEO plugin. -->","yoast_head_json":{"title":"Ministros fazem acordo e resultado de julgamento da chapa Dilma-Temer sai amanh\u00e3 - Not&iacute;cias em Destaque","robots":{"index":"index","follow":"follow","max-snippet":"max-snippet:-1","max-image-preview":"max-image-preview:large","max-video-preview":"max-video-preview:-1"},"canonical":"https:\/\/noticiasemdestaque.com\/cd\/?p=348","og_locale":"pt_BR","og_type":"article","og_title":"Ministros fazem acordo e resultado de julgamento da chapa Dilma-Temer sai amanh\u00e3 - Not&iacute;cias em Destaque","og_description":"O resultado do julgamento da a\u00e7\u00e3o que pede a cassa\u00e7\u00e3o da chapa Dilma Temer da elei\u00e7\u00e3o de 2014 ser\u00e1 conhecido amanh\u00e3 (9). Hoje (8), ap\u00f3s intervalo da sess\u00e3o do Tribunal Superior Eleitoral (TSE), o ministro Luiz Fux disse que houve um acordo para que o relator, ministro Herman Benjamin, termine a apresenta\u00e7\u00e3o de seu voto esta noite, e amanh\u00e3 os demais integrantes da Corte votem. \u201cEstabelecemos um calend\u00e1rio em n\u00edvel bem flex\u00edvel que o ministro Herman tomar\u00e1 toda a sess\u00e3o at\u00e9 as 21h para concluir o voto dele e n\u00f3s disporemos de 20 minutos cada um para expor os pontos de vista e os senhores [advogados] ter\u00e3o o veredicto amanh\u00e3\u201d, disse Fux enquanto presidia momentaneamente a sess\u00e3o na aus\u00eancia do presidente do tribunal, ministro Gilmar Mendes. A expectativa era que o julgamento se estendesse at\u00e9 o fim de semana. Ontem, Gilmar Mendes convocou sess\u00f5es extras para an\u00e1lise do caso, inclusive para o s\u00e1bado (10). Com o acordo entre os ministros, o julgamento deve ser finalizado nesta sexta-feira. Ap\u00f3s o voto do relator, dever\u00e3o votar os ministros Napole\u00e3o Nunes Maia, Admar Gonzaga, Tarcisio Vieira, Rosa Weber, Luiz Fux, e o presidente do tribunal, Gilmar Mendes. Esta tarde, em seu voto, o relator disse que h\u00e1 provas de que a chapa Dilma-Temer praticou abuso de pode pol\u00edtico e econ\u00f4mico na elei\u00e7\u00e3o presidencial de 2014. Benjamin, no entanto, ponderou que os crimes atribu\u00eddos \u00e0 chapa vencedora tamb\u00e9m foram praticados por outros partidos. \u201cN\u00e3o se pense por um segundo que isso que tratamos aqui foi cria\u00e7\u00e3o desses partidos alvos da a\u00e7\u00e3o [PT e PMDB] ou se tratou de anomalia deles, mas permitiu-lhes desequilibrar a balan\u00e7a. Talvez n\u00e3o em rela\u00e7\u00e3o aos autores [PSDB], sabemos agora, mas a outros candidatos que concorriam em completa desigualdade.\u201d Cariri em Destaque Com EBC","og_url":"https:\/\/noticiasemdestaque.com\/cd\/?p=348","og_site_name":"Not&iacute;cias em Destaque","article_published_time":"2017-06-09T02:08:46+00:00","og_image":[{"width":576,"height":264,"url":"https:\/\/noticiasemdestaque.com\/cd\/wp-content\/uploads\/2017\/06\/1079987-jfcrz_df_abr080617363_1.jpg","type":"image\/jpeg"}],"author":"Not\u00edcias em Destaque","twitter_card":"summary_large_image","twitter_misc":{"Escrito por":"Not\u00edcias em Destaque","Est. tempo de leitura":"2 minutos"},"schema":{"@context":"https:\/\/schema.org","@graph":[{"@type":"Article","@id":"https:\/\/noticiasemdestaque.com\/cd\/?p=348#article","isPartOf":{"@id":"https:\/\/noticiasemdestaque.com\/cd\/?p=348"},"author":{"name":"Not\u00edcias em Destaque","@id":"https:\/\/noticiasemdestaque.com\/cd\/#\/schema\/person\/47f7d4f55eec17c6b2ca036c5500f6ce"},"headline":"Ministros fazem acordo e resultado de julgamento da chapa Dilma-Temer sai amanh\u00e3","datePublished":"2017-06-09T02:08:46+00:00","mainEntityOfPage":{"@id":"https:\/\/noticiasemdestaque.com\/cd\/?p=348"},"wordCount":330,"publisher":{"@id":"https:\/\/noticiasemdestaque.com\/cd\/#organization"},"image":{"@id":"https:\/\/noticiasemdestaque.com\/cd\/?p=348#primaryimage"},"thumbnailUrl":"https:\/\/noticiasemdestaque.com\/cd\/wp-content\/uploads\/2017\/06\/1079987-jfcrz_df_abr080617363_1.jpg","articleSection":["Pol\u00edtica"],"inLanguage":"pt-BR"},{"@type":"WebPage","@id":"https:\/\/noticiasemdestaque.com\/cd\/?p=348","url":"https:\/\/noticiasemdestaque.com\/cd\/?p=348","name":"Ministros fazem acordo e resultado de julgamento da chapa Dilma-Temer sai amanh\u00e3 - Not&iacute;cias em Destaque","isPartOf":{"@id":"https:\/\/noticiasemdestaque.com\/cd\/#website"},"primaryImageOfPage":{"@id":"https:\/\/noticiasemdestaque.com\/cd\/?p=348#primaryimage"},"image":{"@id":"https:\/\/noticiasemdestaque.com\/cd\/?p=348#primaryimage"},"thumbnailUrl":"https:\/\/noticiasemdestaque.com\/cd\/wp-content\/uploads\/2017\/06\/1079987-jfcrz_df_abr080617363_1.jpg","datePublished":"2017-06-09T02:08:46+00:00","breadcrumb":{"@id":"https:\/\/noticiasemdestaque.com\/cd\/?p=348#breadcrumb"},"inLanguage":"pt-BR","potentialAction":[{"@type":"ReadAction","target":["https:\/\/noticiasemdestaque.com\/cd\/?p=348"]}]},{"@type":"ImageObject","inLanguage":"pt-BR","@id":"https:\/\/noticiasemdestaque.com\/cd\/?p=348#primaryimage","url":"https:\/\/noticiasemdestaque.com\/cd\/wp-content\/uploads\/2017\/06\/1079987-jfcrz_df_abr080617363_1.jpg","contentUrl":"https:\/\/noticiasemdestaque.com\/cd\/wp-content\/uploads\/2017\/06\/1079987-jfcrz_df_abr080617363_1.jpg","width":576,"height":264,"caption":"Bras\u00edlia - O Tribunal Superior Eleitoral (TSE) retoma o julgamento da a\u00e7\u00e3o em que o PSDB pede a cassa\u00e7\u00e3o da chapa Dilma-Temer, vencedora das elei\u00e7\u00f5es presidenciais de 2014 (Jos\u00e9 Cruz\/Ag\u00eancia Brasil)"},{"@type":"BreadcrumbList","@id":"https:\/\/noticiasemdestaque.com\/cd\/?p=348#breadcrumb","itemListElement":[{"@type":"ListItem","position":1,"name":"In\u00edcio","item":"https:\/\/noticiasemdestaque.com\/cd\/"},{"@type":"ListItem","position":2,"name":"Ministros fazem acordo e resultado de julgamento da chapa Dilma-Temer sai amanh\u00e3"}]},{"@type":"WebSite","@id":"https:\/\/noticiasemdestaque.com\/cd\/#website","url":"https:\/\/noticiasemdestaque.com\/cd\/","name":"Not&iacute;cias em Destaque","description":"","publisher":{"@id":"https:\/\/noticiasemdestaque.com\/cd\/#organization"},"potentialAction":[{"@type":"SearchAction","target":{"@type":"EntryPoint","urlTemplate":"https:\/\/noticiasemdestaque.com\/cd\/?s={search_term_string}"},"query-input":{"@type":"PropertyValueSpecification","valueRequired":true,"valueName":"search_term_string"}}],"inLanguage":"pt-BR"},{"@type":"Organization","@id":"https:\/\/noticiasemdestaque.com\/cd\/#organization","name":"Not\u00edcias em Destaque","url":"https:\/\/noticiasemdestaque.com\/cd\/","logo":{"@type":"ImageObject","inLanguage":"pt-BR","@id":"https:\/\/noticiasemdestaque.com\/cd\/#\/schema\/logo\/image\/","url":"https:\/\/noticiasemdestaque.com\/cd\/wp-content\/uploads\/2022\/05\/imagem-base-noticiasemdestaque.png","contentUrl":"https:\/\/noticiasemdestaque.com\/cd\/wp-content\/uploads\/2022\/05\/imagem-base-noticiasemdestaque.png","width":1200,"height":630,"caption":"Not\u00edcias em Destaque"},"image":{"@id":"https:\/\/noticiasemdestaque.com\/cd\/#\/schema\/logo\/image\/"}},{"@type":"Person","@id":"https:\/\/noticiasemdestaque.com\/cd\/#\/schema\/person\/47f7d4f55eec17c6b2ca036c5500f6ce","name":"Not\u00edcias em Destaque","url":"https:\/\/noticiasemdestaque.com\/cd\/?author=2"}]}},"jetpack_featured_media_url":"https:\/\/noticiasemdestaque.com\/cd\/wp-content\/uploads\/2017\/06\/1079987-jfcrz_df_abr080617363_1.jpg","jetpack_sharing_enabled":true,"_links":{"self":[{"href":"https:\/\/noticiasemdestaque.com\/cd\/index.php?rest_route=\/wp\/v2\/posts\/348","targetHints":{"allow":["GET"]}}],"collection":[{"href":"https:\/\/noticiasemdestaque.com\/cd\/index.php?rest_route=\/wp\/v2\/posts"}],"about":[{"href":"https:\/\/noticiasemdestaque.com\/cd\/index.php?rest_route=\/wp\/v2\/types\/post"}],"author":[{"embeddable":true,"href":"https:\/\/noticiasemdestaque.com\/cd\/index.php?rest_route=\/wp\/v2\/users\/2"}],"replies":[{"embeddable":true,"href":"https:\/\/noticiasemdestaque.com\/cd\/index.php?rest_route=%2Fwp%2Fv2%2Fcomments&post=348"}],"version-history":[{"count":1,"href":"https:\/\/noticiasemdestaque.com\/cd\/index.php?rest_route=\/wp\/v2\/posts\/348\/revisions"}],"predecessor-version":[{"id":350,"href":"https:\/\/noticiasemdestaque.com\/cd\/index.php?rest_route=\/wp\/v2\/posts\/348\/revisions\/350"}],"wp:featuredmedia":[{"embeddable":true,"href":"https:\/\/noticiasemdestaque.com\/cd\/index.php?rest_route=\/wp\/v2\/media\/349"}],"wp:attachment":[{"href":"https:\/\/noticiasemdestaque.com\/cd\/index.php?rest_route=%2Fwp%2Fv2%2Fmedia&parent=348"}],"wp:term":[{"taxonomy":"category","embeddable":true,"href":"https:\/\/noticiasemdestaque.com\/cd\/index.php?rest_route=%2Fwp%2Fv2%2Fcategories&post=348"},{"taxonomy":"post_tag","embeddable":true,"href":"https:\/\/noticiasemdestaque.com\/cd\/index.php?rest_route=%2Fwp%2Fv2%2Ftags&post=348"}],"curies":[{"name":"wp","href":"https:\/\/api.w.org\/{rel}","templated":true}]}}