{"id":3462,"date":"2017-08-22T07:26:55","date_gmt":"2017-08-22T10:26:55","guid":{"rendered":"http:\/\/caririemdestaque.com\/cd\/?p=3462"},"modified":"2017-08-22T07:26:55","modified_gmt":"2017-08-22T10:26:55","slug":"proposta-de-aumentar-contribuicao-previdenciaria-atinge-70-dos-servidores","status":"publish","type":"post","link":"https:\/\/noticiasemdestaque.com\/cd\/?p=3462","title":{"rendered":"Proposta de aumentar contribui\u00e7\u00e3o previdenci\u00e1ria atinge 70% dos servidores"},"content":{"rendered":"<p><a href=\"http:\/\/caririemdestaque.com\/cd\/wp-content\/uploads\/2017\/08\/economia-previdencia-social-inss-20170317-001.jpg\"><img fetchpriority=\"high\" decoding=\"async\" class=\"size-medium wp-image-3463 alignleft\" src=\"http:\/\/caririemdestaque.com\/cd\/wp-content\/uploads\/2017\/08\/economia-previdencia-social-inss-20170317-001-300x200.jpg\" alt=\"\" width=\"300\" height=\"200\" srcset=\"https:\/\/noticiasemdestaque.com\/cd\/wp-content\/uploads\/2017\/08\/economia-previdencia-social-inss-20170317-001-300x200.jpg 300w, https:\/\/noticiasemdestaque.com\/cd\/wp-content\/uploads\/2017\/08\/economia-previdencia-social-inss-20170317-001-480x320.jpg 480w, https:\/\/noticiasemdestaque.com\/cd\/wp-content\/uploads\/2017\/08\/economia-previdencia-social-inss-20170317-001.jpg 680w\" sizes=\"(max-width: 300px) 100vw, 300px\" \/><\/a>A proposta de elevar as al\u00edquotas de contribui\u00e7\u00e3o previdenci\u00e1ria do funcionalismop\u00fablico federal, se aprovada pelo Congresso, dever\u00e1 atingir cerca de 460 mil servidores do Poder Executivo, mais de 70% do quadro atual.<\/p>\n<p>Pela medida apresentada nesta semana pelo governo do presidente Michel Temer, a al\u00edquota de contribui\u00e7\u00e3o ir\u00e1 subir de forma progressiva, dos atuais 11% para 14%, e vai atingir a parcela do sal\u00e1rio dos servidores que ultrapassar o teto de R$ 5,3 mil. Quem ganha at\u00e9 esse valor n\u00e3o ser\u00e1 afetado.<\/p>\n<p>A proposta precisa da aprova\u00e7\u00e3o do Congresso para entrar em vigor. Se aprovada, a expectativa da Fazenda \u00e9 que medida gere uma arrecada\u00e7\u00e3o extra de R$ 1,9 bilh\u00e3o em 2018.<\/p>\n<p>Sal\u00e1rios dos servidores<\/p>\n<p>Segundo dados do Minist\u00e9rio do Planejamento, 69,9% dos servidores ativos do Poder Executivo receberam em junho acima de R$ 5.500, e 9,2% ganha entre R$ 4.501 e R$ 5.500.<\/p>\n<p>O Executivo federal reunia em junho 656 mil servidores ativos e 409 mil aposentados. No final de 2016, o quantitativo era de 622 mil na ativa e 388 mil aposentados. Do efetivo atual, cerca de 25% ganham abaixo de R$ 5 mil \u2013 valor que o governo pretende estabelecer como sal\u00e1rio m\u00e1ximo inicial para as novas contrata\u00e7\u00f5es. Veja quadro abaixo<\/p>\n<p>Distribui\u00e7\u00e3o dos servidores por faixa salarial<\/p>\n<p>Faixa de remunera\u00e7\u00e3o (R$)\u00a0 Ativos (%) Aposentados (%)<\/p>\n<p>At\u00e9 1.150\u00a0\u00a0 0,7\u00a0\u00a0\u00a0 0,2<\/p>\n<p>De 1.150 a 1.200 0,02 0,03<\/p>\n<p>De 1.201 a 1.300 0,08 0,1<\/p>\n<p>De 1301 a 1.400 1,1\u00a0\u00a0\u00a0\u00a0 0,1<\/p>\n<p>De 1.401 a 1.500 0,1\u00a0\u00a0\u00a0 0,1<\/p>\n<p>De 1.501 a 2.000\u00a0\u00a0\u00a0\u00a0\u00a0\u00a0\u00a0\u00a0 0,4\u00a0\u00a0\u00a0 1,1<\/p>\n<p>De 2.001 a 2.500\u00a0\u00a0\u00a0\u00a0\u00a0\u00a0\u00a0\u00a0 1,7\u00a0\u00a0\u00a0\u00a0 1,5<\/p>\n<p>De 2.501 a 3.000\u00a0\u00a0\u00a0\u00a0\u00a0\u00a0\u00a0\u00a0 2,5\u00a0\u00a0\u00a0 2,9<\/p>\n<p>De 3.001 a 3.500\u00a0\u00a0\u00a0\u00a0\u00a0\u00a0\u00a0\u00a0 4,5\u00a0\u00a0\u00a0 5,4<\/p>\n<p>De 3.501 a 4.500\u00a0\u00a0\u00a0\u00a0\u00a0\u00a0\u00a0\u00a0 9,8\u00a0\u00a0\u00a0 21,1<\/p>\n<p>De 4.501 a 5.500\u00a0\u00a0\u00a0\u00a0\u00a0\u00a0\u00a0\u00a0 9,2\u00a0\u00a0\u00a0 10,4<\/p>\n<p>De 5.501 a 6.500\u00a0\u00a0\u00a0\u00a0\u00a0\u00a0\u00a0\u00a0 9,1\u00a0\u00a0\u00a0\u00a0 12,3<\/p>\n<p>De 6.501 a 7.500\u00a0\u00a0\u00a0\u00a0\u00a0\u00a0\u00a0\u00a0 8,3\u00a0\u00a0\u00a0 8,4<\/p>\n<p>De 7.501 a 8.500\u00a0\u00a0\u00a0\u00a0\u00a0\u00a0\u00a0\u00a0 5,4\u00a0\u00a0\u00a0 5,7<\/p>\n<p>De 8.501 a 9.500\u00a0\u00a0\u00a0\u00a0\u00a0\u00a0\u00a0\u00a0 4,8\u00a0\u00a0\u00a0 5<\/p>\n<p>De 9.501 a 10.500\u00a0\u00a0\u00a0\u00a0\u00a0\u00a0 7,1\u00a0\u00a0\u00a0\u00a0 2,8<\/p>\n<p>De 10.501 a 11.500\u00a0\u00a0\u00a0\u00a0\u00a0 5,6\u00a0\u00a0\u00a0 2,5<\/p>\n<p>De 11.501 a 12.500\u00a0\u00a0\u00a0\u00a0\u00a0 5,4\u00a0\u00a0\u00a0 2<\/p>\n<p>De 12.501 a 13.000\u00a0\u00a0\u00a0\u00a0 1,2\u00a0\u00a0\u00a0\u00a0 0,8<\/p>\n<p>Acima de 13.000\u00a0\u00a0\u00a0\u00a0\u00a0\u00a0\u00a0\u00a0 23\u00a0\u00a0\u00a0\u00a0 17,5<\/p>\n<p>Fonte: Minist\u00e9rio do Planejamento<\/p>\n<p>23% recebem acima de R$ 13 mil<\/p>\n<p>Atualmente, 23% do total do funcionalismo da ativa (cerca de 150 mil servidores) recebem acima de R$ 13 mil. Entre as maiores remunera\u00e7\u00f5es, est\u00e3o m\u00e9dicos de alguns \u00f3rg\u00e3os, t\u00e9cnicos em pol\u00edcia criminal e delegado da Pol\u00edcia Federal, cujos sal\u00e1rios no fim da carreira chegam a passar de R$ 28 mil.<\/p>\n<p>Com G1<\/p>\n","protected":false},"excerpt":{"rendered":"<p>A proposta de elevar as al\u00edquotas de contribui\u00e7\u00e3o previdenci\u00e1ria do funcionalismop\u00fablico federal, se aprovada pelo Congresso, dever\u00e1 atingir cerca de 460 mil servidores do Poder Executivo, mais de 70% do quadro atual. Pela medida apresentada nesta semana pelo governo do presidente Michel Temer, a al\u00edquota de contribui\u00e7\u00e3o ir\u00e1 subir de forma progressiva, dos atuais 11% para 14%, e vai atingir a parcela do sal\u00e1rio dos servidores que ultrapassar o teto de R$ 5,3 mil. Quem ganha at\u00e9 esse valor n\u00e3o ser\u00e1 afetado. A proposta precisa da aprova\u00e7\u00e3o do Congresso para entrar em vigor. Se aprovada, a expectativa da Fazenda \u00e9 que medida gere uma arrecada\u00e7\u00e3o extra de R$ 1,9 bilh\u00e3o em 2018. Sal\u00e1rios dos servidores Segundo dados do Minist\u00e9rio do Planejamento, 69,9% dos servidores ativos do Poder Executivo receberam em junho acima de R$ 5.500, e 9,2% ganha entre R$ 4.501 e R$ 5.500. O Executivo federal reunia em junho 656 mil servidores ativos e 409 mil aposentados. No final de 2016, o quantitativo era de 622 mil na ativa e 388 mil aposentados. Do efetivo atual, cerca de 25% ganham abaixo de R$ 5 mil \u2013 valor que o governo pretende estabelecer como sal\u00e1rio m\u00e1ximo inicial para as novas contrata\u00e7\u00f5es. Veja quadro abaixo Distribui\u00e7\u00e3o dos servidores por faixa salarial Faixa de remunera\u00e7\u00e3o (R$)\u00a0 Ativos (%) Aposentados (%) At\u00e9 1.150\u00a0\u00a0 0,7\u00a0\u00a0\u00a0 0,2 De 1.150 a 1.200 0,02 0,03 De 1.201 a 1.300 0,08 0,1 De 1301 a 1.400 1,1\u00a0\u00a0\u00a0\u00a0 0,1 De 1.401 a 1.500 0,1\u00a0\u00a0\u00a0 0,1 De 1.501 a 2.000\u00a0\u00a0\u00a0\u00a0\u00a0\u00a0\u00a0\u00a0 0,4\u00a0\u00a0\u00a0 1,1 De 2.001 a 2.500\u00a0\u00a0\u00a0\u00a0\u00a0\u00a0\u00a0\u00a0 1,7\u00a0\u00a0\u00a0\u00a0 1,5 De 2.501 a 3.000\u00a0\u00a0\u00a0\u00a0\u00a0\u00a0\u00a0\u00a0 2,5\u00a0\u00a0\u00a0 2,9 De 3.001 a 3.500\u00a0\u00a0\u00a0\u00a0\u00a0\u00a0\u00a0\u00a0 4,5\u00a0\u00a0\u00a0 5,4 De 3.501 a 4.500\u00a0\u00a0\u00a0\u00a0\u00a0\u00a0\u00a0\u00a0 9,8\u00a0\u00a0\u00a0 21,1 De 4.501 a 5.500\u00a0\u00a0\u00a0\u00a0\u00a0\u00a0\u00a0\u00a0 9,2\u00a0\u00a0\u00a0 10,4 De 5.501 a 6.500\u00a0\u00a0\u00a0\u00a0\u00a0\u00a0\u00a0\u00a0 9,1\u00a0\u00a0\u00a0\u00a0 12,3 De 6.501 a 7.500\u00a0\u00a0\u00a0\u00a0\u00a0\u00a0\u00a0\u00a0 8,3\u00a0\u00a0\u00a0 8,4 De 7.501 a 8.500\u00a0\u00a0\u00a0\u00a0\u00a0\u00a0\u00a0\u00a0 5,4\u00a0\u00a0\u00a0 5,7 De 8.501 a 9.500\u00a0\u00a0\u00a0\u00a0\u00a0\u00a0\u00a0\u00a0 4,8\u00a0\u00a0\u00a0 5 De 9.501 a 10.500\u00a0\u00a0\u00a0\u00a0\u00a0\u00a0 7,1\u00a0\u00a0\u00a0\u00a0 2,8 De 10.501 a 11.500\u00a0\u00a0\u00a0\u00a0\u00a0 5,6\u00a0\u00a0\u00a0 2,5 De 11.501 a 12.500\u00a0\u00a0\u00a0\u00a0\u00a0 5,4\u00a0\u00a0\u00a0 2 De 12.501 a 13.000\u00a0\u00a0\u00a0\u00a0 1,2\u00a0\u00a0\u00a0\u00a0 0,8 Acima de 13.000\u00a0\u00a0\u00a0\u00a0\u00a0\u00a0\u00a0\u00a0 23\u00a0\u00a0\u00a0\u00a0 17,5 Fonte: Minist\u00e9rio do Planejamento 23% recebem acima de R$ 13 mil Atualmente, 23% do total do funcionalismo da ativa (cerca de 150 mil servidores) recebem acima de R$ 13 mil. Entre as maiores remunera\u00e7\u00f5es, est\u00e3o m\u00e9dicos de alguns \u00f3rg\u00e3os, t\u00e9cnicos em pol\u00edcia criminal e delegado da Pol\u00edcia Federal, cujos sal\u00e1rios no fim da carreira chegam a passar de R$ 28 mil. Com G1<\/p>\n","protected":false},"author":2,"featured_media":3463,"comment_status":"closed","ping_status":"open","sticky":false,"template":"","format":"standard","meta":{"_eb_attr":"","_jetpack_memberships_contains_paid_content":false,"footnotes":""},"categories":[4],"tags":[],"class_list":["post-3462","post","type-post","status-publish","format-standard","has-post-thumbnail","hentry","category-politica"],"yoast_head":"<!-- This site is optimized with the Yoast SEO plugin v26.5 - https:\/\/yoast.com\/wordpress\/plugins\/seo\/ -->\n<title>Proposta de aumentar contribui\u00e7\u00e3o previdenci\u00e1ria atinge 70% dos servidores - Not&iacute;cias em Destaque<\/title>\n<meta name=\"robots\" content=\"index, follow, max-snippet:-1, max-image-preview:large, max-video-preview:-1\" \/>\n<link rel=\"canonical\" href=\"https:\/\/noticiasemdestaque.com\/cd\/?p=3462\" \/>\n<meta property=\"og:locale\" content=\"pt_BR\" \/>\n<meta property=\"og:type\" content=\"article\" \/>\n<meta property=\"og:title\" content=\"Proposta de aumentar contribui\u00e7\u00e3o previdenci\u00e1ria atinge 70% dos servidores - Not&iacute;cias em Destaque\" \/>\n<meta property=\"og:description\" content=\"A proposta de elevar as al\u00edquotas de contribui\u00e7\u00e3o previdenci\u00e1ria do funcionalismop\u00fablico federal, se aprovada pelo Congresso, dever\u00e1 atingir cerca de 460 mil servidores do Poder Executivo, mais de 70% do quadro atual. Pela medida apresentada nesta semana pelo governo do presidente Michel Temer, a al\u00edquota de contribui\u00e7\u00e3o ir\u00e1 subir de forma progressiva, dos atuais 11% para 14%, e vai atingir a parcela do sal\u00e1rio dos servidores que ultrapassar o teto de R$ 5,3 mil. Quem ganha at\u00e9 esse valor n\u00e3o ser\u00e1 afetado. A proposta precisa da aprova\u00e7\u00e3o do Congresso para entrar em vigor. Se aprovada, a expectativa da Fazenda \u00e9 que medida gere uma arrecada\u00e7\u00e3o extra de R$ 1,9 bilh\u00e3o em 2018. Sal\u00e1rios dos servidores Segundo dados do Minist\u00e9rio do Planejamento, 69,9% dos servidores ativos do Poder Executivo receberam em junho acima de R$ 5.500, e 9,2% ganha entre R$ 4.501 e R$ 5.500. O Executivo federal reunia em junho 656 mil servidores ativos e 409 mil aposentados. No final de 2016, o quantitativo era de 622 mil na ativa e 388 mil aposentados. Do efetivo atual, cerca de 25% ganham abaixo de R$ 5 mil \u2013 valor que o governo pretende estabelecer como sal\u00e1rio m\u00e1ximo inicial para as novas contrata\u00e7\u00f5es. Veja quadro abaixo Distribui\u00e7\u00e3o dos servidores por faixa salarial Faixa de remunera\u00e7\u00e3o (R$)\u00a0 Ativos (%) Aposentados (%) At\u00e9 1.150\u00a0\u00a0 0,7\u00a0\u00a0\u00a0 0,2 De 1.150 a 1.200 0,02 0,03 De 1.201 a 1.300 0,08 0,1 De 1301 a 1.400 1,1\u00a0\u00a0\u00a0\u00a0 0,1 De 1.401 a 1.500 0,1\u00a0\u00a0\u00a0 0,1 De 1.501 a 2.000\u00a0\u00a0\u00a0\u00a0\u00a0\u00a0\u00a0\u00a0 0,4\u00a0\u00a0\u00a0 1,1 De 2.001 a 2.500\u00a0\u00a0\u00a0\u00a0\u00a0\u00a0\u00a0\u00a0 1,7\u00a0\u00a0\u00a0\u00a0 1,5 De 2.501 a 3.000\u00a0\u00a0\u00a0\u00a0\u00a0\u00a0\u00a0\u00a0 2,5\u00a0\u00a0\u00a0 2,9 De 3.001 a 3.500\u00a0\u00a0\u00a0\u00a0\u00a0\u00a0\u00a0\u00a0 4,5\u00a0\u00a0\u00a0 5,4 De 3.501 a 4.500\u00a0\u00a0\u00a0\u00a0\u00a0\u00a0\u00a0\u00a0 9,8\u00a0\u00a0\u00a0 21,1 De 4.501 a 5.500\u00a0\u00a0\u00a0\u00a0\u00a0\u00a0\u00a0\u00a0 9,2\u00a0\u00a0\u00a0 10,4 De 5.501 a 6.500\u00a0\u00a0\u00a0\u00a0\u00a0\u00a0\u00a0\u00a0 9,1\u00a0\u00a0\u00a0\u00a0 12,3 De 6.501 a 7.500\u00a0\u00a0\u00a0\u00a0\u00a0\u00a0\u00a0\u00a0 8,3\u00a0\u00a0\u00a0 8,4 De 7.501 a 8.500\u00a0\u00a0\u00a0\u00a0\u00a0\u00a0\u00a0\u00a0 5,4\u00a0\u00a0\u00a0 5,7 De 8.501 a 9.500\u00a0\u00a0\u00a0\u00a0\u00a0\u00a0\u00a0\u00a0 4,8\u00a0\u00a0\u00a0 5 De 9.501 a 10.500\u00a0\u00a0\u00a0\u00a0\u00a0\u00a0 7,1\u00a0\u00a0\u00a0\u00a0 2,8 De 10.501 a 11.500\u00a0\u00a0\u00a0\u00a0\u00a0 5,6\u00a0\u00a0\u00a0 2,5 De 11.501 a 12.500\u00a0\u00a0\u00a0\u00a0\u00a0 5,4\u00a0\u00a0\u00a0 2 De 12.501 a 13.000\u00a0\u00a0\u00a0\u00a0 1,2\u00a0\u00a0\u00a0\u00a0 0,8 Acima de 13.000\u00a0\u00a0\u00a0\u00a0\u00a0\u00a0\u00a0\u00a0 23\u00a0\u00a0\u00a0\u00a0 17,5 Fonte: Minist\u00e9rio do Planejamento 23% recebem acima de R$ 13 mil Atualmente, 23% do total do funcionalismo da ativa (cerca de 150 mil servidores) recebem acima de R$ 13 mil. Entre as maiores remunera\u00e7\u00f5es, est\u00e3o m\u00e9dicos de alguns \u00f3rg\u00e3os, t\u00e9cnicos em pol\u00edcia criminal e delegado da Pol\u00edcia Federal, cujos sal\u00e1rios no fim da carreira chegam a passar de R$ 28 mil. Com G1\" \/>\n<meta property=\"og:url\" content=\"https:\/\/noticiasemdestaque.com\/cd\/?p=3462\" \/>\n<meta property=\"og:site_name\" content=\"Not&iacute;cias em Destaque\" \/>\n<meta property=\"article:published_time\" content=\"2017-08-22T10:26:55+00:00\" \/>\n<meta property=\"og:image\" content=\"https:\/\/noticiasemdestaque.com\/cd\/wp-content\/uploads\/2017\/08\/economia-previdencia-social-inss-20170317-001.jpg\" \/>\n\t<meta property=\"og:image:width\" content=\"680\" \/>\n\t<meta property=\"og:image:height\" content=\"453\" \/>\n\t<meta property=\"og:image:type\" content=\"image\/jpeg\" \/>\n<meta name=\"author\" content=\"Not\u00edcias em Destaque\" \/>\n<meta name=\"twitter:card\" content=\"summary_large_image\" \/>\n<meta name=\"twitter:label1\" content=\"Escrito por\" \/>\n\t<meta name=\"twitter:data1\" content=\"Not\u00edcias em Destaque\" \/>\n\t<meta name=\"twitter:label2\" content=\"Est. tempo de leitura\" \/>\n\t<meta name=\"twitter:data2\" content=\"2 minutos\" \/>\n<script type=\"application\/ld+json\" class=\"yoast-schema-graph\">{\"@context\":\"https:\/\/schema.org\",\"@graph\":[{\"@type\":\"Article\",\"@id\":\"https:\/\/noticiasemdestaque.com\/cd\/?p=3462#article\",\"isPartOf\":{\"@id\":\"https:\/\/noticiasemdestaque.com\/cd\/?p=3462\"},\"author\":{\"name\":\"Not\u00edcias em Destaque\",\"@id\":\"https:\/\/noticiasemdestaque.com\/cd\/#\/schema\/person\/21320b03a7e8bb90128938dafc9b908a\"},\"headline\":\"Proposta de aumentar contribui\u00e7\u00e3o previdenci\u00e1ria atinge 70% dos servidores\",\"datePublished\":\"2017-08-22T10:26:55+00:00\",\"mainEntityOfPage\":{\"@id\":\"https:\/\/noticiasemdestaque.com\/cd\/?p=3462\"},\"wordCount\":328,\"publisher\":{\"@id\":\"https:\/\/noticiasemdestaque.com\/cd\/#organization\"},\"image\":{\"@id\":\"https:\/\/noticiasemdestaque.com\/cd\/?p=3462#primaryimage\"},\"thumbnailUrl\":\"https:\/\/noticiasemdestaque.com\/cd\/wp-content\/uploads\/2017\/08\/economia-previdencia-social-inss-20170317-001.jpg\",\"articleSection\":[\"Pol\u00edtica\"],\"inLanguage\":\"pt-BR\"},{\"@type\":\"WebPage\",\"@id\":\"https:\/\/noticiasemdestaque.com\/cd\/?p=3462\",\"url\":\"https:\/\/noticiasemdestaque.com\/cd\/?p=3462\",\"name\":\"Proposta de aumentar contribui\u00e7\u00e3o previdenci\u00e1ria atinge 70% dos servidores - Not&iacute;cias em Destaque\",\"isPartOf\":{\"@id\":\"https:\/\/noticiasemdestaque.com\/cd\/#website\"},\"primaryImageOfPage\":{\"@id\":\"https:\/\/noticiasemdestaque.com\/cd\/?p=3462#primaryimage\"},\"image\":{\"@id\":\"https:\/\/noticiasemdestaque.com\/cd\/?p=3462#primaryimage\"},\"thumbnailUrl\":\"https:\/\/noticiasemdestaque.com\/cd\/wp-content\/uploads\/2017\/08\/economia-previdencia-social-inss-20170317-001.jpg\",\"datePublished\":\"2017-08-22T10:26:55+00:00\",\"breadcrumb\":{\"@id\":\"https:\/\/noticiasemdestaque.com\/cd\/?p=3462#breadcrumb\"},\"inLanguage\":\"pt-BR\",\"potentialAction\":[{\"@type\":\"ReadAction\",\"target\":[\"https:\/\/noticiasemdestaque.com\/cd\/?p=3462\"]}]},{\"@type\":\"ImageObject\",\"inLanguage\":\"pt-BR\",\"@id\":\"https:\/\/noticiasemdestaque.com\/cd\/?p=3462#primaryimage\",\"url\":\"https:\/\/noticiasemdestaque.com\/cd\/wp-content\/uploads\/2017\/08\/economia-previdencia-social-inss-20170317-001.jpg\",\"contentUrl\":\"https:\/\/noticiasemdestaque.com\/cd\/wp-content\/uploads\/2017\/08\/economia-previdencia-social-inss-20170317-001.jpg\",\"width\":680,\"height\":453},{\"@type\":\"BreadcrumbList\",\"@id\":\"https:\/\/noticiasemdestaque.com\/cd\/?p=3462#breadcrumb\",\"itemListElement\":[{\"@type\":\"ListItem\",\"position\":1,\"name\":\"In\u00edcio\",\"item\":\"https:\/\/noticiasemdestaque.com\/cd\/\"},{\"@type\":\"ListItem\",\"position\":2,\"name\":\"Proposta de aumentar contribui\u00e7\u00e3o previdenci\u00e1ria atinge 70% dos servidores\"}]},{\"@type\":\"WebSite\",\"@id\":\"https:\/\/noticiasemdestaque.com\/cd\/#website\",\"url\":\"https:\/\/noticiasemdestaque.com\/cd\/\",\"name\":\"Not&iacute;cias em Destaque\",\"description\":\"\",\"publisher\":{\"@id\":\"https:\/\/noticiasemdestaque.com\/cd\/#organization\"},\"potentialAction\":[{\"@type\":\"SearchAction\",\"target\":{\"@type\":\"EntryPoint\",\"urlTemplate\":\"https:\/\/noticiasemdestaque.com\/cd\/?s={search_term_string}\"},\"query-input\":{\"@type\":\"PropertyValueSpecification\",\"valueRequired\":true,\"valueName\":\"search_term_string\"}}],\"inLanguage\":\"pt-BR\"},{\"@type\":\"Organization\",\"@id\":\"https:\/\/noticiasemdestaque.com\/cd\/#organization\",\"name\":\"Not\u00edcias em Destaque\",\"url\":\"https:\/\/noticiasemdestaque.com\/cd\/\",\"logo\":{\"@type\":\"ImageObject\",\"inLanguage\":\"pt-BR\",\"@id\":\"https:\/\/noticiasemdestaque.com\/cd\/#\/schema\/logo\/image\/\",\"url\":\"https:\/\/noticiasemdestaque.com\/cd\/wp-content\/uploads\/2022\/05\/imagem-base-noticiasemdestaque.png\",\"contentUrl\":\"https:\/\/noticiasemdestaque.com\/cd\/wp-content\/uploads\/2022\/05\/imagem-base-noticiasemdestaque.png\",\"width\":1200,\"height\":630,\"caption\":\"Not\u00edcias em Destaque\"},\"image\":{\"@id\":\"https:\/\/noticiasemdestaque.com\/cd\/#\/schema\/logo\/image\/\"}},{\"@type\":\"Person\",\"@id\":\"https:\/\/noticiasemdestaque.com\/cd\/#\/schema\/person\/21320b03a7e8bb90128938dafc9b908a\",\"name\":\"Not\u00edcias em Destaque\",\"url\":\"https:\/\/noticiasemdestaque.com\/cd\/?author=2\"}]}<\/script>\n<!-- \/ Yoast SEO plugin. -->","yoast_head_json":{"title":"Proposta de aumentar contribui\u00e7\u00e3o previdenci\u00e1ria atinge 70% dos servidores - Not&iacute;cias em Destaque","robots":{"index":"index","follow":"follow","max-snippet":"max-snippet:-1","max-image-preview":"max-image-preview:large","max-video-preview":"max-video-preview:-1"},"canonical":"https:\/\/noticiasemdestaque.com\/cd\/?p=3462","og_locale":"pt_BR","og_type":"article","og_title":"Proposta de aumentar contribui\u00e7\u00e3o previdenci\u00e1ria atinge 70% dos servidores - Not&iacute;cias em Destaque","og_description":"A proposta de elevar as al\u00edquotas de contribui\u00e7\u00e3o previdenci\u00e1ria do funcionalismop\u00fablico federal, se aprovada pelo Congresso, dever\u00e1 atingir cerca de 460 mil servidores do Poder Executivo, mais de 70% do quadro atual. Pela medida apresentada nesta semana pelo governo do presidente Michel Temer, a al\u00edquota de contribui\u00e7\u00e3o ir\u00e1 subir de forma progressiva, dos atuais 11% para 14%, e vai atingir a parcela do sal\u00e1rio dos servidores que ultrapassar o teto de R$ 5,3 mil. Quem ganha at\u00e9 esse valor n\u00e3o ser\u00e1 afetado. A proposta precisa da aprova\u00e7\u00e3o do Congresso para entrar em vigor. Se aprovada, a expectativa da Fazenda \u00e9 que medida gere uma arrecada\u00e7\u00e3o extra de R$ 1,9 bilh\u00e3o em 2018. Sal\u00e1rios dos servidores Segundo dados do Minist\u00e9rio do Planejamento, 69,9% dos servidores ativos do Poder Executivo receberam em junho acima de R$ 5.500, e 9,2% ganha entre R$ 4.501 e R$ 5.500. O Executivo federal reunia em junho 656 mil servidores ativos e 409 mil aposentados. No final de 2016, o quantitativo era de 622 mil na ativa e 388 mil aposentados. Do efetivo atual, cerca de 25% ganham abaixo de R$ 5 mil \u2013 valor que o governo pretende estabelecer como sal\u00e1rio m\u00e1ximo inicial para as novas contrata\u00e7\u00f5es. Veja quadro abaixo Distribui\u00e7\u00e3o dos servidores por faixa salarial Faixa de remunera\u00e7\u00e3o (R$)\u00a0 Ativos (%) Aposentados (%) At\u00e9 1.150\u00a0\u00a0 0,7\u00a0\u00a0\u00a0 0,2 De 1.150 a 1.200 0,02 0,03 De 1.201 a 1.300 0,08 0,1 De 1301 a 1.400 1,1\u00a0\u00a0\u00a0\u00a0 0,1 De 1.401 a 1.500 0,1\u00a0\u00a0\u00a0 0,1 De 1.501 a 2.000\u00a0\u00a0\u00a0\u00a0\u00a0\u00a0\u00a0\u00a0 0,4\u00a0\u00a0\u00a0 1,1 De 2.001 a 2.500\u00a0\u00a0\u00a0\u00a0\u00a0\u00a0\u00a0\u00a0 1,7\u00a0\u00a0\u00a0\u00a0 1,5 De 2.501 a 3.000\u00a0\u00a0\u00a0\u00a0\u00a0\u00a0\u00a0\u00a0 2,5\u00a0\u00a0\u00a0 2,9 De 3.001 a 3.500\u00a0\u00a0\u00a0\u00a0\u00a0\u00a0\u00a0\u00a0 4,5\u00a0\u00a0\u00a0 5,4 De 3.501 a 4.500\u00a0\u00a0\u00a0\u00a0\u00a0\u00a0\u00a0\u00a0 9,8\u00a0\u00a0\u00a0 21,1 De 4.501 a 5.500\u00a0\u00a0\u00a0\u00a0\u00a0\u00a0\u00a0\u00a0 9,2\u00a0\u00a0\u00a0 10,4 De 5.501 a 6.500\u00a0\u00a0\u00a0\u00a0\u00a0\u00a0\u00a0\u00a0 9,1\u00a0\u00a0\u00a0\u00a0 12,3 De 6.501 a 7.500\u00a0\u00a0\u00a0\u00a0\u00a0\u00a0\u00a0\u00a0 8,3\u00a0\u00a0\u00a0 8,4 De 7.501 a 8.500\u00a0\u00a0\u00a0\u00a0\u00a0\u00a0\u00a0\u00a0 5,4\u00a0\u00a0\u00a0 5,7 De 8.501 a 9.500\u00a0\u00a0\u00a0\u00a0\u00a0\u00a0\u00a0\u00a0 4,8\u00a0\u00a0\u00a0 5 De 9.501 a 10.500\u00a0\u00a0\u00a0\u00a0\u00a0\u00a0 7,1\u00a0\u00a0\u00a0\u00a0 2,8 De 10.501 a 11.500\u00a0\u00a0\u00a0\u00a0\u00a0 5,6\u00a0\u00a0\u00a0 2,5 De 11.501 a 12.500\u00a0\u00a0\u00a0\u00a0\u00a0 5,4\u00a0\u00a0\u00a0 2 De 12.501 a 13.000\u00a0\u00a0\u00a0\u00a0 1,2\u00a0\u00a0\u00a0\u00a0 0,8 Acima de 13.000\u00a0\u00a0\u00a0\u00a0\u00a0\u00a0\u00a0\u00a0 23\u00a0\u00a0\u00a0\u00a0 17,5 Fonte: Minist\u00e9rio do Planejamento 23% recebem acima de R$ 13 mil Atualmente, 23% do total do funcionalismo da ativa (cerca de 150 mil servidores) recebem acima de R$ 13 mil. Entre as maiores remunera\u00e7\u00f5es, est\u00e3o m\u00e9dicos de alguns \u00f3rg\u00e3os, t\u00e9cnicos em pol\u00edcia criminal e delegado da Pol\u00edcia Federal, cujos sal\u00e1rios no fim da carreira chegam a passar de R$ 28 mil. Com G1","og_url":"https:\/\/noticiasemdestaque.com\/cd\/?p=3462","og_site_name":"Not&iacute;cias em Destaque","article_published_time":"2017-08-22T10:26:55+00:00","og_image":[{"width":680,"height":453,"url":"https:\/\/noticiasemdestaque.com\/cd\/wp-content\/uploads\/2017\/08\/economia-previdencia-social-inss-20170317-001.jpg","type":"image\/jpeg"}],"author":"Not\u00edcias em Destaque","twitter_card":"summary_large_image","twitter_misc":{"Escrito por":"Not\u00edcias em Destaque","Est. tempo de leitura":"2 minutos"},"schema":{"@context":"https:\/\/schema.org","@graph":[{"@type":"Article","@id":"https:\/\/noticiasemdestaque.com\/cd\/?p=3462#article","isPartOf":{"@id":"https:\/\/noticiasemdestaque.com\/cd\/?p=3462"},"author":{"name":"Not\u00edcias em Destaque","@id":"https:\/\/noticiasemdestaque.com\/cd\/#\/schema\/person\/21320b03a7e8bb90128938dafc9b908a"},"headline":"Proposta de aumentar contribui\u00e7\u00e3o previdenci\u00e1ria atinge 70% dos servidores","datePublished":"2017-08-22T10:26:55+00:00","mainEntityOfPage":{"@id":"https:\/\/noticiasemdestaque.com\/cd\/?p=3462"},"wordCount":328,"publisher":{"@id":"https:\/\/noticiasemdestaque.com\/cd\/#organization"},"image":{"@id":"https:\/\/noticiasemdestaque.com\/cd\/?p=3462#primaryimage"},"thumbnailUrl":"https:\/\/noticiasemdestaque.com\/cd\/wp-content\/uploads\/2017\/08\/economia-previdencia-social-inss-20170317-001.jpg","articleSection":["Pol\u00edtica"],"inLanguage":"pt-BR"},{"@type":"WebPage","@id":"https:\/\/noticiasemdestaque.com\/cd\/?p=3462","url":"https:\/\/noticiasemdestaque.com\/cd\/?p=3462","name":"Proposta de aumentar contribui\u00e7\u00e3o previdenci\u00e1ria atinge 70% dos servidores - Not&iacute;cias em Destaque","isPartOf":{"@id":"https:\/\/noticiasemdestaque.com\/cd\/#website"},"primaryImageOfPage":{"@id":"https:\/\/noticiasemdestaque.com\/cd\/?p=3462#primaryimage"},"image":{"@id":"https:\/\/noticiasemdestaque.com\/cd\/?p=3462#primaryimage"},"thumbnailUrl":"https:\/\/noticiasemdestaque.com\/cd\/wp-content\/uploads\/2017\/08\/economia-previdencia-social-inss-20170317-001.jpg","datePublished":"2017-08-22T10:26:55+00:00","breadcrumb":{"@id":"https:\/\/noticiasemdestaque.com\/cd\/?p=3462#breadcrumb"},"inLanguage":"pt-BR","potentialAction":[{"@type":"ReadAction","target":["https:\/\/noticiasemdestaque.com\/cd\/?p=3462"]}]},{"@type":"ImageObject","inLanguage":"pt-BR","@id":"https:\/\/noticiasemdestaque.com\/cd\/?p=3462#primaryimage","url":"https:\/\/noticiasemdestaque.com\/cd\/wp-content\/uploads\/2017\/08\/economia-previdencia-social-inss-20170317-001.jpg","contentUrl":"https:\/\/noticiasemdestaque.com\/cd\/wp-content\/uploads\/2017\/08\/economia-previdencia-social-inss-20170317-001.jpg","width":680,"height":453},{"@type":"BreadcrumbList","@id":"https:\/\/noticiasemdestaque.com\/cd\/?p=3462#breadcrumb","itemListElement":[{"@type":"ListItem","position":1,"name":"In\u00edcio","item":"https:\/\/noticiasemdestaque.com\/cd\/"},{"@type":"ListItem","position":2,"name":"Proposta de aumentar contribui\u00e7\u00e3o previdenci\u00e1ria atinge 70% dos servidores"}]},{"@type":"WebSite","@id":"https:\/\/noticiasemdestaque.com\/cd\/#website","url":"https:\/\/noticiasemdestaque.com\/cd\/","name":"Not&iacute;cias em Destaque","description":"","publisher":{"@id":"https:\/\/noticiasemdestaque.com\/cd\/#organization"},"potentialAction":[{"@type":"SearchAction","target":{"@type":"EntryPoint","urlTemplate":"https:\/\/noticiasemdestaque.com\/cd\/?s={search_term_string}"},"query-input":{"@type":"PropertyValueSpecification","valueRequired":true,"valueName":"search_term_string"}}],"inLanguage":"pt-BR"},{"@type":"Organization","@id":"https:\/\/noticiasemdestaque.com\/cd\/#organization","name":"Not\u00edcias em Destaque","url":"https:\/\/noticiasemdestaque.com\/cd\/","logo":{"@type":"ImageObject","inLanguage":"pt-BR","@id":"https:\/\/noticiasemdestaque.com\/cd\/#\/schema\/logo\/image\/","url":"https:\/\/noticiasemdestaque.com\/cd\/wp-content\/uploads\/2022\/05\/imagem-base-noticiasemdestaque.png","contentUrl":"https:\/\/noticiasemdestaque.com\/cd\/wp-content\/uploads\/2022\/05\/imagem-base-noticiasemdestaque.png","width":1200,"height":630,"caption":"Not\u00edcias em Destaque"},"image":{"@id":"https:\/\/noticiasemdestaque.com\/cd\/#\/schema\/logo\/image\/"}},{"@type":"Person","@id":"https:\/\/noticiasemdestaque.com\/cd\/#\/schema\/person\/21320b03a7e8bb90128938dafc9b908a","name":"Not\u00edcias em Destaque","url":"https:\/\/noticiasemdestaque.com\/cd\/?author=2"}]}},"jetpack_featured_media_url":"https:\/\/noticiasemdestaque.com\/cd\/wp-content\/uploads\/2017\/08\/economia-previdencia-social-inss-20170317-001.jpg","jetpack_sharing_enabled":true,"_links":{"self":[{"href":"https:\/\/noticiasemdestaque.com\/cd\/index.php?rest_route=\/wp\/v2\/posts\/3462","targetHints":{"allow":["GET"]}}],"collection":[{"href":"https:\/\/noticiasemdestaque.com\/cd\/index.php?rest_route=\/wp\/v2\/posts"}],"about":[{"href":"https:\/\/noticiasemdestaque.com\/cd\/index.php?rest_route=\/wp\/v2\/types\/post"}],"author":[{"embeddable":true,"href":"https:\/\/noticiasemdestaque.com\/cd\/index.php?rest_route=\/wp\/v2\/users\/2"}],"replies":[{"embeddable":true,"href":"https:\/\/noticiasemdestaque.com\/cd\/index.php?rest_route=%2Fwp%2Fv2%2Fcomments&post=3462"}],"version-history":[{"count":1,"href":"https:\/\/noticiasemdestaque.com\/cd\/index.php?rest_route=\/wp\/v2\/posts\/3462\/revisions"}],"predecessor-version":[{"id":3464,"href":"https:\/\/noticiasemdestaque.com\/cd\/index.php?rest_route=\/wp\/v2\/posts\/3462\/revisions\/3464"}],"wp:featuredmedia":[{"embeddable":true,"href":"https:\/\/noticiasemdestaque.com\/cd\/index.php?rest_route=\/wp\/v2\/media\/3463"}],"wp:attachment":[{"href":"https:\/\/noticiasemdestaque.com\/cd\/index.php?rest_route=%2Fwp%2Fv2%2Fmedia&parent=3462"}],"wp:term":[{"taxonomy":"category","embeddable":true,"href":"https:\/\/noticiasemdestaque.com\/cd\/index.php?rest_route=%2Fwp%2Fv2%2Fcategories&post=3462"},{"taxonomy":"post_tag","embeddable":true,"href":"https:\/\/noticiasemdestaque.com\/cd\/index.php?rest_route=%2Fwp%2Fv2%2Ftags&post=3462"}],"curies":[{"name":"wp","href":"https:\/\/api.w.org\/{rel}","templated":true}]}}