{"id":344,"date":"2017-06-08T23:01:47","date_gmt":"2017-06-09T02:01:47","guid":{"rendered":"http:\/\/caririemdestaque.com\/cd\/?p=344"},"modified":"2017-06-08T23:02:55","modified_gmt":"2017-06-09T02:02:55","slug":"federacao-paraibana-de-judo-convoca-aluno-do-cdsa-para-treinamento-internacional","status":"publish","type":"post","link":"https:\/\/noticiasemdestaque.com\/cd\/?p=344","title":{"rendered":"Federa\u00e7\u00e3o Paraibana de Jud\u00f4 convoca aluno do CDSA para treinamento internacional"},"content":{"rendered":"<p><a href=\"http:\/\/caririemdestaque.com\/cd\/wp-content\/uploads\/2017\/06\/unnamed-1.jpg\"><img decoding=\"async\" class=\" wp-image-345 alignleft\" src=\"http:\/\/caririemdestaque.com\/cd\/wp-content\/uploads\/2017\/06\/unnamed-1-210x300.jpg\" alt=\"\" width=\"167\" height=\"239\" srcset=\"https:\/\/noticiasemdestaque.com\/cd\/wp-content\/uploads\/2017\/06\/unnamed-1-210x300.jpg 210w, https:\/\/noticiasemdestaque.com\/cd\/wp-content\/uploads\/2017\/06\/unnamed-1.jpg 446w\" sizes=\"(max-width: 167px) 100vw, 167px\" \/><\/a><\/p>\n<p>Mais um estudante atendido pelo Programa Ol\u00edmpico do Cariri &#8211; Prolcariri, do Centro de Desenvolvimento Sustent\u00e1vel do Semi\u00e1rido da UFCG foi convocado pela Federa\u00e7\u00e3o Paraibana de Jud\u00f4 para participar do Treinamento Internacional que ser\u00e1 realizado no per\u00edodo de 16 a 19 deste m\u00eas de junho.\u00a0 Trata-se de Ewerton Ferreira Evangelista, aluno de gradua\u00e7\u00e3o do CDSA.<\/p>\n<p>O evento ser\u00e1 realizado na cidade de Lauro de Freitas, na Bahia e faz parte do Calend\u00e1rio Oficial da Confedera\u00e7\u00e3o Brasileira de Jud\u00f4.<\/p>\n<p>O PROLCARIRI iniciou suas atividades em 2012, sob coordena\u00e7\u00e3o geral dos professores Bruno Medeiros Rold\u00e3o de Ara\u00fajo e Marcus Bessa de Menezes e tem investido e apostado na forma\u00e7\u00e3o de atletas e no est\u00edmulo do aprendizado em sala de aula.<\/p>\n<p><strong><em>Cariri em Destaque <\/em><\/strong><\/p>\n<p>(Rosenato Barreto &#8211; Assimp CDSA\/UFCG)<\/p>\n","protected":false},"excerpt":{"rendered":"<p>Mais um estudante atendido pelo Programa Ol\u00edmpico do Cariri &#8211; Prolcariri, do Centro de Desenvolvimento Sustent\u00e1vel do Semi\u00e1rido da UFCG foi convocado pela Federa\u00e7\u00e3o Paraibana de Jud\u00f4 para participar do Treinamento Internacional que ser\u00e1 realizado no per\u00edodo de 16 a 19 deste m\u00eas de junho.\u00a0 Trata-se de Ewerton Ferreira Evangelista, aluno de gradua\u00e7\u00e3o do CDSA. O evento ser\u00e1 realizado na cidade de Lauro de Freitas, na Bahia e faz parte do Calend\u00e1rio Oficial da Confedera\u00e7\u00e3o Brasileira de Jud\u00f4. O PROLCARIRI iniciou suas atividades em 2012, sob coordena\u00e7\u00e3o geral dos professores Bruno Medeiros Rold\u00e3o de Ara\u00fajo e Marcus Bessa de Menezes e tem investido e apostado na forma\u00e7\u00e3o de atletas e no est\u00edmulo do aprendizado em sala de aula. Cariri em Destaque (Rosenato Barreto &#8211; Assimp CDSA\/UFCG)<\/p>\n","protected":false},"author":2,"featured_media":347,"comment_status":"closed","ping_status":"open","sticky":false,"template":"","format":"standard","meta":{"_eb_attr":"","_jetpack_memberships_contains_paid_content":false,"footnotes":""},"categories":[6],"tags":[],"class_list":["post-344","post","type-post","status-publish","format-standard","has-post-thumbnail","hentry","category-educacao"],"yoast_head":"<!-- This site is optimized with the Yoast SEO plugin v26.5 - https:\/\/yoast.com\/wordpress\/plugins\/seo\/ -->\n<title>Federa\u00e7\u00e3o Paraibana de Jud\u00f4 convoca aluno do CDSA para treinamento internacional - Not&iacute;cias em Destaque<\/title>\n<meta name=\"robots\" content=\"index, follow, max-snippet:-1, max-image-preview:large, max-video-preview:-1\" \/>\n<link rel=\"canonical\" href=\"https:\/\/noticiasemdestaque.com\/cd\/?p=344\" \/>\n<meta property=\"og:locale\" content=\"pt_BR\" \/>\n<meta property=\"og:type\" content=\"article\" \/>\n<meta property=\"og:title\" content=\"Federa\u00e7\u00e3o Paraibana de Jud\u00f4 convoca aluno do CDSA para treinamento internacional - Not&iacute;cias em Destaque\" \/>\n<meta property=\"og:description\" content=\"Mais um estudante atendido pelo Programa Ol\u00edmpico do Cariri &#8211; Prolcariri, do Centro de Desenvolvimento Sustent\u00e1vel do Semi\u00e1rido da UFCG foi convocado pela Federa\u00e7\u00e3o Paraibana de Jud\u00f4 para participar do Treinamento Internacional que ser\u00e1 realizado no per\u00edodo de 16 a 19 deste m\u00eas de junho.\u00a0 Trata-se de Ewerton Ferreira Evangelista, aluno de gradua\u00e7\u00e3o do CDSA. O evento ser\u00e1 realizado na cidade de Lauro de Freitas, na Bahia e faz parte do Calend\u00e1rio Oficial da Confedera\u00e7\u00e3o Brasileira de Jud\u00f4. O PROLCARIRI iniciou suas atividades em 2012, sob coordena\u00e7\u00e3o geral dos professores Bruno Medeiros Rold\u00e3o de Ara\u00fajo e Marcus Bessa de Menezes e tem investido e apostado na forma\u00e7\u00e3o de atletas e no est\u00edmulo do aprendizado em sala de aula. Cariri em Destaque (Rosenato Barreto &#8211; Assimp CDSA\/UFCG)\" \/>\n<meta property=\"og:url\" content=\"https:\/\/noticiasemdestaque.com\/cd\/?p=344\" \/>\n<meta property=\"og:site_name\" content=\"Not&iacute;cias em Destaque\" \/>\n<meta property=\"article:published_time\" content=\"2017-06-09T02:01:47+00:00\" \/>\n<meta property=\"article:modified_time\" content=\"2017-06-09T02:02:55+00:00\" \/>\n<meta property=\"og:image\" content=\"https:\/\/noticiasemdestaque.com\/cd\/wp-content\/uploads\/2017\/06\/unnamed-1-1.jpg\" \/>\n\t<meta property=\"og:image:width\" content=\"446\" \/>\n\t<meta property=\"og:image:height\" content=\"402\" \/>\n\t<meta property=\"og:image:type\" content=\"image\/jpeg\" \/>\n<meta name=\"author\" content=\"Not\u00edcias em Destaque\" \/>\n<meta name=\"twitter:card\" content=\"summary_large_image\" \/>\n<meta name=\"twitter:label1\" content=\"Escrito por\" \/>\n\t<meta name=\"twitter:data1\" content=\"Not\u00edcias em Destaque\" \/>\n\t<meta name=\"twitter:label2\" content=\"Est. tempo de leitura\" \/>\n\t<meta name=\"twitter:data2\" content=\"1 minuto\" \/>\n<script type=\"application\/ld+json\" class=\"yoast-schema-graph\">{\"@context\":\"https:\/\/schema.org\",\"@graph\":[{\"@type\":\"Article\",\"@id\":\"https:\/\/noticiasemdestaque.com\/cd\/?p=344#article\",\"isPartOf\":{\"@id\":\"https:\/\/noticiasemdestaque.com\/cd\/?p=344\"},\"author\":{\"name\":\"Not\u00edcias em Destaque\",\"@id\":\"https:\/\/noticiasemdestaque.com\/cd\/#\/schema\/person\/47f7d4f55eec17c6b2ca036c5500f6ce\"},\"headline\":\"Federa\u00e7\u00e3o Paraibana de Jud\u00f4 convoca aluno do CDSA para treinamento internacional\",\"datePublished\":\"2017-06-09T02:01:47+00:00\",\"dateModified\":\"2017-06-09T02:02:55+00:00\",\"mainEntityOfPage\":{\"@id\":\"https:\/\/noticiasemdestaque.com\/cd\/?p=344\"},\"wordCount\":150,\"publisher\":{\"@id\":\"https:\/\/noticiasemdestaque.com\/cd\/#organization\"},\"image\":{\"@id\":\"https:\/\/noticiasemdestaque.com\/cd\/?p=344#primaryimage\"},\"thumbnailUrl\":\"https:\/\/noticiasemdestaque.com\/cd\/wp-content\/uploads\/2017\/06\/unnamed-1-1.jpg\",\"articleSection\":[\"Educa\u00e7\u00e3o\"],\"inLanguage\":\"pt-BR\"},{\"@type\":\"WebPage\",\"@id\":\"https:\/\/noticiasemdestaque.com\/cd\/?p=344\",\"url\":\"https:\/\/noticiasemdestaque.com\/cd\/?p=344\",\"name\":\"Federa\u00e7\u00e3o Paraibana de Jud\u00f4 convoca aluno do CDSA para treinamento internacional - Not&iacute;cias em Destaque\",\"isPartOf\":{\"@id\":\"https:\/\/noticiasemdestaque.com\/cd\/#website\"},\"primaryImageOfPage\":{\"@id\":\"https:\/\/noticiasemdestaque.com\/cd\/?p=344#primaryimage\"},\"image\":{\"@id\":\"https:\/\/noticiasemdestaque.com\/cd\/?p=344#primaryimage\"},\"thumbnailUrl\":\"https:\/\/noticiasemdestaque.com\/cd\/wp-content\/uploads\/2017\/06\/unnamed-1-1.jpg\",\"datePublished\":\"2017-06-09T02:01:47+00:00\",\"dateModified\":\"2017-06-09T02:02:55+00:00\",\"breadcrumb\":{\"@id\":\"https:\/\/noticiasemdestaque.com\/cd\/?p=344#breadcrumb\"},\"inLanguage\":\"pt-BR\",\"potentialAction\":[{\"@type\":\"ReadAction\",\"target\":[\"https:\/\/noticiasemdestaque.com\/cd\/?p=344\"]}]},{\"@type\":\"ImageObject\",\"inLanguage\":\"pt-BR\",\"@id\":\"https:\/\/noticiasemdestaque.com\/cd\/?p=344#primaryimage\",\"url\":\"https:\/\/noticiasemdestaque.com\/cd\/wp-content\/uploads\/2017\/06\/unnamed-1-1.jpg\",\"contentUrl\":\"https:\/\/noticiasemdestaque.com\/cd\/wp-content\/uploads\/2017\/06\/unnamed-1-1.jpg\",\"width\":446,\"height\":402},{\"@type\":\"BreadcrumbList\",\"@id\":\"https:\/\/noticiasemdestaque.com\/cd\/?p=344#breadcrumb\",\"itemListElement\":[{\"@type\":\"ListItem\",\"position\":1,\"name\":\"In\u00edcio\",\"item\":\"https:\/\/noticiasemdestaque.com\/cd\/\"},{\"@type\":\"ListItem\",\"position\":2,\"name\":\"Federa\u00e7\u00e3o Paraibana de Jud\u00f4 convoca aluno do CDSA para treinamento internacional\"}]},{\"@type\":\"WebSite\",\"@id\":\"https:\/\/noticiasemdestaque.com\/cd\/#website\",\"url\":\"https:\/\/noticiasemdestaque.com\/cd\/\",\"name\":\"Not&iacute;cias em Destaque\",\"description\":\"\",\"publisher\":{\"@id\":\"https:\/\/noticiasemdestaque.com\/cd\/#organization\"},\"potentialAction\":[{\"@type\":\"SearchAction\",\"target\":{\"@type\":\"EntryPoint\",\"urlTemplate\":\"https:\/\/noticiasemdestaque.com\/cd\/?s={search_term_string}\"},\"query-input\":{\"@type\":\"PropertyValueSpecification\",\"valueRequired\":true,\"valueName\":\"search_term_string\"}}],\"inLanguage\":\"pt-BR\"},{\"@type\":\"Organization\",\"@id\":\"https:\/\/noticiasemdestaque.com\/cd\/#organization\",\"name\":\"Not\u00edcias em Destaque\",\"url\":\"https:\/\/noticiasemdestaque.com\/cd\/\",\"logo\":{\"@type\":\"ImageObject\",\"inLanguage\":\"pt-BR\",\"@id\":\"https:\/\/noticiasemdestaque.com\/cd\/#\/schema\/logo\/image\/\",\"url\":\"https:\/\/noticiasemdestaque.com\/cd\/wp-content\/uploads\/2022\/05\/imagem-base-noticiasemdestaque.png\",\"contentUrl\":\"https:\/\/noticiasemdestaque.com\/cd\/wp-content\/uploads\/2022\/05\/imagem-base-noticiasemdestaque.png\",\"width\":1200,\"height\":630,\"caption\":\"Not\u00edcias em Destaque\"},\"image\":{\"@id\":\"https:\/\/noticiasemdestaque.com\/cd\/#\/schema\/logo\/image\/\"}},{\"@type\":\"Person\",\"@id\":\"https:\/\/noticiasemdestaque.com\/cd\/#\/schema\/person\/47f7d4f55eec17c6b2ca036c5500f6ce\",\"name\":\"Not\u00edcias em Destaque\",\"url\":\"https:\/\/noticiasemdestaque.com\/cd\/?author=2\"}]}<\/script>\n<!-- \/ Yoast SEO plugin. -->","yoast_head_json":{"title":"Federa\u00e7\u00e3o Paraibana de Jud\u00f4 convoca aluno do CDSA para treinamento internacional - Not&iacute;cias em Destaque","robots":{"index":"index","follow":"follow","max-snippet":"max-snippet:-1","max-image-preview":"max-image-preview:large","max-video-preview":"max-video-preview:-1"},"canonical":"https:\/\/noticiasemdestaque.com\/cd\/?p=344","og_locale":"pt_BR","og_type":"article","og_title":"Federa\u00e7\u00e3o Paraibana de Jud\u00f4 convoca aluno do CDSA para treinamento internacional - Not&iacute;cias em Destaque","og_description":"Mais um estudante atendido pelo Programa Ol\u00edmpico do Cariri &#8211; Prolcariri, do Centro de Desenvolvimento Sustent\u00e1vel do Semi\u00e1rido da UFCG foi convocado pela Federa\u00e7\u00e3o Paraibana de Jud\u00f4 para participar do Treinamento Internacional que ser\u00e1 realizado no per\u00edodo de 16 a 19 deste m\u00eas de junho.\u00a0 Trata-se de Ewerton Ferreira Evangelista, aluno de gradua\u00e7\u00e3o do CDSA. O evento ser\u00e1 realizado na cidade de Lauro de Freitas, na Bahia e faz parte do Calend\u00e1rio Oficial da Confedera\u00e7\u00e3o Brasileira de Jud\u00f4. O PROLCARIRI iniciou suas atividades em 2012, sob coordena\u00e7\u00e3o geral dos professores Bruno Medeiros Rold\u00e3o de Ara\u00fajo e Marcus Bessa de Menezes e tem investido e apostado na forma\u00e7\u00e3o de atletas e no est\u00edmulo do aprendizado em sala de aula. Cariri em Destaque (Rosenato Barreto &#8211; Assimp CDSA\/UFCG)","og_url":"https:\/\/noticiasemdestaque.com\/cd\/?p=344","og_site_name":"Not&iacute;cias em Destaque","article_published_time":"2017-06-09T02:01:47+00:00","article_modified_time":"2017-06-09T02:02:55+00:00","og_image":[{"width":446,"height":402,"url":"https:\/\/noticiasemdestaque.com\/cd\/wp-content\/uploads\/2017\/06\/unnamed-1-1.jpg","type":"image\/jpeg"}],"author":"Not\u00edcias em Destaque","twitter_card":"summary_large_image","twitter_misc":{"Escrito por":"Not\u00edcias em Destaque","Est. tempo de leitura":"1 minuto"},"schema":{"@context":"https:\/\/schema.org","@graph":[{"@type":"Article","@id":"https:\/\/noticiasemdestaque.com\/cd\/?p=344#article","isPartOf":{"@id":"https:\/\/noticiasemdestaque.com\/cd\/?p=344"},"author":{"name":"Not\u00edcias em Destaque","@id":"https:\/\/noticiasemdestaque.com\/cd\/#\/schema\/person\/47f7d4f55eec17c6b2ca036c5500f6ce"},"headline":"Federa\u00e7\u00e3o Paraibana de Jud\u00f4 convoca aluno do CDSA para treinamento internacional","datePublished":"2017-06-09T02:01:47+00:00","dateModified":"2017-06-09T02:02:55+00:00","mainEntityOfPage":{"@id":"https:\/\/noticiasemdestaque.com\/cd\/?p=344"},"wordCount":150,"publisher":{"@id":"https:\/\/noticiasemdestaque.com\/cd\/#organization"},"image":{"@id":"https:\/\/noticiasemdestaque.com\/cd\/?p=344#primaryimage"},"thumbnailUrl":"https:\/\/noticiasemdestaque.com\/cd\/wp-content\/uploads\/2017\/06\/unnamed-1-1.jpg","articleSection":["Educa\u00e7\u00e3o"],"inLanguage":"pt-BR"},{"@type":"WebPage","@id":"https:\/\/noticiasemdestaque.com\/cd\/?p=344","url":"https:\/\/noticiasemdestaque.com\/cd\/?p=344","name":"Federa\u00e7\u00e3o Paraibana de Jud\u00f4 convoca aluno do CDSA para treinamento internacional - Not&iacute;cias em Destaque","isPartOf":{"@id":"https:\/\/noticiasemdestaque.com\/cd\/#website"},"primaryImageOfPage":{"@id":"https:\/\/noticiasemdestaque.com\/cd\/?p=344#primaryimage"},"image":{"@id":"https:\/\/noticiasemdestaque.com\/cd\/?p=344#primaryimage"},"thumbnailUrl":"https:\/\/noticiasemdestaque.com\/cd\/wp-content\/uploads\/2017\/06\/unnamed-1-1.jpg","datePublished":"2017-06-09T02:01:47+00:00","dateModified":"2017-06-09T02:02:55+00:00","breadcrumb":{"@id":"https:\/\/noticiasemdestaque.com\/cd\/?p=344#breadcrumb"},"inLanguage":"pt-BR","potentialAction":[{"@type":"ReadAction","target":["https:\/\/noticiasemdestaque.com\/cd\/?p=344"]}]},{"@type":"ImageObject","inLanguage":"pt-BR","@id":"https:\/\/noticiasemdestaque.com\/cd\/?p=344#primaryimage","url":"https:\/\/noticiasemdestaque.com\/cd\/wp-content\/uploads\/2017\/06\/unnamed-1-1.jpg","contentUrl":"https:\/\/noticiasemdestaque.com\/cd\/wp-content\/uploads\/2017\/06\/unnamed-1-1.jpg","width":446,"height":402},{"@type":"BreadcrumbList","@id":"https:\/\/noticiasemdestaque.com\/cd\/?p=344#breadcrumb","itemListElement":[{"@type":"ListItem","position":1,"name":"In\u00edcio","item":"https:\/\/noticiasemdestaque.com\/cd\/"},{"@type":"ListItem","position":2,"name":"Federa\u00e7\u00e3o Paraibana de Jud\u00f4 convoca aluno do CDSA para treinamento internacional"}]},{"@type":"WebSite","@id":"https:\/\/noticiasemdestaque.com\/cd\/#website","url":"https:\/\/noticiasemdestaque.com\/cd\/","name":"Not&iacute;cias em Destaque","description":"","publisher":{"@id":"https:\/\/noticiasemdestaque.com\/cd\/#organization"},"potentialAction":[{"@type":"SearchAction","target":{"@type":"EntryPoint","urlTemplate":"https:\/\/noticiasemdestaque.com\/cd\/?s={search_term_string}"},"query-input":{"@type":"PropertyValueSpecification","valueRequired":true,"valueName":"search_term_string"}}],"inLanguage":"pt-BR"},{"@type":"Organization","@id":"https:\/\/noticiasemdestaque.com\/cd\/#organization","name":"Not\u00edcias em Destaque","url":"https:\/\/noticiasemdestaque.com\/cd\/","logo":{"@type":"ImageObject","inLanguage":"pt-BR","@id":"https:\/\/noticiasemdestaque.com\/cd\/#\/schema\/logo\/image\/","url":"https:\/\/noticiasemdestaque.com\/cd\/wp-content\/uploads\/2022\/05\/imagem-base-noticiasemdestaque.png","contentUrl":"https:\/\/noticiasemdestaque.com\/cd\/wp-content\/uploads\/2022\/05\/imagem-base-noticiasemdestaque.png","width":1200,"height":630,"caption":"Not\u00edcias em Destaque"},"image":{"@id":"https:\/\/noticiasemdestaque.com\/cd\/#\/schema\/logo\/image\/"}},{"@type":"Person","@id":"https:\/\/noticiasemdestaque.com\/cd\/#\/schema\/person\/47f7d4f55eec17c6b2ca036c5500f6ce","name":"Not\u00edcias em Destaque","url":"https:\/\/noticiasemdestaque.com\/cd\/?author=2"}]}},"jetpack_featured_media_url":"https:\/\/noticiasemdestaque.com\/cd\/wp-content\/uploads\/2017\/06\/unnamed-1-1.jpg","jetpack_sharing_enabled":true,"_links":{"self":[{"href":"https:\/\/noticiasemdestaque.com\/cd\/index.php?rest_route=\/wp\/v2\/posts\/344","targetHints":{"allow":["GET"]}}],"collection":[{"href":"https:\/\/noticiasemdestaque.com\/cd\/index.php?rest_route=\/wp\/v2\/posts"}],"about":[{"href":"https:\/\/noticiasemdestaque.com\/cd\/index.php?rest_route=\/wp\/v2\/types\/post"}],"author":[{"embeddable":true,"href":"https:\/\/noticiasemdestaque.com\/cd\/index.php?rest_route=\/wp\/v2\/users\/2"}],"replies":[{"embeddable":true,"href":"https:\/\/noticiasemdestaque.com\/cd\/index.php?rest_route=%2Fwp%2Fv2%2Fcomments&post=344"}],"version-history":[{"count":1,"href":"https:\/\/noticiasemdestaque.com\/cd\/index.php?rest_route=\/wp\/v2\/posts\/344\/revisions"}],"predecessor-version":[{"id":346,"href":"https:\/\/noticiasemdestaque.com\/cd\/index.php?rest_route=\/wp\/v2\/posts\/344\/revisions\/346"}],"wp:featuredmedia":[{"embeddable":true,"href":"https:\/\/noticiasemdestaque.com\/cd\/index.php?rest_route=\/wp\/v2\/media\/347"}],"wp:attachment":[{"href":"https:\/\/noticiasemdestaque.com\/cd\/index.php?rest_route=%2Fwp%2Fv2%2Fmedia&parent=344"}],"wp:term":[{"taxonomy":"category","embeddable":true,"href":"https:\/\/noticiasemdestaque.com\/cd\/index.php?rest_route=%2Fwp%2Fv2%2Fcategories&post=344"},{"taxonomy":"post_tag","embeddable":true,"href":"https:\/\/noticiasemdestaque.com\/cd\/index.php?rest_route=%2Fwp%2Fv2%2Ftags&post=344"}],"curies":[{"name":"wp","href":"https:\/\/api.w.org\/{rel}","templated":true}]}}