{"id":3422,"date":"2017-08-21T10:57:04","date_gmt":"2017-08-21T13:57:04","guid":{"rendered":"http:\/\/caririemdestaque.com\/cd\/?p=3422"},"modified":"2017-08-21T11:06:31","modified_gmt":"2017-08-21T14:06:31","slug":"prefeitura-de-sume-abre-concurso-publico-com-70-vagas","status":"publish","type":"post","link":"https:\/\/noticiasemdestaque.com\/cd\/?p=3422","title":{"rendered":"Prefeitura de Sum\u00e9 abre concurso p\u00fablico com 70 vagas"},"content":{"rendered":"<p>A Prefeitura de Sum\u00e9 acaba de abrir concurso p\u00fablico para o preenchimento de 70 vagas destinado ao provimento dos cargos do Poder Executivo Municipal.<\/p>\n<p>O concurso ser\u00e1 feito pela Comiss\u00e3o Permanente de Concursos (CPCON), da Universidade Estadual da Para\u00edba.<\/p>\n<p>As inscri\u00e7\u00f5es ser\u00e3o feitas do dia 28 de agosto de 2017 a 17 de setembro de 2017, sendo realizadas exclusivamente pela internet, no site da CPCON, no endere\u00e7o eletr\u00f4nico: http:\/\/cpcon.uepb.edu.br.<\/p>\n<p>O valor da taxa de inscri\u00e7\u00e3o \u00e9 de R$ 60,00 (sessenta reais) para os cargos de n\u00edvel fundamental, R$ 80,00 (oitenta reais) para n\u00edvel m\u00e9dio e intermedi\u00e1rio e R$ 100,00 (cem reais) n\u00edvel superior.<\/p>\n<p>As provas objetivas ser\u00e3o aplicadas no dia 22 de outubro de 2017 para todos os cargos, sendo de car\u00e1ter eliminat\u00f3rio e classificat\u00f3rio.<\/p>\n<p>Para os cargos do magist\u00e9rio de n\u00edvel superior tamb\u00e9m haver\u00e1 prova de t\u00edtulos e para o cargo de motorista classe D e operador de m\u00e1quinas pesadas, al\u00e9m da prova escrita, haver\u00e1 prova pr\u00e1tica.<\/p>\n<p>H\u00e1 vagas para cozinheiro, motorista classe D, operador de m\u00e1quinas pesadas, assistente de administra\u00e7\u00e3o, cuidador educacional, educador social, professor do Fundamental I, professor do fundamental II, assistente social, cirurgi\u00e3o dentista, enfermeiro, fisioterapia, m\u00e9dico \u2013 PSF, m\u00e9dico pediatra, m\u00e9dico psiquiatra, psic\u00f3logo, psic\u00f3logo infantil, t\u00e9cnico em enfermagem, t\u00e9cnico em radiologia, t\u00e9cnico em laborat\u00f3rio de an\u00e1lises cl\u00ednicas e t\u00e9cnico em sa\u00fade bucal.<\/p>\n<p>No total das vagas oferecidas est\u00e3o inclu\u00eddas as de pessoas com necessidades especiais.<\/p>\n<p>O edital com todas as informa\u00e7\u00f5es do concurso podem ser encontradas no site da CPCON, no endere\u00e7o eletr\u00f4nico: http:\/\/cpcon.uepb.edu.br, ou clicando no link a seguir: <a href=\"http:\/\/www.sume.pb.gov.br\/wp-content\/uploads\/2017\/08\/EDITAL-CONCURSO-P%C3%9ABLICO-PREFEITURA-DE-SUM%C3%89.pdf\">EDITAL CONCURSO P\u00daBLICO PREFEITURA DE SUM\u00c9<\/a><\/p>\n<p><em><strong>Cariri em Destaque<\/strong><\/em><\/p>\n<p>Com Ascom<\/p>\n","protected":false},"excerpt":{"rendered":"<p>A Prefeitura de Sum\u00e9 acaba de abrir concurso p\u00fablico para o preenchimento de 70 vagas destinado ao provimento dos cargos do Poder Executivo Municipal. O concurso ser\u00e1 feito pela Comiss\u00e3o Permanente de Concursos (CPCON), da Universidade Estadual da Para\u00edba. As inscri\u00e7\u00f5es ser\u00e3o feitas do dia 28 de agosto de 2017 a 17 de setembro de 2017, sendo realizadas exclusivamente pela internet, no site da CPCON, no endere\u00e7o eletr\u00f4nico: http:\/\/cpcon.uepb.edu.br. O valor da taxa de inscri\u00e7\u00e3o \u00e9 de R$ 60,00 (sessenta reais) para os cargos de n\u00edvel fundamental, R$ 80,00 (oitenta reais) para n\u00edvel m\u00e9dio e intermedi\u00e1rio e R$ 100,00 (cem reais) n\u00edvel superior. As provas objetivas ser\u00e3o aplicadas no dia 22 de outubro de 2017 para todos os cargos, sendo de car\u00e1ter eliminat\u00f3rio e classificat\u00f3rio. Para os cargos do magist\u00e9rio de n\u00edvel superior tamb\u00e9m haver\u00e1 prova de t\u00edtulos e para o cargo de motorista classe D e operador de m\u00e1quinas pesadas, al\u00e9m da prova escrita, haver\u00e1 prova pr\u00e1tica. H\u00e1 vagas para cozinheiro, motorista classe D, operador de m\u00e1quinas pesadas, assistente de administra\u00e7\u00e3o, cuidador educacional, educador social, professor do Fundamental I, professor do fundamental II, assistente social, cirurgi\u00e3o dentista, enfermeiro, fisioterapia, m\u00e9dico \u2013 PSF, m\u00e9dico pediatra, m\u00e9dico psiquiatra, psic\u00f3logo, psic\u00f3logo infantil, t\u00e9cnico em enfermagem, t\u00e9cnico em radiologia, t\u00e9cnico em laborat\u00f3rio de an\u00e1lises cl\u00ednicas e t\u00e9cnico em sa\u00fade bucal. No total das vagas oferecidas est\u00e3o inclu\u00eddas as de pessoas com necessidades especiais. O edital com todas as informa\u00e7\u00f5es do concurso podem ser encontradas no site da CPCON, no endere\u00e7o eletr\u00f4nico: http:\/\/cpcon.uepb.edu.br, ou clicando no link a seguir: EDITAL CONCURSO P\u00daBLICO PREFEITURA DE SUM\u00c9 Cariri em Destaque Com Ascom<\/p>\n","protected":false},"author":2,"featured_media":3423,"comment_status":"closed","ping_status":"open","sticky":false,"template":"","format":"standard","meta":{"_eb_attr":"","_jetpack_memberships_contains_paid_content":false,"footnotes":""},"categories":[3],"tags":[],"class_list":["post-3422","post","type-post","status-publish","format-standard","has-post-thumbnail","hentry","category-cidades"],"yoast_head":"<!-- This site is optimized with the Yoast SEO plugin v26.5 - https:\/\/yoast.com\/wordpress\/plugins\/seo\/ -->\n<title>Prefeitura de Sum\u00e9 abre concurso p\u00fablico com 70 vagas - Not&iacute;cias em Destaque<\/title>\n<meta name=\"robots\" content=\"index, follow, max-snippet:-1, max-image-preview:large, max-video-preview:-1\" \/>\n<link rel=\"canonical\" href=\"https:\/\/noticiasemdestaque.com\/cd\/?p=3422\" \/>\n<meta property=\"og:locale\" content=\"pt_BR\" \/>\n<meta property=\"og:type\" content=\"article\" \/>\n<meta property=\"og:title\" content=\"Prefeitura de Sum\u00e9 abre concurso p\u00fablico com 70 vagas - Not&iacute;cias em Destaque\" \/>\n<meta property=\"og:description\" content=\"A Prefeitura de Sum\u00e9 acaba de abrir concurso p\u00fablico para o preenchimento de 70 vagas destinado ao provimento dos cargos do Poder Executivo Municipal. O concurso ser\u00e1 feito pela Comiss\u00e3o Permanente de Concursos (CPCON), da Universidade Estadual da Para\u00edba. As inscri\u00e7\u00f5es ser\u00e3o feitas do dia 28 de agosto de 2017 a 17 de setembro de 2017, sendo realizadas exclusivamente pela internet, no site da CPCON, no endere\u00e7o eletr\u00f4nico: http:\/\/cpcon.uepb.edu.br. O valor da taxa de inscri\u00e7\u00e3o \u00e9 de R$ 60,00 (sessenta reais) para os cargos de n\u00edvel fundamental, R$ 80,00 (oitenta reais) para n\u00edvel m\u00e9dio e intermedi\u00e1rio e R$ 100,00 (cem reais) n\u00edvel superior. As provas objetivas ser\u00e3o aplicadas no dia 22 de outubro de 2017 para todos os cargos, sendo de car\u00e1ter eliminat\u00f3rio e classificat\u00f3rio. Para os cargos do magist\u00e9rio de n\u00edvel superior tamb\u00e9m haver\u00e1 prova de t\u00edtulos e para o cargo de motorista classe D e operador de m\u00e1quinas pesadas, al\u00e9m da prova escrita, haver\u00e1 prova pr\u00e1tica. H\u00e1 vagas para cozinheiro, motorista classe D, operador de m\u00e1quinas pesadas, assistente de administra\u00e7\u00e3o, cuidador educacional, educador social, professor do Fundamental I, professor do fundamental II, assistente social, cirurgi\u00e3o dentista, enfermeiro, fisioterapia, m\u00e9dico \u2013 PSF, m\u00e9dico pediatra, m\u00e9dico psiquiatra, psic\u00f3logo, psic\u00f3logo infantil, t\u00e9cnico em enfermagem, t\u00e9cnico em radiologia, t\u00e9cnico em laborat\u00f3rio de an\u00e1lises cl\u00ednicas e t\u00e9cnico em sa\u00fade bucal. No total das vagas oferecidas est\u00e3o inclu\u00eddas as de pessoas com necessidades especiais. O edital com todas as informa\u00e7\u00f5es do concurso podem ser encontradas no site da CPCON, no endere\u00e7o eletr\u00f4nico: http:\/\/cpcon.uepb.edu.br, ou clicando no link a seguir: EDITAL CONCURSO P\u00daBLICO PREFEITURA DE SUM\u00c9 Cariri em Destaque Com Ascom\" \/>\n<meta property=\"og:url\" content=\"https:\/\/noticiasemdestaque.com\/cd\/?p=3422\" \/>\n<meta property=\"og:site_name\" content=\"Not&iacute;cias em Destaque\" \/>\n<meta property=\"article:published_time\" content=\"2017-08-21T13:57:04+00:00\" \/>\n<meta property=\"article:modified_time\" content=\"2017-08-21T14:06:31+00:00\" \/>\n<meta property=\"og:image\" content=\"https:\/\/noticiasemdestaque.com\/cd\/wp-content\/uploads\/2017\/08\/ConcursoPublicoSaoLourencoMG-1728x800_c.jpg\" \/>\n\t<meta property=\"og:image:width\" content=\"1600\" \/>\n\t<meta property=\"og:image:height\" content=\"741\" \/>\n\t<meta property=\"og:image:type\" content=\"image\/jpeg\" \/>\n<meta name=\"author\" content=\"Not\u00edcias em Destaque\" \/>\n<meta name=\"twitter:card\" content=\"summary_large_image\" \/>\n<meta name=\"twitter:label1\" content=\"Escrito por\" \/>\n\t<meta name=\"twitter:data1\" content=\"Not\u00edcias em Destaque\" \/>\n\t<meta name=\"twitter:label2\" content=\"Est. tempo de leitura\" \/>\n\t<meta name=\"twitter:data2\" content=\"2 minutos\" \/>\n<script type=\"application\/ld+json\" class=\"yoast-schema-graph\">{\"@context\":\"https:\/\/schema.org\",\"@graph\":[{\"@type\":\"Article\",\"@id\":\"https:\/\/noticiasemdestaque.com\/cd\/?p=3422#article\",\"isPartOf\":{\"@id\":\"https:\/\/noticiasemdestaque.com\/cd\/?p=3422\"},\"author\":{\"name\":\"Not\u00edcias em Destaque\",\"@id\":\"https:\/\/noticiasemdestaque.com\/cd\/#\/schema\/person\/21320b03a7e8bb90128938dafc9b908a\"},\"headline\":\"Prefeitura de Sum\u00e9 abre concurso p\u00fablico com 70 vagas\",\"datePublished\":\"2017-08-21T13:57:04+00:00\",\"dateModified\":\"2017-08-21T14:06:31+00:00\",\"mainEntityOfPage\":{\"@id\":\"https:\/\/noticiasemdestaque.com\/cd\/?p=3422\"},\"wordCount\":317,\"publisher\":{\"@id\":\"https:\/\/noticiasemdestaque.com\/cd\/#organization\"},\"image\":{\"@id\":\"https:\/\/noticiasemdestaque.com\/cd\/?p=3422#primaryimage\"},\"thumbnailUrl\":\"https:\/\/noticiasemdestaque.com\/cd\/wp-content\/uploads\/2017\/08\/ConcursoPublicoSaoLourencoMG-1728x800_c.jpg\",\"articleSection\":[\"Cidades\"],\"inLanguage\":\"pt-BR\"},{\"@type\":\"WebPage\",\"@id\":\"https:\/\/noticiasemdestaque.com\/cd\/?p=3422\",\"url\":\"https:\/\/noticiasemdestaque.com\/cd\/?p=3422\",\"name\":\"Prefeitura de Sum\u00e9 abre concurso p\u00fablico com 70 vagas - Not&iacute;cias em Destaque\",\"isPartOf\":{\"@id\":\"https:\/\/noticiasemdestaque.com\/cd\/#website\"},\"primaryImageOfPage\":{\"@id\":\"https:\/\/noticiasemdestaque.com\/cd\/?p=3422#primaryimage\"},\"image\":{\"@id\":\"https:\/\/noticiasemdestaque.com\/cd\/?p=3422#primaryimage\"},\"thumbnailUrl\":\"https:\/\/noticiasemdestaque.com\/cd\/wp-content\/uploads\/2017\/08\/ConcursoPublicoSaoLourencoMG-1728x800_c.jpg\",\"datePublished\":\"2017-08-21T13:57:04+00:00\",\"dateModified\":\"2017-08-21T14:06:31+00:00\",\"breadcrumb\":{\"@id\":\"https:\/\/noticiasemdestaque.com\/cd\/?p=3422#breadcrumb\"},\"inLanguage\":\"pt-BR\",\"potentialAction\":[{\"@type\":\"ReadAction\",\"target\":[\"https:\/\/noticiasemdestaque.com\/cd\/?p=3422\"]}]},{\"@type\":\"ImageObject\",\"inLanguage\":\"pt-BR\",\"@id\":\"https:\/\/noticiasemdestaque.com\/cd\/?p=3422#primaryimage\",\"url\":\"https:\/\/noticiasemdestaque.com\/cd\/wp-content\/uploads\/2017\/08\/ConcursoPublicoSaoLourencoMG-1728x800_c.jpg\",\"contentUrl\":\"https:\/\/noticiasemdestaque.com\/cd\/wp-content\/uploads\/2017\/08\/ConcursoPublicoSaoLourencoMG-1728x800_c.jpg\",\"width\":1600,\"height\":741},{\"@type\":\"BreadcrumbList\",\"@id\":\"https:\/\/noticiasemdestaque.com\/cd\/?p=3422#breadcrumb\",\"itemListElement\":[{\"@type\":\"ListItem\",\"position\":1,\"name\":\"In\u00edcio\",\"item\":\"https:\/\/noticiasemdestaque.com\/cd\/\"},{\"@type\":\"ListItem\",\"position\":2,\"name\":\"Prefeitura de Sum\u00e9 abre concurso p\u00fablico com 70 vagas\"}]},{\"@type\":\"WebSite\",\"@id\":\"https:\/\/noticiasemdestaque.com\/cd\/#website\",\"url\":\"https:\/\/noticiasemdestaque.com\/cd\/\",\"name\":\"Not&iacute;cias em Destaque\",\"description\":\"\",\"publisher\":{\"@id\":\"https:\/\/noticiasemdestaque.com\/cd\/#organization\"},\"potentialAction\":[{\"@type\":\"SearchAction\",\"target\":{\"@type\":\"EntryPoint\",\"urlTemplate\":\"https:\/\/noticiasemdestaque.com\/cd\/?s={search_term_string}\"},\"query-input\":{\"@type\":\"PropertyValueSpecification\",\"valueRequired\":true,\"valueName\":\"search_term_string\"}}],\"inLanguage\":\"pt-BR\"},{\"@type\":\"Organization\",\"@id\":\"https:\/\/noticiasemdestaque.com\/cd\/#organization\",\"name\":\"Not\u00edcias em Destaque\",\"url\":\"https:\/\/noticiasemdestaque.com\/cd\/\",\"logo\":{\"@type\":\"ImageObject\",\"inLanguage\":\"pt-BR\",\"@id\":\"https:\/\/noticiasemdestaque.com\/cd\/#\/schema\/logo\/image\/\",\"url\":\"https:\/\/noticiasemdestaque.com\/cd\/wp-content\/uploads\/2022\/05\/imagem-base-noticiasemdestaque.png\",\"contentUrl\":\"https:\/\/noticiasemdestaque.com\/cd\/wp-content\/uploads\/2022\/05\/imagem-base-noticiasemdestaque.png\",\"width\":1200,\"height\":630,\"caption\":\"Not\u00edcias em Destaque\"},\"image\":{\"@id\":\"https:\/\/noticiasemdestaque.com\/cd\/#\/schema\/logo\/image\/\"}},{\"@type\":\"Person\",\"@id\":\"https:\/\/noticiasemdestaque.com\/cd\/#\/schema\/person\/21320b03a7e8bb90128938dafc9b908a\",\"name\":\"Not\u00edcias em Destaque\",\"url\":\"https:\/\/noticiasemdestaque.com\/cd\/?author=2\"}]}<\/script>\n<!-- \/ Yoast SEO plugin. -->","yoast_head_json":{"title":"Prefeitura de Sum\u00e9 abre concurso p\u00fablico com 70 vagas - Not&iacute;cias em Destaque","robots":{"index":"index","follow":"follow","max-snippet":"max-snippet:-1","max-image-preview":"max-image-preview:large","max-video-preview":"max-video-preview:-1"},"canonical":"https:\/\/noticiasemdestaque.com\/cd\/?p=3422","og_locale":"pt_BR","og_type":"article","og_title":"Prefeitura de Sum\u00e9 abre concurso p\u00fablico com 70 vagas - Not&iacute;cias em Destaque","og_description":"A Prefeitura de Sum\u00e9 acaba de abrir concurso p\u00fablico para o preenchimento de 70 vagas destinado ao provimento dos cargos do Poder Executivo Municipal. O concurso ser\u00e1 feito pela Comiss\u00e3o Permanente de Concursos (CPCON), da Universidade Estadual da Para\u00edba. As inscri\u00e7\u00f5es ser\u00e3o feitas do dia 28 de agosto de 2017 a 17 de setembro de 2017, sendo realizadas exclusivamente pela internet, no site da CPCON, no endere\u00e7o eletr\u00f4nico: http:\/\/cpcon.uepb.edu.br. O valor da taxa de inscri\u00e7\u00e3o \u00e9 de R$ 60,00 (sessenta reais) para os cargos de n\u00edvel fundamental, R$ 80,00 (oitenta reais) para n\u00edvel m\u00e9dio e intermedi\u00e1rio e R$ 100,00 (cem reais) n\u00edvel superior. As provas objetivas ser\u00e3o aplicadas no dia 22 de outubro de 2017 para todos os cargos, sendo de car\u00e1ter eliminat\u00f3rio e classificat\u00f3rio. Para os cargos do magist\u00e9rio de n\u00edvel superior tamb\u00e9m haver\u00e1 prova de t\u00edtulos e para o cargo de motorista classe D e operador de m\u00e1quinas pesadas, al\u00e9m da prova escrita, haver\u00e1 prova pr\u00e1tica. H\u00e1 vagas para cozinheiro, motorista classe D, operador de m\u00e1quinas pesadas, assistente de administra\u00e7\u00e3o, cuidador educacional, educador social, professor do Fundamental I, professor do fundamental II, assistente social, cirurgi\u00e3o dentista, enfermeiro, fisioterapia, m\u00e9dico \u2013 PSF, m\u00e9dico pediatra, m\u00e9dico psiquiatra, psic\u00f3logo, psic\u00f3logo infantil, t\u00e9cnico em enfermagem, t\u00e9cnico em radiologia, t\u00e9cnico em laborat\u00f3rio de an\u00e1lises cl\u00ednicas e t\u00e9cnico em sa\u00fade bucal. No total das vagas oferecidas est\u00e3o inclu\u00eddas as de pessoas com necessidades especiais. O edital com todas as informa\u00e7\u00f5es do concurso podem ser encontradas no site da CPCON, no endere\u00e7o eletr\u00f4nico: http:\/\/cpcon.uepb.edu.br, ou clicando no link a seguir: EDITAL CONCURSO P\u00daBLICO PREFEITURA DE SUM\u00c9 Cariri em Destaque Com Ascom","og_url":"https:\/\/noticiasemdestaque.com\/cd\/?p=3422","og_site_name":"Not&iacute;cias em Destaque","article_published_time":"2017-08-21T13:57:04+00:00","article_modified_time":"2017-08-21T14:06:31+00:00","og_image":[{"width":1600,"height":741,"url":"https:\/\/noticiasemdestaque.com\/cd\/wp-content\/uploads\/2017\/08\/ConcursoPublicoSaoLourencoMG-1728x800_c.jpg","type":"image\/jpeg"}],"author":"Not\u00edcias em Destaque","twitter_card":"summary_large_image","twitter_misc":{"Escrito por":"Not\u00edcias em Destaque","Est. tempo de leitura":"2 minutos"},"schema":{"@context":"https:\/\/schema.org","@graph":[{"@type":"Article","@id":"https:\/\/noticiasemdestaque.com\/cd\/?p=3422#article","isPartOf":{"@id":"https:\/\/noticiasemdestaque.com\/cd\/?p=3422"},"author":{"name":"Not\u00edcias em Destaque","@id":"https:\/\/noticiasemdestaque.com\/cd\/#\/schema\/person\/21320b03a7e8bb90128938dafc9b908a"},"headline":"Prefeitura de Sum\u00e9 abre concurso p\u00fablico com 70 vagas","datePublished":"2017-08-21T13:57:04+00:00","dateModified":"2017-08-21T14:06:31+00:00","mainEntityOfPage":{"@id":"https:\/\/noticiasemdestaque.com\/cd\/?p=3422"},"wordCount":317,"publisher":{"@id":"https:\/\/noticiasemdestaque.com\/cd\/#organization"},"image":{"@id":"https:\/\/noticiasemdestaque.com\/cd\/?p=3422#primaryimage"},"thumbnailUrl":"https:\/\/noticiasemdestaque.com\/cd\/wp-content\/uploads\/2017\/08\/ConcursoPublicoSaoLourencoMG-1728x800_c.jpg","articleSection":["Cidades"],"inLanguage":"pt-BR"},{"@type":"WebPage","@id":"https:\/\/noticiasemdestaque.com\/cd\/?p=3422","url":"https:\/\/noticiasemdestaque.com\/cd\/?p=3422","name":"Prefeitura de Sum\u00e9 abre concurso p\u00fablico com 70 vagas - Not&iacute;cias em Destaque","isPartOf":{"@id":"https:\/\/noticiasemdestaque.com\/cd\/#website"},"primaryImageOfPage":{"@id":"https:\/\/noticiasemdestaque.com\/cd\/?p=3422#primaryimage"},"image":{"@id":"https:\/\/noticiasemdestaque.com\/cd\/?p=3422#primaryimage"},"thumbnailUrl":"https:\/\/noticiasemdestaque.com\/cd\/wp-content\/uploads\/2017\/08\/ConcursoPublicoSaoLourencoMG-1728x800_c.jpg","datePublished":"2017-08-21T13:57:04+00:00","dateModified":"2017-08-21T14:06:31+00:00","breadcrumb":{"@id":"https:\/\/noticiasemdestaque.com\/cd\/?p=3422#breadcrumb"},"inLanguage":"pt-BR","potentialAction":[{"@type":"ReadAction","target":["https:\/\/noticiasemdestaque.com\/cd\/?p=3422"]}]},{"@type":"ImageObject","inLanguage":"pt-BR","@id":"https:\/\/noticiasemdestaque.com\/cd\/?p=3422#primaryimage","url":"https:\/\/noticiasemdestaque.com\/cd\/wp-content\/uploads\/2017\/08\/ConcursoPublicoSaoLourencoMG-1728x800_c.jpg","contentUrl":"https:\/\/noticiasemdestaque.com\/cd\/wp-content\/uploads\/2017\/08\/ConcursoPublicoSaoLourencoMG-1728x800_c.jpg","width":1600,"height":741},{"@type":"BreadcrumbList","@id":"https:\/\/noticiasemdestaque.com\/cd\/?p=3422#breadcrumb","itemListElement":[{"@type":"ListItem","position":1,"name":"In\u00edcio","item":"https:\/\/noticiasemdestaque.com\/cd\/"},{"@type":"ListItem","position":2,"name":"Prefeitura de Sum\u00e9 abre concurso p\u00fablico com 70 vagas"}]},{"@type":"WebSite","@id":"https:\/\/noticiasemdestaque.com\/cd\/#website","url":"https:\/\/noticiasemdestaque.com\/cd\/","name":"Not&iacute;cias em Destaque","description":"","publisher":{"@id":"https:\/\/noticiasemdestaque.com\/cd\/#organization"},"potentialAction":[{"@type":"SearchAction","target":{"@type":"EntryPoint","urlTemplate":"https:\/\/noticiasemdestaque.com\/cd\/?s={search_term_string}"},"query-input":{"@type":"PropertyValueSpecification","valueRequired":true,"valueName":"search_term_string"}}],"inLanguage":"pt-BR"},{"@type":"Organization","@id":"https:\/\/noticiasemdestaque.com\/cd\/#organization","name":"Not\u00edcias em Destaque","url":"https:\/\/noticiasemdestaque.com\/cd\/","logo":{"@type":"ImageObject","inLanguage":"pt-BR","@id":"https:\/\/noticiasemdestaque.com\/cd\/#\/schema\/logo\/image\/","url":"https:\/\/noticiasemdestaque.com\/cd\/wp-content\/uploads\/2022\/05\/imagem-base-noticiasemdestaque.png","contentUrl":"https:\/\/noticiasemdestaque.com\/cd\/wp-content\/uploads\/2022\/05\/imagem-base-noticiasemdestaque.png","width":1200,"height":630,"caption":"Not\u00edcias em Destaque"},"image":{"@id":"https:\/\/noticiasemdestaque.com\/cd\/#\/schema\/logo\/image\/"}},{"@type":"Person","@id":"https:\/\/noticiasemdestaque.com\/cd\/#\/schema\/person\/21320b03a7e8bb90128938dafc9b908a","name":"Not\u00edcias em Destaque","url":"https:\/\/noticiasemdestaque.com\/cd\/?author=2"}]}},"jetpack_featured_media_url":"https:\/\/noticiasemdestaque.com\/cd\/wp-content\/uploads\/2017\/08\/ConcursoPublicoSaoLourencoMG-1728x800_c.jpg","jetpack_sharing_enabled":true,"_links":{"self":[{"href":"https:\/\/noticiasemdestaque.com\/cd\/index.php?rest_route=\/wp\/v2\/posts\/3422","targetHints":{"allow":["GET"]}}],"collection":[{"href":"https:\/\/noticiasemdestaque.com\/cd\/index.php?rest_route=\/wp\/v2\/posts"}],"about":[{"href":"https:\/\/noticiasemdestaque.com\/cd\/index.php?rest_route=\/wp\/v2\/types\/post"}],"author":[{"embeddable":true,"href":"https:\/\/noticiasemdestaque.com\/cd\/index.php?rest_route=\/wp\/v2\/users\/2"}],"replies":[{"embeddable":true,"href":"https:\/\/noticiasemdestaque.com\/cd\/index.php?rest_route=%2Fwp%2Fv2%2Fcomments&post=3422"}],"version-history":[{"count":2,"href":"https:\/\/noticiasemdestaque.com\/cd\/index.php?rest_route=\/wp\/v2\/posts\/3422\/revisions"}],"predecessor-version":[{"id":3426,"href":"https:\/\/noticiasemdestaque.com\/cd\/index.php?rest_route=\/wp\/v2\/posts\/3422\/revisions\/3426"}],"wp:featuredmedia":[{"embeddable":true,"href":"https:\/\/noticiasemdestaque.com\/cd\/index.php?rest_route=\/wp\/v2\/media\/3423"}],"wp:attachment":[{"href":"https:\/\/noticiasemdestaque.com\/cd\/index.php?rest_route=%2Fwp%2Fv2%2Fmedia&parent=3422"}],"wp:term":[{"taxonomy":"category","embeddable":true,"href":"https:\/\/noticiasemdestaque.com\/cd\/index.php?rest_route=%2Fwp%2Fv2%2Fcategories&post=3422"},{"taxonomy":"post_tag","embeddable":true,"href":"https:\/\/noticiasemdestaque.com\/cd\/index.php?rest_route=%2Fwp%2Fv2%2Ftags&post=3422"}],"curies":[{"name":"wp","href":"https:\/\/api.w.org\/{rel}","templated":true}]}}