{"id":34118,"date":"2021-09-16T20:44:20","date_gmt":"2021-09-16T23:44:20","guid":{"rendered":"http:\/\/noticiasemdestaque.com\/cd\/?p=34118"},"modified":"2021-09-16T20:44:20","modified_gmt":"2021-09-16T23:44:20","slug":"com-inflacao-salario-minimo-deve-subir-para-r-1-192-em-2022-e-teto-do-inss-a-r-6-973","status":"publish","type":"post","link":"https:\/\/noticiasemdestaque.com\/cd\/?p=34118","title":{"rendered":"Com infla\u00e7\u00e3o, sal\u00e1rio m\u00ednimo deve subir para R$ 1.192 em 2022; e teto do INSS a R$ 6.973"},"content":{"rendered":"<p data-fetch=\"true\"><a href=\"https:\/\/noticiasemdestaque.com\/cd\/wp-content\/uploads\/2019\/01\/dinheiro-salario-salario-minimo-pis-abono-remuneracao-imposto-de-renda-03092018170026591.jpeg\"><img fetchpriority=\"high\" decoding=\"async\" class=\"size-medium wp-image-14675 aligncenter\" src=\"https:\/\/noticiasemdestaque.com\/cd\/wp-content\/uploads\/2019\/01\/dinheiro-salario-salario-minimo-pis-abono-remuneracao-imposto-de-renda-03092018170026591-300x199.jpeg\" alt=\"\" width=\"300\" height=\"199\" srcset=\"https:\/\/noticiasemdestaque.com\/cd\/wp-content\/uploads\/2019\/01\/dinheiro-salario-salario-minimo-pis-abono-remuneracao-imposto-de-renda-03092018170026591-300x199.jpeg 300w, https:\/\/noticiasemdestaque.com\/cd\/wp-content\/uploads\/2019\/01\/dinheiro-salario-salario-minimo-pis-abono-remuneracao-imposto-de-renda-03092018170026591.jpeg 460w\" sizes=\"(max-width: 300px) 100vw, 300px\" \/><\/a><\/p>\n<p data-fetch=\"true\">A Secretaria de Pol\u00edtica Econ\u00f4mica (SPE) do Minist\u00e9rio da Economia elevou novamente a proje\u00e7\u00e3o da infla\u00e7\u00e3o para este ano nesta quinta-feira (16\/9). O \u00cdndice Nacional de Pre\u00e7os ao Consumidor (INPC), que embasa o reajuste do sal\u00e1rio m\u00ednimo, dever\u00e1 fechar 2021 em 8,4%. Essa\u00a0alta vai pressionar ainda mais o Or\u00e7amento de 2022, j\u00e1 que o governo considerou a infla\u00e7\u00e3o em 6,2%.<\/p>\n<p class=\"texto\">O sal\u00e1rio m\u00ednimo poder\u00e1 aumentar dos atuais R$ 1.100 para R$ 1.192,40 no ano que vem, segundo informa\u00e7\u00f5es da pasta econ\u00f4mica. Se confirmada, a eleva\u00e7\u00e3o ser\u00e1 maior do que a proposta de R$ 1.169 estimada pelo governo no Or\u00e7amento de 2022.\u00a0Com base no mesmo \u00edndice de reajuste, o teto do INSS passaria dos atuais R$ 6.433,57 para R$ 6.973,99.<\/p>\n<p class=\"texto\">Segundo informa\u00e7\u00f5es do Departamento Intersindical de Estat\u00edstica e Estudos Socioecon\u00f4micos (Dieese), atualmente, 50 milh\u00f5es de\u00a0brasileiros recebem um sal\u00e1rio m\u00ednimo no Brasil, destes, 24 milh\u00f5es s\u00e3o aposentados, benefici\u00e1rios do Instituto Nacional do Seguro Social (INSS).<\/p>\n<p class=\"texto\">Vale destacar que, em 2021, o sal\u00e1rio m\u00ednimo de R$ 1.100 n\u00e3o rep\u00f4s a infla\u00e7\u00e3o, sofrendo reajuste de 5,26%, abaixo dos 5,45% somados no INPC. Dessa forma, se realmente for cumprido o reajuste sinalizado hoje, n\u00e3o haver\u00e1 \u201cganho real\u201d no poder de compra do sal\u00e1rio.<\/p>\n<p class=\"texto\">No m\u00eas passado, o secret\u00e1rio especial do Tesouro e Or\u00e7amento do Minist\u00e9rio da Economia, Bruno Funchal, havia sinalizado que este ano haveria compensa\u00e7\u00e3o de valores no Or\u00e7amento. A pol\u00edtica de reajustes pela infla\u00e7\u00e3o e varia\u00e7\u00e3o do Produto Interno Bruto (PIB) aponta que nem sempre o sal\u00e1rio m\u00ednimo variou acima da infla\u00e7\u00e3o. No per\u00edodo de 2011 a 2018, por exemplo, o reajuste foi concedido considerando o Produto Interno Bruto de 2015 e 2016, que registrou retra\u00e7\u00e3o.<\/p>\n<div id=\"cb-publicidade-retangulo-interna-2\" class=\"pub-ret\" data-google-query-id=\"COa2z-KahPMCFawEuQYdMZYC5g\">\n<p class=\"texto\">Com o reajuste compensat\u00f3rio do sal\u00e1rio m\u00ednimo, o impacto nas contas p\u00fablicas aumenta. Segundo os c\u00e1lculos do governo, para cada R$ 1 de aumento do sal\u00e1rio m\u00ednimo \u00e9 criada uma despesa em 2021 de aproximadamente R$ 355 milh\u00f5es.<\/p>\n<p class=\"texto\">No \u00faltimo relat\u00f3rio Focus, os analistas de mercado consultados pelo Banco Central estimaram uma alta de 5,04% para o PIB de 2021. Para 2022, a estimativa no Focus \u00e9 de crescimento de 1,72%, mas diversos analistas j\u00e1 passaram a projetar uma expans\u00e3o de menos de 1,0% no pr\u00f3ximo ano ap\u00f3s o\u00a0presidente do Banco Central, Roberto Campos Neto, ter dito, nesta semana, que a institui\u00e7\u00e3o aumentar\u00e1 os juros o quanto for necess\u00e1rio para conter a infla\u00e7\u00e3o.<\/p>\n<div id=\"ppBoxFinalMateria\">\n<div class=\"pp-box-adunit pp-ad-loading pp-type-intext\">\n<div class=\"pp-adunit\">\n<div class=\"pp-ad\">\n<div id=\"P_WSCOM_FINAL_MATERIA_01_0\" data-premium=\"\" data-adunit=\"WSCOM_FINAL_MATERIA_01\" data-sizes-mobile=\"[[336,280],[300,250]]\" data-sizes-desktop=\"[[336,280],[300,250]]\" data-type=\"intext\" data-fetch=\"true\" data-google-query-id=\"CMiP8IbWhPMCFY8EcQodHrYFtA\">Wscom<\/div>\n<\/div>\n<\/div>\n<\/div>\n<\/div>\n<\/div>\n<div class=\"pp-box-adunit pp-ad-loading pp-type-intext\">\n<div class=\"pp-adunit\">\n<div class=\"pp-ad\">\n<div id=\"P_WSCOM_INTEXT_01_0\" data-premium=\"\" data-adunit=\"WSCOM_INTEXT_01\" data-sizes-mobile=\"[[336,280],[300,250]]\" data-sizes-desktop=\"[[336,280],[300,250]]\" data-type=\"intext\" data-fetch=\"true\" data-google-query-id=\"CNCGwpDWhPMCFXQAaAgdto4LxQ\"><\/div>\n<\/div>\n<\/div>\n<\/div>\n","protected":false},"excerpt":{"rendered":"<p>A Secretaria de Pol\u00edtica Econ\u00f4mica (SPE) do Minist\u00e9rio da Economia elevou novamente a proje\u00e7\u00e3o da infla\u00e7\u00e3o para este ano nesta quinta-feira (16\/9). O \u00cdndice Nacional de Pre\u00e7os ao Consumidor (INPC), que embasa o reajuste do sal\u00e1rio m\u00ednimo, dever\u00e1 fechar 2021 em 8,4%. Essa\u00a0alta vai pressionar ainda mais o Or\u00e7amento de 2022, j\u00e1 que o governo considerou a infla\u00e7\u00e3o em 6,2%. O sal\u00e1rio m\u00ednimo poder\u00e1 aumentar dos atuais R$ 1.100 para R$ 1.192,40 no ano que vem, segundo informa\u00e7\u00f5es da pasta econ\u00f4mica. Se confirmada, a eleva\u00e7\u00e3o ser\u00e1 maior do que a proposta de R$ 1.169 estimada pelo governo no Or\u00e7amento de 2022.\u00a0Com base no mesmo \u00edndice de reajuste, o teto do INSS passaria dos atuais R$ 6.433,57 para R$ 6.973,99. Segundo informa\u00e7\u00f5es do Departamento Intersindical de Estat\u00edstica e Estudos Socioecon\u00f4micos (Dieese), atualmente, 50 milh\u00f5es de\u00a0brasileiros recebem um sal\u00e1rio m\u00ednimo no Brasil, destes, 24 milh\u00f5es s\u00e3o aposentados, benefici\u00e1rios do Instituto Nacional do Seguro Social (INSS). Vale destacar que, em 2021, o sal\u00e1rio m\u00ednimo de R$ 1.100 n\u00e3o rep\u00f4s a infla\u00e7\u00e3o, sofrendo reajuste de 5,26%, abaixo dos 5,45% somados no INPC. Dessa forma, se realmente for cumprido o reajuste sinalizado hoje, n\u00e3o haver\u00e1 \u201cganho real\u201d no poder de compra do sal\u00e1rio. No m\u00eas passado, o secret\u00e1rio especial do Tesouro e Or\u00e7amento do Minist\u00e9rio da Economia, Bruno Funchal, havia sinalizado que este ano haveria compensa\u00e7\u00e3o de valores no Or\u00e7amento. A pol\u00edtica de reajustes pela infla\u00e7\u00e3o e varia\u00e7\u00e3o do Produto Interno Bruto (PIB) aponta que nem sempre o sal\u00e1rio m\u00ednimo variou acima da infla\u00e7\u00e3o. No per\u00edodo de 2011 a 2018, por exemplo, o reajuste foi concedido considerando o Produto Interno Bruto de 2015 e 2016, que registrou retra\u00e7\u00e3o. Com o reajuste compensat\u00f3rio do sal\u00e1rio m\u00ednimo, o impacto nas contas p\u00fablicas aumenta. Segundo os c\u00e1lculos do governo, para cada R$ 1 de aumento do sal\u00e1rio m\u00ednimo \u00e9 criada uma despesa em 2021 de aproximadamente R$ 355 milh\u00f5es. No \u00faltimo relat\u00f3rio Focus, os analistas de mercado consultados pelo Banco Central estimaram uma alta de 5,04% para o PIB de 2021. Para 2022, a estimativa no Focus \u00e9 de crescimento de 1,72%, mas diversos analistas j\u00e1 passaram a projetar uma expans\u00e3o de menos de 1,0% no pr\u00f3ximo ano ap\u00f3s o\u00a0presidente do Banco Central, Roberto Campos Neto, ter dito, nesta semana, que a institui\u00e7\u00e3o aumentar\u00e1 os juros o quanto for necess\u00e1rio para conter a infla\u00e7\u00e3o. Wscom<\/p>\n","protected":false},"author":2,"featured_media":14675,"comment_status":"closed","ping_status":"open","sticky":false,"template":"","format":"standard","meta":{"_eb_attr":"","_jetpack_memberships_contains_paid_content":false,"footnotes":""},"categories":[11],"tags":[],"class_list":["post-34118","post","type-post","status-publish","format-standard","has-post-thumbnail","hentry","category-economia"],"yoast_head":"<!-- This site is optimized with the Yoast SEO plugin v26.5 - https:\/\/yoast.com\/wordpress\/plugins\/seo\/ -->\n<title>Com infla\u00e7\u00e3o, sal\u00e1rio m\u00ednimo deve subir para R$ 1.192 em 2022; e teto do INSS a R$ 6.973 - Not&iacute;cias em Destaque<\/title>\n<meta name=\"robots\" content=\"index, follow, max-snippet:-1, max-image-preview:large, max-video-preview:-1\" \/>\n<link rel=\"canonical\" href=\"https:\/\/noticiasemdestaque.com\/cd\/?p=34118\" \/>\n<meta property=\"og:locale\" content=\"pt_BR\" \/>\n<meta property=\"og:type\" content=\"article\" \/>\n<meta property=\"og:title\" content=\"Com infla\u00e7\u00e3o, sal\u00e1rio m\u00ednimo deve subir para R$ 1.192 em 2022; e teto do INSS a R$ 6.973 - Not&iacute;cias em Destaque\" \/>\n<meta property=\"og:description\" content=\"A Secretaria de Pol\u00edtica Econ\u00f4mica (SPE) do Minist\u00e9rio da Economia elevou novamente a proje\u00e7\u00e3o da infla\u00e7\u00e3o para este ano nesta quinta-feira (16\/9). O \u00cdndice Nacional de Pre\u00e7os ao Consumidor (INPC), que embasa o reajuste do sal\u00e1rio m\u00ednimo, dever\u00e1 fechar 2021 em 8,4%. Essa\u00a0alta vai pressionar ainda mais o Or\u00e7amento de 2022, j\u00e1 que o governo considerou a infla\u00e7\u00e3o em 6,2%. O sal\u00e1rio m\u00ednimo poder\u00e1 aumentar dos atuais R$ 1.100 para R$ 1.192,40 no ano que vem, segundo informa\u00e7\u00f5es da pasta econ\u00f4mica. Se confirmada, a eleva\u00e7\u00e3o ser\u00e1 maior do que a proposta de R$ 1.169 estimada pelo governo no Or\u00e7amento de 2022.\u00a0Com base no mesmo \u00edndice de reajuste, o teto do INSS passaria dos atuais R$ 6.433,57 para R$ 6.973,99. Segundo informa\u00e7\u00f5es do Departamento Intersindical de Estat\u00edstica e Estudos Socioecon\u00f4micos (Dieese), atualmente, 50 milh\u00f5es de\u00a0brasileiros recebem um sal\u00e1rio m\u00ednimo no Brasil, destes, 24 milh\u00f5es s\u00e3o aposentados, benefici\u00e1rios do Instituto Nacional do Seguro Social (INSS). Vale destacar que, em 2021, o sal\u00e1rio m\u00ednimo de R$ 1.100 n\u00e3o rep\u00f4s a infla\u00e7\u00e3o, sofrendo reajuste de 5,26%, abaixo dos 5,45% somados no INPC. Dessa forma, se realmente for cumprido o reajuste sinalizado hoje, n\u00e3o haver\u00e1 \u201cganho real\u201d no poder de compra do sal\u00e1rio. No m\u00eas passado, o secret\u00e1rio especial do Tesouro e Or\u00e7amento do Minist\u00e9rio da Economia, Bruno Funchal, havia sinalizado que este ano haveria compensa\u00e7\u00e3o de valores no Or\u00e7amento. A pol\u00edtica de reajustes pela infla\u00e7\u00e3o e varia\u00e7\u00e3o do Produto Interno Bruto (PIB) aponta que nem sempre o sal\u00e1rio m\u00ednimo variou acima da infla\u00e7\u00e3o. No per\u00edodo de 2011 a 2018, por exemplo, o reajuste foi concedido considerando o Produto Interno Bruto de 2015 e 2016, que registrou retra\u00e7\u00e3o. Com o reajuste compensat\u00f3rio do sal\u00e1rio m\u00ednimo, o impacto nas contas p\u00fablicas aumenta. Segundo os c\u00e1lculos do governo, para cada R$ 1 de aumento do sal\u00e1rio m\u00ednimo \u00e9 criada uma despesa em 2021 de aproximadamente R$ 355 milh\u00f5es. No \u00faltimo relat\u00f3rio Focus, os analistas de mercado consultados pelo Banco Central estimaram uma alta de 5,04% para o PIB de 2021. Para 2022, a estimativa no Focus \u00e9 de crescimento de 1,72%, mas diversos analistas j\u00e1 passaram a projetar uma expans\u00e3o de menos de 1,0% no pr\u00f3ximo ano ap\u00f3s o\u00a0presidente do Banco Central, Roberto Campos Neto, ter dito, nesta semana, que a institui\u00e7\u00e3o aumentar\u00e1 os juros o quanto for necess\u00e1rio para conter a infla\u00e7\u00e3o. Wscom\" \/>\n<meta property=\"og:url\" content=\"https:\/\/noticiasemdestaque.com\/cd\/?p=34118\" \/>\n<meta property=\"og:site_name\" content=\"Not&iacute;cias em Destaque\" \/>\n<meta property=\"article:published_time\" content=\"2021-09-16T23:44:20+00:00\" \/>\n<meta property=\"og:image\" content=\"https:\/\/noticiasemdestaque.com\/cd\/wp-content\/uploads\/2019\/01\/dinheiro-salario-salario-minimo-pis-abono-remuneracao-imposto-de-renda-03092018170026591.jpeg\" \/>\n\t<meta property=\"og:image:width\" content=\"460\" \/>\n\t<meta property=\"og:image:height\" content=\"305\" \/>\n\t<meta property=\"og:image:type\" content=\"image\/jpeg\" \/>\n<meta name=\"author\" content=\"Not\u00edcias em Destaque\" \/>\n<meta name=\"twitter:card\" content=\"summary_large_image\" \/>\n<meta name=\"twitter:label1\" content=\"Escrito por\" \/>\n\t<meta name=\"twitter:data1\" content=\"Not\u00edcias em Destaque\" \/>\n\t<meta name=\"twitter:label2\" content=\"Est. tempo de leitura\" \/>\n\t<meta name=\"twitter:data2\" content=\"2 minutos\" \/>\n<script type=\"application\/ld+json\" class=\"yoast-schema-graph\">{\"@context\":\"https:\/\/schema.org\",\"@graph\":[{\"@type\":\"Article\",\"@id\":\"https:\/\/noticiasemdestaque.com\/cd\/?p=34118#article\",\"isPartOf\":{\"@id\":\"https:\/\/noticiasemdestaque.com\/cd\/?p=34118\"},\"author\":{\"name\":\"Not\u00edcias em Destaque\",\"@id\":\"https:\/\/noticiasemdestaque.com\/cd\/#\/schema\/person\/21320b03a7e8bb90128938dafc9b908a\"},\"headline\":\"Com infla\u00e7\u00e3o, sal\u00e1rio m\u00ednimo deve subir para R$ 1.192 em 2022; e teto do INSS a R$ 6.973\",\"datePublished\":\"2021-09-16T23:44:20+00:00\",\"mainEntityOfPage\":{\"@id\":\"https:\/\/noticiasemdestaque.com\/cd\/?p=34118\"},\"wordCount\":439,\"publisher\":{\"@id\":\"https:\/\/noticiasemdestaque.com\/cd\/#organization\"},\"image\":{\"@id\":\"https:\/\/noticiasemdestaque.com\/cd\/?p=34118#primaryimage\"},\"thumbnailUrl\":\"https:\/\/noticiasemdestaque.com\/cd\/wp-content\/uploads\/2019\/01\/dinheiro-salario-salario-minimo-pis-abono-remuneracao-imposto-de-renda-03092018170026591.jpeg\",\"articleSection\":[\"Economia\"],\"inLanguage\":\"pt-BR\"},{\"@type\":\"WebPage\",\"@id\":\"https:\/\/noticiasemdestaque.com\/cd\/?p=34118\",\"url\":\"https:\/\/noticiasemdestaque.com\/cd\/?p=34118\",\"name\":\"Com infla\u00e7\u00e3o, sal\u00e1rio m\u00ednimo deve subir para R$ 1.192 em 2022; e teto do INSS a R$ 6.973 - Not&iacute;cias em Destaque\",\"isPartOf\":{\"@id\":\"https:\/\/noticiasemdestaque.com\/cd\/#website\"},\"primaryImageOfPage\":{\"@id\":\"https:\/\/noticiasemdestaque.com\/cd\/?p=34118#primaryimage\"},\"image\":{\"@id\":\"https:\/\/noticiasemdestaque.com\/cd\/?p=34118#primaryimage\"},\"thumbnailUrl\":\"https:\/\/noticiasemdestaque.com\/cd\/wp-content\/uploads\/2019\/01\/dinheiro-salario-salario-minimo-pis-abono-remuneracao-imposto-de-renda-03092018170026591.jpeg\",\"datePublished\":\"2021-09-16T23:44:20+00:00\",\"breadcrumb\":{\"@id\":\"https:\/\/noticiasemdestaque.com\/cd\/?p=34118#breadcrumb\"},\"inLanguage\":\"pt-BR\",\"potentialAction\":[{\"@type\":\"ReadAction\",\"target\":[\"https:\/\/noticiasemdestaque.com\/cd\/?p=34118\"]}]},{\"@type\":\"ImageObject\",\"inLanguage\":\"pt-BR\",\"@id\":\"https:\/\/noticiasemdestaque.com\/cd\/?p=34118#primaryimage\",\"url\":\"https:\/\/noticiasemdestaque.com\/cd\/wp-content\/uploads\/2019\/01\/dinheiro-salario-salario-minimo-pis-abono-remuneracao-imposto-de-renda-03092018170026591.jpeg\",\"contentUrl\":\"https:\/\/noticiasemdestaque.com\/cd\/wp-content\/uploads\/2019\/01\/dinheiro-salario-salario-minimo-pis-abono-remuneracao-imposto-de-renda-03092018170026591.jpeg\",\"width\":460,\"height\":305},{\"@type\":\"BreadcrumbList\",\"@id\":\"https:\/\/noticiasemdestaque.com\/cd\/?p=34118#breadcrumb\",\"itemListElement\":[{\"@type\":\"ListItem\",\"position\":1,\"name\":\"In\u00edcio\",\"item\":\"https:\/\/noticiasemdestaque.com\/cd\/\"},{\"@type\":\"ListItem\",\"position\":2,\"name\":\"Com infla\u00e7\u00e3o, sal\u00e1rio m\u00ednimo deve subir para R$ 1.192 em 2022; e teto do INSS a R$ 6.973\"}]},{\"@type\":\"WebSite\",\"@id\":\"https:\/\/noticiasemdestaque.com\/cd\/#website\",\"url\":\"https:\/\/noticiasemdestaque.com\/cd\/\",\"name\":\"Not&iacute;cias em Destaque\",\"description\":\"\",\"publisher\":{\"@id\":\"https:\/\/noticiasemdestaque.com\/cd\/#organization\"},\"potentialAction\":[{\"@type\":\"SearchAction\",\"target\":{\"@type\":\"EntryPoint\",\"urlTemplate\":\"https:\/\/noticiasemdestaque.com\/cd\/?s={search_term_string}\"},\"query-input\":{\"@type\":\"PropertyValueSpecification\",\"valueRequired\":true,\"valueName\":\"search_term_string\"}}],\"inLanguage\":\"pt-BR\"},{\"@type\":\"Organization\",\"@id\":\"https:\/\/noticiasemdestaque.com\/cd\/#organization\",\"name\":\"Not\u00edcias em Destaque\",\"url\":\"https:\/\/noticiasemdestaque.com\/cd\/\",\"logo\":{\"@type\":\"ImageObject\",\"inLanguage\":\"pt-BR\",\"@id\":\"https:\/\/noticiasemdestaque.com\/cd\/#\/schema\/logo\/image\/\",\"url\":\"https:\/\/noticiasemdestaque.com\/cd\/wp-content\/uploads\/2022\/05\/imagem-base-noticiasemdestaque.png\",\"contentUrl\":\"https:\/\/noticiasemdestaque.com\/cd\/wp-content\/uploads\/2022\/05\/imagem-base-noticiasemdestaque.png\",\"width\":1200,\"height\":630,\"caption\":\"Not\u00edcias em Destaque\"},\"image\":{\"@id\":\"https:\/\/noticiasemdestaque.com\/cd\/#\/schema\/logo\/image\/\"}},{\"@type\":\"Person\",\"@id\":\"https:\/\/noticiasemdestaque.com\/cd\/#\/schema\/person\/21320b03a7e8bb90128938dafc9b908a\",\"name\":\"Not\u00edcias em Destaque\",\"url\":\"https:\/\/noticiasemdestaque.com\/cd\/?author=2\"}]}<\/script>\n<!-- \/ Yoast SEO plugin. -->","yoast_head_json":{"title":"Com infla\u00e7\u00e3o, sal\u00e1rio m\u00ednimo deve subir para R$ 1.192 em 2022; e teto do INSS a R$ 6.973 - Not&iacute;cias em Destaque","robots":{"index":"index","follow":"follow","max-snippet":"max-snippet:-1","max-image-preview":"max-image-preview:large","max-video-preview":"max-video-preview:-1"},"canonical":"https:\/\/noticiasemdestaque.com\/cd\/?p=34118","og_locale":"pt_BR","og_type":"article","og_title":"Com infla\u00e7\u00e3o, sal\u00e1rio m\u00ednimo deve subir para R$ 1.192 em 2022; e teto do INSS a R$ 6.973 - Not&iacute;cias em Destaque","og_description":"A Secretaria de Pol\u00edtica Econ\u00f4mica (SPE) do Minist\u00e9rio da Economia elevou novamente a proje\u00e7\u00e3o da infla\u00e7\u00e3o para este ano nesta quinta-feira (16\/9). O \u00cdndice Nacional de Pre\u00e7os ao Consumidor (INPC), que embasa o reajuste do sal\u00e1rio m\u00ednimo, dever\u00e1 fechar 2021 em 8,4%. Essa\u00a0alta vai pressionar ainda mais o Or\u00e7amento de 2022, j\u00e1 que o governo considerou a infla\u00e7\u00e3o em 6,2%. O sal\u00e1rio m\u00ednimo poder\u00e1 aumentar dos atuais R$ 1.100 para R$ 1.192,40 no ano que vem, segundo informa\u00e7\u00f5es da pasta econ\u00f4mica. Se confirmada, a eleva\u00e7\u00e3o ser\u00e1 maior do que a proposta de R$ 1.169 estimada pelo governo no Or\u00e7amento de 2022.\u00a0Com base no mesmo \u00edndice de reajuste, o teto do INSS passaria dos atuais R$ 6.433,57 para R$ 6.973,99. Segundo informa\u00e7\u00f5es do Departamento Intersindical de Estat\u00edstica e Estudos Socioecon\u00f4micos (Dieese), atualmente, 50 milh\u00f5es de\u00a0brasileiros recebem um sal\u00e1rio m\u00ednimo no Brasil, destes, 24 milh\u00f5es s\u00e3o aposentados, benefici\u00e1rios do Instituto Nacional do Seguro Social (INSS). Vale destacar que, em 2021, o sal\u00e1rio m\u00ednimo de R$ 1.100 n\u00e3o rep\u00f4s a infla\u00e7\u00e3o, sofrendo reajuste de 5,26%, abaixo dos 5,45% somados no INPC. Dessa forma, se realmente for cumprido o reajuste sinalizado hoje, n\u00e3o haver\u00e1 \u201cganho real\u201d no poder de compra do sal\u00e1rio. No m\u00eas passado, o secret\u00e1rio especial do Tesouro e Or\u00e7amento do Minist\u00e9rio da Economia, Bruno Funchal, havia sinalizado que este ano haveria compensa\u00e7\u00e3o de valores no Or\u00e7amento. A pol\u00edtica de reajustes pela infla\u00e7\u00e3o e varia\u00e7\u00e3o do Produto Interno Bruto (PIB) aponta que nem sempre o sal\u00e1rio m\u00ednimo variou acima da infla\u00e7\u00e3o. No per\u00edodo de 2011 a 2018, por exemplo, o reajuste foi concedido considerando o Produto Interno Bruto de 2015 e 2016, que registrou retra\u00e7\u00e3o. Com o reajuste compensat\u00f3rio do sal\u00e1rio m\u00ednimo, o impacto nas contas p\u00fablicas aumenta. Segundo os c\u00e1lculos do governo, para cada R$ 1 de aumento do sal\u00e1rio m\u00ednimo \u00e9 criada uma despesa em 2021 de aproximadamente R$ 355 milh\u00f5es. No \u00faltimo relat\u00f3rio Focus, os analistas de mercado consultados pelo Banco Central estimaram uma alta de 5,04% para o PIB de 2021. Para 2022, a estimativa no Focus \u00e9 de crescimento de 1,72%, mas diversos analistas j\u00e1 passaram a projetar uma expans\u00e3o de menos de 1,0% no pr\u00f3ximo ano ap\u00f3s o\u00a0presidente do Banco Central, Roberto Campos Neto, ter dito, nesta semana, que a institui\u00e7\u00e3o aumentar\u00e1 os juros o quanto for necess\u00e1rio para conter a infla\u00e7\u00e3o. Wscom","og_url":"https:\/\/noticiasemdestaque.com\/cd\/?p=34118","og_site_name":"Not&iacute;cias em Destaque","article_published_time":"2021-09-16T23:44:20+00:00","og_image":[{"width":460,"height":305,"url":"https:\/\/noticiasemdestaque.com\/cd\/wp-content\/uploads\/2019\/01\/dinheiro-salario-salario-minimo-pis-abono-remuneracao-imposto-de-renda-03092018170026591.jpeg","type":"image\/jpeg"}],"author":"Not\u00edcias em Destaque","twitter_card":"summary_large_image","twitter_misc":{"Escrito por":"Not\u00edcias em Destaque","Est. tempo de leitura":"2 minutos"},"schema":{"@context":"https:\/\/schema.org","@graph":[{"@type":"Article","@id":"https:\/\/noticiasemdestaque.com\/cd\/?p=34118#article","isPartOf":{"@id":"https:\/\/noticiasemdestaque.com\/cd\/?p=34118"},"author":{"name":"Not\u00edcias em Destaque","@id":"https:\/\/noticiasemdestaque.com\/cd\/#\/schema\/person\/21320b03a7e8bb90128938dafc9b908a"},"headline":"Com infla\u00e7\u00e3o, sal\u00e1rio m\u00ednimo deve subir para R$ 1.192 em 2022; e teto do INSS a R$ 6.973","datePublished":"2021-09-16T23:44:20+00:00","mainEntityOfPage":{"@id":"https:\/\/noticiasemdestaque.com\/cd\/?p=34118"},"wordCount":439,"publisher":{"@id":"https:\/\/noticiasemdestaque.com\/cd\/#organization"},"image":{"@id":"https:\/\/noticiasemdestaque.com\/cd\/?p=34118#primaryimage"},"thumbnailUrl":"https:\/\/noticiasemdestaque.com\/cd\/wp-content\/uploads\/2019\/01\/dinheiro-salario-salario-minimo-pis-abono-remuneracao-imposto-de-renda-03092018170026591.jpeg","articleSection":["Economia"],"inLanguage":"pt-BR"},{"@type":"WebPage","@id":"https:\/\/noticiasemdestaque.com\/cd\/?p=34118","url":"https:\/\/noticiasemdestaque.com\/cd\/?p=34118","name":"Com infla\u00e7\u00e3o, sal\u00e1rio m\u00ednimo deve subir para R$ 1.192 em 2022; e teto do INSS a R$ 6.973 - Not&iacute;cias em Destaque","isPartOf":{"@id":"https:\/\/noticiasemdestaque.com\/cd\/#website"},"primaryImageOfPage":{"@id":"https:\/\/noticiasemdestaque.com\/cd\/?p=34118#primaryimage"},"image":{"@id":"https:\/\/noticiasemdestaque.com\/cd\/?p=34118#primaryimage"},"thumbnailUrl":"https:\/\/noticiasemdestaque.com\/cd\/wp-content\/uploads\/2019\/01\/dinheiro-salario-salario-minimo-pis-abono-remuneracao-imposto-de-renda-03092018170026591.jpeg","datePublished":"2021-09-16T23:44:20+00:00","breadcrumb":{"@id":"https:\/\/noticiasemdestaque.com\/cd\/?p=34118#breadcrumb"},"inLanguage":"pt-BR","potentialAction":[{"@type":"ReadAction","target":["https:\/\/noticiasemdestaque.com\/cd\/?p=34118"]}]},{"@type":"ImageObject","inLanguage":"pt-BR","@id":"https:\/\/noticiasemdestaque.com\/cd\/?p=34118#primaryimage","url":"https:\/\/noticiasemdestaque.com\/cd\/wp-content\/uploads\/2019\/01\/dinheiro-salario-salario-minimo-pis-abono-remuneracao-imposto-de-renda-03092018170026591.jpeg","contentUrl":"https:\/\/noticiasemdestaque.com\/cd\/wp-content\/uploads\/2019\/01\/dinheiro-salario-salario-minimo-pis-abono-remuneracao-imposto-de-renda-03092018170026591.jpeg","width":460,"height":305},{"@type":"BreadcrumbList","@id":"https:\/\/noticiasemdestaque.com\/cd\/?p=34118#breadcrumb","itemListElement":[{"@type":"ListItem","position":1,"name":"In\u00edcio","item":"https:\/\/noticiasemdestaque.com\/cd\/"},{"@type":"ListItem","position":2,"name":"Com infla\u00e7\u00e3o, sal\u00e1rio m\u00ednimo deve subir para R$ 1.192 em 2022; e teto do INSS a R$ 6.973"}]},{"@type":"WebSite","@id":"https:\/\/noticiasemdestaque.com\/cd\/#website","url":"https:\/\/noticiasemdestaque.com\/cd\/","name":"Not&iacute;cias em Destaque","description":"","publisher":{"@id":"https:\/\/noticiasemdestaque.com\/cd\/#organization"},"potentialAction":[{"@type":"SearchAction","target":{"@type":"EntryPoint","urlTemplate":"https:\/\/noticiasemdestaque.com\/cd\/?s={search_term_string}"},"query-input":{"@type":"PropertyValueSpecification","valueRequired":true,"valueName":"search_term_string"}}],"inLanguage":"pt-BR"},{"@type":"Organization","@id":"https:\/\/noticiasemdestaque.com\/cd\/#organization","name":"Not\u00edcias em Destaque","url":"https:\/\/noticiasemdestaque.com\/cd\/","logo":{"@type":"ImageObject","inLanguage":"pt-BR","@id":"https:\/\/noticiasemdestaque.com\/cd\/#\/schema\/logo\/image\/","url":"https:\/\/noticiasemdestaque.com\/cd\/wp-content\/uploads\/2022\/05\/imagem-base-noticiasemdestaque.png","contentUrl":"https:\/\/noticiasemdestaque.com\/cd\/wp-content\/uploads\/2022\/05\/imagem-base-noticiasemdestaque.png","width":1200,"height":630,"caption":"Not\u00edcias em Destaque"},"image":{"@id":"https:\/\/noticiasemdestaque.com\/cd\/#\/schema\/logo\/image\/"}},{"@type":"Person","@id":"https:\/\/noticiasemdestaque.com\/cd\/#\/schema\/person\/21320b03a7e8bb90128938dafc9b908a","name":"Not\u00edcias em Destaque","url":"https:\/\/noticiasemdestaque.com\/cd\/?author=2"}]}},"jetpack_featured_media_url":"https:\/\/noticiasemdestaque.com\/cd\/wp-content\/uploads\/2019\/01\/dinheiro-salario-salario-minimo-pis-abono-remuneracao-imposto-de-renda-03092018170026591.jpeg","jetpack_sharing_enabled":true,"_links":{"self":[{"href":"https:\/\/noticiasemdestaque.com\/cd\/index.php?rest_route=\/wp\/v2\/posts\/34118","targetHints":{"allow":["GET"]}}],"collection":[{"href":"https:\/\/noticiasemdestaque.com\/cd\/index.php?rest_route=\/wp\/v2\/posts"}],"about":[{"href":"https:\/\/noticiasemdestaque.com\/cd\/index.php?rest_route=\/wp\/v2\/types\/post"}],"author":[{"embeddable":true,"href":"https:\/\/noticiasemdestaque.com\/cd\/index.php?rest_route=\/wp\/v2\/users\/2"}],"replies":[{"embeddable":true,"href":"https:\/\/noticiasemdestaque.com\/cd\/index.php?rest_route=%2Fwp%2Fv2%2Fcomments&post=34118"}],"version-history":[{"count":1,"href":"https:\/\/noticiasemdestaque.com\/cd\/index.php?rest_route=\/wp\/v2\/posts\/34118\/revisions"}],"predecessor-version":[{"id":34119,"href":"https:\/\/noticiasemdestaque.com\/cd\/index.php?rest_route=\/wp\/v2\/posts\/34118\/revisions\/34119"}],"wp:featuredmedia":[{"embeddable":true,"href":"https:\/\/noticiasemdestaque.com\/cd\/index.php?rest_route=\/wp\/v2\/media\/14675"}],"wp:attachment":[{"href":"https:\/\/noticiasemdestaque.com\/cd\/index.php?rest_route=%2Fwp%2Fv2%2Fmedia&parent=34118"}],"wp:term":[{"taxonomy":"category","embeddable":true,"href":"https:\/\/noticiasemdestaque.com\/cd\/index.php?rest_route=%2Fwp%2Fv2%2Fcategories&post=34118"},{"taxonomy":"post_tag","embeddable":true,"href":"https:\/\/noticiasemdestaque.com\/cd\/index.php?rest_route=%2Fwp%2Fv2%2Ftags&post=34118"}],"curies":[{"name":"wp","href":"https:\/\/api.w.org\/{rel}","templated":true}]}}