{"id":3403,"date":"2017-08-20T21:22:04","date_gmt":"2017-08-21T00:22:04","guid":{"rendered":"http:\/\/caririemdestaque.com\/cd\/?p=3403"},"modified":"2017-08-20T21:22:04","modified_gmt":"2017-08-21T00:22:04","slug":"populacao-da-zona-rural-de-monteiro-recebera-filtros-em-ceramica-nesta-terca-feira","status":"publish","type":"post","link":"https:\/\/noticiasemdestaque.com\/cd\/?p=3403","title":{"rendered":"Popula\u00e7\u00e3o da zona rural de Monteiro receber\u00e1 filtros em cer\u00e2mica nesta ter\u00e7a-feira"},"content":{"rendered":"<p><a href=\"http:\/\/caririemdestaque.com\/cd\/wp-content\/uploads\/2017\/08\/filtro-de-barro.jpg\"><img fetchpriority=\"high\" decoding=\"async\" class=\"size-medium wp-image-3404 alignleft\" src=\"http:\/\/caririemdestaque.com\/cd\/wp-content\/uploads\/2017\/08\/filtro-de-barro-300x235.jpg\" alt=\"\" width=\"300\" height=\"235\" srcset=\"https:\/\/noticiasemdestaque.com\/cd\/wp-content\/uploads\/2017\/08\/filtro-de-barro-300x235.jpg 300w, https:\/\/noticiasemdestaque.com\/cd\/wp-content\/uploads\/2017\/08\/filtro-de-barro.jpg 570w\" sizes=\"(max-width: 300px) 100vw, 300px\" \/><\/a>Mais de 500 fam\u00edlias residentes na zona rural do munic\u00edpio de Monteiro receber\u00e3o filtros em cer\u00e2mica, atrav\u00e9s de uma parceria firmada entre a Prefeitura de Monteiro e o Governo da Para\u00edba.<\/p>\n<p>Os filtros ser\u00e3o entregues na manh\u00e3 de ter\u00e7a-feira, 22, no Centro de Comercializa\u00e7\u00e3o Sustent\u00e1vel de Monteiro (Parque da EMBRAPA) e contar\u00e1 com representantes da Secretaria de Desenvolvimento Social do munic\u00edpio e Secretaria de Estado do Desenvolvimento Humano do Estado (Sedh).<\/p>\n<p>O objetivo da doa\u00e7\u00e3o dos filtros em cer\u00e2mica \u00e9 assegurar a sa\u00fade da popula\u00e7\u00e3o que n\u00e3o tem a acesso \u00e0 \u00e1gua pot\u00e1vel, dentro do Plano Emergencial de Enfrentamento \u00e0 Estiagem, e que tem como meta atingir as fam\u00edlias da zona rural dos munic\u00edpios que est\u00e3o enfrentando o problema da estiagem.<\/p>\n<p>Segundo a secret\u00e1ria de Desenvolvimento Social do munic\u00edpio de Monteiro, Rosa Aleixo, ao todo 510 fam\u00edlias de todas as regi\u00f5es ser\u00e3o beneficiadas com os filtros em cer\u00e2mica, o que demonstra mais uma vez a preocupa\u00e7\u00e3o da atual gest\u00e3o com o bem estar da popula\u00e7\u00e3o.<\/p>\n<p>No local da distribui\u00e7\u00e3o ser\u00e3o oferecidos aos moradores da zona rural os servi\u00e7os de corte de cabelo e atendimento aos agricultores por representantes do Banco do Nordeste.<\/p>\n<p><strong><em>Cariri em Destaque<\/em><\/strong><\/p>\n<p>Com Ascom<\/p>\n<p>Leia mais not\u00edcias em\u00a0<a href=\"http:\/\/caririemdestaque.com\/cd\/\">www.caririemdestaque.com<\/a>, siga a nossa p\u00e1gina no\u00a0<a href=\"https:\/\/www.facebook.com\/EmdestaqueCariri\/\">Facebook<\/a>, veja nossos v\u00eddeos no\u00a0<a href=\"https:\/\/www.youtube.com\/channel\/UCS206pN3VbgsMpRgG0x3KHw\">Youtube<\/a>. Voc\u00ea tamb\u00e9m pode enviar informa\u00e7\u00f5es \u00e0 Reda\u00e7\u00e3o do CARIRI EM EM DESTAQUE pelo WhatsApp (83) 99941-8939 ou (83) 9 9676-6234.<\/p>\n","protected":false},"excerpt":{"rendered":"<p>Mais de 500 fam\u00edlias residentes na zona rural do munic\u00edpio de Monteiro receber\u00e3o filtros em cer\u00e2mica, atrav\u00e9s de uma parceria firmada entre a Prefeitura de Monteiro e o Governo da Para\u00edba. Os filtros ser\u00e3o entregues na manh\u00e3 de ter\u00e7a-feira, 22, no Centro de Comercializa\u00e7\u00e3o Sustent\u00e1vel de Monteiro (Parque da EMBRAPA) e contar\u00e1 com representantes da Secretaria de Desenvolvimento Social do munic\u00edpio e Secretaria de Estado do Desenvolvimento Humano do Estado (Sedh). O objetivo da doa\u00e7\u00e3o dos filtros em cer\u00e2mica \u00e9 assegurar a sa\u00fade da popula\u00e7\u00e3o que n\u00e3o tem a acesso \u00e0 \u00e1gua pot\u00e1vel, dentro do Plano Emergencial de Enfrentamento \u00e0 Estiagem, e que tem como meta atingir as fam\u00edlias da zona rural dos munic\u00edpios que est\u00e3o enfrentando o problema da estiagem. Segundo a secret\u00e1ria de Desenvolvimento Social do munic\u00edpio de Monteiro, Rosa Aleixo, ao todo 510 fam\u00edlias de todas as regi\u00f5es ser\u00e3o beneficiadas com os filtros em cer\u00e2mica, o que demonstra mais uma vez a preocupa\u00e7\u00e3o da atual gest\u00e3o com o bem estar da popula\u00e7\u00e3o. No local da distribui\u00e7\u00e3o ser\u00e3o oferecidos aos moradores da zona rural os servi\u00e7os de corte de cabelo e atendimento aos agricultores por representantes do Banco do Nordeste. Cariri em Destaque Com Ascom Leia mais not\u00edcias em\u00a0www.caririemdestaque.com, siga a nossa p\u00e1gina no\u00a0Facebook, veja nossos v\u00eddeos no\u00a0Youtube. Voc\u00ea tamb\u00e9m pode enviar informa\u00e7\u00f5es \u00e0 Reda\u00e7\u00e3o do CARIRI EM EM DESTAQUE pelo WhatsApp (83) 99941-8939 ou (83) 9 9676-6234.<\/p>\n","protected":false},"author":2,"featured_media":3404,"comment_status":"closed","ping_status":"open","sticky":false,"template":"","format":"standard","meta":{"_eb_attr":"","_jetpack_memberships_contains_paid_content":false,"footnotes":""},"categories":[8],"tags":[],"class_list":["post-3403","post","type-post","status-publish","format-standard","has-post-thumbnail","hentry","category-saude"],"yoast_head":"<!-- This site is optimized with the Yoast SEO plugin v26.5 - https:\/\/yoast.com\/wordpress\/plugins\/seo\/ -->\n<title>Popula\u00e7\u00e3o da zona rural de Monteiro receber\u00e1 filtros em cer\u00e2mica nesta ter\u00e7a-feira - Not&iacute;cias em Destaque<\/title>\n<meta name=\"robots\" content=\"index, follow, max-snippet:-1, max-image-preview:large, max-video-preview:-1\" \/>\n<link rel=\"canonical\" href=\"https:\/\/noticiasemdestaque.com\/cd\/?p=3403\" \/>\n<meta property=\"og:locale\" content=\"pt_BR\" \/>\n<meta property=\"og:type\" content=\"article\" \/>\n<meta property=\"og:title\" content=\"Popula\u00e7\u00e3o da zona rural de Monteiro receber\u00e1 filtros em cer\u00e2mica nesta ter\u00e7a-feira - Not&iacute;cias em Destaque\" \/>\n<meta property=\"og:description\" content=\"Mais de 500 fam\u00edlias residentes na zona rural do munic\u00edpio de Monteiro receber\u00e3o filtros em cer\u00e2mica, atrav\u00e9s de uma parceria firmada entre a Prefeitura de Monteiro e o Governo da Para\u00edba. Os filtros ser\u00e3o entregues na manh\u00e3 de ter\u00e7a-feira, 22, no Centro de Comercializa\u00e7\u00e3o Sustent\u00e1vel de Monteiro (Parque da EMBRAPA) e contar\u00e1 com representantes da Secretaria de Desenvolvimento Social do munic\u00edpio e Secretaria de Estado do Desenvolvimento Humano do Estado (Sedh). O objetivo da doa\u00e7\u00e3o dos filtros em cer\u00e2mica \u00e9 assegurar a sa\u00fade da popula\u00e7\u00e3o que n\u00e3o tem a acesso \u00e0 \u00e1gua pot\u00e1vel, dentro do Plano Emergencial de Enfrentamento \u00e0 Estiagem, e que tem como meta atingir as fam\u00edlias da zona rural dos munic\u00edpios que est\u00e3o enfrentando o problema da estiagem. Segundo a secret\u00e1ria de Desenvolvimento Social do munic\u00edpio de Monteiro, Rosa Aleixo, ao todo 510 fam\u00edlias de todas as regi\u00f5es ser\u00e3o beneficiadas com os filtros em cer\u00e2mica, o que demonstra mais uma vez a preocupa\u00e7\u00e3o da atual gest\u00e3o com o bem estar da popula\u00e7\u00e3o. No local da distribui\u00e7\u00e3o ser\u00e3o oferecidos aos moradores da zona rural os servi\u00e7os de corte de cabelo e atendimento aos agricultores por representantes do Banco do Nordeste. Cariri em Destaque Com Ascom Leia mais not\u00edcias em\u00a0www.caririemdestaque.com, siga a nossa p\u00e1gina no\u00a0Facebook, veja nossos v\u00eddeos no\u00a0Youtube. Voc\u00ea tamb\u00e9m pode enviar informa\u00e7\u00f5es \u00e0 Reda\u00e7\u00e3o do CARIRI EM EM DESTAQUE pelo WhatsApp (83) 99941-8939 ou (83) 9 9676-6234.\" \/>\n<meta property=\"og:url\" content=\"https:\/\/noticiasemdestaque.com\/cd\/?p=3403\" \/>\n<meta property=\"og:site_name\" content=\"Not&iacute;cias em Destaque\" \/>\n<meta property=\"article:published_time\" content=\"2017-08-21T00:22:04+00:00\" \/>\n<meta property=\"og:image\" content=\"https:\/\/noticiasemdestaque.com\/cd\/wp-content\/uploads\/2017\/08\/filtro-de-barro.jpg\" \/>\n\t<meta property=\"og:image:width\" content=\"570\" \/>\n\t<meta property=\"og:image:height\" content=\"447\" \/>\n\t<meta property=\"og:image:type\" content=\"image\/jpeg\" \/>\n<meta name=\"author\" content=\"Not\u00edcias em Destaque\" \/>\n<meta name=\"twitter:card\" content=\"summary_large_image\" \/>\n<meta name=\"twitter:label1\" content=\"Escrito por\" \/>\n\t<meta name=\"twitter:data1\" content=\"Not\u00edcias em Destaque\" \/>\n\t<meta name=\"twitter:label2\" content=\"Est. tempo de leitura\" \/>\n\t<meta name=\"twitter:data2\" content=\"1 minuto\" \/>\n<script type=\"application\/ld+json\" class=\"yoast-schema-graph\">{\"@context\":\"https:\/\/schema.org\",\"@graph\":[{\"@type\":\"Article\",\"@id\":\"https:\/\/noticiasemdestaque.com\/cd\/?p=3403#article\",\"isPartOf\":{\"@id\":\"https:\/\/noticiasemdestaque.com\/cd\/?p=3403\"},\"author\":{\"name\":\"Not\u00edcias em Destaque\",\"@id\":\"https:\/\/noticiasemdestaque.com\/cd\/#\/schema\/person\/4a81fb71f77579d059c3045891fa1786\"},\"headline\":\"Popula\u00e7\u00e3o da zona rural de Monteiro receber\u00e1 filtros em cer\u00e2mica nesta ter\u00e7a-feira\",\"datePublished\":\"2017-08-21T00:22:04+00:00\",\"mainEntityOfPage\":{\"@id\":\"https:\/\/noticiasemdestaque.com\/cd\/?p=3403\"},\"wordCount\":278,\"publisher\":{\"@id\":\"https:\/\/noticiasemdestaque.com\/cd\/#organization\"},\"image\":{\"@id\":\"https:\/\/noticiasemdestaque.com\/cd\/?p=3403#primaryimage\"},\"thumbnailUrl\":\"https:\/\/noticiasemdestaque.com\/cd\/wp-content\/uploads\/2017\/08\/filtro-de-barro.jpg\",\"articleSection\":[\"Sa\u00fade\"],\"inLanguage\":\"pt-BR\"},{\"@type\":\"WebPage\",\"@id\":\"https:\/\/noticiasemdestaque.com\/cd\/?p=3403\",\"url\":\"https:\/\/noticiasemdestaque.com\/cd\/?p=3403\",\"name\":\"Popula\u00e7\u00e3o da zona rural de Monteiro receber\u00e1 filtros em cer\u00e2mica nesta ter\u00e7a-feira - Not&iacute;cias em Destaque\",\"isPartOf\":{\"@id\":\"https:\/\/noticiasemdestaque.com\/cd\/#website\"},\"primaryImageOfPage\":{\"@id\":\"https:\/\/noticiasemdestaque.com\/cd\/?p=3403#primaryimage\"},\"image\":{\"@id\":\"https:\/\/noticiasemdestaque.com\/cd\/?p=3403#primaryimage\"},\"thumbnailUrl\":\"https:\/\/noticiasemdestaque.com\/cd\/wp-content\/uploads\/2017\/08\/filtro-de-barro.jpg\",\"datePublished\":\"2017-08-21T00:22:04+00:00\",\"breadcrumb\":{\"@id\":\"https:\/\/noticiasemdestaque.com\/cd\/?p=3403#breadcrumb\"},\"inLanguage\":\"pt-BR\",\"potentialAction\":[{\"@type\":\"ReadAction\",\"target\":[\"https:\/\/noticiasemdestaque.com\/cd\/?p=3403\"]}]},{\"@type\":\"ImageObject\",\"inLanguage\":\"pt-BR\",\"@id\":\"https:\/\/noticiasemdestaque.com\/cd\/?p=3403#primaryimage\",\"url\":\"https:\/\/noticiasemdestaque.com\/cd\/wp-content\/uploads\/2017\/08\/filtro-de-barro.jpg\",\"contentUrl\":\"https:\/\/noticiasemdestaque.com\/cd\/wp-content\/uploads\/2017\/08\/filtro-de-barro.jpg\",\"width\":570,\"height\":447},{\"@type\":\"BreadcrumbList\",\"@id\":\"https:\/\/noticiasemdestaque.com\/cd\/?p=3403#breadcrumb\",\"itemListElement\":[{\"@type\":\"ListItem\",\"position\":1,\"name\":\"In\u00edcio\",\"item\":\"https:\/\/noticiasemdestaque.com\/cd\/\"},{\"@type\":\"ListItem\",\"position\":2,\"name\":\"Popula\u00e7\u00e3o da zona rural de Monteiro receber\u00e1 filtros em cer\u00e2mica nesta ter\u00e7a-feira\"}]},{\"@type\":\"WebSite\",\"@id\":\"https:\/\/noticiasemdestaque.com\/cd\/#website\",\"url\":\"https:\/\/noticiasemdestaque.com\/cd\/\",\"name\":\"Not&iacute;cias em Destaque\",\"description\":\"\",\"publisher\":{\"@id\":\"https:\/\/noticiasemdestaque.com\/cd\/#organization\"},\"potentialAction\":[{\"@type\":\"SearchAction\",\"target\":{\"@type\":\"EntryPoint\",\"urlTemplate\":\"https:\/\/noticiasemdestaque.com\/cd\/?s={search_term_string}\"},\"query-input\":{\"@type\":\"PropertyValueSpecification\",\"valueRequired\":true,\"valueName\":\"search_term_string\"}}],\"inLanguage\":\"pt-BR\"},{\"@type\":\"Organization\",\"@id\":\"https:\/\/noticiasemdestaque.com\/cd\/#organization\",\"name\":\"Not\u00edcias em Destaque\",\"url\":\"https:\/\/noticiasemdestaque.com\/cd\/\",\"logo\":{\"@type\":\"ImageObject\",\"inLanguage\":\"pt-BR\",\"@id\":\"https:\/\/noticiasemdestaque.com\/cd\/#\/schema\/logo\/image\/\",\"url\":\"https:\/\/noticiasemdestaque.com\/cd\/wp-content\/uploads\/2022\/05\/imagem-base-noticiasemdestaque.png\",\"contentUrl\":\"https:\/\/noticiasemdestaque.com\/cd\/wp-content\/uploads\/2022\/05\/imagem-base-noticiasemdestaque.png\",\"width\":1200,\"height\":630,\"caption\":\"Not\u00edcias em Destaque\"},\"image\":{\"@id\":\"https:\/\/noticiasemdestaque.com\/cd\/#\/schema\/logo\/image\/\"}},{\"@type\":\"Person\",\"@id\":\"https:\/\/noticiasemdestaque.com\/cd\/#\/schema\/person\/4a81fb71f77579d059c3045891fa1786\",\"name\":\"Not\u00edcias em Destaque\",\"url\":\"https:\/\/noticiasemdestaque.com\/cd\/?author=2\"}]}<\/script>\n<!-- \/ Yoast SEO plugin. -->","yoast_head_json":{"title":"Popula\u00e7\u00e3o da zona rural de Monteiro receber\u00e1 filtros em cer\u00e2mica nesta ter\u00e7a-feira - Not&iacute;cias em Destaque","robots":{"index":"index","follow":"follow","max-snippet":"max-snippet:-1","max-image-preview":"max-image-preview:large","max-video-preview":"max-video-preview:-1"},"canonical":"https:\/\/noticiasemdestaque.com\/cd\/?p=3403","og_locale":"pt_BR","og_type":"article","og_title":"Popula\u00e7\u00e3o da zona rural de Monteiro receber\u00e1 filtros em cer\u00e2mica nesta ter\u00e7a-feira - Not&iacute;cias em Destaque","og_description":"Mais de 500 fam\u00edlias residentes na zona rural do munic\u00edpio de Monteiro receber\u00e3o filtros em cer\u00e2mica, atrav\u00e9s de uma parceria firmada entre a Prefeitura de Monteiro e o Governo da Para\u00edba. Os filtros ser\u00e3o entregues na manh\u00e3 de ter\u00e7a-feira, 22, no Centro de Comercializa\u00e7\u00e3o Sustent\u00e1vel de Monteiro (Parque da EMBRAPA) e contar\u00e1 com representantes da Secretaria de Desenvolvimento Social do munic\u00edpio e Secretaria de Estado do Desenvolvimento Humano do Estado (Sedh). O objetivo da doa\u00e7\u00e3o dos filtros em cer\u00e2mica \u00e9 assegurar a sa\u00fade da popula\u00e7\u00e3o que n\u00e3o tem a acesso \u00e0 \u00e1gua pot\u00e1vel, dentro do Plano Emergencial de Enfrentamento \u00e0 Estiagem, e que tem como meta atingir as fam\u00edlias da zona rural dos munic\u00edpios que est\u00e3o enfrentando o problema da estiagem. Segundo a secret\u00e1ria de Desenvolvimento Social do munic\u00edpio de Monteiro, Rosa Aleixo, ao todo 510 fam\u00edlias de todas as regi\u00f5es ser\u00e3o beneficiadas com os filtros em cer\u00e2mica, o que demonstra mais uma vez a preocupa\u00e7\u00e3o da atual gest\u00e3o com o bem estar da popula\u00e7\u00e3o. No local da distribui\u00e7\u00e3o ser\u00e3o oferecidos aos moradores da zona rural os servi\u00e7os de corte de cabelo e atendimento aos agricultores por representantes do Banco do Nordeste. Cariri em Destaque Com Ascom Leia mais not\u00edcias em\u00a0www.caririemdestaque.com, siga a nossa p\u00e1gina no\u00a0Facebook, veja nossos v\u00eddeos no\u00a0Youtube. Voc\u00ea tamb\u00e9m pode enviar informa\u00e7\u00f5es \u00e0 Reda\u00e7\u00e3o do CARIRI EM EM DESTAQUE pelo WhatsApp (83) 99941-8939 ou (83) 9 9676-6234.","og_url":"https:\/\/noticiasemdestaque.com\/cd\/?p=3403","og_site_name":"Not&iacute;cias em Destaque","article_published_time":"2017-08-21T00:22:04+00:00","og_image":[{"width":570,"height":447,"url":"https:\/\/noticiasemdestaque.com\/cd\/wp-content\/uploads\/2017\/08\/filtro-de-barro.jpg","type":"image\/jpeg"}],"author":"Not\u00edcias em Destaque","twitter_card":"summary_large_image","twitter_misc":{"Escrito por":"Not\u00edcias em Destaque","Est. tempo de leitura":"1 minuto"},"schema":{"@context":"https:\/\/schema.org","@graph":[{"@type":"Article","@id":"https:\/\/noticiasemdestaque.com\/cd\/?p=3403#article","isPartOf":{"@id":"https:\/\/noticiasemdestaque.com\/cd\/?p=3403"},"author":{"name":"Not\u00edcias em Destaque","@id":"https:\/\/noticiasemdestaque.com\/cd\/#\/schema\/person\/4a81fb71f77579d059c3045891fa1786"},"headline":"Popula\u00e7\u00e3o da zona rural de Monteiro receber\u00e1 filtros em cer\u00e2mica nesta ter\u00e7a-feira","datePublished":"2017-08-21T00:22:04+00:00","mainEntityOfPage":{"@id":"https:\/\/noticiasemdestaque.com\/cd\/?p=3403"},"wordCount":278,"publisher":{"@id":"https:\/\/noticiasemdestaque.com\/cd\/#organization"},"image":{"@id":"https:\/\/noticiasemdestaque.com\/cd\/?p=3403#primaryimage"},"thumbnailUrl":"https:\/\/noticiasemdestaque.com\/cd\/wp-content\/uploads\/2017\/08\/filtro-de-barro.jpg","articleSection":["Sa\u00fade"],"inLanguage":"pt-BR"},{"@type":"WebPage","@id":"https:\/\/noticiasemdestaque.com\/cd\/?p=3403","url":"https:\/\/noticiasemdestaque.com\/cd\/?p=3403","name":"Popula\u00e7\u00e3o da zona rural de Monteiro receber\u00e1 filtros em cer\u00e2mica nesta ter\u00e7a-feira - Not&iacute;cias em Destaque","isPartOf":{"@id":"https:\/\/noticiasemdestaque.com\/cd\/#website"},"primaryImageOfPage":{"@id":"https:\/\/noticiasemdestaque.com\/cd\/?p=3403#primaryimage"},"image":{"@id":"https:\/\/noticiasemdestaque.com\/cd\/?p=3403#primaryimage"},"thumbnailUrl":"https:\/\/noticiasemdestaque.com\/cd\/wp-content\/uploads\/2017\/08\/filtro-de-barro.jpg","datePublished":"2017-08-21T00:22:04+00:00","breadcrumb":{"@id":"https:\/\/noticiasemdestaque.com\/cd\/?p=3403#breadcrumb"},"inLanguage":"pt-BR","potentialAction":[{"@type":"ReadAction","target":["https:\/\/noticiasemdestaque.com\/cd\/?p=3403"]}]},{"@type":"ImageObject","inLanguage":"pt-BR","@id":"https:\/\/noticiasemdestaque.com\/cd\/?p=3403#primaryimage","url":"https:\/\/noticiasemdestaque.com\/cd\/wp-content\/uploads\/2017\/08\/filtro-de-barro.jpg","contentUrl":"https:\/\/noticiasemdestaque.com\/cd\/wp-content\/uploads\/2017\/08\/filtro-de-barro.jpg","width":570,"height":447},{"@type":"BreadcrumbList","@id":"https:\/\/noticiasemdestaque.com\/cd\/?p=3403#breadcrumb","itemListElement":[{"@type":"ListItem","position":1,"name":"In\u00edcio","item":"https:\/\/noticiasemdestaque.com\/cd\/"},{"@type":"ListItem","position":2,"name":"Popula\u00e7\u00e3o da zona rural de Monteiro receber\u00e1 filtros em cer\u00e2mica nesta ter\u00e7a-feira"}]},{"@type":"WebSite","@id":"https:\/\/noticiasemdestaque.com\/cd\/#website","url":"https:\/\/noticiasemdestaque.com\/cd\/","name":"Not&iacute;cias em Destaque","description":"","publisher":{"@id":"https:\/\/noticiasemdestaque.com\/cd\/#organization"},"potentialAction":[{"@type":"SearchAction","target":{"@type":"EntryPoint","urlTemplate":"https:\/\/noticiasemdestaque.com\/cd\/?s={search_term_string}"},"query-input":{"@type":"PropertyValueSpecification","valueRequired":true,"valueName":"search_term_string"}}],"inLanguage":"pt-BR"},{"@type":"Organization","@id":"https:\/\/noticiasemdestaque.com\/cd\/#organization","name":"Not\u00edcias em Destaque","url":"https:\/\/noticiasemdestaque.com\/cd\/","logo":{"@type":"ImageObject","inLanguage":"pt-BR","@id":"https:\/\/noticiasemdestaque.com\/cd\/#\/schema\/logo\/image\/","url":"https:\/\/noticiasemdestaque.com\/cd\/wp-content\/uploads\/2022\/05\/imagem-base-noticiasemdestaque.png","contentUrl":"https:\/\/noticiasemdestaque.com\/cd\/wp-content\/uploads\/2022\/05\/imagem-base-noticiasemdestaque.png","width":1200,"height":630,"caption":"Not\u00edcias em Destaque"},"image":{"@id":"https:\/\/noticiasemdestaque.com\/cd\/#\/schema\/logo\/image\/"}},{"@type":"Person","@id":"https:\/\/noticiasemdestaque.com\/cd\/#\/schema\/person\/4a81fb71f77579d059c3045891fa1786","name":"Not\u00edcias em Destaque","url":"https:\/\/noticiasemdestaque.com\/cd\/?author=2"}]}},"jetpack_featured_media_url":"https:\/\/noticiasemdestaque.com\/cd\/wp-content\/uploads\/2017\/08\/filtro-de-barro.jpg","jetpack_sharing_enabled":true,"_links":{"self":[{"href":"https:\/\/noticiasemdestaque.com\/cd\/index.php?rest_route=\/wp\/v2\/posts\/3403","targetHints":{"allow":["GET"]}}],"collection":[{"href":"https:\/\/noticiasemdestaque.com\/cd\/index.php?rest_route=\/wp\/v2\/posts"}],"about":[{"href":"https:\/\/noticiasemdestaque.com\/cd\/index.php?rest_route=\/wp\/v2\/types\/post"}],"author":[{"embeddable":true,"href":"https:\/\/noticiasemdestaque.com\/cd\/index.php?rest_route=\/wp\/v2\/users\/2"}],"replies":[{"embeddable":true,"href":"https:\/\/noticiasemdestaque.com\/cd\/index.php?rest_route=%2Fwp%2Fv2%2Fcomments&post=3403"}],"version-history":[{"count":1,"href":"https:\/\/noticiasemdestaque.com\/cd\/index.php?rest_route=\/wp\/v2\/posts\/3403\/revisions"}],"predecessor-version":[{"id":3405,"href":"https:\/\/noticiasemdestaque.com\/cd\/index.php?rest_route=\/wp\/v2\/posts\/3403\/revisions\/3405"}],"wp:featuredmedia":[{"embeddable":true,"href":"https:\/\/noticiasemdestaque.com\/cd\/index.php?rest_route=\/wp\/v2\/media\/3404"}],"wp:attachment":[{"href":"https:\/\/noticiasemdestaque.com\/cd\/index.php?rest_route=%2Fwp%2Fv2%2Fmedia&parent=3403"}],"wp:term":[{"taxonomy":"category","embeddable":true,"href":"https:\/\/noticiasemdestaque.com\/cd\/index.php?rest_route=%2Fwp%2Fv2%2Fcategories&post=3403"},{"taxonomy":"post_tag","embeddable":true,"href":"https:\/\/noticiasemdestaque.com\/cd\/index.php?rest_route=%2Fwp%2Fv2%2Ftags&post=3403"}],"curies":[{"name":"wp","href":"https:\/\/api.w.org\/{rel}","templated":true}]}}