{"id":34,"date":"2017-05-25T19:24:43","date_gmt":"2017-05-25T22:24:43","guid":{"rendered":"http:\/\/caririemdestaque.com\/cd\/?p=34"},"modified":"2017-05-25T19:24:43","modified_gmt":"2017-05-25T22:24:43","slug":"sus-amplia-prevencao-contra-casos-de-aids","status":"publish","type":"post","link":"https:\/\/noticiasemdestaque.com\/cd\/?p=34","title":{"rendered":"SUS amplia preven\u00e7\u00e3o contra casos de Aids"},"content":{"rendered":"<p><a href=\"http:\/\/caririemdestaque.com\/cd\/wp-content\/uploads\/2017\/05\/cartao-sus-300x169.jpg\"><img fetchpriority=\"high\" decoding=\"async\" class=\"size-medium wp-image-35 aligncenter\" src=\"http:\/\/caririemdestaque.com\/cd\/wp-content\/uploads\/2017\/05\/cartao-sus-300x169-300x169.jpg\" alt=\"\" width=\"300\" height=\"169\" \/><\/a><\/p>\n<p><span style=\"font-style: inherit; font-weight: inherit;\">O Minist\u00e9rio da Sa\u00fade anunciou ontem a incorpora\u00e7\u00e3o no SUS de tratamento que previne a infec\u00e7\u00e3o pelo HIV. A terapia ser\u00e1 ofertada a grupos mais expostos ao risco, como homens que fazem sexo com homens e profissionais do sexo.<\/span><\/p>\n<p><span style=\"font-style: inherit; font-weight: inherit;\">O tratamento consiste na administra\u00e7\u00e3o di\u00e1ria do antirretroviral Truvada, que \u00e9 uma combina\u00e7\u00e3o de outros dois medicamentos (tenofovir e emtricitabina), em pessoas n\u00e3o infectadas pelo HIV que mant\u00eam rela\u00e7\u00f5es de risco.<\/span><\/p>\n<p><span style=\"font-style: inherit; font-weight: inherit;\">No primeiro ano, o tratamento estar\u00e1 dispon\u00edvel para 7.000 pessoas, n\u00famero que foi tido como insuficiente por especialistas durante discuss\u00e3o sobre o assunto na Conitec (Comiss\u00e3o Nacional de Incorpora\u00e7\u00e3o de Tecnologias), que recomendou a terapia.<\/span><\/p>\n<p><span style=\"font-style: inherit; font-weight: inherit;\">Segundo eles, o c\u00e1lculo de 7.000 s\u00f3 atingiria 3,8% dos homens gays e bis -trans, travestis e heterossexuais n\u00e3o entrariam nesse c\u00e1lculo.<\/span><\/p>\n<p><span style=\"font-style: inherit; font-weight: inherit;\">Estimativa feita nos EUA prev\u00ea que um quarto dos homens que fazem sexo com homens teriam recomenda\u00e7\u00e3o para usar a a chamada \u201cprep\u201d (da sigla em ingl\u00eas para profilaxia pr\u00e9-exposi\u00e7\u00e3o).<\/span><\/p>\n<p><span style=\"font-style: inherit; font-weight: inherit;\">Se a mesma propor\u00e7\u00e3o fosse usada no Brasil, mais de 220 mil pessoas deveriam receber a terapia.<\/span><\/p>\n<p><span style=\"font-style: inherit; font-weight: inherit;\">Desde 2012 a OMS (Organiza\u00e7\u00e3o Mundial de Sa\u00fade) recomenda a oferta de prep para casais sorodiscordantes (ou seja, em que um dos parceiros tem HIV), homens que fazem sexo com homens, profissionais do sexo e transg\u00eaneros (travestis e transexuais).<\/span><\/p>\n<p><span style=\"font-style: inherit; font-weight: inherit;\">As taxas de preval\u00eancia de HIV s\u00e3o mais elevadas nesses subgrupos populacionais (varia de 5% a 10%), quando comparadas \u00e0s taxas na popula\u00e7\u00e3o geral (0,4%).<\/span><\/p>\n<p><span style=\"font-style: inherit; font-weight: inherit;\">No an\u00fancio de ontem, o minist\u00e9rio n\u00e3o informou quais grupos de risco ter\u00e3o prioridade na indica\u00e7\u00e3o da droga. Para isso, segundo o \u00f3rg\u00e3o, profissionais da sa\u00fade v\u00e3o realizar uma avalia\u00e7\u00e3o da vulnerabilidade do paciente.<\/span><\/p>\n<p><span style=\"font-style: inherit; font-weight: inherit;\">\u201cUma s\u00e9rie de crit\u00e9rios deve ser levada em conta antes da indica\u00e7\u00e3o da prep, como o n\u00famero de parceiros sexuais, os outros m\u00e9todos de preven\u00e7\u00e3o utilizados, o compromisso com a ades\u00e3o ao medicamento, entre outros\u201d, afirmou Adele Benzaken, diretora do Departamento de DST, Aids e Hepatites Virais do Minist\u00e9rio da Sa\u00fade.<\/span><\/p>\n<p><span style=\"font-style: inherit; font-weight: inherit;\">Para o infectologista Esper Kall\u00e1s, professor e pesquisador da USP, a quantidade inicial prevista de comprimidos no Brasil n\u00e3o \u00e9 problema porque a oferta poder\u00e1 ser redimensionada conforme a demanda. \u201cA incorpora\u00e7\u00e3o \u00e9 um grande avan\u00e7o. H\u00e1 dez anos, \u00e9ramos chamados de loucos, anti\u00e9ticos, havia preconceito. Ver isso sendo transformado em realidade \u00e9 show.\u201d<\/span><\/p>\n<p><span style=\"font-style: inherit; font-weight: inherit;\">O investimento inicial do Minist\u00e9rio da Sa\u00fade ser\u00e1 de US$ 1,9 milh\u00e3o na compra de 2,5 milh\u00f5es de comprimidos, o que deve atender a demanda pelo per\u00edodo de um ano. A distribui\u00e7\u00e3o da terapia no SUS come\u00e7a em 180 dias.<\/span><\/p>\n<p><span style=\"font-style: inherit; font-weight: inherit;\">Mario Scheffer, professor do departamento de sa\u00fade preventiva da USP, afirma que, pelo fato de a patente do Truvada estar em dom\u00ednio p\u00fablico, fica aberto o caminho para os gen\u00e9ricos, o que reduziria o custo. Ainda cabe recurso da farmac\u00eautica Gilead, fabricante da droga.<\/span><\/p>\n<p><span style=\"font-style: inherit; font-weight: inherit;\">Segundo ele, muitos dos grupos vulner\u00e1veis ainda n\u00e3o foram sequer informados sobre a distribui\u00e7\u00e3o ou do que se trata a prep. \u201cVai ter campanha dirigida aos mais vulner\u00e1veis informando sobre o novo direito? Faz tempo que o Minist\u00e9rio da Sa\u00fade censurou campanhas dirigidas aos homossexuais e profissionais do sexo\u201d, diz Scheffer.<\/span><\/p>\n<p><span style=\"font-style: inherit; font-weight: inherit;\">Efeitos colaterais<\/span><\/p>\n<p><span style=\"font-style: inherit; font-weight: inherit;\">Nos \u00faltimos anos, a discuss\u00e3o sobre a oferta da prep no SUS gerou questionamentos sobre a possibilidade de a terapia criar resist\u00eancia ou causar efeitos colaterais em pessoas saud\u00e1veis, que, dificilmente, seriam convencidas a fazer uso di\u00e1rio de um rem\u00e9dio.<\/span><\/p>\n<p><span style=\"font-style: inherit; font-weight: inherit;\">Para Esper Kall\u00e1s, a profilaxia provoca poucos efeitos colaterais. \u201cS\u00e3o facilmente administr\u00e1veis.\u201d Ele diz que outra grande vantagem da prep \u00e9 trazer essas pessoas para o centro de assist\u00eancia.<\/span><\/p>\n<p><span style=\"font-style: inherit; font-weight: inherit;\">\u201cN\u00e3o \u00e9 s\u00f3 dar o rem\u00e9dio e prevenir os efeitos colaterais, \u00e9 dar aconselhamento sobre o uso da camisinha e o teste de HIV com frequ\u00eancia, reduzir o n\u00famero de parceiros. \u00c9 uma a\u00e7\u00e3o em sa\u00fade p\u00fablica.\u201d<\/span><\/p>\n<p><span style=\"font-style: inherit; font-weight: inherit;\">Para Kall\u00e1s, a rela\u00e7\u00e3o de custo e benef\u00edcio da droga \u00e9 alt\u00edssima porque, ao prevenir uma infec\u00e7\u00e3o nessa popula\u00e7\u00e3o vulner\u00e1vel, v\u00e1rias outras pessoas estar\u00e3o sendo poupadas do risco de se infectar com o v\u00edrus.<\/span><\/p>\n<p><span style=\"font-style: inherit; font-weight: inherit;\">A preven\u00e7\u00e3o ser\u00e1 ofertada nos servi\u00e7os do SUS que j\u00e1 trabalham com preven\u00e7\u00e3o do HIV. Segundo o minist\u00e9rio, a prep s\u00f3 ser\u00e1 indicada ap\u00f3s testagem do paciente para HIV, uma vez que ela \u00e9 contraindicada para pessoas j\u00e1 infectadas pelo v\u00edrus. Nesses casos, ela pode causar resist\u00eancia ao tratamento.<\/span><\/p>\n<p><span style=\"font-style: inherit; font-weight: inherit;\">Atualmente, 827 mil pessoas vivem com HIV\/Aids no pa\u00eds. Desse total, 372 mil ainda n\u00e3o est\u00e3o em tratamento, sendo que 260 mil j\u00e1 sabem que est\u00e3o infectadas e 112 mil pessoas desconhecem o fato.<\/span><\/p>\n<p><span style=\"font-style: inherit; font-weight: inherit;\">Com a nova medida, o Brasil se torna o primeiro pa\u00eds da Am\u00e9rica Latina a utilizar essa estrat\u00e9gia de preven\u00e7\u00e3o como pol\u00edtica de sa\u00fade p\u00fablica.<\/span><\/p>\n<p>&nbsp;<\/p>\n<p><span style=\"font-style: inherit; font-weight: inherit;\">Correio da Para\u00edba<\/span><\/p>\n","protected":false},"excerpt":{"rendered":"<p>O Minist\u00e9rio da Sa\u00fade anunciou ontem a incorpora\u00e7\u00e3o no SUS de tratamento que previne a infec\u00e7\u00e3o pelo HIV. A terapia ser\u00e1 ofertada a grupos mais expostos ao risco, como homens que fazem sexo com homens e profissionais do sexo. O tratamento consiste na administra\u00e7\u00e3o di\u00e1ria do antirretroviral Truvada, que \u00e9 uma combina\u00e7\u00e3o de outros dois medicamentos (tenofovir e emtricitabina), em pessoas n\u00e3o infectadas pelo HIV que mant\u00eam rela\u00e7\u00f5es de risco. No primeiro ano, o tratamento estar\u00e1 dispon\u00edvel para 7.000 pessoas, n\u00famero que foi tido como insuficiente por especialistas durante discuss\u00e3o sobre o assunto na Conitec (Comiss\u00e3o Nacional de Incorpora\u00e7\u00e3o de Tecnologias), que recomendou a terapia. Segundo eles, o c\u00e1lculo de 7.000 s\u00f3 atingiria 3,8% dos homens gays e bis -trans, travestis e heterossexuais n\u00e3o entrariam nesse c\u00e1lculo. Estimativa feita nos EUA prev\u00ea que um quarto dos homens que fazem sexo com homens teriam recomenda\u00e7\u00e3o para usar a a chamada \u201cprep\u201d (da sigla em ingl\u00eas para profilaxia pr\u00e9-exposi\u00e7\u00e3o). Se a mesma propor\u00e7\u00e3o fosse usada no Brasil, mais de 220 mil pessoas deveriam receber a terapia. Desde 2012 a OMS (Organiza\u00e7\u00e3o Mundial de Sa\u00fade) recomenda a oferta de prep para casais sorodiscordantes (ou seja, em que um dos parceiros tem HIV), homens que fazem sexo com homens, profissionais do sexo e transg\u00eaneros (travestis e transexuais). As taxas de preval\u00eancia de HIV s\u00e3o mais elevadas nesses subgrupos populacionais (varia de 5% a 10%), quando comparadas \u00e0s taxas na popula\u00e7\u00e3o geral (0,4%). No an\u00fancio de ontem, o minist\u00e9rio n\u00e3o informou quais grupos de risco ter\u00e3o prioridade na indica\u00e7\u00e3o da droga. Para isso, segundo o \u00f3rg\u00e3o, profissionais da sa\u00fade v\u00e3o realizar uma avalia\u00e7\u00e3o da vulnerabilidade do paciente. \u201cUma s\u00e9rie de crit\u00e9rios deve ser levada em conta antes da indica\u00e7\u00e3o da prep, como o n\u00famero de parceiros sexuais, os outros m\u00e9todos de preven\u00e7\u00e3o utilizados, o compromisso com a ades\u00e3o ao medicamento, entre outros\u201d, afirmou Adele Benzaken, diretora do Departamento de DST, Aids e Hepatites Virais do Minist\u00e9rio da Sa\u00fade. Para o infectologista Esper Kall\u00e1s, professor e pesquisador da USP, a quantidade inicial prevista de comprimidos no Brasil n\u00e3o \u00e9 problema porque a oferta poder\u00e1 ser redimensionada conforme a demanda. \u201cA incorpora\u00e7\u00e3o \u00e9 um grande avan\u00e7o. H\u00e1 dez anos, \u00e9ramos chamados de loucos, anti\u00e9ticos, havia preconceito. Ver isso sendo transformado em realidade \u00e9 show.\u201d O investimento inicial do Minist\u00e9rio da Sa\u00fade ser\u00e1 de US$ 1,9 milh\u00e3o na compra de 2,5 milh\u00f5es de comprimidos, o que deve atender a demanda pelo per\u00edodo de um ano. A distribui\u00e7\u00e3o da terapia no SUS come\u00e7a em 180 dias. Mario Scheffer, professor do departamento de sa\u00fade preventiva da USP, afirma que, pelo fato de a patente do Truvada estar em dom\u00ednio p\u00fablico, fica aberto o caminho para os gen\u00e9ricos, o que reduziria o custo. Ainda cabe recurso da farmac\u00eautica Gilead, fabricante da droga. Segundo ele, muitos dos grupos vulner\u00e1veis ainda n\u00e3o foram sequer informados sobre a distribui\u00e7\u00e3o ou do que se trata a prep. \u201cVai ter campanha dirigida aos mais vulner\u00e1veis informando sobre o novo direito? Faz tempo que o Minist\u00e9rio da Sa\u00fade censurou campanhas dirigidas aos homossexuais e profissionais do sexo\u201d, diz Scheffer. Efeitos colaterais Nos \u00faltimos anos, a discuss\u00e3o sobre a oferta da prep no SUS gerou questionamentos sobre a possibilidade de a terapia criar resist\u00eancia ou causar efeitos colaterais em pessoas saud\u00e1veis, que, dificilmente, seriam convencidas a fazer uso di\u00e1rio de um rem\u00e9dio. Para Esper Kall\u00e1s, a profilaxia provoca poucos efeitos colaterais. \u201cS\u00e3o facilmente administr\u00e1veis.\u201d Ele diz que outra grande vantagem da prep \u00e9 trazer essas pessoas para o centro de assist\u00eancia. \u201cN\u00e3o \u00e9 s\u00f3 dar o rem\u00e9dio e prevenir os efeitos colaterais, \u00e9 dar aconselhamento sobre o uso da camisinha e o teste de HIV com frequ\u00eancia, reduzir o n\u00famero de parceiros. \u00c9 uma a\u00e7\u00e3o em sa\u00fade p\u00fablica.\u201d Para Kall\u00e1s, a rela\u00e7\u00e3o de custo e benef\u00edcio da droga \u00e9 alt\u00edssima porque, ao prevenir uma infec\u00e7\u00e3o nessa popula\u00e7\u00e3o vulner\u00e1vel, v\u00e1rias outras pessoas estar\u00e3o sendo poupadas do risco de se infectar com o v\u00edrus. A preven\u00e7\u00e3o ser\u00e1 ofertada nos servi\u00e7os do SUS que j\u00e1 trabalham com preven\u00e7\u00e3o do HIV. Segundo o minist\u00e9rio, a prep s\u00f3 ser\u00e1 indicada ap\u00f3s testagem do paciente para HIV, uma vez que ela \u00e9 contraindicada para pessoas j\u00e1 infectadas pelo v\u00edrus. Nesses casos, ela pode causar resist\u00eancia ao tratamento. Atualmente, 827 mil pessoas vivem com HIV\/Aids no pa\u00eds. Desse total, 372 mil ainda n\u00e3o est\u00e3o em tratamento, sendo que 260 mil j\u00e1 sabem que est\u00e3o infectadas e 112 mil pessoas desconhecem o fato. Com a nova medida, o Brasil se torna o primeiro pa\u00eds da Am\u00e9rica Latina a utilizar essa estrat\u00e9gia de preven\u00e7\u00e3o como pol\u00edtica de sa\u00fade p\u00fablica. &nbsp; Correio da Para\u00edba<\/p>\n","protected":false},"author":2,"featured_media":35,"comment_status":"open","ping_status":"open","sticky":false,"template":"","format":"standard","meta":{"_eb_attr":"","_jetpack_memberships_contains_paid_content":false,"footnotes":""},"categories":[8],"tags":[],"class_list":["post-34","post","type-post","status-publish","format-standard","has-post-thumbnail","hentry","category-saude"],"yoast_head":"<!-- This site is optimized with the Yoast SEO plugin v26.5 - https:\/\/yoast.com\/wordpress\/plugins\/seo\/ -->\n<title>SUS amplia preven\u00e7\u00e3o contra casos de Aids - Not&iacute;cias em Destaque<\/title>\n<meta name=\"robots\" content=\"index, follow, max-snippet:-1, max-image-preview:large, max-video-preview:-1\" \/>\n<link rel=\"canonical\" href=\"https:\/\/noticiasemdestaque.com\/cd\/?p=34\" \/>\n<meta property=\"og:locale\" content=\"pt_BR\" \/>\n<meta property=\"og:type\" content=\"article\" \/>\n<meta property=\"og:title\" content=\"SUS amplia preven\u00e7\u00e3o contra casos de Aids - Not&iacute;cias em Destaque\" \/>\n<meta property=\"og:description\" content=\"O Minist\u00e9rio da Sa\u00fade anunciou ontem a incorpora\u00e7\u00e3o no SUS de tratamento que previne a infec\u00e7\u00e3o pelo HIV. A terapia ser\u00e1 ofertada a grupos mais expostos ao risco, como homens que fazem sexo com homens e profissionais do sexo. O tratamento consiste na administra\u00e7\u00e3o di\u00e1ria do antirretroviral Truvada, que \u00e9 uma combina\u00e7\u00e3o de outros dois medicamentos (tenofovir e emtricitabina), em pessoas n\u00e3o infectadas pelo HIV que mant\u00eam rela\u00e7\u00f5es de risco. No primeiro ano, o tratamento estar\u00e1 dispon\u00edvel para 7.000 pessoas, n\u00famero que foi tido como insuficiente por especialistas durante discuss\u00e3o sobre o assunto na Conitec (Comiss\u00e3o Nacional de Incorpora\u00e7\u00e3o de Tecnologias), que recomendou a terapia. Segundo eles, o c\u00e1lculo de 7.000 s\u00f3 atingiria 3,8% dos homens gays e bis -trans, travestis e heterossexuais n\u00e3o entrariam nesse c\u00e1lculo. Estimativa feita nos EUA prev\u00ea que um quarto dos homens que fazem sexo com homens teriam recomenda\u00e7\u00e3o para usar a a chamada \u201cprep\u201d (da sigla em ingl\u00eas para profilaxia pr\u00e9-exposi\u00e7\u00e3o). Se a mesma propor\u00e7\u00e3o fosse usada no Brasil, mais de 220 mil pessoas deveriam receber a terapia. Desde 2012 a OMS (Organiza\u00e7\u00e3o Mundial de Sa\u00fade) recomenda a oferta de prep para casais sorodiscordantes (ou seja, em que um dos parceiros tem HIV), homens que fazem sexo com homens, profissionais do sexo e transg\u00eaneros (travestis e transexuais). As taxas de preval\u00eancia de HIV s\u00e3o mais elevadas nesses subgrupos populacionais (varia de 5% a 10%), quando comparadas \u00e0s taxas na popula\u00e7\u00e3o geral (0,4%). No an\u00fancio de ontem, o minist\u00e9rio n\u00e3o informou quais grupos de risco ter\u00e3o prioridade na indica\u00e7\u00e3o da droga. Para isso, segundo o \u00f3rg\u00e3o, profissionais da sa\u00fade v\u00e3o realizar uma avalia\u00e7\u00e3o da vulnerabilidade do paciente. \u201cUma s\u00e9rie de crit\u00e9rios deve ser levada em conta antes da indica\u00e7\u00e3o da prep, como o n\u00famero de parceiros sexuais, os outros m\u00e9todos de preven\u00e7\u00e3o utilizados, o compromisso com a ades\u00e3o ao medicamento, entre outros\u201d, afirmou Adele Benzaken, diretora do Departamento de DST, Aids e Hepatites Virais do Minist\u00e9rio da Sa\u00fade. Para o infectologista Esper Kall\u00e1s, professor e pesquisador da USP, a quantidade inicial prevista de comprimidos no Brasil n\u00e3o \u00e9 problema porque a oferta poder\u00e1 ser redimensionada conforme a demanda. \u201cA incorpora\u00e7\u00e3o \u00e9 um grande avan\u00e7o. H\u00e1 dez anos, \u00e9ramos chamados de loucos, anti\u00e9ticos, havia preconceito. Ver isso sendo transformado em realidade \u00e9 show.\u201d O investimento inicial do Minist\u00e9rio da Sa\u00fade ser\u00e1 de US$ 1,9 milh\u00e3o na compra de 2,5 milh\u00f5es de comprimidos, o que deve atender a demanda pelo per\u00edodo de um ano. A distribui\u00e7\u00e3o da terapia no SUS come\u00e7a em 180 dias. Mario Scheffer, professor do departamento de sa\u00fade preventiva da USP, afirma que, pelo fato de a patente do Truvada estar em dom\u00ednio p\u00fablico, fica aberto o caminho para os gen\u00e9ricos, o que reduziria o custo. Ainda cabe recurso da farmac\u00eautica Gilead, fabricante da droga. Segundo ele, muitos dos grupos vulner\u00e1veis ainda n\u00e3o foram sequer informados sobre a distribui\u00e7\u00e3o ou do que se trata a prep. \u201cVai ter campanha dirigida aos mais vulner\u00e1veis informando sobre o novo direito? Faz tempo que o Minist\u00e9rio da Sa\u00fade censurou campanhas dirigidas aos homossexuais e profissionais do sexo\u201d, diz Scheffer. Efeitos colaterais Nos \u00faltimos anos, a discuss\u00e3o sobre a oferta da prep no SUS gerou questionamentos sobre a possibilidade de a terapia criar resist\u00eancia ou causar efeitos colaterais em pessoas saud\u00e1veis, que, dificilmente, seriam convencidas a fazer uso di\u00e1rio de um rem\u00e9dio. Para Esper Kall\u00e1s, a profilaxia provoca poucos efeitos colaterais. \u201cS\u00e3o facilmente administr\u00e1veis.\u201d Ele diz que outra grande vantagem da prep \u00e9 trazer essas pessoas para o centro de assist\u00eancia. \u201cN\u00e3o \u00e9 s\u00f3 dar o rem\u00e9dio e prevenir os efeitos colaterais, \u00e9 dar aconselhamento sobre o uso da camisinha e o teste de HIV com frequ\u00eancia, reduzir o n\u00famero de parceiros. \u00c9 uma a\u00e7\u00e3o em sa\u00fade p\u00fablica.\u201d Para Kall\u00e1s, a rela\u00e7\u00e3o de custo e benef\u00edcio da droga \u00e9 alt\u00edssima porque, ao prevenir uma infec\u00e7\u00e3o nessa popula\u00e7\u00e3o vulner\u00e1vel, v\u00e1rias outras pessoas estar\u00e3o sendo poupadas do risco de se infectar com o v\u00edrus. A preven\u00e7\u00e3o ser\u00e1 ofertada nos servi\u00e7os do SUS que j\u00e1 trabalham com preven\u00e7\u00e3o do HIV. Segundo o minist\u00e9rio, a prep s\u00f3 ser\u00e1 indicada ap\u00f3s testagem do paciente para HIV, uma vez que ela \u00e9 contraindicada para pessoas j\u00e1 infectadas pelo v\u00edrus. Nesses casos, ela pode causar resist\u00eancia ao tratamento. Atualmente, 827 mil pessoas vivem com HIV\/Aids no pa\u00eds. Desse total, 372 mil ainda n\u00e3o est\u00e3o em tratamento, sendo que 260 mil j\u00e1 sabem que est\u00e3o infectadas e 112 mil pessoas desconhecem o fato. Com a nova medida, o Brasil se torna o primeiro pa\u00eds da Am\u00e9rica Latina a utilizar essa estrat\u00e9gia de preven\u00e7\u00e3o como pol\u00edtica de sa\u00fade p\u00fablica. &nbsp; Correio da Para\u00edba\" \/>\n<meta property=\"og:url\" content=\"https:\/\/noticiasemdestaque.com\/cd\/?p=34\" \/>\n<meta property=\"og:site_name\" content=\"Not&iacute;cias em Destaque\" \/>\n<meta property=\"article:published_time\" content=\"2017-05-25T22:24:43+00:00\" \/>\n<meta property=\"og:image\" content=\"https:\/\/noticiasemdestaque.com\/cd\/wp-content\/uploads\/2017\/05\/cartao-sus-300x169.jpg\" \/>\n\t<meta property=\"og:image:width\" content=\"300\" \/>\n\t<meta property=\"og:image:height\" content=\"169\" \/>\n\t<meta property=\"og:image:type\" content=\"image\/jpeg\" \/>\n<meta name=\"author\" content=\"Not\u00edcias em Destaque\" \/>\n<meta name=\"twitter:card\" content=\"summary_large_image\" \/>\n<meta name=\"twitter:label1\" content=\"Escrito por\" \/>\n\t<meta name=\"twitter:data1\" content=\"Not\u00edcias em Destaque\" \/>\n\t<meta name=\"twitter:label2\" content=\"Est. tempo de leitura\" \/>\n\t<meta name=\"twitter:data2\" content=\"4 minutos\" \/>\n<script type=\"application\/ld+json\" class=\"yoast-schema-graph\">{\"@context\":\"https:\/\/schema.org\",\"@graph\":[{\"@type\":\"Article\",\"@id\":\"https:\/\/noticiasemdestaque.com\/cd\/?p=34#article\",\"isPartOf\":{\"@id\":\"https:\/\/noticiasemdestaque.com\/cd\/?p=34\"},\"author\":{\"name\":\"Not\u00edcias em Destaque\",\"@id\":\"https:\/\/noticiasemdestaque.com\/cd\/#\/schema\/person\/47f7d4f55eec17c6b2ca036c5500f6ce\"},\"headline\":\"SUS amplia preven\u00e7\u00e3o contra casos de Aids\",\"datePublished\":\"2017-05-25T22:24:43+00:00\",\"mainEntityOfPage\":{\"@id\":\"https:\/\/noticiasemdestaque.com\/cd\/?p=34\"},\"wordCount\":865,\"commentCount\":0,\"publisher\":{\"@id\":\"https:\/\/noticiasemdestaque.com\/cd\/#organization\"},\"image\":{\"@id\":\"https:\/\/noticiasemdestaque.com\/cd\/?p=34#primaryimage\"},\"thumbnailUrl\":\"https:\/\/noticiasemdestaque.com\/cd\/wp-content\/uploads\/2017\/05\/cartao-sus-300x169.jpg\",\"articleSection\":[\"Sa\u00fade\"],\"inLanguage\":\"pt-BR\",\"potentialAction\":[{\"@type\":\"CommentAction\",\"name\":\"Comment\",\"target\":[\"https:\/\/noticiasemdestaque.com\/cd\/?p=34#respond\"]}]},{\"@type\":\"WebPage\",\"@id\":\"https:\/\/noticiasemdestaque.com\/cd\/?p=34\",\"url\":\"https:\/\/noticiasemdestaque.com\/cd\/?p=34\",\"name\":\"SUS amplia preven\u00e7\u00e3o contra casos de Aids - Not&iacute;cias em Destaque\",\"isPartOf\":{\"@id\":\"https:\/\/noticiasemdestaque.com\/cd\/#website\"},\"primaryImageOfPage\":{\"@id\":\"https:\/\/noticiasemdestaque.com\/cd\/?p=34#primaryimage\"},\"image\":{\"@id\":\"https:\/\/noticiasemdestaque.com\/cd\/?p=34#primaryimage\"},\"thumbnailUrl\":\"https:\/\/noticiasemdestaque.com\/cd\/wp-content\/uploads\/2017\/05\/cartao-sus-300x169.jpg\",\"datePublished\":\"2017-05-25T22:24:43+00:00\",\"breadcrumb\":{\"@id\":\"https:\/\/noticiasemdestaque.com\/cd\/?p=34#breadcrumb\"},\"inLanguage\":\"pt-BR\",\"potentialAction\":[{\"@type\":\"ReadAction\",\"target\":[\"https:\/\/noticiasemdestaque.com\/cd\/?p=34\"]}]},{\"@type\":\"ImageObject\",\"inLanguage\":\"pt-BR\",\"@id\":\"https:\/\/noticiasemdestaque.com\/cd\/?p=34#primaryimage\",\"url\":\"https:\/\/noticiasemdestaque.com\/cd\/wp-content\/uploads\/2017\/05\/cartao-sus-300x169.jpg\",\"contentUrl\":\"https:\/\/noticiasemdestaque.com\/cd\/wp-content\/uploads\/2017\/05\/cartao-sus-300x169.jpg\",\"width\":300,\"height\":169},{\"@type\":\"BreadcrumbList\",\"@id\":\"https:\/\/noticiasemdestaque.com\/cd\/?p=34#breadcrumb\",\"itemListElement\":[{\"@type\":\"ListItem\",\"position\":1,\"name\":\"In\u00edcio\",\"item\":\"https:\/\/noticiasemdestaque.com\/cd\/\"},{\"@type\":\"ListItem\",\"position\":2,\"name\":\"SUS amplia preven\u00e7\u00e3o contra casos de Aids\"}]},{\"@type\":\"WebSite\",\"@id\":\"https:\/\/noticiasemdestaque.com\/cd\/#website\",\"url\":\"https:\/\/noticiasemdestaque.com\/cd\/\",\"name\":\"Not&iacute;cias em Destaque\",\"description\":\"\",\"publisher\":{\"@id\":\"https:\/\/noticiasemdestaque.com\/cd\/#organization\"},\"potentialAction\":[{\"@type\":\"SearchAction\",\"target\":{\"@type\":\"EntryPoint\",\"urlTemplate\":\"https:\/\/noticiasemdestaque.com\/cd\/?s={search_term_string}\"},\"query-input\":{\"@type\":\"PropertyValueSpecification\",\"valueRequired\":true,\"valueName\":\"search_term_string\"}}],\"inLanguage\":\"pt-BR\"},{\"@type\":\"Organization\",\"@id\":\"https:\/\/noticiasemdestaque.com\/cd\/#organization\",\"name\":\"Not\u00edcias em Destaque\",\"url\":\"https:\/\/noticiasemdestaque.com\/cd\/\",\"logo\":{\"@type\":\"ImageObject\",\"inLanguage\":\"pt-BR\",\"@id\":\"https:\/\/noticiasemdestaque.com\/cd\/#\/schema\/logo\/image\/\",\"url\":\"https:\/\/noticiasemdestaque.com\/cd\/wp-content\/uploads\/2022\/05\/imagem-base-noticiasemdestaque.png\",\"contentUrl\":\"https:\/\/noticiasemdestaque.com\/cd\/wp-content\/uploads\/2022\/05\/imagem-base-noticiasemdestaque.png\",\"width\":1200,\"height\":630,\"caption\":\"Not\u00edcias em Destaque\"},\"image\":{\"@id\":\"https:\/\/noticiasemdestaque.com\/cd\/#\/schema\/logo\/image\/\"}},{\"@type\":\"Person\",\"@id\":\"https:\/\/noticiasemdestaque.com\/cd\/#\/schema\/person\/47f7d4f55eec17c6b2ca036c5500f6ce\",\"name\":\"Not\u00edcias em Destaque\",\"url\":\"https:\/\/noticiasemdestaque.com\/cd\/?author=2\"}]}<\/script>\n<!-- \/ Yoast SEO plugin. -->","yoast_head_json":{"title":"SUS amplia preven\u00e7\u00e3o contra casos de Aids - Not&iacute;cias em Destaque","robots":{"index":"index","follow":"follow","max-snippet":"max-snippet:-1","max-image-preview":"max-image-preview:large","max-video-preview":"max-video-preview:-1"},"canonical":"https:\/\/noticiasemdestaque.com\/cd\/?p=34","og_locale":"pt_BR","og_type":"article","og_title":"SUS amplia preven\u00e7\u00e3o contra casos de Aids - Not&iacute;cias em Destaque","og_description":"O Minist\u00e9rio da Sa\u00fade anunciou ontem a incorpora\u00e7\u00e3o no SUS de tratamento que previne a infec\u00e7\u00e3o pelo HIV. A terapia ser\u00e1 ofertada a grupos mais expostos ao risco, como homens que fazem sexo com homens e profissionais do sexo. O tratamento consiste na administra\u00e7\u00e3o di\u00e1ria do antirretroviral Truvada, que \u00e9 uma combina\u00e7\u00e3o de outros dois medicamentos (tenofovir e emtricitabina), em pessoas n\u00e3o infectadas pelo HIV que mant\u00eam rela\u00e7\u00f5es de risco. No primeiro ano, o tratamento estar\u00e1 dispon\u00edvel para 7.000 pessoas, n\u00famero que foi tido como insuficiente por especialistas durante discuss\u00e3o sobre o assunto na Conitec (Comiss\u00e3o Nacional de Incorpora\u00e7\u00e3o de Tecnologias), que recomendou a terapia. Segundo eles, o c\u00e1lculo de 7.000 s\u00f3 atingiria 3,8% dos homens gays e bis -trans, travestis e heterossexuais n\u00e3o entrariam nesse c\u00e1lculo. Estimativa feita nos EUA prev\u00ea que um quarto dos homens que fazem sexo com homens teriam recomenda\u00e7\u00e3o para usar a a chamada \u201cprep\u201d (da sigla em ingl\u00eas para profilaxia pr\u00e9-exposi\u00e7\u00e3o). Se a mesma propor\u00e7\u00e3o fosse usada no Brasil, mais de 220 mil pessoas deveriam receber a terapia. Desde 2012 a OMS (Organiza\u00e7\u00e3o Mundial de Sa\u00fade) recomenda a oferta de prep para casais sorodiscordantes (ou seja, em que um dos parceiros tem HIV), homens que fazem sexo com homens, profissionais do sexo e transg\u00eaneros (travestis e transexuais). As taxas de preval\u00eancia de HIV s\u00e3o mais elevadas nesses subgrupos populacionais (varia de 5% a 10%), quando comparadas \u00e0s taxas na popula\u00e7\u00e3o geral (0,4%). No an\u00fancio de ontem, o minist\u00e9rio n\u00e3o informou quais grupos de risco ter\u00e3o prioridade na indica\u00e7\u00e3o da droga. Para isso, segundo o \u00f3rg\u00e3o, profissionais da sa\u00fade v\u00e3o realizar uma avalia\u00e7\u00e3o da vulnerabilidade do paciente. \u201cUma s\u00e9rie de crit\u00e9rios deve ser levada em conta antes da indica\u00e7\u00e3o da prep, como o n\u00famero de parceiros sexuais, os outros m\u00e9todos de preven\u00e7\u00e3o utilizados, o compromisso com a ades\u00e3o ao medicamento, entre outros\u201d, afirmou Adele Benzaken, diretora do Departamento de DST, Aids e Hepatites Virais do Minist\u00e9rio da Sa\u00fade. Para o infectologista Esper Kall\u00e1s, professor e pesquisador da USP, a quantidade inicial prevista de comprimidos no Brasil n\u00e3o \u00e9 problema porque a oferta poder\u00e1 ser redimensionada conforme a demanda. \u201cA incorpora\u00e7\u00e3o \u00e9 um grande avan\u00e7o. H\u00e1 dez anos, \u00e9ramos chamados de loucos, anti\u00e9ticos, havia preconceito. Ver isso sendo transformado em realidade \u00e9 show.\u201d O investimento inicial do Minist\u00e9rio da Sa\u00fade ser\u00e1 de US$ 1,9 milh\u00e3o na compra de 2,5 milh\u00f5es de comprimidos, o que deve atender a demanda pelo per\u00edodo de um ano. A distribui\u00e7\u00e3o da terapia no SUS come\u00e7a em 180 dias. Mario Scheffer, professor do departamento de sa\u00fade preventiva da USP, afirma que, pelo fato de a patente do Truvada estar em dom\u00ednio p\u00fablico, fica aberto o caminho para os gen\u00e9ricos, o que reduziria o custo. Ainda cabe recurso da farmac\u00eautica Gilead, fabricante da droga. Segundo ele, muitos dos grupos vulner\u00e1veis ainda n\u00e3o foram sequer informados sobre a distribui\u00e7\u00e3o ou do que se trata a prep. \u201cVai ter campanha dirigida aos mais vulner\u00e1veis informando sobre o novo direito? Faz tempo que o Minist\u00e9rio da Sa\u00fade censurou campanhas dirigidas aos homossexuais e profissionais do sexo\u201d, diz Scheffer. Efeitos colaterais Nos \u00faltimos anos, a discuss\u00e3o sobre a oferta da prep no SUS gerou questionamentos sobre a possibilidade de a terapia criar resist\u00eancia ou causar efeitos colaterais em pessoas saud\u00e1veis, que, dificilmente, seriam convencidas a fazer uso di\u00e1rio de um rem\u00e9dio. Para Esper Kall\u00e1s, a profilaxia provoca poucos efeitos colaterais. \u201cS\u00e3o facilmente administr\u00e1veis.\u201d Ele diz que outra grande vantagem da prep \u00e9 trazer essas pessoas para o centro de assist\u00eancia. \u201cN\u00e3o \u00e9 s\u00f3 dar o rem\u00e9dio e prevenir os efeitos colaterais, \u00e9 dar aconselhamento sobre o uso da camisinha e o teste de HIV com frequ\u00eancia, reduzir o n\u00famero de parceiros. \u00c9 uma a\u00e7\u00e3o em sa\u00fade p\u00fablica.\u201d Para Kall\u00e1s, a rela\u00e7\u00e3o de custo e benef\u00edcio da droga \u00e9 alt\u00edssima porque, ao prevenir uma infec\u00e7\u00e3o nessa popula\u00e7\u00e3o vulner\u00e1vel, v\u00e1rias outras pessoas estar\u00e3o sendo poupadas do risco de se infectar com o v\u00edrus. A preven\u00e7\u00e3o ser\u00e1 ofertada nos servi\u00e7os do SUS que j\u00e1 trabalham com preven\u00e7\u00e3o do HIV. Segundo o minist\u00e9rio, a prep s\u00f3 ser\u00e1 indicada ap\u00f3s testagem do paciente para HIV, uma vez que ela \u00e9 contraindicada para pessoas j\u00e1 infectadas pelo v\u00edrus. Nesses casos, ela pode causar resist\u00eancia ao tratamento. Atualmente, 827 mil pessoas vivem com HIV\/Aids no pa\u00eds. Desse total, 372 mil ainda n\u00e3o est\u00e3o em tratamento, sendo que 260 mil j\u00e1 sabem que est\u00e3o infectadas e 112 mil pessoas desconhecem o fato. Com a nova medida, o Brasil se torna o primeiro pa\u00eds da Am\u00e9rica Latina a utilizar essa estrat\u00e9gia de preven\u00e7\u00e3o como pol\u00edtica de sa\u00fade p\u00fablica. &nbsp; Correio da Para\u00edba","og_url":"https:\/\/noticiasemdestaque.com\/cd\/?p=34","og_site_name":"Not&iacute;cias em Destaque","article_published_time":"2017-05-25T22:24:43+00:00","og_image":[{"width":300,"height":169,"url":"https:\/\/noticiasemdestaque.com\/cd\/wp-content\/uploads\/2017\/05\/cartao-sus-300x169.jpg","type":"image\/jpeg"}],"author":"Not\u00edcias em Destaque","twitter_card":"summary_large_image","twitter_misc":{"Escrito por":"Not\u00edcias em Destaque","Est. tempo de leitura":"4 minutos"},"schema":{"@context":"https:\/\/schema.org","@graph":[{"@type":"Article","@id":"https:\/\/noticiasemdestaque.com\/cd\/?p=34#article","isPartOf":{"@id":"https:\/\/noticiasemdestaque.com\/cd\/?p=34"},"author":{"name":"Not\u00edcias em Destaque","@id":"https:\/\/noticiasemdestaque.com\/cd\/#\/schema\/person\/47f7d4f55eec17c6b2ca036c5500f6ce"},"headline":"SUS amplia preven\u00e7\u00e3o contra casos de Aids","datePublished":"2017-05-25T22:24:43+00:00","mainEntityOfPage":{"@id":"https:\/\/noticiasemdestaque.com\/cd\/?p=34"},"wordCount":865,"commentCount":0,"publisher":{"@id":"https:\/\/noticiasemdestaque.com\/cd\/#organization"},"image":{"@id":"https:\/\/noticiasemdestaque.com\/cd\/?p=34#primaryimage"},"thumbnailUrl":"https:\/\/noticiasemdestaque.com\/cd\/wp-content\/uploads\/2017\/05\/cartao-sus-300x169.jpg","articleSection":["Sa\u00fade"],"inLanguage":"pt-BR","potentialAction":[{"@type":"CommentAction","name":"Comment","target":["https:\/\/noticiasemdestaque.com\/cd\/?p=34#respond"]}]},{"@type":"WebPage","@id":"https:\/\/noticiasemdestaque.com\/cd\/?p=34","url":"https:\/\/noticiasemdestaque.com\/cd\/?p=34","name":"SUS amplia preven\u00e7\u00e3o contra casos de Aids - Not&iacute;cias em Destaque","isPartOf":{"@id":"https:\/\/noticiasemdestaque.com\/cd\/#website"},"primaryImageOfPage":{"@id":"https:\/\/noticiasemdestaque.com\/cd\/?p=34#primaryimage"},"image":{"@id":"https:\/\/noticiasemdestaque.com\/cd\/?p=34#primaryimage"},"thumbnailUrl":"https:\/\/noticiasemdestaque.com\/cd\/wp-content\/uploads\/2017\/05\/cartao-sus-300x169.jpg","datePublished":"2017-05-25T22:24:43+00:00","breadcrumb":{"@id":"https:\/\/noticiasemdestaque.com\/cd\/?p=34#breadcrumb"},"inLanguage":"pt-BR","potentialAction":[{"@type":"ReadAction","target":["https:\/\/noticiasemdestaque.com\/cd\/?p=34"]}]},{"@type":"ImageObject","inLanguage":"pt-BR","@id":"https:\/\/noticiasemdestaque.com\/cd\/?p=34#primaryimage","url":"https:\/\/noticiasemdestaque.com\/cd\/wp-content\/uploads\/2017\/05\/cartao-sus-300x169.jpg","contentUrl":"https:\/\/noticiasemdestaque.com\/cd\/wp-content\/uploads\/2017\/05\/cartao-sus-300x169.jpg","width":300,"height":169},{"@type":"BreadcrumbList","@id":"https:\/\/noticiasemdestaque.com\/cd\/?p=34#breadcrumb","itemListElement":[{"@type":"ListItem","position":1,"name":"In\u00edcio","item":"https:\/\/noticiasemdestaque.com\/cd\/"},{"@type":"ListItem","position":2,"name":"SUS amplia preven\u00e7\u00e3o contra casos de Aids"}]},{"@type":"WebSite","@id":"https:\/\/noticiasemdestaque.com\/cd\/#website","url":"https:\/\/noticiasemdestaque.com\/cd\/","name":"Not&iacute;cias em Destaque","description":"","publisher":{"@id":"https:\/\/noticiasemdestaque.com\/cd\/#organization"},"potentialAction":[{"@type":"SearchAction","target":{"@type":"EntryPoint","urlTemplate":"https:\/\/noticiasemdestaque.com\/cd\/?s={search_term_string}"},"query-input":{"@type":"PropertyValueSpecification","valueRequired":true,"valueName":"search_term_string"}}],"inLanguage":"pt-BR"},{"@type":"Organization","@id":"https:\/\/noticiasemdestaque.com\/cd\/#organization","name":"Not\u00edcias em Destaque","url":"https:\/\/noticiasemdestaque.com\/cd\/","logo":{"@type":"ImageObject","inLanguage":"pt-BR","@id":"https:\/\/noticiasemdestaque.com\/cd\/#\/schema\/logo\/image\/","url":"https:\/\/noticiasemdestaque.com\/cd\/wp-content\/uploads\/2022\/05\/imagem-base-noticiasemdestaque.png","contentUrl":"https:\/\/noticiasemdestaque.com\/cd\/wp-content\/uploads\/2022\/05\/imagem-base-noticiasemdestaque.png","width":1200,"height":630,"caption":"Not\u00edcias em Destaque"},"image":{"@id":"https:\/\/noticiasemdestaque.com\/cd\/#\/schema\/logo\/image\/"}},{"@type":"Person","@id":"https:\/\/noticiasemdestaque.com\/cd\/#\/schema\/person\/47f7d4f55eec17c6b2ca036c5500f6ce","name":"Not\u00edcias em Destaque","url":"https:\/\/noticiasemdestaque.com\/cd\/?author=2"}]}},"jetpack_featured_media_url":"https:\/\/noticiasemdestaque.com\/cd\/wp-content\/uploads\/2017\/05\/cartao-sus-300x169.jpg","jetpack_sharing_enabled":true,"_links":{"self":[{"href":"https:\/\/noticiasemdestaque.com\/cd\/index.php?rest_route=\/wp\/v2\/posts\/34","targetHints":{"allow":["GET"]}}],"collection":[{"href":"https:\/\/noticiasemdestaque.com\/cd\/index.php?rest_route=\/wp\/v2\/posts"}],"about":[{"href":"https:\/\/noticiasemdestaque.com\/cd\/index.php?rest_route=\/wp\/v2\/types\/post"}],"author":[{"embeddable":true,"href":"https:\/\/noticiasemdestaque.com\/cd\/index.php?rest_route=\/wp\/v2\/users\/2"}],"replies":[{"embeddable":true,"href":"https:\/\/noticiasemdestaque.com\/cd\/index.php?rest_route=%2Fwp%2Fv2%2Fcomments&post=34"}],"version-history":[{"count":1,"href":"https:\/\/noticiasemdestaque.com\/cd\/index.php?rest_route=\/wp\/v2\/posts\/34\/revisions"}],"predecessor-version":[{"id":36,"href":"https:\/\/noticiasemdestaque.com\/cd\/index.php?rest_route=\/wp\/v2\/posts\/34\/revisions\/36"}],"wp:featuredmedia":[{"embeddable":true,"href":"https:\/\/noticiasemdestaque.com\/cd\/index.php?rest_route=\/wp\/v2\/media\/35"}],"wp:attachment":[{"href":"https:\/\/noticiasemdestaque.com\/cd\/index.php?rest_route=%2Fwp%2Fv2%2Fmedia&parent=34"}],"wp:term":[{"taxonomy":"category","embeddable":true,"href":"https:\/\/noticiasemdestaque.com\/cd\/index.php?rest_route=%2Fwp%2Fv2%2Fcategories&post=34"},{"taxonomy":"post_tag","embeddable":true,"href":"https:\/\/noticiasemdestaque.com\/cd\/index.php?rest_route=%2Fwp%2Fv2%2Ftags&post=34"}],"curies":[{"name":"wp","href":"https:\/\/api.w.org\/{rel}","templated":true}]}}