{"id":3397,"date":"2017-08-20T20:51:11","date_gmt":"2017-08-20T23:51:11","guid":{"rendered":"http:\/\/caririemdestaque.com\/cd\/?p=3397"},"modified":"2017-08-20T20:51:11","modified_gmt":"2017-08-20T23:51:11","slug":"prefeito-de-amparo-emite-nota-de-agradecimento-aos-presentes-ao-sepultamento-de-sua-matriarca","status":"publish","type":"post","link":"https:\/\/noticiasemdestaque.com\/cd\/?p=3397","title":{"rendered":"Prefeito de Amparo emite nota de agradecimento aos presentes ao sepultamento de sua matriarca"},"content":{"rendered":"<p><a href=\"http:\/\/caririemdestaque.com\/cd\/wp-content\/uploads\/2017\/08\/inacio_nobrega-600x318-1.jpg\"><img decoding=\"async\" class=\"wp-image-3398 alignleft\" src=\"http:\/\/caririemdestaque.com\/cd\/wp-content\/uploads\/2017\/08\/inacio_nobrega-600x318-1-300x159.jpg\" alt=\"\" width=\"221\" height=\"117\" srcset=\"https:\/\/noticiasemdestaque.com\/cd\/wp-content\/uploads\/2017\/08\/inacio_nobrega-600x318-1-300x159.jpg 300w, https:\/\/noticiasemdestaque.com\/cd\/wp-content\/uploads\/2017\/08\/inacio_nobrega-600x318-1.jpg 600w\" sizes=\"(max-width: 221px) 100vw, 221px\" \/><\/a>O prefeito de Amparo, In\u00e1cio N\u00f3brega, emitiu nota de agradecimento aos presentes ao sepultamento se sua matriarca.<\/p>\n<p><strong><u>CONFIRA A NOTA: <\/u><\/strong><\/p>\n<p>Estamos aqui em forma de agradecimento a todos aqueles que compareceram ao vel\u00f3rio, ou nos deixou mensagens nas redes sociais, ou nos ligou, a todos voc\u00eas um muito obrigado.<\/p>\n<p>Quando a morte nos chega pr\u00f3xima \u00e9 que percebemos o seu gigantesco poder. Na hora da morte \u00e9 um momento muito dif\u00edcil, h\u00e1 muitas interroga\u00e7\u00f5es passando pela cabe\u00e7a, mas \u00e9 a realidade que n\u00e3o conseguimos e nem conseguiremos correr, ou mesmo nos esconder.<\/p>\n<p>Brigamos por pequenas coisas, perdemos nosso precioso tempo em picuinhas de todas as naturezas, para ao final olharmos para tr\u00e1s e ter a n\u00edtida impress\u00e3o que poderia ter sido diferente. A morte est\u00e1 para nos ensinar. Vivamos felizes o agora porque o amanh\u00e3 a Deus lhe \u00e9 dado o poder da decis\u00e3o.<\/p>\n<p>Muitos dizem que a morte \u00e9 um mist\u00e9rio, talvez seja. Mist\u00e9rio maior n\u00e3o seria o nascimento? De onde viemos? De onde tiramos todos estes atributos que nos s\u00e3o inerentes? Se existe um espa\u00e7o onde estivemos antes do nascimento certamente ap\u00f3s a \u00faltima batida do cora\u00e7\u00e3o para l\u00e1 retornaremos. Acreditar que Deus esteja nos esperando de bra\u00e7os abertos, n\u00e3o seria muita pretens\u00e3o da nossa parte, somos pequenos demais para tanto. Acreditar, sim, em uma nova etapa, em uma nova sala de aula para nossos esp\u00edritos necessitados de conhecimento, talvez seja o mais sensato. Como poderemos querer conhecer Deus, se n\u00e3o nos conhecemos?<\/p>\n<p>Que Deus ilumine Nossa M\u00e3e, \u00a0Tertuliana Maria da N\u00f3brega, neste novo caminho que come\u00e7a a trilhar.<\/p>\n<p><em>In\u00e1cio N\u00f3brega- Prefeito de Amparo<\/em><\/p>\n<p><strong><em>Cariri em Destaque<\/em><\/strong><\/p>\n<p>Com Ascom<\/p>\n","protected":false},"excerpt":{"rendered":"<p>O prefeito de Amparo, In\u00e1cio N\u00f3brega, emitiu nota de agradecimento aos presentes ao sepultamento se sua matriarca. CONFIRA A NOTA: Estamos aqui em forma de agradecimento a todos aqueles que compareceram ao vel\u00f3rio, ou nos deixou mensagens nas redes sociais, ou nos ligou, a todos voc\u00eas um muito obrigado. Quando a morte nos chega pr\u00f3xima \u00e9 que percebemos o seu gigantesco poder. Na hora da morte \u00e9 um momento muito dif\u00edcil, h\u00e1 muitas interroga\u00e7\u00f5es passando pela cabe\u00e7a, mas \u00e9 a realidade que n\u00e3o conseguimos e nem conseguiremos correr, ou mesmo nos esconder. Brigamos por pequenas coisas, perdemos nosso precioso tempo em picuinhas de todas as naturezas, para ao final olharmos para tr\u00e1s e ter a n\u00edtida impress\u00e3o que poderia ter sido diferente. A morte est\u00e1 para nos ensinar. Vivamos felizes o agora porque o amanh\u00e3 a Deus lhe \u00e9 dado o poder da decis\u00e3o. Muitos dizem que a morte \u00e9 um mist\u00e9rio, talvez seja. Mist\u00e9rio maior n\u00e3o seria o nascimento? De onde viemos? De onde tiramos todos estes atributos que nos s\u00e3o inerentes? Se existe um espa\u00e7o onde estivemos antes do nascimento certamente ap\u00f3s a \u00faltima batida do cora\u00e7\u00e3o para l\u00e1 retornaremos. Acreditar que Deus esteja nos esperando de bra\u00e7os abertos, n\u00e3o seria muita pretens\u00e3o da nossa parte, somos pequenos demais para tanto. Acreditar, sim, em uma nova etapa, em uma nova sala de aula para nossos esp\u00edritos necessitados de conhecimento, talvez seja o mais sensato. Como poderemos querer conhecer Deus, se n\u00e3o nos conhecemos? Que Deus ilumine Nossa M\u00e3e, \u00a0Tertuliana Maria da N\u00f3brega, neste novo caminho que come\u00e7a a trilhar. In\u00e1cio N\u00f3brega- Prefeito de Amparo Cariri em Destaque Com Ascom<\/p>\n","protected":false},"author":2,"featured_media":3398,"comment_status":"closed","ping_status":"open","sticky":false,"template":"","format":"standard","meta":{"_eb_attr":"","_jetpack_memberships_contains_paid_content":false,"footnotes":""},"categories":[3],"tags":[],"class_list":["post-3397","post","type-post","status-publish","format-standard","has-post-thumbnail","hentry","category-cidades"],"yoast_head":"<!-- This site is optimized with the Yoast SEO plugin v26.5 - https:\/\/yoast.com\/wordpress\/plugins\/seo\/ -->\n<title>Prefeito de Amparo emite nota de agradecimento aos presentes ao sepultamento de sua matriarca - Not&iacute;cias em Destaque<\/title>\n<meta name=\"robots\" content=\"index, follow, max-snippet:-1, max-image-preview:large, max-video-preview:-1\" \/>\n<link rel=\"canonical\" href=\"https:\/\/noticiasemdestaque.com\/cd\/?p=3397\" \/>\n<meta property=\"og:locale\" content=\"pt_BR\" \/>\n<meta property=\"og:type\" content=\"article\" \/>\n<meta property=\"og:title\" content=\"Prefeito de Amparo emite nota de agradecimento aos presentes ao sepultamento de sua matriarca - Not&iacute;cias em Destaque\" \/>\n<meta property=\"og:description\" content=\"O prefeito de Amparo, In\u00e1cio N\u00f3brega, emitiu nota de agradecimento aos presentes ao sepultamento se sua matriarca. CONFIRA A NOTA: Estamos aqui em forma de agradecimento a todos aqueles que compareceram ao vel\u00f3rio, ou nos deixou mensagens nas redes sociais, ou nos ligou, a todos voc\u00eas um muito obrigado. Quando a morte nos chega pr\u00f3xima \u00e9 que percebemos o seu gigantesco poder. Na hora da morte \u00e9 um momento muito dif\u00edcil, h\u00e1 muitas interroga\u00e7\u00f5es passando pela cabe\u00e7a, mas \u00e9 a realidade que n\u00e3o conseguimos e nem conseguiremos correr, ou mesmo nos esconder. Brigamos por pequenas coisas, perdemos nosso precioso tempo em picuinhas de todas as naturezas, para ao final olharmos para tr\u00e1s e ter a n\u00edtida impress\u00e3o que poderia ter sido diferente. A morte est\u00e1 para nos ensinar. Vivamos felizes o agora porque o amanh\u00e3 a Deus lhe \u00e9 dado o poder da decis\u00e3o. Muitos dizem que a morte \u00e9 um mist\u00e9rio, talvez seja. Mist\u00e9rio maior n\u00e3o seria o nascimento? De onde viemos? De onde tiramos todos estes atributos que nos s\u00e3o inerentes? Se existe um espa\u00e7o onde estivemos antes do nascimento certamente ap\u00f3s a \u00faltima batida do cora\u00e7\u00e3o para l\u00e1 retornaremos. Acreditar que Deus esteja nos esperando de bra\u00e7os abertos, n\u00e3o seria muita pretens\u00e3o da nossa parte, somos pequenos demais para tanto. Acreditar, sim, em uma nova etapa, em uma nova sala de aula para nossos esp\u00edritos necessitados de conhecimento, talvez seja o mais sensato. Como poderemos querer conhecer Deus, se n\u00e3o nos conhecemos? Que Deus ilumine Nossa M\u00e3e, \u00a0Tertuliana Maria da N\u00f3brega, neste novo caminho que come\u00e7a a trilhar. In\u00e1cio N\u00f3brega- Prefeito de Amparo Cariri em Destaque Com Ascom\" \/>\n<meta property=\"og:url\" content=\"https:\/\/noticiasemdestaque.com\/cd\/?p=3397\" \/>\n<meta property=\"og:site_name\" content=\"Not&iacute;cias em Destaque\" \/>\n<meta property=\"article:published_time\" content=\"2017-08-20T23:51:11+00:00\" \/>\n<meta property=\"og:image\" content=\"https:\/\/noticiasemdestaque.com\/cd\/wp-content\/uploads\/2017\/08\/inacio_nobrega-600x318-1.jpg\" \/>\n\t<meta property=\"og:image:width\" content=\"600\" \/>\n\t<meta property=\"og:image:height\" content=\"318\" \/>\n\t<meta property=\"og:image:type\" content=\"image\/jpeg\" \/>\n<meta name=\"author\" content=\"Not\u00edcias em Destaque\" \/>\n<meta name=\"twitter:card\" content=\"summary_large_image\" \/>\n<meta name=\"twitter:label1\" content=\"Escrito por\" \/>\n\t<meta name=\"twitter:data1\" content=\"Not\u00edcias em Destaque\" \/>\n\t<meta name=\"twitter:label2\" content=\"Est. tempo de leitura\" \/>\n\t<meta name=\"twitter:data2\" content=\"1 minuto\" \/>\n<script type=\"application\/ld+json\" class=\"yoast-schema-graph\">{\"@context\":\"https:\/\/schema.org\",\"@graph\":[{\"@type\":\"Article\",\"@id\":\"https:\/\/noticiasemdestaque.com\/cd\/?p=3397#article\",\"isPartOf\":{\"@id\":\"https:\/\/noticiasemdestaque.com\/cd\/?p=3397\"},\"author\":{\"name\":\"Not\u00edcias em Destaque\",\"@id\":\"https:\/\/noticiasemdestaque.com\/cd\/#\/schema\/person\/4a81fb71f77579d059c3045891fa1786\"},\"headline\":\"Prefeito de Amparo emite nota de agradecimento aos presentes ao sepultamento de sua matriarca\",\"datePublished\":\"2017-08-20T23:51:11+00:00\",\"mainEntityOfPage\":{\"@id\":\"https:\/\/noticiasemdestaque.com\/cd\/?p=3397\"},\"wordCount\":310,\"publisher\":{\"@id\":\"https:\/\/noticiasemdestaque.com\/cd\/#organization\"},\"image\":{\"@id\":\"https:\/\/noticiasemdestaque.com\/cd\/?p=3397#primaryimage\"},\"thumbnailUrl\":\"https:\/\/noticiasemdestaque.com\/cd\/wp-content\/uploads\/2017\/08\/inacio_nobrega-600x318-1.jpg\",\"articleSection\":[\"Cidades\"],\"inLanguage\":\"pt-BR\"},{\"@type\":\"WebPage\",\"@id\":\"https:\/\/noticiasemdestaque.com\/cd\/?p=3397\",\"url\":\"https:\/\/noticiasemdestaque.com\/cd\/?p=3397\",\"name\":\"Prefeito de Amparo emite nota de agradecimento aos presentes ao sepultamento de sua matriarca - Not&iacute;cias em Destaque\",\"isPartOf\":{\"@id\":\"https:\/\/noticiasemdestaque.com\/cd\/#website\"},\"primaryImageOfPage\":{\"@id\":\"https:\/\/noticiasemdestaque.com\/cd\/?p=3397#primaryimage\"},\"image\":{\"@id\":\"https:\/\/noticiasemdestaque.com\/cd\/?p=3397#primaryimage\"},\"thumbnailUrl\":\"https:\/\/noticiasemdestaque.com\/cd\/wp-content\/uploads\/2017\/08\/inacio_nobrega-600x318-1.jpg\",\"datePublished\":\"2017-08-20T23:51:11+00:00\",\"breadcrumb\":{\"@id\":\"https:\/\/noticiasemdestaque.com\/cd\/?p=3397#breadcrumb\"},\"inLanguage\":\"pt-BR\",\"potentialAction\":[{\"@type\":\"ReadAction\",\"target\":[\"https:\/\/noticiasemdestaque.com\/cd\/?p=3397\"]}]},{\"@type\":\"ImageObject\",\"inLanguage\":\"pt-BR\",\"@id\":\"https:\/\/noticiasemdestaque.com\/cd\/?p=3397#primaryimage\",\"url\":\"https:\/\/noticiasemdestaque.com\/cd\/wp-content\/uploads\/2017\/08\/inacio_nobrega-600x318-1.jpg\",\"contentUrl\":\"https:\/\/noticiasemdestaque.com\/cd\/wp-content\/uploads\/2017\/08\/inacio_nobrega-600x318-1.jpg\",\"width\":600,\"height\":318},{\"@type\":\"BreadcrumbList\",\"@id\":\"https:\/\/noticiasemdestaque.com\/cd\/?p=3397#breadcrumb\",\"itemListElement\":[{\"@type\":\"ListItem\",\"position\":1,\"name\":\"In\u00edcio\",\"item\":\"https:\/\/noticiasemdestaque.com\/cd\/\"},{\"@type\":\"ListItem\",\"position\":2,\"name\":\"Prefeito de Amparo emite nota de agradecimento aos presentes ao sepultamento de sua matriarca\"}]},{\"@type\":\"WebSite\",\"@id\":\"https:\/\/noticiasemdestaque.com\/cd\/#website\",\"url\":\"https:\/\/noticiasemdestaque.com\/cd\/\",\"name\":\"Not&iacute;cias em Destaque\",\"description\":\"\",\"publisher\":{\"@id\":\"https:\/\/noticiasemdestaque.com\/cd\/#organization\"},\"potentialAction\":[{\"@type\":\"SearchAction\",\"target\":{\"@type\":\"EntryPoint\",\"urlTemplate\":\"https:\/\/noticiasemdestaque.com\/cd\/?s={search_term_string}\"},\"query-input\":{\"@type\":\"PropertyValueSpecification\",\"valueRequired\":true,\"valueName\":\"search_term_string\"}}],\"inLanguage\":\"pt-BR\"},{\"@type\":\"Organization\",\"@id\":\"https:\/\/noticiasemdestaque.com\/cd\/#organization\",\"name\":\"Not\u00edcias em Destaque\",\"url\":\"https:\/\/noticiasemdestaque.com\/cd\/\",\"logo\":{\"@type\":\"ImageObject\",\"inLanguage\":\"pt-BR\",\"@id\":\"https:\/\/noticiasemdestaque.com\/cd\/#\/schema\/logo\/image\/\",\"url\":\"https:\/\/noticiasemdestaque.com\/cd\/wp-content\/uploads\/2022\/05\/imagem-base-noticiasemdestaque.png\",\"contentUrl\":\"https:\/\/noticiasemdestaque.com\/cd\/wp-content\/uploads\/2022\/05\/imagem-base-noticiasemdestaque.png\",\"width\":1200,\"height\":630,\"caption\":\"Not\u00edcias em Destaque\"},\"image\":{\"@id\":\"https:\/\/noticiasemdestaque.com\/cd\/#\/schema\/logo\/image\/\"}},{\"@type\":\"Person\",\"@id\":\"https:\/\/noticiasemdestaque.com\/cd\/#\/schema\/person\/4a81fb71f77579d059c3045891fa1786\",\"name\":\"Not\u00edcias em Destaque\",\"url\":\"https:\/\/noticiasemdestaque.com\/cd\/?author=2\"}]}<\/script>\n<!-- \/ Yoast SEO plugin. -->","yoast_head_json":{"title":"Prefeito de Amparo emite nota de agradecimento aos presentes ao sepultamento de sua matriarca - Not&iacute;cias em Destaque","robots":{"index":"index","follow":"follow","max-snippet":"max-snippet:-1","max-image-preview":"max-image-preview:large","max-video-preview":"max-video-preview:-1"},"canonical":"https:\/\/noticiasemdestaque.com\/cd\/?p=3397","og_locale":"pt_BR","og_type":"article","og_title":"Prefeito de Amparo emite nota de agradecimento aos presentes ao sepultamento de sua matriarca - Not&iacute;cias em Destaque","og_description":"O prefeito de Amparo, In\u00e1cio N\u00f3brega, emitiu nota de agradecimento aos presentes ao sepultamento se sua matriarca. CONFIRA A NOTA: Estamos aqui em forma de agradecimento a todos aqueles que compareceram ao vel\u00f3rio, ou nos deixou mensagens nas redes sociais, ou nos ligou, a todos voc\u00eas um muito obrigado. Quando a morte nos chega pr\u00f3xima \u00e9 que percebemos o seu gigantesco poder. Na hora da morte \u00e9 um momento muito dif\u00edcil, h\u00e1 muitas interroga\u00e7\u00f5es passando pela cabe\u00e7a, mas \u00e9 a realidade que n\u00e3o conseguimos e nem conseguiremos correr, ou mesmo nos esconder. Brigamos por pequenas coisas, perdemos nosso precioso tempo em picuinhas de todas as naturezas, para ao final olharmos para tr\u00e1s e ter a n\u00edtida impress\u00e3o que poderia ter sido diferente. A morte est\u00e1 para nos ensinar. Vivamos felizes o agora porque o amanh\u00e3 a Deus lhe \u00e9 dado o poder da decis\u00e3o. Muitos dizem que a morte \u00e9 um mist\u00e9rio, talvez seja. Mist\u00e9rio maior n\u00e3o seria o nascimento? De onde viemos? De onde tiramos todos estes atributos que nos s\u00e3o inerentes? Se existe um espa\u00e7o onde estivemos antes do nascimento certamente ap\u00f3s a \u00faltima batida do cora\u00e7\u00e3o para l\u00e1 retornaremos. Acreditar que Deus esteja nos esperando de bra\u00e7os abertos, n\u00e3o seria muita pretens\u00e3o da nossa parte, somos pequenos demais para tanto. Acreditar, sim, em uma nova etapa, em uma nova sala de aula para nossos esp\u00edritos necessitados de conhecimento, talvez seja o mais sensato. Como poderemos querer conhecer Deus, se n\u00e3o nos conhecemos? Que Deus ilumine Nossa M\u00e3e, \u00a0Tertuliana Maria da N\u00f3brega, neste novo caminho que come\u00e7a a trilhar. In\u00e1cio N\u00f3brega- Prefeito de Amparo Cariri em Destaque Com Ascom","og_url":"https:\/\/noticiasemdestaque.com\/cd\/?p=3397","og_site_name":"Not&iacute;cias em Destaque","article_published_time":"2017-08-20T23:51:11+00:00","og_image":[{"width":600,"height":318,"url":"https:\/\/noticiasemdestaque.com\/cd\/wp-content\/uploads\/2017\/08\/inacio_nobrega-600x318-1.jpg","type":"image\/jpeg"}],"author":"Not\u00edcias em Destaque","twitter_card":"summary_large_image","twitter_misc":{"Escrito por":"Not\u00edcias em Destaque","Est. tempo de leitura":"1 minuto"},"schema":{"@context":"https:\/\/schema.org","@graph":[{"@type":"Article","@id":"https:\/\/noticiasemdestaque.com\/cd\/?p=3397#article","isPartOf":{"@id":"https:\/\/noticiasemdestaque.com\/cd\/?p=3397"},"author":{"name":"Not\u00edcias em Destaque","@id":"https:\/\/noticiasemdestaque.com\/cd\/#\/schema\/person\/4a81fb71f77579d059c3045891fa1786"},"headline":"Prefeito de Amparo emite nota de agradecimento aos presentes ao sepultamento de sua matriarca","datePublished":"2017-08-20T23:51:11+00:00","mainEntityOfPage":{"@id":"https:\/\/noticiasemdestaque.com\/cd\/?p=3397"},"wordCount":310,"publisher":{"@id":"https:\/\/noticiasemdestaque.com\/cd\/#organization"},"image":{"@id":"https:\/\/noticiasemdestaque.com\/cd\/?p=3397#primaryimage"},"thumbnailUrl":"https:\/\/noticiasemdestaque.com\/cd\/wp-content\/uploads\/2017\/08\/inacio_nobrega-600x318-1.jpg","articleSection":["Cidades"],"inLanguage":"pt-BR"},{"@type":"WebPage","@id":"https:\/\/noticiasemdestaque.com\/cd\/?p=3397","url":"https:\/\/noticiasemdestaque.com\/cd\/?p=3397","name":"Prefeito de Amparo emite nota de agradecimento aos presentes ao sepultamento de sua matriarca - Not&iacute;cias em Destaque","isPartOf":{"@id":"https:\/\/noticiasemdestaque.com\/cd\/#website"},"primaryImageOfPage":{"@id":"https:\/\/noticiasemdestaque.com\/cd\/?p=3397#primaryimage"},"image":{"@id":"https:\/\/noticiasemdestaque.com\/cd\/?p=3397#primaryimage"},"thumbnailUrl":"https:\/\/noticiasemdestaque.com\/cd\/wp-content\/uploads\/2017\/08\/inacio_nobrega-600x318-1.jpg","datePublished":"2017-08-20T23:51:11+00:00","breadcrumb":{"@id":"https:\/\/noticiasemdestaque.com\/cd\/?p=3397#breadcrumb"},"inLanguage":"pt-BR","potentialAction":[{"@type":"ReadAction","target":["https:\/\/noticiasemdestaque.com\/cd\/?p=3397"]}]},{"@type":"ImageObject","inLanguage":"pt-BR","@id":"https:\/\/noticiasemdestaque.com\/cd\/?p=3397#primaryimage","url":"https:\/\/noticiasemdestaque.com\/cd\/wp-content\/uploads\/2017\/08\/inacio_nobrega-600x318-1.jpg","contentUrl":"https:\/\/noticiasemdestaque.com\/cd\/wp-content\/uploads\/2017\/08\/inacio_nobrega-600x318-1.jpg","width":600,"height":318},{"@type":"BreadcrumbList","@id":"https:\/\/noticiasemdestaque.com\/cd\/?p=3397#breadcrumb","itemListElement":[{"@type":"ListItem","position":1,"name":"In\u00edcio","item":"https:\/\/noticiasemdestaque.com\/cd\/"},{"@type":"ListItem","position":2,"name":"Prefeito de Amparo emite nota de agradecimento aos presentes ao sepultamento de sua matriarca"}]},{"@type":"WebSite","@id":"https:\/\/noticiasemdestaque.com\/cd\/#website","url":"https:\/\/noticiasemdestaque.com\/cd\/","name":"Not&iacute;cias em Destaque","description":"","publisher":{"@id":"https:\/\/noticiasemdestaque.com\/cd\/#organization"},"potentialAction":[{"@type":"SearchAction","target":{"@type":"EntryPoint","urlTemplate":"https:\/\/noticiasemdestaque.com\/cd\/?s={search_term_string}"},"query-input":{"@type":"PropertyValueSpecification","valueRequired":true,"valueName":"search_term_string"}}],"inLanguage":"pt-BR"},{"@type":"Organization","@id":"https:\/\/noticiasemdestaque.com\/cd\/#organization","name":"Not\u00edcias em Destaque","url":"https:\/\/noticiasemdestaque.com\/cd\/","logo":{"@type":"ImageObject","inLanguage":"pt-BR","@id":"https:\/\/noticiasemdestaque.com\/cd\/#\/schema\/logo\/image\/","url":"https:\/\/noticiasemdestaque.com\/cd\/wp-content\/uploads\/2022\/05\/imagem-base-noticiasemdestaque.png","contentUrl":"https:\/\/noticiasemdestaque.com\/cd\/wp-content\/uploads\/2022\/05\/imagem-base-noticiasemdestaque.png","width":1200,"height":630,"caption":"Not\u00edcias em Destaque"},"image":{"@id":"https:\/\/noticiasemdestaque.com\/cd\/#\/schema\/logo\/image\/"}},{"@type":"Person","@id":"https:\/\/noticiasemdestaque.com\/cd\/#\/schema\/person\/4a81fb71f77579d059c3045891fa1786","name":"Not\u00edcias em Destaque","url":"https:\/\/noticiasemdestaque.com\/cd\/?author=2"}]}},"jetpack_featured_media_url":"https:\/\/noticiasemdestaque.com\/cd\/wp-content\/uploads\/2017\/08\/inacio_nobrega-600x318-1.jpg","jetpack_sharing_enabled":true,"_links":{"self":[{"href":"https:\/\/noticiasemdestaque.com\/cd\/index.php?rest_route=\/wp\/v2\/posts\/3397","targetHints":{"allow":["GET"]}}],"collection":[{"href":"https:\/\/noticiasemdestaque.com\/cd\/index.php?rest_route=\/wp\/v2\/posts"}],"about":[{"href":"https:\/\/noticiasemdestaque.com\/cd\/index.php?rest_route=\/wp\/v2\/types\/post"}],"author":[{"embeddable":true,"href":"https:\/\/noticiasemdestaque.com\/cd\/index.php?rest_route=\/wp\/v2\/users\/2"}],"replies":[{"embeddable":true,"href":"https:\/\/noticiasemdestaque.com\/cd\/index.php?rest_route=%2Fwp%2Fv2%2Fcomments&post=3397"}],"version-history":[{"count":1,"href":"https:\/\/noticiasemdestaque.com\/cd\/index.php?rest_route=\/wp\/v2\/posts\/3397\/revisions"}],"predecessor-version":[{"id":3399,"href":"https:\/\/noticiasemdestaque.com\/cd\/index.php?rest_route=\/wp\/v2\/posts\/3397\/revisions\/3399"}],"wp:featuredmedia":[{"embeddable":true,"href":"https:\/\/noticiasemdestaque.com\/cd\/index.php?rest_route=\/wp\/v2\/media\/3398"}],"wp:attachment":[{"href":"https:\/\/noticiasemdestaque.com\/cd\/index.php?rest_route=%2Fwp%2Fv2%2Fmedia&parent=3397"}],"wp:term":[{"taxonomy":"category","embeddable":true,"href":"https:\/\/noticiasemdestaque.com\/cd\/index.php?rest_route=%2Fwp%2Fv2%2Fcategories&post=3397"},{"taxonomy":"post_tag","embeddable":true,"href":"https:\/\/noticiasemdestaque.com\/cd\/index.php?rest_route=%2Fwp%2Fv2%2Ftags&post=3397"}],"curies":[{"name":"wp","href":"https:\/\/api.w.org\/{rel}","templated":true}]}}